{"id":168685,"date":"2024-09-23T19:15:00","date_gmt":"2024-09-23T22:15:00","guid":{"rendered":"https:\/\/www.gaveanews.com\/?p=168685"},"modified":"2024-09-23T18:32:44","modified_gmt":"2024-09-23T21:32:44","slug":"palmeiras-tera-desfalque-importante-para-o-jogo-contra-o-atletico-mg","status":"publish","type":"post","link":"https:\/\/www.gaveanews.com\/index.php\/2024\/09\/23\/palmeiras-tera-desfalque-importante-para-o-jogo-contra-o-atletico-mg\/","title":{"rendered":"Palmeiras ter\u00e1 desfalque importante para o jogo contra o Atl\u00e9tico-MG"},"content":{"rendered":"\n<p>O Palmeiras garantiu uma vit\u00f3ria importante contra o Vasco da Gama por 1 a 0 no \u00faltimo domingo (22), em partida v\u00e1lida pela 27\u00aa rodada do Campeonato Brasileiro, realizada no Est\u00e1dio Man\u00e9 Garrincha. <\/p>\n\n\n\n<ul class=\"wp-block-list\">\n<li><a href=\"https:\/\/www.gaveanews.com\/index.php\/2024\/09\/23\/a-declaracao-de-abel-ferreira-sobre-a-arbitragem-entre-palmeiras-e-vasco\/\">A declara\u00e7\u00e3o de Abel Ferreira sobre a arbitragem entre Palmeiras e Vasco<\/a><\/li>\n\n\n\n<li><a href=\"https:\/\/www.gaveanews.com\/index.php\/2024\/09\/23\/ele-nao-perdoou-e-detonou-a-arbitragem-de-vasco-x-palmeiras\/\">Ele n\u00e3o perdoou e detonou a arbitragem de Vasco x Palmeiras<\/a><\/li>\n<\/ul>\n\n\n\n<p>O gol da vit\u00f3ria foi marcado por Flaco L\u00f3pez aos 26 minutos do primeiro tempo, consolidando o alviverde paulista na vice-lideran\u00e7a da competi\u00e7\u00e3o com 53 pontos, apenas tr\u00eas a menos que o Botafogo, que lidera a tabela.<\/p>\n\n\n\n<h2 class=\"wp-block-heading\" id=\"h-desfalque-confirmado-para-o-proximo-jogo\">Desfalque confirmado para o pr\u00f3ximo jogo<\/h2>\n\n\n\n<p>O pr\u00f3ximo desafio do Palmeiras ser\u00e1 contra o Atl\u00e9tico-MG no s\u00e1bado (28), pela 28\u00aa rodada do Brasileir\u00e3o. No entanto, o Verd\u00e3o enfrentar\u00e1 um desfalque significativo nesse confronto: o meia Richard R\u00edos recebeu o terceiro cart\u00e3o amarelo na vit\u00f3ria sobre o Vasco e, por isso, est\u00e1 suspenso para o pr\u00f3ximo jogo. <\/p>\n\n\n\n<p>Al\u00e9m disso, a situa\u00e7\u00e3o \u00e9 preocupante, pois o Palmeiras conta com mais oito jogadores pendurados, que podem ser poupados ou suspensos em partidas futuras:<\/p>\n\n\n\n<ul class=\"wp-block-list\">\n<li>Vitor Reis<\/li>\n\n\n\n<li>An\u00edbal Moreno<\/li>\n\n\n\n<li>Mauricio<\/li>\n\n\n\n<li>Weverton<\/li>\n\n\n\n<li>Gabriel Menino<\/li>\n\n\n\n<li>Marcos Rocha<\/li>\n\n\n\n<li>Est\u00eav\u00e3o<\/li>\n\n\n\n<li>Piquerez<\/li>\n<\/ul>\n\n\n\n<h2 class=\"wp-block-heading\" id=\"h-foco-exclusivo-no-campeonato-brasileiro\">Foco exclusivo no Campeonato Brasileiro<\/h2>\n\n\n\n<p>Eliminado da Copa do Brasil e da Libertadores, o Palmeiras agora concentra seus esfor\u00e7os exclusivamente no Campeonato Brasileiro, onde busca seu 13\u00ba t\u00edtulo da competi\u00e7\u00e3o. A equipe ter\u00e1 uma semana livre para se preparar adequadamente para o importante confronto contra o Atl\u00e9tico-MG.<\/p>\n\n\n\n<p>Vale destacar que o Palmeiras \u00e9 o atual bicampe\u00e3o do torneio e est\u00e1 em busca de conquistar o Campeonato Brasileiro pela terceira vez consecutiva, uma fa\u00e7anha que somente o S\u00e3o Paulo conseguiu em 2006, 2007 e 2008. A vit\u00f3ria sobre o Vasco n\u00e3o s\u00f3 mant\u00e9m a equipe viva na disputa pelo t\u00edtulo, mas tamb\u00e9m aumenta a confian\u00e7a do elenco.<\/p>\n\n\n\n<h2 class=\"wp-block-heading\" id=\"h-proximo-jogo-do-palmeiras\">Pr\u00f3ximo jogo do Palmeiras<\/h2>\n\n\n\n<p>O jogo contra o Atl\u00e9tico-MG ser\u00e1 realizado no Est\u00e1dio Brinco de Ouro da Princesa, em Campinas. Os torcedores palmeirenses esperam que a equipe mantenha o bom desempenho e minimize os efeitos da aus\u00eancia de Richard R\u00edos, al\u00e9m de enfrentar o desafio com determina\u00e7\u00e3o e foco na vit\u00f3ria, que pode ser crucial para suas ambi\u00e7\u00f5es na temporada.<\/p>\n","protected":false},"excerpt":{"rendered":"<p>O Palmeiras garantiu uma vit\u00f3ria importante contra o Vasco da Gama por 1 a 0 no \u00faltimo domingo (22), em partida v\u00e1lida pela 27\u00aa rodada do Campeonato Brasileiro, realizada no Est\u00e1dio Man\u00e9 Garrincha. O gol da vit\u00f3ria foi marcado por Flaco L\u00f3pez aos 26 minutos do primeiro tempo, consolidando o alviverde paulista na vice-lideran\u00e7a da [&hellip;]<\/p>\n","protected":false},"author":25,"featured_media":158317,"comment_status":"open","ping_status":"closed","sticky":false,"template":"","format":"standard","meta":{"footnotes":""},"categories":[150],"tags":[],"class_list":["post-168685","post","type-post","status-publish","format-standard","has-post-thumbnail","hentry","category-palmeiras"],"yoast_head":"<!-- This site is optimized with the Yoast SEO Premium plugin v24.2 (Yoast SEO v26.9) - https:\/\/yoast.com\/product\/yoast-seo-premium-wordpress\/ -->\n<title>Palmeiras ter\u00e1 desfalque importante para o jogo contra o Atl\u00e9tico-MG<\/title>\n<meta name=\"robots\" content=\"index, follow, max-snippet:-1, max-image-preview:large, max-video-preview:-1\" \/>\n<link rel=\"canonical\" href=\"https:\/\/www.gaveanews.com\/index.php\/2024\/09\/23\/palmeiras-tera-desfalque-importante-para-o-jogo-contra-o-atletico-mg\/\" \/>\n<meta property=\"og:locale\" content=\"pt_BR\" \/>\n<meta property=\"og:type\" content=\"article\" \/>\n<meta property=\"og:title\" content=\"Palmeiras ter\u00e1 desfalque importante para o jogo contra o Atl\u00e9tico-MG\" \/>\n<meta property=\"og:description\" content=\"O Palmeiras garantiu uma vit\u00f3ria importante contra o Vasco da Gama por 1 a 0 no \u00faltimo domingo (22), em partida v\u00e1lida pela 27\u00aa rodada do Campeonato Brasileiro, realizada no Est\u00e1dio Man\u00e9 Garrincha. O gol da vit\u00f3ria foi marcado por Flaco L\u00f3pez aos 26 minutos do primeiro tempo, consolidando o alviverde paulista na vice-lideran\u00e7a da [&hellip;]\" \/>\n<meta property=\"og:url\" content=\"https:\/\/www.gaveanews.com\/index.php\/2024\/09\/23\/palmeiras-tera-desfalque-importante-para-o-jogo-contra-o-atletico-mg\/\" \/>\n<meta property=\"og:site_name\" content=\"G\u00e1vea News\" \/>\n<meta property=\"article:publisher\" content=\"https:\/\/facebook.com\/gaveaNews\/\" \/>\n<meta property=\"article:published_time\" content=\"2024-09-23T22:15:00+00:00\" \/>\n<meta property=\"og:image\" content=\"https:\/\/www.gaveanews.com\/wp-content\/uploads\/Jogadores-do-Palmeiras-reunidos-durante-partida-da-Copa-do-Brasil-2024.webp\" \/>\n\t<meta property=\"og:image:width\" content=\"1187\" \/>\n\t<meta property=\"og:image:height\" content=\"792\" \/>\n\t<meta property=\"og:image:type\" content=\"image\/webp\" \/>\n<meta name=\"author\" content=\"Rafaela Ladeira\" \/>\n<meta name=\"twitter:card\" content=\"summary_large_image\" \/>\n<meta name=\"twitter:label1\" content=\"Escrito por\" \/>\n\t<meta name=\"twitter:data1\" content=\"Rafaela Ladeira\" \/>\n\t<meta name=\"twitter:label2\" content=\"Est. tempo de leitura\" \/>\n\t<meta name=\"twitter:data2\" content=\"3 minutos\" \/>\n<script type=\"application\/ld+json\" class=\"yoast-schema-graph\">{\"@context\":\"https:\/\/schema.org\",\"@graph\":[{\"@type\":\"NewsArticle\",\"@id\":\"https:\/\/www.gaveanews.com\/index.php\/2024\/09\/23\/palmeiras-tera-desfalque-importante-para-o-jogo-contra-o-atletico-mg\/#article\",\"isPartOf\":{\"@id\":\"https:\/\/www.gaveanews.com\/index.php\/2024\/09\/23\/palmeiras-tera-desfalque-importante-para-o-jogo-contra-o-atletico-mg\/\"},\"author\":{\"name\":\"Rafaela Ladeira\",\"@id\":\"https:\/\/www.gaveanews.com\/#\/schema\/person\/0eb3e3fe1754f0205218538adbe8f5ed\"},\"headline\":\"Palmeiras ter\u00e1 desfalque importante para o jogo contra o Atl\u00e9tico-MG\",\"datePublished\":\"2024-09-23T22:15:00+00:00\",\"mainEntityOfPage\":{\"@id\":\"https:\/\/www.gaveanews.com\/index.php\/2024\/09\/23\/palmeiras-tera-desfalque-importante-para-o-jogo-contra-o-atletico-mg\/\"},\"wordCount\":395,\"commentCount\":0,\"image\":{\"@id\":\"https:\/\/www.gaveanews.com\/index.php\/2024\/09\/23\/palmeiras-tera-desfalque-importante-para-o-jogo-contra-o-atletico-mg\/#primaryimage\"},\"thumbnailUrl\":\"https:\/\/www.gaveanews.com\/wp-content\/uploads\/Jogadores-do-Palmeiras-reunidos-durante-partida-da-Copa-do-Brasil-2024.webp\",\"articleSection\":[\"Palmeiras\"],\"inLanguage\":\"pt-BR\",\"potentialAction\":[{\"@type\":\"CommentAction\",\"name\":\"Comment\",\"target\":[\"https:\/\/www.gaveanews.com\/index.php\/2024\/09\/23\/palmeiras-tera-desfalque-importante-para-o-jogo-contra-o-atletico-mg\/#respond\"]}],\"copyrightYear\":\"2024\",\"copyrightHolder\":{\"@id\":\"https:\/\/www.gaveanews.com\/#organization\"}},{\"@type\":\"WebPage\",\"@id\":\"https:\/\/www.gaveanews.com\/index.php\/2024\/09\/23\/palmeiras-tera-desfalque-importante-para-o-jogo-contra-o-atletico-mg\/\",\"url\":\"https:\/\/www.gaveanews.com\/index.php\/2024\/09\/23\/palmeiras-tera-desfalque-importante-para-o-jogo-contra-o-atletico-mg\/\",\"name\":\"Palmeiras ter\u00e1 desfalque importante para o jogo contra o Atl\u00e9tico-MG\",\"isPartOf\":{\"@id\":\"https:\/\/www.gaveanews.com\/#website\"},\"primaryImageOfPage\":{\"@id\":\"https:\/\/www.gaveanews.com\/index.php\/2024\/09\/23\/palmeiras-tera-desfalque-importante-para-o-jogo-contra-o-atletico-mg\/#primaryimage\"},\"image\":{\"@id\":\"https:\/\/www.gaveanews.com\/index.php\/2024\/09\/23\/palmeiras-tera-desfalque-importante-para-o-jogo-contra-o-atletico-mg\/#primaryimage\"},\"thumbnailUrl\":\"https:\/\/www.gaveanews.com\/wp-content\/uploads\/Jogadores-do-Palmeiras-reunidos-durante-partida-da-Copa-do-Brasil-2024.webp\",\"datePublished\":\"2024-09-23T22:15:00+00:00\",\"author\":{\"@id\":\"https:\/\/www.gaveanews.com\/#\/schema\/person\/0eb3e3fe1754f0205218538adbe8f5ed\"},\"breadcrumb\":{\"@id\":\"https:\/\/www.gaveanews.com\/index.php\/2024\/09\/23\/palmeiras-tera-desfalque-importante-para-o-jogo-contra-o-atletico-mg\/#breadcrumb\"},\"inLanguage\":\"pt-BR\",\"potentialAction\":[{\"@type\":\"ReadAction\",\"target\":[\"https:\/\/www.gaveanews.com\/index.php\/2024\/09\/23\/palmeiras-tera-desfalque-importante-para-o-jogo-contra-o-atletico-mg\/\"]}]},{\"@type\":\"ImageObject\",\"inLanguage\":\"pt-BR\",\"@id\":\"https:\/\/www.gaveanews.com\/index.php\/2024\/09\/23\/palmeiras-tera-desfalque-importante-para-o-jogo-contra-o-atletico-mg\/#primaryimage\",\"url\":\"https:\/\/www.gaveanews.com\/wp-content\/uploads\/Jogadores-do-Palmeiras-reunidos-durante-partida-da-Copa-do-Brasil-2024.webp\",\"contentUrl\":\"https:\/\/www.gaveanews.com\/wp-content\/uploads\/Jogadores-do-Palmeiras-reunidos-durante-partida-da-Copa-do-Brasil-2024.webp\",\"width\":1187,\"height\":792,\"caption\":\"Jogadores do Palmeiras reunidos durante partida da Copa do Brasil 2024 (Foto: Reprodu\u00e7\u00e3o\/Palmeiras)\"},{\"@type\":\"BreadcrumbList\",\"@id\":\"https:\/\/www.gaveanews.com\/index.php\/2024\/09\/23\/palmeiras-tera-desfalque-importante-para-o-jogo-contra-o-atletico-mg\/#breadcrumb\",\"itemListElement\":[{\"@type\":\"ListItem\",\"position\":1,\"name\":\"Home\",\"item\":\"https:\/\/www.gaveanews.com\/\"},{\"@type\":\"ListItem\",\"position\":2,\"name\":\"Palmeiras ter\u00e1 desfalque importante para o jogo contra o Atl\u00e9tico-MG\"}]},{\"@type\":\"WebSite\",\"@id\":\"https:\/\/www.gaveanews.com\/#website\",\"url\":\"https:\/\/www.gaveanews.com\/\",\"name\":\"G\u00e1vea News\",\"description\":\"Veja todas as not\u00edcias sobre o Flamengo: Contrata\u00e7\u00f5es, categorias de base, resultados das partidas, tabela de classifica\u00e7\u00e3o, pr\u00f3ximos jogos!\",\"potentialAction\":[{\"@type\":\"SearchAction\",\"target\":{\"@type\":\"EntryPoint\",\"urlTemplate\":\"https:\/\/www.gaveanews.com\/?s={search_term_string}\"},\"query-input\":{\"@type\":\"PropertyValueSpecification\",\"valueRequired\":true,\"valueName\":\"search_term_string\"}}],\"inLanguage\":\"pt-BR\"},{\"@type\":\"Person\",\"@id\":\"https:\/\/www.gaveanews.com\/#\/schema\/person\/0eb3e3fe1754f0205218538adbe8f5ed\",\"name\":\"Rafaela Ladeira\",\"image\":{\"@type\":\"ImageObject\",\"inLanguage\":\"pt-BR\",\"@id\":\"https:\/\/www.gaveanews.com\/#\/schema\/person\/image\/\",\"url\":\"https:\/\/secure.gravatar.com\/avatar\/c31f513acffd85eacab5730cbdfdbbf59f21ba5aeada8cd890acea879fbb2455?s=96&d=mm&r=g\",\"contentUrl\":\"https:\/\/secure.gravatar.com\/avatar\/c31f513acffd85eacab5730cbdfdbbf59f21ba5aeada8cd890acea879fbb2455?s=96&d=mm&r=g\",\"caption\":\"Rafaela Ladeira\"}}]}<\/script>\n<!-- \/ Yoast SEO Premium plugin. -->","yoast_head_json":{"title":"Palmeiras ter\u00e1 desfalque importante para o jogo contra o Atl\u00e9tico-MG","robots":{"index":"index","follow":"follow","max-snippet":"max-snippet:-1","max-image-preview":"max-image-preview:large","max-video-preview":"max-video-preview:-1"},"canonical":"https:\/\/www.gaveanews.com\/index.php\/2024\/09\/23\/palmeiras-tera-desfalque-importante-para-o-jogo-contra-o-atletico-mg\/","og_locale":"pt_BR","og_type":"article","og_title":"Palmeiras ter\u00e1 desfalque importante para o jogo contra o Atl\u00e9tico-MG","og_description":"O Palmeiras garantiu uma vit\u00f3ria importante contra o Vasco da Gama por 1 a 0 no \u00faltimo domingo (22), em partida v\u00e1lida pela 27\u00aa rodada do Campeonato Brasileiro, realizada no Est\u00e1dio Man\u00e9 Garrincha. O gol da vit\u00f3ria foi marcado por Flaco L\u00f3pez aos 26 minutos do primeiro tempo, consolidando o alviverde paulista na vice-lideran\u00e7a da [&hellip;]","og_url":"https:\/\/www.gaveanews.com\/index.php\/2024\/09\/23\/palmeiras-tera-desfalque-importante-para-o-jogo-contra-o-atletico-mg\/","og_site_name":"G\u00e1vea News","article_publisher":"https:\/\/facebook.com\/gaveaNews\/","article_published_time":"2024-09-23T22:15:00+00:00","og_image":[{"width":1187,"height":792,"url":"https:\/\/www.gaveanews.com\/wp-content\/uploads\/Jogadores-do-Palmeiras-reunidos-durante-partida-da-Copa-do-Brasil-2024.webp","type":"image\/webp"}],"author":"Rafaela Ladeira","twitter_card":"summary_large_image","twitter_misc":{"Escrito por":"Rafaela Ladeira","Est. tempo de leitura":"3 minutos"},"schema":{"@context":"https:\/\/schema.org","@graph":[{"@type":"NewsArticle","@id":"https:\/\/www.gaveanews.com\/index.php\/2024\/09\/23\/palmeiras-tera-desfalque-importante-para-o-jogo-contra-o-atletico-mg\/#article","isPartOf":{"@id":"https:\/\/www.gaveanews.com\/index.php\/2024\/09\/23\/palmeiras-tera-desfalque-importante-para-o-jogo-contra-o-atletico-mg\/"},"author":{"name":"Rafaela Ladeira","@id":"https:\/\/www.gaveanews.com\/#\/schema\/person\/0eb3e3fe1754f0205218538adbe8f5ed"},"headline":"Palmeiras ter\u00e1 desfalque importante para o jogo contra o Atl\u00e9tico-MG","datePublished":"2024-09-23T22:15:00+00:00","mainEntityOfPage":{"@id":"https:\/\/www.gaveanews.com\/index.php\/2024\/09\/23\/palmeiras-tera-desfalque-importante-para-o-jogo-contra-o-atletico-mg\/"},"wordCount":395,"commentCount":0,"image":{"@id":"https:\/\/www.gaveanews.com\/index.php\/2024\/09\/23\/palmeiras-tera-desfalque-importante-para-o-jogo-contra-o-atletico-mg\/#primaryimage"},"thumbnailUrl":"https:\/\/www.gaveanews.com\/wp-content\/uploads\/Jogadores-do-Palmeiras-reunidos-durante-partida-da-Copa-do-Brasil-2024.webp","articleSection":["Palmeiras"],"inLanguage":"pt-BR","potentialAction":[{"@type":"CommentAction","name":"Comment","target":["https:\/\/www.gaveanews.com\/index.php\/2024\/09\/23\/palmeiras-tera-desfalque-importante-para-o-jogo-contra-o-atletico-mg\/#respond"]}],"copyrightYear":"2024","copyrightHolder":{"@id":"https:\/\/www.gaveanews.com\/#organization"}},{"@type":"WebPage","@id":"https:\/\/www.gaveanews.com\/index.php\/2024\/09\/23\/palmeiras-tera-desfalque-importante-para-o-jogo-contra-o-atletico-mg\/","url":"https:\/\/www.gaveanews.com\/index.php\/2024\/09\/23\/palmeiras-tera-desfalque-importante-para-o-jogo-contra-o-atletico-mg\/","name":"Palmeiras ter\u00e1 desfalque importante para o jogo contra o Atl\u00e9tico-MG","isPartOf":{"@id":"https:\/\/www.gaveanews.com\/#website"},"primaryImageOfPage":{"@id":"https:\/\/www.gaveanews.com\/index.php\/2024\/09\/23\/palmeiras-tera-desfalque-importante-para-o-jogo-contra-o-atletico-mg\/#primaryimage"},"image":{"@id":"https:\/\/www.gaveanews.com\/index.php\/2024\/09\/23\/palmeiras-tera-desfalque-importante-para-o-jogo-contra-o-atletico-mg\/#primaryimage"},"thumbnailUrl":"https:\/\/www.gaveanews.com\/wp-content\/uploads\/Jogadores-do-Palmeiras-reunidos-durante-partida-da-Copa-do-Brasil-2024.webp","datePublished":"2024-09-23T22:15:00+00:00","author":{"@id":"https:\/\/www.gaveanews.com\/#\/schema\/person\/0eb3e3fe1754f0205218538adbe8f5ed"},"breadcrumb":{"@id":"https:\/\/www.gaveanews.com\/index.php\/2024\/09\/23\/palmeiras-tera-desfalque-importante-para-o-jogo-contra-o-atletico-mg\/#breadcrumb"},"inLanguage":"pt-BR","potentialAction":[{"@type":"ReadAction","target":["https:\/\/www.gaveanews.com\/index.php\/2024\/09\/23\/palmeiras-tera-desfalque-importante-para-o-jogo-contra-o-atletico-mg\/"]}]},{"@type":"ImageObject","inLanguage":"pt-BR","@id":"https:\/\/www.gaveanews.com\/index.php\/2024\/09\/23\/palmeiras-tera-desfalque-importante-para-o-jogo-contra-o-atletico-mg\/#primaryimage","url":"https:\/\/www.gaveanews.com\/wp-content\/uploads\/Jogadores-do-Palmeiras-reunidos-durante-partida-da-Copa-do-Brasil-2024.webp","contentUrl":"https:\/\/www.gaveanews.com\/wp-content\/uploads\/Jogadores-do-Palmeiras-reunidos-durante-partida-da-Copa-do-Brasil-2024.webp","width":1187,"height":792,"caption":"Jogadores do Palmeiras reunidos durante partida da Copa do Brasil 2024 (Foto: Reprodu\u00e7\u00e3o\/Palmeiras)"},{"@type":"BreadcrumbList","@id":"https:\/\/www.gaveanews.com\/index.php\/2024\/09\/23\/palmeiras-tera-desfalque-importante-para-o-jogo-contra-o-atletico-mg\/#breadcrumb","itemListElement":[{"@type":"ListItem","position":1,"name":"Home","item":"https:\/\/www.gaveanews.com\/"},{"@type":"ListItem","position":2,"name":"Palmeiras ter\u00e1 desfalque importante para o jogo contra o Atl\u00e9tico-MG"}]},{"@type":"WebSite","@id":"https:\/\/www.gaveanews.com\/#website","url":"https:\/\/www.gaveanews.com\/","name":"G\u00e1vea News","description":"Veja todas as not\u00edcias sobre o Flamengo: Contrata\u00e7\u00f5es, categorias de base, resultados das partidas, tabela de classifica\u00e7\u00e3o, pr\u00f3ximos jogos!","potentialAction":[{"@type":"SearchAction","target":{"@type":"EntryPoint","urlTemplate":"https:\/\/www.gaveanews.com\/?s={search_term_string}"},"query-input":{"@type":"PropertyValueSpecification","valueRequired":true,"valueName":"search_term_string"}}],"inLanguage":"pt-BR"},{"@type":"Person","@id":"https:\/\/www.gaveanews.com\/#\/schema\/person\/0eb3e3fe1754f0205218538adbe8f5ed","name":"Rafaela Ladeira","image":{"@type":"ImageObject","inLanguage":"pt-BR","@id":"https:\/\/www.gaveanews.com\/#\/schema\/person\/image\/","url":"https:\/\/secure.gravatar.com\/avatar\/c31f513acffd85eacab5730cbdfdbbf59f21ba5aeada8cd890acea879fbb2455?s=96&d=mm&r=g","contentUrl":"https:\/\/secure.gravatar.com\/avatar\/c31f513acffd85eacab5730cbdfdbbf59f21ba5aeada8cd890acea879fbb2455?s=96&d=mm&r=g","caption":"Rafaela Ladeira"}}]}},"_links":{"self":[{"href":"https:\/\/www.gaveanews.com\/index.php\/wp-json\/wp\/v2\/posts\/168685","targetHints":{"allow":["GET"]}}],"collection":[{"href":"https:\/\/www.gaveanews.com\/index.php\/wp-json\/wp\/v2\/posts"}],"about":[{"href":"https:\/\/www.gaveanews.com\/index.php\/wp-json\/wp\/v2\/types\/post"}],"author":[{"embeddable":true,"href":"https:\/\/www.gaveanews.com\/index.php\/wp-json\/wp\/v2\/users\/25"}],"replies":[{"embeddable":true,"href":"https:\/\/www.gaveanews.com\/index.php\/wp-json\/wp\/v2\/comments?post=168685"}],"version-history":[{"count":1,"href":"https:\/\/www.gaveanews.com\/index.php\/wp-json\/wp\/v2\/posts\/168685\/revisions"}],"predecessor-version":[{"id":168686,"href":"https:\/\/www.gaveanews.com\/index.php\/wp-json\/wp\/v2\/posts\/168685\/revisions\/168686"}],"wp:featuredmedia":[{"embeddable":true,"href":"https:\/\/www.gaveanews.com\/index.php\/wp-json\/wp\/v2\/media\/158317"}],"wp:attachment":[{"href":"https:\/\/www.gaveanews.com\/index.php\/wp-json\/wp\/v2\/media?parent=168685"}],"wp:term":[{"taxonomy":"category","embeddable":true,"href":"https:\/\/www.gaveanews.com\/index.php\/wp-json\/wp\/v2\/categories?post=168685"},{"taxonomy":"post_tag","embeddable":true,"href":"https:\/\/www.gaveanews.com\/index.php\/wp-json\/wp\/v2\/tags?post=168685"}],"curies":[{"name":"wp","href":"https:\/\/api.w.org\/{rel}","templated":true}]}}