{"id":168867,"date":"2024-09-24T17:00:00","date_gmt":"2024-09-24T20:00:00","guid":{"rendered":"https:\/\/www.gaveanews.com\/?p=168867"},"modified":"2024-09-24T15:30:42","modified_gmt":"2024-09-24T18:30:42","slug":"flamengo-vai-usar-camisa-especial-em-seu-proximo-jogo","status":"publish","type":"post","link":"https:\/\/www.gaveanews.com\/index.php\/2024\/09\/24\/flamengo-vai-usar-camisa-especial-em-seu-proximo-jogo\/","title":{"rendered":"Flamengo vai usar camisa especial em seu pr\u00f3ximo jogo"},"content":{"rendered":"\n<h2 class=\"wp-block-heading\" id=\"h-o-elenco-vai-usar-blusa-especial-em-campanha\">O elenco vai usar blusa especial em campanha <\/h2>\n\n\n\n<p>No pr\u00f3ximo domingo, \u00e0s 20h (hor\u00e1rio de Bras\u00edlia), o Flamengo enfrentar\u00e1 o Athletico-PR na 28\u00aa rodada do Campeonato Brasileiro, utilizando uma camiseta especial em uma campanha voltada para a preven\u00e7\u00e3o da viol\u00eancia contra a mulher. A patrocinadora principal do clube, Pixbet, disponibilizou espa\u00e7o no uniforme para exibir a frase que d\u00e1 nome \u00e0 iniciativa:<strong> &#8220;Antes que Aconte\u00e7a&#8221;.<\/strong><\/p>\n\n\n\n<ul class=\"wp-block-list\">\n<li><a href=\"https:\/\/www.gaveanews.com\/index.php\/2024\/09\/24\/flamengo-toma-atitude-importante-sobre-o-seu-estadio\/\">Flamengo toma atitude importante sobre o seu est\u00e1dio<\/a><\/li>\n\n\n\n<li><a href=\"https:\/\/www.gaveanews.com\/index.php\/2024\/09\/24\/flamengo-toma-atitude-pouco-comum-com-gabigol\/\">Flamengo toma atitude pouco comum com Gabigol<br><\/a><\/li>\n<\/ul>\n\n\n\n<p>O Flamengo formalizou um protocolo de inten\u00e7\u00f5es para impulsionar a\u00e7\u00f5es de preven\u00e7\u00e3o e combate \u00e0 viol\u00eancia contra as mulheres, al\u00e9m de promover o fortalecimento da rede de apoio \u00e0s v\u00edtimas, alinhando-se \u00e0s diretrizes do programa <strong>&#8220;Antes que Aconte\u00e7a&#8221;,<\/strong> implementado pela Secretaria de Estado da Mulher. Na noite da \u00faltima segunda-feira, o Cristo Redentor foi iluminado em lil\u00e1s, simbolizando a luta contra a viol\u00eancia de g\u00eanero.<\/p>\n\n\n\n<p>O protocolo prev\u00ea a cria\u00e7\u00e3o de a\u00e7\u00f5es voltadas para a preven\u00e7\u00e3o e enfrentamento da viol\u00eancia contra meninas e mulheres, incluindo a realiza\u00e7\u00e3o de palestras, produ\u00e7\u00e3o de materiais educativos e a conscientiza\u00e7\u00e3o de meninos e homens.<\/p>\n\n\n\n<figure class=\"wp-block-image size-full\"><img loading=\"lazy\" decoding=\"async\" width=\"860\" height=\"484\" src=\"https:\/\/www.gaveanews.com\/wp-content\/uploads\/camisa-fla-campanha-860x484-1.webp\" alt=\"\" class=\"wp-image-168869\" srcset=\"https:\/\/www.gaveanews.com\/wp-content\/uploads\/camisa-fla-campanha-860x484-1.webp 860w, https:\/\/www.gaveanews.com\/wp-content\/uploads\/camisa-fla-campanha-860x484-1-300x169.webp 300w, https:\/\/www.gaveanews.com\/wp-content\/uploads\/camisa-fla-campanha-860x484-1-768x432.webp 768w, https:\/\/www.gaveanews.com\/wp-content\/uploads\/camisa-fla-campanha-860x484-1-746x420.webp 746w, https:\/\/www.gaveanews.com\/wp-content\/uploads\/camisa-fla-campanha-860x484-1-640x360.webp 640w, https:\/\/www.gaveanews.com\/wp-content\/uploads\/camisa-fla-campanha-860x484-1-681x383.webp 681w, https:\/\/www.gaveanews.com\/wp-content\/uploads\/camisa-fla-campanha-860x484-1-100x56.webp 100w\" sizes=\"auto, (max-width: 860px) 100vw, 860px\" \/><figcaption class=\"wp-element-caption\">Foto: Divulga\u00e7\u00e3o\n<\/figcaption><\/figure>\n\n\n\n<p>Ser\u00e3o mobilizados diversos grupos atletas, profissionais de seguran\u00e7a, equipes t\u00e9cnicas, categorias de base masculina e feminina e torcedores. A campanha centrar\u00e1 suas aten\u00e7\u00f5es no universo esportivo, e a ministra do Minist\u00e9rio das Mulheres, Cida Gon\u00e7alves, marcou presen\u00e7a no cl\u00e1ssico Flamengo x Vasco, realizado no \u00faltimo dia 15 no Maracan\u00e3.<\/p>\n\n\n\n<p>No Rio de Janeiro, o programa<strong> \u201cAntes que aconte\u00e7a\u201d <\/strong>\u00e9 supervisionado pela Secretaria de Estado da Mulher, em colabora\u00e7\u00e3o com as Secretarias de Estado de Seguran\u00e7a P\u00fablica, Sa\u00fade, Ci\u00eancia e Tecnologia, al\u00e9m do Tribunal de Justi\u00e7a do Rio de Janeiro (TJRJ).<\/p>\n\n\n\n<p>A meta \u00e9 integrar tecnologia e inova\u00e7\u00e3o para monitorar mulheres que sofrem viol\u00eancia dom\u00e9stica e familiar. Tamb\u00e9m ser\u00e1 feita a atualiza\u00e7\u00e3o das ferramentas j\u00e1 dispon\u00edveis, como o aplicativo<strong> &#8220;Rede Mulher&#8221;, <\/strong>que conta com o <strong>\u201cbot\u00e3o do p\u00e2nico\u201d <\/strong>e outras funcionalidades.<\/p>\n","protected":false},"excerpt":{"rendered":"<p>Flamengo vai usar camisa especial em seu pr\u00f3ximo jogo<\/p>\n","protected":false},"author":16,"featured_media":168459,"comment_status":"open","ping_status":"closed","sticky":false,"template":"","format":"standard","meta":{"footnotes":""},"categories":[1],"tags":[],"class_list":["post-168867","post","type-post","status-publish","format-standard","has-post-thumbnail","hentry","category-flamengo"],"yoast_head":"<!-- This site is optimized with the Yoast SEO Premium plugin v24.2 (Yoast SEO v26.9) - https:\/\/yoast.com\/product\/yoast-seo-premium-wordpress\/ -->\n<title>Flamengo vai usar camisa especial em seu pr\u00f3ximo jogo<\/title>\n<meta name=\"description\" content=\"Flamengo vai usar camisa especial em seu pr\u00f3ximo jogo\" \/>\n<meta name=\"robots\" content=\"index, follow, max-snippet:-1, max-image-preview:large, max-video-preview:-1\" \/>\n<link rel=\"canonical\" href=\"https:\/\/www.gaveanews.com\/index.php\/2024\/09\/24\/flamengo-vai-usar-camisa-especial-em-seu-proximo-jogo\/\" \/>\n<meta property=\"og:locale\" content=\"pt_BR\" \/>\n<meta property=\"og:type\" content=\"article\" \/>\n<meta property=\"og:title\" content=\"Flamengo vai usar camisa especial em seu pr\u00f3ximo jogo\" \/>\n<meta property=\"og:description\" content=\"Flamengo vai usar camisa especial em seu pr\u00f3ximo jogo\" \/>\n<meta property=\"og:url\" content=\"https:\/\/www.gaveanews.com\/index.php\/2024\/09\/24\/flamengo-vai-usar-camisa-especial-em-seu-proximo-jogo\/\" \/>\n<meta property=\"og:site_name\" content=\"G\u00e1vea News\" \/>\n<meta property=\"article:publisher\" content=\"https:\/\/facebook.com\/gaveaNews\/\" \/>\n<meta property=\"article:published_time\" content=\"2024-09-24T20:00:00+00:00\" \/>\n<meta property=\"og:image\" content=\"https:\/\/www.gaveanews.com\/wp-content\/uploads\/Flamengo-em-jogo-contra-o-Gremio-na-Arena-do-Gremio-pelo-Campeonato-Brasileiro.webp\" \/>\n\t<meta property=\"og:image:width\" content=\"644\" \/>\n\t<meta property=\"og:image:height\" content=\"423\" \/>\n\t<meta property=\"og:image:type\" content=\"image\/jpeg\" \/>\n<meta name=\"author\" content=\"D\u00e9bora Figueiredo\" \/>\n<meta name=\"twitter:card\" content=\"summary_large_image\" \/>\n<meta name=\"twitter:label1\" content=\"Escrito por\" \/>\n\t<meta name=\"twitter:data1\" content=\"D\u00e9bora Figueiredo\" \/>\n\t<meta name=\"twitter:label2\" content=\"Est. tempo de leitura\" \/>\n\t<meta name=\"twitter:data2\" content=\"2 minutos\" \/>\n<script type=\"application\/ld+json\" class=\"yoast-schema-graph\">{\"@context\":\"https:\/\/schema.org\",\"@graph\":[{\"@type\":\"NewsArticle\",\"@id\":\"https:\/\/www.gaveanews.com\/index.php\/2024\/09\/24\/flamengo-vai-usar-camisa-especial-em-seu-proximo-jogo\/#article\",\"isPartOf\":{\"@id\":\"https:\/\/www.gaveanews.com\/index.php\/2024\/09\/24\/flamengo-vai-usar-camisa-especial-em-seu-proximo-jogo\/\"},\"author\":{\"name\":\"D\u00e9bora Figueiredo\",\"@id\":\"https:\/\/www.gaveanews.com\/#\/schema\/person\/37122681a8575a5c8db05a56f099a5e4\"},\"headline\":\"Flamengo vai usar camisa especial em seu pr\u00f3ximo jogo\",\"datePublished\":\"2024-09-24T20:00:00+00:00\",\"mainEntityOfPage\":{\"@id\":\"https:\/\/www.gaveanews.com\/index.php\/2024\/09\/24\/flamengo-vai-usar-camisa-especial-em-seu-proximo-jogo\/\"},\"wordCount\":366,\"commentCount\":0,\"image\":{\"@id\":\"https:\/\/www.gaveanews.com\/index.php\/2024\/09\/24\/flamengo-vai-usar-camisa-especial-em-seu-proximo-jogo\/#primaryimage\"},\"thumbnailUrl\":\"https:\/\/www.gaveanews.com\/wp-content\/uploads\/Flamengo-em-jogo-contra-o-Gremio-na-Arena-do-Gremio-pelo-Campeonato-Brasileiro.webp\",\"articleSection\":[\"Flamengo\"],\"inLanguage\":\"pt-BR\",\"potentialAction\":[{\"@type\":\"CommentAction\",\"name\":\"Comment\",\"target\":[\"https:\/\/www.gaveanews.com\/index.php\/2024\/09\/24\/flamengo-vai-usar-camisa-especial-em-seu-proximo-jogo\/#respond\"]}],\"copyrightYear\":\"2024\",\"copyrightHolder\":{\"@id\":\"https:\/\/www.gaveanews.com\/#organization\"}},{\"@type\":\"WebPage\",\"@id\":\"https:\/\/www.gaveanews.com\/index.php\/2024\/09\/24\/flamengo-vai-usar-camisa-especial-em-seu-proximo-jogo\/\",\"url\":\"https:\/\/www.gaveanews.com\/index.php\/2024\/09\/24\/flamengo-vai-usar-camisa-especial-em-seu-proximo-jogo\/\",\"name\":\"Flamengo vai usar camisa especial em seu pr\u00f3ximo jogo\",\"isPartOf\":{\"@id\":\"https:\/\/www.gaveanews.com\/#website\"},\"primaryImageOfPage\":{\"@id\":\"https:\/\/www.gaveanews.com\/index.php\/2024\/09\/24\/flamengo-vai-usar-camisa-especial-em-seu-proximo-jogo\/#primaryimage\"},\"image\":{\"@id\":\"https:\/\/www.gaveanews.com\/index.php\/2024\/09\/24\/flamengo-vai-usar-camisa-especial-em-seu-proximo-jogo\/#primaryimage\"},\"thumbnailUrl\":\"https:\/\/www.gaveanews.com\/wp-content\/uploads\/Flamengo-em-jogo-contra-o-Gremio-na-Arena-do-Gremio-pelo-Campeonato-Brasileiro.webp\",\"datePublished\":\"2024-09-24T20:00:00+00:00\",\"author\":{\"@id\":\"https:\/\/www.gaveanews.com\/#\/schema\/person\/37122681a8575a5c8db05a56f099a5e4\"},\"description\":\"Flamengo vai usar camisa especial em seu pr\u00f3ximo jogo\",\"breadcrumb\":{\"@id\":\"https:\/\/www.gaveanews.com\/index.php\/2024\/09\/24\/flamengo-vai-usar-camisa-especial-em-seu-proximo-jogo\/#breadcrumb\"},\"inLanguage\":\"pt-BR\",\"potentialAction\":[{\"@type\":\"ReadAction\",\"target\":[\"https:\/\/www.gaveanews.com\/index.php\/2024\/09\/24\/flamengo-vai-usar-camisa-especial-em-seu-proximo-jogo\/\"]}]},{\"@type\":\"ImageObject\",\"inLanguage\":\"pt-BR\",\"@id\":\"https:\/\/www.gaveanews.com\/index.php\/2024\/09\/24\/flamengo-vai-usar-camisa-especial-em-seu-proximo-jogo\/#primaryimage\",\"url\":\"https:\/\/www.gaveanews.com\/wp-content\/uploads\/Flamengo-em-jogo-contra-o-Gremio-na-Arena-do-Gremio-pelo-Campeonato-Brasileiro.webp\",\"contentUrl\":\"https:\/\/www.gaveanews.com\/wp-content\/uploads\/Flamengo-em-jogo-contra-o-Gremio-na-Arena-do-Gremio-pelo-Campeonato-Brasileiro.webp\",\"width\":644,\"height\":423,\"caption\":\"Flamengo em jogo contra o Gr\u00eamio, na Arena do Gr\u00eamio, pelo Campeonato Brasileiro em 2024 (Foto: Marcelo Cortes\/CRF)\"},{\"@type\":\"BreadcrumbList\",\"@id\":\"https:\/\/www.gaveanews.com\/index.php\/2024\/09\/24\/flamengo-vai-usar-camisa-especial-em-seu-proximo-jogo\/#breadcrumb\",\"itemListElement\":[{\"@type\":\"ListItem\",\"position\":1,\"name\":\"Home\",\"item\":\"https:\/\/www.gaveanews.com\/\"},{\"@type\":\"ListItem\",\"position\":2,\"name\":\"Flamengo vai usar camisa especial em seu pr\u00f3ximo jogo\"}]},{\"@type\":\"WebSite\",\"@id\":\"https:\/\/www.gaveanews.com\/#website\",\"url\":\"https:\/\/www.gaveanews.com\/\",\"name\":\"G\u00e1vea News\",\"description\":\"Veja todas as not\u00edcias sobre o Flamengo: Contrata\u00e7\u00f5es, categorias de base, resultados das partidas, tabela de classifica\u00e7\u00e3o, pr\u00f3ximos jogos!\",\"potentialAction\":[{\"@type\":\"SearchAction\",\"target\":{\"@type\":\"EntryPoint\",\"urlTemplate\":\"https:\/\/www.gaveanews.com\/?s={search_term_string}\"},\"query-input\":{\"@type\":\"PropertyValueSpecification\",\"valueRequired\":true,\"valueName\":\"search_term_string\"}}],\"inLanguage\":\"pt-BR\"},{\"@type\":\"Person\",\"@id\":\"https:\/\/www.gaveanews.com\/#\/schema\/person\/37122681a8575a5c8db05a56f099a5e4\",\"name\":\"D\u00e9bora Figueiredo\",\"image\":{\"@type\":\"ImageObject\",\"inLanguage\":\"pt-BR\",\"@id\":\"https:\/\/www.gaveanews.com\/#\/schema\/person\/image\/\",\"url\":\"https:\/\/secure.gravatar.com\/avatar\/1f44802859351588499d26f52aed1d15796ce17e67602895b72837c08018868d?s=96&d=mm&r=g\",\"contentUrl\":\"https:\/\/secure.gravatar.com\/avatar\/1f44802859351588499d26f52aed1d15796ce17e67602895b72837c08018868d?s=96&d=mm&r=g\",\"caption\":\"D\u00e9bora Figueiredo\"}}]}<\/script>\n<!-- \/ Yoast SEO Premium plugin. -->","yoast_head_json":{"title":"Flamengo vai usar camisa especial em seu pr\u00f3ximo jogo","description":"Flamengo vai usar camisa especial em seu pr\u00f3ximo jogo","robots":{"index":"index","follow":"follow","max-snippet":"max-snippet:-1","max-image-preview":"max-image-preview:large","max-video-preview":"max-video-preview:-1"},"canonical":"https:\/\/www.gaveanews.com\/index.php\/2024\/09\/24\/flamengo-vai-usar-camisa-especial-em-seu-proximo-jogo\/","og_locale":"pt_BR","og_type":"article","og_title":"Flamengo vai usar camisa especial em seu pr\u00f3ximo jogo","og_description":"Flamengo vai usar camisa especial em seu pr\u00f3ximo jogo","og_url":"https:\/\/www.gaveanews.com\/index.php\/2024\/09\/24\/flamengo-vai-usar-camisa-especial-em-seu-proximo-jogo\/","og_site_name":"G\u00e1vea News","article_publisher":"https:\/\/facebook.com\/gaveaNews\/","article_published_time":"2024-09-24T20:00:00+00:00","og_image":[{"width":644,"height":423,"url":"https:\/\/www.gaveanews.com\/wp-content\/uploads\/Flamengo-em-jogo-contra-o-Gremio-na-Arena-do-Gremio-pelo-Campeonato-Brasileiro.webp","type":"image\/jpeg"}],"author":"D\u00e9bora Figueiredo","twitter_card":"summary_large_image","twitter_misc":{"Escrito por":"D\u00e9bora Figueiredo","Est. tempo de leitura":"2 minutos"},"schema":{"@context":"https:\/\/schema.org","@graph":[{"@type":"NewsArticle","@id":"https:\/\/www.gaveanews.com\/index.php\/2024\/09\/24\/flamengo-vai-usar-camisa-especial-em-seu-proximo-jogo\/#article","isPartOf":{"@id":"https:\/\/www.gaveanews.com\/index.php\/2024\/09\/24\/flamengo-vai-usar-camisa-especial-em-seu-proximo-jogo\/"},"author":{"name":"D\u00e9bora Figueiredo","@id":"https:\/\/www.gaveanews.com\/#\/schema\/person\/37122681a8575a5c8db05a56f099a5e4"},"headline":"Flamengo vai usar camisa especial em seu pr\u00f3ximo jogo","datePublished":"2024-09-24T20:00:00+00:00","mainEntityOfPage":{"@id":"https:\/\/www.gaveanews.com\/index.php\/2024\/09\/24\/flamengo-vai-usar-camisa-especial-em-seu-proximo-jogo\/"},"wordCount":366,"commentCount":0,"image":{"@id":"https:\/\/www.gaveanews.com\/index.php\/2024\/09\/24\/flamengo-vai-usar-camisa-especial-em-seu-proximo-jogo\/#primaryimage"},"thumbnailUrl":"https:\/\/www.gaveanews.com\/wp-content\/uploads\/Flamengo-em-jogo-contra-o-Gremio-na-Arena-do-Gremio-pelo-Campeonato-Brasileiro.webp","articleSection":["Flamengo"],"inLanguage":"pt-BR","potentialAction":[{"@type":"CommentAction","name":"Comment","target":["https:\/\/www.gaveanews.com\/index.php\/2024\/09\/24\/flamengo-vai-usar-camisa-especial-em-seu-proximo-jogo\/#respond"]}],"copyrightYear":"2024","copyrightHolder":{"@id":"https:\/\/www.gaveanews.com\/#organization"}},{"@type":"WebPage","@id":"https:\/\/www.gaveanews.com\/index.php\/2024\/09\/24\/flamengo-vai-usar-camisa-especial-em-seu-proximo-jogo\/","url":"https:\/\/www.gaveanews.com\/index.php\/2024\/09\/24\/flamengo-vai-usar-camisa-especial-em-seu-proximo-jogo\/","name":"Flamengo vai usar camisa especial em seu pr\u00f3ximo jogo","isPartOf":{"@id":"https:\/\/www.gaveanews.com\/#website"},"primaryImageOfPage":{"@id":"https:\/\/www.gaveanews.com\/index.php\/2024\/09\/24\/flamengo-vai-usar-camisa-especial-em-seu-proximo-jogo\/#primaryimage"},"image":{"@id":"https:\/\/www.gaveanews.com\/index.php\/2024\/09\/24\/flamengo-vai-usar-camisa-especial-em-seu-proximo-jogo\/#primaryimage"},"thumbnailUrl":"https:\/\/www.gaveanews.com\/wp-content\/uploads\/Flamengo-em-jogo-contra-o-Gremio-na-Arena-do-Gremio-pelo-Campeonato-Brasileiro.webp","datePublished":"2024-09-24T20:00:00+00:00","author":{"@id":"https:\/\/www.gaveanews.com\/#\/schema\/person\/37122681a8575a5c8db05a56f099a5e4"},"description":"Flamengo vai usar camisa especial em seu pr\u00f3ximo jogo","breadcrumb":{"@id":"https:\/\/www.gaveanews.com\/index.php\/2024\/09\/24\/flamengo-vai-usar-camisa-especial-em-seu-proximo-jogo\/#breadcrumb"},"inLanguage":"pt-BR","potentialAction":[{"@type":"ReadAction","target":["https:\/\/www.gaveanews.com\/index.php\/2024\/09\/24\/flamengo-vai-usar-camisa-especial-em-seu-proximo-jogo\/"]}]},{"@type":"ImageObject","inLanguage":"pt-BR","@id":"https:\/\/www.gaveanews.com\/index.php\/2024\/09\/24\/flamengo-vai-usar-camisa-especial-em-seu-proximo-jogo\/#primaryimage","url":"https:\/\/www.gaveanews.com\/wp-content\/uploads\/Flamengo-em-jogo-contra-o-Gremio-na-Arena-do-Gremio-pelo-Campeonato-Brasileiro.webp","contentUrl":"https:\/\/www.gaveanews.com\/wp-content\/uploads\/Flamengo-em-jogo-contra-o-Gremio-na-Arena-do-Gremio-pelo-Campeonato-Brasileiro.webp","width":644,"height":423,"caption":"Flamengo em jogo contra o Gr\u00eamio, na Arena do Gr\u00eamio, pelo Campeonato Brasileiro em 2024 (Foto: Marcelo Cortes\/CRF)"},{"@type":"BreadcrumbList","@id":"https:\/\/www.gaveanews.com\/index.php\/2024\/09\/24\/flamengo-vai-usar-camisa-especial-em-seu-proximo-jogo\/#breadcrumb","itemListElement":[{"@type":"ListItem","position":1,"name":"Home","item":"https:\/\/www.gaveanews.com\/"},{"@type":"ListItem","position":2,"name":"Flamengo vai usar camisa especial em seu pr\u00f3ximo jogo"}]},{"@type":"WebSite","@id":"https:\/\/www.gaveanews.com\/#website","url":"https:\/\/www.gaveanews.com\/","name":"G\u00e1vea News","description":"Veja todas as not\u00edcias sobre o Flamengo: Contrata\u00e7\u00f5es, categorias de base, resultados das partidas, tabela de classifica\u00e7\u00e3o, pr\u00f3ximos jogos!","potentialAction":[{"@type":"SearchAction","target":{"@type":"EntryPoint","urlTemplate":"https:\/\/www.gaveanews.com\/?s={search_term_string}"},"query-input":{"@type":"PropertyValueSpecification","valueRequired":true,"valueName":"search_term_string"}}],"inLanguage":"pt-BR"},{"@type":"Person","@id":"https:\/\/www.gaveanews.com\/#\/schema\/person\/37122681a8575a5c8db05a56f099a5e4","name":"D\u00e9bora Figueiredo","image":{"@type":"ImageObject","inLanguage":"pt-BR","@id":"https:\/\/www.gaveanews.com\/#\/schema\/person\/image\/","url":"https:\/\/secure.gravatar.com\/avatar\/1f44802859351588499d26f52aed1d15796ce17e67602895b72837c08018868d?s=96&d=mm&r=g","contentUrl":"https:\/\/secure.gravatar.com\/avatar\/1f44802859351588499d26f52aed1d15796ce17e67602895b72837c08018868d?s=96&d=mm&r=g","caption":"D\u00e9bora Figueiredo"}}]}},"_links":{"self":[{"href":"https:\/\/www.gaveanews.com\/index.php\/wp-json\/wp\/v2\/posts\/168867","targetHints":{"allow":["GET"]}}],"collection":[{"href":"https:\/\/www.gaveanews.com\/index.php\/wp-json\/wp\/v2\/posts"}],"about":[{"href":"https:\/\/www.gaveanews.com\/index.php\/wp-json\/wp\/v2\/types\/post"}],"author":[{"embeddable":true,"href":"https:\/\/www.gaveanews.com\/index.php\/wp-json\/wp\/v2\/users\/16"}],"replies":[{"embeddable":true,"href":"https:\/\/www.gaveanews.com\/index.php\/wp-json\/wp\/v2\/comments?post=168867"}],"version-history":[{"count":2,"href":"https:\/\/www.gaveanews.com\/index.php\/wp-json\/wp\/v2\/posts\/168867\/revisions"}],"predecessor-version":[{"id":168870,"href":"https:\/\/www.gaveanews.com\/index.php\/wp-json\/wp\/v2\/posts\/168867\/revisions\/168870"}],"wp:featuredmedia":[{"embeddable":true,"href":"https:\/\/www.gaveanews.com\/index.php\/wp-json\/wp\/v2\/media\/168459"}],"wp:attachment":[{"href":"https:\/\/www.gaveanews.com\/index.php\/wp-json\/wp\/v2\/media?parent=168867"}],"wp:term":[{"taxonomy":"category","embeddable":true,"href":"https:\/\/www.gaveanews.com\/index.php\/wp-json\/wp\/v2\/categories?post=168867"},{"taxonomy":"post_tag","embeddable":true,"href":"https:\/\/www.gaveanews.com\/index.php\/wp-json\/wp\/v2\/tags?post=168867"}],"curies":[{"name":"wp","href":"https:\/\/api.w.org\/{rel}","templated":true}]}}