{"id":168884,"date":"2024-09-24T17:30:00","date_gmt":"2024-09-24T20:30:00","guid":{"rendered":"https:\/\/www.gaveanews.com\/?p=168884"},"modified":"2024-09-24T15:44:00","modified_gmt":"2024-09-24T18:44:00","slug":"a-declaracao-do-presidente-do-penarol-antes-do-jogo-contra-o-flamengo","status":"publish","type":"post","link":"https:\/\/www.gaveanews.com\/index.php\/2024\/09\/24\/a-declaracao-do-presidente-do-penarol-antes-do-jogo-contra-o-flamengo\/","title":{"rendered":"A declara\u00e7\u00e3o do presidente do Pe\u00f1arol antes do jogo contra o Flamengo"},"content":{"rendered":"\n<h2 class=\"wp-block-heading\" id=\"h-presidente-do-penarol-revela-mensagem-do-aguirre\">Presidente do Pe\u00f1arol revela mensagem do Aguirre<\/h2>\n\n\n\n<p>Em uma conversa com a r\u00e1dio uruguaia Sport 890, o presidente do Pe\u00f1arol, Ignacio Ruglio, compartilhou suas impress\u00f5es sobre a ansiedade que permeia a equipe antes do confronto de volta contra o Flamengo, programado para esta quinta-feira (26).<\/p>\n\n\n\n<ul class=\"wp-block-list\">\n<li><a href=\"https:\/\/www.gaveanews.com\/index.php\/2024\/09\/24\/jornalista-do-uruguai-detona-atitude-do-penarol-apos-o-jogo-contra-o-flamengo\/\">Jornalista do Uruguai detona atitude do Pe\u00f1arol ap\u00f3s o jogo contra o Flamengo<\/a><\/li>\n\n\n\n<li><a href=\"https:\/\/www.gaveanews.com\/index.php\/2024\/09\/24\/penarol-x-flamengo-vidente-crava-time-classificado\/\">Pe\u00f1arol x Flamengo: vidente crava time classificado<br><\/a><\/li>\n<\/ul>\n\n\n\n<p>Segundo o dirigente, o pensamento de todos no clube est\u00e1 voltado exclusivamente para a partida em Montevid\u00e9u, onde o time aurinegro buscar\u00e1 manter a vantagem de 1 a 0 obtida no Maracan\u00e3.<\/p>\n\n\n\n<p>O t\u00e9cnico Diego Aguirre \u00e9 um dos mais entusiasmados e, logo nas primeiras horas dessa ter\u00e7a-feira (24), enviou uma mensagem ao presidente, conforme revelou Ruglio.<\/p>\n\n\n\n<figure class=\"wp-block-image size-large\"><img loading=\"lazy\" decoding=\"async\" width=\"1024\" height=\"576\" src=\"https:\/\/www.gaveanews.com\/wp-content\/uploads\/Penarol-tera-dois-reforcos-importantes-para-o-jogo-contra-o-Flamengo-na-Libertadores-1024x576.webp\" alt=\"\" class=\"wp-image-162435\" srcset=\"https:\/\/www.gaveanews.com\/wp-content\/uploads\/Penarol-tera-dois-reforcos-importantes-para-o-jogo-contra-o-Flamengo-na-Libertadores-1024x576.webp 1024w, https:\/\/www.gaveanews.com\/wp-content\/uploads\/Penarol-tera-dois-reforcos-importantes-para-o-jogo-contra-o-Flamengo-na-Libertadores-300x169.webp 300w, https:\/\/www.gaveanews.com\/wp-content\/uploads\/Penarol-tera-dois-reforcos-importantes-para-o-jogo-contra-o-Flamengo-na-Libertadores-768x432.webp 768w, https:\/\/www.gaveanews.com\/wp-content\/uploads\/Penarol-tera-dois-reforcos-importantes-para-o-jogo-contra-o-Flamengo-na-Libertadores-747x420.webp 747w, https:\/\/www.gaveanews.com\/wp-content\/uploads\/Penarol-tera-dois-reforcos-importantes-para-o-jogo-contra-o-Flamengo-na-Libertadores-640x360.webp 640w, https:\/\/www.gaveanews.com\/wp-content\/uploads\/Penarol-tera-dois-reforcos-importantes-para-o-jogo-contra-o-Flamengo-na-Libertadores-681x383.webp 681w, https:\/\/www.gaveanews.com\/wp-content\/uploads\/Penarol-tera-dois-reforcos-importantes-para-o-jogo-contra-o-Flamengo-na-Libertadores-100x56.webp 100w, https:\/\/www.gaveanews.com\/wp-content\/uploads\/Penarol-tera-dois-reforcos-importantes-para-o-jogo-contra-o-Flamengo-na-Libertadores.webp 1200w\" sizes=\"auto, (max-width: 1024px) 100vw, 1024px\" \/><\/figure>\n\n\n\n<p><em>-O Diego hoje me acordou \u00e0s 7h30 da manh\u00e3&#8230; Mandou mensagem no meu celular: &#8216;Cara, parece que estamos vivendo um sonho, n\u00e9?, brincou o presidente, antes de elogiar o comandante.<\/em><\/p>\n\n\n\n<p><em>-Hoje, eu trabalho com ele de olhos fechados, destacou.<\/em><\/p>\n\n\n\n<p>Durante uma entrevista no \u00faltimo domingo (22), ap\u00f3s a vit\u00f3ria no Campeonato Uruguaio, Aguirre confessou que est\u00e1 enfrentando dificuldades para dormir, tamanha \u00e9 a sua ansiedade para a partida de volta contra o Flamengo.<\/p>\n\n\n\n<p><em>-A ansiedade da gente est\u00e1 grande, uma loucura. Temos que tratar de focar e fazer um grande jogo, porque ser\u00e1 duro. Muito dif\u00edcil manejar a ansiedade, custa a dormir, controlar a emo\u00e7\u00e3o. Estamos vivendo momento incr\u00edvel, mas sabemos que \u00e9 um rival tremendo. Temos que deixar tudo para ganhar, afirmou.<\/em><\/p>\n\n\n\n<p><em>-Temos uma partida em casa que vai ser espetacular, o momento com a torcida, o sonho \u00e9 grande. Vamos dar tudo, temos confian\u00e7a, acrescentou.<\/em><\/p>\n\n\n\n<p>O embate entre Pe\u00f1arol e Flamengo ocorrer\u00e1 nesta quinta-feira (26), \u00e0s 19h (hor\u00e1rio de Bras\u00edlia), pela CONMEBOL Libertadores, com transmiss\u00e3o pelo Disney+.<\/p>\n","protected":false},"excerpt":{"rendered":"<p>A declara\u00e7\u00e3o do presidente do Pe\u00f1arol antes do jogo contra o Flamengo<\/p>\n","protected":false},"author":16,"featured_media":167891,"comment_status":"open","ping_status":"closed","sticky":false,"template":"","format":"standard","meta":{"footnotes":""},"categories":[1],"tags":[],"class_list":["post-168884","post","type-post","status-publish","format-standard","has-post-thumbnail","hentry","category-flamengo"],"yoast_head":"<!-- This site is optimized with the Yoast SEO Premium plugin v24.2 (Yoast SEO v26.9) - https:\/\/yoast.com\/product\/yoast-seo-premium-wordpress\/ -->\n<title>A declara\u00e7\u00e3o do presidente do Pe\u00f1arol antes do jogo contra o Flamengo<\/title>\n<meta name=\"description\" content=\"A declara\u00e7\u00e3o do presidente do Pe\u00f1arol antes do jogo contra o Flamengo\" \/>\n<meta name=\"robots\" content=\"index, follow, max-snippet:-1, max-image-preview:large, max-video-preview:-1\" \/>\n<link rel=\"canonical\" href=\"https:\/\/www.gaveanews.com\/index.php\/2024\/09\/24\/a-declaracao-do-presidente-do-penarol-antes-do-jogo-contra-o-flamengo\/\" \/>\n<meta property=\"og:locale\" content=\"pt_BR\" \/>\n<meta property=\"og:type\" content=\"article\" \/>\n<meta property=\"og:title\" content=\"A declara\u00e7\u00e3o do presidente do Pe\u00f1arol antes do jogo contra o Flamengo\" \/>\n<meta property=\"og:description\" content=\"A declara\u00e7\u00e3o do presidente do Pe\u00f1arol antes do jogo contra o Flamengo\" \/>\n<meta property=\"og:url\" content=\"https:\/\/www.gaveanews.com\/index.php\/2024\/09\/24\/a-declaracao-do-presidente-do-penarol-antes-do-jogo-contra-o-flamengo\/\" \/>\n<meta property=\"og:site_name\" content=\"G\u00e1vea News\" \/>\n<meta property=\"article:publisher\" content=\"https:\/\/facebook.com\/gaveaNews\/\" \/>\n<meta property=\"article:published_time\" content=\"2024-09-24T20:30:00+00:00\" \/>\n<meta property=\"og:image\" content=\"https:\/\/www.gaveanews.com\/wp-content\/uploads\/Flamengo-em-jogo-contra-o-Penarol-pelas-quartas-de-final-da-Libertadores-no-Maracana.webp\" \/>\n\t<meta property=\"og:image:width\" content=\"636\" \/>\n\t<meta property=\"og:image:height\" content=\"419\" \/>\n\t<meta property=\"og:image:type\" content=\"image\/jpeg\" \/>\n<meta name=\"author\" content=\"D\u00e9bora Figueiredo\" \/>\n<meta name=\"twitter:card\" content=\"summary_large_image\" \/>\n<meta name=\"twitter:label1\" content=\"Escrito por\" \/>\n\t<meta name=\"twitter:data1\" content=\"D\u00e9bora Figueiredo\" \/>\n\t<meta name=\"twitter:label2\" content=\"Est. tempo de leitura\" \/>\n\t<meta name=\"twitter:data2\" content=\"2 minutos\" \/>\n<script type=\"application\/ld+json\" class=\"yoast-schema-graph\">{\"@context\":\"https:\/\/schema.org\",\"@graph\":[{\"@type\":\"NewsArticle\",\"@id\":\"https:\/\/www.gaveanews.com\/index.php\/2024\/09\/24\/a-declaracao-do-presidente-do-penarol-antes-do-jogo-contra-o-flamengo\/#article\",\"isPartOf\":{\"@id\":\"https:\/\/www.gaveanews.com\/index.php\/2024\/09\/24\/a-declaracao-do-presidente-do-penarol-antes-do-jogo-contra-o-flamengo\/\"},\"author\":{\"name\":\"D\u00e9bora Figueiredo\",\"@id\":\"https:\/\/www.gaveanews.com\/#\/schema\/person\/37122681a8575a5c8db05a56f099a5e4\"},\"headline\":\"A declara\u00e7\u00e3o do presidente do Pe\u00f1arol antes do jogo contra o Flamengo\",\"datePublished\":\"2024-09-24T20:30:00+00:00\",\"mainEntityOfPage\":{\"@id\":\"https:\/\/www.gaveanews.com\/index.php\/2024\/09\/24\/a-declaracao-do-presidente-do-penarol-antes-do-jogo-contra-o-flamengo\/\"},\"wordCount\":314,\"commentCount\":0,\"image\":{\"@id\":\"https:\/\/www.gaveanews.com\/index.php\/2024\/09\/24\/a-declaracao-do-presidente-do-penarol-antes-do-jogo-contra-o-flamengo\/#primaryimage\"},\"thumbnailUrl\":\"https:\/\/www.gaveanews.com\/wp-content\/uploads\/Flamengo-em-jogo-contra-o-Penarol-pelas-quartas-de-final-da-Libertadores-no-Maracana.webp\",\"articleSection\":[\"Flamengo\"],\"inLanguage\":\"pt-BR\",\"potentialAction\":[{\"@type\":\"CommentAction\",\"name\":\"Comment\",\"target\":[\"https:\/\/www.gaveanews.com\/index.php\/2024\/09\/24\/a-declaracao-do-presidente-do-penarol-antes-do-jogo-contra-o-flamengo\/#respond\"]}],\"copyrightYear\":\"2024\",\"copyrightHolder\":{\"@id\":\"https:\/\/www.gaveanews.com\/#organization\"}},{\"@type\":\"WebPage\",\"@id\":\"https:\/\/www.gaveanews.com\/index.php\/2024\/09\/24\/a-declaracao-do-presidente-do-penarol-antes-do-jogo-contra-o-flamengo\/\",\"url\":\"https:\/\/www.gaveanews.com\/index.php\/2024\/09\/24\/a-declaracao-do-presidente-do-penarol-antes-do-jogo-contra-o-flamengo\/\",\"name\":\"A declara\u00e7\u00e3o do presidente do Pe\u00f1arol antes do jogo contra o Flamengo\",\"isPartOf\":{\"@id\":\"https:\/\/www.gaveanews.com\/#website\"},\"primaryImageOfPage\":{\"@id\":\"https:\/\/www.gaveanews.com\/index.php\/2024\/09\/24\/a-declaracao-do-presidente-do-penarol-antes-do-jogo-contra-o-flamengo\/#primaryimage\"},\"image\":{\"@id\":\"https:\/\/www.gaveanews.com\/index.php\/2024\/09\/24\/a-declaracao-do-presidente-do-penarol-antes-do-jogo-contra-o-flamengo\/#primaryimage\"},\"thumbnailUrl\":\"https:\/\/www.gaveanews.com\/wp-content\/uploads\/Flamengo-em-jogo-contra-o-Penarol-pelas-quartas-de-final-da-Libertadores-no-Maracana.webp\",\"datePublished\":\"2024-09-24T20:30:00+00:00\",\"author\":{\"@id\":\"https:\/\/www.gaveanews.com\/#\/schema\/person\/37122681a8575a5c8db05a56f099a5e4\"},\"description\":\"A declara\u00e7\u00e3o do presidente do Pe\u00f1arol antes do jogo contra o Flamengo\",\"breadcrumb\":{\"@id\":\"https:\/\/www.gaveanews.com\/index.php\/2024\/09\/24\/a-declaracao-do-presidente-do-penarol-antes-do-jogo-contra-o-flamengo\/#breadcrumb\"},\"inLanguage\":\"pt-BR\",\"potentialAction\":[{\"@type\":\"ReadAction\",\"target\":[\"https:\/\/www.gaveanews.com\/index.php\/2024\/09\/24\/a-declaracao-do-presidente-do-penarol-antes-do-jogo-contra-o-flamengo\/\"]}]},{\"@type\":\"ImageObject\",\"inLanguage\":\"pt-BR\",\"@id\":\"https:\/\/www.gaveanews.com\/index.php\/2024\/09\/24\/a-declaracao-do-presidente-do-penarol-antes-do-jogo-contra-o-flamengo\/#primaryimage\",\"url\":\"https:\/\/www.gaveanews.com\/wp-content\/uploads\/Flamengo-em-jogo-contra-o-Penarol-pelas-quartas-de-final-da-Libertadores-no-Maracana.webp\",\"contentUrl\":\"https:\/\/www.gaveanews.com\/wp-content\/uploads\/Flamengo-em-jogo-contra-o-Penarol-pelas-quartas-de-final-da-Libertadores-no-Maracana.webp\",\"width\":636,\"height\":419,\"caption\":\"Flamengo em jogo contra o Pe\u00f1arol, pelas quartas de final da Libertadores, no Maracan\u00e3 (Foto: Marcelo Cortes\/CRF)\"},{\"@type\":\"BreadcrumbList\",\"@id\":\"https:\/\/www.gaveanews.com\/index.php\/2024\/09\/24\/a-declaracao-do-presidente-do-penarol-antes-do-jogo-contra-o-flamengo\/#breadcrumb\",\"itemListElement\":[{\"@type\":\"ListItem\",\"position\":1,\"name\":\"Home\",\"item\":\"https:\/\/www.gaveanews.com\/\"},{\"@type\":\"ListItem\",\"position\":2,\"name\":\"A declara\u00e7\u00e3o do presidente do Pe\u00f1arol antes do jogo contra o Flamengo\"}]},{\"@type\":\"WebSite\",\"@id\":\"https:\/\/www.gaveanews.com\/#website\",\"url\":\"https:\/\/www.gaveanews.com\/\",\"name\":\"G\u00e1vea News\",\"description\":\"Veja todas as not\u00edcias sobre o Flamengo: Contrata\u00e7\u00f5es, categorias de base, resultados das partidas, tabela de classifica\u00e7\u00e3o, pr\u00f3ximos jogos!\",\"potentialAction\":[{\"@type\":\"SearchAction\",\"target\":{\"@type\":\"EntryPoint\",\"urlTemplate\":\"https:\/\/www.gaveanews.com\/?s={search_term_string}\"},\"query-input\":{\"@type\":\"PropertyValueSpecification\",\"valueRequired\":true,\"valueName\":\"search_term_string\"}}],\"inLanguage\":\"pt-BR\"},{\"@type\":\"Person\",\"@id\":\"https:\/\/www.gaveanews.com\/#\/schema\/person\/37122681a8575a5c8db05a56f099a5e4\",\"name\":\"D\u00e9bora Figueiredo\",\"image\":{\"@type\":\"ImageObject\",\"inLanguage\":\"pt-BR\",\"@id\":\"https:\/\/www.gaveanews.com\/#\/schema\/person\/image\/\",\"url\":\"https:\/\/secure.gravatar.com\/avatar\/1f44802859351588499d26f52aed1d15796ce17e67602895b72837c08018868d?s=96&d=mm&r=g\",\"contentUrl\":\"https:\/\/secure.gravatar.com\/avatar\/1f44802859351588499d26f52aed1d15796ce17e67602895b72837c08018868d?s=96&d=mm&r=g\",\"caption\":\"D\u00e9bora Figueiredo\"}}]}<\/script>\n<!-- \/ Yoast SEO Premium plugin. -->","yoast_head_json":{"title":"A declara\u00e7\u00e3o do presidente do Pe\u00f1arol antes do jogo contra o Flamengo","description":"A declara\u00e7\u00e3o do presidente do Pe\u00f1arol antes do jogo contra o Flamengo","robots":{"index":"index","follow":"follow","max-snippet":"max-snippet:-1","max-image-preview":"max-image-preview:large","max-video-preview":"max-video-preview:-1"},"canonical":"https:\/\/www.gaveanews.com\/index.php\/2024\/09\/24\/a-declaracao-do-presidente-do-penarol-antes-do-jogo-contra-o-flamengo\/","og_locale":"pt_BR","og_type":"article","og_title":"A declara\u00e7\u00e3o do presidente do Pe\u00f1arol antes do jogo contra o Flamengo","og_description":"A declara\u00e7\u00e3o do presidente do Pe\u00f1arol antes do jogo contra o Flamengo","og_url":"https:\/\/www.gaveanews.com\/index.php\/2024\/09\/24\/a-declaracao-do-presidente-do-penarol-antes-do-jogo-contra-o-flamengo\/","og_site_name":"G\u00e1vea News","article_publisher":"https:\/\/facebook.com\/gaveaNews\/","article_published_time":"2024-09-24T20:30:00+00:00","og_image":[{"width":636,"height":419,"url":"https:\/\/www.gaveanews.com\/wp-content\/uploads\/Flamengo-em-jogo-contra-o-Penarol-pelas-quartas-de-final-da-Libertadores-no-Maracana.webp","type":"image\/jpeg"}],"author":"D\u00e9bora Figueiredo","twitter_card":"summary_large_image","twitter_misc":{"Escrito por":"D\u00e9bora Figueiredo","Est. tempo de leitura":"2 minutos"},"schema":{"@context":"https:\/\/schema.org","@graph":[{"@type":"NewsArticle","@id":"https:\/\/www.gaveanews.com\/index.php\/2024\/09\/24\/a-declaracao-do-presidente-do-penarol-antes-do-jogo-contra-o-flamengo\/#article","isPartOf":{"@id":"https:\/\/www.gaveanews.com\/index.php\/2024\/09\/24\/a-declaracao-do-presidente-do-penarol-antes-do-jogo-contra-o-flamengo\/"},"author":{"name":"D\u00e9bora Figueiredo","@id":"https:\/\/www.gaveanews.com\/#\/schema\/person\/37122681a8575a5c8db05a56f099a5e4"},"headline":"A declara\u00e7\u00e3o do presidente do Pe\u00f1arol antes do jogo contra o Flamengo","datePublished":"2024-09-24T20:30:00+00:00","mainEntityOfPage":{"@id":"https:\/\/www.gaveanews.com\/index.php\/2024\/09\/24\/a-declaracao-do-presidente-do-penarol-antes-do-jogo-contra-o-flamengo\/"},"wordCount":314,"commentCount":0,"image":{"@id":"https:\/\/www.gaveanews.com\/index.php\/2024\/09\/24\/a-declaracao-do-presidente-do-penarol-antes-do-jogo-contra-o-flamengo\/#primaryimage"},"thumbnailUrl":"https:\/\/www.gaveanews.com\/wp-content\/uploads\/Flamengo-em-jogo-contra-o-Penarol-pelas-quartas-de-final-da-Libertadores-no-Maracana.webp","articleSection":["Flamengo"],"inLanguage":"pt-BR","potentialAction":[{"@type":"CommentAction","name":"Comment","target":["https:\/\/www.gaveanews.com\/index.php\/2024\/09\/24\/a-declaracao-do-presidente-do-penarol-antes-do-jogo-contra-o-flamengo\/#respond"]}],"copyrightYear":"2024","copyrightHolder":{"@id":"https:\/\/www.gaveanews.com\/#organization"}},{"@type":"WebPage","@id":"https:\/\/www.gaveanews.com\/index.php\/2024\/09\/24\/a-declaracao-do-presidente-do-penarol-antes-do-jogo-contra-o-flamengo\/","url":"https:\/\/www.gaveanews.com\/index.php\/2024\/09\/24\/a-declaracao-do-presidente-do-penarol-antes-do-jogo-contra-o-flamengo\/","name":"A declara\u00e7\u00e3o do presidente do Pe\u00f1arol antes do jogo contra o Flamengo","isPartOf":{"@id":"https:\/\/www.gaveanews.com\/#website"},"primaryImageOfPage":{"@id":"https:\/\/www.gaveanews.com\/index.php\/2024\/09\/24\/a-declaracao-do-presidente-do-penarol-antes-do-jogo-contra-o-flamengo\/#primaryimage"},"image":{"@id":"https:\/\/www.gaveanews.com\/index.php\/2024\/09\/24\/a-declaracao-do-presidente-do-penarol-antes-do-jogo-contra-o-flamengo\/#primaryimage"},"thumbnailUrl":"https:\/\/www.gaveanews.com\/wp-content\/uploads\/Flamengo-em-jogo-contra-o-Penarol-pelas-quartas-de-final-da-Libertadores-no-Maracana.webp","datePublished":"2024-09-24T20:30:00+00:00","author":{"@id":"https:\/\/www.gaveanews.com\/#\/schema\/person\/37122681a8575a5c8db05a56f099a5e4"},"description":"A declara\u00e7\u00e3o do presidente do Pe\u00f1arol antes do jogo contra o Flamengo","breadcrumb":{"@id":"https:\/\/www.gaveanews.com\/index.php\/2024\/09\/24\/a-declaracao-do-presidente-do-penarol-antes-do-jogo-contra-o-flamengo\/#breadcrumb"},"inLanguage":"pt-BR","potentialAction":[{"@type":"ReadAction","target":["https:\/\/www.gaveanews.com\/index.php\/2024\/09\/24\/a-declaracao-do-presidente-do-penarol-antes-do-jogo-contra-o-flamengo\/"]}]},{"@type":"ImageObject","inLanguage":"pt-BR","@id":"https:\/\/www.gaveanews.com\/index.php\/2024\/09\/24\/a-declaracao-do-presidente-do-penarol-antes-do-jogo-contra-o-flamengo\/#primaryimage","url":"https:\/\/www.gaveanews.com\/wp-content\/uploads\/Flamengo-em-jogo-contra-o-Penarol-pelas-quartas-de-final-da-Libertadores-no-Maracana.webp","contentUrl":"https:\/\/www.gaveanews.com\/wp-content\/uploads\/Flamengo-em-jogo-contra-o-Penarol-pelas-quartas-de-final-da-Libertadores-no-Maracana.webp","width":636,"height":419,"caption":"Flamengo em jogo contra o Pe\u00f1arol, pelas quartas de final da Libertadores, no Maracan\u00e3 (Foto: Marcelo Cortes\/CRF)"},{"@type":"BreadcrumbList","@id":"https:\/\/www.gaveanews.com\/index.php\/2024\/09\/24\/a-declaracao-do-presidente-do-penarol-antes-do-jogo-contra-o-flamengo\/#breadcrumb","itemListElement":[{"@type":"ListItem","position":1,"name":"Home","item":"https:\/\/www.gaveanews.com\/"},{"@type":"ListItem","position":2,"name":"A declara\u00e7\u00e3o do presidente do Pe\u00f1arol antes do jogo contra o Flamengo"}]},{"@type":"WebSite","@id":"https:\/\/www.gaveanews.com\/#website","url":"https:\/\/www.gaveanews.com\/","name":"G\u00e1vea News","description":"Veja todas as not\u00edcias sobre o Flamengo: Contrata\u00e7\u00f5es, categorias de base, resultados das partidas, tabela de classifica\u00e7\u00e3o, pr\u00f3ximos jogos!","potentialAction":[{"@type":"SearchAction","target":{"@type":"EntryPoint","urlTemplate":"https:\/\/www.gaveanews.com\/?s={search_term_string}"},"query-input":{"@type":"PropertyValueSpecification","valueRequired":true,"valueName":"search_term_string"}}],"inLanguage":"pt-BR"},{"@type":"Person","@id":"https:\/\/www.gaveanews.com\/#\/schema\/person\/37122681a8575a5c8db05a56f099a5e4","name":"D\u00e9bora Figueiredo","image":{"@type":"ImageObject","inLanguage":"pt-BR","@id":"https:\/\/www.gaveanews.com\/#\/schema\/person\/image\/","url":"https:\/\/secure.gravatar.com\/avatar\/1f44802859351588499d26f52aed1d15796ce17e67602895b72837c08018868d?s=96&d=mm&r=g","contentUrl":"https:\/\/secure.gravatar.com\/avatar\/1f44802859351588499d26f52aed1d15796ce17e67602895b72837c08018868d?s=96&d=mm&r=g","caption":"D\u00e9bora Figueiredo"}}]}},"_links":{"self":[{"href":"https:\/\/www.gaveanews.com\/index.php\/wp-json\/wp\/v2\/posts\/168884","targetHints":{"allow":["GET"]}}],"collection":[{"href":"https:\/\/www.gaveanews.com\/index.php\/wp-json\/wp\/v2\/posts"}],"about":[{"href":"https:\/\/www.gaveanews.com\/index.php\/wp-json\/wp\/v2\/types\/post"}],"author":[{"embeddable":true,"href":"https:\/\/www.gaveanews.com\/index.php\/wp-json\/wp\/v2\/users\/16"}],"replies":[{"embeddable":true,"href":"https:\/\/www.gaveanews.com\/index.php\/wp-json\/wp\/v2\/comments?post=168884"}],"version-history":[{"count":1,"href":"https:\/\/www.gaveanews.com\/index.php\/wp-json\/wp\/v2\/posts\/168884\/revisions"}],"predecessor-version":[{"id":168886,"href":"https:\/\/www.gaveanews.com\/index.php\/wp-json\/wp\/v2\/posts\/168884\/revisions\/168886"}],"wp:featuredmedia":[{"embeddable":true,"href":"https:\/\/www.gaveanews.com\/index.php\/wp-json\/wp\/v2\/media\/167891"}],"wp:attachment":[{"href":"https:\/\/www.gaveanews.com\/index.php\/wp-json\/wp\/v2\/media?parent=168884"}],"wp:term":[{"taxonomy":"category","embeddable":true,"href":"https:\/\/www.gaveanews.com\/index.php\/wp-json\/wp\/v2\/categories?post=168884"},{"taxonomy":"post_tag","embeddable":true,"href":"https:\/\/www.gaveanews.com\/index.php\/wp-json\/wp\/v2\/tags?post=168884"}],"curies":[{"name":"wp","href":"https:\/\/api.w.org\/{rel}","templated":true}]}}