{"id":168889,"date":"2024-09-25T05:45:00","date_gmt":"2024-09-25T08:45:00","guid":{"rendered":"https:\/\/www.gaveanews.com\/?p=168889"},"modified":"2024-09-24T15:57:15","modified_gmt":"2024-09-24T18:57:15","slug":"ex-vasco-assina-com-o-flamengo-novidades-sobre-o-estadio-e-situacao-de-marcos-braz-veja-as-ultimas-noticias-do-flamengo","status":"publish","type":"post","link":"https:\/\/www.gaveanews.com\/index.php\/2024\/09\/25\/ex-vasco-assina-com-o-flamengo-novidades-sobre-o-estadio-e-situacao-de-marcos-braz-veja-as-ultimas-noticias-do-flamengo\/","title":{"rendered":"Ex-Vasco assina com o Flamengo, novidades sobre o est\u00e1dio e situa\u00e7\u00e3o de Marcos Braz: veja as \u00faltimas not\u00edcias do Flamengo"},"content":{"rendered":"\n<p>Nas \u00faltimas horas, o foco das not\u00edcias sobre o Flamengo se concentra nos bastidores do clube, com destaques como o ex-Vasco que assinou com o Flamengo e a situa\u00e7\u00e3o de Marcos Braz.<\/p>\n\n\n\n<p>Por conta deste contexto, leia abaixo um resumo preparado pela equipe do portal G\u00e1vea News para lhe manter muito bem informado!<\/p>\n\n\n\n<h2 class=\"wp-block-heading\" id=\"h-novidades-sobre-o-estadio\">Novidades sobre o est\u00e1dio<\/h2>\n\n\n\n<p>O Flamengo est\u00e1 avan\u00e7ando com suas estrat\u00e9gias para a constru\u00e7\u00e3o de um novo est\u00e1dio no terreno do Gas\u00f4metro, adquirido recentemente por R$ 138 milh\u00f5es. Em uma reuni\u00e3o com representantes do Metr\u00f4Rio, o clube discutiu a mobilidade na regi\u00e3o, buscando solu\u00e7\u00f5es que facilitem o acesso dos torcedores \u00e0 nova arena. O vice-presidente geral, Rodrigo Dunshee, ressaltou a import\u00e2ncia do encontro para estreitar a colabora\u00e7\u00e3o entre as institui\u00e7\u00f5es e otimizar o projeto de transporte. <a href=\"https:\/\/www.gaveanews.com\/index.php\/2024\/09\/24\/flamengo-toma-atitude-importante-sobre-o-seu-estadio\/\"><strong>(clique aqui e leia mais)<\/strong><\/a><\/p>\n\n\n\n<figure class=\"wp-block-image size-large\"><img loading=\"lazy\" decoding=\"async\" width=\"1024\" height=\"575\" src=\"https:\/\/www.gaveanews.com\/wp-content\/uploads\/Projeto-de-estadio-do-Flamengo-1-1024x575.webp\" alt=\"\" class=\"wp-image-131939\" srcset=\"https:\/\/www.gaveanews.com\/wp-content\/uploads\/Projeto-de-estadio-do-Flamengo-1-1024x575.webp 1024w, https:\/\/www.gaveanews.com\/wp-content\/uploads\/Projeto-de-estadio-do-Flamengo-1-300x168.webp 300w, https:\/\/www.gaveanews.com\/wp-content\/uploads\/Projeto-de-estadio-do-Flamengo-1-768x431.webp 768w, https:\/\/www.gaveanews.com\/wp-content\/uploads\/Projeto-de-estadio-do-Flamengo-1-1536x862.webp 1536w, https:\/\/www.gaveanews.com\/wp-content\/uploads\/Projeto-de-estadio-do-Flamengo-1-748x420.webp 748w, https:\/\/www.gaveanews.com\/wp-content\/uploads\/Projeto-de-estadio-do-Flamengo-1-1496x840.webp 1496w, https:\/\/www.gaveanews.com\/wp-content\/uploads\/Projeto-de-estadio-do-Flamengo-1-640x359.webp 640w, https:\/\/www.gaveanews.com\/wp-content\/uploads\/Projeto-de-estadio-do-Flamengo-1-1280x719.webp 1280w, https:\/\/www.gaveanews.com\/wp-content\/uploads\/Projeto-de-estadio-do-Flamengo-1-681x382.webp 681w, https:\/\/www.gaveanews.com\/wp-content\/uploads\/Projeto-de-estadio-do-Flamengo-1-1362x765.webp 1362w, https:\/\/www.gaveanews.com\/wp-content\/uploads\/Projeto-de-estadio-do-Flamengo-1-100x56.webp 100w, https:\/\/www.gaveanews.com\/wp-content\/uploads\/Projeto-de-estadio-do-Flamengo-1.webp 1920w\" sizes=\"auto, (max-width: 1024px) 100vw, 1024px\" \/><figcaption class=\"wp-element-caption\">Projeto de est\u00e1dio do Flamengo (Foto: Reprodu\u00e7\u00e3o)<\/figcaption><\/figure>\n\n\n\n<p>Ap\u00f3s a compra do terreno, o Flamengo precisou investir mais R$ 7,8 milh\u00f5es no projeto, enfrentando alguns desafios nas negocia\u00e7\u00f5es com a Caixa Econ\u00f4mica Federal, mas garantindo a ced\u00eancia total da \u00e1rea. A expectativa \u00e9 que o novo est\u00e1dio, com capacidade para 70 mil pessoas, seja inaugurado no final de 2029. O clube tamb\u00e9m est\u00e1 em busca de parcerias para a comercializa\u00e7\u00e3o dos direitos de nomea\u00e7\u00e3o do espa\u00e7o e cuida da parte est\u00e9tica da nova arena.<\/p>\n\n\n\n<p>Enquanto a constru\u00e7\u00e3o n\u00e3o \u00e9 finalizada, o Flamengo continua a realizar suas partidas no Maracan\u00e3, onde possui um contrato com o Fluminense por mais 20 anos. O pr\u00f3ximo desafio da equipe ser\u00e1 no domingo (29), quando enfrentar\u00e1 o Athletico-PR pelo Campeonato Brasileiro, mantendo a tradi\u00e7\u00e3o de jogar em um dos mais emblem\u00e1ticos est\u00e1dios do mundo.<\/p>\n\n\n\n<h2 class=\"wp-block-heading\" id=\"h-ex-vasco-assina-com-o-flamengo\">Ex-Vasco assina com o Flamengo<\/h2>\n\n\n\n<p>Na \u00faltima segunda-feira, o Flamengo anunciou Antony Menezes como novo coordenador das categorias de base do futebol feminino. O ex-t\u00e9cnico do Vasco da Gama j\u00e1 iniciou suas atividades e participou do jogo contra o Botafogo pelo Carioca Sub-20. Com uma trajet\u00f3ria de 11 anos no Vasco, onde comandou tanto a base quanto a equipe principal, Antony traz uma ampla experi\u00eancia que inclui passagens pelo Atl\u00e9tico-MG e Serrano-RJ. <a href=\"https:\/\/www.gaveanews.com\/index.php\/2024\/09\/23\/ex-treinador-do-vasco-assina-com-o-flamengo\/\"><strong>(clique aqui e leia mais)<\/strong><\/a><\/p>\n\n\n\n<figure class=\"wp-block-image size-full\"><img loading=\"lazy\" decoding=\"async\" width=\"799\" height=\"532\" src=\"https:\/\/www.gaveanews.com\/wp-content\/uploads\/flamengo.webp\" alt=\"\" class=\"wp-image-123691\" srcset=\"https:\/\/www.gaveanews.com\/wp-content\/uploads\/flamengo.webp 799w, https:\/\/www.gaveanews.com\/wp-content\/uploads\/flamengo-300x200.webp 300w, https:\/\/www.gaveanews.com\/wp-content\/uploads\/flamengo-768x511.webp 768w, https:\/\/www.gaveanews.com\/wp-content\/uploads\/flamengo-631x420.webp 631w, https:\/\/www.gaveanews.com\/wp-content\/uploads\/flamengo-640x426.webp 640w, https:\/\/www.gaveanews.com\/wp-content\/uploads\/flamengo-681x453.webp 681w, https:\/\/www.gaveanews.com\/wp-content\/uploads\/flamengo-100x67.webp 100w\" sizes=\"auto, (max-width: 799px) 100vw, 799px\" \/><figcaption class=\"wp-element-caption\">Centro de treinamento do Flamengo (Foto: Reprodu\u00e7\u00e3o)<\/figcaption><\/figure>\n\n\n\n<p>Embora a chegada de Antony tenha sido recebida com boas-vindas, a insatisfa\u00e7\u00e3o dos torcedores com o atual t\u00e9cnico da equipe principal, Maur\u00edcio Salgado, ficou evidente. Nos coment\u00e1rios da publica\u00e7\u00e3o de sua contrata\u00e7\u00e3o, muitos f\u00e3s expressaram seu descontentamento, pedindo a sa\u00edda de Salgado e sugerindo mudan\u00e7as dr\u00e1sticas na equipe profissional. As cr\u00edticas se concentram na falta de resultados satisfat\u00f3rios sob sua lideran\u00e7a.<\/p>\n\n\n\n<p>Maur\u00edcio Salgado assumiu o cargo em agosto de 2023, mas seu desempenho tem gerado desconfian\u00e7a entre os torcedores, que esperam uma melhora significativa no futebol feminino do Flamengo. A press\u00e3o sobre a comiss\u00e3o t\u00e9cnica pode intensificar \u00e0 medida que a temporada avan\u00e7a, refletindo a busca da torcida por resultados mais expressivos e uma reformula\u00e7\u00e3o na equipe.<\/p>\n\n\n\n<h2 class=\"wp-block-heading\" id=\"h-situacao-de-marcos-braz\">Situa\u00e7\u00e3o de Marcos Braz<\/h2>\n\n\n\n<p>O vice-presidente de futebol do Flamengo, Marcos Braz, voltou a ser o centro das aten\u00e7\u00f5es nas redes sociais ap\u00f3s uma postagem enigm\u00e1tica que levantou especula\u00e7\u00f5es entre os torcedores. Durante um treino no CT Ninho do Urubu, Braz gravou um v\u00eddeo em que um drone sobrevoa o campo, levando muitos a se perguntarem sobre a finalidade do equipamento. O evento rapidamente viralizou, com torcedores sugerindo que o drone poderia ser usado pela comiss\u00e3o t\u00e9cnica de Tite para an\u00e1lises t\u00e1ticas ou, alternativamente, por um &#8220;espi\u00e3o&#8221; em busca de informa\u00e7\u00f5es estrat\u00e9gicas. <a href=\"https:\/\/www.gaveanews.com\/index.php\/2024\/09\/24\/publicacao-de-marcos-braz-repercute-nas-redes-sociais\/\"><strong>(clique aqui e leia mais)<\/strong><\/a><\/p>\n\n\n\n<figure class=\"wp-block-image size-large\"><img loading=\"lazy\" decoding=\"async\" width=\"1024\" height=\"640\" src=\"https:\/\/www.gaveanews.com\/wp-content\/uploads\/Marcos-Braz-1024x640.webp\" alt=\"\" class=\"wp-image-127549\" srcset=\"https:\/\/www.gaveanews.com\/wp-content\/uploads\/Marcos-Braz-1024x640.webp 1024w, https:\/\/www.gaveanews.com\/wp-content\/uploads\/Marcos-Braz-300x188.webp 300w, https:\/\/www.gaveanews.com\/wp-content\/uploads\/Marcos-Braz-768x480.webp 768w, https:\/\/www.gaveanews.com\/wp-content\/uploads\/Marcos-Braz-672x420.webp 672w, https:\/\/www.gaveanews.com\/wp-content\/uploads\/Marcos-Braz-640x400.webp 640w, https:\/\/www.gaveanews.com\/wp-content\/uploads\/Marcos-Braz-681x426.webp 681w, https:\/\/www.gaveanews.com\/wp-content\/uploads\/Marcos-Braz-100x63.webp 100w, https:\/\/www.gaveanews.com\/wp-content\/uploads\/Marcos-Braz.webp 1200w\" sizes=\"auto, (max-width: 1024px) 100vw, 1024px\" \/><figcaption class=\"wp-element-caption\">Marcos Braz, vice-presidente de futebol do Flamengo &#8211; Foto: Gilvan de Souza\/Flamengo<\/figcaption><\/figure>\n\n\n\n<p>Focando na prepara\u00e7\u00e3o para a crucial partida contra o Pe\u00f1arol, v\u00e1lida pelas quartas de final da Libertadores, o Flamengo est\u00e1 ajustando sua escala\u00e7\u00e3o. No treino, Tite promoveu a entrada de L\u00e9o Ortiz como titular, substituindo Erick Pulgar, o que indica uma mudan\u00e7a t\u00e1tica significativa para o confronto. A recupera\u00e7\u00e3o de Gabigol, que foi testado entre os titulares, tamb\u00e9m traz esperan\u00e7as, pois sua presen\u00e7a pode ser decisiva para o desempenho da equipe.<\/p>\n\n\n\n<p>A expectativa \u00e9 alta para o jogo marcado para quinta-feira, \u00e0s 19 horas, no est\u00e1dio Campe\u00f3n del Siglo, em Montevid\u00e9u. O Flamengo precisa vencer por pelo menos dois gols de diferen\u00e7a para garantir a classifica\u00e7\u00e3o para a semifinal da competi\u00e7\u00e3o. A partida ser\u00e1 transmitida ao vivo pela ESPN e Disney+, prometendo um grande espet\u00e1culo para os f\u00e3s do futebol.<\/p>\n","protected":false},"excerpt":{"rendered":"<p>Nas \u00faltimas horas, o foco das not\u00edcias sobre o Flamengo se concentra nos bastidores do clube, com destaques como o ex-Vasco que assinou com o Flamengo e a situa\u00e7\u00e3o de Marcos Braz. Por conta deste contexto, leia abaixo um resumo preparado pela equipe do portal G\u00e1vea News para lhe manter muito bem informado! Novidades sobre [&hellip;]<\/p>\n","protected":false},"author":15,"featured_media":121425,"comment_status":"open","ping_status":"closed","sticky":false,"template":"","format":"standard","meta":{"footnotes":""},"categories":[1],"tags":[],"class_list":["post-168889","post","type-post","status-publish","format-standard","has-post-thumbnail","hentry","category-flamengo"],"yoast_head":"<!-- This site is optimized with the Yoast SEO Premium plugin v24.2 (Yoast SEO v26.9) - https:\/\/yoast.com\/product\/yoast-seo-premium-wordpress\/ -->\n<title>Ex-Vasco assina com o Flamengo, novidades sobre o est\u00e1dio e situa\u00e7\u00e3o de Marcos Braz: veja as \u00faltimas not\u00edcias do Flamengo<\/title>\n<meta name=\"robots\" content=\"index, follow, max-snippet:-1, max-image-preview:large, max-video-preview:-1\" \/>\n<link rel=\"canonical\" href=\"https:\/\/www.gaveanews.com\/index.php\/2024\/09\/25\/ex-vasco-assina-com-o-flamengo-novidades-sobre-o-estadio-e-situacao-de-marcos-braz-veja-as-ultimas-noticias-do-flamengo\/\" \/>\n<meta property=\"og:locale\" content=\"pt_BR\" \/>\n<meta property=\"og:type\" content=\"article\" \/>\n<meta property=\"og:title\" content=\"Ex-Vasco assina com o Flamengo, novidades sobre o est\u00e1dio e situa\u00e7\u00e3o de Marcos Braz: veja as \u00faltimas not\u00edcias do Flamengo\" \/>\n<meta property=\"og:description\" content=\"Nas \u00faltimas horas, o foco das not\u00edcias sobre o Flamengo se concentra nos bastidores do clube, com destaques como o ex-Vasco que assinou com o Flamengo e a situa\u00e7\u00e3o de Marcos Braz. Por conta deste contexto, leia abaixo um resumo preparado pela equipe do portal G\u00e1vea News para lhe manter muito bem informado! Novidades sobre [&hellip;]\" \/>\n<meta property=\"og:url\" content=\"https:\/\/www.gaveanews.com\/index.php\/2024\/09\/25\/ex-vasco-assina-com-o-flamengo-novidades-sobre-o-estadio-e-situacao-de-marcos-braz-veja-as-ultimas-noticias-do-flamengo\/\" \/>\n<meta property=\"og:site_name\" content=\"G\u00e1vea News\" \/>\n<meta property=\"article:publisher\" content=\"https:\/\/facebook.com\/gaveaNews\/\" \/>\n<meta property=\"article:published_time\" content=\"2024-09-25T08:45:00+00:00\" \/>\n<meta property=\"og:image\" content=\"https:\/\/www.gaveanews.com\/wp-content\/uploads\/escudoFLA.webp\" \/>\n\t<meta property=\"og:image:width\" content=\"900\" \/>\n\t<meta property=\"og:image:height\" content=\"530\" \/>\n\t<meta property=\"og:image:type\" content=\"image\/webp\" \/>\n<meta name=\"author\" content=\"Henrique Machado\" \/>\n<meta name=\"twitter:card\" content=\"summary_large_image\" \/>\n<meta name=\"twitter:label1\" content=\"Escrito por\" \/>\n\t<meta name=\"twitter:data1\" content=\"Henrique Machado\" \/>\n\t<meta name=\"twitter:label2\" content=\"Est. tempo de leitura\" \/>\n\t<meta name=\"twitter:data2\" content=\"5 minutos\" \/>\n<script type=\"application\/ld+json\" class=\"yoast-schema-graph\">{\"@context\":\"https:\/\/schema.org\",\"@graph\":[{\"@type\":\"NewsArticle\",\"@id\":\"https:\/\/www.gaveanews.com\/index.php\/2024\/09\/25\/ex-vasco-assina-com-o-flamengo-novidades-sobre-o-estadio-e-situacao-de-marcos-braz-veja-as-ultimas-noticias-do-flamengo\/#article\",\"isPartOf\":{\"@id\":\"https:\/\/www.gaveanews.com\/index.php\/2024\/09\/25\/ex-vasco-assina-com-o-flamengo-novidades-sobre-o-estadio-e-situacao-de-marcos-braz-veja-as-ultimas-noticias-do-flamengo\/\"},\"author\":{\"name\":\"Henrique Machado\",\"@id\":\"https:\/\/www.gaveanews.com\/#\/schema\/person\/fd07635ec039ec3ba74ad18ec8a6dbd6\"},\"headline\":\"Ex-Vasco assina com o Flamengo, novidades sobre o est\u00e1dio e situa\u00e7\u00e3o de Marcos Braz: veja as \u00faltimas not\u00edcias do Flamengo\",\"datePublished\":\"2024-09-25T08:45:00+00:00\",\"mainEntityOfPage\":{\"@id\":\"https:\/\/www.gaveanews.com\/index.php\/2024\/09\/25\/ex-vasco-assina-com-o-flamengo-novidades-sobre-o-estadio-e-situacao-de-marcos-braz-veja-as-ultimas-noticias-do-flamengo\/\"},\"wordCount\":815,\"commentCount\":0,\"image\":{\"@id\":\"https:\/\/www.gaveanews.com\/index.php\/2024\/09\/25\/ex-vasco-assina-com-o-flamengo-novidades-sobre-o-estadio-e-situacao-de-marcos-braz-veja-as-ultimas-noticias-do-flamengo\/#primaryimage\"},\"thumbnailUrl\":\"https:\/\/www.gaveanews.com\/wp-content\/uploads\/escudoFLA.webp\",\"articleSection\":[\"Flamengo\"],\"inLanguage\":\"pt-BR\",\"potentialAction\":[{\"@type\":\"CommentAction\",\"name\":\"Comment\",\"target\":[\"https:\/\/www.gaveanews.com\/index.php\/2024\/09\/25\/ex-vasco-assina-com-o-flamengo-novidades-sobre-o-estadio-e-situacao-de-marcos-braz-veja-as-ultimas-noticias-do-flamengo\/#respond\"]}],\"copyrightYear\":\"2024\",\"copyrightHolder\":{\"@id\":\"https:\/\/www.gaveanews.com\/#organization\"}},{\"@type\":\"WebPage\",\"@id\":\"https:\/\/www.gaveanews.com\/index.php\/2024\/09\/25\/ex-vasco-assina-com-o-flamengo-novidades-sobre-o-estadio-e-situacao-de-marcos-braz-veja-as-ultimas-noticias-do-flamengo\/\",\"url\":\"https:\/\/www.gaveanews.com\/index.php\/2024\/09\/25\/ex-vasco-assina-com-o-flamengo-novidades-sobre-o-estadio-e-situacao-de-marcos-braz-veja-as-ultimas-noticias-do-flamengo\/\",\"name\":\"Ex-Vasco assina com o Flamengo, novidades sobre o est\u00e1dio e situa\u00e7\u00e3o de Marcos Braz: veja as \u00faltimas not\u00edcias do Flamengo\",\"isPartOf\":{\"@id\":\"https:\/\/www.gaveanews.com\/#website\"},\"primaryImageOfPage\":{\"@id\":\"https:\/\/www.gaveanews.com\/index.php\/2024\/09\/25\/ex-vasco-assina-com-o-flamengo-novidades-sobre-o-estadio-e-situacao-de-marcos-braz-veja-as-ultimas-noticias-do-flamengo\/#primaryimage\"},\"image\":{\"@id\":\"https:\/\/www.gaveanews.com\/index.php\/2024\/09\/25\/ex-vasco-assina-com-o-flamengo-novidades-sobre-o-estadio-e-situacao-de-marcos-braz-veja-as-ultimas-noticias-do-flamengo\/#primaryimage\"},\"thumbnailUrl\":\"https:\/\/www.gaveanews.com\/wp-content\/uploads\/escudoFLA.webp\",\"datePublished\":\"2024-09-25T08:45:00+00:00\",\"author\":{\"@id\":\"https:\/\/www.gaveanews.com\/#\/schema\/person\/fd07635ec039ec3ba74ad18ec8a6dbd6\"},\"breadcrumb\":{\"@id\":\"https:\/\/www.gaveanews.com\/index.php\/2024\/09\/25\/ex-vasco-assina-com-o-flamengo-novidades-sobre-o-estadio-e-situacao-de-marcos-braz-veja-as-ultimas-noticias-do-flamengo\/#breadcrumb\"},\"inLanguage\":\"pt-BR\",\"potentialAction\":[{\"@type\":\"ReadAction\",\"target\":[\"https:\/\/www.gaveanews.com\/index.php\/2024\/09\/25\/ex-vasco-assina-com-o-flamengo-novidades-sobre-o-estadio-e-situacao-de-marcos-braz-veja-as-ultimas-noticias-do-flamengo\/\"]}]},{\"@type\":\"ImageObject\",\"inLanguage\":\"pt-BR\",\"@id\":\"https:\/\/www.gaveanews.com\/index.php\/2024\/09\/25\/ex-vasco-assina-com-o-flamengo-novidades-sobre-o-estadio-e-situacao-de-marcos-braz-veja-as-ultimas-noticias-do-flamengo\/#primaryimage\",\"url\":\"https:\/\/www.gaveanews.com\/wp-content\/uploads\/escudoFLA.webp\",\"contentUrl\":\"https:\/\/www.gaveanews.com\/wp-content\/uploads\/escudoFLA.webp\",\"width\":900,\"height\":530,\"caption\":\"Escudo do Flamengo (Foto: Reprodu\u00e7\u00e3o)\"},{\"@type\":\"BreadcrumbList\",\"@id\":\"https:\/\/www.gaveanews.com\/index.php\/2024\/09\/25\/ex-vasco-assina-com-o-flamengo-novidades-sobre-o-estadio-e-situacao-de-marcos-braz-veja-as-ultimas-noticias-do-flamengo\/#breadcrumb\",\"itemListElement\":[{\"@type\":\"ListItem\",\"position\":1,\"name\":\"Home\",\"item\":\"https:\/\/www.gaveanews.com\/\"},{\"@type\":\"ListItem\",\"position\":2,\"name\":\"Ex-Vasco assina com o Flamengo, novidades sobre o est\u00e1dio e situa\u00e7\u00e3o de Marcos Braz: veja as \u00faltimas not\u00edcias do Flamengo\"}]},{\"@type\":\"WebSite\",\"@id\":\"https:\/\/www.gaveanews.com\/#website\",\"url\":\"https:\/\/www.gaveanews.com\/\",\"name\":\"G\u00e1vea News\",\"description\":\"Veja todas as not\u00edcias sobre o Flamengo: Contrata\u00e7\u00f5es, categorias de base, resultados das partidas, tabela de classifica\u00e7\u00e3o, pr\u00f3ximos jogos!\",\"potentialAction\":[{\"@type\":\"SearchAction\",\"target\":{\"@type\":\"EntryPoint\",\"urlTemplate\":\"https:\/\/www.gaveanews.com\/?s={search_term_string}\"},\"query-input\":{\"@type\":\"PropertyValueSpecification\",\"valueRequired\":true,\"valueName\":\"search_term_string\"}}],\"inLanguage\":\"pt-BR\"},{\"@type\":\"Person\",\"@id\":\"https:\/\/www.gaveanews.com\/#\/schema\/person\/fd07635ec039ec3ba74ad18ec8a6dbd6\",\"name\":\"Henrique Machado\",\"image\":{\"@type\":\"ImageObject\",\"inLanguage\":\"pt-BR\",\"@id\":\"https:\/\/www.gaveanews.com\/#\/schema\/person\/image\/\",\"url\":\"https:\/\/secure.gravatar.com\/avatar\/b95e35997e01d9800c1b6184bd79d4d898d370a3fce2584f5c77b907d5c7d9e9?s=96&d=mm&r=g\",\"contentUrl\":\"https:\/\/secure.gravatar.com\/avatar\/b95e35997e01d9800c1b6184bd79d4d898d370a3fce2584f5c77b907d5c7d9e9?s=96&d=mm&r=g\",\"caption\":\"Henrique Machado\"}}]}<\/script>\n<!-- \/ Yoast SEO Premium plugin. -->","yoast_head_json":{"title":"Ex-Vasco assina com o Flamengo, novidades sobre o est\u00e1dio e situa\u00e7\u00e3o de Marcos Braz: veja as \u00faltimas not\u00edcias do Flamengo","robots":{"index":"index","follow":"follow","max-snippet":"max-snippet:-1","max-image-preview":"max-image-preview:large","max-video-preview":"max-video-preview:-1"},"canonical":"https:\/\/www.gaveanews.com\/index.php\/2024\/09\/25\/ex-vasco-assina-com-o-flamengo-novidades-sobre-o-estadio-e-situacao-de-marcos-braz-veja-as-ultimas-noticias-do-flamengo\/","og_locale":"pt_BR","og_type":"article","og_title":"Ex-Vasco assina com o Flamengo, novidades sobre o est\u00e1dio e situa\u00e7\u00e3o de Marcos Braz: veja as \u00faltimas not\u00edcias do Flamengo","og_description":"Nas \u00faltimas horas, o foco das not\u00edcias sobre o Flamengo se concentra nos bastidores do clube, com destaques como o ex-Vasco que assinou com o Flamengo e a situa\u00e7\u00e3o de Marcos Braz. Por conta deste contexto, leia abaixo um resumo preparado pela equipe do portal G\u00e1vea News para lhe manter muito bem informado! Novidades sobre [&hellip;]","og_url":"https:\/\/www.gaveanews.com\/index.php\/2024\/09\/25\/ex-vasco-assina-com-o-flamengo-novidades-sobre-o-estadio-e-situacao-de-marcos-braz-veja-as-ultimas-noticias-do-flamengo\/","og_site_name":"G\u00e1vea News","article_publisher":"https:\/\/facebook.com\/gaveaNews\/","article_published_time":"2024-09-25T08:45:00+00:00","og_image":[{"width":900,"height":530,"url":"https:\/\/www.gaveanews.com\/wp-content\/uploads\/escudoFLA.webp","type":"image\/webp"}],"author":"Henrique Machado","twitter_card":"summary_large_image","twitter_misc":{"Escrito por":"Henrique Machado","Est. tempo de leitura":"5 minutos"},"schema":{"@context":"https:\/\/schema.org","@graph":[{"@type":"NewsArticle","@id":"https:\/\/www.gaveanews.com\/index.php\/2024\/09\/25\/ex-vasco-assina-com-o-flamengo-novidades-sobre-o-estadio-e-situacao-de-marcos-braz-veja-as-ultimas-noticias-do-flamengo\/#article","isPartOf":{"@id":"https:\/\/www.gaveanews.com\/index.php\/2024\/09\/25\/ex-vasco-assina-com-o-flamengo-novidades-sobre-o-estadio-e-situacao-de-marcos-braz-veja-as-ultimas-noticias-do-flamengo\/"},"author":{"name":"Henrique Machado","@id":"https:\/\/www.gaveanews.com\/#\/schema\/person\/fd07635ec039ec3ba74ad18ec8a6dbd6"},"headline":"Ex-Vasco assina com o Flamengo, novidades sobre o est\u00e1dio e situa\u00e7\u00e3o de Marcos Braz: veja as \u00faltimas not\u00edcias do Flamengo","datePublished":"2024-09-25T08:45:00+00:00","mainEntityOfPage":{"@id":"https:\/\/www.gaveanews.com\/index.php\/2024\/09\/25\/ex-vasco-assina-com-o-flamengo-novidades-sobre-o-estadio-e-situacao-de-marcos-braz-veja-as-ultimas-noticias-do-flamengo\/"},"wordCount":815,"commentCount":0,"image":{"@id":"https:\/\/www.gaveanews.com\/index.php\/2024\/09\/25\/ex-vasco-assina-com-o-flamengo-novidades-sobre-o-estadio-e-situacao-de-marcos-braz-veja-as-ultimas-noticias-do-flamengo\/#primaryimage"},"thumbnailUrl":"https:\/\/www.gaveanews.com\/wp-content\/uploads\/escudoFLA.webp","articleSection":["Flamengo"],"inLanguage":"pt-BR","potentialAction":[{"@type":"CommentAction","name":"Comment","target":["https:\/\/www.gaveanews.com\/index.php\/2024\/09\/25\/ex-vasco-assina-com-o-flamengo-novidades-sobre-o-estadio-e-situacao-de-marcos-braz-veja-as-ultimas-noticias-do-flamengo\/#respond"]}],"copyrightYear":"2024","copyrightHolder":{"@id":"https:\/\/www.gaveanews.com\/#organization"}},{"@type":"WebPage","@id":"https:\/\/www.gaveanews.com\/index.php\/2024\/09\/25\/ex-vasco-assina-com-o-flamengo-novidades-sobre-o-estadio-e-situacao-de-marcos-braz-veja-as-ultimas-noticias-do-flamengo\/","url":"https:\/\/www.gaveanews.com\/index.php\/2024\/09\/25\/ex-vasco-assina-com-o-flamengo-novidades-sobre-o-estadio-e-situacao-de-marcos-braz-veja-as-ultimas-noticias-do-flamengo\/","name":"Ex-Vasco assina com o Flamengo, novidades sobre o est\u00e1dio e situa\u00e7\u00e3o de Marcos Braz: veja as \u00faltimas not\u00edcias do Flamengo","isPartOf":{"@id":"https:\/\/www.gaveanews.com\/#website"},"primaryImageOfPage":{"@id":"https:\/\/www.gaveanews.com\/index.php\/2024\/09\/25\/ex-vasco-assina-com-o-flamengo-novidades-sobre-o-estadio-e-situacao-de-marcos-braz-veja-as-ultimas-noticias-do-flamengo\/#primaryimage"},"image":{"@id":"https:\/\/www.gaveanews.com\/index.php\/2024\/09\/25\/ex-vasco-assina-com-o-flamengo-novidades-sobre-o-estadio-e-situacao-de-marcos-braz-veja-as-ultimas-noticias-do-flamengo\/#primaryimage"},"thumbnailUrl":"https:\/\/www.gaveanews.com\/wp-content\/uploads\/escudoFLA.webp","datePublished":"2024-09-25T08:45:00+00:00","author":{"@id":"https:\/\/www.gaveanews.com\/#\/schema\/person\/fd07635ec039ec3ba74ad18ec8a6dbd6"},"breadcrumb":{"@id":"https:\/\/www.gaveanews.com\/index.php\/2024\/09\/25\/ex-vasco-assina-com-o-flamengo-novidades-sobre-o-estadio-e-situacao-de-marcos-braz-veja-as-ultimas-noticias-do-flamengo\/#breadcrumb"},"inLanguage":"pt-BR","potentialAction":[{"@type":"ReadAction","target":["https:\/\/www.gaveanews.com\/index.php\/2024\/09\/25\/ex-vasco-assina-com-o-flamengo-novidades-sobre-o-estadio-e-situacao-de-marcos-braz-veja-as-ultimas-noticias-do-flamengo\/"]}]},{"@type":"ImageObject","inLanguage":"pt-BR","@id":"https:\/\/www.gaveanews.com\/index.php\/2024\/09\/25\/ex-vasco-assina-com-o-flamengo-novidades-sobre-o-estadio-e-situacao-de-marcos-braz-veja-as-ultimas-noticias-do-flamengo\/#primaryimage","url":"https:\/\/www.gaveanews.com\/wp-content\/uploads\/escudoFLA.webp","contentUrl":"https:\/\/www.gaveanews.com\/wp-content\/uploads\/escudoFLA.webp","width":900,"height":530,"caption":"Escudo do Flamengo (Foto: Reprodu\u00e7\u00e3o)"},{"@type":"BreadcrumbList","@id":"https:\/\/www.gaveanews.com\/index.php\/2024\/09\/25\/ex-vasco-assina-com-o-flamengo-novidades-sobre-o-estadio-e-situacao-de-marcos-braz-veja-as-ultimas-noticias-do-flamengo\/#breadcrumb","itemListElement":[{"@type":"ListItem","position":1,"name":"Home","item":"https:\/\/www.gaveanews.com\/"},{"@type":"ListItem","position":2,"name":"Ex-Vasco assina com o Flamengo, novidades sobre o est\u00e1dio e situa\u00e7\u00e3o de Marcos Braz: veja as \u00faltimas not\u00edcias do Flamengo"}]},{"@type":"WebSite","@id":"https:\/\/www.gaveanews.com\/#website","url":"https:\/\/www.gaveanews.com\/","name":"G\u00e1vea News","description":"Veja todas as not\u00edcias sobre o Flamengo: Contrata\u00e7\u00f5es, categorias de base, resultados das partidas, tabela de classifica\u00e7\u00e3o, pr\u00f3ximos jogos!","potentialAction":[{"@type":"SearchAction","target":{"@type":"EntryPoint","urlTemplate":"https:\/\/www.gaveanews.com\/?s={search_term_string}"},"query-input":{"@type":"PropertyValueSpecification","valueRequired":true,"valueName":"search_term_string"}}],"inLanguage":"pt-BR"},{"@type":"Person","@id":"https:\/\/www.gaveanews.com\/#\/schema\/person\/fd07635ec039ec3ba74ad18ec8a6dbd6","name":"Henrique Machado","image":{"@type":"ImageObject","inLanguage":"pt-BR","@id":"https:\/\/www.gaveanews.com\/#\/schema\/person\/image\/","url":"https:\/\/secure.gravatar.com\/avatar\/b95e35997e01d9800c1b6184bd79d4d898d370a3fce2584f5c77b907d5c7d9e9?s=96&d=mm&r=g","contentUrl":"https:\/\/secure.gravatar.com\/avatar\/b95e35997e01d9800c1b6184bd79d4d898d370a3fce2584f5c77b907d5c7d9e9?s=96&d=mm&r=g","caption":"Henrique Machado"}}]}},"_links":{"self":[{"href":"https:\/\/www.gaveanews.com\/index.php\/wp-json\/wp\/v2\/posts\/168889","targetHints":{"allow":["GET"]}}],"collection":[{"href":"https:\/\/www.gaveanews.com\/index.php\/wp-json\/wp\/v2\/posts"}],"about":[{"href":"https:\/\/www.gaveanews.com\/index.php\/wp-json\/wp\/v2\/types\/post"}],"author":[{"embeddable":true,"href":"https:\/\/www.gaveanews.com\/index.php\/wp-json\/wp\/v2\/users\/15"}],"replies":[{"embeddable":true,"href":"https:\/\/www.gaveanews.com\/index.php\/wp-json\/wp\/v2\/comments?post=168889"}],"version-history":[{"count":3,"href":"https:\/\/www.gaveanews.com\/index.php\/wp-json\/wp\/v2\/posts\/168889\/revisions"}],"predecessor-version":[{"id":168895,"href":"https:\/\/www.gaveanews.com\/index.php\/wp-json\/wp\/v2\/posts\/168889\/revisions\/168895"}],"wp:featuredmedia":[{"embeddable":true,"href":"https:\/\/www.gaveanews.com\/index.php\/wp-json\/wp\/v2\/media\/121425"}],"wp:attachment":[{"href":"https:\/\/www.gaveanews.com\/index.php\/wp-json\/wp\/v2\/media?parent=168889"}],"wp:term":[{"taxonomy":"category","embeddable":true,"href":"https:\/\/www.gaveanews.com\/index.php\/wp-json\/wp\/v2\/categories?post=168889"},{"taxonomy":"post_tag","embeddable":true,"href":"https:\/\/www.gaveanews.com\/index.php\/wp-json\/wp\/v2\/tags?post=168889"}],"curies":[{"name":"wp","href":"https:\/\/api.w.org\/{rel}","templated":true}]}}