{"id":168914,"date":"2024-09-25T13:45:00","date_gmt":"2024-09-25T16:45:00","guid":{"rendered":"https:\/\/www.gaveanews.com\/?p=168914"},"modified":"2024-09-25T11:57:45","modified_gmt":"2024-09-25T14:57:45","slug":"fernando-diniz-comete-gafe-na-apresentacao-no-cruzeiro","status":"publish","type":"post","link":"https:\/\/www.gaveanews.com\/index.php\/2024\/09\/25\/fernando-diniz-comete-gafe-na-apresentacao-no-cruzeiro\/","title":{"rendered":"Fernando Diniz comete gafe na apresenta\u00e7\u00e3o no Cruzeiro"},"content":{"rendered":"\n<p>O novo t\u00e9cnico do Cruzeiro, Fernando Diniz, foi oficialmente apresentado nesta ter\u00e7a-feira (24) e j\u00e1 come\u00e7ou a trabalhar com o elenco celeste. Por\u00e9m, durante a coletiva de imprensa na Toca da Raposa, o treinador cometeu uma pequena gafe ao confundir o Cruzeiro com seu ex-clube, o Fluminense, enquanto comentava sobre o elenco.<\/p>\n\n\n\n<ul class=\"wp-block-list\">\n<li><strong><a href=\"https:\/\/www.gaveanews.com\/index.php\/2024\/09\/23\/jogador-do-cruzeiro-nao-fica-calado-e-responde-as-criticas-da-torcida\/?utm_source=terra_capa_parceiros&amp;utm_medium=referral\">Jogador do Cruzeiro n\u00e3o fica calado e responde \u00e0s cr\u00edticas da torcida<\/a><\/strong><\/li>\n\n\n\n<li><strong><a href=\"https:\/\/www.gaveanews.com\/index.php\/2024\/09\/23\/a-declaracao-de-matheus-pereira-sobre-a-saida-de-fernando-seabra-do-cruzeiro\/?utm_source=terra_capa_parceiros&amp;utm_medium=referral\">A declara\u00e7\u00e3o de Matheus Pereira sobre a sa\u00edda de Fernando Seabra do Cruzeiro<\/a><\/strong><\/li>\n<\/ul>\n\n\n\n<p>Diniz, que recentemente comandou o time carioca, falava sobre a qualidade dos jogadores cruzeirenses quando mencionou: \u2018Foi um privil\u00e9gio trabalhar com o F\u00e1bio recentemente. E sempre quis trabalhar com o C\u00e1ssio. Ele e F\u00e1bio sobram. Um cara corajoso, solid\u00e1rio, que d\u00e1 a cara para beneficiar o time que defende. Kaio Jorge trabalhou comigo no Santos, com muito potencial. Matheus Pereira est\u00e1 brilhando imensamente. Esperamos potencializar os jogadores em seu maior n\u00edvel para que o Fluminense\u2026 o Cruzeiro consiga avan\u00e7ar cada vez mais.\u2019 O treinador logo se corrigiu e seguiu com a apresenta\u00e7\u00e3o de forma descontra\u00edda.<\/p>\n\n\n\n<p>Al\u00e9m da confus\u00e3o, Diniz destacou o desafio que ter\u00e1 pela frente no Cruzeiro. O comandante tem a miss\u00e3o de classificar o time para a pr\u00f3xima edi\u00e7\u00e3o da Copa Libertadores e consolidar a equipe no topo da tabela do Campeonato Brasileiro. Atualmente, o Cruzeiro ocupa a 7\u00aa posi\u00e7\u00e3o no Brasileir\u00e3o e busca se manter entre os seis primeiros colocados para garantir a vaga na competi\u00e7\u00e3o continental.<\/p>\n\n\n\n<p>Diniz tamb\u00e9m ressaltou a import\u00e2ncia de potencializar o elenco, elogiando jogadores como Matheus Pereira, que vem se destacando, e Kaio Jorge, com quem trabalhou anteriormente no Santos. O t\u00e9cnico aposta em um futebol coletivo e de intensidade, caracter\u00edstico de seu estilo, para fazer o Cruzeiro crescer ainda mais na temporada.<\/p>\n\n\n\n<p>No primeiro dia de trabalho, Diniz comandou o treino visando o jogo decisivo contra o Libertad, do Paraguai, pelas quartas de final da Copa Sul-Americana. A partida de volta acontece na pr\u00f3xima quinta-feira (26), no Mineir\u00e3o, e o Cruzeiro tem uma boa vantagem, j\u00e1 que venceu o jogo de ida por 2 a 0, em Assun\u00e7\u00e3o.<\/p>\n\n\n\n<p>A expectativa dos torcedores \u00e9 alta para que o novo t\u00e9cnico consiga n\u00e3o apenas garantir a vaga nas semifinais da Sul-Americana, mas tamb\u00e9m manter a boa fase no Brasileir\u00e3o e levar a Raposa de volta ao cen\u00e1rio internacional. Diniz ter\u00e1 que equilibrar as competi\u00e7\u00f5es e adaptar seu estilo de jogo ao elenco em um momento crucial da temporada.<\/p>\n","protected":false},"excerpt":{"rendered":"<p>O novo t\u00e9cnico do Cruzeiro, Fernando Diniz, foi oficialmente apresentado nesta ter\u00e7a-feira (24) e j\u00e1 come\u00e7ou a trabalhar com o elenco celeste. Por\u00e9m, durante a coletiva de imprensa na Toca da Raposa, o treinador cometeu uma pequena gafe ao confundir o Cruzeiro com seu ex-clube, o Fluminense, enquanto comentava sobre o elenco. Diniz, que recentemente [&hellip;]<\/p>\n","protected":false},"author":23,"featured_media":169002,"comment_status":"open","ping_status":"closed","sticky":false,"template":"","format":"standard","meta":{"footnotes":""},"categories":[143],"tags":[],"class_list":["post-168914","post","type-post","status-publish","format-standard","has-post-thumbnail","hentry","category-cruzeiro"],"yoast_head":"<!-- This site is optimized with the Yoast SEO Premium plugin v24.2 (Yoast SEO v26.9) - https:\/\/yoast.com\/product\/yoast-seo-premium-wordpress\/ -->\n<title>Fernando Diniz comete gafe na apresenta\u00e7\u00e3o no Cruzeiro<\/title>\n<meta name=\"robots\" content=\"index, follow, max-snippet:-1, max-image-preview:large, max-video-preview:-1\" \/>\n<link rel=\"canonical\" href=\"https:\/\/www.gaveanews.com\/index.php\/2024\/09\/25\/fernando-diniz-comete-gafe-na-apresentacao-no-cruzeiro\/\" \/>\n<meta property=\"og:locale\" content=\"pt_BR\" \/>\n<meta property=\"og:type\" content=\"article\" \/>\n<meta property=\"og:title\" content=\"Fernando Diniz comete gafe na apresenta\u00e7\u00e3o no Cruzeiro\" \/>\n<meta property=\"og:description\" content=\"O novo t\u00e9cnico do Cruzeiro, Fernando Diniz, foi oficialmente apresentado nesta ter\u00e7a-feira (24) e j\u00e1 come\u00e7ou a trabalhar com o elenco celeste. Por\u00e9m, durante a coletiva de imprensa na Toca da Raposa, o treinador cometeu uma pequena gafe ao confundir o Cruzeiro com seu ex-clube, o Fluminense, enquanto comentava sobre o elenco. Diniz, que recentemente [&hellip;]\" \/>\n<meta property=\"og:url\" content=\"https:\/\/www.gaveanews.com\/index.php\/2024\/09\/25\/fernando-diniz-comete-gafe-na-apresentacao-no-cruzeiro\/\" \/>\n<meta property=\"og:site_name\" content=\"G\u00e1vea News\" \/>\n<meta property=\"article:publisher\" content=\"https:\/\/facebook.com\/gaveaNews\/\" \/>\n<meta property=\"article:published_time\" content=\"2024-09-25T16:45:00+00:00\" \/>\n<meta property=\"og:image\" content=\"https:\/\/www.gaveanews.com\/wp-content\/uploads\/Fernando-Diniz-como-tecnico-do-Cruzeiro-em-2024.webp\" \/>\n\t<meta property=\"og:image:width\" content=\"1607\" \/>\n\t<meta property=\"og:image:height\" content=\"1071\" \/>\n\t<meta property=\"og:image:type\" content=\"image\/webp\" \/>\n<meta name=\"author\" content=\"Leandro Azevedo\" \/>\n<meta name=\"twitter:card\" content=\"summary_large_image\" \/>\n<meta name=\"twitter:label1\" content=\"Escrito por\" \/>\n\t<meta name=\"twitter:data1\" content=\"Leandro Azevedo\" \/>\n\t<meta name=\"twitter:label2\" content=\"Est. tempo de leitura\" \/>\n\t<meta name=\"twitter:data2\" content=\"3 minutos\" \/>\n<script type=\"application\/ld+json\" class=\"yoast-schema-graph\">{\"@context\":\"https:\/\/schema.org\",\"@graph\":[{\"@type\":\"NewsArticle\",\"@id\":\"https:\/\/www.gaveanews.com\/index.php\/2024\/09\/25\/fernando-diniz-comete-gafe-na-apresentacao-no-cruzeiro\/#article\",\"isPartOf\":{\"@id\":\"https:\/\/www.gaveanews.com\/index.php\/2024\/09\/25\/fernando-diniz-comete-gafe-na-apresentacao-no-cruzeiro\/\"},\"author\":{\"name\":\"Leandro Azevedo\",\"@id\":\"https:\/\/www.gaveanews.com\/#\/schema\/person\/2877169f354c4596cf5aab74ea7c56a8\"},\"headline\":\"Fernando Diniz comete gafe na apresenta\u00e7\u00e3o no Cruzeiro\",\"datePublished\":\"2024-09-25T16:45:00+00:00\",\"mainEntityOfPage\":{\"@id\":\"https:\/\/www.gaveanews.com\/index.php\/2024\/09\/25\/fernando-diniz-comete-gafe-na-apresentacao-no-cruzeiro\/\"},\"wordCount\":442,\"commentCount\":0,\"image\":{\"@id\":\"https:\/\/www.gaveanews.com\/index.php\/2024\/09\/25\/fernando-diniz-comete-gafe-na-apresentacao-no-cruzeiro\/#primaryimage\"},\"thumbnailUrl\":\"https:\/\/www.gaveanews.com\/wp-content\/uploads\/Fernando-Diniz-como-tecnico-do-Cruzeiro-em-2024.webp\",\"articleSection\":[\"Cruzeiro\"],\"inLanguage\":\"pt-BR\",\"potentialAction\":[{\"@type\":\"CommentAction\",\"name\":\"Comment\",\"target\":[\"https:\/\/www.gaveanews.com\/index.php\/2024\/09\/25\/fernando-diniz-comete-gafe-na-apresentacao-no-cruzeiro\/#respond\"]}],\"copyrightYear\":\"2024\",\"copyrightHolder\":{\"@id\":\"https:\/\/www.gaveanews.com\/#organization\"}},{\"@type\":\"WebPage\",\"@id\":\"https:\/\/www.gaveanews.com\/index.php\/2024\/09\/25\/fernando-diniz-comete-gafe-na-apresentacao-no-cruzeiro\/\",\"url\":\"https:\/\/www.gaveanews.com\/index.php\/2024\/09\/25\/fernando-diniz-comete-gafe-na-apresentacao-no-cruzeiro\/\",\"name\":\"Fernando Diniz comete gafe na apresenta\u00e7\u00e3o no Cruzeiro\",\"isPartOf\":{\"@id\":\"https:\/\/www.gaveanews.com\/#website\"},\"primaryImageOfPage\":{\"@id\":\"https:\/\/www.gaveanews.com\/index.php\/2024\/09\/25\/fernando-diniz-comete-gafe-na-apresentacao-no-cruzeiro\/#primaryimage\"},\"image\":{\"@id\":\"https:\/\/www.gaveanews.com\/index.php\/2024\/09\/25\/fernando-diniz-comete-gafe-na-apresentacao-no-cruzeiro\/#primaryimage\"},\"thumbnailUrl\":\"https:\/\/www.gaveanews.com\/wp-content\/uploads\/Fernando-Diniz-como-tecnico-do-Cruzeiro-em-2024.webp\",\"datePublished\":\"2024-09-25T16:45:00+00:00\",\"author\":{\"@id\":\"https:\/\/www.gaveanews.com\/#\/schema\/person\/2877169f354c4596cf5aab74ea7c56a8\"},\"breadcrumb\":{\"@id\":\"https:\/\/www.gaveanews.com\/index.php\/2024\/09\/25\/fernando-diniz-comete-gafe-na-apresentacao-no-cruzeiro\/#breadcrumb\"},\"inLanguage\":\"pt-BR\",\"potentialAction\":[{\"@type\":\"ReadAction\",\"target\":[\"https:\/\/www.gaveanews.com\/index.php\/2024\/09\/25\/fernando-diniz-comete-gafe-na-apresentacao-no-cruzeiro\/\"]}]},{\"@type\":\"ImageObject\",\"inLanguage\":\"pt-BR\",\"@id\":\"https:\/\/www.gaveanews.com\/index.php\/2024\/09\/25\/fernando-diniz-comete-gafe-na-apresentacao-no-cruzeiro\/#primaryimage\",\"url\":\"https:\/\/www.gaveanews.com\/wp-content\/uploads\/Fernando-Diniz-como-tecnico-do-Cruzeiro-em-2024.webp\",\"contentUrl\":\"https:\/\/www.gaveanews.com\/wp-content\/uploads\/Fernando-Diniz-como-tecnico-do-Cruzeiro-em-2024.webp\",\"width\":1607,\"height\":1071,\"caption\":\"Fernando Diniz como t\u00e9cnico do Cruzeiro em 2024 (Foto: Gustavo Aleixo\/Cruzeiro)\"},{\"@type\":\"BreadcrumbList\",\"@id\":\"https:\/\/www.gaveanews.com\/index.php\/2024\/09\/25\/fernando-diniz-comete-gafe-na-apresentacao-no-cruzeiro\/#breadcrumb\",\"itemListElement\":[{\"@type\":\"ListItem\",\"position\":1,\"name\":\"Home\",\"item\":\"https:\/\/www.gaveanews.com\/\"},{\"@type\":\"ListItem\",\"position\":2,\"name\":\"Fernando Diniz comete gafe na apresenta\u00e7\u00e3o no Cruzeiro\"}]},{\"@type\":\"WebSite\",\"@id\":\"https:\/\/www.gaveanews.com\/#website\",\"url\":\"https:\/\/www.gaveanews.com\/\",\"name\":\"G\u00e1vea News\",\"description\":\"Veja todas as not\u00edcias sobre o Flamengo: Contrata\u00e7\u00f5es, categorias de base, resultados das partidas, tabela de classifica\u00e7\u00e3o, pr\u00f3ximos jogos!\",\"potentialAction\":[{\"@type\":\"SearchAction\",\"target\":{\"@type\":\"EntryPoint\",\"urlTemplate\":\"https:\/\/www.gaveanews.com\/?s={search_term_string}\"},\"query-input\":{\"@type\":\"PropertyValueSpecification\",\"valueRequired\":true,\"valueName\":\"search_term_string\"}}],\"inLanguage\":\"pt-BR\"},{\"@type\":\"Person\",\"@id\":\"https:\/\/www.gaveanews.com\/#\/schema\/person\/2877169f354c4596cf5aab74ea7c56a8\",\"name\":\"Leandro Azevedo\",\"image\":{\"@type\":\"ImageObject\",\"inLanguage\":\"pt-BR\",\"@id\":\"https:\/\/www.gaveanews.com\/#\/schema\/person\/image\/\",\"url\":\"https:\/\/secure.gravatar.com\/avatar\/e2f72eb6d986a41d592a85e4e36a6c6170e9ea8a1f433dfc29d0011a8968f89c?s=96&d=mm&r=g\",\"contentUrl\":\"https:\/\/secure.gravatar.com\/avatar\/e2f72eb6d986a41d592a85e4e36a6c6170e9ea8a1f433dfc29d0011a8968f89c?s=96&d=mm&r=g\",\"caption\":\"Leandro Azevedo\"}}]}<\/script>\n<!-- \/ Yoast SEO Premium plugin. -->","yoast_head_json":{"title":"Fernando Diniz comete gafe na apresenta\u00e7\u00e3o no Cruzeiro","robots":{"index":"index","follow":"follow","max-snippet":"max-snippet:-1","max-image-preview":"max-image-preview:large","max-video-preview":"max-video-preview:-1"},"canonical":"https:\/\/www.gaveanews.com\/index.php\/2024\/09\/25\/fernando-diniz-comete-gafe-na-apresentacao-no-cruzeiro\/","og_locale":"pt_BR","og_type":"article","og_title":"Fernando Diniz comete gafe na apresenta\u00e7\u00e3o no Cruzeiro","og_description":"O novo t\u00e9cnico do Cruzeiro, Fernando Diniz, foi oficialmente apresentado nesta ter\u00e7a-feira (24) e j\u00e1 come\u00e7ou a trabalhar com o elenco celeste. Por\u00e9m, durante a coletiva de imprensa na Toca da Raposa, o treinador cometeu uma pequena gafe ao confundir o Cruzeiro com seu ex-clube, o Fluminense, enquanto comentava sobre o elenco. Diniz, que recentemente [&hellip;]","og_url":"https:\/\/www.gaveanews.com\/index.php\/2024\/09\/25\/fernando-diniz-comete-gafe-na-apresentacao-no-cruzeiro\/","og_site_name":"G\u00e1vea News","article_publisher":"https:\/\/facebook.com\/gaveaNews\/","article_published_time":"2024-09-25T16:45:00+00:00","og_image":[{"width":1607,"height":1071,"url":"https:\/\/www.gaveanews.com\/wp-content\/uploads\/Fernando-Diniz-como-tecnico-do-Cruzeiro-em-2024.webp","type":"image\/webp"}],"author":"Leandro Azevedo","twitter_card":"summary_large_image","twitter_misc":{"Escrito por":"Leandro Azevedo","Est. tempo de leitura":"3 minutos"},"schema":{"@context":"https:\/\/schema.org","@graph":[{"@type":"NewsArticle","@id":"https:\/\/www.gaveanews.com\/index.php\/2024\/09\/25\/fernando-diniz-comete-gafe-na-apresentacao-no-cruzeiro\/#article","isPartOf":{"@id":"https:\/\/www.gaveanews.com\/index.php\/2024\/09\/25\/fernando-diniz-comete-gafe-na-apresentacao-no-cruzeiro\/"},"author":{"name":"Leandro Azevedo","@id":"https:\/\/www.gaveanews.com\/#\/schema\/person\/2877169f354c4596cf5aab74ea7c56a8"},"headline":"Fernando Diniz comete gafe na apresenta\u00e7\u00e3o no Cruzeiro","datePublished":"2024-09-25T16:45:00+00:00","mainEntityOfPage":{"@id":"https:\/\/www.gaveanews.com\/index.php\/2024\/09\/25\/fernando-diniz-comete-gafe-na-apresentacao-no-cruzeiro\/"},"wordCount":442,"commentCount":0,"image":{"@id":"https:\/\/www.gaveanews.com\/index.php\/2024\/09\/25\/fernando-diniz-comete-gafe-na-apresentacao-no-cruzeiro\/#primaryimage"},"thumbnailUrl":"https:\/\/www.gaveanews.com\/wp-content\/uploads\/Fernando-Diniz-como-tecnico-do-Cruzeiro-em-2024.webp","articleSection":["Cruzeiro"],"inLanguage":"pt-BR","potentialAction":[{"@type":"CommentAction","name":"Comment","target":["https:\/\/www.gaveanews.com\/index.php\/2024\/09\/25\/fernando-diniz-comete-gafe-na-apresentacao-no-cruzeiro\/#respond"]}],"copyrightYear":"2024","copyrightHolder":{"@id":"https:\/\/www.gaveanews.com\/#organization"}},{"@type":"WebPage","@id":"https:\/\/www.gaveanews.com\/index.php\/2024\/09\/25\/fernando-diniz-comete-gafe-na-apresentacao-no-cruzeiro\/","url":"https:\/\/www.gaveanews.com\/index.php\/2024\/09\/25\/fernando-diniz-comete-gafe-na-apresentacao-no-cruzeiro\/","name":"Fernando Diniz comete gafe na apresenta\u00e7\u00e3o no Cruzeiro","isPartOf":{"@id":"https:\/\/www.gaveanews.com\/#website"},"primaryImageOfPage":{"@id":"https:\/\/www.gaveanews.com\/index.php\/2024\/09\/25\/fernando-diniz-comete-gafe-na-apresentacao-no-cruzeiro\/#primaryimage"},"image":{"@id":"https:\/\/www.gaveanews.com\/index.php\/2024\/09\/25\/fernando-diniz-comete-gafe-na-apresentacao-no-cruzeiro\/#primaryimage"},"thumbnailUrl":"https:\/\/www.gaveanews.com\/wp-content\/uploads\/Fernando-Diniz-como-tecnico-do-Cruzeiro-em-2024.webp","datePublished":"2024-09-25T16:45:00+00:00","author":{"@id":"https:\/\/www.gaveanews.com\/#\/schema\/person\/2877169f354c4596cf5aab74ea7c56a8"},"breadcrumb":{"@id":"https:\/\/www.gaveanews.com\/index.php\/2024\/09\/25\/fernando-diniz-comete-gafe-na-apresentacao-no-cruzeiro\/#breadcrumb"},"inLanguage":"pt-BR","potentialAction":[{"@type":"ReadAction","target":["https:\/\/www.gaveanews.com\/index.php\/2024\/09\/25\/fernando-diniz-comete-gafe-na-apresentacao-no-cruzeiro\/"]}]},{"@type":"ImageObject","inLanguage":"pt-BR","@id":"https:\/\/www.gaveanews.com\/index.php\/2024\/09\/25\/fernando-diniz-comete-gafe-na-apresentacao-no-cruzeiro\/#primaryimage","url":"https:\/\/www.gaveanews.com\/wp-content\/uploads\/Fernando-Diniz-como-tecnico-do-Cruzeiro-em-2024.webp","contentUrl":"https:\/\/www.gaveanews.com\/wp-content\/uploads\/Fernando-Diniz-como-tecnico-do-Cruzeiro-em-2024.webp","width":1607,"height":1071,"caption":"Fernando Diniz como t\u00e9cnico do Cruzeiro em 2024 (Foto: Gustavo Aleixo\/Cruzeiro)"},{"@type":"BreadcrumbList","@id":"https:\/\/www.gaveanews.com\/index.php\/2024\/09\/25\/fernando-diniz-comete-gafe-na-apresentacao-no-cruzeiro\/#breadcrumb","itemListElement":[{"@type":"ListItem","position":1,"name":"Home","item":"https:\/\/www.gaveanews.com\/"},{"@type":"ListItem","position":2,"name":"Fernando Diniz comete gafe na apresenta\u00e7\u00e3o no Cruzeiro"}]},{"@type":"WebSite","@id":"https:\/\/www.gaveanews.com\/#website","url":"https:\/\/www.gaveanews.com\/","name":"G\u00e1vea News","description":"Veja todas as not\u00edcias sobre o Flamengo: Contrata\u00e7\u00f5es, categorias de base, resultados das partidas, tabela de classifica\u00e7\u00e3o, pr\u00f3ximos jogos!","potentialAction":[{"@type":"SearchAction","target":{"@type":"EntryPoint","urlTemplate":"https:\/\/www.gaveanews.com\/?s={search_term_string}"},"query-input":{"@type":"PropertyValueSpecification","valueRequired":true,"valueName":"search_term_string"}}],"inLanguage":"pt-BR"},{"@type":"Person","@id":"https:\/\/www.gaveanews.com\/#\/schema\/person\/2877169f354c4596cf5aab74ea7c56a8","name":"Leandro Azevedo","image":{"@type":"ImageObject","inLanguage":"pt-BR","@id":"https:\/\/www.gaveanews.com\/#\/schema\/person\/image\/","url":"https:\/\/secure.gravatar.com\/avatar\/e2f72eb6d986a41d592a85e4e36a6c6170e9ea8a1f433dfc29d0011a8968f89c?s=96&d=mm&r=g","contentUrl":"https:\/\/secure.gravatar.com\/avatar\/e2f72eb6d986a41d592a85e4e36a6c6170e9ea8a1f433dfc29d0011a8968f89c?s=96&d=mm&r=g","caption":"Leandro Azevedo"}}]}},"_links":{"self":[{"href":"https:\/\/www.gaveanews.com\/index.php\/wp-json\/wp\/v2\/posts\/168914","targetHints":{"allow":["GET"]}}],"collection":[{"href":"https:\/\/www.gaveanews.com\/index.php\/wp-json\/wp\/v2\/posts"}],"about":[{"href":"https:\/\/www.gaveanews.com\/index.php\/wp-json\/wp\/v2\/types\/post"}],"author":[{"embeddable":true,"href":"https:\/\/www.gaveanews.com\/index.php\/wp-json\/wp\/v2\/users\/23"}],"replies":[{"embeddable":true,"href":"https:\/\/www.gaveanews.com\/index.php\/wp-json\/wp\/v2\/comments?post=168914"}],"version-history":[{"count":1,"href":"https:\/\/www.gaveanews.com\/index.php\/wp-json\/wp\/v2\/posts\/168914\/revisions"}],"predecessor-version":[{"id":168915,"href":"https:\/\/www.gaveanews.com\/index.php\/wp-json\/wp\/v2\/posts\/168914\/revisions\/168915"}],"wp:featuredmedia":[{"embeddable":true,"href":"https:\/\/www.gaveanews.com\/index.php\/wp-json\/wp\/v2\/media\/169002"}],"wp:attachment":[{"href":"https:\/\/www.gaveanews.com\/index.php\/wp-json\/wp\/v2\/media?parent=168914"}],"wp:term":[{"taxonomy":"category","embeddable":true,"href":"https:\/\/www.gaveanews.com\/index.php\/wp-json\/wp\/v2\/categories?post=168914"},{"taxonomy":"post_tag","embeddable":true,"href":"https:\/\/www.gaveanews.com\/index.php\/wp-json\/wp\/v2\/tags?post=168914"}],"curies":[{"name":"wp","href":"https:\/\/api.w.org\/{rel}","templated":true}]}}