{"id":169020,"date":"2024-09-25T12:45:58","date_gmt":"2024-09-25T15:45:58","guid":{"rendered":"https:\/\/www.gaveanews.com\/?p=169020"},"modified":"2024-09-25T11:53:43","modified_gmt":"2024-09-25T14:53:43","slug":"ele-deixou-o-flamengo-e-agora-disputou-sua-primeira-partida-no-exterior","status":"publish","type":"post","link":"https:\/\/www.gaveanews.com\/index.php\/2024\/09\/25\/ele-deixou-o-flamengo-e-agora-disputou-sua-primeira-partida-no-exterior\/","title":{"rendered":"Ele deixou o Flamengo e agora disputou sua primeira partida no exterior"},"content":{"rendered":"\n<p>Victor Hugo, meia de 20 anos, disputou sua primeira partida no futebol internacional ap\u00f3s ser negociado pelo Flamengo. O jogador foi envolvido na contrata\u00e7\u00e3o do argentino Carlos Alcaraz, e atualmente est\u00e1 emprestado ao G\u00f6ztepe, da Turquia. <\/p>\n\n\n\n<p>Cabe ressaltar, que a estreia aconteceu na \u00faltima segunda-feira (23), quando o G\u00f6ztepe venceu o Kayserispor por 3 a 0, em jogo v\u00e1lido pela 6\u00aa rodada do Campeonato Turco.<\/p>\n\n\n\n<ul class=\"wp-block-list\">\n<li><a href=\"https:\/\/www.gaveanews.com\/index.php\/2024\/09\/25\/atualizacao-sobre-gabigol-vidente-crava-resultado-contra-o-penarol-e-flamengo-cobra-a-cbf-veja-as-ultimas-noticias-do-flamengo\/\">Atualiza\u00e7\u00e3o sobre Gabigol, vidente crava resultado contra o Pe\u00f1arol e Flamengo cobra a CBF: veja as \u00faltimas not\u00edcias do Flamengo<\/a><\/li>\n\n\n\n<li><a href=\"https:\/\/www.gaveanews.com\/index.php\/2024\/09\/25\/ex-vasco-assina-com-o-flamengo-novidades-sobre-o-estadio-e-situacao-de-marcos-braz-veja-as-ultimas-noticias-do-flamengo\/\">Ex-Vasco assina com o Flamengo, novidades sobre o est\u00e1dio e situa\u00e7\u00e3o de Marcos Braz: veja as \u00faltimas not\u00edcias do Flamengo<\/a><\/li>\n<\/ul>\n\n\n\n<h2 class=\"wp-block-heading\" id=\"h-negociacao-envolvendo-carlos-alcaraz\">Negocia\u00e7\u00e3o envolvendo Carlos Alcaraz<\/h2>\n\n\n\n<p>Na transa\u00e7\u00e3o para adquirir o meia Carlos Alcaraz, de 21 anos, junto ao Southampton, o Flamengo ofereceu Victor Hugo ao clube ingl\u00eas em um contrato de empr\u00e9stimo por um ano, com op\u00e7\u00e3o de compra. O valor estipulado para a compra \u00e9 de 6 milh\u00f5es de euros por 60% dos direitos econ\u00f4micos do jogador. Contudo, o Southampton decidiu repassar Victor Hugo ao G\u00f6ztepe, clube que pertence ao mesmo grupo que controla o time ingl\u00eas.<\/p>\n\n\n\n<p>Se o grupo propriet\u00e1rio de ambos os clubes decidir adquirir o jogador de forma definitiva, o valor do neg\u00f3cio pode alcan\u00e7ar 10 milh\u00f5es de euros (cerca de R$ 61 milh\u00f5es), garantindo 80% dos direitos econ\u00f4micos de Victor Hugo.<\/p>\n\n\n\n<h2 class=\"wp-block-heading\" id=\"h-estreia-vitoriosa-no-campeonato-turco\">Estreia vitoriosa no Campeonato Turco<\/h2>\n\n\n\n<p>A estreia de Victor Hugo no G\u00f6ztepe foi positiva. Com a vit\u00f3ria por 3 a 0 sobre o Kayserispor, a equipe turca alcan\u00e7ou a 6\u00aa coloca\u00e7\u00e3o no Campeonato Turco, somando nove pontos em cinco jogos disputados. O jovem brasileiro busca se firmar no novo clube e conquistar seu espa\u00e7o no futebol europeu.<\/p>\n\n\n\n<h2 class=\"wp-block-heading\" id=\"h-boa-passagem-pelo-flamengo\">Boa passagem pelo Flamengo<\/h2>\n\n\n\n<p>Victor Hugo ganhou notoriedade no Flamengo em 2022, quando foi promovido ao time principal pelo t\u00e9cnico Dorival J\u00fanior. Ele fez parte das campanhas vitoriosas do clube na Copa do Brasil e na Libertadores daquele ano. Em 2024, fez parte do elenco que conquistou o Campeonato Carioca, antes de ser envolvido na negocia\u00e7\u00e3o com o Southampton.<\/p>\n","protected":false},"excerpt":{"rendered":"<p>Victor Hugo, meia de 20 anos, disputou sua primeira partida no futebol internacional ap\u00f3s ser negociado pelo Flamengo. O jogador foi envolvido na contrata\u00e7\u00e3o do argentino Carlos Alcaraz, e atualmente est\u00e1 emprestado ao G\u00f6ztepe, da Turquia. Cabe ressaltar, que a estreia aconteceu na \u00faltima segunda-feira (23), quando o G\u00f6ztepe venceu o Kayserispor por 3 a [&hellip;]<\/p>\n","protected":false},"author":24,"featured_media":85458,"comment_status":"open","ping_status":"closed","sticky":false,"template":"","format":"standard","meta":{"footnotes":""},"categories":[1],"tags":[],"class_list":["post-169020","post","type-post","status-publish","format-standard","has-post-thumbnail","hentry","category-flamengo"],"yoast_head":"<!-- This site is optimized with the Yoast SEO Premium plugin v24.2 (Yoast SEO v26.9) - https:\/\/yoast.com\/product\/yoast-seo-premium-wordpress\/ -->\n<title>Ele deixou o Flamengo e agora disputou sua primeira partida no exterior<\/title>\n<meta name=\"robots\" content=\"index, follow, max-snippet:-1, max-image-preview:large, max-video-preview:-1\" \/>\n<link rel=\"canonical\" href=\"https:\/\/www.gaveanews.com\/index.php\/2024\/09\/25\/ele-deixou-o-flamengo-e-agora-disputou-sua-primeira-partida-no-exterior\/\" \/>\n<meta property=\"og:locale\" content=\"pt_BR\" \/>\n<meta property=\"og:type\" content=\"article\" \/>\n<meta property=\"og:title\" content=\"Ele deixou o Flamengo e agora disputou sua primeira partida no exterior\" \/>\n<meta property=\"og:description\" content=\"Victor Hugo, meia de 20 anos, disputou sua primeira partida no futebol internacional ap\u00f3s ser negociado pelo Flamengo. O jogador foi envolvido na contrata\u00e7\u00e3o do argentino Carlos Alcaraz, e atualmente est\u00e1 emprestado ao G\u00f6ztepe, da Turquia. Cabe ressaltar, que a estreia aconteceu na \u00faltima segunda-feira (23), quando o G\u00f6ztepe venceu o Kayserispor por 3 a [&hellip;]\" \/>\n<meta property=\"og:url\" content=\"https:\/\/www.gaveanews.com\/index.php\/2024\/09\/25\/ele-deixou-o-flamengo-e-agora-disputou-sua-primeira-partida-no-exterior\/\" \/>\n<meta property=\"og:site_name\" content=\"G\u00e1vea News\" \/>\n<meta property=\"article:publisher\" content=\"https:\/\/facebook.com\/gaveaNews\/\" \/>\n<meta property=\"article:published_time\" content=\"2024-09-25T15:45:58+00:00\" \/>\n<meta property=\"og:image\" content=\"https:\/\/www.gaveanews.com\/wp-content\/uploads\/Victor-Hugo-Arturo-Vidal-Everton-Cebolinha-e-Diego-Ribas-comemoram-gol-marcado-pelo-Flamengo-no-Brasileirao.webp\" \/>\n\t<meta property=\"og:image:width\" content=\"800\" \/>\n\t<meta property=\"og:image:height\" content=\"533\" \/>\n\t<meta property=\"og:image:type\" content=\"image\/jpeg\" \/>\n<meta name=\"author\" content=\"Leandro Cardoso\" \/>\n<meta name=\"twitter:card\" content=\"summary_large_image\" \/>\n<meta name=\"twitter:label1\" content=\"Escrito por\" \/>\n\t<meta name=\"twitter:data1\" content=\"Leandro Cardoso\" \/>\n\t<meta name=\"twitter:label2\" content=\"Est. tempo de leitura\" \/>\n\t<meta name=\"twitter:data2\" content=\"3 minutos\" \/>\n<script type=\"application\/ld+json\" class=\"yoast-schema-graph\">{\"@context\":\"https:\/\/schema.org\",\"@graph\":[{\"@type\":\"NewsArticle\",\"@id\":\"https:\/\/www.gaveanews.com\/index.php\/2024\/09\/25\/ele-deixou-o-flamengo-e-agora-disputou-sua-primeira-partida-no-exterior\/#article\",\"isPartOf\":{\"@id\":\"https:\/\/www.gaveanews.com\/index.php\/2024\/09\/25\/ele-deixou-o-flamengo-e-agora-disputou-sua-primeira-partida-no-exterior\/\"},\"author\":{\"name\":\"Leandro Cardoso\",\"@id\":\"https:\/\/www.gaveanews.com\/#\/schema\/person\/2424ec6409bc3f068411fc5e4e9b6168\"},\"headline\":\"Ele deixou o Flamengo e agora disputou sua primeira partida no exterior\",\"datePublished\":\"2024-09-25T15:45:58+00:00\",\"mainEntityOfPage\":{\"@id\":\"https:\/\/www.gaveanews.com\/index.php\/2024\/09\/25\/ele-deixou-o-flamengo-e-agora-disputou-sua-primeira-partida-no-exterior\/\"},\"wordCount\":365,\"commentCount\":0,\"image\":{\"@id\":\"https:\/\/www.gaveanews.com\/index.php\/2024\/09\/25\/ele-deixou-o-flamengo-e-agora-disputou-sua-primeira-partida-no-exterior\/#primaryimage\"},\"thumbnailUrl\":\"https:\/\/www.gaveanews.com\/wp-content\/uploads\/Victor-Hugo-Arturo-Vidal-Everton-Cebolinha-e-Diego-Ribas-comemoram-gol-marcado-pelo-Flamengo-no-Brasileirao.webp\",\"articleSection\":[\"Flamengo\"],\"inLanguage\":\"pt-BR\",\"potentialAction\":[{\"@type\":\"CommentAction\",\"name\":\"Comment\",\"target\":[\"https:\/\/www.gaveanews.com\/index.php\/2024\/09\/25\/ele-deixou-o-flamengo-e-agora-disputou-sua-primeira-partida-no-exterior\/#respond\"]}],\"copyrightYear\":\"2024\",\"copyrightHolder\":{\"@id\":\"https:\/\/www.gaveanews.com\/#organization\"}},{\"@type\":\"WebPage\",\"@id\":\"https:\/\/www.gaveanews.com\/index.php\/2024\/09\/25\/ele-deixou-o-flamengo-e-agora-disputou-sua-primeira-partida-no-exterior\/\",\"url\":\"https:\/\/www.gaveanews.com\/index.php\/2024\/09\/25\/ele-deixou-o-flamengo-e-agora-disputou-sua-primeira-partida-no-exterior\/\",\"name\":\"Ele deixou o Flamengo e agora disputou sua primeira partida no exterior\",\"isPartOf\":{\"@id\":\"https:\/\/www.gaveanews.com\/#website\"},\"primaryImageOfPage\":{\"@id\":\"https:\/\/www.gaveanews.com\/index.php\/2024\/09\/25\/ele-deixou-o-flamengo-e-agora-disputou-sua-primeira-partida-no-exterior\/#primaryimage\"},\"image\":{\"@id\":\"https:\/\/www.gaveanews.com\/index.php\/2024\/09\/25\/ele-deixou-o-flamengo-e-agora-disputou-sua-primeira-partida-no-exterior\/#primaryimage\"},\"thumbnailUrl\":\"https:\/\/www.gaveanews.com\/wp-content\/uploads\/Victor-Hugo-Arturo-Vidal-Everton-Cebolinha-e-Diego-Ribas-comemoram-gol-marcado-pelo-Flamengo-no-Brasileirao.webp\",\"datePublished\":\"2024-09-25T15:45:58+00:00\",\"author\":{\"@id\":\"https:\/\/www.gaveanews.com\/#\/schema\/person\/2424ec6409bc3f068411fc5e4e9b6168\"},\"breadcrumb\":{\"@id\":\"https:\/\/www.gaveanews.com\/index.php\/2024\/09\/25\/ele-deixou-o-flamengo-e-agora-disputou-sua-primeira-partida-no-exterior\/#breadcrumb\"},\"inLanguage\":\"pt-BR\",\"potentialAction\":[{\"@type\":\"ReadAction\",\"target\":[\"https:\/\/www.gaveanews.com\/index.php\/2024\/09\/25\/ele-deixou-o-flamengo-e-agora-disputou-sua-primeira-partida-no-exterior\/\"]}]},{\"@type\":\"ImageObject\",\"inLanguage\":\"pt-BR\",\"@id\":\"https:\/\/www.gaveanews.com\/index.php\/2024\/09\/25\/ele-deixou-o-flamengo-e-agora-disputou-sua-primeira-partida-no-exterior\/#primaryimage\",\"url\":\"https:\/\/www.gaveanews.com\/wp-content\/uploads\/Victor-Hugo-Arturo-Vidal-Everton-Cebolinha-e-Diego-Ribas-comemoram-gol-marcado-pelo-Flamengo-no-Brasileirao.webp\",\"contentUrl\":\"https:\/\/www.gaveanews.com\/wp-content\/uploads\/Victor-Hugo-Arturo-Vidal-Everton-Cebolinha-e-Diego-Ribas-comemoram-gol-marcado-pelo-Flamengo-no-Brasileirao.webp\",\"width\":800,\"height\":533,\"caption\":\"Victor Hugo, Arturo Vidal, Everton Cebolinha e Diego Ribas comemoram gol marcado pelo Flamengo no Brasileir\u00e3o (Foto: Marcelo Cortes\/Flamengo)\"},{\"@type\":\"BreadcrumbList\",\"@id\":\"https:\/\/www.gaveanews.com\/index.php\/2024\/09\/25\/ele-deixou-o-flamengo-e-agora-disputou-sua-primeira-partida-no-exterior\/#breadcrumb\",\"itemListElement\":[{\"@type\":\"ListItem\",\"position\":1,\"name\":\"Home\",\"item\":\"https:\/\/www.gaveanews.com\/\"},{\"@type\":\"ListItem\",\"position\":2,\"name\":\"Ele deixou o Flamengo e agora disputou sua primeira partida no exterior\"}]},{\"@type\":\"WebSite\",\"@id\":\"https:\/\/www.gaveanews.com\/#website\",\"url\":\"https:\/\/www.gaveanews.com\/\",\"name\":\"G\u00e1vea News\",\"description\":\"Veja todas as not\u00edcias sobre o Flamengo: Contrata\u00e7\u00f5es, categorias de base, resultados das partidas, tabela de classifica\u00e7\u00e3o, pr\u00f3ximos jogos!\",\"potentialAction\":[{\"@type\":\"SearchAction\",\"target\":{\"@type\":\"EntryPoint\",\"urlTemplate\":\"https:\/\/www.gaveanews.com\/?s={search_term_string}\"},\"query-input\":{\"@type\":\"PropertyValueSpecification\",\"valueRequired\":true,\"valueName\":\"search_term_string\"}}],\"inLanguage\":\"pt-BR\"},{\"@type\":\"Person\",\"@id\":\"https:\/\/www.gaveanews.com\/#\/schema\/person\/2424ec6409bc3f068411fc5e4e9b6168\",\"name\":\"Leandro Cardoso\",\"image\":{\"@type\":\"ImageObject\",\"inLanguage\":\"pt-BR\",\"@id\":\"https:\/\/www.gaveanews.com\/#\/schema\/person\/image\/\",\"url\":\"https:\/\/secure.gravatar.com\/avatar\/8ca179f9b55eefe9f376f5493ef25475bfa59fbc28ce937f6076ce20e523098f?s=96&d=mm&r=g\",\"contentUrl\":\"https:\/\/secure.gravatar.com\/avatar\/8ca179f9b55eefe9f376f5493ef25475bfa59fbc28ce937f6076ce20e523098f?s=96&d=mm&r=g\",\"caption\":\"Leandro Cardoso\"}}]}<\/script>\n<!-- \/ Yoast SEO Premium plugin. -->","yoast_head_json":{"title":"Ele deixou o Flamengo e agora disputou sua primeira partida no exterior","robots":{"index":"index","follow":"follow","max-snippet":"max-snippet:-1","max-image-preview":"max-image-preview:large","max-video-preview":"max-video-preview:-1"},"canonical":"https:\/\/www.gaveanews.com\/index.php\/2024\/09\/25\/ele-deixou-o-flamengo-e-agora-disputou-sua-primeira-partida-no-exterior\/","og_locale":"pt_BR","og_type":"article","og_title":"Ele deixou o Flamengo e agora disputou sua primeira partida no exterior","og_description":"Victor Hugo, meia de 20 anos, disputou sua primeira partida no futebol internacional ap\u00f3s ser negociado pelo Flamengo. O jogador foi envolvido na contrata\u00e7\u00e3o do argentino Carlos Alcaraz, e atualmente est\u00e1 emprestado ao G\u00f6ztepe, da Turquia. Cabe ressaltar, que a estreia aconteceu na \u00faltima segunda-feira (23), quando o G\u00f6ztepe venceu o Kayserispor por 3 a [&hellip;]","og_url":"https:\/\/www.gaveanews.com\/index.php\/2024\/09\/25\/ele-deixou-o-flamengo-e-agora-disputou-sua-primeira-partida-no-exterior\/","og_site_name":"G\u00e1vea News","article_publisher":"https:\/\/facebook.com\/gaveaNews\/","article_published_time":"2024-09-25T15:45:58+00:00","og_image":[{"width":800,"height":533,"url":"https:\/\/www.gaveanews.com\/wp-content\/uploads\/Victor-Hugo-Arturo-Vidal-Everton-Cebolinha-e-Diego-Ribas-comemoram-gol-marcado-pelo-Flamengo-no-Brasileirao.webp","type":"image\/jpeg"}],"author":"Leandro Cardoso","twitter_card":"summary_large_image","twitter_misc":{"Escrito por":"Leandro Cardoso","Est. tempo de leitura":"3 minutos"},"schema":{"@context":"https:\/\/schema.org","@graph":[{"@type":"NewsArticle","@id":"https:\/\/www.gaveanews.com\/index.php\/2024\/09\/25\/ele-deixou-o-flamengo-e-agora-disputou-sua-primeira-partida-no-exterior\/#article","isPartOf":{"@id":"https:\/\/www.gaveanews.com\/index.php\/2024\/09\/25\/ele-deixou-o-flamengo-e-agora-disputou-sua-primeira-partida-no-exterior\/"},"author":{"name":"Leandro Cardoso","@id":"https:\/\/www.gaveanews.com\/#\/schema\/person\/2424ec6409bc3f068411fc5e4e9b6168"},"headline":"Ele deixou o Flamengo e agora disputou sua primeira partida no exterior","datePublished":"2024-09-25T15:45:58+00:00","mainEntityOfPage":{"@id":"https:\/\/www.gaveanews.com\/index.php\/2024\/09\/25\/ele-deixou-o-flamengo-e-agora-disputou-sua-primeira-partida-no-exterior\/"},"wordCount":365,"commentCount":0,"image":{"@id":"https:\/\/www.gaveanews.com\/index.php\/2024\/09\/25\/ele-deixou-o-flamengo-e-agora-disputou-sua-primeira-partida-no-exterior\/#primaryimage"},"thumbnailUrl":"https:\/\/www.gaveanews.com\/wp-content\/uploads\/Victor-Hugo-Arturo-Vidal-Everton-Cebolinha-e-Diego-Ribas-comemoram-gol-marcado-pelo-Flamengo-no-Brasileirao.webp","articleSection":["Flamengo"],"inLanguage":"pt-BR","potentialAction":[{"@type":"CommentAction","name":"Comment","target":["https:\/\/www.gaveanews.com\/index.php\/2024\/09\/25\/ele-deixou-o-flamengo-e-agora-disputou-sua-primeira-partida-no-exterior\/#respond"]}],"copyrightYear":"2024","copyrightHolder":{"@id":"https:\/\/www.gaveanews.com\/#organization"}},{"@type":"WebPage","@id":"https:\/\/www.gaveanews.com\/index.php\/2024\/09\/25\/ele-deixou-o-flamengo-e-agora-disputou-sua-primeira-partida-no-exterior\/","url":"https:\/\/www.gaveanews.com\/index.php\/2024\/09\/25\/ele-deixou-o-flamengo-e-agora-disputou-sua-primeira-partida-no-exterior\/","name":"Ele deixou o Flamengo e agora disputou sua primeira partida no exterior","isPartOf":{"@id":"https:\/\/www.gaveanews.com\/#website"},"primaryImageOfPage":{"@id":"https:\/\/www.gaveanews.com\/index.php\/2024\/09\/25\/ele-deixou-o-flamengo-e-agora-disputou-sua-primeira-partida-no-exterior\/#primaryimage"},"image":{"@id":"https:\/\/www.gaveanews.com\/index.php\/2024\/09\/25\/ele-deixou-o-flamengo-e-agora-disputou-sua-primeira-partida-no-exterior\/#primaryimage"},"thumbnailUrl":"https:\/\/www.gaveanews.com\/wp-content\/uploads\/Victor-Hugo-Arturo-Vidal-Everton-Cebolinha-e-Diego-Ribas-comemoram-gol-marcado-pelo-Flamengo-no-Brasileirao.webp","datePublished":"2024-09-25T15:45:58+00:00","author":{"@id":"https:\/\/www.gaveanews.com\/#\/schema\/person\/2424ec6409bc3f068411fc5e4e9b6168"},"breadcrumb":{"@id":"https:\/\/www.gaveanews.com\/index.php\/2024\/09\/25\/ele-deixou-o-flamengo-e-agora-disputou-sua-primeira-partida-no-exterior\/#breadcrumb"},"inLanguage":"pt-BR","potentialAction":[{"@type":"ReadAction","target":["https:\/\/www.gaveanews.com\/index.php\/2024\/09\/25\/ele-deixou-o-flamengo-e-agora-disputou-sua-primeira-partida-no-exterior\/"]}]},{"@type":"ImageObject","inLanguage":"pt-BR","@id":"https:\/\/www.gaveanews.com\/index.php\/2024\/09\/25\/ele-deixou-o-flamengo-e-agora-disputou-sua-primeira-partida-no-exterior\/#primaryimage","url":"https:\/\/www.gaveanews.com\/wp-content\/uploads\/Victor-Hugo-Arturo-Vidal-Everton-Cebolinha-e-Diego-Ribas-comemoram-gol-marcado-pelo-Flamengo-no-Brasileirao.webp","contentUrl":"https:\/\/www.gaveanews.com\/wp-content\/uploads\/Victor-Hugo-Arturo-Vidal-Everton-Cebolinha-e-Diego-Ribas-comemoram-gol-marcado-pelo-Flamengo-no-Brasileirao.webp","width":800,"height":533,"caption":"Victor Hugo, Arturo Vidal, Everton Cebolinha e Diego Ribas comemoram gol marcado pelo Flamengo no Brasileir\u00e3o (Foto: Marcelo Cortes\/Flamengo)"},{"@type":"BreadcrumbList","@id":"https:\/\/www.gaveanews.com\/index.php\/2024\/09\/25\/ele-deixou-o-flamengo-e-agora-disputou-sua-primeira-partida-no-exterior\/#breadcrumb","itemListElement":[{"@type":"ListItem","position":1,"name":"Home","item":"https:\/\/www.gaveanews.com\/"},{"@type":"ListItem","position":2,"name":"Ele deixou o Flamengo e agora disputou sua primeira partida no exterior"}]},{"@type":"WebSite","@id":"https:\/\/www.gaveanews.com\/#website","url":"https:\/\/www.gaveanews.com\/","name":"G\u00e1vea News","description":"Veja todas as not\u00edcias sobre o Flamengo: Contrata\u00e7\u00f5es, categorias de base, resultados das partidas, tabela de classifica\u00e7\u00e3o, pr\u00f3ximos jogos!","potentialAction":[{"@type":"SearchAction","target":{"@type":"EntryPoint","urlTemplate":"https:\/\/www.gaveanews.com\/?s={search_term_string}"},"query-input":{"@type":"PropertyValueSpecification","valueRequired":true,"valueName":"search_term_string"}}],"inLanguage":"pt-BR"},{"@type":"Person","@id":"https:\/\/www.gaveanews.com\/#\/schema\/person\/2424ec6409bc3f068411fc5e4e9b6168","name":"Leandro Cardoso","image":{"@type":"ImageObject","inLanguage":"pt-BR","@id":"https:\/\/www.gaveanews.com\/#\/schema\/person\/image\/","url":"https:\/\/secure.gravatar.com\/avatar\/8ca179f9b55eefe9f376f5493ef25475bfa59fbc28ce937f6076ce20e523098f?s=96&d=mm&r=g","contentUrl":"https:\/\/secure.gravatar.com\/avatar\/8ca179f9b55eefe9f376f5493ef25475bfa59fbc28ce937f6076ce20e523098f?s=96&d=mm&r=g","caption":"Leandro Cardoso"}}]}},"_links":{"self":[{"href":"https:\/\/www.gaveanews.com\/index.php\/wp-json\/wp\/v2\/posts\/169020","targetHints":{"allow":["GET"]}}],"collection":[{"href":"https:\/\/www.gaveanews.com\/index.php\/wp-json\/wp\/v2\/posts"}],"about":[{"href":"https:\/\/www.gaveanews.com\/index.php\/wp-json\/wp\/v2\/types\/post"}],"author":[{"embeddable":true,"href":"https:\/\/www.gaveanews.com\/index.php\/wp-json\/wp\/v2\/users\/24"}],"replies":[{"embeddable":true,"href":"https:\/\/www.gaveanews.com\/index.php\/wp-json\/wp\/v2\/comments?post=169020"}],"version-history":[{"count":1,"href":"https:\/\/www.gaveanews.com\/index.php\/wp-json\/wp\/v2\/posts\/169020\/revisions"}],"predecessor-version":[{"id":169023,"href":"https:\/\/www.gaveanews.com\/index.php\/wp-json\/wp\/v2\/posts\/169020\/revisions\/169023"}],"wp:featuredmedia":[{"embeddable":true,"href":"https:\/\/www.gaveanews.com\/index.php\/wp-json\/wp\/v2\/media\/85458"}],"wp:attachment":[{"href":"https:\/\/www.gaveanews.com\/index.php\/wp-json\/wp\/v2\/media?parent=169020"}],"wp:term":[{"taxonomy":"category","embeddable":true,"href":"https:\/\/www.gaveanews.com\/index.php\/wp-json\/wp\/v2\/categories?post=169020"},{"taxonomy":"post_tag","embeddable":true,"href":"https:\/\/www.gaveanews.com\/index.php\/wp-json\/wp\/v2\/tags?post=169020"}],"curies":[{"name":"wp","href":"https:\/\/api.w.org\/{rel}","templated":true}]}}