{"id":169121,"date":"2024-09-25T14:23:58","date_gmt":"2024-09-25T17:23:58","guid":{"rendered":"https:\/\/www.gaveanews.com\/?p=169121"},"modified":"2024-09-25T14:24:00","modified_gmt":"2024-09-25T17:24:00","slug":"a-declaracao-de-rafael-sobis-sobre-a-chegada-de-diniz-ao-cruzeiro","status":"publish","type":"post","link":"https:\/\/www.gaveanews.com\/index.php\/2024\/09\/25\/a-declaracao-de-rafael-sobis-sobre-a-chegada-de-diniz-ao-cruzeiro\/","title":{"rendered":"A declara\u00e7\u00e3o de Rafael Sobis sobre a chegada de Diniz ao Cruzeiro"},"content":{"rendered":"\n<h2 class=\"wp-block-heading\" id=\"h-sobis-elogia-cruzeiro-pela-contratacao-de-diniz\">Sobis elogia Cruzeiro pela contrata\u00e7\u00e3o de Diniz<\/h2>\n\n\n\n<p>O ex-atacante Rafael Sobis elogiou a escolha do Cruzeiro ao contratar o t\u00e9cnico Fernando Diniz e fez previs\u00f5es sobre a passagem do atual campe\u00e3o da Copa Libertadores pela Toca da Raposa II, em Belo Horizonte. O treinador firmou um contrato at\u00e9 o final de 2025.<\/p>\n\n\n\n<ul class=\"wp-block-list\">\n<li><a href=\"https:\/\/www.gaveanews.com\/index.php\/2024\/09\/25\/fernando-diniz-comete-gafe-na-apresentacao-no-cruzeiro\/\">Fernando Diniz comete gafe na apresenta\u00e7\u00e3o no Cruzeiro<\/a><\/li>\n\n\n\n<li><a href=\"https:\/\/www.gaveanews.com\/index.php\/2024\/09\/25\/a-declaracao-de-galvao-bueno-sobre-fernando-diniz-no-cruzeiro\/\">A declara\u00e7\u00e3o de Galv\u00e3o Bueno sobre Fernando Diniz no Cruzeiro<br><\/a><\/li>\n<\/ul>\n\n\n\n<p>Nesta ter\u00e7a-feira (24), durante uma participa\u00e7\u00e3o no canal 4D Esportes, Sobis comentou sobre a chegada de Diniz, afirmando que, considerando as caracter\u00edsticas do elenco celeste, essa parceria tem tudo para ser bem-sucedida.<\/p>\n\n\n\n<p><em>-Foi uma boa escolha. N\u00e3o vamos entrar no m\u00e9rito da demiss\u00e3o [do Fernando Seabra]. Vamos falar do Diniz. O Cruzeiro \u00e9 um time bom e jovem, \u00e9 tudo o que o Diniz gosta. Tudo que o Diniz precisa. O Diniz fez um Fluminense com mais idade ser campe\u00e3o da Libertadores, iniciou.<\/em><\/p>\n\n\n\n<figure class=\"wp-block-image size-large\"><img loading=\"lazy\" decoding=\"async\" width=\"1024\" height=\"683\" src=\"https:\/\/www.gaveanews.com\/wp-content\/uploads\/Fernando-Diniz-durante-apresentacao-no-Cruzeiro-1024x683.webp\" alt=\"\" class=\"wp-image-169051\" srcset=\"https:\/\/www.gaveanews.com\/wp-content\/uploads\/Fernando-Diniz-durante-apresentacao-no-Cruzeiro-1024x683.webp 1024w, https:\/\/www.gaveanews.com\/wp-content\/uploads\/Fernando-Diniz-durante-apresentacao-no-Cruzeiro-300x200.webp 300w, https:\/\/www.gaveanews.com\/wp-content\/uploads\/Fernando-Diniz-durante-apresentacao-no-Cruzeiro-768x512.webp 768w, https:\/\/www.gaveanews.com\/wp-content\/uploads\/Fernando-Diniz-durante-apresentacao-no-Cruzeiro-630x420.webp 630w, https:\/\/www.gaveanews.com\/wp-content\/uploads\/Fernando-Diniz-durante-apresentacao-no-Cruzeiro-1260x840.webp 1260w, https:\/\/www.gaveanews.com\/wp-content\/uploads\/Fernando-Diniz-durante-apresentacao-no-Cruzeiro-640x427.webp 640w, https:\/\/www.gaveanews.com\/wp-content\/uploads\/Fernando-Diniz-durante-apresentacao-no-Cruzeiro-1280x853.webp 1280w, https:\/\/www.gaveanews.com\/wp-content\/uploads\/Fernando-Diniz-durante-apresentacao-no-Cruzeiro-681x454.webp 681w, https:\/\/www.gaveanews.com\/wp-content\/uploads\/Fernando-Diniz-durante-apresentacao-no-Cruzeiro-100x67.webp 100w, https:\/\/www.gaveanews.com\/wp-content\/uploads\/Fernando-Diniz-durante-apresentacao-no-Cruzeiro.webp 1353w\" sizes=\"auto, (max-width: 1024px) 100vw, 1024px\" \/><figcaption class=\"wp-element-caption\">Fernando Diniz durante apresenta\u00e7\u00e3o no Cruzeiro (Foto: Gustavo Aleixo\/Cruzeiro)<\/figcaption><\/figure>\n\n\n\n<p>Na vis\u00e3o do ex-jogador cruzeirense, o novo t\u00e9cnico n\u00e3o ter\u00e1 tempo suficiente at\u00e9 o t\u00e9rmino da temporada para realizar uma mudan\u00e7a dr\u00e1stica no estilo de jogo da equipe.<\/p>\n\n\n\n<p><em>-N\u00e3o consigo ver a curto prazo aquele jogo do Diniz. Imagino que ele precisa de uma pr\u00e9-temporada, de mais tempo, at\u00e9 porque o Cruzeiro est\u00e1 na Sul-Americana. Achei uma baita contrata\u00e7\u00e3o. Tem tudo para encaixar muito bem, boa sorte para o Diniz. Uma boa escolha do Pedrinho. Se encaixar esse Cruzeiro jovem com o Diniz\u2026 vai incomodar no ano que vem. Acho que o trabalho \u00e9 mais para o ano que vem, completou Sobis.<\/em><\/p>\n\n\n\n<p>Com uma vantagem sobre o Libertad, do Paraguai, o Cruzeiro pode at\u00e9 perder por um gol de diferen\u00e7a no Mineir\u00e3o, em BH, e mesmo assim avan\u00e7ar para as semifinais da Copa Sul-Americana. De acordo com Sobis, o clube possui grandes chances de conquistar o t\u00edtulo continental em 2024.<\/p>\n\n\n\n<p><em>-O Cruzeiro tem grandes chances de ser campe\u00e3o da Sul-Americana, porque vem jogando muito bem. Me surpreendeu um pouquinho a demiss\u00e3o, mas fiquei feliz com a contrata\u00e7\u00e3o do Diniz. A troca mostra que o Pedrinho \u00e9 ambicioso. Como dono do clube, n\u00e3o tem muita paci\u00eancia. O Cruzeiro n\u00e3o est\u00e1 mal na tabela [do Brasileir\u00e3o] e est\u00e1 nas fases finais da Sul-Americana, coisa que n\u00e3o se imaginava h\u00e1 um tempo. Quero apenas desejar boa sorte ao Diniz, \u00e9 o atual campe\u00e3o da Libertadores, encerrou o ex-jogador.<\/em><\/p>\n","protected":false},"excerpt":{"rendered":"<p>A declara\u00e7\u00e3o de Rafael S\u00f3bis sobre a chegada de Diniz ao Cruzeiro<\/p>\n","protected":false},"author":16,"featured_media":169002,"comment_status":"open","ping_status":"closed","sticky":false,"template":"","format":"standard","meta":{"footnotes":""},"categories":[143],"tags":[],"class_list":["post-169121","post","type-post","status-publish","format-standard","has-post-thumbnail","hentry","category-cruzeiro"],"yoast_head":"<!-- This site is optimized with the Yoast SEO Premium plugin v24.2 (Yoast SEO v26.9) - https:\/\/yoast.com\/product\/yoast-seo-premium-wordpress\/ -->\n<title>A declara\u00e7\u00e3o de Rafael Sobis sobre a chegada de Diniz ao Cruzeiro<\/title>\n<meta name=\"description\" content=\"A declara\u00e7\u00e3o de Rafael Sobis sobre a chegada de Diniz ao Cruzeiro\" \/>\n<meta name=\"robots\" content=\"index, follow, max-snippet:-1, max-image-preview:large, max-video-preview:-1\" \/>\n<link rel=\"canonical\" href=\"https:\/\/www.gaveanews.com\/index.php\/2024\/09\/25\/a-declaracao-de-rafael-sobis-sobre-a-chegada-de-diniz-ao-cruzeiro\/\" \/>\n<meta property=\"og:locale\" content=\"pt_BR\" \/>\n<meta property=\"og:type\" content=\"article\" \/>\n<meta property=\"og:title\" content=\"A declara\u00e7\u00e3o de Rafael Sobis sobre a chegada de Diniz ao Cruzeiro\" \/>\n<meta property=\"og:description\" content=\"A declara\u00e7\u00e3o de Rafael Sobis sobre a chegada de Diniz ao Cruzeiro\" \/>\n<meta property=\"og:url\" content=\"https:\/\/www.gaveanews.com\/index.php\/2024\/09\/25\/a-declaracao-de-rafael-sobis-sobre-a-chegada-de-diniz-ao-cruzeiro\/\" \/>\n<meta property=\"og:site_name\" content=\"G\u00e1vea News\" \/>\n<meta property=\"article:publisher\" content=\"https:\/\/facebook.com\/gaveaNews\/\" \/>\n<meta property=\"article:published_time\" content=\"2024-09-25T17:23:58+00:00\" \/>\n<meta property=\"article:modified_time\" content=\"2024-09-25T17:24:00+00:00\" \/>\n<meta property=\"og:image\" content=\"https:\/\/www.gaveanews.com\/wp-content\/uploads\/Fernando-Diniz-como-tecnico-do-Cruzeiro-em-2024.webp\" \/>\n\t<meta property=\"og:image:width\" content=\"1607\" \/>\n\t<meta property=\"og:image:height\" content=\"1071\" \/>\n\t<meta property=\"og:image:type\" content=\"image\/webp\" \/>\n<meta name=\"author\" content=\"D\u00e9bora Figueiredo\" \/>\n<meta name=\"twitter:card\" content=\"summary_large_image\" \/>\n<meta name=\"twitter:label1\" content=\"Escrito por\" \/>\n\t<meta name=\"twitter:data1\" content=\"D\u00e9bora Figueiredo\" \/>\n\t<meta name=\"twitter:label2\" content=\"Est. tempo de leitura\" \/>\n\t<meta name=\"twitter:data2\" content=\"3 minutos\" \/>\n<script type=\"application\/ld+json\" class=\"yoast-schema-graph\">{\"@context\":\"https:\/\/schema.org\",\"@graph\":[{\"@type\":\"NewsArticle\",\"@id\":\"https:\/\/www.gaveanews.com\/index.php\/2024\/09\/25\/a-declaracao-de-rafael-sobis-sobre-a-chegada-de-diniz-ao-cruzeiro\/#article\",\"isPartOf\":{\"@id\":\"https:\/\/www.gaveanews.com\/index.php\/2024\/09\/25\/a-declaracao-de-rafael-sobis-sobre-a-chegada-de-diniz-ao-cruzeiro\/\"},\"author\":{\"name\":\"D\u00e9bora Figueiredo\",\"@id\":\"https:\/\/www.gaveanews.com\/#\/schema\/person\/37122681a8575a5c8db05a56f099a5e4\"},\"headline\":\"A declara\u00e7\u00e3o de Rafael Sobis sobre a chegada de Diniz ao Cruzeiro\",\"datePublished\":\"2024-09-25T17:23:58+00:00\",\"dateModified\":\"2024-09-25T17:24:00+00:00\",\"mainEntityOfPage\":{\"@id\":\"https:\/\/www.gaveanews.com\/index.php\/2024\/09\/25\/a-declaracao-de-rafael-sobis-sobre-a-chegada-de-diniz-ao-cruzeiro\/\"},\"wordCount\":440,\"commentCount\":0,\"image\":{\"@id\":\"https:\/\/www.gaveanews.com\/index.php\/2024\/09\/25\/a-declaracao-de-rafael-sobis-sobre-a-chegada-de-diniz-ao-cruzeiro\/#primaryimage\"},\"thumbnailUrl\":\"https:\/\/www.gaveanews.com\/wp-content\/uploads\/Fernando-Diniz-como-tecnico-do-Cruzeiro-em-2024.webp\",\"articleSection\":[\"Cruzeiro\"],\"inLanguage\":\"pt-BR\",\"potentialAction\":[{\"@type\":\"CommentAction\",\"name\":\"Comment\",\"target\":[\"https:\/\/www.gaveanews.com\/index.php\/2024\/09\/25\/a-declaracao-de-rafael-sobis-sobre-a-chegada-de-diniz-ao-cruzeiro\/#respond\"]}],\"copyrightYear\":\"2024\",\"copyrightHolder\":{\"@id\":\"https:\/\/www.gaveanews.com\/#organization\"}},{\"@type\":\"WebPage\",\"@id\":\"https:\/\/www.gaveanews.com\/index.php\/2024\/09\/25\/a-declaracao-de-rafael-sobis-sobre-a-chegada-de-diniz-ao-cruzeiro\/\",\"url\":\"https:\/\/www.gaveanews.com\/index.php\/2024\/09\/25\/a-declaracao-de-rafael-sobis-sobre-a-chegada-de-diniz-ao-cruzeiro\/\",\"name\":\"A declara\u00e7\u00e3o de Rafael Sobis sobre a chegada de Diniz ao Cruzeiro\",\"isPartOf\":{\"@id\":\"https:\/\/www.gaveanews.com\/#website\"},\"primaryImageOfPage\":{\"@id\":\"https:\/\/www.gaveanews.com\/index.php\/2024\/09\/25\/a-declaracao-de-rafael-sobis-sobre-a-chegada-de-diniz-ao-cruzeiro\/#primaryimage\"},\"image\":{\"@id\":\"https:\/\/www.gaveanews.com\/index.php\/2024\/09\/25\/a-declaracao-de-rafael-sobis-sobre-a-chegada-de-diniz-ao-cruzeiro\/#primaryimage\"},\"thumbnailUrl\":\"https:\/\/www.gaveanews.com\/wp-content\/uploads\/Fernando-Diniz-como-tecnico-do-Cruzeiro-em-2024.webp\",\"datePublished\":\"2024-09-25T17:23:58+00:00\",\"dateModified\":\"2024-09-25T17:24:00+00:00\",\"author\":{\"@id\":\"https:\/\/www.gaveanews.com\/#\/schema\/person\/37122681a8575a5c8db05a56f099a5e4\"},\"description\":\"A declara\u00e7\u00e3o de Rafael Sobis sobre a chegada de Diniz ao Cruzeiro\",\"breadcrumb\":{\"@id\":\"https:\/\/www.gaveanews.com\/index.php\/2024\/09\/25\/a-declaracao-de-rafael-sobis-sobre-a-chegada-de-diniz-ao-cruzeiro\/#breadcrumb\"},\"inLanguage\":\"pt-BR\",\"potentialAction\":[{\"@type\":\"ReadAction\",\"target\":[\"https:\/\/www.gaveanews.com\/index.php\/2024\/09\/25\/a-declaracao-de-rafael-sobis-sobre-a-chegada-de-diniz-ao-cruzeiro\/\"]}]},{\"@type\":\"ImageObject\",\"inLanguage\":\"pt-BR\",\"@id\":\"https:\/\/www.gaveanews.com\/index.php\/2024\/09\/25\/a-declaracao-de-rafael-sobis-sobre-a-chegada-de-diniz-ao-cruzeiro\/#primaryimage\",\"url\":\"https:\/\/www.gaveanews.com\/wp-content\/uploads\/Fernando-Diniz-como-tecnico-do-Cruzeiro-em-2024.webp\",\"contentUrl\":\"https:\/\/www.gaveanews.com\/wp-content\/uploads\/Fernando-Diniz-como-tecnico-do-Cruzeiro-em-2024.webp\",\"width\":1607,\"height\":1071,\"caption\":\"Fernando Diniz como t\u00e9cnico do Cruzeiro em 2024 (Foto: Gustavo Aleixo\/Cruzeiro)\"},{\"@type\":\"BreadcrumbList\",\"@id\":\"https:\/\/www.gaveanews.com\/index.php\/2024\/09\/25\/a-declaracao-de-rafael-sobis-sobre-a-chegada-de-diniz-ao-cruzeiro\/#breadcrumb\",\"itemListElement\":[{\"@type\":\"ListItem\",\"position\":1,\"name\":\"Home\",\"item\":\"https:\/\/www.gaveanews.com\/\"},{\"@type\":\"ListItem\",\"position\":2,\"name\":\"A declara\u00e7\u00e3o de Rafael Sobis sobre a chegada de Diniz ao Cruzeiro\"}]},{\"@type\":\"WebSite\",\"@id\":\"https:\/\/www.gaveanews.com\/#website\",\"url\":\"https:\/\/www.gaveanews.com\/\",\"name\":\"G\u00e1vea News\",\"description\":\"Veja todas as not\u00edcias sobre o Flamengo: Contrata\u00e7\u00f5es, categorias de base, resultados das partidas, tabela de classifica\u00e7\u00e3o, pr\u00f3ximos jogos!\",\"potentialAction\":[{\"@type\":\"SearchAction\",\"target\":{\"@type\":\"EntryPoint\",\"urlTemplate\":\"https:\/\/www.gaveanews.com\/?s={search_term_string}\"},\"query-input\":{\"@type\":\"PropertyValueSpecification\",\"valueRequired\":true,\"valueName\":\"search_term_string\"}}],\"inLanguage\":\"pt-BR\"},{\"@type\":\"Person\",\"@id\":\"https:\/\/www.gaveanews.com\/#\/schema\/person\/37122681a8575a5c8db05a56f099a5e4\",\"name\":\"D\u00e9bora Figueiredo\",\"image\":{\"@type\":\"ImageObject\",\"inLanguage\":\"pt-BR\",\"@id\":\"https:\/\/www.gaveanews.com\/#\/schema\/person\/image\/\",\"url\":\"https:\/\/secure.gravatar.com\/avatar\/1f44802859351588499d26f52aed1d15796ce17e67602895b72837c08018868d?s=96&d=mm&r=g\",\"contentUrl\":\"https:\/\/secure.gravatar.com\/avatar\/1f44802859351588499d26f52aed1d15796ce17e67602895b72837c08018868d?s=96&d=mm&r=g\",\"caption\":\"D\u00e9bora Figueiredo\"}}]}<\/script>\n<!-- \/ Yoast SEO Premium plugin. -->","yoast_head_json":{"title":"A declara\u00e7\u00e3o de Rafael Sobis sobre a chegada de Diniz ao Cruzeiro","description":"A declara\u00e7\u00e3o de Rafael Sobis sobre a chegada de Diniz ao Cruzeiro","robots":{"index":"index","follow":"follow","max-snippet":"max-snippet:-1","max-image-preview":"max-image-preview:large","max-video-preview":"max-video-preview:-1"},"canonical":"https:\/\/www.gaveanews.com\/index.php\/2024\/09\/25\/a-declaracao-de-rafael-sobis-sobre-a-chegada-de-diniz-ao-cruzeiro\/","og_locale":"pt_BR","og_type":"article","og_title":"A declara\u00e7\u00e3o de Rafael Sobis sobre a chegada de Diniz ao Cruzeiro","og_description":"A declara\u00e7\u00e3o de Rafael Sobis sobre a chegada de Diniz ao Cruzeiro","og_url":"https:\/\/www.gaveanews.com\/index.php\/2024\/09\/25\/a-declaracao-de-rafael-sobis-sobre-a-chegada-de-diniz-ao-cruzeiro\/","og_site_name":"G\u00e1vea News","article_publisher":"https:\/\/facebook.com\/gaveaNews\/","article_published_time":"2024-09-25T17:23:58+00:00","article_modified_time":"2024-09-25T17:24:00+00:00","og_image":[{"width":1607,"height":1071,"url":"https:\/\/www.gaveanews.com\/wp-content\/uploads\/Fernando-Diniz-como-tecnico-do-Cruzeiro-em-2024.webp","type":"image\/webp"}],"author":"D\u00e9bora Figueiredo","twitter_card":"summary_large_image","twitter_misc":{"Escrito por":"D\u00e9bora Figueiredo","Est. tempo de leitura":"3 minutos"},"schema":{"@context":"https:\/\/schema.org","@graph":[{"@type":"NewsArticle","@id":"https:\/\/www.gaveanews.com\/index.php\/2024\/09\/25\/a-declaracao-de-rafael-sobis-sobre-a-chegada-de-diniz-ao-cruzeiro\/#article","isPartOf":{"@id":"https:\/\/www.gaveanews.com\/index.php\/2024\/09\/25\/a-declaracao-de-rafael-sobis-sobre-a-chegada-de-diniz-ao-cruzeiro\/"},"author":{"name":"D\u00e9bora Figueiredo","@id":"https:\/\/www.gaveanews.com\/#\/schema\/person\/37122681a8575a5c8db05a56f099a5e4"},"headline":"A declara\u00e7\u00e3o de Rafael Sobis sobre a chegada de Diniz ao Cruzeiro","datePublished":"2024-09-25T17:23:58+00:00","dateModified":"2024-09-25T17:24:00+00:00","mainEntityOfPage":{"@id":"https:\/\/www.gaveanews.com\/index.php\/2024\/09\/25\/a-declaracao-de-rafael-sobis-sobre-a-chegada-de-diniz-ao-cruzeiro\/"},"wordCount":440,"commentCount":0,"image":{"@id":"https:\/\/www.gaveanews.com\/index.php\/2024\/09\/25\/a-declaracao-de-rafael-sobis-sobre-a-chegada-de-diniz-ao-cruzeiro\/#primaryimage"},"thumbnailUrl":"https:\/\/www.gaveanews.com\/wp-content\/uploads\/Fernando-Diniz-como-tecnico-do-Cruzeiro-em-2024.webp","articleSection":["Cruzeiro"],"inLanguage":"pt-BR","potentialAction":[{"@type":"CommentAction","name":"Comment","target":["https:\/\/www.gaveanews.com\/index.php\/2024\/09\/25\/a-declaracao-de-rafael-sobis-sobre-a-chegada-de-diniz-ao-cruzeiro\/#respond"]}],"copyrightYear":"2024","copyrightHolder":{"@id":"https:\/\/www.gaveanews.com\/#organization"}},{"@type":"WebPage","@id":"https:\/\/www.gaveanews.com\/index.php\/2024\/09\/25\/a-declaracao-de-rafael-sobis-sobre-a-chegada-de-diniz-ao-cruzeiro\/","url":"https:\/\/www.gaveanews.com\/index.php\/2024\/09\/25\/a-declaracao-de-rafael-sobis-sobre-a-chegada-de-diniz-ao-cruzeiro\/","name":"A declara\u00e7\u00e3o de Rafael Sobis sobre a chegada de Diniz ao Cruzeiro","isPartOf":{"@id":"https:\/\/www.gaveanews.com\/#website"},"primaryImageOfPage":{"@id":"https:\/\/www.gaveanews.com\/index.php\/2024\/09\/25\/a-declaracao-de-rafael-sobis-sobre-a-chegada-de-diniz-ao-cruzeiro\/#primaryimage"},"image":{"@id":"https:\/\/www.gaveanews.com\/index.php\/2024\/09\/25\/a-declaracao-de-rafael-sobis-sobre-a-chegada-de-diniz-ao-cruzeiro\/#primaryimage"},"thumbnailUrl":"https:\/\/www.gaveanews.com\/wp-content\/uploads\/Fernando-Diniz-como-tecnico-do-Cruzeiro-em-2024.webp","datePublished":"2024-09-25T17:23:58+00:00","dateModified":"2024-09-25T17:24:00+00:00","author":{"@id":"https:\/\/www.gaveanews.com\/#\/schema\/person\/37122681a8575a5c8db05a56f099a5e4"},"description":"A declara\u00e7\u00e3o de Rafael Sobis sobre a chegada de Diniz ao Cruzeiro","breadcrumb":{"@id":"https:\/\/www.gaveanews.com\/index.php\/2024\/09\/25\/a-declaracao-de-rafael-sobis-sobre-a-chegada-de-diniz-ao-cruzeiro\/#breadcrumb"},"inLanguage":"pt-BR","potentialAction":[{"@type":"ReadAction","target":["https:\/\/www.gaveanews.com\/index.php\/2024\/09\/25\/a-declaracao-de-rafael-sobis-sobre-a-chegada-de-diniz-ao-cruzeiro\/"]}]},{"@type":"ImageObject","inLanguage":"pt-BR","@id":"https:\/\/www.gaveanews.com\/index.php\/2024\/09\/25\/a-declaracao-de-rafael-sobis-sobre-a-chegada-de-diniz-ao-cruzeiro\/#primaryimage","url":"https:\/\/www.gaveanews.com\/wp-content\/uploads\/Fernando-Diniz-como-tecnico-do-Cruzeiro-em-2024.webp","contentUrl":"https:\/\/www.gaveanews.com\/wp-content\/uploads\/Fernando-Diniz-como-tecnico-do-Cruzeiro-em-2024.webp","width":1607,"height":1071,"caption":"Fernando Diniz como t\u00e9cnico do Cruzeiro em 2024 (Foto: Gustavo Aleixo\/Cruzeiro)"},{"@type":"BreadcrumbList","@id":"https:\/\/www.gaveanews.com\/index.php\/2024\/09\/25\/a-declaracao-de-rafael-sobis-sobre-a-chegada-de-diniz-ao-cruzeiro\/#breadcrumb","itemListElement":[{"@type":"ListItem","position":1,"name":"Home","item":"https:\/\/www.gaveanews.com\/"},{"@type":"ListItem","position":2,"name":"A declara\u00e7\u00e3o de Rafael Sobis sobre a chegada de Diniz ao Cruzeiro"}]},{"@type":"WebSite","@id":"https:\/\/www.gaveanews.com\/#website","url":"https:\/\/www.gaveanews.com\/","name":"G\u00e1vea News","description":"Veja todas as not\u00edcias sobre o Flamengo: Contrata\u00e7\u00f5es, categorias de base, resultados das partidas, tabela de classifica\u00e7\u00e3o, pr\u00f3ximos jogos!","potentialAction":[{"@type":"SearchAction","target":{"@type":"EntryPoint","urlTemplate":"https:\/\/www.gaveanews.com\/?s={search_term_string}"},"query-input":{"@type":"PropertyValueSpecification","valueRequired":true,"valueName":"search_term_string"}}],"inLanguage":"pt-BR"},{"@type":"Person","@id":"https:\/\/www.gaveanews.com\/#\/schema\/person\/37122681a8575a5c8db05a56f099a5e4","name":"D\u00e9bora Figueiredo","image":{"@type":"ImageObject","inLanguage":"pt-BR","@id":"https:\/\/www.gaveanews.com\/#\/schema\/person\/image\/","url":"https:\/\/secure.gravatar.com\/avatar\/1f44802859351588499d26f52aed1d15796ce17e67602895b72837c08018868d?s=96&d=mm&r=g","contentUrl":"https:\/\/secure.gravatar.com\/avatar\/1f44802859351588499d26f52aed1d15796ce17e67602895b72837c08018868d?s=96&d=mm&r=g","caption":"D\u00e9bora Figueiredo"}}]}},"_links":{"self":[{"href":"https:\/\/www.gaveanews.com\/index.php\/wp-json\/wp\/v2\/posts\/169121","targetHints":{"allow":["GET"]}}],"collection":[{"href":"https:\/\/www.gaveanews.com\/index.php\/wp-json\/wp\/v2\/posts"}],"about":[{"href":"https:\/\/www.gaveanews.com\/index.php\/wp-json\/wp\/v2\/types\/post"}],"author":[{"embeddable":true,"href":"https:\/\/www.gaveanews.com\/index.php\/wp-json\/wp\/v2\/users\/16"}],"replies":[{"embeddable":true,"href":"https:\/\/www.gaveanews.com\/index.php\/wp-json\/wp\/v2\/comments?post=169121"}],"version-history":[{"count":1,"href":"https:\/\/www.gaveanews.com\/index.php\/wp-json\/wp\/v2\/posts\/169121\/revisions"}],"predecessor-version":[{"id":169126,"href":"https:\/\/www.gaveanews.com\/index.php\/wp-json\/wp\/v2\/posts\/169121\/revisions\/169126"}],"wp:featuredmedia":[{"embeddable":true,"href":"https:\/\/www.gaveanews.com\/index.php\/wp-json\/wp\/v2\/media\/169002"}],"wp:attachment":[{"href":"https:\/\/www.gaveanews.com\/index.php\/wp-json\/wp\/v2\/media?parent=169121"}],"wp:term":[{"taxonomy":"category","embeddable":true,"href":"https:\/\/www.gaveanews.com\/index.php\/wp-json\/wp\/v2\/categories?post=169121"},{"taxonomy":"post_tag","embeddable":true,"href":"https:\/\/www.gaveanews.com\/index.php\/wp-json\/wp\/v2\/tags?post=169121"}],"curies":[{"name":"wp","href":"https:\/\/api.w.org\/{rel}","templated":true}]}}