{"id":169146,"date":"2024-09-25T17:00:00","date_gmt":"2024-09-25T20:00:00","guid":{"rendered":"https:\/\/www.gaveanews.com\/?p=169146"},"modified":"2024-09-25T15:41:43","modified_gmt":"2024-09-25T18:41:43","slug":"flamengo-x-penarol-veja-a-lista-de-jogadores-relacionados-por-tite","status":"publish","type":"post","link":"https:\/\/www.gaveanews.com\/index.php\/2024\/09\/25\/flamengo-x-penarol-veja-a-lista-de-jogadores-relacionados-por-tite\/","title":{"rendered":"Flamengo x Pe\u00f1arol: veja a lista de jogadores relacionados por Tite"},"content":{"rendered":"\n<h2 class=\"wp-block-heading\" id=\"h-tite-relacionou-25-jogadores-para-o-jogo\">Tite relacionou 25 jogadores para o jogo\u00a0<\/h2>\n\n\n\n<p>O Flamengo j\u00e1 chegou ao Uruguai, onde ir\u00e1 se reencontrar com o Pe\u00f1arol (URU) para o jogo de volta das quartas de final da Libertadores da Am\u00e9rica. Para essa partida, o t\u00e9cnico Tite fez a convoca\u00e7\u00e3o dos jogadores que estar\u00e3o dispon\u00edveis para entrar em campo.<\/p>\n\n\n\n<ul class=\"wp-block-list\">\n<li><a href=\"https:\/\/www.gaveanews.com\/index.php\/2024\/09\/24\/flamengo-x-penarol-leo-ortiz-vai-ser-titular\/\">Flamengo x Pe\u00f1arol: L\u00e9o Ortiz vai ser titular?<\/a><\/li>\n\n\n\n<li><a href=\"https:\/\/www.gaveanews.com\/index.php\/2024\/09\/24\/a-declaracao-do-presidente-do-penarol-antes-do-jogo-contra-o-flamengo\/\">A declara\u00e7\u00e3o do presidente do Pe\u00f1arol antes do jogo contra o Flamengo<br><\/a><\/li>\n<\/ul>\n\n\n\n<p>Primeiramente, Tite incluiu um total de 25 atletas na lista para enfrentar o Pe\u00f1arol, que est\u00e1 agendado para quinta-feira (26). A grande novidade \u00e9 Gabigol, que retornou \u00e0 disposi\u00e7\u00e3o ap\u00f3s ter ficado ausente nos \u00faltimos confrontos do Flamengo nesta temporada.<\/p>\n\n\n\n<h2 class=\"wp-block-heading\">Veja a lista de relacionados do Flamengo:<\/h2>\n\n\n\n<ul class=\"wp-block-list\">\n<li><strong>Goleiros<\/strong><\/li>\n\n\n\n<li>Dyogo Alves<\/li>\n\n\n\n<li>Matheus Cunha<\/li>\n\n\n\n<li>Rossi<\/li>\n\n\n\n<li><strong>Zagueiros<\/strong><\/li>\n\n\n\n<li>Cleiton<\/li>\n\n\n\n<li>David Luiz<\/li>\n\n\n\n<li>Fabr\u00edcio Bruno<\/li>\n\n\n\n<li>L\u00e9o Pereira<\/li>\n\n\n\n<li>L\u00e9o Ortiz<\/li>\n\n\n\n<li><strong>Laterais<\/strong><\/li>\n\n\n\n<li>Ayrton Lucas<\/li>\n\n\n\n<li>Alex Sandro<\/li>\n\n\n\n<li>Varela<\/li>\n\n\n\n<li>Wesley<\/li>\n\n\n\n<li><strong>Meias\/volantes<\/strong><\/li>\n\n\n\n<li>Allan<\/li>\n\n\n\n<li>Arrascaeta<\/li>\n\n\n\n<li>Alcaraz<\/li>\n\n\n\n<li>De La Cruz<\/li>\n\n\n\n<li>Evertton Ara\u00fajo<\/li>\n\n\n\n<li>Gerson<\/li>\n\n\n\n<li>Lorran<\/li>\n\n\n\n<li>Matheus Gon\u00e7alves<\/li>\n\n\n\n<li>Pulgar<\/li>\n\n\n\n<li><strong>Atacantes<\/strong><\/li>\n\n\n\n<li>Bruno Henrique<\/li>\n\n\n\n<li>Carlinhos<\/li>\n\n\n\n<li>Gabigol<\/li>\n\n\n\n<li>Gonzalo Plata<\/li>\n<\/ul>\n\n\n\n<figure class=\"wp-block-image size-full\"><img loading=\"lazy\" decoding=\"async\" width=\"636\" height=\"419\" src=\"https:\/\/www.gaveanews.com\/wp-content\/uploads\/Flamengo-em-jogo-contra-o-Penarol-pelas-quartas-de-final-da-Libertadores-no-Maracana.webp\" alt=\"\" class=\"wp-image-167891\" srcset=\"https:\/\/www.gaveanews.com\/wp-content\/uploads\/Flamengo-em-jogo-contra-o-Penarol-pelas-quartas-de-final-da-Libertadores-no-Maracana.webp 636w, https:\/\/www.gaveanews.com\/wp-content\/uploads\/Flamengo-em-jogo-contra-o-Penarol-pelas-quartas-de-final-da-Libertadores-no-Maracana-300x198.webp 300w, https:\/\/www.gaveanews.com\/wp-content\/uploads\/Flamengo-em-jogo-contra-o-Penarol-pelas-quartas-de-final-da-Libertadores-no-Maracana-100x66.webp 100w\" sizes=\"auto, (max-width: 636px) 100vw, 636px\" \/><figcaption class=\"wp-element-caption\">Flamengo em jogo contra o Pe\u00f1arol, pelas quartas de final da Libertadores, no Maracan\u00e3 (Foto: Marcelo Cortes\/CRF)<\/figcaption><\/figure>\n\n\n\n<p>Em suma, nesta quinta-feira (19), o Flamengo enfrentar\u00e1 o Pe\u00f1arol no Estadio Campe\u00f3n del Siglo, em Montevid\u00e9u, Uruguai. O jogo ter\u00e1 in\u00edcio \u00e0s 19h (hor\u00e1rio de Bras\u00edlia) e \u00e9 v\u00e1lido pela volta das quartas de final da Libertadores.<\/p>\n\n\n\n<p>Adicionalmente, o jogo entre Flamengo e Pe\u00f1arol ser\u00e1 transmitido pelo canal ESPN e pela plataforma de streaming Disney+.<\/p>\n\n\n\n<p>O jogo da quinta-feira (26) contra o Pe\u00f1arol \u00e9 crucial para a participa\u00e7\u00e3o do Flamengo na Libertadores. Isso se deve \u00e0 derrota do Rubro-Negro no jogo de ida no Maracan\u00e3 por 1 a 0. Assim, se o Flamengo quiser se classificar diretamente para as semifinais do campeonato continental, agora precisar\u00e1 vencer por pelo menos dois gols de diferen\u00e7a.<\/p>\n","protected":false},"excerpt":{"rendered":"<p>Flamengo x Pe\u00f1arol: veja a lista de jogadores relacionados por Tite<\/p>\n","protected":false},"author":16,"featured_media":143499,"comment_status":"open","ping_status":"closed","sticky":false,"template":"","format":"standard","meta":{"footnotes":""},"categories":[1],"tags":[],"class_list":["post-169146","post","type-post","status-publish","format-standard","has-post-thumbnail","hentry","category-flamengo"],"yoast_head":"<!-- This site is optimized with the Yoast SEO Premium plugin v24.2 (Yoast SEO v26.9) - https:\/\/yoast.com\/product\/yoast-seo-premium-wordpress\/ -->\n<title>Flamengo x Pe\u00f1arol: veja a lista de jogadores relacionados por Tite<\/title>\n<meta name=\"description\" content=\"Flamengo x Pe\u00f1arol: veja a lista de jogadores relacionados por Tite\" \/>\n<meta name=\"robots\" content=\"index, follow, max-snippet:-1, max-image-preview:large, max-video-preview:-1\" \/>\n<link rel=\"canonical\" href=\"https:\/\/www.gaveanews.com\/index.php\/2024\/09\/25\/flamengo-x-penarol-veja-a-lista-de-jogadores-relacionados-por-tite\/\" \/>\n<meta property=\"og:locale\" content=\"pt_BR\" \/>\n<meta property=\"og:type\" content=\"article\" \/>\n<meta property=\"og:title\" content=\"Flamengo x Pe\u00f1arol: veja a lista de jogadores relacionados por Tite\" \/>\n<meta property=\"og:description\" content=\"Flamengo x Pe\u00f1arol: veja a lista de jogadores relacionados por Tite\" \/>\n<meta property=\"og:url\" content=\"https:\/\/www.gaveanews.com\/index.php\/2024\/09\/25\/flamengo-x-penarol-veja-a-lista-de-jogadores-relacionados-por-tite\/\" \/>\n<meta property=\"og:site_name\" content=\"G\u00e1vea News\" \/>\n<meta property=\"article:publisher\" content=\"https:\/\/facebook.com\/gaveaNews\/\" \/>\n<meta property=\"article:published_time\" content=\"2024-09-25T20:00:00+00:00\" \/>\n<meta property=\"og:image\" content=\"https:\/\/www.gaveanews.com\/wp-content\/uploads\/tite1-1.webp\" \/>\n\t<meta property=\"og:image:width\" content=\"640\" \/>\n\t<meta property=\"og:image:height\" content=\"400\" \/>\n\t<meta property=\"og:image:type\" content=\"image\/jpeg\" \/>\n<meta name=\"author\" content=\"D\u00e9bora Figueiredo\" \/>\n<meta name=\"twitter:card\" content=\"summary_large_image\" \/>\n<meta name=\"twitter:label1\" content=\"Escrito por\" \/>\n\t<meta name=\"twitter:data1\" content=\"D\u00e9bora Figueiredo\" \/>\n\t<meta name=\"twitter:label2\" content=\"Est. tempo de leitura\" \/>\n\t<meta name=\"twitter:data2\" content=\"3 minutos\" \/>\n<script type=\"application\/ld+json\" class=\"yoast-schema-graph\">{\"@context\":\"https:\/\/schema.org\",\"@graph\":[{\"@type\":\"NewsArticle\",\"@id\":\"https:\/\/www.gaveanews.com\/index.php\/2024\/09\/25\/flamengo-x-penarol-veja-a-lista-de-jogadores-relacionados-por-tite\/#article\",\"isPartOf\":{\"@id\":\"https:\/\/www.gaveanews.com\/index.php\/2024\/09\/25\/flamengo-x-penarol-veja-a-lista-de-jogadores-relacionados-por-tite\/\"},\"author\":{\"name\":\"D\u00e9bora Figueiredo\",\"@id\":\"https:\/\/www.gaveanews.com\/#\/schema\/person\/37122681a8575a5c8db05a56f099a5e4\"},\"headline\":\"Flamengo x Pe\u00f1arol: veja a lista de jogadores relacionados por Tite\",\"datePublished\":\"2024-09-25T20:00:00+00:00\",\"mainEntityOfPage\":{\"@id\":\"https:\/\/www.gaveanews.com\/index.php\/2024\/09\/25\/flamengo-x-penarol-veja-a-lista-de-jogadores-relacionados-por-tite\/\"},\"wordCount\":326,\"commentCount\":0,\"image\":{\"@id\":\"https:\/\/www.gaveanews.com\/index.php\/2024\/09\/25\/flamengo-x-penarol-veja-a-lista-de-jogadores-relacionados-por-tite\/#primaryimage\"},\"thumbnailUrl\":\"https:\/\/www.gaveanews.com\/wp-content\/uploads\/tite1-1.webp\",\"articleSection\":[\"Flamengo\"],\"inLanguage\":\"pt-BR\",\"potentialAction\":[{\"@type\":\"CommentAction\",\"name\":\"Comment\",\"target\":[\"https:\/\/www.gaveanews.com\/index.php\/2024\/09\/25\/flamengo-x-penarol-veja-a-lista-de-jogadores-relacionados-por-tite\/#respond\"]}],\"copyrightYear\":\"2024\",\"copyrightHolder\":{\"@id\":\"https:\/\/www.gaveanews.com\/#organization\"}},{\"@type\":\"WebPage\",\"@id\":\"https:\/\/www.gaveanews.com\/index.php\/2024\/09\/25\/flamengo-x-penarol-veja-a-lista-de-jogadores-relacionados-por-tite\/\",\"url\":\"https:\/\/www.gaveanews.com\/index.php\/2024\/09\/25\/flamengo-x-penarol-veja-a-lista-de-jogadores-relacionados-por-tite\/\",\"name\":\"Flamengo x Pe\u00f1arol: veja a lista de jogadores relacionados por Tite\",\"isPartOf\":{\"@id\":\"https:\/\/www.gaveanews.com\/#website\"},\"primaryImageOfPage\":{\"@id\":\"https:\/\/www.gaveanews.com\/index.php\/2024\/09\/25\/flamengo-x-penarol-veja-a-lista-de-jogadores-relacionados-por-tite\/#primaryimage\"},\"image\":{\"@id\":\"https:\/\/www.gaveanews.com\/index.php\/2024\/09\/25\/flamengo-x-penarol-veja-a-lista-de-jogadores-relacionados-por-tite\/#primaryimage\"},\"thumbnailUrl\":\"https:\/\/www.gaveanews.com\/wp-content\/uploads\/tite1-1.webp\",\"datePublished\":\"2024-09-25T20:00:00+00:00\",\"author\":{\"@id\":\"https:\/\/www.gaveanews.com\/#\/schema\/person\/37122681a8575a5c8db05a56f099a5e4\"},\"description\":\"Flamengo x Pe\u00f1arol: veja a lista de jogadores relacionados por Tite\",\"breadcrumb\":{\"@id\":\"https:\/\/www.gaveanews.com\/index.php\/2024\/09\/25\/flamengo-x-penarol-veja-a-lista-de-jogadores-relacionados-por-tite\/#breadcrumb\"},\"inLanguage\":\"pt-BR\",\"potentialAction\":[{\"@type\":\"ReadAction\",\"target\":[\"https:\/\/www.gaveanews.com\/index.php\/2024\/09\/25\/flamengo-x-penarol-veja-a-lista-de-jogadores-relacionados-por-tite\/\"]}]},{\"@type\":\"ImageObject\",\"inLanguage\":\"pt-BR\",\"@id\":\"https:\/\/www.gaveanews.com\/index.php\/2024\/09\/25\/flamengo-x-penarol-veja-a-lista-de-jogadores-relacionados-por-tite\/#primaryimage\",\"url\":\"https:\/\/www.gaveanews.com\/wp-content\/uploads\/tite1-1.webp\",\"contentUrl\":\"https:\/\/www.gaveanews.com\/wp-content\/uploads\/tite1-1.webp\",\"width\":640,\"height\":400,\"caption\":\"Foto: Reprodu\u00e7\u00e3o\/FlaTV\"},{\"@type\":\"BreadcrumbList\",\"@id\":\"https:\/\/www.gaveanews.com\/index.php\/2024\/09\/25\/flamengo-x-penarol-veja-a-lista-de-jogadores-relacionados-por-tite\/#breadcrumb\",\"itemListElement\":[{\"@type\":\"ListItem\",\"position\":1,\"name\":\"Home\",\"item\":\"https:\/\/www.gaveanews.com\/\"},{\"@type\":\"ListItem\",\"position\":2,\"name\":\"Flamengo x Pe\u00f1arol: veja a lista de jogadores relacionados por Tite\"}]},{\"@type\":\"WebSite\",\"@id\":\"https:\/\/www.gaveanews.com\/#website\",\"url\":\"https:\/\/www.gaveanews.com\/\",\"name\":\"G\u00e1vea News\",\"description\":\"Veja todas as not\u00edcias sobre o Flamengo: Contrata\u00e7\u00f5es, categorias de base, resultados das partidas, tabela de classifica\u00e7\u00e3o, pr\u00f3ximos jogos!\",\"potentialAction\":[{\"@type\":\"SearchAction\",\"target\":{\"@type\":\"EntryPoint\",\"urlTemplate\":\"https:\/\/www.gaveanews.com\/?s={search_term_string}\"},\"query-input\":{\"@type\":\"PropertyValueSpecification\",\"valueRequired\":true,\"valueName\":\"search_term_string\"}}],\"inLanguage\":\"pt-BR\"},{\"@type\":\"Person\",\"@id\":\"https:\/\/www.gaveanews.com\/#\/schema\/person\/37122681a8575a5c8db05a56f099a5e4\",\"name\":\"D\u00e9bora Figueiredo\",\"image\":{\"@type\":\"ImageObject\",\"inLanguage\":\"pt-BR\",\"@id\":\"https:\/\/www.gaveanews.com\/#\/schema\/person\/image\/\",\"url\":\"https:\/\/secure.gravatar.com\/avatar\/1f44802859351588499d26f52aed1d15796ce17e67602895b72837c08018868d?s=96&d=mm&r=g\",\"contentUrl\":\"https:\/\/secure.gravatar.com\/avatar\/1f44802859351588499d26f52aed1d15796ce17e67602895b72837c08018868d?s=96&d=mm&r=g\",\"caption\":\"D\u00e9bora Figueiredo\"}}]}<\/script>\n<!-- \/ Yoast SEO Premium plugin. -->","yoast_head_json":{"title":"Flamengo x Pe\u00f1arol: veja a lista de jogadores relacionados por Tite","description":"Flamengo x Pe\u00f1arol: veja a lista de jogadores relacionados por Tite","robots":{"index":"index","follow":"follow","max-snippet":"max-snippet:-1","max-image-preview":"max-image-preview:large","max-video-preview":"max-video-preview:-1"},"canonical":"https:\/\/www.gaveanews.com\/index.php\/2024\/09\/25\/flamengo-x-penarol-veja-a-lista-de-jogadores-relacionados-por-tite\/","og_locale":"pt_BR","og_type":"article","og_title":"Flamengo x Pe\u00f1arol: veja a lista de jogadores relacionados por Tite","og_description":"Flamengo x Pe\u00f1arol: veja a lista de jogadores relacionados por Tite","og_url":"https:\/\/www.gaveanews.com\/index.php\/2024\/09\/25\/flamengo-x-penarol-veja-a-lista-de-jogadores-relacionados-por-tite\/","og_site_name":"G\u00e1vea News","article_publisher":"https:\/\/facebook.com\/gaveaNews\/","article_published_time":"2024-09-25T20:00:00+00:00","og_image":[{"width":640,"height":400,"url":"https:\/\/www.gaveanews.com\/wp-content\/uploads\/tite1-1.webp","type":"image\/jpeg"}],"author":"D\u00e9bora Figueiredo","twitter_card":"summary_large_image","twitter_misc":{"Escrito por":"D\u00e9bora Figueiredo","Est. tempo de leitura":"3 minutos"},"schema":{"@context":"https:\/\/schema.org","@graph":[{"@type":"NewsArticle","@id":"https:\/\/www.gaveanews.com\/index.php\/2024\/09\/25\/flamengo-x-penarol-veja-a-lista-de-jogadores-relacionados-por-tite\/#article","isPartOf":{"@id":"https:\/\/www.gaveanews.com\/index.php\/2024\/09\/25\/flamengo-x-penarol-veja-a-lista-de-jogadores-relacionados-por-tite\/"},"author":{"name":"D\u00e9bora Figueiredo","@id":"https:\/\/www.gaveanews.com\/#\/schema\/person\/37122681a8575a5c8db05a56f099a5e4"},"headline":"Flamengo x Pe\u00f1arol: veja a lista de jogadores relacionados por Tite","datePublished":"2024-09-25T20:00:00+00:00","mainEntityOfPage":{"@id":"https:\/\/www.gaveanews.com\/index.php\/2024\/09\/25\/flamengo-x-penarol-veja-a-lista-de-jogadores-relacionados-por-tite\/"},"wordCount":326,"commentCount":0,"image":{"@id":"https:\/\/www.gaveanews.com\/index.php\/2024\/09\/25\/flamengo-x-penarol-veja-a-lista-de-jogadores-relacionados-por-tite\/#primaryimage"},"thumbnailUrl":"https:\/\/www.gaveanews.com\/wp-content\/uploads\/tite1-1.webp","articleSection":["Flamengo"],"inLanguage":"pt-BR","potentialAction":[{"@type":"CommentAction","name":"Comment","target":["https:\/\/www.gaveanews.com\/index.php\/2024\/09\/25\/flamengo-x-penarol-veja-a-lista-de-jogadores-relacionados-por-tite\/#respond"]}],"copyrightYear":"2024","copyrightHolder":{"@id":"https:\/\/www.gaveanews.com\/#organization"}},{"@type":"WebPage","@id":"https:\/\/www.gaveanews.com\/index.php\/2024\/09\/25\/flamengo-x-penarol-veja-a-lista-de-jogadores-relacionados-por-tite\/","url":"https:\/\/www.gaveanews.com\/index.php\/2024\/09\/25\/flamengo-x-penarol-veja-a-lista-de-jogadores-relacionados-por-tite\/","name":"Flamengo x Pe\u00f1arol: veja a lista de jogadores relacionados por Tite","isPartOf":{"@id":"https:\/\/www.gaveanews.com\/#website"},"primaryImageOfPage":{"@id":"https:\/\/www.gaveanews.com\/index.php\/2024\/09\/25\/flamengo-x-penarol-veja-a-lista-de-jogadores-relacionados-por-tite\/#primaryimage"},"image":{"@id":"https:\/\/www.gaveanews.com\/index.php\/2024\/09\/25\/flamengo-x-penarol-veja-a-lista-de-jogadores-relacionados-por-tite\/#primaryimage"},"thumbnailUrl":"https:\/\/www.gaveanews.com\/wp-content\/uploads\/tite1-1.webp","datePublished":"2024-09-25T20:00:00+00:00","author":{"@id":"https:\/\/www.gaveanews.com\/#\/schema\/person\/37122681a8575a5c8db05a56f099a5e4"},"description":"Flamengo x Pe\u00f1arol: veja a lista de jogadores relacionados por Tite","breadcrumb":{"@id":"https:\/\/www.gaveanews.com\/index.php\/2024\/09\/25\/flamengo-x-penarol-veja-a-lista-de-jogadores-relacionados-por-tite\/#breadcrumb"},"inLanguage":"pt-BR","potentialAction":[{"@type":"ReadAction","target":["https:\/\/www.gaveanews.com\/index.php\/2024\/09\/25\/flamengo-x-penarol-veja-a-lista-de-jogadores-relacionados-por-tite\/"]}]},{"@type":"ImageObject","inLanguage":"pt-BR","@id":"https:\/\/www.gaveanews.com\/index.php\/2024\/09\/25\/flamengo-x-penarol-veja-a-lista-de-jogadores-relacionados-por-tite\/#primaryimage","url":"https:\/\/www.gaveanews.com\/wp-content\/uploads\/tite1-1.webp","contentUrl":"https:\/\/www.gaveanews.com\/wp-content\/uploads\/tite1-1.webp","width":640,"height":400,"caption":"Foto: Reprodu\u00e7\u00e3o\/FlaTV"},{"@type":"BreadcrumbList","@id":"https:\/\/www.gaveanews.com\/index.php\/2024\/09\/25\/flamengo-x-penarol-veja-a-lista-de-jogadores-relacionados-por-tite\/#breadcrumb","itemListElement":[{"@type":"ListItem","position":1,"name":"Home","item":"https:\/\/www.gaveanews.com\/"},{"@type":"ListItem","position":2,"name":"Flamengo x Pe\u00f1arol: veja a lista de jogadores relacionados por Tite"}]},{"@type":"WebSite","@id":"https:\/\/www.gaveanews.com\/#website","url":"https:\/\/www.gaveanews.com\/","name":"G\u00e1vea News","description":"Veja todas as not\u00edcias sobre o Flamengo: Contrata\u00e7\u00f5es, categorias de base, resultados das partidas, tabela de classifica\u00e7\u00e3o, pr\u00f3ximos jogos!","potentialAction":[{"@type":"SearchAction","target":{"@type":"EntryPoint","urlTemplate":"https:\/\/www.gaveanews.com\/?s={search_term_string}"},"query-input":{"@type":"PropertyValueSpecification","valueRequired":true,"valueName":"search_term_string"}}],"inLanguage":"pt-BR"},{"@type":"Person","@id":"https:\/\/www.gaveanews.com\/#\/schema\/person\/37122681a8575a5c8db05a56f099a5e4","name":"D\u00e9bora Figueiredo","image":{"@type":"ImageObject","inLanguage":"pt-BR","@id":"https:\/\/www.gaveanews.com\/#\/schema\/person\/image\/","url":"https:\/\/secure.gravatar.com\/avatar\/1f44802859351588499d26f52aed1d15796ce17e67602895b72837c08018868d?s=96&d=mm&r=g","contentUrl":"https:\/\/secure.gravatar.com\/avatar\/1f44802859351588499d26f52aed1d15796ce17e67602895b72837c08018868d?s=96&d=mm&r=g","caption":"D\u00e9bora Figueiredo"}}]}},"_links":{"self":[{"href":"https:\/\/www.gaveanews.com\/index.php\/wp-json\/wp\/v2\/posts\/169146","targetHints":{"allow":["GET"]}}],"collection":[{"href":"https:\/\/www.gaveanews.com\/index.php\/wp-json\/wp\/v2\/posts"}],"about":[{"href":"https:\/\/www.gaveanews.com\/index.php\/wp-json\/wp\/v2\/types\/post"}],"author":[{"embeddable":true,"href":"https:\/\/www.gaveanews.com\/index.php\/wp-json\/wp\/v2\/users\/16"}],"replies":[{"embeddable":true,"href":"https:\/\/www.gaveanews.com\/index.php\/wp-json\/wp\/v2\/comments?post=169146"}],"version-history":[{"count":1,"href":"https:\/\/www.gaveanews.com\/index.php\/wp-json\/wp\/v2\/posts\/169146\/revisions"}],"predecessor-version":[{"id":169148,"href":"https:\/\/www.gaveanews.com\/index.php\/wp-json\/wp\/v2\/posts\/169146\/revisions\/169148"}],"wp:featuredmedia":[{"embeddable":true,"href":"https:\/\/www.gaveanews.com\/index.php\/wp-json\/wp\/v2\/media\/143499"}],"wp:attachment":[{"href":"https:\/\/www.gaveanews.com\/index.php\/wp-json\/wp\/v2\/media?parent=169146"}],"wp:term":[{"taxonomy":"category","embeddable":true,"href":"https:\/\/www.gaveanews.com\/index.php\/wp-json\/wp\/v2\/categories?post=169146"},{"taxonomy":"post_tag","embeddable":true,"href":"https:\/\/www.gaveanews.com\/index.php\/wp-json\/wp\/v2\/tags?post=169146"}],"curies":[{"name":"wp","href":"https:\/\/api.w.org\/{rel}","templated":true}]}}