{"id":169185,"date":"2024-09-26T11:45:00","date_gmt":"2024-09-26T14:45:00","guid":{"rendered":"https:\/\/www.gaveanews.com\/?p=169185"},"modified":"2024-09-26T11:40:51","modified_gmt":"2024-09-26T14:40:51","slug":"corinthians-fatura-milhoes-com-a-classificacao-da-sul-americana","status":"publish","type":"post","link":"https:\/\/www.gaveanews.com\/index.php\/2024\/09\/26\/corinthians-fatura-milhoes-com-a-classificacao-da-sul-americana\/","title":{"rendered":"Corinthians fatura milh\u00f5es com a classifica\u00e7\u00e3o da Sul-Americana"},"content":{"rendered":"\n<p>A classifica\u00e7\u00e3o do Corinthians para a semifinal da Copa Sul-Americana, al\u00e9m de ser um marco esportivo importante, trouxe um al\u00edvio financeiro significativo para o clube. Em meio a uma crise econ\u00f4mica, o avan\u00e7o na competi\u00e7\u00e3o representa milh\u00f5es em premia\u00e7\u00f5es, o que pode ajudar a minimizar parte das d\u00edvidas que o Tim\u00e3o enfrenta.<\/p>\n\n\n\n<ul class=\"wp-block-list\">\n<li><a href=\"https:\/\/www.gaveanews.com\/index.php\/2024\/09\/25\/isso-foi-o-que-igor-coronado-disse-apos-a-vitoria-do-corinthians\/\">Isso foi o que Igor Coronado disse ap\u00f3s a vit\u00f3ria do Corinthians<\/a><\/li>\n\n\n\n<li><a href=\"https:\/\/www.gaveanews.com\/index.php\/2024\/09\/24\/corinthians-vai-ampliar-a-neo-quimica-arena-veja-nova-capacidade-do-estadio\/\">Corinthians vai ampliar a Neo Quimica Arena; veja nova capacidade do est\u00e1dio<\/a><\/li>\n<\/ul>\n\n\n\n<h2 class=\"wp-block-heading\" id=\"h-quanto-o-corinthians-ja-arrecadou-na-copa-sul-americana\">Quanto o Corinthians j\u00e1 arrecadou na Copa Sul-Americana?<\/h2>\n\n\n\n<p>At\u00e9 o momento, o Corinthians acumulou cerca de US$ 3,4 milh\u00f5es (R$ 18,5 milh\u00f5es) em premia\u00e7\u00f5es ao longo da Copa Sul-Americana. Esse montante foi obtido pela participa\u00e7\u00e3o nas fases anteriores do torneio e inclui os seguintes valores:<\/p>\n\n\n\n<ul class=\"wp-block-list\">\n<li><strong>US$ 900 mil<\/strong> pela participa\u00e7\u00e3o na fase de grupos;<\/li>\n\n\n\n<li><strong>US$ 460 mil<\/strong> pelas quatro vit\u00f3rias na fase de grupos (US$ 115 mil por vit\u00f3ria);<\/li>\n\n\n\n<li><strong>US$ 600 mil<\/strong> pela classifica\u00e7\u00e3o \u00e0s oitavas de final;<\/li>\n\n\n\n<li><strong>US$ 700 mil<\/strong> pela classifica\u00e7\u00e3o \u00e0s quartas de final;<\/li>\n\n\n\n<li><strong>US$ 800 mil<\/strong> pela classifica\u00e7\u00e3o \u00e0 semifinal.<\/li>\n<\/ul>\n\n\n\n<p>Esses n\u00fameros s\u00e3o especialmente relevantes considerando o contexto financeiro delicado que o clube atravessa. Al\u00e9m disso, o Corinthians ainda tem a chance de conquistar um pr\u00eamio muito maior, caso avance para a final e ven\u00e7a o torneio.<\/p>\n\n\n\n<h2 class=\"wp-block-heading\" id=\"h-o-impacto-financeiro-de-um-titulo-na-copa-sul-americana\">O impacto financeiro de um t\u00edtulo na Copa Sul-Americana<\/h2>\n\n\n\n<p>A ta\u00e7a da Copa Sul-Americana n\u00e3o apenas traria gl\u00f3ria esportiva ao Corinthians, mas tamb\u00e9m seria uma importante fonte de receita. Por que isso \u00e9 importante para o Tim\u00e3o? Simples: o campe\u00e3o da competi\u00e7\u00e3o garante US$ 6 milh\u00f5es (R$ 32,7 milh\u00f5es) em premia\u00e7\u00e3o, o que elevaria a arrecada\u00e7\u00e3o total do clube na Sul-Americana para US$ 9,4 milh\u00f5es (R$ 51,2 milh\u00f5es).<\/p>\n\n\n\n<p>Por isso, a conquista desse t\u00edtulo seria um al\u00edvio significativo para os cofres do Corinthians. Sendo assim, vencer a competi\u00e7\u00e3o pode n\u00e3o resolver todos os problemas financeiros do clube, mas ajudaria a reduzir parte das d\u00edvidas acumuladas nos \u00faltimos anos.<\/p>\n\n\n\n<h2 class=\"wp-block-heading\" id=\"h-dividas-e-desafios-economicos-uma-realidade-dificil\">D\u00edvidas e desafios econ\u00f4micos: uma realidade dif\u00edcil<\/h2>\n\n\n\n<p>Atualmente, o Corinthians enfrenta uma d\u00edvida preocupante que gira em torno de R$ 2,3 bilh\u00f5es, somando os d\u00e9bitos do clube e da Neo Qu\u00edmica Arena. Essa situa\u00e7\u00e3o financeira complexa resultou em diversas a\u00e7\u00f5es na Justi\u00e7a por d\u00edvidas antigas, algo que dificulta a gest\u00e3o do clube e aumenta a press\u00e3o sobre a diretoria.<\/p>\n\n\n\n<p>Dessa maneira, a arrecada\u00e7\u00e3o obtida na Sul-Americana \u00e9 vista como essencial para aliviar parte desse peso financeiro. Isso porque o dinheiro das premia\u00e7\u00f5es pode ser utilizado para cobrir algumas das d\u00edvidas mais urgentes e criar um f\u00f4lego financeiro para os pr\u00f3ximos meses.<\/p>\n\n\n\n<h2 class=\"wp-block-heading\" id=\"h-o-que-vem-pela-frente\">O que vem pela frente?<\/h2>\n\n\n\n<p>Agora, o Corinthians est\u00e1 de olho na final da Copa Sul-Americana, ciente de que um t\u00edtulo n\u00e3o traria apenas gl\u00f3ria, mas tamb\u00e9m uma inje\u00e7\u00e3o financeira crucial. No entanto, mesmo com a premia\u00e7\u00e3o, os desafios financeiros do clube n\u00e3o desaparecer\u00e3o da noite para o dia. Portanto, \u00e9 necess\u00e1rio que a diretoria mantenha um plano de gest\u00e3o eficiente para lidar com as d\u00edvidas e garantir que o clube possa se recuperar economicamente.<\/p>\n\n\n\n<p>Com a classifica\u00e7\u00e3o para a semifinal j\u00e1 garantida e a possibilidade de embolsar milh\u00f5es com a conquista do t\u00edtulo, o Tim\u00e3o ganha um pouco de tranquilidade. Por isso, o desempenho nas pr\u00f3ximas fases da competi\u00e7\u00e3o ser\u00e1 decisivo tanto dentro quanto fora de campo, e a torcida corintiana aguarda com expectativa o desenrolar dessa hist\u00f3ria.<\/p>\n\n\n\n<h2 class=\"wp-block-heading\" id=\"h-a-copa-sul-americana-como-esperanca-financeira\">A Copa Sul-Americana como esperan\u00e7a financeira<\/h2>\n\n\n\n<p>A caminhada do Corinthians na Copa Sul-Americana j\u00e1 trouxe benef\u00edcios importantes, tanto esportivos quanto financeiros. Al\u00e9m disso, a possibilidade de um t\u00edtulo pode ser a chave para aliviar ainda mais as finan\u00e7as do clube, mesmo que a recupera\u00e7\u00e3o total ainda dependa de um longo trabalho de gest\u00e3o.<\/p>\n\n\n\n<p>Sendo assim, o foco do Corinthians no torneio n\u00e3o \u00e9 apenas esportivo, mas tamb\u00e9m estrat\u00e9gico, \u00e0 medida que cada fase ultrapassada traz mais receita para os cofres corintianos.<\/p>\n","protected":false},"excerpt":{"rendered":"<p>A classifica\u00e7\u00e3o do Corinthians para a semifinal da Copa Sul-Americana, al\u00e9m de ser um marco esportivo importante, trouxe um al\u00edvio financeiro significativo para o clube. Em meio a uma crise econ\u00f4mica, o avan\u00e7o na competi\u00e7\u00e3o representa milh\u00f5es em premia\u00e7\u00f5es, o que pode ajudar a minimizar parte das d\u00edvidas que o Tim\u00e3o enfrenta. Quanto o Corinthians [&hellip;]<\/p>\n","protected":false},"author":25,"featured_media":161268,"comment_status":"open","ping_status":"closed","sticky":false,"template":"","format":"standard","meta":{"footnotes":""},"categories":[141],"tags":[],"class_list":["post-169185","post","type-post","status-publish","format-standard","has-post-thumbnail","hentry","category-corinthians"],"yoast_head":"<!-- This site is optimized with the Yoast SEO Premium plugin v24.2 (Yoast SEO v26.9) - https:\/\/yoast.com\/product\/yoast-seo-premium-wordpress\/ -->\n<title>Corinthians fatura milh\u00f5es com a classifica\u00e7\u00e3o da Sul-Americana<\/title>\n<meta name=\"robots\" content=\"index, follow, max-snippet:-1, max-image-preview:large, max-video-preview:-1\" \/>\n<link rel=\"canonical\" href=\"https:\/\/www.gaveanews.com\/index.php\/2024\/09\/26\/corinthians-fatura-milhoes-com-a-classificacao-da-sul-americana\/\" \/>\n<meta property=\"og:locale\" content=\"pt_BR\" \/>\n<meta property=\"og:type\" content=\"article\" \/>\n<meta property=\"og:title\" content=\"Corinthians fatura milh\u00f5es com a classifica\u00e7\u00e3o da Sul-Americana\" \/>\n<meta property=\"og:description\" content=\"A classifica\u00e7\u00e3o do Corinthians para a semifinal da Copa Sul-Americana, al\u00e9m de ser um marco esportivo importante, trouxe um al\u00edvio financeiro significativo para o clube. Em meio a uma crise econ\u00f4mica, o avan\u00e7o na competi\u00e7\u00e3o representa milh\u00f5es em premia\u00e7\u00f5es, o que pode ajudar a minimizar parte das d\u00edvidas que o Tim\u00e3o enfrenta. Quanto o Corinthians [&hellip;]\" \/>\n<meta property=\"og:url\" content=\"https:\/\/www.gaveanews.com\/index.php\/2024\/09\/26\/corinthians-fatura-milhoes-com-a-classificacao-da-sul-americana\/\" \/>\n<meta property=\"og:site_name\" content=\"G\u00e1vea News\" \/>\n<meta property=\"article:publisher\" content=\"https:\/\/facebook.com\/gaveaNews\/\" \/>\n<meta property=\"article:published_time\" content=\"2024-09-26T14:45:00+00:00\" \/>\n<meta property=\"og:image\" content=\"https:\/\/www.gaveanews.com\/wp-content\/uploads\/Rodrigo-Garro-com-a-camisa-do-Corinthians-em-2024.webp\" \/>\n\t<meta property=\"og:image:width\" content=\"1440\" \/>\n\t<meta property=\"og:image:height\" content=\"1085\" \/>\n\t<meta property=\"og:image:type\" content=\"image\/jpeg\" \/>\n<meta name=\"author\" content=\"Rafaela Ladeira\" \/>\n<meta name=\"twitter:card\" content=\"summary_large_image\" \/>\n<meta name=\"twitter:label1\" content=\"Escrito por\" \/>\n\t<meta name=\"twitter:data1\" content=\"Rafaela Ladeira\" \/>\n\t<meta name=\"twitter:label2\" content=\"Est. tempo de leitura\" \/>\n\t<meta name=\"twitter:data2\" content=\"4 minutos\" \/>\n<script type=\"application\/ld+json\" class=\"yoast-schema-graph\">{\"@context\":\"https:\/\/schema.org\",\"@graph\":[{\"@type\":\"NewsArticle\",\"@id\":\"https:\/\/www.gaveanews.com\/index.php\/2024\/09\/26\/corinthians-fatura-milhoes-com-a-classificacao-da-sul-americana\/#article\",\"isPartOf\":{\"@id\":\"https:\/\/www.gaveanews.com\/index.php\/2024\/09\/26\/corinthians-fatura-milhoes-com-a-classificacao-da-sul-americana\/\"},\"author\":{\"name\":\"Rafaela Ladeira\",\"@id\":\"https:\/\/www.gaveanews.com\/#\/schema\/person\/0eb3e3fe1754f0205218538adbe8f5ed\"},\"headline\":\"Corinthians fatura milh\u00f5es com a classifica\u00e7\u00e3o da Sul-Americana\",\"datePublished\":\"2024-09-26T14:45:00+00:00\",\"mainEntityOfPage\":{\"@id\":\"https:\/\/www.gaveanews.com\/index.php\/2024\/09\/26\/corinthians-fatura-milhoes-com-a-classificacao-da-sul-americana\/\"},\"wordCount\":710,\"commentCount\":0,\"image\":{\"@id\":\"https:\/\/www.gaveanews.com\/index.php\/2024\/09\/26\/corinthians-fatura-milhoes-com-a-classificacao-da-sul-americana\/#primaryimage\"},\"thumbnailUrl\":\"https:\/\/www.gaveanews.com\/wp-content\/uploads\/Rodrigo-Garro-com-a-camisa-do-Corinthians-em-2024.webp\",\"articleSection\":[\"Corinthians\"],\"inLanguage\":\"pt-BR\",\"potentialAction\":[{\"@type\":\"CommentAction\",\"name\":\"Comment\",\"target\":[\"https:\/\/www.gaveanews.com\/index.php\/2024\/09\/26\/corinthians-fatura-milhoes-com-a-classificacao-da-sul-americana\/#respond\"]}],\"copyrightYear\":\"2024\",\"copyrightHolder\":{\"@id\":\"https:\/\/www.gaveanews.com\/#organization\"}},{\"@type\":\"WebPage\",\"@id\":\"https:\/\/www.gaveanews.com\/index.php\/2024\/09\/26\/corinthians-fatura-milhoes-com-a-classificacao-da-sul-americana\/\",\"url\":\"https:\/\/www.gaveanews.com\/index.php\/2024\/09\/26\/corinthians-fatura-milhoes-com-a-classificacao-da-sul-americana\/\",\"name\":\"Corinthians fatura milh\u00f5es com a classifica\u00e7\u00e3o da Sul-Americana\",\"isPartOf\":{\"@id\":\"https:\/\/www.gaveanews.com\/#website\"},\"primaryImageOfPage\":{\"@id\":\"https:\/\/www.gaveanews.com\/index.php\/2024\/09\/26\/corinthians-fatura-milhoes-com-a-classificacao-da-sul-americana\/#primaryimage\"},\"image\":{\"@id\":\"https:\/\/www.gaveanews.com\/index.php\/2024\/09\/26\/corinthians-fatura-milhoes-com-a-classificacao-da-sul-americana\/#primaryimage\"},\"thumbnailUrl\":\"https:\/\/www.gaveanews.com\/wp-content\/uploads\/Rodrigo-Garro-com-a-camisa-do-Corinthians-em-2024.webp\",\"datePublished\":\"2024-09-26T14:45:00+00:00\",\"author\":{\"@id\":\"https:\/\/www.gaveanews.com\/#\/schema\/person\/0eb3e3fe1754f0205218538adbe8f5ed\"},\"breadcrumb\":{\"@id\":\"https:\/\/www.gaveanews.com\/index.php\/2024\/09\/26\/corinthians-fatura-milhoes-com-a-classificacao-da-sul-americana\/#breadcrumb\"},\"inLanguage\":\"pt-BR\",\"potentialAction\":[{\"@type\":\"ReadAction\",\"target\":[\"https:\/\/www.gaveanews.com\/index.php\/2024\/09\/26\/corinthians-fatura-milhoes-com-a-classificacao-da-sul-americana\/\"]}]},{\"@type\":\"ImageObject\",\"inLanguage\":\"pt-BR\",\"@id\":\"https:\/\/www.gaveanews.com\/index.php\/2024\/09\/26\/corinthians-fatura-milhoes-com-a-classificacao-da-sul-americana\/#primaryimage\",\"url\":\"https:\/\/www.gaveanews.com\/wp-content\/uploads\/Rodrigo-Garro-com-a-camisa-do-Corinthians-em-2024.webp\",\"contentUrl\":\"https:\/\/www.gaveanews.com\/wp-content\/uploads\/Rodrigo-Garro-com-a-camisa-do-Corinthians-em-2024.webp\",\"width\":1440,\"height\":1085,\"caption\":\"Rodrigo Garro com a camisa do Corinthians em 2024 (Foto: Reprodu\u00e7\u00e3o\/Instagram)\"},{\"@type\":\"BreadcrumbList\",\"@id\":\"https:\/\/www.gaveanews.com\/index.php\/2024\/09\/26\/corinthians-fatura-milhoes-com-a-classificacao-da-sul-americana\/#breadcrumb\",\"itemListElement\":[{\"@type\":\"ListItem\",\"position\":1,\"name\":\"Home\",\"item\":\"https:\/\/www.gaveanews.com\/\"},{\"@type\":\"ListItem\",\"position\":2,\"name\":\"Corinthians fatura milh\u00f5es com a classifica\u00e7\u00e3o da Sul-Americana\"}]},{\"@type\":\"WebSite\",\"@id\":\"https:\/\/www.gaveanews.com\/#website\",\"url\":\"https:\/\/www.gaveanews.com\/\",\"name\":\"G\u00e1vea News\",\"description\":\"Veja todas as not\u00edcias sobre o Flamengo: Contrata\u00e7\u00f5es, categorias de base, resultados das partidas, tabela de classifica\u00e7\u00e3o, pr\u00f3ximos jogos!\",\"potentialAction\":[{\"@type\":\"SearchAction\",\"target\":{\"@type\":\"EntryPoint\",\"urlTemplate\":\"https:\/\/www.gaveanews.com\/?s={search_term_string}\"},\"query-input\":{\"@type\":\"PropertyValueSpecification\",\"valueRequired\":true,\"valueName\":\"search_term_string\"}}],\"inLanguage\":\"pt-BR\"},{\"@type\":\"Person\",\"@id\":\"https:\/\/www.gaveanews.com\/#\/schema\/person\/0eb3e3fe1754f0205218538adbe8f5ed\",\"name\":\"Rafaela Ladeira\",\"image\":{\"@type\":\"ImageObject\",\"inLanguage\":\"pt-BR\",\"@id\":\"https:\/\/www.gaveanews.com\/#\/schema\/person\/image\/\",\"url\":\"https:\/\/secure.gravatar.com\/avatar\/c31f513acffd85eacab5730cbdfdbbf59f21ba5aeada8cd890acea879fbb2455?s=96&d=mm&r=g\",\"contentUrl\":\"https:\/\/secure.gravatar.com\/avatar\/c31f513acffd85eacab5730cbdfdbbf59f21ba5aeada8cd890acea879fbb2455?s=96&d=mm&r=g\",\"caption\":\"Rafaela Ladeira\"}}]}<\/script>\n<!-- \/ Yoast SEO Premium plugin. -->","yoast_head_json":{"title":"Corinthians fatura milh\u00f5es com a classifica\u00e7\u00e3o da Sul-Americana","robots":{"index":"index","follow":"follow","max-snippet":"max-snippet:-1","max-image-preview":"max-image-preview:large","max-video-preview":"max-video-preview:-1"},"canonical":"https:\/\/www.gaveanews.com\/index.php\/2024\/09\/26\/corinthians-fatura-milhoes-com-a-classificacao-da-sul-americana\/","og_locale":"pt_BR","og_type":"article","og_title":"Corinthians fatura milh\u00f5es com a classifica\u00e7\u00e3o da Sul-Americana","og_description":"A classifica\u00e7\u00e3o do Corinthians para a semifinal da Copa Sul-Americana, al\u00e9m de ser um marco esportivo importante, trouxe um al\u00edvio financeiro significativo para o clube. Em meio a uma crise econ\u00f4mica, o avan\u00e7o na competi\u00e7\u00e3o representa milh\u00f5es em premia\u00e7\u00f5es, o que pode ajudar a minimizar parte das d\u00edvidas que o Tim\u00e3o enfrenta. Quanto o Corinthians [&hellip;]","og_url":"https:\/\/www.gaveanews.com\/index.php\/2024\/09\/26\/corinthians-fatura-milhoes-com-a-classificacao-da-sul-americana\/","og_site_name":"G\u00e1vea News","article_publisher":"https:\/\/facebook.com\/gaveaNews\/","article_published_time":"2024-09-26T14:45:00+00:00","og_image":[{"width":1440,"height":1085,"url":"https:\/\/www.gaveanews.com\/wp-content\/uploads\/Rodrigo-Garro-com-a-camisa-do-Corinthians-em-2024.webp","type":"image\/jpeg"}],"author":"Rafaela Ladeira","twitter_card":"summary_large_image","twitter_misc":{"Escrito por":"Rafaela Ladeira","Est. tempo de leitura":"4 minutos"},"schema":{"@context":"https:\/\/schema.org","@graph":[{"@type":"NewsArticle","@id":"https:\/\/www.gaveanews.com\/index.php\/2024\/09\/26\/corinthians-fatura-milhoes-com-a-classificacao-da-sul-americana\/#article","isPartOf":{"@id":"https:\/\/www.gaveanews.com\/index.php\/2024\/09\/26\/corinthians-fatura-milhoes-com-a-classificacao-da-sul-americana\/"},"author":{"name":"Rafaela Ladeira","@id":"https:\/\/www.gaveanews.com\/#\/schema\/person\/0eb3e3fe1754f0205218538adbe8f5ed"},"headline":"Corinthians fatura milh\u00f5es com a classifica\u00e7\u00e3o da Sul-Americana","datePublished":"2024-09-26T14:45:00+00:00","mainEntityOfPage":{"@id":"https:\/\/www.gaveanews.com\/index.php\/2024\/09\/26\/corinthians-fatura-milhoes-com-a-classificacao-da-sul-americana\/"},"wordCount":710,"commentCount":0,"image":{"@id":"https:\/\/www.gaveanews.com\/index.php\/2024\/09\/26\/corinthians-fatura-milhoes-com-a-classificacao-da-sul-americana\/#primaryimage"},"thumbnailUrl":"https:\/\/www.gaveanews.com\/wp-content\/uploads\/Rodrigo-Garro-com-a-camisa-do-Corinthians-em-2024.webp","articleSection":["Corinthians"],"inLanguage":"pt-BR","potentialAction":[{"@type":"CommentAction","name":"Comment","target":["https:\/\/www.gaveanews.com\/index.php\/2024\/09\/26\/corinthians-fatura-milhoes-com-a-classificacao-da-sul-americana\/#respond"]}],"copyrightYear":"2024","copyrightHolder":{"@id":"https:\/\/www.gaveanews.com\/#organization"}},{"@type":"WebPage","@id":"https:\/\/www.gaveanews.com\/index.php\/2024\/09\/26\/corinthians-fatura-milhoes-com-a-classificacao-da-sul-americana\/","url":"https:\/\/www.gaveanews.com\/index.php\/2024\/09\/26\/corinthians-fatura-milhoes-com-a-classificacao-da-sul-americana\/","name":"Corinthians fatura milh\u00f5es com a classifica\u00e7\u00e3o da Sul-Americana","isPartOf":{"@id":"https:\/\/www.gaveanews.com\/#website"},"primaryImageOfPage":{"@id":"https:\/\/www.gaveanews.com\/index.php\/2024\/09\/26\/corinthians-fatura-milhoes-com-a-classificacao-da-sul-americana\/#primaryimage"},"image":{"@id":"https:\/\/www.gaveanews.com\/index.php\/2024\/09\/26\/corinthians-fatura-milhoes-com-a-classificacao-da-sul-americana\/#primaryimage"},"thumbnailUrl":"https:\/\/www.gaveanews.com\/wp-content\/uploads\/Rodrigo-Garro-com-a-camisa-do-Corinthians-em-2024.webp","datePublished":"2024-09-26T14:45:00+00:00","author":{"@id":"https:\/\/www.gaveanews.com\/#\/schema\/person\/0eb3e3fe1754f0205218538adbe8f5ed"},"breadcrumb":{"@id":"https:\/\/www.gaveanews.com\/index.php\/2024\/09\/26\/corinthians-fatura-milhoes-com-a-classificacao-da-sul-americana\/#breadcrumb"},"inLanguage":"pt-BR","potentialAction":[{"@type":"ReadAction","target":["https:\/\/www.gaveanews.com\/index.php\/2024\/09\/26\/corinthians-fatura-milhoes-com-a-classificacao-da-sul-americana\/"]}]},{"@type":"ImageObject","inLanguage":"pt-BR","@id":"https:\/\/www.gaveanews.com\/index.php\/2024\/09\/26\/corinthians-fatura-milhoes-com-a-classificacao-da-sul-americana\/#primaryimage","url":"https:\/\/www.gaveanews.com\/wp-content\/uploads\/Rodrigo-Garro-com-a-camisa-do-Corinthians-em-2024.webp","contentUrl":"https:\/\/www.gaveanews.com\/wp-content\/uploads\/Rodrigo-Garro-com-a-camisa-do-Corinthians-em-2024.webp","width":1440,"height":1085,"caption":"Rodrigo Garro com a camisa do Corinthians em 2024 (Foto: Reprodu\u00e7\u00e3o\/Instagram)"},{"@type":"BreadcrumbList","@id":"https:\/\/www.gaveanews.com\/index.php\/2024\/09\/26\/corinthians-fatura-milhoes-com-a-classificacao-da-sul-americana\/#breadcrumb","itemListElement":[{"@type":"ListItem","position":1,"name":"Home","item":"https:\/\/www.gaveanews.com\/"},{"@type":"ListItem","position":2,"name":"Corinthians fatura milh\u00f5es com a classifica\u00e7\u00e3o da Sul-Americana"}]},{"@type":"WebSite","@id":"https:\/\/www.gaveanews.com\/#website","url":"https:\/\/www.gaveanews.com\/","name":"G\u00e1vea News","description":"Veja todas as not\u00edcias sobre o Flamengo: Contrata\u00e7\u00f5es, categorias de base, resultados das partidas, tabela de classifica\u00e7\u00e3o, pr\u00f3ximos jogos!","potentialAction":[{"@type":"SearchAction","target":{"@type":"EntryPoint","urlTemplate":"https:\/\/www.gaveanews.com\/?s={search_term_string}"},"query-input":{"@type":"PropertyValueSpecification","valueRequired":true,"valueName":"search_term_string"}}],"inLanguage":"pt-BR"},{"@type":"Person","@id":"https:\/\/www.gaveanews.com\/#\/schema\/person\/0eb3e3fe1754f0205218538adbe8f5ed","name":"Rafaela Ladeira","image":{"@type":"ImageObject","inLanguage":"pt-BR","@id":"https:\/\/www.gaveanews.com\/#\/schema\/person\/image\/","url":"https:\/\/secure.gravatar.com\/avatar\/c31f513acffd85eacab5730cbdfdbbf59f21ba5aeada8cd890acea879fbb2455?s=96&d=mm&r=g","contentUrl":"https:\/\/secure.gravatar.com\/avatar\/c31f513acffd85eacab5730cbdfdbbf59f21ba5aeada8cd890acea879fbb2455?s=96&d=mm&r=g","caption":"Rafaela Ladeira"}}]}},"_links":{"self":[{"href":"https:\/\/www.gaveanews.com\/index.php\/wp-json\/wp\/v2\/posts\/169185","targetHints":{"allow":["GET"]}}],"collection":[{"href":"https:\/\/www.gaveanews.com\/index.php\/wp-json\/wp\/v2\/posts"}],"about":[{"href":"https:\/\/www.gaveanews.com\/index.php\/wp-json\/wp\/v2\/types\/post"}],"author":[{"embeddable":true,"href":"https:\/\/www.gaveanews.com\/index.php\/wp-json\/wp\/v2\/users\/25"}],"replies":[{"embeddable":true,"href":"https:\/\/www.gaveanews.com\/index.php\/wp-json\/wp\/v2\/comments?post=169185"}],"version-history":[{"count":1,"href":"https:\/\/www.gaveanews.com\/index.php\/wp-json\/wp\/v2\/posts\/169185\/revisions"}],"predecessor-version":[{"id":169189,"href":"https:\/\/www.gaveanews.com\/index.php\/wp-json\/wp\/v2\/posts\/169185\/revisions\/169189"}],"wp:featuredmedia":[{"embeddable":true,"href":"https:\/\/www.gaveanews.com\/index.php\/wp-json\/wp\/v2\/media\/161268"}],"wp:attachment":[{"href":"https:\/\/www.gaveanews.com\/index.php\/wp-json\/wp\/v2\/media?parent=169185"}],"wp:term":[{"taxonomy":"category","embeddable":true,"href":"https:\/\/www.gaveanews.com\/index.php\/wp-json\/wp\/v2\/categories?post=169185"},{"taxonomy":"post_tag","embeddable":true,"href":"https:\/\/www.gaveanews.com\/index.php\/wp-json\/wp\/v2\/tags?post=169185"}],"curies":[{"name":"wp","href":"https:\/\/api.w.org\/{rel}","templated":true}]}}