{"id":169223,"date":"2024-09-25T19:42:24","date_gmt":"2024-09-25T22:42:24","guid":{"rendered":"https:\/\/www.gaveanews.com\/?p=169223"},"modified":"2024-09-25T19:42:27","modified_gmt":"2024-09-25T22:42:27","slug":"luis-suarez-ajudara-o-flamengo-na-libertadores","status":"publish","type":"post","link":"https:\/\/www.gaveanews.com\/index.php\/2024\/09\/25\/luis-suarez-ajudara-o-flamengo-na-libertadores\/","title":{"rendered":"Luis Su\u00e1rez &#8216;ajudar\u00e1&#8217; o Flamengo na Libertadores"},"content":{"rendered":"\n<p>De olho no grande desafio contra o Pe\u00f1arol, pelo segundo jogo das quartas de final da Copa Libertadores da Am\u00e9rica, o Flamengo pode ter uma &#8220;ajuda&#8221; de Luis Su\u00e1rez. Isso porque o local onde o Rubro-Negro vai treinar para a partida fica no complexo criado pelo jogador.<\/p>\n\n\n\n<ul class=\"wp-block-list\">\n<li><a href=\"https:\/\/www.gaveanews.com\/index.php\/2024\/09\/25\/a-publicacao-do-flamengo-antes-do-jogo-contra-o-penarol-pela-libertadores\/\">A publica\u00e7\u00e3o do Flamengo antes do jogo contra o Pe\u00f1arol pela\u00a0Libertadores<\/a><\/li>\n\n\n\n<li><a href=\"https:\/\/www.gaveanews.com\/index.php\/2024\/09\/25\/gerson-se-manifesta-nas-redes-sociais-antes-do-jogo-entre-penarol-x-flamengo\/\">Gerson se manifesta nas redes sociais antes do jogo entre Pe\u00f1arol x Flamengo<\/a><\/li>\n<\/ul>\n\n\n\n<p>O complexo que pertence a Luis Su\u00e1rez n\u00e3o s\u00f3 vai servir para os treinos do Flamengo, como tamb\u00e9m para a concentra\u00e7\u00e3o da equipe antes da partida decisiva. Cabe ressaltar que, nesta edi\u00e7\u00e3o de Libertadores, outro time brasileiro tamb\u00e9m utilizou o local: o S\u00e3o Paulo, que eliminou o Nacional, tamb\u00e9m do Uruguai.<\/p>\n\n\n\n<p>Nomeado de Cidade Esportiva LS, com as siglas que indicam o nome do jogador, o complexo tem uma bela estrutura, com tr\u00eas campos para crian\u00e7as, e tr\u00eas para times profissionais. Academia, vesti\u00e1rio, \u00e1reas de alimenta\u00e7\u00e3o, e at\u00e9 mesmo um mini-est\u00e1dio, com capacidade para 1500 pessoas, completam o local.<\/p>\n\n\n\n<p>Luisito Su\u00e1rez deu o pontap\u00e9 inicial no planejamento do complexo em 2018, mas apenas em2023 conseguiu inaugurar o espa\u00e7o. Em entrevista ao &#8216;GE&#8217;, Danilo Alvez, coordenador esportivo do complexo, revelou o grande sonho do jogador com a cria\u00e7\u00e3o da \u00e1rea: ter seu pr\u00f3prio time profissional.<\/p>\n\n\n\n<p>\u2014 <em>\u00c9 preciso ir passo a passo. O LS j\u00e1 \u00e9 uma SAD (Sociedade An\u00f4nima Desportiva), mas para chegar \u00e0 elite do futebol uruguaio \u00e9 preciso come\u00e7ar na quarta divis\u00e3o. Esse processo pode levar cerca de sete anos e envolve muitas perdas financeiras. Mas, sem d\u00favidas, o nosso pr\u00f3ximo passo \u00e9 a profissionaliza\u00e7\u00e3o<\/em> -, disse Danilo.<\/p>\n\n\n\n<p>Os treinamentos e concentra\u00e7\u00e3o do Flamengo s\u00e3o indispens\u00e1veis e precisam ser aproveitados ao m\u00e1ximo, visto que o Rubro-Negro tem uma miss\u00e3o dif\u00edcil no jogo contra o Pe\u00f1arol: virar o resultado para garantir a classifica\u00e7\u00e3o.<\/p>\n\n\n\n<p>Como perdeu o primeiro jogo por 1 a 0, no Maracan\u00e3, o Flamengo est\u00e1 em desvantagem no placar e precisa vencer por dois gols de diferen\u00e7a para manter vivo o sonho de voltar ao topo mais alto da Am\u00e9rica.<\/p>\n\n\n\n<p>Caso se classifique, o Flamengo vai enfrentar um brasileiro: o vencedor do duelo entre S\u00e3o Paulo e Botafogo. <\/p>\n","protected":false},"excerpt":{"rendered":"<p>De olho no grande desafio contra o Pe\u00f1arol, pelo segundo jogo das quartas de final da Copa Libertadores da Am\u00e9rica, o Flamengo pode ter uma &#8220;ajuda&#8221; de Luis Su\u00e1rez. Isso porque o local onde o Rubro-Negro vai treinar para a partida fica no complexo criado pelo jogador. O complexo que pertence a Luis Su\u00e1rez n\u00e3o [&hellip;]<\/p>\n","protected":false},"author":18,"featured_media":155443,"comment_status":"open","ping_status":"closed","sticky":false,"template":"","format":"standard","meta":{"footnotes":""},"categories":[1],"tags":[],"class_list":["post-169223","post","type-post","status-publish","format-standard","has-post-thumbnail","hentry","category-flamengo"],"yoast_head":"<!-- This site is optimized with the Yoast SEO Premium plugin v24.2 (Yoast SEO v26.9) - https:\/\/yoast.com\/product\/yoast-seo-premium-wordpress\/ -->\n<title>Luis Su\u00e1rez &#039;ajudar\u00e1&#039; o Flamengo na Libertadores<\/title>\n<meta name=\"robots\" content=\"index, follow, max-snippet:-1, max-image-preview:large, max-video-preview:-1\" \/>\n<link rel=\"canonical\" href=\"https:\/\/www.gaveanews.com\/index.php\/2024\/09\/25\/luis-suarez-ajudara-o-flamengo-na-libertadores\/\" \/>\n<meta property=\"og:locale\" content=\"pt_BR\" \/>\n<meta property=\"og:type\" content=\"article\" \/>\n<meta property=\"og:title\" content=\"Luis Su\u00e1rez &#039;ajudar\u00e1&#039; o Flamengo na Libertadores\" \/>\n<meta property=\"og:description\" content=\"De olho no grande desafio contra o Pe\u00f1arol, pelo segundo jogo das quartas de final da Copa Libertadores da Am\u00e9rica, o Flamengo pode ter uma &#8220;ajuda&#8221; de Luis Su\u00e1rez. Isso porque o local onde o Rubro-Negro vai treinar para a partida fica no complexo criado pelo jogador. O complexo que pertence a Luis Su\u00e1rez n\u00e3o [&hellip;]\" \/>\n<meta property=\"og:url\" content=\"https:\/\/www.gaveanews.com\/index.php\/2024\/09\/25\/luis-suarez-ajudara-o-flamengo-na-libertadores\/\" \/>\n<meta property=\"og:site_name\" content=\"G\u00e1vea News\" \/>\n<meta property=\"article:publisher\" content=\"https:\/\/facebook.com\/gaveaNews\/\" \/>\n<meta property=\"article:published_time\" content=\"2024-09-25T22:42:24+00:00\" \/>\n<meta property=\"article:modified_time\" content=\"2024-09-25T22:42:27+00:00\" \/>\n<meta property=\"og:image\" content=\"https:\/\/www.gaveanews.com\/wp-content\/uploads\/Luis-Alberto-Suarez-com-a-camisa-da-selecao-do-Uruguai-em-2024.webp\" \/>\n\t<meta property=\"og:image:width\" content=\"1422\" \/>\n\t<meta property=\"og:image:height\" content=\"1067\" \/>\n\t<meta property=\"og:image:type\" content=\"image\/webp\" \/>\n<meta name=\"author\" content=\"Paula Silva\" \/>\n<meta name=\"twitter:card\" content=\"summary_large_image\" \/>\n<meta name=\"twitter:label1\" content=\"Escrito por\" \/>\n\t<meta name=\"twitter:data1\" content=\"Paula Silva\" \/>\n\t<meta name=\"twitter:label2\" content=\"Est. tempo de leitura\" \/>\n\t<meta name=\"twitter:data2\" content=\"3 minutos\" \/>\n<script type=\"application\/ld+json\" class=\"yoast-schema-graph\">{\"@context\":\"https:\/\/schema.org\",\"@graph\":[{\"@type\":\"NewsArticle\",\"@id\":\"https:\/\/www.gaveanews.com\/index.php\/2024\/09\/25\/luis-suarez-ajudara-o-flamengo-na-libertadores\/#article\",\"isPartOf\":{\"@id\":\"https:\/\/www.gaveanews.com\/index.php\/2024\/09\/25\/luis-suarez-ajudara-o-flamengo-na-libertadores\/\"},\"author\":{\"name\":\"Paula Silva\",\"@id\":\"https:\/\/www.gaveanews.com\/#\/schema\/person\/daf63eec72e1164eb13dc35096c2b8da\"},\"headline\":\"Luis Su\u00e1rez &#8216;ajudar\u00e1&#8217; o Flamengo na Libertadores\",\"datePublished\":\"2024-09-25T22:42:24+00:00\",\"dateModified\":\"2024-09-25T22:42:27+00:00\",\"mainEntityOfPage\":{\"@id\":\"https:\/\/www.gaveanews.com\/index.php\/2024\/09\/25\/luis-suarez-ajudara-o-flamengo-na-libertadores\/\"},\"wordCount\":402,\"commentCount\":0,\"image\":{\"@id\":\"https:\/\/www.gaveanews.com\/index.php\/2024\/09\/25\/luis-suarez-ajudara-o-flamengo-na-libertadores\/#primaryimage\"},\"thumbnailUrl\":\"https:\/\/www.gaveanews.com\/wp-content\/uploads\/Luis-Alberto-Suarez-com-a-camisa-da-selecao-do-Uruguai-em-2024.webp\",\"articleSection\":[\"Flamengo\"],\"inLanguage\":\"pt-BR\",\"potentialAction\":[{\"@type\":\"CommentAction\",\"name\":\"Comment\",\"target\":[\"https:\/\/www.gaveanews.com\/index.php\/2024\/09\/25\/luis-suarez-ajudara-o-flamengo-na-libertadores\/#respond\"]}],\"copyrightYear\":\"2024\",\"copyrightHolder\":{\"@id\":\"https:\/\/www.gaveanews.com\/#organization\"}},{\"@type\":\"WebPage\",\"@id\":\"https:\/\/www.gaveanews.com\/index.php\/2024\/09\/25\/luis-suarez-ajudara-o-flamengo-na-libertadores\/\",\"url\":\"https:\/\/www.gaveanews.com\/index.php\/2024\/09\/25\/luis-suarez-ajudara-o-flamengo-na-libertadores\/\",\"name\":\"Luis Su\u00e1rez 'ajudar\u00e1' o Flamengo na Libertadores\",\"isPartOf\":{\"@id\":\"https:\/\/www.gaveanews.com\/#website\"},\"primaryImageOfPage\":{\"@id\":\"https:\/\/www.gaveanews.com\/index.php\/2024\/09\/25\/luis-suarez-ajudara-o-flamengo-na-libertadores\/#primaryimage\"},\"image\":{\"@id\":\"https:\/\/www.gaveanews.com\/index.php\/2024\/09\/25\/luis-suarez-ajudara-o-flamengo-na-libertadores\/#primaryimage\"},\"thumbnailUrl\":\"https:\/\/www.gaveanews.com\/wp-content\/uploads\/Luis-Alberto-Suarez-com-a-camisa-da-selecao-do-Uruguai-em-2024.webp\",\"datePublished\":\"2024-09-25T22:42:24+00:00\",\"dateModified\":\"2024-09-25T22:42:27+00:00\",\"author\":{\"@id\":\"https:\/\/www.gaveanews.com\/#\/schema\/person\/daf63eec72e1164eb13dc35096c2b8da\"},\"breadcrumb\":{\"@id\":\"https:\/\/www.gaveanews.com\/index.php\/2024\/09\/25\/luis-suarez-ajudara-o-flamengo-na-libertadores\/#breadcrumb\"},\"inLanguage\":\"pt-BR\",\"potentialAction\":[{\"@type\":\"ReadAction\",\"target\":[\"https:\/\/www.gaveanews.com\/index.php\/2024\/09\/25\/luis-suarez-ajudara-o-flamengo-na-libertadores\/\"]}]},{\"@type\":\"ImageObject\",\"inLanguage\":\"pt-BR\",\"@id\":\"https:\/\/www.gaveanews.com\/index.php\/2024\/09\/25\/luis-suarez-ajudara-o-flamengo-na-libertadores\/#primaryimage\",\"url\":\"https:\/\/www.gaveanews.com\/wp-content\/uploads\/Luis-Alberto-Suarez-com-a-camisa-da-selecao-do-Uruguai-em-2024.webp\",\"contentUrl\":\"https:\/\/www.gaveanews.com\/wp-content\/uploads\/Luis-Alberto-Suarez-com-a-camisa-da-selecao-do-Uruguai-em-2024.webp\",\"width\":1422,\"height\":1067,\"caption\":\"Luis Alberto Su\u00e1rez com a camisa da sele\u00e7\u00e3o do Uruguai em 2024 (Foto: Reprodu\u00e7\u00e3o\/Instagram)\"},{\"@type\":\"BreadcrumbList\",\"@id\":\"https:\/\/www.gaveanews.com\/index.php\/2024\/09\/25\/luis-suarez-ajudara-o-flamengo-na-libertadores\/#breadcrumb\",\"itemListElement\":[{\"@type\":\"ListItem\",\"position\":1,\"name\":\"Home\",\"item\":\"https:\/\/www.gaveanews.com\/\"},{\"@type\":\"ListItem\",\"position\":2,\"name\":\"Luis Su\u00e1rez &#8216;ajudar\u00e1&#8217; o Flamengo na Libertadores\"}]},{\"@type\":\"WebSite\",\"@id\":\"https:\/\/www.gaveanews.com\/#website\",\"url\":\"https:\/\/www.gaveanews.com\/\",\"name\":\"G\u00e1vea News\",\"description\":\"Veja todas as not\u00edcias sobre o Flamengo: Contrata\u00e7\u00f5es, categorias de base, resultados das partidas, tabela de classifica\u00e7\u00e3o, pr\u00f3ximos jogos!\",\"potentialAction\":[{\"@type\":\"SearchAction\",\"target\":{\"@type\":\"EntryPoint\",\"urlTemplate\":\"https:\/\/www.gaveanews.com\/?s={search_term_string}\"},\"query-input\":{\"@type\":\"PropertyValueSpecification\",\"valueRequired\":true,\"valueName\":\"search_term_string\"}}],\"inLanguage\":\"pt-BR\"},{\"@type\":\"Person\",\"@id\":\"https:\/\/www.gaveanews.com\/#\/schema\/person\/daf63eec72e1164eb13dc35096c2b8da\",\"name\":\"Paula Silva\",\"image\":{\"@type\":\"ImageObject\",\"inLanguage\":\"pt-BR\",\"@id\":\"https:\/\/www.gaveanews.com\/#\/schema\/person\/image\/\",\"url\":\"https:\/\/secure.gravatar.com\/avatar\/eda381c845527cc5d64c13b901833cda29d97500ba040d3e6461f76f51d163bb?s=96&d=mm&r=g\",\"contentUrl\":\"https:\/\/secure.gravatar.com\/avatar\/eda381c845527cc5d64c13b901833cda29d97500ba040d3e6461f76f51d163bb?s=96&d=mm&r=g\",\"caption\":\"Paula Silva\"}}]}<\/script>\n<!-- \/ Yoast SEO Premium plugin. -->","yoast_head_json":{"title":"Luis Su\u00e1rez 'ajudar\u00e1' o Flamengo na Libertadores","robots":{"index":"index","follow":"follow","max-snippet":"max-snippet:-1","max-image-preview":"max-image-preview:large","max-video-preview":"max-video-preview:-1"},"canonical":"https:\/\/www.gaveanews.com\/index.php\/2024\/09\/25\/luis-suarez-ajudara-o-flamengo-na-libertadores\/","og_locale":"pt_BR","og_type":"article","og_title":"Luis Su\u00e1rez 'ajudar\u00e1' o Flamengo na Libertadores","og_description":"De olho no grande desafio contra o Pe\u00f1arol, pelo segundo jogo das quartas de final da Copa Libertadores da Am\u00e9rica, o Flamengo pode ter uma &#8220;ajuda&#8221; de Luis Su\u00e1rez. Isso porque o local onde o Rubro-Negro vai treinar para a partida fica no complexo criado pelo jogador. O complexo que pertence a Luis Su\u00e1rez n\u00e3o [&hellip;]","og_url":"https:\/\/www.gaveanews.com\/index.php\/2024\/09\/25\/luis-suarez-ajudara-o-flamengo-na-libertadores\/","og_site_name":"G\u00e1vea News","article_publisher":"https:\/\/facebook.com\/gaveaNews\/","article_published_time":"2024-09-25T22:42:24+00:00","article_modified_time":"2024-09-25T22:42:27+00:00","og_image":[{"width":1422,"height":1067,"url":"https:\/\/www.gaveanews.com\/wp-content\/uploads\/Luis-Alberto-Suarez-com-a-camisa-da-selecao-do-Uruguai-em-2024.webp","type":"image\/webp"}],"author":"Paula Silva","twitter_card":"summary_large_image","twitter_misc":{"Escrito por":"Paula Silva","Est. tempo de leitura":"3 minutos"},"schema":{"@context":"https:\/\/schema.org","@graph":[{"@type":"NewsArticle","@id":"https:\/\/www.gaveanews.com\/index.php\/2024\/09\/25\/luis-suarez-ajudara-o-flamengo-na-libertadores\/#article","isPartOf":{"@id":"https:\/\/www.gaveanews.com\/index.php\/2024\/09\/25\/luis-suarez-ajudara-o-flamengo-na-libertadores\/"},"author":{"name":"Paula Silva","@id":"https:\/\/www.gaveanews.com\/#\/schema\/person\/daf63eec72e1164eb13dc35096c2b8da"},"headline":"Luis Su\u00e1rez &#8216;ajudar\u00e1&#8217; o Flamengo na Libertadores","datePublished":"2024-09-25T22:42:24+00:00","dateModified":"2024-09-25T22:42:27+00:00","mainEntityOfPage":{"@id":"https:\/\/www.gaveanews.com\/index.php\/2024\/09\/25\/luis-suarez-ajudara-o-flamengo-na-libertadores\/"},"wordCount":402,"commentCount":0,"image":{"@id":"https:\/\/www.gaveanews.com\/index.php\/2024\/09\/25\/luis-suarez-ajudara-o-flamengo-na-libertadores\/#primaryimage"},"thumbnailUrl":"https:\/\/www.gaveanews.com\/wp-content\/uploads\/Luis-Alberto-Suarez-com-a-camisa-da-selecao-do-Uruguai-em-2024.webp","articleSection":["Flamengo"],"inLanguage":"pt-BR","potentialAction":[{"@type":"CommentAction","name":"Comment","target":["https:\/\/www.gaveanews.com\/index.php\/2024\/09\/25\/luis-suarez-ajudara-o-flamengo-na-libertadores\/#respond"]}],"copyrightYear":"2024","copyrightHolder":{"@id":"https:\/\/www.gaveanews.com\/#organization"}},{"@type":"WebPage","@id":"https:\/\/www.gaveanews.com\/index.php\/2024\/09\/25\/luis-suarez-ajudara-o-flamengo-na-libertadores\/","url":"https:\/\/www.gaveanews.com\/index.php\/2024\/09\/25\/luis-suarez-ajudara-o-flamengo-na-libertadores\/","name":"Luis Su\u00e1rez 'ajudar\u00e1' o Flamengo na Libertadores","isPartOf":{"@id":"https:\/\/www.gaveanews.com\/#website"},"primaryImageOfPage":{"@id":"https:\/\/www.gaveanews.com\/index.php\/2024\/09\/25\/luis-suarez-ajudara-o-flamengo-na-libertadores\/#primaryimage"},"image":{"@id":"https:\/\/www.gaveanews.com\/index.php\/2024\/09\/25\/luis-suarez-ajudara-o-flamengo-na-libertadores\/#primaryimage"},"thumbnailUrl":"https:\/\/www.gaveanews.com\/wp-content\/uploads\/Luis-Alberto-Suarez-com-a-camisa-da-selecao-do-Uruguai-em-2024.webp","datePublished":"2024-09-25T22:42:24+00:00","dateModified":"2024-09-25T22:42:27+00:00","author":{"@id":"https:\/\/www.gaveanews.com\/#\/schema\/person\/daf63eec72e1164eb13dc35096c2b8da"},"breadcrumb":{"@id":"https:\/\/www.gaveanews.com\/index.php\/2024\/09\/25\/luis-suarez-ajudara-o-flamengo-na-libertadores\/#breadcrumb"},"inLanguage":"pt-BR","potentialAction":[{"@type":"ReadAction","target":["https:\/\/www.gaveanews.com\/index.php\/2024\/09\/25\/luis-suarez-ajudara-o-flamengo-na-libertadores\/"]}]},{"@type":"ImageObject","inLanguage":"pt-BR","@id":"https:\/\/www.gaveanews.com\/index.php\/2024\/09\/25\/luis-suarez-ajudara-o-flamengo-na-libertadores\/#primaryimage","url":"https:\/\/www.gaveanews.com\/wp-content\/uploads\/Luis-Alberto-Suarez-com-a-camisa-da-selecao-do-Uruguai-em-2024.webp","contentUrl":"https:\/\/www.gaveanews.com\/wp-content\/uploads\/Luis-Alberto-Suarez-com-a-camisa-da-selecao-do-Uruguai-em-2024.webp","width":1422,"height":1067,"caption":"Luis Alberto Su\u00e1rez com a camisa da sele\u00e7\u00e3o do Uruguai em 2024 (Foto: Reprodu\u00e7\u00e3o\/Instagram)"},{"@type":"BreadcrumbList","@id":"https:\/\/www.gaveanews.com\/index.php\/2024\/09\/25\/luis-suarez-ajudara-o-flamengo-na-libertadores\/#breadcrumb","itemListElement":[{"@type":"ListItem","position":1,"name":"Home","item":"https:\/\/www.gaveanews.com\/"},{"@type":"ListItem","position":2,"name":"Luis Su\u00e1rez &#8216;ajudar\u00e1&#8217; o Flamengo na Libertadores"}]},{"@type":"WebSite","@id":"https:\/\/www.gaveanews.com\/#website","url":"https:\/\/www.gaveanews.com\/","name":"G\u00e1vea News","description":"Veja todas as not\u00edcias sobre o Flamengo: Contrata\u00e7\u00f5es, categorias de base, resultados das partidas, tabela de classifica\u00e7\u00e3o, pr\u00f3ximos jogos!","potentialAction":[{"@type":"SearchAction","target":{"@type":"EntryPoint","urlTemplate":"https:\/\/www.gaveanews.com\/?s={search_term_string}"},"query-input":{"@type":"PropertyValueSpecification","valueRequired":true,"valueName":"search_term_string"}}],"inLanguage":"pt-BR"},{"@type":"Person","@id":"https:\/\/www.gaveanews.com\/#\/schema\/person\/daf63eec72e1164eb13dc35096c2b8da","name":"Paula Silva","image":{"@type":"ImageObject","inLanguage":"pt-BR","@id":"https:\/\/www.gaveanews.com\/#\/schema\/person\/image\/","url":"https:\/\/secure.gravatar.com\/avatar\/eda381c845527cc5d64c13b901833cda29d97500ba040d3e6461f76f51d163bb?s=96&d=mm&r=g","contentUrl":"https:\/\/secure.gravatar.com\/avatar\/eda381c845527cc5d64c13b901833cda29d97500ba040d3e6461f76f51d163bb?s=96&d=mm&r=g","caption":"Paula Silva"}}]}},"_links":{"self":[{"href":"https:\/\/www.gaveanews.com\/index.php\/wp-json\/wp\/v2\/posts\/169223","targetHints":{"allow":["GET"]}}],"collection":[{"href":"https:\/\/www.gaveanews.com\/index.php\/wp-json\/wp\/v2\/posts"}],"about":[{"href":"https:\/\/www.gaveanews.com\/index.php\/wp-json\/wp\/v2\/types\/post"}],"author":[{"embeddable":true,"href":"https:\/\/www.gaveanews.com\/index.php\/wp-json\/wp\/v2\/users\/18"}],"replies":[{"embeddable":true,"href":"https:\/\/www.gaveanews.com\/index.php\/wp-json\/wp\/v2\/comments?post=169223"}],"version-history":[{"count":1,"href":"https:\/\/www.gaveanews.com\/index.php\/wp-json\/wp\/v2\/posts\/169223\/revisions"}],"predecessor-version":[{"id":169240,"href":"https:\/\/www.gaveanews.com\/index.php\/wp-json\/wp\/v2\/posts\/169223\/revisions\/169240"}],"wp:featuredmedia":[{"embeddable":true,"href":"https:\/\/www.gaveanews.com\/index.php\/wp-json\/wp\/v2\/media\/155443"}],"wp:attachment":[{"href":"https:\/\/www.gaveanews.com\/index.php\/wp-json\/wp\/v2\/media?parent=169223"}],"wp:term":[{"taxonomy":"category","embeddable":true,"href":"https:\/\/www.gaveanews.com\/index.php\/wp-json\/wp\/v2\/categories?post=169223"},{"taxonomy":"post_tag","embeddable":true,"href":"https:\/\/www.gaveanews.com\/index.php\/wp-json\/wp\/v2\/tags?post=169223"}],"curies":[{"name":"wp","href":"https:\/\/api.w.org\/{rel}","templated":true}]}}