{"id":169227,"date":"2024-09-26T16:15:00","date_gmt":"2024-09-26T19:15:00","guid":{"rendered":"https:\/\/www.gaveanews.com\/?p=169227"},"modified":"2024-09-26T12:06:11","modified_gmt":"2024-09-26T15:06:11","slug":"ele-vai-retornar-ao-athletico-pr-apos-ter-sido-afastado","status":"publish","type":"post","link":"https:\/\/www.gaveanews.com\/index.php\/2024\/09\/26\/ele-vai-retornar-ao-athletico-pr-apos-ter-sido-afastado\/","title":{"rendered":"Ele vai retornar ao Athletico-PR ap\u00f3s ter sido afastado"},"content":{"rendered":"\n<h2 class=\"wp-block-heading\" id=\"h-meia-havia-sido-afastado-por-varini\">Meia havia sido afastado por Varini <\/h2>\n\n\n\n<p>O t\u00e9cnico Mart\u00edn Varini foi demitido na noite da \u00faltima segunda-feira (23) e para seu lugar, o Athletico-PR trouxe Lucho Gonz\u00e1lez. O meia Nik\u00e3o havia sido afastado por Varini recentemente e agora ser\u00e1 reintegrado ao elenco por Lucho. <\/p>\n\n\n\n<ul class=\"wp-block-list\">\n<li><a href=\"https:\/\/www.gaveanews.com\/index.php\/2024\/09\/21\/christian-bruno-zapelli-canobbio-praxedes-erick-leonardo-godoy-tomas-cuello-lucas-esquivel-os-jogadores-mais-valiosos-do-athletico-pr\/\">Christian, Bruno Zapelli, Canobbio, Praxedes, Erick, Leonardo Godoy, Tom\u00e1s Cuello, Lucas Esqu\u00edvel: os jogadores mais valiosos do Athletico-PR<\/a><\/li>\n\n\n\n<li><a href=\"https:\/\/www.gaveanews.com\/index.php\/2024\/09\/18\/conmebol-toma-atitude-mais-incisiva-contra-racismos-na-libertadores-e-sul-americana\/\">Conmebol toma atitude mais incisiva contra racismos na Libertadores e Sul-Americana<\/a><\/li>\n<\/ul>\n\n\n\n<p>Com o afastamento, Nik\u00e3o precisava resolver sua situa\u00e7\u00e3o com o clube paranaense e n\u00e3o vinha realizando treinamentos, at\u00e9 a ultima ter\u00e7a-feira, quando foi ao CT para realizar atividades, mas ainda separado do elenco. O jogador voltou a treinar com seus companheiros nesta quarta-feira (25). <\/p>\n\n\n\n<p>Nik\u00e3o vinha demonstrando bastante insatisfa\u00e7\u00e3o no clube e a sua rela\u00e7\u00e3o com Mart\u00edn Varini ficou desgastada, resultando no afastamento do atleta. No duelo contra o Vasco, pela Copa do Brasil, na Ligga Arena, o jogador entrou j\u00e1 nos minutos finais, mas ficou de fora da lista dos cobradores na disputa por p\u00eanaltis. <\/p>\n\n\n\n<p>Com a chegada de Lucho, a dupla se reecontra para novamente trabalharem juntos, mas dessa vez um pouco diferente. Nik\u00e3o e Lucho dividiram o gramado entre 2018 e 2021 e no per\u00edodo conquistaram cinco t\u00edtulos. Sul-Americana de 2018 e 2021, J. League\/Conmebol de 2019, Copa do Brasil de 2019 e Campeonato Paranaense de 2020.<\/p>\n\n\n\n<p>A tend\u00eancia \u00e9 que Lucho Gonz\u00e1lez estreie nesta quinta-feira (26), diante do Racing, da Argentina, pelo jogo de volta das quartas de final da Copa Sul-Americana. Na ida disputada na Ligga Arena, o Furac\u00e3o venceu por 1 a 0 e com isso tem a vantagem de empatar para conquistar a vaga para a semifinal do torneio. <\/p>\n\n\n\n<p>J\u00e1 pelo Campeonato Brasileiro, o Athletico-PR volta a campo no domingo (29), quando visita o Flamengo no Maracan\u00e3, \u00e0s 20h. O Furac\u00e3o no momento ocupa a 14\u00b0 posi\u00e7\u00e3o com 31 pontos somados. <\/p>\n","protected":false},"excerpt":{"rendered":"<p>Meia havia sido afastado por Varini O t\u00e9cnico Mart\u00edn Varini foi demitido na noite da \u00faltima segunda-feira (23) e para seu lugar, o Athletico-PR trouxe Lucho Gonz\u00e1lez. O meia Nik\u00e3o havia sido afastado por Varini recentemente e agora ser\u00e1 reintegrado ao elenco por Lucho. Com o afastamento, Nik\u00e3o precisava resolver sua situa\u00e7\u00e3o com o clube [&hellip;]<\/p>\n","protected":false},"author":21,"featured_media":139304,"comment_status":"open","ping_status":"closed","sticky":false,"template":"","format":"standard","meta":{"footnotes":""},"categories":[134],"tags":[],"class_list":["post-169227","post","type-post","status-publish","format-standard","has-post-thumbnail","hentry","category-athletico-pr"],"yoast_head":"<!-- This site is optimized with the Yoast SEO Premium plugin v24.2 (Yoast SEO v26.9) - https:\/\/yoast.com\/product\/yoast-seo-premium-wordpress\/ -->\n<title>Ele vai retornar ao Athletico-PR ap\u00f3s ter sido afastado<\/title>\n<meta name=\"robots\" content=\"index, follow, max-snippet:-1, max-image-preview:large, max-video-preview:-1\" \/>\n<link rel=\"canonical\" href=\"https:\/\/www.gaveanews.com\/index.php\/2024\/09\/26\/ele-vai-retornar-ao-athletico-pr-apos-ter-sido-afastado\/\" \/>\n<meta property=\"og:locale\" content=\"pt_BR\" \/>\n<meta property=\"og:type\" content=\"article\" \/>\n<meta property=\"og:title\" content=\"Ele vai retornar ao Athletico-PR ap\u00f3s ter sido afastado\" \/>\n<meta property=\"og:description\" content=\"Meia havia sido afastado por Varini O t\u00e9cnico Mart\u00edn Varini foi demitido na noite da \u00faltima segunda-feira (23) e para seu lugar, o Athletico-PR trouxe Lucho Gonz\u00e1lez. O meia Nik\u00e3o havia sido afastado por Varini recentemente e agora ser\u00e1 reintegrado ao elenco por Lucho. Com o afastamento, Nik\u00e3o precisava resolver sua situa\u00e7\u00e3o com o clube [&hellip;]\" \/>\n<meta property=\"og:url\" content=\"https:\/\/www.gaveanews.com\/index.php\/2024\/09\/26\/ele-vai-retornar-ao-athletico-pr-apos-ter-sido-afastado\/\" \/>\n<meta property=\"og:site_name\" content=\"G\u00e1vea News\" \/>\n<meta property=\"article:publisher\" content=\"https:\/\/facebook.com\/gaveaNews\/\" \/>\n<meta property=\"article:published_time\" content=\"2024-09-26T19:15:00+00:00\" \/>\n<meta property=\"og:image\" content=\"https:\/\/www.gaveanews.com\/wp-content\/uploads\/Bandeira-do-Athletico-na-Arena-da-Baixada.webp\" \/>\n\t<meta property=\"og:image:width\" content=\"1600\" \/>\n\t<meta property=\"og:image:height\" content=\"1066\" \/>\n\t<meta property=\"og:image:type\" content=\"image\/jpeg\" \/>\n<meta name=\"author\" content=\"Andr\u00e9 Serra\" \/>\n<meta name=\"twitter:card\" content=\"summary_large_image\" \/>\n<meta name=\"twitter:label1\" content=\"Escrito por\" \/>\n\t<meta name=\"twitter:data1\" content=\"Andr\u00e9 Serra\" \/>\n\t<meta name=\"twitter:label2\" content=\"Est. tempo de leitura\" \/>\n\t<meta name=\"twitter:data2\" content=\"2 minutos\" \/>\n<script type=\"application\/ld+json\" class=\"yoast-schema-graph\">{\"@context\":\"https:\/\/schema.org\",\"@graph\":[{\"@type\":\"NewsArticle\",\"@id\":\"https:\/\/www.gaveanews.com\/index.php\/2024\/09\/26\/ele-vai-retornar-ao-athletico-pr-apos-ter-sido-afastado\/#article\",\"isPartOf\":{\"@id\":\"https:\/\/www.gaveanews.com\/index.php\/2024\/09\/26\/ele-vai-retornar-ao-athletico-pr-apos-ter-sido-afastado\/\"},\"author\":{\"name\":\"Andr\u00e9 Serra\",\"@id\":\"https:\/\/www.gaveanews.com\/#\/schema\/person\/0277a79a1289c451c281ec0411d84f0c\"},\"headline\":\"Ele vai retornar ao Athletico-PR ap\u00f3s ter sido afastado\",\"datePublished\":\"2024-09-26T19:15:00+00:00\",\"mainEntityOfPage\":{\"@id\":\"https:\/\/www.gaveanews.com\/index.php\/2024\/09\/26\/ele-vai-retornar-ao-athletico-pr-apos-ter-sido-afastado\/\"},\"wordCount\":329,\"commentCount\":0,\"image\":{\"@id\":\"https:\/\/www.gaveanews.com\/index.php\/2024\/09\/26\/ele-vai-retornar-ao-athletico-pr-apos-ter-sido-afastado\/#primaryimage\"},\"thumbnailUrl\":\"https:\/\/www.gaveanews.com\/wp-content\/uploads\/Bandeira-do-Athletico-na-Arena-da-Baixada.webp\",\"articleSection\":[\"Athletico-PR\"],\"inLanguage\":\"pt-BR\",\"potentialAction\":[{\"@type\":\"CommentAction\",\"name\":\"Comment\",\"target\":[\"https:\/\/www.gaveanews.com\/index.php\/2024\/09\/26\/ele-vai-retornar-ao-athletico-pr-apos-ter-sido-afastado\/#respond\"]}],\"copyrightYear\":\"2024\",\"copyrightHolder\":{\"@id\":\"https:\/\/www.gaveanews.com\/#organization\"}},{\"@type\":\"WebPage\",\"@id\":\"https:\/\/www.gaveanews.com\/index.php\/2024\/09\/26\/ele-vai-retornar-ao-athletico-pr-apos-ter-sido-afastado\/\",\"url\":\"https:\/\/www.gaveanews.com\/index.php\/2024\/09\/26\/ele-vai-retornar-ao-athletico-pr-apos-ter-sido-afastado\/\",\"name\":\"Ele vai retornar ao Athletico-PR ap\u00f3s ter sido afastado\",\"isPartOf\":{\"@id\":\"https:\/\/www.gaveanews.com\/#website\"},\"primaryImageOfPage\":{\"@id\":\"https:\/\/www.gaveanews.com\/index.php\/2024\/09\/26\/ele-vai-retornar-ao-athletico-pr-apos-ter-sido-afastado\/#primaryimage\"},\"image\":{\"@id\":\"https:\/\/www.gaveanews.com\/index.php\/2024\/09\/26\/ele-vai-retornar-ao-athletico-pr-apos-ter-sido-afastado\/#primaryimage\"},\"thumbnailUrl\":\"https:\/\/www.gaveanews.com\/wp-content\/uploads\/Bandeira-do-Athletico-na-Arena-da-Baixada.webp\",\"datePublished\":\"2024-09-26T19:15:00+00:00\",\"author\":{\"@id\":\"https:\/\/www.gaveanews.com\/#\/schema\/person\/0277a79a1289c451c281ec0411d84f0c\"},\"breadcrumb\":{\"@id\":\"https:\/\/www.gaveanews.com\/index.php\/2024\/09\/26\/ele-vai-retornar-ao-athletico-pr-apos-ter-sido-afastado\/#breadcrumb\"},\"inLanguage\":\"pt-BR\",\"potentialAction\":[{\"@type\":\"ReadAction\",\"target\":[\"https:\/\/www.gaveanews.com\/index.php\/2024\/09\/26\/ele-vai-retornar-ao-athletico-pr-apos-ter-sido-afastado\/\"]}]},{\"@type\":\"ImageObject\",\"inLanguage\":\"pt-BR\",\"@id\":\"https:\/\/www.gaveanews.com\/index.php\/2024\/09\/26\/ele-vai-retornar-ao-athletico-pr-apos-ter-sido-afastado\/#primaryimage\",\"url\":\"https:\/\/www.gaveanews.com\/wp-content\/uploads\/Bandeira-do-Athletico-na-Arena-da-Baixada.webp\",\"contentUrl\":\"https:\/\/www.gaveanews.com\/wp-content\/uploads\/Bandeira-do-Athletico-na-Arena-da-Baixada.webp\",\"width\":1600,\"height\":1066,\"caption\":\"Bandeira do Athletico na Arena da Baixada Jos\u00e9 (Foto: Jos\u00e9 Tramontin\/Athletico)\"},{\"@type\":\"BreadcrumbList\",\"@id\":\"https:\/\/www.gaveanews.com\/index.php\/2024\/09\/26\/ele-vai-retornar-ao-athletico-pr-apos-ter-sido-afastado\/#breadcrumb\",\"itemListElement\":[{\"@type\":\"ListItem\",\"position\":1,\"name\":\"Home\",\"item\":\"https:\/\/www.gaveanews.com\/\"},{\"@type\":\"ListItem\",\"position\":2,\"name\":\"Ele vai retornar ao Athletico-PR ap\u00f3s ter sido afastado\"}]},{\"@type\":\"WebSite\",\"@id\":\"https:\/\/www.gaveanews.com\/#website\",\"url\":\"https:\/\/www.gaveanews.com\/\",\"name\":\"G\u00e1vea News\",\"description\":\"Veja todas as not\u00edcias sobre o Flamengo: Contrata\u00e7\u00f5es, categorias de base, resultados das partidas, tabela de classifica\u00e7\u00e3o, pr\u00f3ximos jogos!\",\"potentialAction\":[{\"@type\":\"SearchAction\",\"target\":{\"@type\":\"EntryPoint\",\"urlTemplate\":\"https:\/\/www.gaveanews.com\/?s={search_term_string}\"},\"query-input\":{\"@type\":\"PropertyValueSpecification\",\"valueRequired\":true,\"valueName\":\"search_term_string\"}}],\"inLanguage\":\"pt-BR\"},{\"@type\":\"Person\",\"@id\":\"https:\/\/www.gaveanews.com\/#\/schema\/person\/0277a79a1289c451c281ec0411d84f0c\",\"name\":\"Andr\u00e9 Serra\",\"image\":{\"@type\":\"ImageObject\",\"inLanguage\":\"pt-BR\",\"@id\":\"https:\/\/www.gaveanews.com\/#\/schema\/person\/image\/\",\"url\":\"https:\/\/secure.gravatar.com\/avatar\/d7231369fe48db93292b3e88eb2162dbd9a34a47a8437d9ef3bcaca2a86a83d7?s=96&d=mm&r=g\",\"contentUrl\":\"https:\/\/secure.gravatar.com\/avatar\/d7231369fe48db93292b3e88eb2162dbd9a34a47a8437d9ef3bcaca2a86a83d7?s=96&d=mm&r=g\",\"caption\":\"Andr\u00e9 Serra\"}}]}<\/script>\n<!-- \/ Yoast SEO Premium plugin. -->","yoast_head_json":{"title":"Ele vai retornar ao Athletico-PR ap\u00f3s ter sido afastado","robots":{"index":"index","follow":"follow","max-snippet":"max-snippet:-1","max-image-preview":"max-image-preview:large","max-video-preview":"max-video-preview:-1"},"canonical":"https:\/\/www.gaveanews.com\/index.php\/2024\/09\/26\/ele-vai-retornar-ao-athletico-pr-apos-ter-sido-afastado\/","og_locale":"pt_BR","og_type":"article","og_title":"Ele vai retornar ao Athletico-PR ap\u00f3s ter sido afastado","og_description":"Meia havia sido afastado por Varini O t\u00e9cnico Mart\u00edn Varini foi demitido na noite da \u00faltima segunda-feira (23) e para seu lugar, o Athletico-PR trouxe Lucho Gonz\u00e1lez. O meia Nik\u00e3o havia sido afastado por Varini recentemente e agora ser\u00e1 reintegrado ao elenco por Lucho. Com o afastamento, Nik\u00e3o precisava resolver sua situa\u00e7\u00e3o com o clube [&hellip;]","og_url":"https:\/\/www.gaveanews.com\/index.php\/2024\/09\/26\/ele-vai-retornar-ao-athletico-pr-apos-ter-sido-afastado\/","og_site_name":"G\u00e1vea News","article_publisher":"https:\/\/facebook.com\/gaveaNews\/","article_published_time":"2024-09-26T19:15:00+00:00","og_image":[{"width":1600,"height":1066,"url":"https:\/\/www.gaveanews.com\/wp-content\/uploads\/Bandeira-do-Athletico-na-Arena-da-Baixada.webp","type":"image\/jpeg"}],"author":"Andr\u00e9 Serra","twitter_card":"summary_large_image","twitter_misc":{"Escrito por":"Andr\u00e9 Serra","Est. tempo de leitura":"2 minutos"},"schema":{"@context":"https:\/\/schema.org","@graph":[{"@type":"NewsArticle","@id":"https:\/\/www.gaveanews.com\/index.php\/2024\/09\/26\/ele-vai-retornar-ao-athletico-pr-apos-ter-sido-afastado\/#article","isPartOf":{"@id":"https:\/\/www.gaveanews.com\/index.php\/2024\/09\/26\/ele-vai-retornar-ao-athletico-pr-apos-ter-sido-afastado\/"},"author":{"name":"Andr\u00e9 Serra","@id":"https:\/\/www.gaveanews.com\/#\/schema\/person\/0277a79a1289c451c281ec0411d84f0c"},"headline":"Ele vai retornar ao Athletico-PR ap\u00f3s ter sido afastado","datePublished":"2024-09-26T19:15:00+00:00","mainEntityOfPage":{"@id":"https:\/\/www.gaveanews.com\/index.php\/2024\/09\/26\/ele-vai-retornar-ao-athletico-pr-apos-ter-sido-afastado\/"},"wordCount":329,"commentCount":0,"image":{"@id":"https:\/\/www.gaveanews.com\/index.php\/2024\/09\/26\/ele-vai-retornar-ao-athletico-pr-apos-ter-sido-afastado\/#primaryimage"},"thumbnailUrl":"https:\/\/www.gaveanews.com\/wp-content\/uploads\/Bandeira-do-Athletico-na-Arena-da-Baixada.webp","articleSection":["Athletico-PR"],"inLanguage":"pt-BR","potentialAction":[{"@type":"CommentAction","name":"Comment","target":["https:\/\/www.gaveanews.com\/index.php\/2024\/09\/26\/ele-vai-retornar-ao-athletico-pr-apos-ter-sido-afastado\/#respond"]}],"copyrightYear":"2024","copyrightHolder":{"@id":"https:\/\/www.gaveanews.com\/#organization"}},{"@type":"WebPage","@id":"https:\/\/www.gaveanews.com\/index.php\/2024\/09\/26\/ele-vai-retornar-ao-athletico-pr-apos-ter-sido-afastado\/","url":"https:\/\/www.gaveanews.com\/index.php\/2024\/09\/26\/ele-vai-retornar-ao-athletico-pr-apos-ter-sido-afastado\/","name":"Ele vai retornar ao Athletico-PR ap\u00f3s ter sido afastado","isPartOf":{"@id":"https:\/\/www.gaveanews.com\/#website"},"primaryImageOfPage":{"@id":"https:\/\/www.gaveanews.com\/index.php\/2024\/09\/26\/ele-vai-retornar-ao-athletico-pr-apos-ter-sido-afastado\/#primaryimage"},"image":{"@id":"https:\/\/www.gaveanews.com\/index.php\/2024\/09\/26\/ele-vai-retornar-ao-athletico-pr-apos-ter-sido-afastado\/#primaryimage"},"thumbnailUrl":"https:\/\/www.gaveanews.com\/wp-content\/uploads\/Bandeira-do-Athletico-na-Arena-da-Baixada.webp","datePublished":"2024-09-26T19:15:00+00:00","author":{"@id":"https:\/\/www.gaveanews.com\/#\/schema\/person\/0277a79a1289c451c281ec0411d84f0c"},"breadcrumb":{"@id":"https:\/\/www.gaveanews.com\/index.php\/2024\/09\/26\/ele-vai-retornar-ao-athletico-pr-apos-ter-sido-afastado\/#breadcrumb"},"inLanguage":"pt-BR","potentialAction":[{"@type":"ReadAction","target":["https:\/\/www.gaveanews.com\/index.php\/2024\/09\/26\/ele-vai-retornar-ao-athletico-pr-apos-ter-sido-afastado\/"]}]},{"@type":"ImageObject","inLanguage":"pt-BR","@id":"https:\/\/www.gaveanews.com\/index.php\/2024\/09\/26\/ele-vai-retornar-ao-athletico-pr-apos-ter-sido-afastado\/#primaryimage","url":"https:\/\/www.gaveanews.com\/wp-content\/uploads\/Bandeira-do-Athletico-na-Arena-da-Baixada.webp","contentUrl":"https:\/\/www.gaveanews.com\/wp-content\/uploads\/Bandeira-do-Athletico-na-Arena-da-Baixada.webp","width":1600,"height":1066,"caption":"Bandeira do Athletico na Arena da Baixada Jos\u00e9 (Foto: Jos\u00e9 Tramontin\/Athletico)"},{"@type":"BreadcrumbList","@id":"https:\/\/www.gaveanews.com\/index.php\/2024\/09\/26\/ele-vai-retornar-ao-athletico-pr-apos-ter-sido-afastado\/#breadcrumb","itemListElement":[{"@type":"ListItem","position":1,"name":"Home","item":"https:\/\/www.gaveanews.com\/"},{"@type":"ListItem","position":2,"name":"Ele vai retornar ao Athletico-PR ap\u00f3s ter sido afastado"}]},{"@type":"WebSite","@id":"https:\/\/www.gaveanews.com\/#website","url":"https:\/\/www.gaveanews.com\/","name":"G\u00e1vea News","description":"Veja todas as not\u00edcias sobre o Flamengo: Contrata\u00e7\u00f5es, categorias de base, resultados das partidas, tabela de classifica\u00e7\u00e3o, pr\u00f3ximos jogos!","potentialAction":[{"@type":"SearchAction","target":{"@type":"EntryPoint","urlTemplate":"https:\/\/www.gaveanews.com\/?s={search_term_string}"},"query-input":{"@type":"PropertyValueSpecification","valueRequired":true,"valueName":"search_term_string"}}],"inLanguage":"pt-BR"},{"@type":"Person","@id":"https:\/\/www.gaveanews.com\/#\/schema\/person\/0277a79a1289c451c281ec0411d84f0c","name":"Andr\u00e9 Serra","image":{"@type":"ImageObject","inLanguage":"pt-BR","@id":"https:\/\/www.gaveanews.com\/#\/schema\/person\/image\/","url":"https:\/\/secure.gravatar.com\/avatar\/d7231369fe48db93292b3e88eb2162dbd9a34a47a8437d9ef3bcaca2a86a83d7?s=96&d=mm&r=g","contentUrl":"https:\/\/secure.gravatar.com\/avatar\/d7231369fe48db93292b3e88eb2162dbd9a34a47a8437d9ef3bcaca2a86a83d7?s=96&d=mm&r=g","caption":"Andr\u00e9 Serra"}}]}},"_links":{"self":[{"href":"https:\/\/www.gaveanews.com\/index.php\/wp-json\/wp\/v2\/posts\/169227","targetHints":{"allow":["GET"]}}],"collection":[{"href":"https:\/\/www.gaveanews.com\/index.php\/wp-json\/wp\/v2\/posts"}],"about":[{"href":"https:\/\/www.gaveanews.com\/index.php\/wp-json\/wp\/v2\/types\/post"}],"author":[{"embeddable":true,"href":"https:\/\/www.gaveanews.com\/index.php\/wp-json\/wp\/v2\/users\/21"}],"replies":[{"embeddable":true,"href":"https:\/\/www.gaveanews.com\/index.php\/wp-json\/wp\/v2\/comments?post=169227"}],"version-history":[{"count":1,"href":"https:\/\/www.gaveanews.com\/index.php\/wp-json\/wp\/v2\/posts\/169227\/revisions"}],"predecessor-version":[{"id":169232,"href":"https:\/\/www.gaveanews.com\/index.php\/wp-json\/wp\/v2\/posts\/169227\/revisions\/169232"}],"wp:featuredmedia":[{"embeddable":true,"href":"https:\/\/www.gaveanews.com\/index.php\/wp-json\/wp\/v2\/media\/139304"}],"wp:attachment":[{"href":"https:\/\/www.gaveanews.com\/index.php\/wp-json\/wp\/v2\/media?parent=169227"}],"wp:term":[{"taxonomy":"category","embeddable":true,"href":"https:\/\/www.gaveanews.com\/index.php\/wp-json\/wp\/v2\/categories?post=169227"},{"taxonomy":"post_tag","embeddable":true,"href":"https:\/\/www.gaveanews.com\/index.php\/wp-json\/wp\/v2\/tags?post=169227"}],"curies":[{"name":"wp","href":"https:\/\/api.w.org\/{rel}","templated":true}]}}