{"id":169249,"date":"2024-09-26T12:15:00","date_gmt":"2024-09-26T15:15:00","guid":{"rendered":"https:\/\/www.gaveanews.com\/?p=169249"},"modified":"2024-09-26T11:53:40","modified_gmt":"2024-09-26T14:53:40","slug":"ex-tecnico-do-vasco-detona-payet","status":"publish","type":"post","link":"https:\/\/www.gaveanews.com\/index.php\/2024\/09\/26\/ex-tecnico-do-vasco-detona-payet\/","title":{"rendered":"Ex-t\u00e9cnico do Vasco detona Payet"},"content":{"rendered":"\n<h2 class=\"wp-block-heading\" id=\"h-jogador-frances-foi-criticado-pelo-desempenho-contra-o-palmeiras\">Jogador franc\u00eas foi criticado pelo desempenho contra o Palmeiras <\/h2>\n\n\n\n<p>Vasco e Palmeiras se enfrentaram no \u00faltimo domingo (22), no Est\u00e1dio Man\u00e9 Garrincha, em Bras\u00edlia e o Verd\u00e3o venceu por 1 a 0. O ex-t\u00e9cnico do Vasco, Joel Santana, n\u00e3o poupou criticas a Payet, que n\u00e3o teve um bom desempenho na partida. <\/p>\n\n\n\n<ul class=\"wp-block-list\">\n<li><a href=\"https:\/\/www.gaveanews.com\/index.php\/2024\/09\/24\/situacao-de-coutinho-reacao-de-casimiro-e-torcida-da-show-as-ultimas-noticias-do-vasco\/\">Situa\u00e7\u00e3o de Coutinho, rea\u00e7\u00e3o de Casimiro, e torcida d\u00e1 show: as \u00faltimas not\u00edcias do Vasco<\/a><\/li>\n\n\n\n<li><a href=\"https:\/\/www.gaveanews.com\/index.php\/2024\/09\/23\/a-declaracao-de-vegetti-apos-a-derrota-do-vasco-para-o-palmeiras\/\">A declara\u00e7\u00e3o de Vegetti ap\u00f3s a derrota do Vasco para o Palmeiras<\/a><\/li>\n<\/ul>\n\n\n\n<p>Para Joel Santana, Philippe Coutinho e Dimitri Payet n\u00e3o podem jogar juntos no meio campo da equipe do Vasco e o t\u00e9cnico Rafael Paiva ter\u00e1 que escolher um e abrir m\u00e3o de outro, entre os 11 titulares do time. <\/p>\n\n\n\n<p>\u201cOu \u00e9 um ou \u00e9 outro. Os dois juntos n\u00e3o vai dar, porque o Coutinho n\u00e3o vai correr pro Payet porque o Payet n\u00e3o vai correr pra ele. O Payet n\u00e3o marca ningu\u00e9m\u201d, disse o ex-treinador em seu Canal do Joel, no YouTube.<\/p>\n\n\n\n<p>Joel detonou Payet dizendo ironicamente que o jogador n\u00e3o entrou em campo, reclamou de Coutinho jogar apenas a segunda etapa e disse que o camisa 11 vasca\u00edno \u00e9 \u00eddolo do clube. <\/p>\n\n\n\n<p>\u201cEle entrou em campo? N\u00e3o vi, n\u00e3o. Fez nada, a\u00ed bota o Coutinho s\u00f3 no segundo tempo e quer que ele resolva? N\u00e3o vai resolver, o time n\u00e3o ajuda\u201d, disse Joel. <\/p>\n\n\n\n<p>Joel Santana tamb\u00e9m reclamou do cabelo do camisa 10 do cruz-maltino e pediu para que ele sa\u00edsse do Vasco e voltasse para a Fran\u00e7a, seu pa\u00eds natal. <\/p>\n\n\n\n<p>\u201cO Payet com aquele cabelinho que ele arrumou\u2026 \u00c9 dif\u00edcil de aturar, meu irm\u00e3o. Volta pra Fran\u00e7a, vai tomar seu champanhe, vai comer seu caviar, vai comer sua ostra. Aqui \u00e9 feij\u00e3o, arroz e cerveja. N\u00e3o vai dar pra voc\u00ea, n\u00e3o\u201d, reclamou Joel Santana.<\/p>\n\n\n\n<p>Com os jogos da Libertadores e da Copa Sul-Americana rolando nesta semana, o Vasco &#8216;descansa&#8217; e volta a campo apenas no domingo (29) diante do Cruzeiro, no Mineir\u00e3o, \u00e0s 18h30, pela 28\u00b0 rodada do Brasileir\u00e3o. <\/p>\n","protected":false},"excerpt":{"rendered":"<p>Jogador franc\u00eas foi criticado pelo desempenho contra o Palmeiras Vasco e Palmeiras se enfrentaram no \u00faltimo domingo (22), no Est\u00e1dio Man\u00e9 Garrincha, em Bras\u00edlia e o Verd\u00e3o venceu por 1 a 0. O ex-t\u00e9cnico do Vasco, Joel Santana, n\u00e3o poupou criticas a Payet, que n\u00e3o teve um bom desempenho na partida. Para Joel Santana, Philippe [&hellip;]<\/p>\n","protected":false},"author":21,"featured_media":124623,"comment_status":"open","ping_status":"closed","sticky":false,"template":"","format":"standard","meta":{"footnotes":""},"categories":[152],"tags":[],"class_list":["post-169249","post","type-post","status-publish","format-standard","has-post-thumbnail","hentry","category-vasco"],"yoast_head":"<!-- This site is optimized with the Yoast SEO Premium plugin v24.2 (Yoast SEO v26.9) - https:\/\/yoast.com\/product\/yoast-seo-premium-wordpress\/ -->\n<title>Ex-t\u00e9cnico do Vasco detona Payet<\/title>\n<meta name=\"robots\" content=\"index, follow, max-snippet:-1, max-image-preview:large, max-video-preview:-1\" \/>\n<link rel=\"canonical\" href=\"https:\/\/www.gaveanews.com\/index.php\/2024\/09\/26\/ex-tecnico-do-vasco-detona-payet\/\" \/>\n<meta property=\"og:locale\" content=\"pt_BR\" \/>\n<meta property=\"og:type\" content=\"article\" \/>\n<meta property=\"og:title\" content=\"Ex-t\u00e9cnico do Vasco detona Payet\" \/>\n<meta property=\"og:description\" content=\"Jogador franc\u00eas foi criticado pelo desempenho contra o Palmeiras Vasco e Palmeiras se enfrentaram no \u00faltimo domingo (22), no Est\u00e1dio Man\u00e9 Garrincha, em Bras\u00edlia e o Verd\u00e3o venceu por 1 a 0. O ex-t\u00e9cnico do Vasco, Joel Santana, n\u00e3o poupou criticas a Payet, que n\u00e3o teve um bom desempenho na partida. Para Joel Santana, Philippe [&hellip;]\" \/>\n<meta property=\"og:url\" content=\"https:\/\/www.gaveanews.com\/index.php\/2024\/09\/26\/ex-tecnico-do-vasco-detona-payet\/\" \/>\n<meta property=\"og:site_name\" content=\"G\u00e1vea News\" \/>\n<meta property=\"article:publisher\" content=\"https:\/\/facebook.com\/gaveaNews\/\" \/>\n<meta property=\"article:published_time\" content=\"2024-09-26T15:15:00+00:00\" \/>\n<meta property=\"og:image\" content=\"https:\/\/www.gaveanews.com\/wp-content\/uploads\/agif23100200212796-1-.webp\" \/>\n\t<meta property=\"og:image:width\" content=\"984\" \/>\n\t<meta property=\"og:image:height\" content=\"656\" \/>\n\t<meta property=\"og:image:type\" content=\"image\/webp\" \/>\n<meta name=\"author\" content=\"Andr\u00e9 Serra\" \/>\n<meta name=\"twitter:card\" content=\"summary_large_image\" \/>\n<meta name=\"twitter:label1\" content=\"Escrito por\" \/>\n\t<meta name=\"twitter:data1\" content=\"Andr\u00e9 Serra\" \/>\n\t<meta name=\"twitter:label2\" content=\"Est. tempo de leitura\" \/>\n\t<meta name=\"twitter:data2\" content=\"3 minutos\" \/>\n<script type=\"application\/ld+json\" class=\"yoast-schema-graph\">{\"@context\":\"https:\/\/schema.org\",\"@graph\":[{\"@type\":\"NewsArticle\",\"@id\":\"https:\/\/www.gaveanews.com\/index.php\/2024\/09\/26\/ex-tecnico-do-vasco-detona-payet\/#article\",\"isPartOf\":{\"@id\":\"https:\/\/www.gaveanews.com\/index.php\/2024\/09\/26\/ex-tecnico-do-vasco-detona-payet\/\"},\"author\":{\"name\":\"Andr\u00e9 Serra\",\"@id\":\"https:\/\/www.gaveanews.com\/#\/schema\/person\/0277a79a1289c451c281ec0411d84f0c\"},\"headline\":\"Ex-t\u00e9cnico do Vasco detona Payet\",\"datePublished\":\"2024-09-26T15:15:00+00:00\",\"mainEntityOfPage\":{\"@id\":\"https:\/\/www.gaveanews.com\/index.php\/2024\/09\/26\/ex-tecnico-do-vasco-detona-payet\/\"},\"wordCount\":359,\"commentCount\":0,\"image\":{\"@id\":\"https:\/\/www.gaveanews.com\/index.php\/2024\/09\/26\/ex-tecnico-do-vasco-detona-payet\/#primaryimage\"},\"thumbnailUrl\":\"https:\/\/www.gaveanews.com\/wp-content\/uploads\/agif23100200212796-1-.webp\",\"articleSection\":[\"Vasco\"],\"inLanguage\":\"pt-BR\",\"potentialAction\":[{\"@type\":\"CommentAction\",\"name\":\"Comment\",\"target\":[\"https:\/\/www.gaveanews.com\/index.php\/2024\/09\/26\/ex-tecnico-do-vasco-detona-payet\/#respond\"]}],\"copyrightYear\":\"2024\",\"copyrightHolder\":{\"@id\":\"https:\/\/www.gaveanews.com\/#organization\"}},{\"@type\":\"WebPage\",\"@id\":\"https:\/\/www.gaveanews.com\/index.php\/2024\/09\/26\/ex-tecnico-do-vasco-detona-payet\/\",\"url\":\"https:\/\/www.gaveanews.com\/index.php\/2024\/09\/26\/ex-tecnico-do-vasco-detona-payet\/\",\"name\":\"Ex-t\u00e9cnico do Vasco detona Payet\",\"isPartOf\":{\"@id\":\"https:\/\/www.gaveanews.com\/#website\"},\"primaryImageOfPage\":{\"@id\":\"https:\/\/www.gaveanews.com\/index.php\/2024\/09\/26\/ex-tecnico-do-vasco-detona-payet\/#primaryimage\"},\"image\":{\"@id\":\"https:\/\/www.gaveanews.com\/index.php\/2024\/09\/26\/ex-tecnico-do-vasco-detona-payet\/#primaryimage\"},\"thumbnailUrl\":\"https:\/\/www.gaveanews.com\/wp-content\/uploads\/agif23100200212796-1-.webp\",\"datePublished\":\"2024-09-26T15:15:00+00:00\",\"author\":{\"@id\":\"https:\/\/www.gaveanews.com\/#\/schema\/person\/0277a79a1289c451c281ec0411d84f0c\"},\"breadcrumb\":{\"@id\":\"https:\/\/www.gaveanews.com\/index.php\/2024\/09\/26\/ex-tecnico-do-vasco-detona-payet\/#breadcrumb\"},\"inLanguage\":\"pt-BR\",\"potentialAction\":[{\"@type\":\"ReadAction\",\"target\":[\"https:\/\/www.gaveanews.com\/index.php\/2024\/09\/26\/ex-tecnico-do-vasco-detona-payet\/\"]}]},{\"@type\":\"ImageObject\",\"inLanguage\":\"pt-BR\",\"@id\":\"https:\/\/www.gaveanews.com\/index.php\/2024\/09\/26\/ex-tecnico-do-vasco-detona-payet\/#primaryimage\",\"url\":\"https:\/\/www.gaveanews.com\/wp-content\/uploads\/agif23100200212796-1-.webp\",\"contentUrl\":\"https:\/\/www.gaveanews.com\/wp-content\/uploads\/agif23100200212796-1-.webp\",\"width\":984,\"height\":656,\"caption\":\"Payet em a\u00e7\u00e3o pelo Vasco (Foto: Abner Dourado\/AGIF)\"},{\"@type\":\"BreadcrumbList\",\"@id\":\"https:\/\/www.gaveanews.com\/index.php\/2024\/09\/26\/ex-tecnico-do-vasco-detona-payet\/#breadcrumb\",\"itemListElement\":[{\"@type\":\"ListItem\",\"position\":1,\"name\":\"Home\",\"item\":\"https:\/\/www.gaveanews.com\/\"},{\"@type\":\"ListItem\",\"position\":2,\"name\":\"Ex-t\u00e9cnico do Vasco detona Payet\"}]},{\"@type\":\"WebSite\",\"@id\":\"https:\/\/www.gaveanews.com\/#website\",\"url\":\"https:\/\/www.gaveanews.com\/\",\"name\":\"G\u00e1vea News\",\"description\":\"Veja todas as not\u00edcias sobre o Flamengo: Contrata\u00e7\u00f5es, categorias de base, resultados das partidas, tabela de classifica\u00e7\u00e3o, pr\u00f3ximos jogos!\",\"potentialAction\":[{\"@type\":\"SearchAction\",\"target\":{\"@type\":\"EntryPoint\",\"urlTemplate\":\"https:\/\/www.gaveanews.com\/?s={search_term_string}\"},\"query-input\":{\"@type\":\"PropertyValueSpecification\",\"valueRequired\":true,\"valueName\":\"search_term_string\"}}],\"inLanguage\":\"pt-BR\"},{\"@type\":\"Person\",\"@id\":\"https:\/\/www.gaveanews.com\/#\/schema\/person\/0277a79a1289c451c281ec0411d84f0c\",\"name\":\"Andr\u00e9 Serra\",\"image\":{\"@type\":\"ImageObject\",\"inLanguage\":\"pt-BR\",\"@id\":\"https:\/\/www.gaveanews.com\/#\/schema\/person\/image\/\",\"url\":\"https:\/\/secure.gravatar.com\/avatar\/d7231369fe48db93292b3e88eb2162dbd9a34a47a8437d9ef3bcaca2a86a83d7?s=96&d=mm&r=g\",\"contentUrl\":\"https:\/\/secure.gravatar.com\/avatar\/d7231369fe48db93292b3e88eb2162dbd9a34a47a8437d9ef3bcaca2a86a83d7?s=96&d=mm&r=g\",\"caption\":\"Andr\u00e9 Serra\"}}]}<\/script>\n<!-- \/ Yoast SEO Premium plugin. -->","yoast_head_json":{"title":"Ex-t\u00e9cnico do Vasco detona Payet","robots":{"index":"index","follow":"follow","max-snippet":"max-snippet:-1","max-image-preview":"max-image-preview:large","max-video-preview":"max-video-preview:-1"},"canonical":"https:\/\/www.gaveanews.com\/index.php\/2024\/09\/26\/ex-tecnico-do-vasco-detona-payet\/","og_locale":"pt_BR","og_type":"article","og_title":"Ex-t\u00e9cnico do Vasco detona Payet","og_description":"Jogador franc\u00eas foi criticado pelo desempenho contra o Palmeiras Vasco e Palmeiras se enfrentaram no \u00faltimo domingo (22), no Est\u00e1dio Man\u00e9 Garrincha, em Bras\u00edlia e o Verd\u00e3o venceu por 1 a 0. O ex-t\u00e9cnico do Vasco, Joel Santana, n\u00e3o poupou criticas a Payet, que n\u00e3o teve um bom desempenho na partida. Para Joel Santana, Philippe [&hellip;]","og_url":"https:\/\/www.gaveanews.com\/index.php\/2024\/09\/26\/ex-tecnico-do-vasco-detona-payet\/","og_site_name":"G\u00e1vea News","article_publisher":"https:\/\/facebook.com\/gaveaNews\/","article_published_time":"2024-09-26T15:15:00+00:00","og_image":[{"width":984,"height":656,"url":"https:\/\/www.gaveanews.com\/wp-content\/uploads\/agif23100200212796-1-.webp","type":"image\/webp"}],"author":"Andr\u00e9 Serra","twitter_card":"summary_large_image","twitter_misc":{"Escrito por":"Andr\u00e9 Serra","Est. tempo de leitura":"3 minutos"},"schema":{"@context":"https:\/\/schema.org","@graph":[{"@type":"NewsArticle","@id":"https:\/\/www.gaveanews.com\/index.php\/2024\/09\/26\/ex-tecnico-do-vasco-detona-payet\/#article","isPartOf":{"@id":"https:\/\/www.gaveanews.com\/index.php\/2024\/09\/26\/ex-tecnico-do-vasco-detona-payet\/"},"author":{"name":"Andr\u00e9 Serra","@id":"https:\/\/www.gaveanews.com\/#\/schema\/person\/0277a79a1289c451c281ec0411d84f0c"},"headline":"Ex-t\u00e9cnico do Vasco detona Payet","datePublished":"2024-09-26T15:15:00+00:00","mainEntityOfPage":{"@id":"https:\/\/www.gaveanews.com\/index.php\/2024\/09\/26\/ex-tecnico-do-vasco-detona-payet\/"},"wordCount":359,"commentCount":0,"image":{"@id":"https:\/\/www.gaveanews.com\/index.php\/2024\/09\/26\/ex-tecnico-do-vasco-detona-payet\/#primaryimage"},"thumbnailUrl":"https:\/\/www.gaveanews.com\/wp-content\/uploads\/agif23100200212796-1-.webp","articleSection":["Vasco"],"inLanguage":"pt-BR","potentialAction":[{"@type":"CommentAction","name":"Comment","target":["https:\/\/www.gaveanews.com\/index.php\/2024\/09\/26\/ex-tecnico-do-vasco-detona-payet\/#respond"]}],"copyrightYear":"2024","copyrightHolder":{"@id":"https:\/\/www.gaveanews.com\/#organization"}},{"@type":"WebPage","@id":"https:\/\/www.gaveanews.com\/index.php\/2024\/09\/26\/ex-tecnico-do-vasco-detona-payet\/","url":"https:\/\/www.gaveanews.com\/index.php\/2024\/09\/26\/ex-tecnico-do-vasco-detona-payet\/","name":"Ex-t\u00e9cnico do Vasco detona Payet","isPartOf":{"@id":"https:\/\/www.gaveanews.com\/#website"},"primaryImageOfPage":{"@id":"https:\/\/www.gaveanews.com\/index.php\/2024\/09\/26\/ex-tecnico-do-vasco-detona-payet\/#primaryimage"},"image":{"@id":"https:\/\/www.gaveanews.com\/index.php\/2024\/09\/26\/ex-tecnico-do-vasco-detona-payet\/#primaryimage"},"thumbnailUrl":"https:\/\/www.gaveanews.com\/wp-content\/uploads\/agif23100200212796-1-.webp","datePublished":"2024-09-26T15:15:00+00:00","author":{"@id":"https:\/\/www.gaveanews.com\/#\/schema\/person\/0277a79a1289c451c281ec0411d84f0c"},"breadcrumb":{"@id":"https:\/\/www.gaveanews.com\/index.php\/2024\/09\/26\/ex-tecnico-do-vasco-detona-payet\/#breadcrumb"},"inLanguage":"pt-BR","potentialAction":[{"@type":"ReadAction","target":["https:\/\/www.gaveanews.com\/index.php\/2024\/09\/26\/ex-tecnico-do-vasco-detona-payet\/"]}]},{"@type":"ImageObject","inLanguage":"pt-BR","@id":"https:\/\/www.gaveanews.com\/index.php\/2024\/09\/26\/ex-tecnico-do-vasco-detona-payet\/#primaryimage","url":"https:\/\/www.gaveanews.com\/wp-content\/uploads\/agif23100200212796-1-.webp","contentUrl":"https:\/\/www.gaveanews.com\/wp-content\/uploads\/agif23100200212796-1-.webp","width":984,"height":656,"caption":"Payet em a\u00e7\u00e3o pelo Vasco (Foto: Abner Dourado\/AGIF)"},{"@type":"BreadcrumbList","@id":"https:\/\/www.gaveanews.com\/index.php\/2024\/09\/26\/ex-tecnico-do-vasco-detona-payet\/#breadcrumb","itemListElement":[{"@type":"ListItem","position":1,"name":"Home","item":"https:\/\/www.gaveanews.com\/"},{"@type":"ListItem","position":2,"name":"Ex-t\u00e9cnico do Vasco detona Payet"}]},{"@type":"WebSite","@id":"https:\/\/www.gaveanews.com\/#website","url":"https:\/\/www.gaveanews.com\/","name":"G\u00e1vea News","description":"Veja todas as not\u00edcias sobre o Flamengo: Contrata\u00e7\u00f5es, categorias de base, resultados das partidas, tabela de classifica\u00e7\u00e3o, pr\u00f3ximos jogos!","potentialAction":[{"@type":"SearchAction","target":{"@type":"EntryPoint","urlTemplate":"https:\/\/www.gaveanews.com\/?s={search_term_string}"},"query-input":{"@type":"PropertyValueSpecification","valueRequired":true,"valueName":"search_term_string"}}],"inLanguage":"pt-BR"},{"@type":"Person","@id":"https:\/\/www.gaveanews.com\/#\/schema\/person\/0277a79a1289c451c281ec0411d84f0c","name":"Andr\u00e9 Serra","image":{"@type":"ImageObject","inLanguage":"pt-BR","@id":"https:\/\/www.gaveanews.com\/#\/schema\/person\/image\/","url":"https:\/\/secure.gravatar.com\/avatar\/d7231369fe48db93292b3e88eb2162dbd9a34a47a8437d9ef3bcaca2a86a83d7?s=96&d=mm&r=g","contentUrl":"https:\/\/secure.gravatar.com\/avatar\/d7231369fe48db93292b3e88eb2162dbd9a34a47a8437d9ef3bcaca2a86a83d7?s=96&d=mm&r=g","caption":"Andr\u00e9 Serra"}}]}},"_links":{"self":[{"href":"https:\/\/www.gaveanews.com\/index.php\/wp-json\/wp\/v2\/posts\/169249","targetHints":{"allow":["GET"]}}],"collection":[{"href":"https:\/\/www.gaveanews.com\/index.php\/wp-json\/wp\/v2\/posts"}],"about":[{"href":"https:\/\/www.gaveanews.com\/index.php\/wp-json\/wp\/v2\/types\/post"}],"author":[{"embeddable":true,"href":"https:\/\/www.gaveanews.com\/index.php\/wp-json\/wp\/v2\/users\/21"}],"replies":[{"embeddable":true,"href":"https:\/\/www.gaveanews.com\/index.php\/wp-json\/wp\/v2\/comments?post=169249"}],"version-history":[{"count":1,"href":"https:\/\/www.gaveanews.com\/index.php\/wp-json\/wp\/v2\/posts\/169249\/revisions"}],"predecessor-version":[{"id":169251,"href":"https:\/\/www.gaveanews.com\/index.php\/wp-json\/wp\/v2\/posts\/169249\/revisions\/169251"}],"wp:featuredmedia":[{"embeddable":true,"href":"https:\/\/www.gaveanews.com\/index.php\/wp-json\/wp\/v2\/media\/124623"}],"wp:attachment":[{"href":"https:\/\/www.gaveanews.com\/index.php\/wp-json\/wp\/v2\/media?parent=169249"}],"wp:term":[{"taxonomy":"category","embeddable":true,"href":"https:\/\/www.gaveanews.com\/index.php\/wp-json\/wp\/v2\/categories?post=169249"},{"taxonomy":"post_tag","embeddable":true,"href":"https:\/\/www.gaveanews.com\/index.php\/wp-json\/wp\/v2\/tags?post=169249"}],"curies":[{"name":"wp","href":"https:\/\/api.w.org\/{rel}","templated":true}]}}