{"id":169272,"date":"2024-09-26T15:15:00","date_gmt":"2024-09-26T18:15:00","guid":{"rendered":"https:\/\/www.gaveanews.com\/?p=169272"},"modified":"2024-09-26T11:55:33","modified_gmt":"2024-09-26T14:55:33","slug":"repercussao-no-exterior-declaracao-de-paiva-sobre-a-falha-de-rayan-e-neto-crava-a-final-da-copa-do-brasil-as-ultimas-noticias-do-vasco","status":"publish","type":"post","link":"https:\/\/www.gaveanews.com\/index.php\/2024\/09\/26\/repercussao-no-exterior-declaracao-de-paiva-sobre-a-falha-de-rayan-e-neto-crava-a-final-da-copa-do-brasil-as-ultimas-noticias-do-vasco\/","title":{"rendered":"Repercuss\u00e3o no exterior, declara\u00e7\u00e3o de Paiva sobre a falha de Rayan e Neto crava a final da Copa do Brasil: as \u00faltimas not\u00edcias do Vasco"},"content":{"rendered":"\n<p>Nas \u00faltimas horas, o foco das not\u00edcias sobre o Vasco se concentram nos bastidores do clube, com destaques como a repercuss\u00e3o no exterior e a cravada de Neto sobre a final da Copa do Brasil.<\/p>\n\n\n\n<p>Por conta deste contexto, leia abaixo um resumo preparado pela equipe do portal G\u00e1vea News para lhe manter muito bem informado!<\/p>\n\n\n\n<h2 class=\"wp-block-heading\" id=\"h-declaracao-de-paiva-sobre-a-falha-de-rayan\">Declara\u00e7\u00e3o de Paiva sobre a falha de Rayan<\/h2>\n\n\n\n<p>No confronto entre Vasco e Palmeiras, v\u00e1lido pela 27\u00aa rodada do Brasileir\u00e3o, o Verd\u00e3o saiu vitorioso por 1 a 0, com gol de Flaco L\u00f3pez, no Est\u00e1dio Man\u00e9 Garrincha. O t\u00e9cnico Rafael Paiva comentou ap\u00f3s a partida sobre o desempenho de seu time e, em especial, sobre o erro do jovem Rayan, que, segundo ele, faz parte do processo de amadurecimento do jogador. O treinador destacou a capacidade de competir com grandes equipes, apesar do rev\u00e9s, e enfatizou que o Vasco lutou at\u00e9 o final buscando um resultado melhor.<a href=\"https:\/\/www.gaveanews.com\/index.php\/2024\/09\/23\/a-declaracao-de-rafael-paiva-sobre-a-falha-de-rayan\/\"><strong> (leia a mat\u00e9ria completa)<\/strong><\/a><\/p>\n\n\n\n<figure class=\"wp-block-image size-full\"><img loading=\"lazy\" decoding=\"async\" width=\"984\" height=\"656\" src=\"https:\/\/www.gaveanews.com\/wp-content\/uploads\/Rafael-Paiva-durante-treino-do-Vasco.avif\" alt=\"\" class=\"wp-image-152028\"\/><figcaption class=\"wp-element-caption\">Rafael Paiva durante treino do Vasco (Foto: Matheus Lima\/Vasco)<\/figcaption><\/figure>\n\n\n\n<p>Paiva tamb\u00e9m foi questionado sobre a possibilidade de Philippe Coutinho e Payet jogarem juntos, destacando a import\u00e2ncia de dar mais tempo de jogo a Coutinho. Segundo o treinador, o meio-campista est\u00e1 se recuperando e j\u00e1 demonstra confian\u00e7a, sendo essencial mant\u00ea-lo em campo o m\u00e1ximo poss\u00edvel. Ele reconheceu que, apesar da qualidade t\u00e9cnica de ambos, a dupla pode expor o time em momentos defensivos, o que exige cautela na tomada de decis\u00f5es para futuras partidas.<\/p>\n\n\n\n<p>Com o resultado, o Vasco permanece com 35 pontos, caindo para a d\u00e9cima posi\u00e7\u00e3o na tabela do Brasileir\u00e3o. O pr\u00f3ximo desafio do time ser\u00e1 contra o Cruzeiro, no Mineir\u00e3o, no pr\u00f3ximo domingo (29), \u00e0s 18h30.<\/p>\n\n\n\n<h2 class=\"wp-block-heading\" id=\"h-repercussao-no-exterior\">Repercuss\u00e3o no exterior<\/h2>\n\n\n\n<p>O Vasco da Gama tem ambi\u00e7\u00f5es elevadas para a temporada ap\u00f3s se afastar da zona de rebaixamento do Campeonato Brasileiro. Com 35 pontos e ocupando o 10\u00b0 lugar na tabela, o time j\u00e1 acumula sete pontos de vantagem em rela\u00e7\u00e3o \u00e0 zona de descenso, o que mudou o foco do clube. Agora, o Gigante da Colina mira uma vaga na Copa Libertadores de 2025, demonstrando uma reviravolta positiva em suas pretens\u00f5es para o restante da competi\u00e7\u00e3o. <strong><a href=\"https:\/\/www.gaveanews.com\/index.php\/2024\/09\/25\/situacao-do-vasco-ganha-ampla-repercussao-no-exterior\/\">(leia a mat\u00e9ria completa)<\/a><\/strong><\/p>\n\n\n\n<figure class=\"wp-block-image size-full\"><img loading=\"lazy\" decoding=\"async\" width=\"799\" height=\"533\" src=\"https:\/\/www.gaveanews.com\/wp-content\/uploads\/Philippe-Coutinho-durante-apresentacao-ao-Vasco-da-Gama-em-Sao-Januario.webp\" alt=\"\" class=\"wp-image-153282\" srcset=\"https:\/\/www.gaveanews.com\/wp-content\/uploads\/Philippe-Coutinho-durante-apresentacao-ao-Vasco-da-Gama-em-Sao-Januario.webp 799w, https:\/\/www.gaveanews.com\/wp-content\/uploads\/Philippe-Coutinho-durante-apresentacao-ao-Vasco-da-Gama-em-Sao-Januario-300x200.webp 300w, https:\/\/www.gaveanews.com\/wp-content\/uploads\/Philippe-Coutinho-durante-apresentacao-ao-Vasco-da-Gama-em-Sao-Januario-768x512.webp 768w, https:\/\/www.gaveanews.com\/wp-content\/uploads\/Philippe-Coutinho-durante-apresentacao-ao-Vasco-da-Gama-em-Sao-Januario-630x420.webp 630w, https:\/\/www.gaveanews.com\/wp-content\/uploads\/Philippe-Coutinho-durante-apresentacao-ao-Vasco-da-Gama-em-Sao-Januario-640x427.webp 640w, https:\/\/www.gaveanews.com\/wp-content\/uploads\/Philippe-Coutinho-durante-apresentacao-ao-Vasco-da-Gama-em-Sao-Januario-681x454.webp 681w, https:\/\/www.gaveanews.com\/wp-content\/uploads\/Philippe-Coutinho-durante-apresentacao-ao-Vasco-da-Gama-em-Sao-Januario-100x67.webp 100w\" sizes=\"auto, (max-width: 799px) 100vw, 799px\" \/><figcaption class=\"wp-element-caption\">Philippe Coutinho durante apresenta\u00e7\u00e3o ao Vasco da Gama em S\u00e3o Janu\u00e1rio (Foto: Reprodu\u00e7\u00e3o\/Vasco)<\/figcaption><\/figure>\n\n\n\n<p>Al\u00e9m do Brasileir\u00e3o, o Vasco tamb\u00e9m est\u00e1 focado na Copa do Brasil, onde tem boas chances de conquistar o t\u00edtulo. A equipe chegou \u00e0 semifinal do torneio e enfrentar\u00e1 o Atl\u00e9tico Mineiro, tendo a vantagem de decidir a vaga em casa, em S\u00e3o Janu\u00e1rio. Caso avance para a final, o Vasco enfrentar\u00e1 o vencedor do confronto entre Corinthians e Flamengo, o que promete aumentar ainda mais as expectativas dos torcedores sobre uma poss\u00edvel conquista.<\/p>\n\n\n\n<p>No entanto, nem tudo s\u00e3o boas not\u00edcias. Philippe Coutinho, uma das grandes contrata\u00e7\u00f5es do clube, foi tema de uma mat\u00e9ria do jornal espanhol &#8220;As&#8221;, que destacou uma esp\u00e9cie de &#8220;maldi\u00e7\u00e3o&#8221; envolvendo o jogador. Segundo a publica\u00e7\u00e3o, o Vasco n\u00e3o venceu nenhuma partida com Coutinho em campo desde seu retorno, e o meia tamb\u00e9m sofreu uma les\u00e3o que o afastou dos gramados por um per\u00edodo. Apesar disso, o jornal sugeriu que Coutinho pode estar come\u00e7ando uma nova fase positiva no clube.<\/p>\n\n\n\n<h2 class=\"wp-block-heading\" id=\"h-neto-crava-a-final-da-copa-do-brasil\">Neto crava a final da Copa do Brasil<\/h2>\n\n\n\n<p>No programa \u201cApito Final\u201d, exibido no \u00faltimo domingo (22), o ex-jogador e atual apresentador Craque Neto fez uma previs\u00e3o audaciosa para a final da Copa do Brasil 2024, apostando em um confronto entre Vasco e Corinthians. Segundo ele, ambas as equipes ir\u00e3o superar Atl\u00e9tico-MG e Flamengo, respectivamente, para se encontrarem na decis\u00e3o. Neto tamb\u00e9m afirmou que, caso o Corinthians consiga eliminar o Flamengo, ser\u00e1 o campe\u00e3o do torneio. <strong><a href=\"https:\/\/www.gaveanews.com\/index.php\/2024\/09\/24\/neto-crava-qual-vai-ser-a-final-da-copa-do-brasil-2\/\">(leia a mat\u00e9ria completa)<\/a><\/strong><\/p>\n\n\n\n<figure class=\"wp-block-image size-full\"><img loading=\"lazy\" decoding=\"async\" width=\"846\" height=\"476\" src=\"https:\/\/www.gaveanews.com\/wp-content\/uploads\/Comentarista-Neto-em-programa-da-Band.webp\" alt=\"\" class=\"wp-image-71983\" srcset=\"https:\/\/www.gaveanews.com\/wp-content\/uploads\/Comentarista-Neto-em-programa-da-Band.webp 846w, https:\/\/www.gaveanews.com\/wp-content\/uploads\/Comentarista-Neto-em-programa-da-Band-300x169.webp 300w, https:\/\/www.gaveanews.com\/wp-content\/uploads\/Comentarista-Neto-em-programa-da-Band-768x432.webp 768w, https:\/\/www.gaveanews.com\/wp-content\/uploads\/Comentarista-Neto-em-programa-da-Band-746x420.webp 746w, https:\/\/www.gaveanews.com\/wp-content\/uploads\/Comentarista-Neto-em-programa-da-Band-640x360.webp 640w, https:\/\/www.gaveanews.com\/wp-content\/uploads\/Comentarista-Neto-em-programa-da-Band-681x383.webp 681w, https:\/\/www.gaveanews.com\/wp-content\/uploads\/Comentarista-Neto-em-programa-da-Band-100x56.webp 100w\" sizes=\"auto, (max-width: 846px) 100vw, 846px\" \/><figcaption class=\"wp-element-caption\">Comentarista Neto em programa da Band (Foto: Reprodu\u00e7\u00e3o\/Band)<\/figcaption><\/figure>\n\n\n\n<p>Sobre o Vasco, Craque Neto destacou o peso da torcida e o fato de a equipe decidir a semifinal em casa, em S\u00e3o Janu\u00e1rio, como fatores cruciais para a vit\u00f3ria contra o Atl\u00e9tico-MG. Ele mencionou que o est\u00e1dio estar\u00e1 &#8220;incendiado&#8221; pelos vasca\u00ednos, o que ser\u00e1 um diferencial importante. Para Neto, apesar de clubes como Gr\u00eamio, Internacional e Atl\u00e9tico-MG serem frequentemente considerados favoritos, eles n\u00e3o chegam \u00e0 final, enquanto o Vasco, impulsionado por seu torcedor, pode surpreender.<\/p>\n\n\n\n<p>A Confedera\u00e7\u00e3o Brasileira de Futebol (CBF) j\u00e1 definiu, em sorteio realizado na sexta-feira (20), que tanto Vasco quanto Corinthians decidir\u00e3o seus confrontos das semifinais em casa. As partidas devem ocorrer entre 2 e 17 de outubro. Nas fases anteriores, o Vasco eliminou o Athletico-PR, enquanto o Atl\u00e9tico-MG deixou o S\u00e3o Paulo, atual campe\u00e3o, para tr\u00e1s. J\u00e1 o Corinthians superou o Juventude, e o Flamengo venceu o Bahia, construindo as semifinais entre Vasco x Atl\u00e9tico-MG e Flamengo x Corinthians.<\/p>\n","protected":false},"excerpt":{"rendered":"<p>Nas \u00faltimas horas, o foco das not\u00edcias sobre o Vasco se concentram nos bastidores do clube, com destaques como a repercuss\u00e3o no exterior e a cravada de Neto sobre a final da Copa do Brasil. Por conta deste contexto, leia abaixo um resumo preparado pela equipe do portal G\u00e1vea News para lhe manter muito bem [&hellip;]<\/p>\n","protected":false},"author":27,"featured_media":161261,"comment_status":"open","ping_status":"closed","sticky":false,"template":"","format":"standard","meta":{"footnotes":""},"categories":[152],"tags":[],"class_list":["post-169272","post","type-post","status-publish","format-standard","has-post-thumbnail","hentry","category-vasco"],"yoast_head":"<!-- This site is optimized with the Yoast SEO Premium plugin v24.2 (Yoast SEO v26.9) - https:\/\/yoast.com\/product\/yoast-seo-premium-wordpress\/ -->\n<title>Repercuss\u00e3o no exterior, declara\u00e7\u00e3o de Paiva sobre a falha de Rayan e Neto crava a final da Copa do Brasil: as \u00faltimas not\u00edcias do Vasco<\/title>\n<meta name=\"robots\" content=\"index, follow, max-snippet:-1, max-image-preview:large, max-video-preview:-1\" \/>\n<link rel=\"canonical\" href=\"https:\/\/www.gaveanews.com\/index.php\/2024\/09\/26\/repercussao-no-exterior-declaracao-de-paiva-sobre-a-falha-de-rayan-e-neto-crava-a-final-da-copa-do-brasil-as-ultimas-noticias-do-vasco\/\" \/>\n<meta property=\"og:locale\" content=\"pt_BR\" \/>\n<meta property=\"og:type\" content=\"article\" \/>\n<meta property=\"og:title\" content=\"Repercuss\u00e3o no exterior, declara\u00e7\u00e3o de Paiva sobre a falha de Rayan e Neto crava a final da Copa do Brasil: as \u00faltimas not\u00edcias do Vasco\" \/>\n<meta property=\"og:description\" content=\"Nas \u00faltimas horas, o foco das not\u00edcias sobre o Vasco se concentram nos bastidores do clube, com destaques como a repercuss\u00e3o no exterior e a cravada de Neto sobre a final da Copa do Brasil. Por conta deste contexto, leia abaixo um resumo preparado pela equipe do portal G\u00e1vea News para lhe manter muito bem [&hellip;]\" \/>\n<meta property=\"og:url\" content=\"https:\/\/www.gaveanews.com\/index.php\/2024\/09\/26\/repercussao-no-exterior-declaracao-de-paiva-sobre-a-falha-de-rayan-e-neto-crava-a-final-da-copa-do-brasil-as-ultimas-noticias-do-vasco\/\" \/>\n<meta property=\"og:site_name\" content=\"G\u00e1vea News\" \/>\n<meta property=\"article:publisher\" content=\"https:\/\/facebook.com\/gaveaNews\/\" \/>\n<meta property=\"article:published_time\" content=\"2024-09-26T18:15:00+00:00\" \/>\n<meta property=\"og:image\" content=\"https:\/\/www.gaveanews.com\/wp-content\/uploads\/Camisa-do-Vasco-2024.webp\" \/>\n\t<meta property=\"og:image:width\" content=\"1059\" \/>\n\t<meta property=\"og:image:height\" content=\"794\" \/>\n\t<meta property=\"og:image:type\" content=\"image\/webp\" \/>\n<meta name=\"author\" content=\"Matheus Felipe\" \/>\n<meta name=\"twitter:card\" content=\"summary_large_image\" \/>\n<meta name=\"twitter:label1\" content=\"Escrito por\" \/>\n\t<meta name=\"twitter:data1\" content=\"Matheus Felipe\" \/>\n\t<meta name=\"twitter:label2\" content=\"Est. tempo de leitura\" \/>\n\t<meta name=\"twitter:data2\" content=\"6 minutos\" \/>\n<script type=\"application\/ld+json\" class=\"yoast-schema-graph\">{\"@context\":\"https:\/\/schema.org\",\"@graph\":[{\"@type\":\"NewsArticle\",\"@id\":\"https:\/\/www.gaveanews.com\/index.php\/2024\/09\/26\/repercussao-no-exterior-declaracao-de-paiva-sobre-a-falha-de-rayan-e-neto-crava-a-final-da-copa-do-brasil-as-ultimas-noticias-do-vasco\/#article\",\"isPartOf\":{\"@id\":\"https:\/\/www.gaveanews.com\/index.php\/2024\/09\/26\/repercussao-no-exterior-declaracao-de-paiva-sobre-a-falha-de-rayan-e-neto-crava-a-final-da-copa-do-brasil-as-ultimas-noticias-do-vasco\/\"},\"author\":{\"name\":\"Matheus Felipe\",\"@id\":\"https:\/\/www.gaveanews.com\/#\/schema\/person\/8207cd4627f56151707418bfc835b2fb\"},\"headline\":\"Repercuss\u00e3o no exterior, declara\u00e7\u00e3o de Paiva sobre a falha de Rayan e Neto crava a final da Copa do Brasil: as \u00faltimas not\u00edcias do Vasco\",\"datePublished\":\"2024-09-26T18:15:00+00:00\",\"mainEntityOfPage\":{\"@id\":\"https:\/\/www.gaveanews.com\/index.php\/2024\/09\/26\/repercussao-no-exterior-declaracao-de-paiva-sobre-a-falha-de-rayan-e-neto-crava-a-final-da-copa-do-brasil-as-ultimas-noticias-do-vasco\/\"},\"wordCount\":864,\"commentCount\":0,\"image\":{\"@id\":\"https:\/\/www.gaveanews.com\/index.php\/2024\/09\/26\/repercussao-no-exterior-declaracao-de-paiva-sobre-a-falha-de-rayan-e-neto-crava-a-final-da-copa-do-brasil-as-ultimas-noticias-do-vasco\/#primaryimage\"},\"thumbnailUrl\":\"https:\/\/www.gaveanews.com\/wp-content\/uploads\/Camisa-do-Vasco-2024.webp\",\"articleSection\":[\"Vasco\"],\"inLanguage\":\"pt-BR\",\"potentialAction\":[{\"@type\":\"CommentAction\",\"name\":\"Comment\",\"target\":[\"https:\/\/www.gaveanews.com\/index.php\/2024\/09\/26\/repercussao-no-exterior-declaracao-de-paiva-sobre-a-falha-de-rayan-e-neto-crava-a-final-da-copa-do-brasil-as-ultimas-noticias-do-vasco\/#respond\"]}],\"copyrightYear\":\"2024\",\"copyrightHolder\":{\"@id\":\"https:\/\/www.gaveanews.com\/#organization\"}},{\"@type\":\"WebPage\",\"@id\":\"https:\/\/www.gaveanews.com\/index.php\/2024\/09\/26\/repercussao-no-exterior-declaracao-de-paiva-sobre-a-falha-de-rayan-e-neto-crava-a-final-da-copa-do-brasil-as-ultimas-noticias-do-vasco\/\",\"url\":\"https:\/\/www.gaveanews.com\/index.php\/2024\/09\/26\/repercussao-no-exterior-declaracao-de-paiva-sobre-a-falha-de-rayan-e-neto-crava-a-final-da-copa-do-brasil-as-ultimas-noticias-do-vasco\/\",\"name\":\"Repercuss\u00e3o no exterior, declara\u00e7\u00e3o de Paiva sobre a falha de Rayan e Neto crava a final da Copa do Brasil: as \u00faltimas not\u00edcias do Vasco\",\"isPartOf\":{\"@id\":\"https:\/\/www.gaveanews.com\/#website\"},\"primaryImageOfPage\":{\"@id\":\"https:\/\/www.gaveanews.com\/index.php\/2024\/09\/26\/repercussao-no-exterior-declaracao-de-paiva-sobre-a-falha-de-rayan-e-neto-crava-a-final-da-copa-do-brasil-as-ultimas-noticias-do-vasco\/#primaryimage\"},\"image\":{\"@id\":\"https:\/\/www.gaveanews.com\/index.php\/2024\/09\/26\/repercussao-no-exterior-declaracao-de-paiva-sobre-a-falha-de-rayan-e-neto-crava-a-final-da-copa-do-brasil-as-ultimas-noticias-do-vasco\/#primaryimage\"},\"thumbnailUrl\":\"https:\/\/www.gaveanews.com\/wp-content\/uploads\/Camisa-do-Vasco-2024.webp\",\"datePublished\":\"2024-09-26T18:15:00+00:00\",\"author\":{\"@id\":\"https:\/\/www.gaveanews.com\/#\/schema\/person\/8207cd4627f56151707418bfc835b2fb\"},\"breadcrumb\":{\"@id\":\"https:\/\/www.gaveanews.com\/index.php\/2024\/09\/26\/repercussao-no-exterior-declaracao-de-paiva-sobre-a-falha-de-rayan-e-neto-crava-a-final-da-copa-do-brasil-as-ultimas-noticias-do-vasco\/#breadcrumb\"},\"inLanguage\":\"pt-BR\",\"potentialAction\":[{\"@type\":\"ReadAction\",\"target\":[\"https:\/\/www.gaveanews.com\/index.php\/2024\/09\/26\/repercussao-no-exterior-declaracao-de-paiva-sobre-a-falha-de-rayan-e-neto-crava-a-final-da-copa-do-brasil-as-ultimas-noticias-do-vasco\/\"]}]},{\"@type\":\"ImageObject\",\"inLanguage\":\"pt-BR\",\"@id\":\"https:\/\/www.gaveanews.com\/index.php\/2024\/09\/26\/repercussao-no-exterior-declaracao-de-paiva-sobre-a-falha-de-rayan-e-neto-crava-a-final-da-copa-do-brasil-as-ultimas-noticias-do-vasco\/#primaryimage\",\"url\":\"https:\/\/www.gaveanews.com\/wp-content\/uploads\/Camisa-do-Vasco-2024.webp\",\"contentUrl\":\"https:\/\/www.gaveanews.com\/wp-content\/uploads\/Camisa-do-Vasco-2024.webp\",\"width\":1059,\"height\":794,\"caption\":\"Camisa do Vasco 2024 (Foto: Reprodu\u00e7\u00e3o\/Instagram)\"},{\"@type\":\"BreadcrumbList\",\"@id\":\"https:\/\/www.gaveanews.com\/index.php\/2024\/09\/26\/repercussao-no-exterior-declaracao-de-paiva-sobre-a-falha-de-rayan-e-neto-crava-a-final-da-copa-do-brasil-as-ultimas-noticias-do-vasco\/#breadcrumb\",\"itemListElement\":[{\"@type\":\"ListItem\",\"position\":1,\"name\":\"Home\",\"item\":\"https:\/\/www.gaveanews.com\/\"},{\"@type\":\"ListItem\",\"position\":2,\"name\":\"Repercuss\u00e3o no exterior, declara\u00e7\u00e3o de Paiva sobre a falha de Rayan e Neto crava a final da Copa do Brasil: as \u00faltimas not\u00edcias do Vasco\"}]},{\"@type\":\"WebSite\",\"@id\":\"https:\/\/www.gaveanews.com\/#website\",\"url\":\"https:\/\/www.gaveanews.com\/\",\"name\":\"G\u00e1vea News\",\"description\":\"Veja todas as not\u00edcias sobre o Flamengo: Contrata\u00e7\u00f5es, categorias de base, resultados das partidas, tabela de classifica\u00e7\u00e3o, pr\u00f3ximos jogos!\",\"potentialAction\":[{\"@type\":\"SearchAction\",\"target\":{\"@type\":\"EntryPoint\",\"urlTemplate\":\"https:\/\/www.gaveanews.com\/?s={search_term_string}\"},\"query-input\":{\"@type\":\"PropertyValueSpecification\",\"valueRequired\":true,\"valueName\":\"search_term_string\"}}],\"inLanguage\":\"pt-BR\"},{\"@type\":\"Person\",\"@id\":\"https:\/\/www.gaveanews.com\/#\/schema\/person\/8207cd4627f56151707418bfc835b2fb\",\"name\":\"Matheus Felipe\",\"image\":{\"@type\":\"ImageObject\",\"inLanguage\":\"pt-BR\",\"@id\":\"https:\/\/www.gaveanews.com\/#\/schema\/person\/image\/\",\"url\":\"https:\/\/secure.gravatar.com\/avatar\/a452ffbed9130f726358b298bb3a99ce4bd3c5338411f8440e87e14d74c7c087?s=96&d=mm&r=g\",\"contentUrl\":\"https:\/\/secure.gravatar.com\/avatar\/a452ffbed9130f726358b298bb3a99ce4bd3c5338411f8440e87e14d74c7c087?s=96&d=mm&r=g\",\"caption\":\"Matheus Felipe\"}}]}<\/script>\n<!-- \/ Yoast SEO Premium plugin. -->","yoast_head_json":{"title":"Repercuss\u00e3o no exterior, declara\u00e7\u00e3o de Paiva sobre a falha de Rayan e Neto crava a final da Copa do Brasil: as \u00faltimas not\u00edcias do Vasco","robots":{"index":"index","follow":"follow","max-snippet":"max-snippet:-1","max-image-preview":"max-image-preview:large","max-video-preview":"max-video-preview:-1"},"canonical":"https:\/\/www.gaveanews.com\/index.php\/2024\/09\/26\/repercussao-no-exterior-declaracao-de-paiva-sobre-a-falha-de-rayan-e-neto-crava-a-final-da-copa-do-brasil-as-ultimas-noticias-do-vasco\/","og_locale":"pt_BR","og_type":"article","og_title":"Repercuss\u00e3o no exterior, declara\u00e7\u00e3o de Paiva sobre a falha de Rayan e Neto crava a final da Copa do Brasil: as \u00faltimas not\u00edcias do Vasco","og_description":"Nas \u00faltimas horas, o foco das not\u00edcias sobre o Vasco se concentram nos bastidores do clube, com destaques como a repercuss\u00e3o no exterior e a cravada de Neto sobre a final da Copa do Brasil. Por conta deste contexto, leia abaixo um resumo preparado pela equipe do portal G\u00e1vea News para lhe manter muito bem [&hellip;]","og_url":"https:\/\/www.gaveanews.com\/index.php\/2024\/09\/26\/repercussao-no-exterior-declaracao-de-paiva-sobre-a-falha-de-rayan-e-neto-crava-a-final-da-copa-do-brasil-as-ultimas-noticias-do-vasco\/","og_site_name":"G\u00e1vea News","article_publisher":"https:\/\/facebook.com\/gaveaNews\/","article_published_time":"2024-09-26T18:15:00+00:00","og_image":[{"width":1059,"height":794,"url":"https:\/\/www.gaveanews.com\/wp-content\/uploads\/Camisa-do-Vasco-2024.webp","type":"image\/webp"}],"author":"Matheus Felipe","twitter_card":"summary_large_image","twitter_misc":{"Escrito por":"Matheus Felipe","Est. tempo de leitura":"6 minutos"},"schema":{"@context":"https:\/\/schema.org","@graph":[{"@type":"NewsArticle","@id":"https:\/\/www.gaveanews.com\/index.php\/2024\/09\/26\/repercussao-no-exterior-declaracao-de-paiva-sobre-a-falha-de-rayan-e-neto-crava-a-final-da-copa-do-brasil-as-ultimas-noticias-do-vasco\/#article","isPartOf":{"@id":"https:\/\/www.gaveanews.com\/index.php\/2024\/09\/26\/repercussao-no-exterior-declaracao-de-paiva-sobre-a-falha-de-rayan-e-neto-crava-a-final-da-copa-do-brasil-as-ultimas-noticias-do-vasco\/"},"author":{"name":"Matheus Felipe","@id":"https:\/\/www.gaveanews.com\/#\/schema\/person\/8207cd4627f56151707418bfc835b2fb"},"headline":"Repercuss\u00e3o no exterior, declara\u00e7\u00e3o de Paiva sobre a falha de Rayan e Neto crava a final da Copa do Brasil: as \u00faltimas not\u00edcias do Vasco","datePublished":"2024-09-26T18:15:00+00:00","mainEntityOfPage":{"@id":"https:\/\/www.gaveanews.com\/index.php\/2024\/09\/26\/repercussao-no-exterior-declaracao-de-paiva-sobre-a-falha-de-rayan-e-neto-crava-a-final-da-copa-do-brasil-as-ultimas-noticias-do-vasco\/"},"wordCount":864,"commentCount":0,"image":{"@id":"https:\/\/www.gaveanews.com\/index.php\/2024\/09\/26\/repercussao-no-exterior-declaracao-de-paiva-sobre-a-falha-de-rayan-e-neto-crava-a-final-da-copa-do-brasil-as-ultimas-noticias-do-vasco\/#primaryimage"},"thumbnailUrl":"https:\/\/www.gaveanews.com\/wp-content\/uploads\/Camisa-do-Vasco-2024.webp","articleSection":["Vasco"],"inLanguage":"pt-BR","potentialAction":[{"@type":"CommentAction","name":"Comment","target":["https:\/\/www.gaveanews.com\/index.php\/2024\/09\/26\/repercussao-no-exterior-declaracao-de-paiva-sobre-a-falha-de-rayan-e-neto-crava-a-final-da-copa-do-brasil-as-ultimas-noticias-do-vasco\/#respond"]}],"copyrightYear":"2024","copyrightHolder":{"@id":"https:\/\/www.gaveanews.com\/#organization"}},{"@type":"WebPage","@id":"https:\/\/www.gaveanews.com\/index.php\/2024\/09\/26\/repercussao-no-exterior-declaracao-de-paiva-sobre-a-falha-de-rayan-e-neto-crava-a-final-da-copa-do-brasil-as-ultimas-noticias-do-vasco\/","url":"https:\/\/www.gaveanews.com\/index.php\/2024\/09\/26\/repercussao-no-exterior-declaracao-de-paiva-sobre-a-falha-de-rayan-e-neto-crava-a-final-da-copa-do-brasil-as-ultimas-noticias-do-vasco\/","name":"Repercuss\u00e3o no exterior, declara\u00e7\u00e3o de Paiva sobre a falha de Rayan e Neto crava a final da Copa do Brasil: as \u00faltimas not\u00edcias do Vasco","isPartOf":{"@id":"https:\/\/www.gaveanews.com\/#website"},"primaryImageOfPage":{"@id":"https:\/\/www.gaveanews.com\/index.php\/2024\/09\/26\/repercussao-no-exterior-declaracao-de-paiva-sobre-a-falha-de-rayan-e-neto-crava-a-final-da-copa-do-brasil-as-ultimas-noticias-do-vasco\/#primaryimage"},"image":{"@id":"https:\/\/www.gaveanews.com\/index.php\/2024\/09\/26\/repercussao-no-exterior-declaracao-de-paiva-sobre-a-falha-de-rayan-e-neto-crava-a-final-da-copa-do-brasil-as-ultimas-noticias-do-vasco\/#primaryimage"},"thumbnailUrl":"https:\/\/www.gaveanews.com\/wp-content\/uploads\/Camisa-do-Vasco-2024.webp","datePublished":"2024-09-26T18:15:00+00:00","author":{"@id":"https:\/\/www.gaveanews.com\/#\/schema\/person\/8207cd4627f56151707418bfc835b2fb"},"breadcrumb":{"@id":"https:\/\/www.gaveanews.com\/index.php\/2024\/09\/26\/repercussao-no-exterior-declaracao-de-paiva-sobre-a-falha-de-rayan-e-neto-crava-a-final-da-copa-do-brasil-as-ultimas-noticias-do-vasco\/#breadcrumb"},"inLanguage":"pt-BR","potentialAction":[{"@type":"ReadAction","target":["https:\/\/www.gaveanews.com\/index.php\/2024\/09\/26\/repercussao-no-exterior-declaracao-de-paiva-sobre-a-falha-de-rayan-e-neto-crava-a-final-da-copa-do-brasil-as-ultimas-noticias-do-vasco\/"]}]},{"@type":"ImageObject","inLanguage":"pt-BR","@id":"https:\/\/www.gaveanews.com\/index.php\/2024\/09\/26\/repercussao-no-exterior-declaracao-de-paiva-sobre-a-falha-de-rayan-e-neto-crava-a-final-da-copa-do-brasil-as-ultimas-noticias-do-vasco\/#primaryimage","url":"https:\/\/www.gaveanews.com\/wp-content\/uploads\/Camisa-do-Vasco-2024.webp","contentUrl":"https:\/\/www.gaveanews.com\/wp-content\/uploads\/Camisa-do-Vasco-2024.webp","width":1059,"height":794,"caption":"Camisa do Vasco 2024 (Foto: Reprodu\u00e7\u00e3o\/Instagram)"},{"@type":"BreadcrumbList","@id":"https:\/\/www.gaveanews.com\/index.php\/2024\/09\/26\/repercussao-no-exterior-declaracao-de-paiva-sobre-a-falha-de-rayan-e-neto-crava-a-final-da-copa-do-brasil-as-ultimas-noticias-do-vasco\/#breadcrumb","itemListElement":[{"@type":"ListItem","position":1,"name":"Home","item":"https:\/\/www.gaveanews.com\/"},{"@type":"ListItem","position":2,"name":"Repercuss\u00e3o no exterior, declara\u00e7\u00e3o de Paiva sobre a falha de Rayan e Neto crava a final da Copa do Brasil: as \u00faltimas not\u00edcias do Vasco"}]},{"@type":"WebSite","@id":"https:\/\/www.gaveanews.com\/#website","url":"https:\/\/www.gaveanews.com\/","name":"G\u00e1vea News","description":"Veja todas as not\u00edcias sobre o Flamengo: Contrata\u00e7\u00f5es, categorias de base, resultados das partidas, tabela de classifica\u00e7\u00e3o, pr\u00f3ximos jogos!","potentialAction":[{"@type":"SearchAction","target":{"@type":"EntryPoint","urlTemplate":"https:\/\/www.gaveanews.com\/?s={search_term_string}"},"query-input":{"@type":"PropertyValueSpecification","valueRequired":true,"valueName":"search_term_string"}}],"inLanguage":"pt-BR"},{"@type":"Person","@id":"https:\/\/www.gaveanews.com\/#\/schema\/person\/8207cd4627f56151707418bfc835b2fb","name":"Matheus Felipe","image":{"@type":"ImageObject","inLanguage":"pt-BR","@id":"https:\/\/www.gaveanews.com\/#\/schema\/person\/image\/","url":"https:\/\/secure.gravatar.com\/avatar\/a452ffbed9130f726358b298bb3a99ce4bd3c5338411f8440e87e14d74c7c087?s=96&d=mm&r=g","contentUrl":"https:\/\/secure.gravatar.com\/avatar\/a452ffbed9130f726358b298bb3a99ce4bd3c5338411f8440e87e14d74c7c087?s=96&d=mm&r=g","caption":"Matheus Felipe"}}]}},"_links":{"self":[{"href":"https:\/\/www.gaveanews.com\/index.php\/wp-json\/wp\/v2\/posts\/169272","targetHints":{"allow":["GET"]}}],"collection":[{"href":"https:\/\/www.gaveanews.com\/index.php\/wp-json\/wp\/v2\/posts"}],"about":[{"href":"https:\/\/www.gaveanews.com\/index.php\/wp-json\/wp\/v2\/types\/post"}],"author":[{"embeddable":true,"href":"https:\/\/www.gaveanews.com\/index.php\/wp-json\/wp\/v2\/users\/27"}],"replies":[{"embeddable":true,"href":"https:\/\/www.gaveanews.com\/index.php\/wp-json\/wp\/v2\/comments?post=169272"}],"version-history":[{"count":1,"href":"https:\/\/www.gaveanews.com\/index.php\/wp-json\/wp\/v2\/posts\/169272\/revisions"}],"predecessor-version":[{"id":169276,"href":"https:\/\/www.gaveanews.com\/index.php\/wp-json\/wp\/v2\/posts\/169272\/revisions\/169276"}],"wp:featuredmedia":[{"embeddable":true,"href":"https:\/\/www.gaveanews.com\/index.php\/wp-json\/wp\/v2\/media\/161261"}],"wp:attachment":[{"href":"https:\/\/www.gaveanews.com\/index.php\/wp-json\/wp\/v2\/media?parent=169272"}],"wp:term":[{"taxonomy":"category","embeddable":true,"href":"https:\/\/www.gaveanews.com\/index.php\/wp-json\/wp\/v2\/categories?post=169272"},{"taxonomy":"post_tag","embeddable":true,"href":"https:\/\/www.gaveanews.com\/index.php\/wp-json\/wp\/v2\/tags?post=169272"}],"curies":[{"name":"wp","href":"https:\/\/api.w.org\/{rel}","templated":true}]}}