{"id":169305,"date":"2024-09-26T11:00:00","date_gmt":"2024-09-26T14:00:00","guid":{"rendered":"https:\/\/www.gaveanews.com\/?p=169305"},"modified":"2024-09-26T10:46:33","modified_gmt":"2024-09-26T13:46:33","slug":"sem-acordo-presidente-do-corinthians-recusa-pedido-do-flamengo","status":"publish","type":"post","link":"https:\/\/www.gaveanews.com\/index.php\/2024\/09\/26\/sem-acordo-presidente-do-corinthians-recusa-pedido-do-flamengo\/","title":{"rendered":"Sem acordo! Presidente do Corinthians recusa pedido do Flamengo"},"content":{"rendered":"\n<h2 class=\"wp-block-heading\" id=\"h-corinthians-recusa-alteracao-de-data-da-semifinal-da-copa-do-brasil\">Corinthians recusa altera\u00e7\u00e3o de data da semifinal da Copa do Brasil\u00a0<\/h2>\n\n\n\n<p>O Corinthians se mostra inflex\u00edvel em rela\u00e7\u00e3o \u00e0 data da partida de ida da semifinal da Copa do Brasil, que enfrentar\u00e1 o Flamengo na Neo Qu\u00edmica Arena. O time carioca sugeriu uma mudan\u00e7a no calend\u00e1rio devido \u00e0 Data Fifa de outubro, programada para ocorrer entre os dias 7 e 15, mas o clube paulista deseja manter o jogo para o dia 16, um dia ap\u00f3s a conclus\u00e3o dos jogos das sele\u00e7\u00f5es.<\/p>\n\n\n\n<ul class=\"wp-block-list\">\n<li><a href=\"https:\/\/www.gaveanews.com\/index.php\/2024\/09\/25\/pedido-realizado-por-de-la-cruz-surpreende-nos-bastidores\/\">Pedido realizado por De la Cruz surpreende nos bastidores<\/a><\/li>\n\n\n\n<li><a href=\"https:\/\/www.gaveanews.com\/index.php\/2024\/09\/25\/leila-pereira-do-palmeiras-fica-ao-lado-do-flamengo\/\">Leila Pereira, do Palmeiras, fica ao lado do Flamengo<br><\/a><\/li>\n<\/ul>\n\n\n\n<p>Segundo informa\u00e7\u00f5es do &#8220;ge.globo&#8221;, o Tim\u00e3o n\u00e3o aceita a proposta do Flamengo e n\u00e3o considera a possibilidade de ceder. Conforme mencionado pelo apresentador Andr\u00e9 Rizek, o Rubro-Negro apresentou \u00e0 CBF a ideia de antecipar seu jogo e o do Corinthians da 30\u00aa rodada do Campeonato Brasileiro para uma quarta-feira (no dia 16.10), adiando assim a decis\u00e3o da Copa do Brasil para o final de semana.<\/p>\n\n\n\n<p><em>\u2013 O Sport Club\u00a0Corinthians\u00a0Paulista recebeu com surpresa a not\u00edcia da proposta de altera\u00e7\u00e3o de data das partidas das semifinais da Copa do Brasil, uma vez que as mesmas j\u00e1 estavam pr\u00e9-estabelecidas antes do pr\u00f3prio sorteio, diz o texto assinado pelo presidente Augusto Melo.<\/em><\/p>\n\n\n\n<figure class=\"wp-block-image size-full\"><img loading=\"lazy\" decoding=\"async\" width=\"800\" height=\"533\" src=\"https:\/\/www.gaveanews.com\/wp-content\/uploads\/taca-copa-do-brasil.webp\" alt=\"\" class=\"wp-image-90823\" srcset=\"https:\/\/www.gaveanews.com\/wp-content\/uploads\/taca-copa-do-brasil.webp 800w, https:\/\/www.gaveanews.com\/wp-content\/uploads\/taca-copa-do-brasil-300x200.webp 300w, https:\/\/www.gaveanews.com\/wp-content\/uploads\/taca-copa-do-brasil-768x512.webp 768w, https:\/\/www.gaveanews.com\/wp-content\/uploads\/taca-copa-do-brasil-630x420.webp 630w, https:\/\/www.gaveanews.com\/wp-content\/uploads\/taca-copa-do-brasil-640x426.webp 640w, https:\/\/www.gaveanews.com\/wp-content\/uploads\/taca-copa-do-brasil-681x454.webp 681w, https:\/\/www.gaveanews.com\/wp-content\/uploads\/taca-copa-do-brasil-100x67.webp 100w\" sizes=\"auto, (max-width: 800px) 100vw, 800px\" \/><figcaption class=\"wp-element-caption\">Ta\u00e7a da Copa do Brasil (Foto: Marcelo Cortes\/Flamengo)<\/figcaption><\/figure>\n\n\n\n<p>\u2013 Considerando que o SCCP est\u00e1 disputando tr\u00eas competi\u00e7\u00f5es, qualquer altera\u00e7\u00e3o prejudicar\u00e1 a prepara\u00e7\u00e3o e o planejamento do clube. Assim, j\u00e1 buscamos contato com o Presidente Ednaldo Rodrigues para manifestar nossa posi\u00e7\u00e3o contr\u00e1ria a qualquer altera\u00e7\u00e3o, conclui.<\/p>\n\n\n\n<p>Com essa proposta, o Flamengo se prepararia para enfrentar o Fluminense na quarta-feira, dia 16 de outubro, no Maracan\u00e3, enquanto o Corinthians enfrentaria o Athletico-PR no mesmo dia. Inicialmente, essas partidas est\u00e3o agendadas para o fim de semana dos dias 19 e 20, assim como as demais do 30\u00ba round do Brasileir\u00e3o. O jogo de volta da Copa do Brasil est\u00e1 previsto para s\u00e1bado, dia 19, em Itaquera.<\/p>\n\n\n\n<p>O Flamengo elaborou essa estrat\u00e9gia para contornar os desfalques da Data Fifa. O clube pode ter at\u00e9 nove jogadores convocados. Por sua vez, o Corinthians poder\u00e1 ficar sem tr\u00eas atletas.<\/p>\n\n\n\n<p>O Corinthians deseja que a partida contra o Flamengo ocorra no dia 16. Se houver uma altera\u00e7\u00e3o para o dia 17, por exemplo, o Tim\u00e3o teria que jogar no Brasileir\u00e3o no domingo, dia 20, apenas dois dias antes da prov\u00e1vel partida de volta das semifinais da Copa Sul-Americana, algo invi\u00e1vel devido ao intervalo necess\u00e1rio entre os jogos.<\/p>\n\n\n\n<p><\/p>\n","protected":false},"excerpt":{"rendered":"<p>Sem acordo! Presidente do Corinthians recusa pedido do Flamengo<\/p>\n","protected":false},"author":16,"featured_media":158982,"comment_status":"open","ping_status":"closed","sticky":false,"template":"","format":"standard","meta":{"footnotes":""},"categories":[141,1],"tags":[],"class_list":["post-169305","post","type-post","status-publish","format-standard","has-post-thumbnail","hentry","category-corinthians","category-flamengo"],"yoast_head":"<!-- This site is optimized with the Yoast SEO Premium plugin v24.2 (Yoast SEO v26.9) - https:\/\/yoast.com\/product\/yoast-seo-premium-wordpress\/ -->\n<title>Sem acordo! Presidente do Corinthians recusa pedido do Flamengo<\/title>\n<meta name=\"description\" content=\"Sem acordo! Presidente do Corinthians recusa pedido do Flamengo\" \/>\n<meta name=\"robots\" content=\"index, follow, max-snippet:-1, max-image-preview:large, max-video-preview:-1\" \/>\n<link rel=\"canonical\" href=\"https:\/\/www.gaveanews.com\/index.php\/2024\/09\/26\/sem-acordo-presidente-do-corinthians-recusa-pedido-do-flamengo\/\" \/>\n<meta property=\"og:locale\" content=\"pt_BR\" \/>\n<meta property=\"og:type\" content=\"article\" \/>\n<meta property=\"og:title\" content=\"Sem acordo! Presidente do Corinthians recusa pedido do Flamengo\" \/>\n<meta property=\"og:description\" content=\"Sem acordo! Presidente do Corinthians recusa pedido do Flamengo\" \/>\n<meta property=\"og:url\" content=\"https:\/\/www.gaveanews.com\/index.php\/2024\/09\/26\/sem-acordo-presidente-do-corinthians-recusa-pedido-do-flamengo\/\" \/>\n<meta property=\"og:site_name\" content=\"G\u00e1vea News\" \/>\n<meta property=\"article:publisher\" content=\"https:\/\/facebook.com\/gaveaNews\/\" \/>\n<meta property=\"article:published_time\" content=\"2024-09-26T14:00:00+00:00\" \/>\n<meta property=\"og:image\" content=\"https:\/\/www.gaveanews.com\/wp-content\/uploads\/2qgb52iuihz6ikmp2ky0yr6sn.webp\" \/>\n\t<meta property=\"og:image:width\" content=\"906\" \/>\n\t<meta property=\"og:image:height\" content=\"509\" \/>\n\t<meta property=\"og:image:type\" content=\"image\/webp\" \/>\n<meta name=\"author\" content=\"D\u00e9bora Figueiredo\" \/>\n<meta name=\"twitter:card\" content=\"summary_large_image\" \/>\n<meta name=\"twitter:label1\" content=\"Escrito por\" \/>\n\t<meta name=\"twitter:data1\" content=\"D\u00e9bora Figueiredo\" \/>\n\t<meta name=\"twitter:label2\" content=\"Est. tempo de leitura\" \/>\n\t<meta name=\"twitter:data2\" content=\"3 minutos\" \/>\n<script type=\"application\/ld+json\" class=\"yoast-schema-graph\">{\"@context\":\"https:\/\/schema.org\",\"@graph\":[{\"@type\":\"NewsArticle\",\"@id\":\"https:\/\/www.gaveanews.com\/index.php\/2024\/09\/26\/sem-acordo-presidente-do-corinthians-recusa-pedido-do-flamengo\/#article\",\"isPartOf\":{\"@id\":\"https:\/\/www.gaveanews.com\/index.php\/2024\/09\/26\/sem-acordo-presidente-do-corinthians-recusa-pedido-do-flamengo\/\"},\"author\":{\"name\":\"D\u00e9bora Figueiredo\",\"@id\":\"https:\/\/www.gaveanews.com\/#\/schema\/person\/37122681a8575a5c8db05a56f099a5e4\"},\"headline\":\"Sem acordo! Presidente do Corinthians recusa pedido do Flamengo\",\"datePublished\":\"2024-09-26T14:00:00+00:00\",\"mainEntityOfPage\":{\"@id\":\"https:\/\/www.gaveanews.com\/index.php\/2024\/09\/26\/sem-acordo-presidente-do-corinthians-recusa-pedido-do-flamengo\/\"},\"wordCount\":440,\"commentCount\":0,\"image\":{\"@id\":\"https:\/\/www.gaveanews.com\/index.php\/2024\/09\/26\/sem-acordo-presidente-do-corinthians-recusa-pedido-do-flamengo\/#primaryimage\"},\"thumbnailUrl\":\"https:\/\/www.gaveanews.com\/wp-content\/uploads\/2qgb52iuihz6ikmp2ky0yr6sn.webp\",\"articleSection\":[\"Corinthians\",\"Flamengo\"],\"inLanguage\":\"pt-BR\",\"potentialAction\":[{\"@type\":\"CommentAction\",\"name\":\"Comment\",\"target\":[\"https:\/\/www.gaveanews.com\/index.php\/2024\/09\/26\/sem-acordo-presidente-do-corinthians-recusa-pedido-do-flamengo\/#respond\"]}],\"copyrightYear\":\"2024\",\"copyrightHolder\":{\"@id\":\"https:\/\/www.gaveanews.com\/#organization\"}},{\"@type\":\"WebPage\",\"@id\":\"https:\/\/www.gaveanews.com\/index.php\/2024\/09\/26\/sem-acordo-presidente-do-corinthians-recusa-pedido-do-flamengo\/\",\"url\":\"https:\/\/www.gaveanews.com\/index.php\/2024\/09\/26\/sem-acordo-presidente-do-corinthians-recusa-pedido-do-flamengo\/\",\"name\":\"Sem acordo! Presidente do Corinthians recusa pedido do Flamengo\",\"isPartOf\":{\"@id\":\"https:\/\/www.gaveanews.com\/#website\"},\"primaryImageOfPage\":{\"@id\":\"https:\/\/www.gaveanews.com\/index.php\/2024\/09\/26\/sem-acordo-presidente-do-corinthians-recusa-pedido-do-flamengo\/#primaryimage\"},\"image\":{\"@id\":\"https:\/\/www.gaveanews.com\/index.php\/2024\/09\/26\/sem-acordo-presidente-do-corinthians-recusa-pedido-do-flamengo\/#primaryimage\"},\"thumbnailUrl\":\"https:\/\/www.gaveanews.com\/wp-content\/uploads\/2qgb52iuihz6ikmp2ky0yr6sn.webp\",\"datePublished\":\"2024-09-26T14:00:00+00:00\",\"author\":{\"@id\":\"https:\/\/www.gaveanews.com\/#\/schema\/person\/37122681a8575a5c8db05a56f099a5e4\"},\"description\":\"Sem acordo! Presidente do Corinthians recusa pedido do Flamengo\",\"breadcrumb\":{\"@id\":\"https:\/\/www.gaveanews.com\/index.php\/2024\/09\/26\/sem-acordo-presidente-do-corinthians-recusa-pedido-do-flamengo\/#breadcrumb\"},\"inLanguage\":\"pt-BR\",\"potentialAction\":[{\"@type\":\"ReadAction\",\"target\":[\"https:\/\/www.gaveanews.com\/index.php\/2024\/09\/26\/sem-acordo-presidente-do-corinthians-recusa-pedido-do-flamengo\/\"]}]},{\"@type\":\"ImageObject\",\"inLanguage\":\"pt-BR\",\"@id\":\"https:\/\/www.gaveanews.com\/index.php\/2024\/09\/26\/sem-acordo-presidente-do-corinthians-recusa-pedido-do-flamengo\/#primaryimage\",\"url\":\"https:\/\/www.gaveanews.com\/wp-content\/uploads\/2qgb52iuihz6ikmp2ky0yr6sn.webp\",\"contentUrl\":\"https:\/\/www.gaveanews.com\/wp-content\/uploads\/2qgb52iuihz6ikmp2ky0yr6sn.webp\",\"width\":906,\"height\":509,\"caption\":\"Augusto Melo - Foto: Rodrigo Coca\/Ag\u00eancia Corinthians\"},{\"@type\":\"BreadcrumbList\",\"@id\":\"https:\/\/www.gaveanews.com\/index.php\/2024\/09\/26\/sem-acordo-presidente-do-corinthians-recusa-pedido-do-flamengo\/#breadcrumb\",\"itemListElement\":[{\"@type\":\"ListItem\",\"position\":1,\"name\":\"Home\",\"item\":\"https:\/\/www.gaveanews.com\/\"},{\"@type\":\"ListItem\",\"position\":2,\"name\":\"Sem acordo! Presidente do Corinthians recusa pedido do Flamengo\"}]},{\"@type\":\"WebSite\",\"@id\":\"https:\/\/www.gaveanews.com\/#website\",\"url\":\"https:\/\/www.gaveanews.com\/\",\"name\":\"G\u00e1vea News\",\"description\":\"Veja todas as not\u00edcias sobre o Flamengo: Contrata\u00e7\u00f5es, categorias de base, resultados das partidas, tabela de classifica\u00e7\u00e3o, pr\u00f3ximos jogos!\",\"potentialAction\":[{\"@type\":\"SearchAction\",\"target\":{\"@type\":\"EntryPoint\",\"urlTemplate\":\"https:\/\/www.gaveanews.com\/?s={search_term_string}\"},\"query-input\":{\"@type\":\"PropertyValueSpecification\",\"valueRequired\":true,\"valueName\":\"search_term_string\"}}],\"inLanguage\":\"pt-BR\"},{\"@type\":\"Person\",\"@id\":\"https:\/\/www.gaveanews.com\/#\/schema\/person\/37122681a8575a5c8db05a56f099a5e4\",\"name\":\"D\u00e9bora Figueiredo\",\"image\":{\"@type\":\"ImageObject\",\"inLanguage\":\"pt-BR\",\"@id\":\"https:\/\/www.gaveanews.com\/#\/schema\/person\/image\/\",\"url\":\"https:\/\/secure.gravatar.com\/avatar\/1f44802859351588499d26f52aed1d15796ce17e67602895b72837c08018868d?s=96&d=mm&r=g\",\"contentUrl\":\"https:\/\/secure.gravatar.com\/avatar\/1f44802859351588499d26f52aed1d15796ce17e67602895b72837c08018868d?s=96&d=mm&r=g\",\"caption\":\"D\u00e9bora Figueiredo\"}}]}<\/script>\n<!-- \/ Yoast SEO Premium plugin. -->","yoast_head_json":{"title":"Sem acordo! Presidente do Corinthians recusa pedido do Flamengo","description":"Sem acordo! Presidente do Corinthians recusa pedido do Flamengo","robots":{"index":"index","follow":"follow","max-snippet":"max-snippet:-1","max-image-preview":"max-image-preview:large","max-video-preview":"max-video-preview:-1"},"canonical":"https:\/\/www.gaveanews.com\/index.php\/2024\/09\/26\/sem-acordo-presidente-do-corinthians-recusa-pedido-do-flamengo\/","og_locale":"pt_BR","og_type":"article","og_title":"Sem acordo! Presidente do Corinthians recusa pedido do Flamengo","og_description":"Sem acordo! Presidente do Corinthians recusa pedido do Flamengo","og_url":"https:\/\/www.gaveanews.com\/index.php\/2024\/09\/26\/sem-acordo-presidente-do-corinthians-recusa-pedido-do-flamengo\/","og_site_name":"G\u00e1vea News","article_publisher":"https:\/\/facebook.com\/gaveaNews\/","article_published_time":"2024-09-26T14:00:00+00:00","og_image":[{"width":906,"height":509,"url":"https:\/\/www.gaveanews.com\/wp-content\/uploads\/2qgb52iuihz6ikmp2ky0yr6sn.webp","type":"image\/webp"}],"author":"D\u00e9bora Figueiredo","twitter_card":"summary_large_image","twitter_misc":{"Escrito por":"D\u00e9bora Figueiredo","Est. tempo de leitura":"3 minutos"},"schema":{"@context":"https:\/\/schema.org","@graph":[{"@type":"NewsArticle","@id":"https:\/\/www.gaveanews.com\/index.php\/2024\/09\/26\/sem-acordo-presidente-do-corinthians-recusa-pedido-do-flamengo\/#article","isPartOf":{"@id":"https:\/\/www.gaveanews.com\/index.php\/2024\/09\/26\/sem-acordo-presidente-do-corinthians-recusa-pedido-do-flamengo\/"},"author":{"name":"D\u00e9bora Figueiredo","@id":"https:\/\/www.gaveanews.com\/#\/schema\/person\/37122681a8575a5c8db05a56f099a5e4"},"headline":"Sem acordo! Presidente do Corinthians recusa pedido do Flamengo","datePublished":"2024-09-26T14:00:00+00:00","mainEntityOfPage":{"@id":"https:\/\/www.gaveanews.com\/index.php\/2024\/09\/26\/sem-acordo-presidente-do-corinthians-recusa-pedido-do-flamengo\/"},"wordCount":440,"commentCount":0,"image":{"@id":"https:\/\/www.gaveanews.com\/index.php\/2024\/09\/26\/sem-acordo-presidente-do-corinthians-recusa-pedido-do-flamengo\/#primaryimage"},"thumbnailUrl":"https:\/\/www.gaveanews.com\/wp-content\/uploads\/2qgb52iuihz6ikmp2ky0yr6sn.webp","articleSection":["Corinthians","Flamengo"],"inLanguage":"pt-BR","potentialAction":[{"@type":"CommentAction","name":"Comment","target":["https:\/\/www.gaveanews.com\/index.php\/2024\/09\/26\/sem-acordo-presidente-do-corinthians-recusa-pedido-do-flamengo\/#respond"]}],"copyrightYear":"2024","copyrightHolder":{"@id":"https:\/\/www.gaveanews.com\/#organization"}},{"@type":"WebPage","@id":"https:\/\/www.gaveanews.com\/index.php\/2024\/09\/26\/sem-acordo-presidente-do-corinthians-recusa-pedido-do-flamengo\/","url":"https:\/\/www.gaveanews.com\/index.php\/2024\/09\/26\/sem-acordo-presidente-do-corinthians-recusa-pedido-do-flamengo\/","name":"Sem acordo! Presidente do Corinthians recusa pedido do Flamengo","isPartOf":{"@id":"https:\/\/www.gaveanews.com\/#website"},"primaryImageOfPage":{"@id":"https:\/\/www.gaveanews.com\/index.php\/2024\/09\/26\/sem-acordo-presidente-do-corinthians-recusa-pedido-do-flamengo\/#primaryimage"},"image":{"@id":"https:\/\/www.gaveanews.com\/index.php\/2024\/09\/26\/sem-acordo-presidente-do-corinthians-recusa-pedido-do-flamengo\/#primaryimage"},"thumbnailUrl":"https:\/\/www.gaveanews.com\/wp-content\/uploads\/2qgb52iuihz6ikmp2ky0yr6sn.webp","datePublished":"2024-09-26T14:00:00+00:00","author":{"@id":"https:\/\/www.gaveanews.com\/#\/schema\/person\/37122681a8575a5c8db05a56f099a5e4"},"description":"Sem acordo! Presidente do Corinthians recusa pedido do Flamengo","breadcrumb":{"@id":"https:\/\/www.gaveanews.com\/index.php\/2024\/09\/26\/sem-acordo-presidente-do-corinthians-recusa-pedido-do-flamengo\/#breadcrumb"},"inLanguage":"pt-BR","potentialAction":[{"@type":"ReadAction","target":["https:\/\/www.gaveanews.com\/index.php\/2024\/09\/26\/sem-acordo-presidente-do-corinthians-recusa-pedido-do-flamengo\/"]}]},{"@type":"ImageObject","inLanguage":"pt-BR","@id":"https:\/\/www.gaveanews.com\/index.php\/2024\/09\/26\/sem-acordo-presidente-do-corinthians-recusa-pedido-do-flamengo\/#primaryimage","url":"https:\/\/www.gaveanews.com\/wp-content\/uploads\/2qgb52iuihz6ikmp2ky0yr6sn.webp","contentUrl":"https:\/\/www.gaveanews.com\/wp-content\/uploads\/2qgb52iuihz6ikmp2ky0yr6sn.webp","width":906,"height":509,"caption":"Augusto Melo - Foto: Rodrigo Coca\/Ag\u00eancia Corinthians"},{"@type":"BreadcrumbList","@id":"https:\/\/www.gaveanews.com\/index.php\/2024\/09\/26\/sem-acordo-presidente-do-corinthians-recusa-pedido-do-flamengo\/#breadcrumb","itemListElement":[{"@type":"ListItem","position":1,"name":"Home","item":"https:\/\/www.gaveanews.com\/"},{"@type":"ListItem","position":2,"name":"Sem acordo! Presidente do Corinthians recusa pedido do Flamengo"}]},{"@type":"WebSite","@id":"https:\/\/www.gaveanews.com\/#website","url":"https:\/\/www.gaveanews.com\/","name":"G\u00e1vea News","description":"Veja todas as not\u00edcias sobre o Flamengo: Contrata\u00e7\u00f5es, categorias de base, resultados das partidas, tabela de classifica\u00e7\u00e3o, pr\u00f3ximos jogos!","potentialAction":[{"@type":"SearchAction","target":{"@type":"EntryPoint","urlTemplate":"https:\/\/www.gaveanews.com\/?s={search_term_string}"},"query-input":{"@type":"PropertyValueSpecification","valueRequired":true,"valueName":"search_term_string"}}],"inLanguage":"pt-BR"},{"@type":"Person","@id":"https:\/\/www.gaveanews.com\/#\/schema\/person\/37122681a8575a5c8db05a56f099a5e4","name":"D\u00e9bora Figueiredo","image":{"@type":"ImageObject","inLanguage":"pt-BR","@id":"https:\/\/www.gaveanews.com\/#\/schema\/person\/image\/","url":"https:\/\/secure.gravatar.com\/avatar\/1f44802859351588499d26f52aed1d15796ce17e67602895b72837c08018868d?s=96&d=mm&r=g","contentUrl":"https:\/\/secure.gravatar.com\/avatar\/1f44802859351588499d26f52aed1d15796ce17e67602895b72837c08018868d?s=96&d=mm&r=g","caption":"D\u00e9bora Figueiredo"}}]}},"_links":{"self":[{"href":"https:\/\/www.gaveanews.com\/index.php\/wp-json\/wp\/v2\/posts\/169305","targetHints":{"allow":["GET"]}}],"collection":[{"href":"https:\/\/www.gaveanews.com\/index.php\/wp-json\/wp\/v2\/posts"}],"about":[{"href":"https:\/\/www.gaveanews.com\/index.php\/wp-json\/wp\/v2\/types\/post"}],"author":[{"embeddable":true,"href":"https:\/\/www.gaveanews.com\/index.php\/wp-json\/wp\/v2\/users\/16"}],"replies":[{"embeddable":true,"href":"https:\/\/www.gaveanews.com\/index.php\/wp-json\/wp\/v2\/comments?post=169305"}],"version-history":[{"count":1,"href":"https:\/\/www.gaveanews.com\/index.php\/wp-json\/wp\/v2\/posts\/169305\/revisions"}],"predecessor-version":[{"id":169310,"href":"https:\/\/www.gaveanews.com\/index.php\/wp-json\/wp\/v2\/posts\/169305\/revisions\/169310"}],"wp:featuredmedia":[{"embeddable":true,"href":"https:\/\/www.gaveanews.com\/index.php\/wp-json\/wp\/v2\/media\/158982"}],"wp:attachment":[{"href":"https:\/\/www.gaveanews.com\/index.php\/wp-json\/wp\/v2\/media?parent=169305"}],"wp:term":[{"taxonomy":"category","embeddable":true,"href":"https:\/\/www.gaveanews.com\/index.php\/wp-json\/wp\/v2\/categories?post=169305"},{"taxonomy":"post_tag","embeddable":true,"href":"https:\/\/www.gaveanews.com\/index.php\/wp-json\/wp\/v2\/tags?post=169305"}],"curies":[{"name":"wp","href":"https:\/\/api.w.org\/{rel}","templated":true}]}}