{"id":169321,"date":"2024-09-26T14:00:00","date_gmt":"2024-09-26T17:00:00","guid":{"rendered":"https:\/\/www.gaveanews.com\/?p=169321"},"modified":"2024-09-26T11:51:14","modified_gmt":"2024-09-26T14:51:14","slug":"cruzeiro-x-libertad-vidente-crava-classificado","status":"publish","type":"post","link":"https:\/\/www.gaveanews.com\/index.php\/2024\/09\/26\/cruzeiro-x-libertad-vidente-crava-classificado\/","title":{"rendered":"Cruzeiro x Libertad: vidente crava classificado"},"content":{"rendered":"\n<h2 class=\"wp-block-heading\" id=\"h-quem-sera-que-se-classifica\">Quem ser\u00e1 que se classifica?<\/h2>\n\n\n\n<p>Com a expectativa de um Mineir\u00e3o repleto, o Cruzeiro vai enfrentar o Libertad-PAR nesta quinta-feira (26), \u00e0s 21h30, hor\u00e1rio de Bras\u00edlia, no jogo de volta das quartas de final da Copa Sul-Americana. Este ser\u00e1 o primeiro desafio da equipe mineira ap\u00f3s a sa\u00edda de Fernando Seabra e a chegada de Fernando Diniz como novo t\u00e9cnico.<\/p>\n\n\n\n<ul class=\"wp-block-list\">\n<li><a href=\"https:\/\/www.gaveanews.com\/index.php\/2024\/09\/25\/a-declaracao-de-fernando-diniz-sobre-a-utilizacao-da-base-do-cruzeiro\/\">A declara\u00e7\u00e3o de Fernando Diniz sobre a utiliza\u00e7\u00e3o da base do Cruzeiro<\/a><\/li>\n\n\n\n<li><a href=\"https:\/\/www.gaveanews.com\/index.php\/2024\/09\/25\/a-declaracao-de-gabriel-veron-sobre-o-questionamento-da-torcida-do-cruzeiro\/\">A declara\u00e7\u00e3o de Gabriel Veron sobre o questionamento da torcida do Cruzeiro<br><\/a><\/li>\n<\/ul>\n\n\n\n<p>Vale destacar que o Cabuloso garantiu uma boa vantagem no primeiro jogo ao vencer por 2 a 0 no est\u00e1dio Defensores del Chaco, em Assun\u00e7\u00e3o. Com esse resultado, o time estrelado pode se classificar com um empate ou at\u00e9 mesmo perdendo por um gol. Por outro lado, o Repollero precisa ganhar por tr\u00eas gols para garantir sua classifica\u00e7\u00e3o direta.<\/p>\n\n\n\n<p>De acordo com dados do portal oGol, que \u00e9 especializado em estat\u00edsticas e hist\u00f3rico de confrontos do futebol, este ser\u00e1 o segundo encontro oficial entre as duas equipes em competi\u00e7\u00f5es sul-americanas. No \u00faltimo confronto, realizado no dia 19 de setembro, o Cruzeiro tamb\u00e9m saiu vitorioso sobre o Libertad pelo placar de 2 a 0 nas quartas de final da Sul-Americana.<\/p>\n\n\n\n<h2 class=\"wp-block-heading\" id=\"h-onde-assistir-cruzeiro-x-libertad\">Onde assistir Cruzeiro x Libertad?<\/h2>\n\n\n\n<p>O duelo desta quinta-feira (26\/09) entre Cruzeiro e Libertad, v\u00e1lido pela volta das quartas de final da Copa Sul-Americana 2024, ter\u00e1 transmiss\u00e3o pelo Paramount+, servi\u00e7o de streaming.<\/p>\n\n\n\n<p>Sendo uma partida importante, o vidente Luiz Filho do Canal Renascer das Cartas no Youtube abriu as cartas e comentou sobre o duelo, os donos da casa vai ter postura diferente por ter a vantagem no placar, j\u00e1 o time visitante precisa correr atr\u00e1s mas algumas quest\u00f5es dentro de campo o jogo n\u00e3o vai fluir, para o tar\u00f3logo o time que vai se classificar \u00e9 o Cruzeiro. <\/p>\n\n\n\n<iframe loading=\"lazy\" width=\"560\" height=\"315\" src=\"https:\/\/www.youtube.com\/embed\/4mV4wz3qAD0?si=BnOX5VwuceahGx26\" title=\"YouTube video player\" frameborder=\"0\" allow=\"accelerometer; autoplay; clipboard-write; encrypted-media; gyroscope; picture-in-picture; web-share\" referrerpolicy=\"strict-origin-when-cross-origin\" allowfullscreen><\/iframe>\n\n\n\n<h2 class=\"wp-block-heading\" id=\"h-provaveis-escalacoes\">Prov\u00e1veis escala\u00e7\u00f5es:<\/h2>\n\n\n\n<p>Fernando Seabra foi demitido ap\u00f3s n\u00e3o conseguir resistir ao empate sem gols contra o Cuiab\u00e1, que estava na pen\u00faltima posi\u00e7\u00e3o do Campeonato Brasileiro. Mas o Cabuloso reagiu rapidamente e declarou que Fernando Diniz seria o novo t\u00e9cnico do time. Ele est\u00e1 a caminho do gramado para liderar a Raposa, mas seus quatro jogadores Vitinho, Japa, Rafa Silva e Juan Dinenno est\u00e3o fora do jogo porque est\u00e3o no departamento m\u00e9dico. Walace, que est\u00e1 se recuperando de uma amigdalite, n\u00e3o est\u00e1.<\/p>\n\n\n\n<p>Prov\u00e1vel escala\u00e7\u00e3o do Cruzeiro: <strong>C\u00e1ssio; William, Z\u00e9 Ivaldo, Jo\u00e3o Marcelo e Marlon; Lucas Romero, Matheus Henrique, Barreal e Matheus Pereira; Lautaro D\u00edaz e Kaio Jorge.<\/strong><\/p>\n\n\n\n<p>O Libertad poupou o time no Campeonato Paraguaio para tirar a diferen\u00e7a do placar. Lorenzo Melgarejo, Antonio Bareiro, Lucas Sanabria e Luis Cardozo n\u00e3o estar\u00e3o dispon\u00edveis para Daniel Garnero. Todos eles sofrem danos.<\/p>\n\n\n\n<p>Prov\u00e1vel escala\u00e7\u00e3o do Libertad : <strong>Mart\u00edn Silva; Iv\u00e1n Ram\u00edrez, Diego Viera, N\u00e9stor Gim\u00e9nez e Mat\u00edas Espinoza; Campuzano, Caballero e Iv\u00e1n Franco; Lezcano, Aguilar e \u00d3scar Cardozo.<\/strong><\/p>\n","protected":false},"excerpt":{"rendered":"<p>Quem ser\u00e1 que se classifica? Com a expectativa de um Mineir\u00e3o repleto, o Cruzeiro vai enfrentar o Libertad-PAR nesta quinta-feira (26), \u00e0s 21h30, hor\u00e1rio de Bras\u00edlia, no jogo de volta das quartas de final da Copa Sul-Americana. Este ser\u00e1 o primeiro desafio da equipe mineira ap\u00f3s a sa\u00edda de Fernando Seabra e a chegada de [&hellip;]<\/p>\n","protected":false},"author":16,"featured_media":153495,"comment_status":"open","ping_status":"closed","sticky":false,"template":"","format":"standard","meta":{"footnotes":""},"categories":[143,40],"tags":[],"class_list":["post-169321","post","type-post","status-publish","format-standard","has-post-thumbnail","hentry","category-cruzeiro","category-video"],"yoast_head":"<!-- This site is optimized with the Yoast SEO Premium plugin v24.2 (Yoast SEO v26.9) - https:\/\/yoast.com\/product\/yoast-seo-premium-wordpress\/ -->\n<title>Cruzeiro x Libertad: vidente crava classificado<\/title>\n<meta name=\"description\" content=\"Cruzeiro x Libertad: vidente crava classificado\" \/>\n<meta name=\"robots\" content=\"index, follow, max-snippet:-1, max-image-preview:large, max-video-preview:-1\" \/>\n<link rel=\"canonical\" href=\"https:\/\/www.gaveanews.com\/index.php\/2024\/09\/26\/cruzeiro-x-libertad-vidente-crava-classificado\/\" \/>\n<meta property=\"og:locale\" content=\"pt_BR\" \/>\n<meta property=\"og:type\" content=\"article\" \/>\n<meta property=\"og:title\" content=\"Cruzeiro x Libertad: vidente crava classificado\" \/>\n<meta property=\"og:description\" content=\"Cruzeiro x Libertad: vidente crava classificado\" \/>\n<meta property=\"og:url\" content=\"https:\/\/www.gaveanews.com\/index.php\/2024\/09\/26\/cruzeiro-x-libertad-vidente-crava-classificado\/\" \/>\n<meta property=\"og:site_name\" content=\"G\u00e1vea News\" \/>\n<meta property=\"article:publisher\" content=\"https:\/\/facebook.com\/gaveaNews\/\" \/>\n<meta property=\"article:published_time\" content=\"2024-09-26T17:00:00+00:00\" \/>\n<meta property=\"og:image\" content=\"https:\/\/www.gaveanews.com\/wp-content\/uploads\/Lucas-Silva-durante-o-jogo-entre-Cruzeiro-x-Botafogo-pelo-Brasileirao-2024.webp\" \/>\n\t<meta property=\"og:image:width\" content=\"800\" \/>\n\t<meta property=\"og:image:height\" content=\"533\" \/>\n\t<meta property=\"og:image:type\" content=\"image\/jpeg\" \/>\n<meta name=\"author\" content=\"D\u00e9bora Figueiredo\" \/>\n<meta name=\"twitter:card\" content=\"summary_large_image\" \/>\n<meta name=\"twitter:label1\" content=\"Escrito por\" \/>\n\t<meta name=\"twitter:data1\" content=\"D\u00e9bora Figueiredo\" \/>\n\t<meta name=\"twitter:label2\" content=\"Est. tempo de leitura\" \/>\n\t<meta name=\"twitter:data2\" content=\"3 minutos\" \/>\n<script type=\"application\/ld+json\" class=\"yoast-schema-graph\">{\"@context\":\"https:\/\/schema.org\",\"@graph\":[{\"@type\":\"NewsArticle\",\"@id\":\"https:\/\/www.gaveanews.com\/index.php\/2024\/09\/26\/cruzeiro-x-libertad-vidente-crava-classificado\/#article\",\"isPartOf\":{\"@id\":\"https:\/\/www.gaveanews.com\/index.php\/2024\/09\/26\/cruzeiro-x-libertad-vidente-crava-classificado\/\"},\"author\":{\"name\":\"D\u00e9bora Figueiredo\",\"@id\":\"https:\/\/www.gaveanews.com\/#\/schema\/person\/37122681a8575a5c8db05a56f099a5e4\"},\"headline\":\"Cruzeiro x Libertad: vidente crava classificado\",\"datePublished\":\"2024-09-26T17:00:00+00:00\",\"mainEntityOfPage\":{\"@id\":\"https:\/\/www.gaveanews.com\/index.php\/2024\/09\/26\/cruzeiro-x-libertad-vidente-crava-classificado\/\"},\"wordCount\":515,\"commentCount\":0,\"image\":{\"@id\":\"https:\/\/www.gaveanews.com\/index.php\/2024\/09\/26\/cruzeiro-x-libertad-vidente-crava-classificado\/#primaryimage\"},\"thumbnailUrl\":\"https:\/\/www.gaveanews.com\/wp-content\/uploads\/Lucas-Silva-durante-o-jogo-entre-Cruzeiro-x-Botafogo-pelo-Brasileirao-2024.webp\",\"articleSection\":[\"Cruzeiro\",\"V\u00eddeos\"],\"inLanguage\":\"pt-BR\",\"potentialAction\":[{\"@type\":\"CommentAction\",\"name\":\"Comment\",\"target\":[\"https:\/\/www.gaveanews.com\/index.php\/2024\/09\/26\/cruzeiro-x-libertad-vidente-crava-classificado\/#respond\"]}],\"copyrightYear\":\"2024\",\"copyrightHolder\":{\"@id\":\"https:\/\/www.gaveanews.com\/#organization\"}},{\"@type\":\"WebPage\",\"@id\":\"https:\/\/www.gaveanews.com\/index.php\/2024\/09\/26\/cruzeiro-x-libertad-vidente-crava-classificado\/\",\"url\":\"https:\/\/www.gaveanews.com\/index.php\/2024\/09\/26\/cruzeiro-x-libertad-vidente-crava-classificado\/\",\"name\":\"Cruzeiro x Libertad: vidente crava classificado\",\"isPartOf\":{\"@id\":\"https:\/\/www.gaveanews.com\/#website\"},\"primaryImageOfPage\":{\"@id\":\"https:\/\/www.gaveanews.com\/index.php\/2024\/09\/26\/cruzeiro-x-libertad-vidente-crava-classificado\/#primaryimage\"},\"image\":{\"@id\":\"https:\/\/www.gaveanews.com\/index.php\/2024\/09\/26\/cruzeiro-x-libertad-vidente-crava-classificado\/#primaryimage\"},\"thumbnailUrl\":\"https:\/\/www.gaveanews.com\/wp-content\/uploads\/Lucas-Silva-durante-o-jogo-entre-Cruzeiro-x-Botafogo-pelo-Brasileirao-2024.webp\",\"datePublished\":\"2024-09-26T17:00:00+00:00\",\"author\":{\"@id\":\"https:\/\/www.gaveanews.com\/#\/schema\/person\/37122681a8575a5c8db05a56f099a5e4\"},\"description\":\"Cruzeiro x Libertad: vidente crava classificado\",\"breadcrumb\":{\"@id\":\"https:\/\/www.gaveanews.com\/index.php\/2024\/09\/26\/cruzeiro-x-libertad-vidente-crava-classificado\/#breadcrumb\"},\"inLanguage\":\"pt-BR\",\"potentialAction\":[{\"@type\":\"ReadAction\",\"target\":[\"https:\/\/www.gaveanews.com\/index.php\/2024\/09\/26\/cruzeiro-x-libertad-vidente-crava-classificado\/\"]}]},{\"@type\":\"ImageObject\",\"inLanguage\":\"pt-BR\",\"@id\":\"https:\/\/www.gaveanews.com\/index.php\/2024\/09\/26\/cruzeiro-x-libertad-vidente-crava-classificado\/#primaryimage\",\"url\":\"https:\/\/www.gaveanews.com\/wp-content\/uploads\/Lucas-Silva-durante-o-jogo-entre-Cruzeiro-x-Botafogo-pelo-Brasileirao-2024.webp\",\"contentUrl\":\"https:\/\/www.gaveanews.com\/wp-content\/uploads\/Lucas-Silva-durante-o-jogo-entre-Cruzeiro-x-Botafogo-pelo-Brasileirao-2024.webp\",\"width\":800,\"height\":533,\"caption\":\"Lucas Silva durante o jogo entre Cruzeiro x Botafogo pelo Brasileir\u00e3o 2024 (Foto: Satff Images\/Cruzeiro)\"},{\"@type\":\"BreadcrumbList\",\"@id\":\"https:\/\/www.gaveanews.com\/index.php\/2024\/09\/26\/cruzeiro-x-libertad-vidente-crava-classificado\/#breadcrumb\",\"itemListElement\":[{\"@type\":\"ListItem\",\"position\":1,\"name\":\"Home\",\"item\":\"https:\/\/www.gaveanews.com\/\"},{\"@type\":\"ListItem\",\"position\":2,\"name\":\"Cruzeiro x Libertad: vidente crava classificado\"}]},{\"@type\":\"WebSite\",\"@id\":\"https:\/\/www.gaveanews.com\/#website\",\"url\":\"https:\/\/www.gaveanews.com\/\",\"name\":\"G\u00e1vea News\",\"description\":\"Veja todas as not\u00edcias sobre o Flamengo: Contrata\u00e7\u00f5es, categorias de base, resultados das partidas, tabela de classifica\u00e7\u00e3o, pr\u00f3ximos jogos!\",\"potentialAction\":[{\"@type\":\"SearchAction\",\"target\":{\"@type\":\"EntryPoint\",\"urlTemplate\":\"https:\/\/www.gaveanews.com\/?s={search_term_string}\"},\"query-input\":{\"@type\":\"PropertyValueSpecification\",\"valueRequired\":true,\"valueName\":\"search_term_string\"}}],\"inLanguage\":\"pt-BR\"},{\"@type\":\"Person\",\"@id\":\"https:\/\/www.gaveanews.com\/#\/schema\/person\/37122681a8575a5c8db05a56f099a5e4\",\"name\":\"D\u00e9bora Figueiredo\",\"image\":{\"@type\":\"ImageObject\",\"inLanguage\":\"pt-BR\",\"@id\":\"https:\/\/www.gaveanews.com\/#\/schema\/person\/image\/\",\"url\":\"https:\/\/secure.gravatar.com\/avatar\/1f44802859351588499d26f52aed1d15796ce17e67602895b72837c08018868d?s=96&d=mm&r=g\",\"contentUrl\":\"https:\/\/secure.gravatar.com\/avatar\/1f44802859351588499d26f52aed1d15796ce17e67602895b72837c08018868d?s=96&d=mm&r=g\",\"caption\":\"D\u00e9bora Figueiredo\"}}]}<\/script>\n<!-- \/ Yoast SEO Premium plugin. -->","yoast_head_json":{"title":"Cruzeiro x Libertad: vidente crava classificado","description":"Cruzeiro x Libertad: vidente crava classificado","robots":{"index":"index","follow":"follow","max-snippet":"max-snippet:-1","max-image-preview":"max-image-preview:large","max-video-preview":"max-video-preview:-1"},"canonical":"https:\/\/www.gaveanews.com\/index.php\/2024\/09\/26\/cruzeiro-x-libertad-vidente-crava-classificado\/","og_locale":"pt_BR","og_type":"article","og_title":"Cruzeiro x Libertad: vidente crava classificado","og_description":"Cruzeiro x Libertad: vidente crava classificado","og_url":"https:\/\/www.gaveanews.com\/index.php\/2024\/09\/26\/cruzeiro-x-libertad-vidente-crava-classificado\/","og_site_name":"G\u00e1vea News","article_publisher":"https:\/\/facebook.com\/gaveaNews\/","article_published_time":"2024-09-26T17:00:00+00:00","og_image":[{"width":800,"height":533,"url":"https:\/\/www.gaveanews.com\/wp-content\/uploads\/Lucas-Silva-durante-o-jogo-entre-Cruzeiro-x-Botafogo-pelo-Brasileirao-2024.webp","type":"image\/jpeg"}],"author":"D\u00e9bora Figueiredo","twitter_card":"summary_large_image","twitter_misc":{"Escrito por":"D\u00e9bora Figueiredo","Est. tempo de leitura":"3 minutos"},"schema":{"@context":"https:\/\/schema.org","@graph":[{"@type":"NewsArticle","@id":"https:\/\/www.gaveanews.com\/index.php\/2024\/09\/26\/cruzeiro-x-libertad-vidente-crava-classificado\/#article","isPartOf":{"@id":"https:\/\/www.gaveanews.com\/index.php\/2024\/09\/26\/cruzeiro-x-libertad-vidente-crava-classificado\/"},"author":{"name":"D\u00e9bora Figueiredo","@id":"https:\/\/www.gaveanews.com\/#\/schema\/person\/37122681a8575a5c8db05a56f099a5e4"},"headline":"Cruzeiro x Libertad: vidente crava classificado","datePublished":"2024-09-26T17:00:00+00:00","mainEntityOfPage":{"@id":"https:\/\/www.gaveanews.com\/index.php\/2024\/09\/26\/cruzeiro-x-libertad-vidente-crava-classificado\/"},"wordCount":515,"commentCount":0,"image":{"@id":"https:\/\/www.gaveanews.com\/index.php\/2024\/09\/26\/cruzeiro-x-libertad-vidente-crava-classificado\/#primaryimage"},"thumbnailUrl":"https:\/\/www.gaveanews.com\/wp-content\/uploads\/Lucas-Silva-durante-o-jogo-entre-Cruzeiro-x-Botafogo-pelo-Brasileirao-2024.webp","articleSection":["Cruzeiro","V\u00eddeos"],"inLanguage":"pt-BR","potentialAction":[{"@type":"CommentAction","name":"Comment","target":["https:\/\/www.gaveanews.com\/index.php\/2024\/09\/26\/cruzeiro-x-libertad-vidente-crava-classificado\/#respond"]}],"copyrightYear":"2024","copyrightHolder":{"@id":"https:\/\/www.gaveanews.com\/#organization"}},{"@type":"WebPage","@id":"https:\/\/www.gaveanews.com\/index.php\/2024\/09\/26\/cruzeiro-x-libertad-vidente-crava-classificado\/","url":"https:\/\/www.gaveanews.com\/index.php\/2024\/09\/26\/cruzeiro-x-libertad-vidente-crava-classificado\/","name":"Cruzeiro x Libertad: vidente crava classificado","isPartOf":{"@id":"https:\/\/www.gaveanews.com\/#website"},"primaryImageOfPage":{"@id":"https:\/\/www.gaveanews.com\/index.php\/2024\/09\/26\/cruzeiro-x-libertad-vidente-crava-classificado\/#primaryimage"},"image":{"@id":"https:\/\/www.gaveanews.com\/index.php\/2024\/09\/26\/cruzeiro-x-libertad-vidente-crava-classificado\/#primaryimage"},"thumbnailUrl":"https:\/\/www.gaveanews.com\/wp-content\/uploads\/Lucas-Silva-durante-o-jogo-entre-Cruzeiro-x-Botafogo-pelo-Brasileirao-2024.webp","datePublished":"2024-09-26T17:00:00+00:00","author":{"@id":"https:\/\/www.gaveanews.com\/#\/schema\/person\/37122681a8575a5c8db05a56f099a5e4"},"description":"Cruzeiro x Libertad: vidente crava classificado","breadcrumb":{"@id":"https:\/\/www.gaveanews.com\/index.php\/2024\/09\/26\/cruzeiro-x-libertad-vidente-crava-classificado\/#breadcrumb"},"inLanguage":"pt-BR","potentialAction":[{"@type":"ReadAction","target":["https:\/\/www.gaveanews.com\/index.php\/2024\/09\/26\/cruzeiro-x-libertad-vidente-crava-classificado\/"]}]},{"@type":"ImageObject","inLanguage":"pt-BR","@id":"https:\/\/www.gaveanews.com\/index.php\/2024\/09\/26\/cruzeiro-x-libertad-vidente-crava-classificado\/#primaryimage","url":"https:\/\/www.gaveanews.com\/wp-content\/uploads\/Lucas-Silva-durante-o-jogo-entre-Cruzeiro-x-Botafogo-pelo-Brasileirao-2024.webp","contentUrl":"https:\/\/www.gaveanews.com\/wp-content\/uploads\/Lucas-Silva-durante-o-jogo-entre-Cruzeiro-x-Botafogo-pelo-Brasileirao-2024.webp","width":800,"height":533,"caption":"Lucas Silva durante o jogo entre Cruzeiro x Botafogo pelo Brasileir\u00e3o 2024 (Foto: Satff Images\/Cruzeiro)"},{"@type":"BreadcrumbList","@id":"https:\/\/www.gaveanews.com\/index.php\/2024\/09\/26\/cruzeiro-x-libertad-vidente-crava-classificado\/#breadcrumb","itemListElement":[{"@type":"ListItem","position":1,"name":"Home","item":"https:\/\/www.gaveanews.com\/"},{"@type":"ListItem","position":2,"name":"Cruzeiro x Libertad: vidente crava classificado"}]},{"@type":"WebSite","@id":"https:\/\/www.gaveanews.com\/#website","url":"https:\/\/www.gaveanews.com\/","name":"G\u00e1vea News","description":"Veja todas as not\u00edcias sobre o Flamengo: Contrata\u00e7\u00f5es, categorias de base, resultados das partidas, tabela de classifica\u00e7\u00e3o, pr\u00f3ximos jogos!","potentialAction":[{"@type":"SearchAction","target":{"@type":"EntryPoint","urlTemplate":"https:\/\/www.gaveanews.com\/?s={search_term_string}"},"query-input":{"@type":"PropertyValueSpecification","valueRequired":true,"valueName":"search_term_string"}}],"inLanguage":"pt-BR"},{"@type":"Person","@id":"https:\/\/www.gaveanews.com\/#\/schema\/person\/37122681a8575a5c8db05a56f099a5e4","name":"D\u00e9bora Figueiredo","image":{"@type":"ImageObject","inLanguage":"pt-BR","@id":"https:\/\/www.gaveanews.com\/#\/schema\/person\/image\/","url":"https:\/\/secure.gravatar.com\/avatar\/1f44802859351588499d26f52aed1d15796ce17e67602895b72837c08018868d?s=96&d=mm&r=g","contentUrl":"https:\/\/secure.gravatar.com\/avatar\/1f44802859351588499d26f52aed1d15796ce17e67602895b72837c08018868d?s=96&d=mm&r=g","caption":"D\u00e9bora Figueiredo"}}]}},"_links":{"self":[{"href":"https:\/\/www.gaveanews.com\/index.php\/wp-json\/wp\/v2\/posts\/169321","targetHints":{"allow":["GET"]}}],"collection":[{"href":"https:\/\/www.gaveanews.com\/index.php\/wp-json\/wp\/v2\/posts"}],"about":[{"href":"https:\/\/www.gaveanews.com\/index.php\/wp-json\/wp\/v2\/types\/post"}],"author":[{"embeddable":true,"href":"https:\/\/www.gaveanews.com\/index.php\/wp-json\/wp\/v2\/users\/16"}],"replies":[{"embeddable":true,"href":"https:\/\/www.gaveanews.com\/index.php\/wp-json\/wp\/v2\/comments?post=169321"}],"version-history":[{"count":2,"href":"https:\/\/www.gaveanews.com\/index.php\/wp-json\/wp\/v2\/posts\/169321\/revisions"}],"predecessor-version":[{"id":169337,"href":"https:\/\/www.gaveanews.com\/index.php\/wp-json\/wp\/v2\/posts\/169321\/revisions\/169337"}],"wp:featuredmedia":[{"embeddable":true,"href":"https:\/\/www.gaveanews.com\/index.php\/wp-json\/wp\/v2\/media\/153495"}],"wp:attachment":[{"href":"https:\/\/www.gaveanews.com\/index.php\/wp-json\/wp\/v2\/media?parent=169321"}],"wp:term":[{"taxonomy":"category","embeddable":true,"href":"https:\/\/www.gaveanews.com\/index.php\/wp-json\/wp\/v2\/categories?post=169321"},{"taxonomy":"post_tag","embeddable":true,"href":"https:\/\/www.gaveanews.com\/index.php\/wp-json\/wp\/v2\/tags?post=169321"}],"curies":[{"name":"wp","href":"https:\/\/api.w.org\/{rel}","templated":true}]}}