{"id":169326,"date":"2024-09-26T13:30:00","date_gmt":"2024-09-26T16:30:00","guid":{"rendered":"https:\/\/www.gaveanews.com\/?p=169326"},"modified":"2024-09-26T11:59:13","modified_gmt":"2024-09-26T14:59:13","slug":"a-declaracao-de-thiago-silva-apos-a-eliminacao-do-fluminense","status":"publish","type":"post","link":"https:\/\/www.gaveanews.com\/index.php\/2024\/09\/26\/a-declaracao-de-thiago-silva-apos-a-eliminacao-do-fluminense\/","title":{"rendered":"A declara\u00e7\u00e3o de Thiago Silva ap\u00f3s a elimina\u00e7\u00e3o do Fluminense"},"content":{"rendered":"\n<p>A elimina\u00e7\u00e3o do Fluminense da Libertadores, ap\u00f3s derrota por 2 a 1 para o Atl\u00e9tico-MG na Arena MRV, trouxe \u00e0 tona questionamentos sobre o desempenho da equipe tricolor. Com uma atua\u00e7\u00e3o abaixo do esperado, os pr\u00f3prios jogadores admitiram que a classifica\u00e7\u00e3o ficou nas m\u00e3os do time que mais fez por merec\u00ea-la.&nbsp;<\/p>\n\n\n\n<ul class=\"wp-block-list\">\n<li><a href=\"https:\/\/www.gaveanews.com\/index.php\/2024\/09\/25\/john-textor-provoca-o-fluminense\/\">John Textor provoca o Fluminense<\/a><\/li>\n\n\n\n<li><a href=\"https:\/\/www.gaveanews.com\/index.php\/2024\/09\/23\/textor-faz-publicacao-direcionada-a-marcelo-do-fluminense\/\">Textor faz publica\u00e7\u00e3o direcionada a Marcelo, do Fluminense<\/a><\/li>\n<\/ul>\n\n\n\n<h2 class=\"wp-block-heading\" id=\"h-thiago-silva-admite-falhas-cruciais-na-defesa\">Thiago Silva admite falhas cruciais na defesa<\/h2>\n\n\n\n<p>Um dos l\u00edderes do elenco, o zagueiro Thiago Silva, foi direto ao admitir que o Fluminense n\u00e3o jogou bem. &#8220;Acredito que passou a equipe que melhor prop\u00f4s o jogo, a gente n\u00e3o conseguiu&#8221;, confessou o defensor.&nbsp;<\/p>\n\n\n\n<p>Vale destacar que o segundo gol do Atl\u00e9tico-MG, marcado por Deyverson, foi descrito por Thiago como evit\u00e1vel: &#8220;A bola pega na minha cabe\u00e7a e ia na m\u00e3o do F\u00e1bio, mas n\u00e3o vi de onde ele veio\u201d, revelou o zagueiro.<\/p>\n\n\n\n<p>Al\u00e9m disso, Thiago lamentou o fato de a equipe n\u00e3o ter conseguido impor seu ritmo, reconhecendo que o advers\u00e1rio teve uma atua\u00e7\u00e3o superior. Sendo assim, a elimina\u00e7\u00e3o se torna um reflexo direto do que aconteceu em campo, onde o Atl\u00e9tico-MG aproveitou melhor suas oportunidades.<\/p>\n\n\n\n<h2 class=\"wp-block-heading\" id=\"h-marcelo-reconhece-a-superioridade-do-atletico-mg\">Marcelo reconhece a superioridade do Atl\u00e9tico-MG<\/h2>\n\n\n\n<p>Outro jogador que falou ap\u00f3s o apito final foi o lateral-esquerdo Marcelo. Ele entrou no segundo tempo e, embora n\u00e3o tenha tido tanto tempo para mudar o rumo da partida, tamb\u00e9m reconheceu a superioridade do advers\u00e1rio. &#8220;Eles foram merecedores, fizeram mais do que a gente&#8221;, declarou Marcelo.<\/p>\n\n\n\n<p>Por isso, o lateral frisou a import\u00e2ncia de tirar li\u00e7\u00f5es dessa elimina\u00e7\u00e3o para a reta final do Brasileir\u00e3o. Com isso, o Fluminense volta todas as suas aten\u00e7\u00f5es para o campeonato nacional, onde a situa\u00e7\u00e3o tamb\u00e9m \u00e9 delicada.<\/p>\n\n\n\n<h2 class=\"wp-block-heading\" id=\"h-reta-final-do-brasileirao-e-a-luta-contra-o-rebaixamento\">Reta final do Brasileir\u00e3o e a luta contra o rebaixamento<\/h2>\n\n\n\n<p>O Fluminense, agora, encara o Campeonato Brasileiro como \u00fanica competi\u00e7\u00e3o restante na temporada. Cabe ressaltar que o time se encontra na 18\u00aa coloca\u00e7\u00e3o, com 27 pontos em 26 jogos, e precisa reagir rapidamente para sair da zona de rebaixamento. O tricolor enfrenta agora o Atl\u00e9tico-GO, neste domingo (29), em Goi\u00e2nia, pela 28\u00aa rodada do torneio nacional.<\/p>\n\n\n\n<p>Dessa maneira, o Fluminense tem a miss\u00e3o de focar na recupera\u00e7\u00e3o no Brasileir\u00e3o para evitar um desfecho ainda mais dram\u00e1tico na temporada.<\/p>\n","protected":false},"excerpt":{"rendered":"<p>A elimina\u00e7\u00e3o do Fluminense da Libertadores, ap\u00f3s derrota por 2 a 1 para o Atl\u00e9tico-MG na Arena MRV, trouxe \u00e0 tona questionamentos sobre o desempenho da equipe tricolor. Com uma atua\u00e7\u00e3o abaixo do esperado, os pr\u00f3prios jogadores admitiram que a classifica\u00e7\u00e3o ficou nas m\u00e3os do time que mais fez por merec\u00ea-la.&nbsp; Thiago Silva admite falhas [&hellip;]<\/p>\n","protected":false},"author":24,"featured_media":154491,"comment_status":"open","ping_status":"closed","sticky":false,"template":"","format":"standard","meta":{"footnotes":""},"categories":[145],"tags":[],"class_list":["post-169326","post","type-post","status-publish","format-standard","has-post-thumbnail","hentry","category-fluminense"],"yoast_head":"<!-- This site is optimized with the Yoast SEO Premium plugin v24.2 (Yoast SEO v26.9) - https:\/\/yoast.com\/product\/yoast-seo-premium-wordpress\/ -->\n<title>A declara\u00e7\u00e3o de Thiago Silva ap\u00f3s a elimina\u00e7\u00e3o do Fluminense<\/title>\n<meta name=\"robots\" content=\"index, follow, max-snippet:-1, max-image-preview:large, max-video-preview:-1\" \/>\n<link rel=\"canonical\" href=\"https:\/\/www.gaveanews.com\/index.php\/2024\/09\/26\/a-declaracao-de-thiago-silva-apos-a-eliminacao-do-fluminense\/\" \/>\n<meta property=\"og:locale\" content=\"pt_BR\" \/>\n<meta property=\"og:type\" content=\"article\" \/>\n<meta property=\"og:title\" content=\"A declara\u00e7\u00e3o de Thiago Silva ap\u00f3s a elimina\u00e7\u00e3o do Fluminense\" \/>\n<meta property=\"og:description\" content=\"A elimina\u00e7\u00e3o do Fluminense da Libertadores, ap\u00f3s derrota por 2 a 1 para o Atl\u00e9tico-MG na Arena MRV, trouxe \u00e0 tona questionamentos sobre o desempenho da equipe tricolor. Com uma atua\u00e7\u00e3o abaixo do esperado, os pr\u00f3prios jogadores admitiram que a classifica\u00e7\u00e3o ficou nas m\u00e3os do time que mais fez por merec\u00ea-la.&nbsp; Thiago Silva admite falhas [&hellip;]\" \/>\n<meta property=\"og:url\" content=\"https:\/\/www.gaveanews.com\/index.php\/2024\/09\/26\/a-declaracao-de-thiago-silva-apos-a-eliminacao-do-fluminense\/\" \/>\n<meta property=\"og:site_name\" content=\"G\u00e1vea News\" \/>\n<meta property=\"article:publisher\" content=\"https:\/\/facebook.com\/gaveaNews\/\" \/>\n<meta property=\"article:published_time\" content=\"2024-09-26T16:30:00+00:00\" \/>\n<meta property=\"og:image\" content=\"https:\/\/www.gaveanews.com\/wp-content\/uploads\/Thiago-Silva-durante-o-jogo-entre-Fluminense-x-Palmeiras-pelo-Brasileirao-2024-no-Maracana.webp\" \/>\n\t<meta property=\"og:image:width\" content=\"1280\" \/>\n\t<meta property=\"og:image:height\" content=\"1600\" \/>\n\t<meta property=\"og:image:type\" content=\"image\/jpeg\" \/>\n<meta name=\"author\" content=\"Leandro Cardoso\" \/>\n<meta name=\"twitter:card\" content=\"summary_large_image\" \/>\n<meta name=\"twitter:label1\" content=\"Escrito por\" \/>\n\t<meta name=\"twitter:data1\" content=\"Leandro Cardoso\" \/>\n\t<meta name=\"twitter:label2\" content=\"Est. tempo de leitura\" \/>\n\t<meta name=\"twitter:data2\" content=\"3 minutos\" \/>\n<script type=\"application\/ld+json\" class=\"yoast-schema-graph\">{\"@context\":\"https:\/\/schema.org\",\"@graph\":[{\"@type\":\"NewsArticle\",\"@id\":\"https:\/\/www.gaveanews.com\/index.php\/2024\/09\/26\/a-declaracao-de-thiago-silva-apos-a-eliminacao-do-fluminense\/#article\",\"isPartOf\":{\"@id\":\"https:\/\/www.gaveanews.com\/index.php\/2024\/09\/26\/a-declaracao-de-thiago-silva-apos-a-eliminacao-do-fluminense\/\"},\"author\":{\"name\":\"Leandro Cardoso\",\"@id\":\"https:\/\/www.gaveanews.com\/#\/schema\/person\/2424ec6409bc3f068411fc5e4e9b6168\"},\"headline\":\"A declara\u00e7\u00e3o de Thiago Silva ap\u00f3s a elimina\u00e7\u00e3o do Fluminense\",\"datePublished\":\"2024-09-26T16:30:00+00:00\",\"mainEntityOfPage\":{\"@id\":\"https:\/\/www.gaveanews.com\/index.php\/2024\/09\/26\/a-declaracao-de-thiago-silva-apos-a-eliminacao-do-fluminense\/\"},\"wordCount\":420,\"commentCount\":0,\"image\":{\"@id\":\"https:\/\/www.gaveanews.com\/index.php\/2024\/09\/26\/a-declaracao-de-thiago-silva-apos-a-eliminacao-do-fluminense\/#primaryimage\"},\"thumbnailUrl\":\"https:\/\/www.gaveanews.com\/wp-content\/uploads\/Thiago-Silva-durante-o-jogo-entre-Fluminense-x-Palmeiras-pelo-Brasileirao-2024-no-Maracana.webp\",\"articleSection\":[\"Fluminense\"],\"inLanguage\":\"pt-BR\",\"potentialAction\":[{\"@type\":\"CommentAction\",\"name\":\"Comment\",\"target\":[\"https:\/\/www.gaveanews.com\/index.php\/2024\/09\/26\/a-declaracao-de-thiago-silva-apos-a-eliminacao-do-fluminense\/#respond\"]}],\"copyrightYear\":\"2024\",\"copyrightHolder\":{\"@id\":\"https:\/\/www.gaveanews.com\/#organization\"}},{\"@type\":\"WebPage\",\"@id\":\"https:\/\/www.gaveanews.com\/index.php\/2024\/09\/26\/a-declaracao-de-thiago-silva-apos-a-eliminacao-do-fluminense\/\",\"url\":\"https:\/\/www.gaveanews.com\/index.php\/2024\/09\/26\/a-declaracao-de-thiago-silva-apos-a-eliminacao-do-fluminense\/\",\"name\":\"A declara\u00e7\u00e3o de Thiago Silva ap\u00f3s a elimina\u00e7\u00e3o do Fluminense\",\"isPartOf\":{\"@id\":\"https:\/\/www.gaveanews.com\/#website\"},\"primaryImageOfPage\":{\"@id\":\"https:\/\/www.gaveanews.com\/index.php\/2024\/09\/26\/a-declaracao-de-thiago-silva-apos-a-eliminacao-do-fluminense\/#primaryimage\"},\"image\":{\"@id\":\"https:\/\/www.gaveanews.com\/index.php\/2024\/09\/26\/a-declaracao-de-thiago-silva-apos-a-eliminacao-do-fluminense\/#primaryimage\"},\"thumbnailUrl\":\"https:\/\/www.gaveanews.com\/wp-content\/uploads\/Thiago-Silva-durante-o-jogo-entre-Fluminense-x-Palmeiras-pelo-Brasileirao-2024-no-Maracana.webp\",\"datePublished\":\"2024-09-26T16:30:00+00:00\",\"author\":{\"@id\":\"https:\/\/www.gaveanews.com\/#\/schema\/person\/2424ec6409bc3f068411fc5e4e9b6168\"},\"breadcrumb\":{\"@id\":\"https:\/\/www.gaveanews.com\/index.php\/2024\/09\/26\/a-declaracao-de-thiago-silva-apos-a-eliminacao-do-fluminense\/#breadcrumb\"},\"inLanguage\":\"pt-BR\",\"potentialAction\":[{\"@type\":\"ReadAction\",\"target\":[\"https:\/\/www.gaveanews.com\/index.php\/2024\/09\/26\/a-declaracao-de-thiago-silva-apos-a-eliminacao-do-fluminense\/\"]}]},{\"@type\":\"ImageObject\",\"inLanguage\":\"pt-BR\",\"@id\":\"https:\/\/www.gaveanews.com\/index.php\/2024\/09\/26\/a-declaracao-de-thiago-silva-apos-a-eliminacao-do-fluminense\/#primaryimage\",\"url\":\"https:\/\/www.gaveanews.com\/wp-content\/uploads\/Thiago-Silva-durante-o-jogo-entre-Fluminense-x-Palmeiras-pelo-Brasileirao-2024-no-Maracana.webp\",\"contentUrl\":\"https:\/\/www.gaveanews.com\/wp-content\/uploads\/Thiago-Silva-durante-o-jogo-entre-Fluminense-x-Palmeiras-pelo-Brasileirao-2024-no-Maracana.webp\",\"width\":1280,\"height\":1600,\"caption\":\"Thiago Silva durante o jogo entre Fluminense x Palmeiras pelo Brasileir\u00e3o 2024 no Maracan\u00e3 (Foto: Lucas Mer\u00e7on\/Fluminense)\"},{\"@type\":\"BreadcrumbList\",\"@id\":\"https:\/\/www.gaveanews.com\/index.php\/2024\/09\/26\/a-declaracao-de-thiago-silva-apos-a-eliminacao-do-fluminense\/#breadcrumb\",\"itemListElement\":[{\"@type\":\"ListItem\",\"position\":1,\"name\":\"Home\",\"item\":\"https:\/\/www.gaveanews.com\/\"},{\"@type\":\"ListItem\",\"position\":2,\"name\":\"A declara\u00e7\u00e3o de Thiago Silva ap\u00f3s a elimina\u00e7\u00e3o do Fluminense\"}]},{\"@type\":\"WebSite\",\"@id\":\"https:\/\/www.gaveanews.com\/#website\",\"url\":\"https:\/\/www.gaveanews.com\/\",\"name\":\"G\u00e1vea News\",\"description\":\"Veja todas as not\u00edcias sobre o Flamengo: Contrata\u00e7\u00f5es, categorias de base, resultados das partidas, tabela de classifica\u00e7\u00e3o, pr\u00f3ximos jogos!\",\"potentialAction\":[{\"@type\":\"SearchAction\",\"target\":{\"@type\":\"EntryPoint\",\"urlTemplate\":\"https:\/\/www.gaveanews.com\/?s={search_term_string}\"},\"query-input\":{\"@type\":\"PropertyValueSpecification\",\"valueRequired\":true,\"valueName\":\"search_term_string\"}}],\"inLanguage\":\"pt-BR\"},{\"@type\":\"Person\",\"@id\":\"https:\/\/www.gaveanews.com\/#\/schema\/person\/2424ec6409bc3f068411fc5e4e9b6168\",\"name\":\"Leandro Cardoso\",\"image\":{\"@type\":\"ImageObject\",\"inLanguage\":\"pt-BR\",\"@id\":\"https:\/\/www.gaveanews.com\/#\/schema\/person\/image\/\",\"url\":\"https:\/\/secure.gravatar.com\/avatar\/8ca179f9b55eefe9f376f5493ef25475bfa59fbc28ce937f6076ce20e523098f?s=96&d=mm&r=g\",\"contentUrl\":\"https:\/\/secure.gravatar.com\/avatar\/8ca179f9b55eefe9f376f5493ef25475bfa59fbc28ce937f6076ce20e523098f?s=96&d=mm&r=g\",\"caption\":\"Leandro Cardoso\"}}]}<\/script>\n<!-- \/ Yoast SEO Premium plugin. -->","yoast_head_json":{"title":"A declara\u00e7\u00e3o de Thiago Silva ap\u00f3s a elimina\u00e7\u00e3o do Fluminense","robots":{"index":"index","follow":"follow","max-snippet":"max-snippet:-1","max-image-preview":"max-image-preview:large","max-video-preview":"max-video-preview:-1"},"canonical":"https:\/\/www.gaveanews.com\/index.php\/2024\/09\/26\/a-declaracao-de-thiago-silva-apos-a-eliminacao-do-fluminense\/","og_locale":"pt_BR","og_type":"article","og_title":"A declara\u00e7\u00e3o de Thiago Silva ap\u00f3s a elimina\u00e7\u00e3o do Fluminense","og_description":"A elimina\u00e7\u00e3o do Fluminense da Libertadores, ap\u00f3s derrota por 2 a 1 para o Atl\u00e9tico-MG na Arena MRV, trouxe \u00e0 tona questionamentos sobre o desempenho da equipe tricolor. Com uma atua\u00e7\u00e3o abaixo do esperado, os pr\u00f3prios jogadores admitiram que a classifica\u00e7\u00e3o ficou nas m\u00e3os do time que mais fez por merec\u00ea-la.&nbsp; Thiago Silva admite falhas [&hellip;]","og_url":"https:\/\/www.gaveanews.com\/index.php\/2024\/09\/26\/a-declaracao-de-thiago-silva-apos-a-eliminacao-do-fluminense\/","og_site_name":"G\u00e1vea News","article_publisher":"https:\/\/facebook.com\/gaveaNews\/","article_published_time":"2024-09-26T16:30:00+00:00","og_image":[{"width":1280,"height":1600,"url":"https:\/\/www.gaveanews.com\/wp-content\/uploads\/Thiago-Silva-durante-o-jogo-entre-Fluminense-x-Palmeiras-pelo-Brasileirao-2024-no-Maracana.webp","type":"image\/jpeg"}],"author":"Leandro Cardoso","twitter_card":"summary_large_image","twitter_misc":{"Escrito por":"Leandro Cardoso","Est. tempo de leitura":"3 minutos"},"schema":{"@context":"https:\/\/schema.org","@graph":[{"@type":"NewsArticle","@id":"https:\/\/www.gaveanews.com\/index.php\/2024\/09\/26\/a-declaracao-de-thiago-silva-apos-a-eliminacao-do-fluminense\/#article","isPartOf":{"@id":"https:\/\/www.gaveanews.com\/index.php\/2024\/09\/26\/a-declaracao-de-thiago-silva-apos-a-eliminacao-do-fluminense\/"},"author":{"name":"Leandro Cardoso","@id":"https:\/\/www.gaveanews.com\/#\/schema\/person\/2424ec6409bc3f068411fc5e4e9b6168"},"headline":"A declara\u00e7\u00e3o de Thiago Silva ap\u00f3s a elimina\u00e7\u00e3o do Fluminense","datePublished":"2024-09-26T16:30:00+00:00","mainEntityOfPage":{"@id":"https:\/\/www.gaveanews.com\/index.php\/2024\/09\/26\/a-declaracao-de-thiago-silva-apos-a-eliminacao-do-fluminense\/"},"wordCount":420,"commentCount":0,"image":{"@id":"https:\/\/www.gaveanews.com\/index.php\/2024\/09\/26\/a-declaracao-de-thiago-silva-apos-a-eliminacao-do-fluminense\/#primaryimage"},"thumbnailUrl":"https:\/\/www.gaveanews.com\/wp-content\/uploads\/Thiago-Silva-durante-o-jogo-entre-Fluminense-x-Palmeiras-pelo-Brasileirao-2024-no-Maracana.webp","articleSection":["Fluminense"],"inLanguage":"pt-BR","potentialAction":[{"@type":"CommentAction","name":"Comment","target":["https:\/\/www.gaveanews.com\/index.php\/2024\/09\/26\/a-declaracao-de-thiago-silva-apos-a-eliminacao-do-fluminense\/#respond"]}],"copyrightYear":"2024","copyrightHolder":{"@id":"https:\/\/www.gaveanews.com\/#organization"}},{"@type":"WebPage","@id":"https:\/\/www.gaveanews.com\/index.php\/2024\/09\/26\/a-declaracao-de-thiago-silva-apos-a-eliminacao-do-fluminense\/","url":"https:\/\/www.gaveanews.com\/index.php\/2024\/09\/26\/a-declaracao-de-thiago-silva-apos-a-eliminacao-do-fluminense\/","name":"A declara\u00e7\u00e3o de Thiago Silva ap\u00f3s a elimina\u00e7\u00e3o do Fluminense","isPartOf":{"@id":"https:\/\/www.gaveanews.com\/#website"},"primaryImageOfPage":{"@id":"https:\/\/www.gaveanews.com\/index.php\/2024\/09\/26\/a-declaracao-de-thiago-silva-apos-a-eliminacao-do-fluminense\/#primaryimage"},"image":{"@id":"https:\/\/www.gaveanews.com\/index.php\/2024\/09\/26\/a-declaracao-de-thiago-silva-apos-a-eliminacao-do-fluminense\/#primaryimage"},"thumbnailUrl":"https:\/\/www.gaveanews.com\/wp-content\/uploads\/Thiago-Silva-durante-o-jogo-entre-Fluminense-x-Palmeiras-pelo-Brasileirao-2024-no-Maracana.webp","datePublished":"2024-09-26T16:30:00+00:00","author":{"@id":"https:\/\/www.gaveanews.com\/#\/schema\/person\/2424ec6409bc3f068411fc5e4e9b6168"},"breadcrumb":{"@id":"https:\/\/www.gaveanews.com\/index.php\/2024\/09\/26\/a-declaracao-de-thiago-silva-apos-a-eliminacao-do-fluminense\/#breadcrumb"},"inLanguage":"pt-BR","potentialAction":[{"@type":"ReadAction","target":["https:\/\/www.gaveanews.com\/index.php\/2024\/09\/26\/a-declaracao-de-thiago-silva-apos-a-eliminacao-do-fluminense\/"]}]},{"@type":"ImageObject","inLanguage":"pt-BR","@id":"https:\/\/www.gaveanews.com\/index.php\/2024\/09\/26\/a-declaracao-de-thiago-silva-apos-a-eliminacao-do-fluminense\/#primaryimage","url":"https:\/\/www.gaveanews.com\/wp-content\/uploads\/Thiago-Silva-durante-o-jogo-entre-Fluminense-x-Palmeiras-pelo-Brasileirao-2024-no-Maracana.webp","contentUrl":"https:\/\/www.gaveanews.com\/wp-content\/uploads\/Thiago-Silva-durante-o-jogo-entre-Fluminense-x-Palmeiras-pelo-Brasileirao-2024-no-Maracana.webp","width":1280,"height":1600,"caption":"Thiago Silva durante o jogo entre Fluminense x Palmeiras pelo Brasileir\u00e3o 2024 no Maracan\u00e3 (Foto: Lucas Mer\u00e7on\/Fluminense)"},{"@type":"BreadcrumbList","@id":"https:\/\/www.gaveanews.com\/index.php\/2024\/09\/26\/a-declaracao-de-thiago-silva-apos-a-eliminacao-do-fluminense\/#breadcrumb","itemListElement":[{"@type":"ListItem","position":1,"name":"Home","item":"https:\/\/www.gaveanews.com\/"},{"@type":"ListItem","position":2,"name":"A declara\u00e7\u00e3o de Thiago Silva ap\u00f3s a elimina\u00e7\u00e3o do Fluminense"}]},{"@type":"WebSite","@id":"https:\/\/www.gaveanews.com\/#website","url":"https:\/\/www.gaveanews.com\/","name":"G\u00e1vea News","description":"Veja todas as not\u00edcias sobre o Flamengo: Contrata\u00e7\u00f5es, categorias de base, resultados das partidas, tabela de classifica\u00e7\u00e3o, pr\u00f3ximos jogos!","potentialAction":[{"@type":"SearchAction","target":{"@type":"EntryPoint","urlTemplate":"https:\/\/www.gaveanews.com\/?s={search_term_string}"},"query-input":{"@type":"PropertyValueSpecification","valueRequired":true,"valueName":"search_term_string"}}],"inLanguage":"pt-BR"},{"@type":"Person","@id":"https:\/\/www.gaveanews.com\/#\/schema\/person\/2424ec6409bc3f068411fc5e4e9b6168","name":"Leandro Cardoso","image":{"@type":"ImageObject","inLanguage":"pt-BR","@id":"https:\/\/www.gaveanews.com\/#\/schema\/person\/image\/","url":"https:\/\/secure.gravatar.com\/avatar\/8ca179f9b55eefe9f376f5493ef25475bfa59fbc28ce937f6076ce20e523098f?s=96&d=mm&r=g","contentUrl":"https:\/\/secure.gravatar.com\/avatar\/8ca179f9b55eefe9f376f5493ef25475bfa59fbc28ce937f6076ce20e523098f?s=96&d=mm&r=g","caption":"Leandro Cardoso"}}]}},"_links":{"self":[{"href":"https:\/\/www.gaveanews.com\/index.php\/wp-json\/wp\/v2\/posts\/169326","targetHints":{"allow":["GET"]}}],"collection":[{"href":"https:\/\/www.gaveanews.com\/index.php\/wp-json\/wp\/v2\/posts"}],"about":[{"href":"https:\/\/www.gaveanews.com\/index.php\/wp-json\/wp\/v2\/types\/post"}],"author":[{"embeddable":true,"href":"https:\/\/www.gaveanews.com\/index.php\/wp-json\/wp\/v2\/users\/24"}],"replies":[{"embeddable":true,"href":"https:\/\/www.gaveanews.com\/index.php\/wp-json\/wp\/v2\/comments?post=169326"}],"version-history":[{"count":2,"href":"https:\/\/www.gaveanews.com\/index.php\/wp-json\/wp\/v2\/posts\/169326\/revisions"}],"predecessor-version":[{"id":169343,"href":"https:\/\/www.gaveanews.com\/index.php\/wp-json\/wp\/v2\/posts\/169326\/revisions\/169343"}],"wp:featuredmedia":[{"embeddable":true,"href":"https:\/\/www.gaveanews.com\/index.php\/wp-json\/wp\/v2\/media\/154491"}],"wp:attachment":[{"href":"https:\/\/www.gaveanews.com\/index.php\/wp-json\/wp\/v2\/media?parent=169326"}],"wp:term":[{"taxonomy":"category","embeddable":true,"href":"https:\/\/www.gaveanews.com\/index.php\/wp-json\/wp\/v2\/categories?post=169326"},{"taxonomy":"post_tag","embeddable":true,"href":"https:\/\/www.gaveanews.com\/index.php\/wp-json\/wp\/v2\/tags?post=169326"}],"curies":[{"name":"wp","href":"https:\/\/api.w.org\/{rel}","templated":true}]}}