{"id":169330,"date":"2024-09-26T12:30:00","date_gmt":"2024-09-26T15:30:00","guid":{"rendered":"https:\/\/www.gaveanews.com\/?p=169330"},"modified":"2024-09-26T11:57:47","modified_gmt":"2024-09-26T14:57:47","slug":"marcelo-abre-o-jogo-apos-eliminacao-do-fluminense-na-libertadores","status":"publish","type":"post","link":"https:\/\/www.gaveanews.com\/index.php\/2024\/09\/26\/marcelo-abre-o-jogo-apos-eliminacao-do-fluminense-na-libertadores\/","title":{"rendered":"Marcelo abre o jogo ap\u00f3s elimina\u00e7\u00e3o do Fluminense na Libertadores"},"content":{"rendered":"\n<h2 class=\"wp-block-heading\" id=\"h-eliminado-da-libertadores\">Eliminado da Libertadores!<\/h2>\n\n\n\n<p>O sonho do bicampeonato da Copa Libertadores chegou ao fim para o Fluminense. Isso porque, na noite da \u00faltima quarta-feira (25), os cariocas entraram com vantagem, mas viram o Atl\u00e9tico Mineiro reverter a desvantagem e eliminar o Flu, com o confronto terminando com um agregado de 2 a 1.<\/p>\n\n\n\n<ul class=\"wp-block-yoast-seo-related-links yoast-seo-related-links\">\n<li><a href=\"https:\/\/www.gaveanews.com\/index.php\/2024\/08\/28\/fluminense-vai-faturar-caminhao-de-dinheiro-com-andre-veja-valores\/\">Fluminense vai faturar caminh\u00e3o de dinheiro com Andr\u00e9; veja valores<\/a><\/li>\n\n\n\n<li><a href=\"https:\/\/www.gaveanews.com\/index.php\/2024\/09\/25\/a-declaracao-de-fabio-apos-o-classico-entre-botafogo-x-fluminense\/\">A declara\u00e7\u00e3o de F\u00e1bio ap\u00f3s o cl\u00e1ssico entre Botafogo x Fluminense<\/a><\/li>\n<\/ul>\n\n\n\n<p>Parecia que poderia ser a noite do Tricolor das Laranjeiras. Isso porque o goleiro F\u00e1bio defendeu uma cobran\u00e7a de p\u00eanalti, cobrada por Hulk, o grande nome dos mineiros, ainda na primeira etapa.<\/p>\n\n\n\n<p>No entanto, o jogo teve um protagonista improv\u00e1vel! Deyverson saiu do banco de reservas, entrou no lugar de Bernard, e acabou decidindo. Ele foi \u00e0s redes aos 5 e aos 43 minutos do segundo tempo e definiu a classifica\u00e7\u00e3o dos mineiros.<\/p>\n\n\n\n<blockquote class=\"bluesky-embed\" data-bluesky-uri=\"at:\/\/did:plc:36tonoyp4p77csgnod5pkq6j\/app.bsky.feed.post\/3l4zdk4i2ed2j\" data-bluesky-cid=\"bafyreid6h6uznjtzgac4mgqhadn37p4pewmqwadqz5zspxnqjiw27wo6v4\"><p lang=\"pt\">Fim de jogo. Atl\u00e9tico-MG 2&#215;0 Fluminense. \nO Fluminense volta a campo no domingo contra o Atletico-GO, fora de casa.<br><br><a href=\"https:\/\/bsky.app\/profile\/did:plc:36tonoyp4p77csgnod5pkq6j\/post\/3l4zdk4i2ed2j?ref_src=embed\">[image or embed]<\/a><\/p>&mdash; Fluminense F.C. (<a href=\"https:\/\/bsky.app\/profile\/did:plc:36tonoyp4p77csgnod5pkq6j?ref_src=embed\">@fluminense.com.br<\/a>) <a href=\"https:\/\/bsky.app\/profile\/did:plc:36tonoyp4p77csgnod5pkq6j\/post\/3l4zdk4i2ed2j?ref_src=embed\">September 25, 2024 at 8:56 PM<\/a><\/blockquote><script async src=\"https:\/\/embed.bsky.app\/static\/embed.js\" charset=\"utf-8\"><\/script>\n\n\n\n<p>Agora, o Flu ir\u00e1 se concentrar totalmente no Campeonato Brasileiro e sua luta para deixar a zona de rebaixamento da competi\u00e7\u00e3o nacional. Atualmente, os comandados de Mano Menezes ocupam o 18\u00b0 lugar do certame, com apenas 27 pontos conquistados.<\/p>\n\n\n\n<h2 class=\"wp-block-heading\" id=\"h-marcelo-se-manifesta\">Marcelo se manifesta<\/h2>\n\n\n\n<p>Ap\u00f3s a partida, o lateral-esquerdo Marcelo, um dos l\u00edderes do elenco do Fluminense, acabou comentando um pouco a respeito da partida que culminou na elimina\u00e7\u00e3o de sua equipe da Copa Libertadores da Am\u00e9rica.<\/p>\n\n\n\n<p>\u201c<em>\u00c9 dif\u00edcil falar porque eu entrei no segundo tempo, quando voc\u00ea est\u00e1 dentro do campo \u00e9 diferente de quem est\u00e1 fora. Acredito que eles foram merecedores, fizeram mais do que a gente. A gente tentou, mas n\u00e3o conseguiu<\/em>\u201d, afirmou o camisa 12.<\/p>\n\n\n\n<p>No entanto, o defensor revelou que agora o time tem que pensar no futuro e n\u00e3o no passado. Segundo ele, a equipe precisa se concentrar no Brasileir\u00e3o: \u201c<em>Acho que isso serve de li\u00e7\u00e3o para esse final de temporada, para n\u00e3o dar mole, porque a gente tem que dar a volta por cima, temos que sair dessa situa\u00e7\u00e3o<\/em>\u201d, completou Marcelo.<\/p>\n","protected":false},"excerpt":{"rendered":"<p>Eliminado da Libertadores! O sonho do bicampeonato da Copa Libertadores chegou ao fim para o Fluminense. Isso porque, na noite da \u00faltima quarta-feira (25), os cariocas entraram com vantagem, mas viram o Atl\u00e9tico Mineiro reverter a desvantagem e eliminar o Flu, com o confronto terminando com um agregado de 2 a 1. Parecia que poderia [&hellip;]<\/p>\n","protected":false},"author":26,"featured_media":167658,"comment_status":"open","ping_status":"closed","sticky":false,"template":"","format":"standard","meta":{"footnotes":""},"categories":[136,145],"tags":[],"class_list":["post-169330","post","type-post","status-publish","format-standard","has-post-thumbnail","hentry","category-atletico-mg","category-fluminense"],"yoast_head":"<!-- This site is optimized with the Yoast SEO Premium plugin v24.2 (Yoast SEO v26.9) - https:\/\/yoast.com\/product\/yoast-seo-premium-wordpress\/ -->\n<title>Marcelo abre o jogo ap\u00f3s elimina\u00e7\u00e3o do Fluminense na Libertadores<\/title>\n<meta name=\"description\" content=\"Tricolor das Laranjeiras n\u00e3o conseguiu resistir \u00e0 press\u00e3o do Atl\u00e9tico Mineiro e deu adeus \u00e0 competi\u00e7\u00e3o continental\" \/>\n<meta name=\"robots\" content=\"index, follow, max-snippet:-1, max-image-preview:large, max-video-preview:-1\" \/>\n<link rel=\"canonical\" href=\"https:\/\/www.gaveanews.com\/index.php\/2024\/09\/26\/marcelo-abre-o-jogo-apos-eliminacao-do-fluminense-na-libertadores\/\" \/>\n<meta property=\"og:locale\" content=\"pt_BR\" \/>\n<meta property=\"og:type\" content=\"article\" \/>\n<meta property=\"og:title\" content=\"Marcelo abre o jogo ap\u00f3s elimina\u00e7\u00e3o do Fluminense na Libertadores\" \/>\n<meta property=\"og:description\" content=\"Tricolor das Laranjeiras n\u00e3o conseguiu resistir \u00e0 press\u00e3o do Atl\u00e9tico Mineiro e deu adeus \u00e0 competi\u00e7\u00e3o continental\" \/>\n<meta property=\"og:url\" content=\"https:\/\/www.gaveanews.com\/index.php\/2024\/09\/26\/marcelo-abre-o-jogo-apos-eliminacao-do-fluminense-na-libertadores\/\" \/>\n<meta property=\"og:site_name\" content=\"G\u00e1vea News\" \/>\n<meta property=\"article:publisher\" content=\"https:\/\/facebook.com\/gaveaNews\/\" \/>\n<meta property=\"article:published_time\" content=\"2024-09-26T15:30:00+00:00\" \/>\n<meta property=\"og:image\" content=\"https:\/\/www.gaveanews.com\/wp-content\/uploads\/Marcelo-pelo-Fluminense.webp\" \/>\n\t<meta property=\"og:image:width\" content=\"774\" \/>\n\t<meta property=\"og:image:height\" content=\"436\" \/>\n\t<meta property=\"og:image:type\" content=\"image\/jpeg\" \/>\n<meta name=\"author\" content=\"Thomas Lagoa\" \/>\n<meta name=\"twitter:card\" content=\"summary_large_image\" \/>\n<meta name=\"twitter:label1\" content=\"Escrito por\" \/>\n\t<meta name=\"twitter:data1\" content=\"Thomas Lagoa\" \/>\n\t<meta name=\"twitter:label2\" content=\"Est. tempo de leitura\" \/>\n\t<meta name=\"twitter:data2\" content=\"2 minutos\" \/>\n<script type=\"application\/ld+json\" class=\"yoast-schema-graph\">{\"@context\":\"https:\/\/schema.org\",\"@graph\":[{\"@type\":\"NewsArticle\",\"@id\":\"https:\/\/www.gaveanews.com\/index.php\/2024\/09\/26\/marcelo-abre-o-jogo-apos-eliminacao-do-fluminense-na-libertadores\/#article\",\"isPartOf\":{\"@id\":\"https:\/\/www.gaveanews.com\/index.php\/2024\/09\/26\/marcelo-abre-o-jogo-apos-eliminacao-do-fluminense-na-libertadores\/\"},\"author\":{\"name\":\"Thomas Lagoa\",\"@id\":\"https:\/\/www.gaveanews.com\/#\/schema\/person\/94f72788a9abec954fe62594ba04ff40\"},\"headline\":\"Marcelo abre o jogo ap\u00f3s elimina\u00e7\u00e3o do Fluminense na Libertadores\",\"datePublished\":\"2024-09-26T15:30:00+00:00\",\"mainEntityOfPage\":{\"@id\":\"https:\/\/www.gaveanews.com\/index.php\/2024\/09\/26\/marcelo-abre-o-jogo-apos-eliminacao-do-fluminense-na-libertadores\/\"},\"wordCount\":380,\"commentCount\":0,\"image\":{\"@id\":\"https:\/\/www.gaveanews.com\/index.php\/2024\/09\/26\/marcelo-abre-o-jogo-apos-eliminacao-do-fluminense-na-libertadores\/#primaryimage\"},\"thumbnailUrl\":\"https:\/\/www.gaveanews.com\/wp-content\/uploads\/Marcelo-pelo-Fluminense.webp\",\"articleSection\":[\"Atl\u00e9tico-MG\",\"Fluminense\"],\"inLanguage\":\"pt-BR\",\"potentialAction\":[{\"@type\":\"CommentAction\",\"name\":\"Comment\",\"target\":[\"https:\/\/www.gaveanews.com\/index.php\/2024\/09\/26\/marcelo-abre-o-jogo-apos-eliminacao-do-fluminense-na-libertadores\/#respond\"]}],\"copyrightYear\":\"2024\",\"copyrightHolder\":{\"@id\":\"https:\/\/www.gaveanews.com\/#organization\"}},{\"@type\":\"WebPage\",\"@id\":\"https:\/\/www.gaveanews.com\/index.php\/2024\/09\/26\/marcelo-abre-o-jogo-apos-eliminacao-do-fluminense-na-libertadores\/\",\"url\":\"https:\/\/www.gaveanews.com\/index.php\/2024\/09\/26\/marcelo-abre-o-jogo-apos-eliminacao-do-fluminense-na-libertadores\/\",\"name\":\"Marcelo abre o jogo ap\u00f3s elimina\u00e7\u00e3o do Fluminense na Libertadores\",\"isPartOf\":{\"@id\":\"https:\/\/www.gaveanews.com\/#website\"},\"primaryImageOfPage\":{\"@id\":\"https:\/\/www.gaveanews.com\/index.php\/2024\/09\/26\/marcelo-abre-o-jogo-apos-eliminacao-do-fluminense-na-libertadores\/#primaryimage\"},\"image\":{\"@id\":\"https:\/\/www.gaveanews.com\/index.php\/2024\/09\/26\/marcelo-abre-o-jogo-apos-eliminacao-do-fluminense-na-libertadores\/#primaryimage\"},\"thumbnailUrl\":\"https:\/\/www.gaveanews.com\/wp-content\/uploads\/Marcelo-pelo-Fluminense.webp\",\"datePublished\":\"2024-09-26T15:30:00+00:00\",\"author\":{\"@id\":\"https:\/\/www.gaveanews.com\/#\/schema\/person\/94f72788a9abec954fe62594ba04ff40\"},\"description\":\"Tricolor das Laranjeiras n\u00e3o conseguiu resistir \u00e0 press\u00e3o do Atl\u00e9tico Mineiro e deu adeus \u00e0 competi\u00e7\u00e3o continental\",\"breadcrumb\":{\"@id\":\"https:\/\/www.gaveanews.com\/index.php\/2024\/09\/26\/marcelo-abre-o-jogo-apos-eliminacao-do-fluminense-na-libertadores\/#breadcrumb\"},\"inLanguage\":\"pt-BR\",\"potentialAction\":[{\"@type\":\"ReadAction\",\"target\":[\"https:\/\/www.gaveanews.com\/index.php\/2024\/09\/26\/marcelo-abre-o-jogo-apos-eliminacao-do-fluminense-na-libertadores\/\"]}]},{\"@type\":\"ImageObject\",\"inLanguage\":\"pt-BR\",\"@id\":\"https:\/\/www.gaveanews.com\/index.php\/2024\/09\/26\/marcelo-abre-o-jogo-apos-eliminacao-do-fluminense-na-libertadores\/#primaryimage\",\"url\":\"https:\/\/www.gaveanews.com\/wp-content\/uploads\/Marcelo-pelo-Fluminense.webp\",\"contentUrl\":\"https:\/\/www.gaveanews.com\/wp-content\/uploads\/Marcelo-pelo-Fluminense.webp\",\"width\":774,\"height\":436,\"caption\":\"Marcelo pelo Fluminense (Foto: Mailson Santana\/Fluminense)\"},{\"@type\":\"BreadcrumbList\",\"@id\":\"https:\/\/www.gaveanews.com\/index.php\/2024\/09\/26\/marcelo-abre-o-jogo-apos-eliminacao-do-fluminense-na-libertadores\/#breadcrumb\",\"itemListElement\":[{\"@type\":\"ListItem\",\"position\":1,\"name\":\"Home\",\"item\":\"https:\/\/www.gaveanews.com\/\"},{\"@type\":\"ListItem\",\"position\":2,\"name\":\"Marcelo abre o jogo ap\u00f3s elimina\u00e7\u00e3o do Fluminense na Libertadores\"}]},{\"@type\":\"WebSite\",\"@id\":\"https:\/\/www.gaveanews.com\/#website\",\"url\":\"https:\/\/www.gaveanews.com\/\",\"name\":\"G\u00e1vea News\",\"description\":\"Veja todas as not\u00edcias sobre o Flamengo: Contrata\u00e7\u00f5es, categorias de base, resultados das partidas, tabela de classifica\u00e7\u00e3o, pr\u00f3ximos jogos!\",\"potentialAction\":[{\"@type\":\"SearchAction\",\"target\":{\"@type\":\"EntryPoint\",\"urlTemplate\":\"https:\/\/www.gaveanews.com\/?s={search_term_string}\"},\"query-input\":{\"@type\":\"PropertyValueSpecification\",\"valueRequired\":true,\"valueName\":\"search_term_string\"}}],\"inLanguage\":\"pt-BR\"},{\"@type\":\"Person\",\"@id\":\"https:\/\/www.gaveanews.com\/#\/schema\/person\/94f72788a9abec954fe62594ba04ff40\",\"name\":\"Thomas Lagoa\",\"image\":{\"@type\":\"ImageObject\",\"inLanguage\":\"pt-BR\",\"@id\":\"https:\/\/www.gaveanews.com\/#\/schema\/person\/image\/\",\"url\":\"https:\/\/secure.gravatar.com\/avatar\/65b40a047623a8007d4c7eb1bd0fa5753fc73b74a3bea0092a01bbd0428fe135?s=96&d=mm&r=g\",\"contentUrl\":\"https:\/\/secure.gravatar.com\/avatar\/65b40a047623a8007d4c7eb1bd0fa5753fc73b74a3bea0092a01bbd0428fe135?s=96&d=mm&r=g\",\"caption\":\"Thomas Lagoa\"}}]}<\/script>\n<!-- \/ Yoast SEO Premium plugin. -->","yoast_head_json":{"title":"Marcelo abre o jogo ap\u00f3s elimina\u00e7\u00e3o do Fluminense na Libertadores","description":"Tricolor das Laranjeiras n\u00e3o conseguiu resistir \u00e0 press\u00e3o do Atl\u00e9tico Mineiro e deu adeus \u00e0 competi\u00e7\u00e3o continental","robots":{"index":"index","follow":"follow","max-snippet":"max-snippet:-1","max-image-preview":"max-image-preview:large","max-video-preview":"max-video-preview:-1"},"canonical":"https:\/\/www.gaveanews.com\/index.php\/2024\/09\/26\/marcelo-abre-o-jogo-apos-eliminacao-do-fluminense-na-libertadores\/","og_locale":"pt_BR","og_type":"article","og_title":"Marcelo abre o jogo ap\u00f3s elimina\u00e7\u00e3o do Fluminense na Libertadores","og_description":"Tricolor das Laranjeiras n\u00e3o conseguiu resistir \u00e0 press\u00e3o do Atl\u00e9tico Mineiro e deu adeus \u00e0 competi\u00e7\u00e3o continental","og_url":"https:\/\/www.gaveanews.com\/index.php\/2024\/09\/26\/marcelo-abre-o-jogo-apos-eliminacao-do-fluminense-na-libertadores\/","og_site_name":"G\u00e1vea News","article_publisher":"https:\/\/facebook.com\/gaveaNews\/","article_published_time":"2024-09-26T15:30:00+00:00","og_image":[{"width":774,"height":436,"url":"https:\/\/www.gaveanews.com\/wp-content\/uploads\/Marcelo-pelo-Fluminense.webp","type":"image\/jpeg"}],"author":"Thomas Lagoa","twitter_card":"summary_large_image","twitter_misc":{"Escrito por":"Thomas Lagoa","Est. tempo de leitura":"2 minutos"},"schema":{"@context":"https:\/\/schema.org","@graph":[{"@type":"NewsArticle","@id":"https:\/\/www.gaveanews.com\/index.php\/2024\/09\/26\/marcelo-abre-o-jogo-apos-eliminacao-do-fluminense-na-libertadores\/#article","isPartOf":{"@id":"https:\/\/www.gaveanews.com\/index.php\/2024\/09\/26\/marcelo-abre-o-jogo-apos-eliminacao-do-fluminense-na-libertadores\/"},"author":{"name":"Thomas Lagoa","@id":"https:\/\/www.gaveanews.com\/#\/schema\/person\/94f72788a9abec954fe62594ba04ff40"},"headline":"Marcelo abre o jogo ap\u00f3s elimina\u00e7\u00e3o do Fluminense na Libertadores","datePublished":"2024-09-26T15:30:00+00:00","mainEntityOfPage":{"@id":"https:\/\/www.gaveanews.com\/index.php\/2024\/09\/26\/marcelo-abre-o-jogo-apos-eliminacao-do-fluminense-na-libertadores\/"},"wordCount":380,"commentCount":0,"image":{"@id":"https:\/\/www.gaveanews.com\/index.php\/2024\/09\/26\/marcelo-abre-o-jogo-apos-eliminacao-do-fluminense-na-libertadores\/#primaryimage"},"thumbnailUrl":"https:\/\/www.gaveanews.com\/wp-content\/uploads\/Marcelo-pelo-Fluminense.webp","articleSection":["Atl\u00e9tico-MG","Fluminense"],"inLanguage":"pt-BR","potentialAction":[{"@type":"CommentAction","name":"Comment","target":["https:\/\/www.gaveanews.com\/index.php\/2024\/09\/26\/marcelo-abre-o-jogo-apos-eliminacao-do-fluminense-na-libertadores\/#respond"]}],"copyrightYear":"2024","copyrightHolder":{"@id":"https:\/\/www.gaveanews.com\/#organization"}},{"@type":"WebPage","@id":"https:\/\/www.gaveanews.com\/index.php\/2024\/09\/26\/marcelo-abre-o-jogo-apos-eliminacao-do-fluminense-na-libertadores\/","url":"https:\/\/www.gaveanews.com\/index.php\/2024\/09\/26\/marcelo-abre-o-jogo-apos-eliminacao-do-fluminense-na-libertadores\/","name":"Marcelo abre o jogo ap\u00f3s elimina\u00e7\u00e3o do Fluminense na Libertadores","isPartOf":{"@id":"https:\/\/www.gaveanews.com\/#website"},"primaryImageOfPage":{"@id":"https:\/\/www.gaveanews.com\/index.php\/2024\/09\/26\/marcelo-abre-o-jogo-apos-eliminacao-do-fluminense-na-libertadores\/#primaryimage"},"image":{"@id":"https:\/\/www.gaveanews.com\/index.php\/2024\/09\/26\/marcelo-abre-o-jogo-apos-eliminacao-do-fluminense-na-libertadores\/#primaryimage"},"thumbnailUrl":"https:\/\/www.gaveanews.com\/wp-content\/uploads\/Marcelo-pelo-Fluminense.webp","datePublished":"2024-09-26T15:30:00+00:00","author":{"@id":"https:\/\/www.gaveanews.com\/#\/schema\/person\/94f72788a9abec954fe62594ba04ff40"},"description":"Tricolor das Laranjeiras n\u00e3o conseguiu resistir \u00e0 press\u00e3o do Atl\u00e9tico Mineiro e deu adeus \u00e0 competi\u00e7\u00e3o continental","breadcrumb":{"@id":"https:\/\/www.gaveanews.com\/index.php\/2024\/09\/26\/marcelo-abre-o-jogo-apos-eliminacao-do-fluminense-na-libertadores\/#breadcrumb"},"inLanguage":"pt-BR","potentialAction":[{"@type":"ReadAction","target":["https:\/\/www.gaveanews.com\/index.php\/2024\/09\/26\/marcelo-abre-o-jogo-apos-eliminacao-do-fluminense-na-libertadores\/"]}]},{"@type":"ImageObject","inLanguage":"pt-BR","@id":"https:\/\/www.gaveanews.com\/index.php\/2024\/09\/26\/marcelo-abre-o-jogo-apos-eliminacao-do-fluminense-na-libertadores\/#primaryimage","url":"https:\/\/www.gaveanews.com\/wp-content\/uploads\/Marcelo-pelo-Fluminense.webp","contentUrl":"https:\/\/www.gaveanews.com\/wp-content\/uploads\/Marcelo-pelo-Fluminense.webp","width":774,"height":436,"caption":"Marcelo pelo Fluminense (Foto: Mailson Santana\/Fluminense)"},{"@type":"BreadcrumbList","@id":"https:\/\/www.gaveanews.com\/index.php\/2024\/09\/26\/marcelo-abre-o-jogo-apos-eliminacao-do-fluminense-na-libertadores\/#breadcrumb","itemListElement":[{"@type":"ListItem","position":1,"name":"Home","item":"https:\/\/www.gaveanews.com\/"},{"@type":"ListItem","position":2,"name":"Marcelo abre o jogo ap\u00f3s elimina\u00e7\u00e3o do Fluminense na Libertadores"}]},{"@type":"WebSite","@id":"https:\/\/www.gaveanews.com\/#website","url":"https:\/\/www.gaveanews.com\/","name":"G\u00e1vea News","description":"Veja todas as not\u00edcias sobre o Flamengo: Contrata\u00e7\u00f5es, categorias de base, resultados das partidas, tabela de classifica\u00e7\u00e3o, pr\u00f3ximos jogos!","potentialAction":[{"@type":"SearchAction","target":{"@type":"EntryPoint","urlTemplate":"https:\/\/www.gaveanews.com\/?s={search_term_string}"},"query-input":{"@type":"PropertyValueSpecification","valueRequired":true,"valueName":"search_term_string"}}],"inLanguage":"pt-BR"},{"@type":"Person","@id":"https:\/\/www.gaveanews.com\/#\/schema\/person\/94f72788a9abec954fe62594ba04ff40","name":"Thomas Lagoa","image":{"@type":"ImageObject","inLanguage":"pt-BR","@id":"https:\/\/www.gaveanews.com\/#\/schema\/person\/image\/","url":"https:\/\/secure.gravatar.com\/avatar\/65b40a047623a8007d4c7eb1bd0fa5753fc73b74a3bea0092a01bbd0428fe135?s=96&d=mm&r=g","contentUrl":"https:\/\/secure.gravatar.com\/avatar\/65b40a047623a8007d4c7eb1bd0fa5753fc73b74a3bea0092a01bbd0428fe135?s=96&d=mm&r=g","caption":"Thomas Lagoa"}}]}},"_links":{"self":[{"href":"https:\/\/www.gaveanews.com\/index.php\/wp-json\/wp\/v2\/posts\/169330","targetHints":{"allow":["GET"]}}],"collection":[{"href":"https:\/\/www.gaveanews.com\/index.php\/wp-json\/wp\/v2\/posts"}],"about":[{"href":"https:\/\/www.gaveanews.com\/index.php\/wp-json\/wp\/v2\/types\/post"}],"author":[{"embeddable":true,"href":"https:\/\/www.gaveanews.com\/index.php\/wp-json\/wp\/v2\/users\/26"}],"replies":[{"embeddable":true,"href":"https:\/\/www.gaveanews.com\/index.php\/wp-json\/wp\/v2\/comments?post=169330"}],"version-history":[{"count":2,"href":"https:\/\/www.gaveanews.com\/index.php\/wp-json\/wp\/v2\/posts\/169330\/revisions"}],"predecessor-version":[{"id":169342,"href":"https:\/\/www.gaveanews.com\/index.php\/wp-json\/wp\/v2\/posts\/169330\/revisions\/169342"}],"wp:featuredmedia":[{"embeddable":true,"href":"https:\/\/www.gaveanews.com\/index.php\/wp-json\/wp\/v2\/media\/167658"}],"wp:attachment":[{"href":"https:\/\/www.gaveanews.com\/index.php\/wp-json\/wp\/v2\/media?parent=169330"}],"wp:term":[{"taxonomy":"category","embeddable":true,"href":"https:\/\/www.gaveanews.com\/index.php\/wp-json\/wp\/v2\/categories?post=169330"},{"taxonomy":"post_tag","embeddable":true,"href":"https:\/\/www.gaveanews.com\/index.php\/wp-json\/wp\/v2\/tags?post=169330"}],"curies":[{"name":"wp","href":"https:\/\/api.w.org\/{rel}","templated":true}]}}