{"id":169392,"date":"2024-09-26T21:15:00","date_gmt":"2024-09-27T00:15:00","guid":{"rendered":"https:\/\/www.gaveanews.com\/?p=169392"},"modified":"2024-09-26T16:15:41","modified_gmt":"2024-09-26T19:15:41","slug":"torcedores-do-fluminense-sao-presos-em-bh-apos-eliminacao-na-libertadores","status":"publish","type":"post","link":"https:\/\/www.gaveanews.com\/index.php\/2024\/09\/26\/torcedores-do-fluminense-sao-presos-em-bh-apos-eliminacao-na-libertadores\/","title":{"rendered":"Torcedores do Fluminense s\u00e3o presos em BH ap\u00f3s elimina\u00e7\u00e3o na Libertadores"},"content":{"rendered":"\n<p>O Fluminense perdeu o t\u00e3o sonhado bicampeonato da Libertadores ap\u00f3s a derrota amarga para o Atl\u00e9tico Mineiro por 2 a 0 na Arena MRV.<\/p>\n\n\n\n<p>Mas, n\u00e3o foi apenas dentro das quatro linhas que a equipe carioca proporcionou uma verdadeira vergonha, fora das 4 linhas tamb\u00e9m.<\/p>\n\n\n\n<ul class=\"wp-block-list\">\n<li><a href=\"https:\/\/www.gaveanews.com\/index.php\/2024\/09\/26\/a-declaracao-de-thiago-silva-apos-a-eliminacao-do-fluminense\/\">A declara\u00e7\u00e3o de Thiago Silva ap\u00f3s a elimina\u00e7\u00e3o do Fluminense<\/a><\/li>\n\n\n\n<li><a href=\"https:\/\/www.gaveanews.com\/index.php\/2024\/09\/26\/marcelo-abre-o-jogo-apos-eliminacao-do-fluminense-na-libertadores\/\">Marcelo abre o jogo ap\u00f3s elimina\u00e7\u00e3o do Fluminense na Libertadores<\/a><\/li>\n<\/ul>\n\n\n\n<p>Segundo a R\u00e1dio Itatiaia, dois torcedores do Fluminense foram presos&nbsp;em flagrante por agredir um casal de atleticanos no Centro de Belo Horizonte.<\/p>\n\n\n\n<p>Depois da classifica\u00e7\u00e3o do Galo, eles confrontaram um casal composto por uma Atleticana gr\u00e1vida de tr\u00eas meses. <\/p>\n\n\n\n<p>Ela e o companheiro foram socorridos no Hospital Odilon Behrens, em Belo Horizonte. De acordo com a Pol\u00edcia Militar de Minas Gerais, o casal, que tinha 19 e 33 anos foram agredidos por dois homens entre 41 e 44 anos.<\/p>\n\n\n\n<p>O casal assistia o jogo em um bar, na avenida Amazonas. Depois do jogo eles foram a p\u00e9 para um ponto de \u00f4nibus. Enquanto passavam por um hotel, come\u00e7aram a ser provocados por torcedores uniformizados do Fluminense.<\/p>\n\n\n\n<p>O casal e os torcedores entraram em discuss\u00e3o, o torcedor de 44 anos do Fluminense deu um soco na mulher, gr\u00e1vida, de 19 anos. Ele foi contido e levado ao hotel por torcedores. <\/p>\n\n\n\n<p>O homem foi atr\u00e1s dos agressores, iniciando um novo confronto onde o atleticano novamente foi agredido.<\/p>\n\n\n\n<p>Uma viatura da Pol\u00edcia Militar passava no momento da confus\u00e3o, as imagens da c\u00e2mera de seguran\u00e7a foram cedidas para as investiga\u00e7\u00f5es. Nas imagens \u00e9 percept\u00edvel que o homem tenta defender a esposa enquanto leva socos no rosto e na cabe\u00e7a.<\/p>\n\n\n\n<h2 class=\"wp-block-heading\" id=\"h-qual-a-proxima-partida-do-fluminense\">Qual a pr\u00f3xima partida do Fluminense?<\/h2>\n\n\n\n<p>O est\u00e1dio Ant\u00f4nio Accioly, em Goi\u00e2nia (GO), ser\u00e1 palco, neste domingo (29), de importante confronto da luta contra o rebaixamento no&nbsp;<strong>Campeonato Brasileiro<\/strong>. Isso porque<strong>&nbsp;Atl\u00e9tico-GO&nbsp;<\/strong>e&nbsp;<strong>Fluminense<\/strong>&nbsp;se enfrentam a partir das 16h, em duelo da 28\u00aa rodada com transmiss\u00e3o de&nbsp;<strong>Globo<\/strong>&nbsp;e&nbsp;<strong>Premiere<\/strong>.<\/p>\n","protected":false},"excerpt":{"rendered":"<p>O Fluminense perdeu o t\u00e3o sonhado bicampeonato da Libertadores ap\u00f3s a derrota amarga para o Atl\u00e9tico Mineiro por 2 a 0 na Arena MRV. Mas, n\u00e3o foi apenas dentro das quatro linhas que a equipe carioca proporcionou uma verdadeira vergonha, fora das 4 linhas tamb\u00e9m. Segundo a R\u00e1dio Itatiaia, dois torcedores do Fluminense foram presos&nbsp;em [&hellip;]<\/p>\n","protected":false},"author":19,"featured_media":152558,"comment_status":"open","ping_status":"closed","sticky":false,"template":"","format":"standard","meta":{"footnotes":""},"categories":[145],"tags":[],"class_list":["post-169392","post","type-post","status-publish","format-standard","has-post-thumbnail","hentry","category-fluminense"],"yoast_head":"<!-- This site is optimized with the Yoast SEO Premium plugin v24.2 (Yoast SEO v26.9) - https:\/\/yoast.com\/product\/yoast-seo-premium-wordpress\/ -->\n<title>Torcedores do Fluminense s\u00e3o presos em BH ap\u00f3s elimina\u00e7\u00e3o na Libertadores<\/title>\n<meta name=\"robots\" content=\"index, follow, max-snippet:-1, max-image-preview:large, max-video-preview:-1\" \/>\n<link rel=\"canonical\" href=\"https:\/\/www.gaveanews.com\/index.php\/2024\/09\/26\/torcedores-do-fluminense-sao-presos-em-bh-apos-eliminacao-na-libertadores\/\" \/>\n<meta property=\"og:locale\" content=\"pt_BR\" \/>\n<meta property=\"og:type\" content=\"article\" \/>\n<meta property=\"og:title\" content=\"Torcedores do Fluminense s\u00e3o presos em BH ap\u00f3s elimina\u00e7\u00e3o na Libertadores\" \/>\n<meta property=\"og:description\" content=\"O Fluminense perdeu o t\u00e3o sonhado bicampeonato da Libertadores ap\u00f3s a derrota amarga para o Atl\u00e9tico Mineiro por 2 a 0 na Arena MRV. Mas, n\u00e3o foi apenas dentro das quatro linhas que a equipe carioca proporcionou uma verdadeira vergonha, fora das 4 linhas tamb\u00e9m. Segundo a R\u00e1dio Itatiaia, dois torcedores do Fluminense foram presos&nbsp;em [&hellip;]\" \/>\n<meta property=\"og:url\" content=\"https:\/\/www.gaveanews.com\/index.php\/2024\/09\/26\/torcedores-do-fluminense-sao-presos-em-bh-apos-eliminacao-na-libertadores\/\" \/>\n<meta property=\"og:site_name\" content=\"G\u00e1vea News\" \/>\n<meta property=\"article:publisher\" content=\"https:\/\/facebook.com\/gaveaNews\/\" \/>\n<meta property=\"article:published_time\" content=\"2024-09-27T00:15:00+00:00\" \/>\n<meta property=\"og:image\" content=\"https:\/\/www.gaveanews.com\/wp-content\/uploads\/Bandeira-do-Fluminense.webp\" \/>\n\t<meta property=\"og:image:width\" content=\"1440\" \/>\n\t<meta property=\"og:image:height\" content=\"1080\" \/>\n\t<meta property=\"og:image:type\" content=\"image\/webp\" \/>\n<meta name=\"author\" content=\"Bruno Zanchetta\" \/>\n<meta name=\"twitter:card\" content=\"summary_large_image\" \/>\n<meta name=\"twitter:label1\" content=\"Escrito por\" \/>\n\t<meta name=\"twitter:data1\" content=\"Bruno Zanchetta\" \/>\n\t<meta name=\"twitter:label2\" content=\"Est. tempo de leitura\" \/>\n\t<meta name=\"twitter:data2\" content=\"2 minutos\" \/>\n<script type=\"application\/ld+json\" class=\"yoast-schema-graph\">{\"@context\":\"https:\/\/schema.org\",\"@graph\":[{\"@type\":\"NewsArticle\",\"@id\":\"https:\/\/www.gaveanews.com\/index.php\/2024\/09\/26\/torcedores-do-fluminense-sao-presos-em-bh-apos-eliminacao-na-libertadores\/#article\",\"isPartOf\":{\"@id\":\"https:\/\/www.gaveanews.com\/index.php\/2024\/09\/26\/torcedores-do-fluminense-sao-presos-em-bh-apos-eliminacao-na-libertadores\/\"},\"author\":{\"name\":\"Bruno Zanchetta\",\"@id\":\"https:\/\/www.gaveanews.com\/#\/schema\/person\/32fddefab25b466689f181be346cd98c\"},\"headline\":\"Torcedores do Fluminense s\u00e3o presos em BH ap\u00f3s elimina\u00e7\u00e3o na Libertadores\",\"datePublished\":\"2024-09-27T00:15:00+00:00\",\"mainEntityOfPage\":{\"@id\":\"https:\/\/www.gaveanews.com\/index.php\/2024\/09\/26\/torcedores-do-fluminense-sao-presos-em-bh-apos-eliminacao-na-libertadores\/\"},\"wordCount\":365,\"commentCount\":0,\"image\":{\"@id\":\"https:\/\/www.gaveanews.com\/index.php\/2024\/09\/26\/torcedores-do-fluminense-sao-presos-em-bh-apos-eliminacao-na-libertadores\/#primaryimage\"},\"thumbnailUrl\":\"https:\/\/www.gaveanews.com\/wp-content\/uploads\/Bandeira-do-Fluminense.webp\",\"articleSection\":[\"Fluminense\"],\"inLanguage\":\"pt-BR\",\"potentialAction\":[{\"@type\":\"CommentAction\",\"name\":\"Comment\",\"target\":[\"https:\/\/www.gaveanews.com\/index.php\/2024\/09\/26\/torcedores-do-fluminense-sao-presos-em-bh-apos-eliminacao-na-libertadores\/#respond\"]}],\"copyrightYear\":\"2024\",\"copyrightHolder\":{\"@id\":\"https:\/\/www.gaveanews.com\/#organization\"}},{\"@type\":\"WebPage\",\"@id\":\"https:\/\/www.gaveanews.com\/index.php\/2024\/09\/26\/torcedores-do-fluminense-sao-presos-em-bh-apos-eliminacao-na-libertadores\/\",\"url\":\"https:\/\/www.gaveanews.com\/index.php\/2024\/09\/26\/torcedores-do-fluminense-sao-presos-em-bh-apos-eliminacao-na-libertadores\/\",\"name\":\"Torcedores do Fluminense s\u00e3o presos em BH ap\u00f3s elimina\u00e7\u00e3o na Libertadores\",\"isPartOf\":{\"@id\":\"https:\/\/www.gaveanews.com\/#website\"},\"primaryImageOfPage\":{\"@id\":\"https:\/\/www.gaveanews.com\/index.php\/2024\/09\/26\/torcedores-do-fluminense-sao-presos-em-bh-apos-eliminacao-na-libertadores\/#primaryimage\"},\"image\":{\"@id\":\"https:\/\/www.gaveanews.com\/index.php\/2024\/09\/26\/torcedores-do-fluminense-sao-presos-em-bh-apos-eliminacao-na-libertadores\/#primaryimage\"},\"thumbnailUrl\":\"https:\/\/www.gaveanews.com\/wp-content\/uploads\/Bandeira-do-Fluminense.webp\",\"datePublished\":\"2024-09-27T00:15:00+00:00\",\"author\":{\"@id\":\"https:\/\/www.gaveanews.com\/#\/schema\/person\/32fddefab25b466689f181be346cd98c\"},\"breadcrumb\":{\"@id\":\"https:\/\/www.gaveanews.com\/index.php\/2024\/09\/26\/torcedores-do-fluminense-sao-presos-em-bh-apos-eliminacao-na-libertadores\/#breadcrumb\"},\"inLanguage\":\"pt-BR\",\"potentialAction\":[{\"@type\":\"ReadAction\",\"target\":[\"https:\/\/www.gaveanews.com\/index.php\/2024\/09\/26\/torcedores-do-fluminense-sao-presos-em-bh-apos-eliminacao-na-libertadores\/\"]}]},{\"@type\":\"ImageObject\",\"inLanguage\":\"pt-BR\",\"@id\":\"https:\/\/www.gaveanews.com\/index.php\/2024\/09\/26\/torcedores-do-fluminense-sao-presos-em-bh-apos-eliminacao-na-libertadores\/#primaryimage\",\"url\":\"https:\/\/www.gaveanews.com\/wp-content\/uploads\/Bandeira-do-Fluminense.webp\",\"contentUrl\":\"https:\/\/www.gaveanews.com\/wp-content\/uploads\/Bandeira-do-Fluminense.webp\",\"width\":1440,\"height\":1080,\"caption\":\"Bandeira do Fluminense (Foto: Reprodu\u00e7\u00e3o\/Fluminense)\"},{\"@type\":\"BreadcrumbList\",\"@id\":\"https:\/\/www.gaveanews.com\/index.php\/2024\/09\/26\/torcedores-do-fluminense-sao-presos-em-bh-apos-eliminacao-na-libertadores\/#breadcrumb\",\"itemListElement\":[{\"@type\":\"ListItem\",\"position\":1,\"name\":\"Home\",\"item\":\"https:\/\/www.gaveanews.com\/\"},{\"@type\":\"ListItem\",\"position\":2,\"name\":\"Torcedores do Fluminense s\u00e3o presos em BH ap\u00f3s elimina\u00e7\u00e3o na Libertadores\"}]},{\"@type\":\"WebSite\",\"@id\":\"https:\/\/www.gaveanews.com\/#website\",\"url\":\"https:\/\/www.gaveanews.com\/\",\"name\":\"G\u00e1vea News\",\"description\":\"Veja todas as not\u00edcias sobre o Flamengo: Contrata\u00e7\u00f5es, categorias de base, resultados das partidas, tabela de classifica\u00e7\u00e3o, pr\u00f3ximos jogos!\",\"potentialAction\":[{\"@type\":\"SearchAction\",\"target\":{\"@type\":\"EntryPoint\",\"urlTemplate\":\"https:\/\/www.gaveanews.com\/?s={search_term_string}\"},\"query-input\":{\"@type\":\"PropertyValueSpecification\",\"valueRequired\":true,\"valueName\":\"search_term_string\"}}],\"inLanguage\":\"pt-BR\"},{\"@type\":\"Person\",\"@id\":\"https:\/\/www.gaveanews.com\/#\/schema\/person\/32fddefab25b466689f181be346cd98c\",\"name\":\"Bruno Zanchetta\",\"image\":{\"@type\":\"ImageObject\",\"inLanguage\":\"pt-BR\",\"@id\":\"https:\/\/www.gaveanews.com\/#\/schema\/person\/image\/\",\"url\":\"https:\/\/secure.gravatar.com\/avatar\/3ba2d39f8a912ad65276975a996d6ad8d9e3dd13448684be8dc4d7c17099d2ee?s=96&d=mm&r=g\",\"contentUrl\":\"https:\/\/secure.gravatar.com\/avatar\/3ba2d39f8a912ad65276975a996d6ad8d9e3dd13448684be8dc4d7c17099d2ee?s=96&d=mm&r=g\",\"caption\":\"Bruno Zanchetta\"}}]}<\/script>\n<!-- \/ Yoast SEO Premium plugin. -->","yoast_head_json":{"title":"Torcedores do Fluminense s\u00e3o presos em BH ap\u00f3s elimina\u00e7\u00e3o na Libertadores","robots":{"index":"index","follow":"follow","max-snippet":"max-snippet:-1","max-image-preview":"max-image-preview:large","max-video-preview":"max-video-preview:-1"},"canonical":"https:\/\/www.gaveanews.com\/index.php\/2024\/09\/26\/torcedores-do-fluminense-sao-presos-em-bh-apos-eliminacao-na-libertadores\/","og_locale":"pt_BR","og_type":"article","og_title":"Torcedores do Fluminense s\u00e3o presos em BH ap\u00f3s elimina\u00e7\u00e3o na Libertadores","og_description":"O Fluminense perdeu o t\u00e3o sonhado bicampeonato da Libertadores ap\u00f3s a derrota amarga para o Atl\u00e9tico Mineiro por 2 a 0 na Arena MRV. Mas, n\u00e3o foi apenas dentro das quatro linhas que a equipe carioca proporcionou uma verdadeira vergonha, fora das 4 linhas tamb\u00e9m. Segundo a R\u00e1dio Itatiaia, dois torcedores do Fluminense foram presos&nbsp;em [&hellip;]","og_url":"https:\/\/www.gaveanews.com\/index.php\/2024\/09\/26\/torcedores-do-fluminense-sao-presos-em-bh-apos-eliminacao-na-libertadores\/","og_site_name":"G\u00e1vea News","article_publisher":"https:\/\/facebook.com\/gaveaNews\/","article_published_time":"2024-09-27T00:15:00+00:00","og_image":[{"width":1440,"height":1080,"url":"https:\/\/www.gaveanews.com\/wp-content\/uploads\/Bandeira-do-Fluminense.webp","type":"image\/webp"}],"author":"Bruno Zanchetta","twitter_card":"summary_large_image","twitter_misc":{"Escrito por":"Bruno Zanchetta","Est. tempo de leitura":"2 minutos"},"schema":{"@context":"https:\/\/schema.org","@graph":[{"@type":"NewsArticle","@id":"https:\/\/www.gaveanews.com\/index.php\/2024\/09\/26\/torcedores-do-fluminense-sao-presos-em-bh-apos-eliminacao-na-libertadores\/#article","isPartOf":{"@id":"https:\/\/www.gaveanews.com\/index.php\/2024\/09\/26\/torcedores-do-fluminense-sao-presos-em-bh-apos-eliminacao-na-libertadores\/"},"author":{"name":"Bruno Zanchetta","@id":"https:\/\/www.gaveanews.com\/#\/schema\/person\/32fddefab25b466689f181be346cd98c"},"headline":"Torcedores do Fluminense s\u00e3o presos em BH ap\u00f3s elimina\u00e7\u00e3o na Libertadores","datePublished":"2024-09-27T00:15:00+00:00","mainEntityOfPage":{"@id":"https:\/\/www.gaveanews.com\/index.php\/2024\/09\/26\/torcedores-do-fluminense-sao-presos-em-bh-apos-eliminacao-na-libertadores\/"},"wordCount":365,"commentCount":0,"image":{"@id":"https:\/\/www.gaveanews.com\/index.php\/2024\/09\/26\/torcedores-do-fluminense-sao-presos-em-bh-apos-eliminacao-na-libertadores\/#primaryimage"},"thumbnailUrl":"https:\/\/www.gaveanews.com\/wp-content\/uploads\/Bandeira-do-Fluminense.webp","articleSection":["Fluminense"],"inLanguage":"pt-BR","potentialAction":[{"@type":"CommentAction","name":"Comment","target":["https:\/\/www.gaveanews.com\/index.php\/2024\/09\/26\/torcedores-do-fluminense-sao-presos-em-bh-apos-eliminacao-na-libertadores\/#respond"]}],"copyrightYear":"2024","copyrightHolder":{"@id":"https:\/\/www.gaveanews.com\/#organization"}},{"@type":"WebPage","@id":"https:\/\/www.gaveanews.com\/index.php\/2024\/09\/26\/torcedores-do-fluminense-sao-presos-em-bh-apos-eliminacao-na-libertadores\/","url":"https:\/\/www.gaveanews.com\/index.php\/2024\/09\/26\/torcedores-do-fluminense-sao-presos-em-bh-apos-eliminacao-na-libertadores\/","name":"Torcedores do Fluminense s\u00e3o presos em BH ap\u00f3s elimina\u00e7\u00e3o na Libertadores","isPartOf":{"@id":"https:\/\/www.gaveanews.com\/#website"},"primaryImageOfPage":{"@id":"https:\/\/www.gaveanews.com\/index.php\/2024\/09\/26\/torcedores-do-fluminense-sao-presos-em-bh-apos-eliminacao-na-libertadores\/#primaryimage"},"image":{"@id":"https:\/\/www.gaveanews.com\/index.php\/2024\/09\/26\/torcedores-do-fluminense-sao-presos-em-bh-apos-eliminacao-na-libertadores\/#primaryimage"},"thumbnailUrl":"https:\/\/www.gaveanews.com\/wp-content\/uploads\/Bandeira-do-Fluminense.webp","datePublished":"2024-09-27T00:15:00+00:00","author":{"@id":"https:\/\/www.gaveanews.com\/#\/schema\/person\/32fddefab25b466689f181be346cd98c"},"breadcrumb":{"@id":"https:\/\/www.gaveanews.com\/index.php\/2024\/09\/26\/torcedores-do-fluminense-sao-presos-em-bh-apos-eliminacao-na-libertadores\/#breadcrumb"},"inLanguage":"pt-BR","potentialAction":[{"@type":"ReadAction","target":["https:\/\/www.gaveanews.com\/index.php\/2024\/09\/26\/torcedores-do-fluminense-sao-presos-em-bh-apos-eliminacao-na-libertadores\/"]}]},{"@type":"ImageObject","inLanguage":"pt-BR","@id":"https:\/\/www.gaveanews.com\/index.php\/2024\/09\/26\/torcedores-do-fluminense-sao-presos-em-bh-apos-eliminacao-na-libertadores\/#primaryimage","url":"https:\/\/www.gaveanews.com\/wp-content\/uploads\/Bandeira-do-Fluminense.webp","contentUrl":"https:\/\/www.gaveanews.com\/wp-content\/uploads\/Bandeira-do-Fluminense.webp","width":1440,"height":1080,"caption":"Bandeira do Fluminense (Foto: Reprodu\u00e7\u00e3o\/Fluminense)"},{"@type":"BreadcrumbList","@id":"https:\/\/www.gaveanews.com\/index.php\/2024\/09\/26\/torcedores-do-fluminense-sao-presos-em-bh-apos-eliminacao-na-libertadores\/#breadcrumb","itemListElement":[{"@type":"ListItem","position":1,"name":"Home","item":"https:\/\/www.gaveanews.com\/"},{"@type":"ListItem","position":2,"name":"Torcedores do Fluminense s\u00e3o presos em BH ap\u00f3s elimina\u00e7\u00e3o na Libertadores"}]},{"@type":"WebSite","@id":"https:\/\/www.gaveanews.com\/#website","url":"https:\/\/www.gaveanews.com\/","name":"G\u00e1vea News","description":"Veja todas as not\u00edcias sobre o Flamengo: Contrata\u00e7\u00f5es, categorias de base, resultados das partidas, tabela de classifica\u00e7\u00e3o, pr\u00f3ximos jogos!","potentialAction":[{"@type":"SearchAction","target":{"@type":"EntryPoint","urlTemplate":"https:\/\/www.gaveanews.com\/?s={search_term_string}"},"query-input":{"@type":"PropertyValueSpecification","valueRequired":true,"valueName":"search_term_string"}}],"inLanguage":"pt-BR"},{"@type":"Person","@id":"https:\/\/www.gaveanews.com\/#\/schema\/person\/32fddefab25b466689f181be346cd98c","name":"Bruno Zanchetta","image":{"@type":"ImageObject","inLanguage":"pt-BR","@id":"https:\/\/www.gaveanews.com\/#\/schema\/person\/image\/","url":"https:\/\/secure.gravatar.com\/avatar\/3ba2d39f8a912ad65276975a996d6ad8d9e3dd13448684be8dc4d7c17099d2ee?s=96&d=mm&r=g","contentUrl":"https:\/\/secure.gravatar.com\/avatar\/3ba2d39f8a912ad65276975a996d6ad8d9e3dd13448684be8dc4d7c17099d2ee?s=96&d=mm&r=g","caption":"Bruno Zanchetta"}}]}},"_links":{"self":[{"href":"https:\/\/www.gaveanews.com\/index.php\/wp-json\/wp\/v2\/posts\/169392","targetHints":{"allow":["GET"]}}],"collection":[{"href":"https:\/\/www.gaveanews.com\/index.php\/wp-json\/wp\/v2\/posts"}],"about":[{"href":"https:\/\/www.gaveanews.com\/index.php\/wp-json\/wp\/v2\/types\/post"}],"author":[{"embeddable":true,"href":"https:\/\/www.gaveanews.com\/index.php\/wp-json\/wp\/v2\/users\/19"}],"replies":[{"embeddable":true,"href":"https:\/\/www.gaveanews.com\/index.php\/wp-json\/wp\/v2\/comments?post=169392"}],"version-history":[{"count":2,"href":"https:\/\/www.gaveanews.com\/index.php\/wp-json\/wp\/v2\/posts\/169392\/revisions"}],"predecessor-version":[{"id":169440,"href":"https:\/\/www.gaveanews.com\/index.php\/wp-json\/wp\/v2\/posts\/169392\/revisions\/169440"}],"wp:featuredmedia":[{"embeddable":true,"href":"https:\/\/www.gaveanews.com\/index.php\/wp-json\/wp\/v2\/media\/152558"}],"wp:attachment":[{"href":"https:\/\/www.gaveanews.com\/index.php\/wp-json\/wp\/v2\/media?parent=169392"}],"wp:term":[{"taxonomy":"category","embeddable":true,"href":"https:\/\/www.gaveanews.com\/index.php\/wp-json\/wp\/v2\/categories?post=169392"},{"taxonomy":"post_tag","embeddable":true,"href":"https:\/\/www.gaveanews.com\/index.php\/wp-json\/wp\/v2\/tags?post=169392"}],"curies":[{"name":"wp","href":"https:\/\/api.w.org\/{rel}","templated":true}]}}