{"id":169478,"date":"2024-09-26T23:08:43","date_gmt":"2024-09-27T02:08:43","guid":{"rendered":"https:\/\/www.gaveanews.com\/?p=169478"},"modified":"2024-09-26T23:08:45","modified_gmt":"2024-09-27T02:08:45","slug":"tite-tenta-se-livrar-da-responsabilidade-pela-eliminacao-do-flamengo","status":"publish","type":"post","link":"https:\/\/www.gaveanews.com\/index.php\/2024\/09\/26\/tite-tenta-se-livrar-da-responsabilidade-pela-eliminacao-do-flamengo\/","title":{"rendered":"Tite tenta se livrar da responsabilidade pela elimina\u00e7\u00e3o\u00a0do\u00a0Flamengo"},"content":{"rendered":"\n<p>O Flamengo n\u00e3o conseguiu sair do 0 a 0 com o Pe\u00f1arol, pelo segundo jogo das quartas de final da Copa Libertadores da Am\u00e9rica, nesta quinta-feira (22). Como perdeu o primeiro confronto por 1 a 0, est\u00e1 eliminado da competi\u00e7\u00e3o continental.<\/p>\n\n\n\n<ul class=\"wp-block-list\">\n<li><a href=\"https:\/\/www.gaveanews.com\/index.php\/2024\/09\/26\/e-agora-tite-tecnico-nao-cumpre-promessa-e-coloca-temporada-do-flamengo-em-risco\/\">E agora, Tite? T\u00e9cnico n\u00e3o cumpre promessa e coloca temporada do Flamengo em risco<\/a><\/li>\n\n\n\n<li><a href=\"https:\/\/www.gaveanews.com\/index.php\/2024\/09\/26\/a-declaracao-de-xxxx-apos-eliminacao-do-flamengo-na-libertadores\/\">A declara\u00e7\u00e3o de Fabr\u00edcio Bruno ap\u00f3s elimina\u00e7\u00e3o do Flamengo na Libertadores<\/a><\/li>\n<\/ul>\n\n\n\n<p>Ao final da partida, que terminou com a elimina\u00e7\u00e3o do Flamengo, como de praxe, Tite concedeu entrevista coletiva. No discurso, o treinador citou os &#8216;feitos&#8217; alcan\u00e7ados desde a chegada ao clube e pontuou o &#8216;contexto&#8217; da situa\u00e7\u00e3o. <\/p>\n\n\n\n<p>\u2014 <em>Chegamos para classificar para a Libertadores e conseguimos. Campe\u00f5es cariocas e conseguimos. Disputar as tr\u00eas competi\u00e7\u00f5es, s\u00e9rie de jogadores na sele\u00e7\u00e3o. \u00c9 um contexto e esse \u00e9 o primeiro n\u00e3o objetivo, em cima de um calend\u00e1rio todo com dificuldades<\/em> -, disse.<\/p>\n\n\n\n<p>Como citado, o Flamengo perdeu o primeiro confronto por 1 a 0, jogando em casa, no Maracan\u00e3, com o apoio da Na\u00e7\u00e3o Rubro-Negra. O rev\u00e9s complicou \u2013 e muito \u2013 a vida do Rubro-Negro no torneio continental, e s\u00f3 uma vit\u00f3ria por 2 gols de diferen\u00e7a classificaria o Fla de maneira direta, ou um triunfo por 1 a 0 para ir para os p\u00eanaltis. O Fla n\u00e3o conseguiu nem uma coisa, nem outra. <\/p>\n\n\n\n<p>Sobre a atua\u00e7\u00e3o do Flamengo, Tite n\u00e3o destrinchou muito, e se limitou a dizer: &#8220;N\u00e3o tenho condi\u00e7\u00e3o de avaliar agora. Faltou precis\u00e3o para transformar o volume em gols&#8221;. <\/p>\n\n\n\n<p>Vale citar que, para tentar estar o mais focado poss\u00edvel no duelo desta quinta (26), o Flamengo poupou todos os jogadores considerados titulares no \u00faltimo jogo, contra o Gr\u00eamio, pelo Campeonato Brasileiro. O Fla manteve 12 atletas no Rio de Janeiro apenas para treinar, mas nitidamente n\u00e3o foi suficiente.<\/p>\n\n\n\n<p>O Flamengo foi superior ao Pe\u00f1arol no in\u00edcio do primeiro tempo, tinha a posse de bola, mas n\u00e3o era efetivo. Desperdi\u00e7ou muitas chances, perdeu gols que n\u00e3o podia e n\u00e3o demonstrou criatividade. O time vivia apenas de bolas longas e cruzadas na \u00e1rea, que tamb\u00e9m n\u00e3o surtiram efeito.<\/p>\n\n\n\n<p>Com o empate, o Flamengo est\u00e1 eliminado da Copa Libertadores da Am\u00e9rica, e Tite v\u00ea a press\u00e3o aumentar sobre ele e sua comiss\u00e3o t\u00e9cnica.<\/p>\n","protected":false},"excerpt":{"rendered":"<p>O Flamengo n\u00e3o conseguiu sair do 0 a 0 com o Pe\u00f1arol, pelo segundo jogo das quartas de final da Copa Libertadores da Am\u00e9rica, nesta quinta-feira (22). Como perdeu o primeiro confronto por 1 a 0, est\u00e1 eliminado da competi\u00e7\u00e3o continental. Ao final da partida, que terminou com a elimina\u00e7\u00e3o do Flamengo, como de praxe, [&hellip;]<\/p>\n","protected":false},"author":18,"featured_media":158166,"comment_status":"open","ping_status":"closed","sticky":false,"template":"","format":"standard","meta":{"footnotes":""},"categories":[1],"tags":[],"class_list":["post-169478","post","type-post","status-publish","format-standard","has-post-thumbnail","hentry","category-flamengo"],"yoast_head":"<!-- This site is optimized with the Yoast SEO Premium plugin v24.2 (Yoast SEO v26.9) - https:\/\/yoast.com\/product\/yoast-seo-premium-wordpress\/ -->\n<title>Tite tenta se livrar da responsabilidade pela elimina\u00e7\u00e3o\u00a0do\u00a0Flamengo<\/title>\n<meta name=\"robots\" content=\"index, follow, max-snippet:-1, max-image-preview:large, max-video-preview:-1\" \/>\n<link rel=\"canonical\" href=\"https:\/\/www.gaveanews.com\/index.php\/2024\/09\/26\/tite-tenta-se-livrar-da-responsabilidade-pela-eliminacao-do-flamengo\/\" \/>\n<meta property=\"og:locale\" content=\"pt_BR\" \/>\n<meta property=\"og:type\" content=\"article\" \/>\n<meta property=\"og:title\" content=\"Tite tenta se livrar da responsabilidade pela elimina\u00e7\u00e3o\u00a0do\u00a0Flamengo\" \/>\n<meta property=\"og:description\" content=\"O Flamengo n\u00e3o conseguiu sair do 0 a 0 com o Pe\u00f1arol, pelo segundo jogo das quartas de final da Copa Libertadores da Am\u00e9rica, nesta quinta-feira (22). Como perdeu o primeiro confronto por 1 a 0, est\u00e1 eliminado da competi\u00e7\u00e3o continental. Ao final da partida, que terminou com a elimina\u00e7\u00e3o do Flamengo, como de praxe, [&hellip;]\" \/>\n<meta property=\"og:url\" content=\"https:\/\/www.gaveanews.com\/index.php\/2024\/09\/26\/tite-tenta-se-livrar-da-responsabilidade-pela-eliminacao-do-flamengo\/\" \/>\n<meta property=\"og:site_name\" content=\"G\u00e1vea News\" \/>\n<meta property=\"article:publisher\" content=\"https:\/\/facebook.com\/gaveaNews\/\" \/>\n<meta property=\"article:published_time\" content=\"2024-09-27T02:08:43+00:00\" \/>\n<meta property=\"article:modified_time\" content=\"2024-09-27T02:08:45+00:00\" \/>\n<meta property=\"og:image\" content=\"https:\/\/www.gaveanews.com\/wp-content\/uploads\/Tite-durante-jogo-contra-o-Palmeiras-pelo-Brasileirao-no-Maracana.webp\" \/>\n\t<meta property=\"og:image:width\" content=\"633\" \/>\n\t<meta property=\"og:image:height\" content=\"312\" \/>\n\t<meta property=\"og:image:type\" content=\"image\/jpeg\" \/>\n<meta name=\"author\" content=\"Paula Silva\" \/>\n<meta name=\"twitter:card\" content=\"summary_large_image\" \/>\n<meta name=\"twitter:label1\" content=\"Escrito por\" \/>\n\t<meta name=\"twitter:data1\" content=\"Paula Silva\" \/>\n\t<meta name=\"twitter:label2\" content=\"Est. tempo de leitura\" \/>\n\t<meta name=\"twitter:data2\" content=\"3 minutos\" \/>\n<script type=\"application\/ld+json\" class=\"yoast-schema-graph\">{\"@context\":\"https:\/\/schema.org\",\"@graph\":[{\"@type\":\"NewsArticle\",\"@id\":\"https:\/\/www.gaveanews.com\/index.php\/2024\/09\/26\/tite-tenta-se-livrar-da-responsabilidade-pela-eliminacao-do-flamengo\/#article\",\"isPartOf\":{\"@id\":\"https:\/\/www.gaveanews.com\/index.php\/2024\/09\/26\/tite-tenta-se-livrar-da-responsabilidade-pela-eliminacao-do-flamengo\/\"},\"author\":{\"name\":\"Paula Silva\",\"@id\":\"https:\/\/www.gaveanews.com\/#\/schema\/person\/daf63eec72e1164eb13dc35096c2b8da\"},\"headline\":\"Tite tenta se livrar da responsabilidade pela elimina\u00e7\u00e3o\u00a0do\u00a0Flamengo\",\"datePublished\":\"2024-09-27T02:08:43+00:00\",\"dateModified\":\"2024-09-27T02:08:45+00:00\",\"mainEntityOfPage\":{\"@id\":\"https:\/\/www.gaveanews.com\/index.php\/2024\/09\/26\/tite-tenta-se-livrar-da-responsabilidade-pela-eliminacao-do-flamengo\/\"},\"wordCount\":407,\"commentCount\":0,\"image\":{\"@id\":\"https:\/\/www.gaveanews.com\/index.php\/2024\/09\/26\/tite-tenta-se-livrar-da-responsabilidade-pela-eliminacao-do-flamengo\/#primaryimage\"},\"thumbnailUrl\":\"https:\/\/www.gaveanews.com\/wp-content\/uploads\/Tite-durante-jogo-contra-o-Palmeiras-pelo-Brasileirao-no-Maracana.webp\",\"articleSection\":[\"Flamengo\"],\"inLanguage\":\"pt-BR\",\"potentialAction\":[{\"@type\":\"CommentAction\",\"name\":\"Comment\",\"target\":[\"https:\/\/www.gaveanews.com\/index.php\/2024\/09\/26\/tite-tenta-se-livrar-da-responsabilidade-pela-eliminacao-do-flamengo\/#respond\"]}],\"copyrightYear\":\"2024\",\"copyrightHolder\":{\"@id\":\"https:\/\/www.gaveanews.com\/#organization\"}},{\"@type\":\"WebPage\",\"@id\":\"https:\/\/www.gaveanews.com\/index.php\/2024\/09\/26\/tite-tenta-se-livrar-da-responsabilidade-pela-eliminacao-do-flamengo\/\",\"url\":\"https:\/\/www.gaveanews.com\/index.php\/2024\/09\/26\/tite-tenta-se-livrar-da-responsabilidade-pela-eliminacao-do-flamengo\/\",\"name\":\"Tite tenta se livrar da responsabilidade pela elimina\u00e7\u00e3o\u00a0do\u00a0Flamengo\",\"isPartOf\":{\"@id\":\"https:\/\/www.gaveanews.com\/#website\"},\"primaryImageOfPage\":{\"@id\":\"https:\/\/www.gaveanews.com\/index.php\/2024\/09\/26\/tite-tenta-se-livrar-da-responsabilidade-pela-eliminacao-do-flamengo\/#primaryimage\"},\"image\":{\"@id\":\"https:\/\/www.gaveanews.com\/index.php\/2024\/09\/26\/tite-tenta-se-livrar-da-responsabilidade-pela-eliminacao-do-flamengo\/#primaryimage\"},\"thumbnailUrl\":\"https:\/\/www.gaveanews.com\/wp-content\/uploads\/Tite-durante-jogo-contra-o-Palmeiras-pelo-Brasileirao-no-Maracana.webp\",\"datePublished\":\"2024-09-27T02:08:43+00:00\",\"dateModified\":\"2024-09-27T02:08:45+00:00\",\"author\":{\"@id\":\"https:\/\/www.gaveanews.com\/#\/schema\/person\/daf63eec72e1164eb13dc35096c2b8da\"},\"breadcrumb\":{\"@id\":\"https:\/\/www.gaveanews.com\/index.php\/2024\/09\/26\/tite-tenta-se-livrar-da-responsabilidade-pela-eliminacao-do-flamengo\/#breadcrumb\"},\"inLanguage\":\"pt-BR\",\"potentialAction\":[{\"@type\":\"ReadAction\",\"target\":[\"https:\/\/www.gaveanews.com\/index.php\/2024\/09\/26\/tite-tenta-se-livrar-da-responsabilidade-pela-eliminacao-do-flamengo\/\"]}]},{\"@type\":\"ImageObject\",\"inLanguage\":\"pt-BR\",\"@id\":\"https:\/\/www.gaveanews.com\/index.php\/2024\/09\/26\/tite-tenta-se-livrar-da-responsabilidade-pela-eliminacao-do-flamengo\/#primaryimage\",\"url\":\"https:\/\/www.gaveanews.com\/wp-content\/uploads\/Tite-durante-jogo-contra-o-Palmeiras-pelo-Brasileirao-no-Maracana.webp\",\"contentUrl\":\"https:\/\/www.gaveanews.com\/wp-content\/uploads\/Tite-durante-jogo-contra-o-Palmeiras-pelo-Brasileirao-no-Maracana.webp\",\"width\":633,\"height\":312,\"caption\":\"Tite durante jogo contra o Palmeiras, pelo Brasileir\u00e3o, no Maracan\u00e3 (Foto: Divulga\u00e7\u00e3o\/Flamengo)\"},{\"@type\":\"BreadcrumbList\",\"@id\":\"https:\/\/www.gaveanews.com\/index.php\/2024\/09\/26\/tite-tenta-se-livrar-da-responsabilidade-pela-eliminacao-do-flamengo\/#breadcrumb\",\"itemListElement\":[{\"@type\":\"ListItem\",\"position\":1,\"name\":\"Home\",\"item\":\"https:\/\/www.gaveanews.com\/\"},{\"@type\":\"ListItem\",\"position\":2,\"name\":\"Tite tenta se livrar da responsabilidade pela elimina\u00e7\u00e3o\u00a0do\u00a0Flamengo\"}]},{\"@type\":\"WebSite\",\"@id\":\"https:\/\/www.gaveanews.com\/#website\",\"url\":\"https:\/\/www.gaveanews.com\/\",\"name\":\"G\u00e1vea News\",\"description\":\"Veja todas as not\u00edcias sobre o Flamengo: Contrata\u00e7\u00f5es, categorias de base, resultados das partidas, tabela de classifica\u00e7\u00e3o, pr\u00f3ximos jogos!\",\"potentialAction\":[{\"@type\":\"SearchAction\",\"target\":{\"@type\":\"EntryPoint\",\"urlTemplate\":\"https:\/\/www.gaveanews.com\/?s={search_term_string}\"},\"query-input\":{\"@type\":\"PropertyValueSpecification\",\"valueRequired\":true,\"valueName\":\"search_term_string\"}}],\"inLanguage\":\"pt-BR\"},{\"@type\":\"Person\",\"@id\":\"https:\/\/www.gaveanews.com\/#\/schema\/person\/daf63eec72e1164eb13dc35096c2b8da\",\"name\":\"Paula Silva\",\"image\":{\"@type\":\"ImageObject\",\"inLanguage\":\"pt-BR\",\"@id\":\"https:\/\/www.gaveanews.com\/#\/schema\/person\/image\/\",\"url\":\"https:\/\/secure.gravatar.com\/avatar\/eda381c845527cc5d64c13b901833cda29d97500ba040d3e6461f76f51d163bb?s=96&d=mm&r=g\",\"contentUrl\":\"https:\/\/secure.gravatar.com\/avatar\/eda381c845527cc5d64c13b901833cda29d97500ba040d3e6461f76f51d163bb?s=96&d=mm&r=g\",\"caption\":\"Paula Silva\"}}]}<\/script>\n<!-- \/ Yoast SEO Premium plugin. -->","yoast_head_json":{"title":"Tite tenta se livrar da responsabilidade pela elimina\u00e7\u00e3o\u00a0do\u00a0Flamengo","robots":{"index":"index","follow":"follow","max-snippet":"max-snippet:-1","max-image-preview":"max-image-preview:large","max-video-preview":"max-video-preview:-1"},"canonical":"https:\/\/www.gaveanews.com\/index.php\/2024\/09\/26\/tite-tenta-se-livrar-da-responsabilidade-pela-eliminacao-do-flamengo\/","og_locale":"pt_BR","og_type":"article","og_title":"Tite tenta se livrar da responsabilidade pela elimina\u00e7\u00e3o\u00a0do\u00a0Flamengo","og_description":"O Flamengo n\u00e3o conseguiu sair do 0 a 0 com o Pe\u00f1arol, pelo segundo jogo das quartas de final da Copa Libertadores da Am\u00e9rica, nesta quinta-feira (22). Como perdeu o primeiro confronto por 1 a 0, est\u00e1 eliminado da competi\u00e7\u00e3o continental. Ao final da partida, que terminou com a elimina\u00e7\u00e3o do Flamengo, como de praxe, [&hellip;]","og_url":"https:\/\/www.gaveanews.com\/index.php\/2024\/09\/26\/tite-tenta-se-livrar-da-responsabilidade-pela-eliminacao-do-flamengo\/","og_site_name":"G\u00e1vea News","article_publisher":"https:\/\/facebook.com\/gaveaNews\/","article_published_time":"2024-09-27T02:08:43+00:00","article_modified_time":"2024-09-27T02:08:45+00:00","og_image":[{"width":633,"height":312,"url":"https:\/\/www.gaveanews.com\/wp-content\/uploads\/Tite-durante-jogo-contra-o-Palmeiras-pelo-Brasileirao-no-Maracana.webp","type":"image\/jpeg"}],"author":"Paula Silva","twitter_card":"summary_large_image","twitter_misc":{"Escrito por":"Paula Silva","Est. tempo de leitura":"3 minutos"},"schema":{"@context":"https:\/\/schema.org","@graph":[{"@type":"NewsArticle","@id":"https:\/\/www.gaveanews.com\/index.php\/2024\/09\/26\/tite-tenta-se-livrar-da-responsabilidade-pela-eliminacao-do-flamengo\/#article","isPartOf":{"@id":"https:\/\/www.gaveanews.com\/index.php\/2024\/09\/26\/tite-tenta-se-livrar-da-responsabilidade-pela-eliminacao-do-flamengo\/"},"author":{"name":"Paula Silva","@id":"https:\/\/www.gaveanews.com\/#\/schema\/person\/daf63eec72e1164eb13dc35096c2b8da"},"headline":"Tite tenta se livrar da responsabilidade pela elimina\u00e7\u00e3o\u00a0do\u00a0Flamengo","datePublished":"2024-09-27T02:08:43+00:00","dateModified":"2024-09-27T02:08:45+00:00","mainEntityOfPage":{"@id":"https:\/\/www.gaveanews.com\/index.php\/2024\/09\/26\/tite-tenta-se-livrar-da-responsabilidade-pela-eliminacao-do-flamengo\/"},"wordCount":407,"commentCount":0,"image":{"@id":"https:\/\/www.gaveanews.com\/index.php\/2024\/09\/26\/tite-tenta-se-livrar-da-responsabilidade-pela-eliminacao-do-flamengo\/#primaryimage"},"thumbnailUrl":"https:\/\/www.gaveanews.com\/wp-content\/uploads\/Tite-durante-jogo-contra-o-Palmeiras-pelo-Brasileirao-no-Maracana.webp","articleSection":["Flamengo"],"inLanguage":"pt-BR","potentialAction":[{"@type":"CommentAction","name":"Comment","target":["https:\/\/www.gaveanews.com\/index.php\/2024\/09\/26\/tite-tenta-se-livrar-da-responsabilidade-pela-eliminacao-do-flamengo\/#respond"]}],"copyrightYear":"2024","copyrightHolder":{"@id":"https:\/\/www.gaveanews.com\/#organization"}},{"@type":"WebPage","@id":"https:\/\/www.gaveanews.com\/index.php\/2024\/09\/26\/tite-tenta-se-livrar-da-responsabilidade-pela-eliminacao-do-flamengo\/","url":"https:\/\/www.gaveanews.com\/index.php\/2024\/09\/26\/tite-tenta-se-livrar-da-responsabilidade-pela-eliminacao-do-flamengo\/","name":"Tite tenta se livrar da responsabilidade pela elimina\u00e7\u00e3o\u00a0do\u00a0Flamengo","isPartOf":{"@id":"https:\/\/www.gaveanews.com\/#website"},"primaryImageOfPage":{"@id":"https:\/\/www.gaveanews.com\/index.php\/2024\/09\/26\/tite-tenta-se-livrar-da-responsabilidade-pela-eliminacao-do-flamengo\/#primaryimage"},"image":{"@id":"https:\/\/www.gaveanews.com\/index.php\/2024\/09\/26\/tite-tenta-se-livrar-da-responsabilidade-pela-eliminacao-do-flamengo\/#primaryimage"},"thumbnailUrl":"https:\/\/www.gaveanews.com\/wp-content\/uploads\/Tite-durante-jogo-contra-o-Palmeiras-pelo-Brasileirao-no-Maracana.webp","datePublished":"2024-09-27T02:08:43+00:00","dateModified":"2024-09-27T02:08:45+00:00","author":{"@id":"https:\/\/www.gaveanews.com\/#\/schema\/person\/daf63eec72e1164eb13dc35096c2b8da"},"breadcrumb":{"@id":"https:\/\/www.gaveanews.com\/index.php\/2024\/09\/26\/tite-tenta-se-livrar-da-responsabilidade-pela-eliminacao-do-flamengo\/#breadcrumb"},"inLanguage":"pt-BR","potentialAction":[{"@type":"ReadAction","target":["https:\/\/www.gaveanews.com\/index.php\/2024\/09\/26\/tite-tenta-se-livrar-da-responsabilidade-pela-eliminacao-do-flamengo\/"]}]},{"@type":"ImageObject","inLanguage":"pt-BR","@id":"https:\/\/www.gaveanews.com\/index.php\/2024\/09\/26\/tite-tenta-se-livrar-da-responsabilidade-pela-eliminacao-do-flamengo\/#primaryimage","url":"https:\/\/www.gaveanews.com\/wp-content\/uploads\/Tite-durante-jogo-contra-o-Palmeiras-pelo-Brasileirao-no-Maracana.webp","contentUrl":"https:\/\/www.gaveanews.com\/wp-content\/uploads\/Tite-durante-jogo-contra-o-Palmeiras-pelo-Brasileirao-no-Maracana.webp","width":633,"height":312,"caption":"Tite durante jogo contra o Palmeiras, pelo Brasileir\u00e3o, no Maracan\u00e3 (Foto: Divulga\u00e7\u00e3o\/Flamengo)"},{"@type":"BreadcrumbList","@id":"https:\/\/www.gaveanews.com\/index.php\/2024\/09\/26\/tite-tenta-se-livrar-da-responsabilidade-pela-eliminacao-do-flamengo\/#breadcrumb","itemListElement":[{"@type":"ListItem","position":1,"name":"Home","item":"https:\/\/www.gaveanews.com\/"},{"@type":"ListItem","position":2,"name":"Tite tenta se livrar da responsabilidade pela elimina\u00e7\u00e3o\u00a0do\u00a0Flamengo"}]},{"@type":"WebSite","@id":"https:\/\/www.gaveanews.com\/#website","url":"https:\/\/www.gaveanews.com\/","name":"G\u00e1vea News","description":"Veja todas as not\u00edcias sobre o Flamengo: Contrata\u00e7\u00f5es, categorias de base, resultados das partidas, tabela de classifica\u00e7\u00e3o, pr\u00f3ximos jogos!","potentialAction":[{"@type":"SearchAction","target":{"@type":"EntryPoint","urlTemplate":"https:\/\/www.gaveanews.com\/?s={search_term_string}"},"query-input":{"@type":"PropertyValueSpecification","valueRequired":true,"valueName":"search_term_string"}}],"inLanguage":"pt-BR"},{"@type":"Person","@id":"https:\/\/www.gaveanews.com\/#\/schema\/person\/daf63eec72e1164eb13dc35096c2b8da","name":"Paula Silva","image":{"@type":"ImageObject","inLanguage":"pt-BR","@id":"https:\/\/www.gaveanews.com\/#\/schema\/person\/image\/","url":"https:\/\/secure.gravatar.com\/avatar\/eda381c845527cc5d64c13b901833cda29d97500ba040d3e6461f76f51d163bb?s=96&d=mm&r=g","contentUrl":"https:\/\/secure.gravatar.com\/avatar\/eda381c845527cc5d64c13b901833cda29d97500ba040d3e6461f76f51d163bb?s=96&d=mm&r=g","caption":"Paula Silva"}}]}},"_links":{"self":[{"href":"https:\/\/www.gaveanews.com\/index.php\/wp-json\/wp\/v2\/posts\/169478","targetHints":{"allow":["GET"]}}],"collection":[{"href":"https:\/\/www.gaveanews.com\/index.php\/wp-json\/wp\/v2\/posts"}],"about":[{"href":"https:\/\/www.gaveanews.com\/index.php\/wp-json\/wp\/v2\/types\/post"}],"author":[{"embeddable":true,"href":"https:\/\/www.gaveanews.com\/index.php\/wp-json\/wp\/v2\/users\/18"}],"replies":[{"embeddable":true,"href":"https:\/\/www.gaveanews.com\/index.php\/wp-json\/wp\/v2\/comments?post=169478"}],"version-history":[{"count":2,"href":"https:\/\/www.gaveanews.com\/index.php\/wp-json\/wp\/v2\/posts\/169478\/revisions"}],"predecessor-version":[{"id":169493,"href":"https:\/\/www.gaveanews.com\/index.php\/wp-json\/wp\/v2\/posts\/169478\/revisions\/169493"}],"wp:featuredmedia":[{"embeddable":true,"href":"https:\/\/www.gaveanews.com\/index.php\/wp-json\/wp\/v2\/media\/158166"}],"wp:attachment":[{"href":"https:\/\/www.gaveanews.com\/index.php\/wp-json\/wp\/v2\/media?parent=169478"}],"wp:term":[{"taxonomy":"category","embeddable":true,"href":"https:\/\/www.gaveanews.com\/index.php\/wp-json\/wp\/v2\/categories?post=169478"},{"taxonomy":"post_tag","embeddable":true,"href":"https:\/\/www.gaveanews.com\/index.php\/wp-json\/wp\/v2\/tags?post=169478"}],"curies":[{"name":"wp","href":"https:\/\/api.w.org\/{rel}","templated":true}]}}