{"id":169511,"date":"2024-09-27T00:20:09","date_gmt":"2024-09-27T03:20:09","guid":{"rendered":"https:\/\/www.gaveanews.com\/?p=169511"},"modified":"2024-09-27T00:20:12","modified_gmt":"2024-09-27T03:20:12","slug":"isso-foi-o-que-o-goleiro-rossi-disse-apos-a-eliminacao-do-flamengo","status":"publish","type":"post","link":"https:\/\/www.gaveanews.com\/index.php\/2024\/09\/27\/isso-foi-o-que-o-goleiro-rossi-disse-apos-a-eliminacao-do-flamengo\/","title":{"rendered":"Isso foi o que o goleiro Rossi disse ap\u00f3s a elimina\u00e7\u00e3o do Flamengo"},"content":{"rendered":"\n<p>Nesta quinta-feira (26), o Flamengo deu adeus \u00e0 Copa Libertadores da Am\u00e9rica, ap\u00f3s empatar em 0 a 0 com o Pe\u00f1arol. Como o placar agregado das quartas de final terminou em 1 a 0 para o time uruguaio, o Rubro-Negro est\u00e1 eliminado.<\/p>\n\n\n\n<ul class=\"wp-block-list\">\n<li><a href=\"https:\/\/www.gaveanews.com\/index.php\/2024\/09\/26\/bruno-henrique-leo-ortiz-arrascaeta-de-la-cruz-rossi-matheus-goncalves-alex-sandro-wesley-fabricio-bruno-gerson-leo-pereira-varela-plata-gabriel-e-tite-as-notas-dos-jogadores-do-flamengo\/\">Bruno Henrique, L\u00e9o Ortiz, Arrascaeta, De la Cruz, Rossi, Matheus Gon\u00e7alves, Alex Sandro, Wesley, Fabr\u00edcio Bruno, Gerson, L\u00e9o Pereira, Varela, Plata, Gabriel e Tite: as notas dos jogadores do Flamengo<\/a><\/li>\n\n\n\n<li><a href=\"https:\/\/www.gaveanews.com\/index.php\/2024\/09\/26\/torcida-do-flamengo-exige-a-demissao-de-tite-apos-eliminacao-na-libertadores\/\">Torcida do Flamengo exige a demiss\u00e3o de Tite ap\u00f3s elimina\u00e7\u00e3o\u00a0na\u00a0Libertadores<\/a><\/li>\n<\/ul>\n\n\n\n<p>Ao final da partida, o goleiro Rossi agradeceu a torcida pelo apoio, definiu a n\u00e3o efetividade para marcar gols como &#8220;gosto amargo&#8221;, e falou sobre o abalo psicol\u00f3gico dos jogadores, principalmente ap\u00f3s as muitas les\u00f5es no elenco. <\/p>\n\n\n\n<p>\u2014 <em>Para o torcedor, s\u00f3 tenho a agradecer. Primeiramente pelo apoio no Maracan\u00e3. Sofremos um gol cedo e em seguida dominamos ambos os jogos. A realidade \u00e9 que hoje ficamos com o gosto amargo por n\u00e3o conseguir marcar um gol. Tivemos oportunidades, mas falhamos na finaliza\u00e7\u00e3o. Como o treinador mencionou, perdemos o Pedro, o Cebolinha, o Luiz (Ara\u00fajo), que s\u00e3o pe\u00e7as-chave, e isso afeta psicologicamente os jogadores. Quando vemos um colega se machucar, tamb\u00e9m nos preocupamos em ficar de fora da temporada<\/em> -, disse, antes de continuar:<\/p>\n\n\n\n<p>\u2014 <em>Temos metas claras, que o Flamengo sempre busca alcan\u00e7ar. Por\u00e9m, ainda falta muito para o ano terminar. \u00c9 isso agora. Focar no jogo de domingo. Precisamos mudar nossa mentalidade para nos reerguermos na partida em casa, no domingo. Em seguida, teremos uma semifinal crucial da Copa do Brasil. Devemos seguir trabalhando. A Libertadores j\u00e1 \u00e9 passado. Restam duas competi\u00e7\u00f5es para disputar <\/em>-, pontuou.<\/p>\n\n\n\n<p>Apesar do abalo emocional citado por Rossi, algo que nitidamente a equipe do Flamengo n\u00e3o tem, visto que sequer encontra for\u00e7as para buscar reverter um placar negativo, o problema \u00e9 muito maior: falta tudo no time. <\/p>\n\n\n\n<p>A equipe teve uma queda brusca de rendimento, n\u00e3o consegue impor seu jogo, n\u00e3o tem criatividade, e nas vezes em que \u00e9 superior, n\u00e3o transforma o dom\u00ednio em efetividade. Ou seja, \u00e9 um time que, hoje, n\u00e3o p\u00f5e medo emnenhum advers\u00e1rio. <\/p>\n\n\n\n<p>Rossi tamb\u00e9m citou que &#8216;tem duas competi\u00e7\u00f5es para disputar&#8217;, mas a verdade \u00e9 que o \u00fanico torneio ainda palp\u00e1vel para o Flamengo \u00e9 a Copa do Brasil. No mata-mata nacional, o Fla est\u00e1 na semifinal e vai enfrentar o Corinthians por uma vaga na semifinal.<\/p>\n\n\n\n<p>No Campeonato Brasileiro, a situa\u00e7\u00e3o \u00e9 bem complicada. O Flamengo \u00e9 o quarto na tabela, com 45 pontos, 11 a menos que o Botafogo, l\u00edder do torneio com 56. Mesmo tendo uum jogo a menos, caso ven\u00e7a, o Rubro-Negro diminui a diferen\u00e7a para oito pontos, que ainda \u00e9 muito para tirar. Dessa forma, o Fla n\u00e3o depende s\u00f3 de si, mas tamb\u00e9m dos trope\u00e7os dos rivais, ligando ainda mais o alerta para o p\u00e9ssimo fim que se desenha para a temporada.<\/p>\n","protected":false},"excerpt":{"rendered":"<p>Nesta quinta-feira (26), o Flamengo deu adeus \u00e0 Copa Libertadores da Am\u00e9rica, ap\u00f3s empatar em 0 a 0 com o Pe\u00f1arol. Como o placar agregado das quartas de final terminou em 1 a 0 para o time uruguaio, o Rubro-Negro est\u00e1 eliminado. Ao final da partida, o goleiro Rossi agradeceu a torcida pelo apoio, definiu [&hellip;]<\/p>\n","protected":false},"author":18,"featured_media":149542,"comment_status":"open","ping_status":"closed","sticky":false,"template":"","format":"standard","meta":{"footnotes":""},"categories":[1],"tags":[],"class_list":["post-169511","post","type-post","status-publish","format-standard","has-post-thumbnail","hentry","category-flamengo"],"yoast_head":"<!-- This site is optimized with the Yoast SEO Premium plugin v24.2 (Yoast SEO v26.9) - https:\/\/yoast.com\/product\/yoast-seo-premium-wordpress\/ -->\n<title>Isso foi o que o goleiro Rossi disse ap\u00f3s a elimina\u00e7\u00e3o do Flamengo<\/title>\n<meta name=\"robots\" content=\"index, follow, max-snippet:-1, max-image-preview:large, max-video-preview:-1\" \/>\n<link rel=\"canonical\" href=\"https:\/\/www.gaveanews.com\/index.php\/2024\/09\/27\/isso-foi-o-que-o-goleiro-rossi-disse-apos-a-eliminacao-do-flamengo\/\" \/>\n<meta property=\"og:locale\" content=\"pt_BR\" \/>\n<meta property=\"og:type\" content=\"article\" \/>\n<meta property=\"og:title\" content=\"Isso foi o que o goleiro Rossi disse ap\u00f3s a elimina\u00e7\u00e3o do Flamengo\" \/>\n<meta property=\"og:description\" content=\"Nesta quinta-feira (26), o Flamengo deu adeus \u00e0 Copa Libertadores da Am\u00e9rica, ap\u00f3s empatar em 0 a 0 com o Pe\u00f1arol. Como o placar agregado das quartas de final terminou em 1 a 0 para o time uruguaio, o Rubro-Negro est\u00e1 eliminado. Ao final da partida, o goleiro Rossi agradeceu a torcida pelo apoio, definiu [&hellip;]\" \/>\n<meta property=\"og:url\" content=\"https:\/\/www.gaveanews.com\/index.php\/2024\/09\/27\/isso-foi-o-que-o-goleiro-rossi-disse-apos-a-eliminacao-do-flamengo\/\" \/>\n<meta property=\"og:site_name\" content=\"G\u00e1vea News\" \/>\n<meta property=\"article:publisher\" content=\"https:\/\/facebook.com\/gaveaNews\/\" \/>\n<meta property=\"article:published_time\" content=\"2024-09-27T03:20:09+00:00\" \/>\n<meta property=\"article:modified_time\" content=\"2024-09-27T03:20:12+00:00\" \/>\n<meta property=\"og:image\" content=\"https:\/\/www.gaveanews.com\/wp-content\/uploads\/Rossi_flamengo_Jaconi-1024x683-1.webp\" \/>\n\t<meta property=\"og:image:width\" content=\"1024\" \/>\n\t<meta property=\"og:image:height\" content=\"683\" \/>\n\t<meta property=\"og:image:type\" content=\"image\/webp\" \/>\n<meta name=\"author\" content=\"Paula Silva\" \/>\n<meta name=\"twitter:card\" content=\"summary_large_image\" \/>\n<meta name=\"twitter:label1\" content=\"Escrito por\" \/>\n\t<meta name=\"twitter:data1\" content=\"Paula Silva\" \/>\n\t<meta name=\"twitter:label2\" content=\"Est. tempo de leitura\" \/>\n\t<meta name=\"twitter:data2\" content=\"3 minutos\" \/>\n<script type=\"application\/ld+json\" class=\"yoast-schema-graph\">{\"@context\":\"https:\/\/schema.org\",\"@graph\":[{\"@type\":\"NewsArticle\",\"@id\":\"https:\/\/www.gaveanews.com\/index.php\/2024\/09\/27\/isso-foi-o-que-o-goleiro-rossi-disse-apos-a-eliminacao-do-flamengo\/#article\",\"isPartOf\":{\"@id\":\"https:\/\/www.gaveanews.com\/index.php\/2024\/09\/27\/isso-foi-o-que-o-goleiro-rossi-disse-apos-a-eliminacao-do-flamengo\/\"},\"author\":{\"name\":\"Paula Silva\",\"@id\":\"https:\/\/www.gaveanews.com\/#\/schema\/person\/daf63eec72e1164eb13dc35096c2b8da\"},\"headline\":\"Isso foi o que o goleiro Rossi disse ap\u00f3s a elimina\u00e7\u00e3o do Flamengo\",\"datePublished\":\"2024-09-27T03:20:09+00:00\",\"dateModified\":\"2024-09-27T03:20:12+00:00\",\"mainEntityOfPage\":{\"@id\":\"https:\/\/www.gaveanews.com\/index.php\/2024\/09\/27\/isso-foi-o-que-o-goleiro-rossi-disse-apos-a-eliminacao-do-flamengo\/\"},\"wordCount\":511,\"commentCount\":0,\"image\":{\"@id\":\"https:\/\/www.gaveanews.com\/index.php\/2024\/09\/27\/isso-foi-o-que-o-goleiro-rossi-disse-apos-a-eliminacao-do-flamengo\/#primaryimage\"},\"thumbnailUrl\":\"https:\/\/www.gaveanews.com\/wp-content\/uploads\/Rossi_flamengo_Jaconi-1024x683-1.webp\",\"articleSection\":[\"Flamengo\"],\"inLanguage\":\"pt-BR\",\"potentialAction\":[{\"@type\":\"CommentAction\",\"name\":\"Comment\",\"target\":[\"https:\/\/www.gaveanews.com\/index.php\/2024\/09\/27\/isso-foi-o-que-o-goleiro-rossi-disse-apos-a-eliminacao-do-flamengo\/#respond\"]}],\"copyrightYear\":\"2024\",\"copyrightHolder\":{\"@id\":\"https:\/\/www.gaveanews.com\/#organization\"}},{\"@type\":\"WebPage\",\"@id\":\"https:\/\/www.gaveanews.com\/index.php\/2024\/09\/27\/isso-foi-o-que-o-goleiro-rossi-disse-apos-a-eliminacao-do-flamengo\/\",\"url\":\"https:\/\/www.gaveanews.com\/index.php\/2024\/09\/27\/isso-foi-o-que-o-goleiro-rossi-disse-apos-a-eliminacao-do-flamengo\/\",\"name\":\"Isso foi o que o goleiro Rossi disse ap\u00f3s a elimina\u00e7\u00e3o do Flamengo\",\"isPartOf\":{\"@id\":\"https:\/\/www.gaveanews.com\/#website\"},\"primaryImageOfPage\":{\"@id\":\"https:\/\/www.gaveanews.com\/index.php\/2024\/09\/27\/isso-foi-o-que-o-goleiro-rossi-disse-apos-a-eliminacao-do-flamengo\/#primaryimage\"},\"image\":{\"@id\":\"https:\/\/www.gaveanews.com\/index.php\/2024\/09\/27\/isso-foi-o-que-o-goleiro-rossi-disse-apos-a-eliminacao-do-flamengo\/#primaryimage\"},\"thumbnailUrl\":\"https:\/\/www.gaveanews.com\/wp-content\/uploads\/Rossi_flamengo_Jaconi-1024x683-1.webp\",\"datePublished\":\"2024-09-27T03:20:09+00:00\",\"dateModified\":\"2024-09-27T03:20:12+00:00\",\"author\":{\"@id\":\"https:\/\/www.gaveanews.com\/#\/schema\/person\/daf63eec72e1164eb13dc35096c2b8da\"},\"breadcrumb\":{\"@id\":\"https:\/\/www.gaveanews.com\/index.php\/2024\/09\/27\/isso-foi-o-que-o-goleiro-rossi-disse-apos-a-eliminacao-do-flamengo\/#breadcrumb\"},\"inLanguage\":\"pt-BR\",\"potentialAction\":[{\"@type\":\"ReadAction\",\"target\":[\"https:\/\/www.gaveanews.com\/index.php\/2024\/09\/27\/isso-foi-o-que-o-goleiro-rossi-disse-apos-a-eliminacao-do-flamengo\/\"]}]},{\"@type\":\"ImageObject\",\"inLanguage\":\"pt-BR\",\"@id\":\"https:\/\/www.gaveanews.com\/index.php\/2024\/09\/27\/isso-foi-o-que-o-goleiro-rossi-disse-apos-a-eliminacao-do-flamengo\/#primaryimage\",\"url\":\"https:\/\/www.gaveanews.com\/wp-content\/uploads\/Rossi_flamengo_Jaconi-1024x683-1.webp\",\"contentUrl\":\"https:\/\/www.gaveanews.com\/wp-content\/uploads\/Rossi_flamengo_Jaconi-1024x683-1.webp\",\"width\":1024,\"height\":683,\"caption\":\"Foto: Marcelo Cortes\"},{\"@type\":\"BreadcrumbList\",\"@id\":\"https:\/\/www.gaveanews.com\/index.php\/2024\/09\/27\/isso-foi-o-que-o-goleiro-rossi-disse-apos-a-eliminacao-do-flamengo\/#breadcrumb\",\"itemListElement\":[{\"@type\":\"ListItem\",\"position\":1,\"name\":\"Home\",\"item\":\"https:\/\/www.gaveanews.com\/\"},{\"@type\":\"ListItem\",\"position\":2,\"name\":\"Isso foi o que o goleiro Rossi disse ap\u00f3s a elimina\u00e7\u00e3o do Flamengo\"}]},{\"@type\":\"WebSite\",\"@id\":\"https:\/\/www.gaveanews.com\/#website\",\"url\":\"https:\/\/www.gaveanews.com\/\",\"name\":\"G\u00e1vea News\",\"description\":\"Veja todas as not\u00edcias sobre o Flamengo: Contrata\u00e7\u00f5es, categorias de base, resultados das partidas, tabela de classifica\u00e7\u00e3o, pr\u00f3ximos jogos!\",\"potentialAction\":[{\"@type\":\"SearchAction\",\"target\":{\"@type\":\"EntryPoint\",\"urlTemplate\":\"https:\/\/www.gaveanews.com\/?s={search_term_string}\"},\"query-input\":{\"@type\":\"PropertyValueSpecification\",\"valueRequired\":true,\"valueName\":\"search_term_string\"}}],\"inLanguage\":\"pt-BR\"},{\"@type\":\"Person\",\"@id\":\"https:\/\/www.gaveanews.com\/#\/schema\/person\/daf63eec72e1164eb13dc35096c2b8da\",\"name\":\"Paula Silva\",\"image\":{\"@type\":\"ImageObject\",\"inLanguage\":\"pt-BR\",\"@id\":\"https:\/\/www.gaveanews.com\/#\/schema\/person\/image\/\",\"url\":\"https:\/\/secure.gravatar.com\/avatar\/eda381c845527cc5d64c13b901833cda29d97500ba040d3e6461f76f51d163bb?s=96&d=mm&r=g\",\"contentUrl\":\"https:\/\/secure.gravatar.com\/avatar\/eda381c845527cc5d64c13b901833cda29d97500ba040d3e6461f76f51d163bb?s=96&d=mm&r=g\",\"caption\":\"Paula Silva\"}}]}<\/script>\n<!-- \/ Yoast SEO Premium plugin. -->","yoast_head_json":{"title":"Isso foi o que o goleiro Rossi disse ap\u00f3s a elimina\u00e7\u00e3o do Flamengo","robots":{"index":"index","follow":"follow","max-snippet":"max-snippet:-1","max-image-preview":"max-image-preview:large","max-video-preview":"max-video-preview:-1"},"canonical":"https:\/\/www.gaveanews.com\/index.php\/2024\/09\/27\/isso-foi-o-que-o-goleiro-rossi-disse-apos-a-eliminacao-do-flamengo\/","og_locale":"pt_BR","og_type":"article","og_title":"Isso foi o que o goleiro Rossi disse ap\u00f3s a elimina\u00e7\u00e3o do Flamengo","og_description":"Nesta quinta-feira (26), o Flamengo deu adeus \u00e0 Copa Libertadores da Am\u00e9rica, ap\u00f3s empatar em 0 a 0 com o Pe\u00f1arol. Como o placar agregado das quartas de final terminou em 1 a 0 para o time uruguaio, o Rubro-Negro est\u00e1 eliminado. Ao final da partida, o goleiro Rossi agradeceu a torcida pelo apoio, definiu [&hellip;]","og_url":"https:\/\/www.gaveanews.com\/index.php\/2024\/09\/27\/isso-foi-o-que-o-goleiro-rossi-disse-apos-a-eliminacao-do-flamengo\/","og_site_name":"G\u00e1vea News","article_publisher":"https:\/\/facebook.com\/gaveaNews\/","article_published_time":"2024-09-27T03:20:09+00:00","article_modified_time":"2024-09-27T03:20:12+00:00","og_image":[{"width":1024,"height":683,"url":"https:\/\/www.gaveanews.com\/wp-content\/uploads\/Rossi_flamengo_Jaconi-1024x683-1.webp","type":"image\/webp"}],"author":"Paula Silva","twitter_card":"summary_large_image","twitter_misc":{"Escrito por":"Paula Silva","Est. tempo de leitura":"3 minutos"},"schema":{"@context":"https:\/\/schema.org","@graph":[{"@type":"NewsArticle","@id":"https:\/\/www.gaveanews.com\/index.php\/2024\/09\/27\/isso-foi-o-que-o-goleiro-rossi-disse-apos-a-eliminacao-do-flamengo\/#article","isPartOf":{"@id":"https:\/\/www.gaveanews.com\/index.php\/2024\/09\/27\/isso-foi-o-que-o-goleiro-rossi-disse-apos-a-eliminacao-do-flamengo\/"},"author":{"name":"Paula Silva","@id":"https:\/\/www.gaveanews.com\/#\/schema\/person\/daf63eec72e1164eb13dc35096c2b8da"},"headline":"Isso foi o que o goleiro Rossi disse ap\u00f3s a elimina\u00e7\u00e3o do Flamengo","datePublished":"2024-09-27T03:20:09+00:00","dateModified":"2024-09-27T03:20:12+00:00","mainEntityOfPage":{"@id":"https:\/\/www.gaveanews.com\/index.php\/2024\/09\/27\/isso-foi-o-que-o-goleiro-rossi-disse-apos-a-eliminacao-do-flamengo\/"},"wordCount":511,"commentCount":0,"image":{"@id":"https:\/\/www.gaveanews.com\/index.php\/2024\/09\/27\/isso-foi-o-que-o-goleiro-rossi-disse-apos-a-eliminacao-do-flamengo\/#primaryimage"},"thumbnailUrl":"https:\/\/www.gaveanews.com\/wp-content\/uploads\/Rossi_flamengo_Jaconi-1024x683-1.webp","articleSection":["Flamengo"],"inLanguage":"pt-BR","potentialAction":[{"@type":"CommentAction","name":"Comment","target":["https:\/\/www.gaveanews.com\/index.php\/2024\/09\/27\/isso-foi-o-que-o-goleiro-rossi-disse-apos-a-eliminacao-do-flamengo\/#respond"]}],"copyrightYear":"2024","copyrightHolder":{"@id":"https:\/\/www.gaveanews.com\/#organization"}},{"@type":"WebPage","@id":"https:\/\/www.gaveanews.com\/index.php\/2024\/09\/27\/isso-foi-o-que-o-goleiro-rossi-disse-apos-a-eliminacao-do-flamengo\/","url":"https:\/\/www.gaveanews.com\/index.php\/2024\/09\/27\/isso-foi-o-que-o-goleiro-rossi-disse-apos-a-eliminacao-do-flamengo\/","name":"Isso foi o que o goleiro Rossi disse ap\u00f3s a elimina\u00e7\u00e3o do Flamengo","isPartOf":{"@id":"https:\/\/www.gaveanews.com\/#website"},"primaryImageOfPage":{"@id":"https:\/\/www.gaveanews.com\/index.php\/2024\/09\/27\/isso-foi-o-que-o-goleiro-rossi-disse-apos-a-eliminacao-do-flamengo\/#primaryimage"},"image":{"@id":"https:\/\/www.gaveanews.com\/index.php\/2024\/09\/27\/isso-foi-o-que-o-goleiro-rossi-disse-apos-a-eliminacao-do-flamengo\/#primaryimage"},"thumbnailUrl":"https:\/\/www.gaveanews.com\/wp-content\/uploads\/Rossi_flamengo_Jaconi-1024x683-1.webp","datePublished":"2024-09-27T03:20:09+00:00","dateModified":"2024-09-27T03:20:12+00:00","author":{"@id":"https:\/\/www.gaveanews.com\/#\/schema\/person\/daf63eec72e1164eb13dc35096c2b8da"},"breadcrumb":{"@id":"https:\/\/www.gaveanews.com\/index.php\/2024\/09\/27\/isso-foi-o-que-o-goleiro-rossi-disse-apos-a-eliminacao-do-flamengo\/#breadcrumb"},"inLanguage":"pt-BR","potentialAction":[{"@type":"ReadAction","target":["https:\/\/www.gaveanews.com\/index.php\/2024\/09\/27\/isso-foi-o-que-o-goleiro-rossi-disse-apos-a-eliminacao-do-flamengo\/"]}]},{"@type":"ImageObject","inLanguage":"pt-BR","@id":"https:\/\/www.gaveanews.com\/index.php\/2024\/09\/27\/isso-foi-o-que-o-goleiro-rossi-disse-apos-a-eliminacao-do-flamengo\/#primaryimage","url":"https:\/\/www.gaveanews.com\/wp-content\/uploads\/Rossi_flamengo_Jaconi-1024x683-1.webp","contentUrl":"https:\/\/www.gaveanews.com\/wp-content\/uploads\/Rossi_flamengo_Jaconi-1024x683-1.webp","width":1024,"height":683,"caption":"Foto: Marcelo Cortes"},{"@type":"BreadcrumbList","@id":"https:\/\/www.gaveanews.com\/index.php\/2024\/09\/27\/isso-foi-o-que-o-goleiro-rossi-disse-apos-a-eliminacao-do-flamengo\/#breadcrumb","itemListElement":[{"@type":"ListItem","position":1,"name":"Home","item":"https:\/\/www.gaveanews.com\/"},{"@type":"ListItem","position":2,"name":"Isso foi o que o goleiro Rossi disse ap\u00f3s a elimina\u00e7\u00e3o do Flamengo"}]},{"@type":"WebSite","@id":"https:\/\/www.gaveanews.com\/#website","url":"https:\/\/www.gaveanews.com\/","name":"G\u00e1vea News","description":"Veja todas as not\u00edcias sobre o Flamengo: Contrata\u00e7\u00f5es, categorias de base, resultados das partidas, tabela de classifica\u00e7\u00e3o, pr\u00f3ximos jogos!","potentialAction":[{"@type":"SearchAction","target":{"@type":"EntryPoint","urlTemplate":"https:\/\/www.gaveanews.com\/?s={search_term_string}"},"query-input":{"@type":"PropertyValueSpecification","valueRequired":true,"valueName":"search_term_string"}}],"inLanguage":"pt-BR"},{"@type":"Person","@id":"https:\/\/www.gaveanews.com\/#\/schema\/person\/daf63eec72e1164eb13dc35096c2b8da","name":"Paula Silva","image":{"@type":"ImageObject","inLanguage":"pt-BR","@id":"https:\/\/www.gaveanews.com\/#\/schema\/person\/image\/","url":"https:\/\/secure.gravatar.com\/avatar\/eda381c845527cc5d64c13b901833cda29d97500ba040d3e6461f76f51d163bb?s=96&d=mm&r=g","contentUrl":"https:\/\/secure.gravatar.com\/avatar\/eda381c845527cc5d64c13b901833cda29d97500ba040d3e6461f76f51d163bb?s=96&d=mm&r=g","caption":"Paula Silva"}}]}},"_links":{"self":[{"href":"https:\/\/www.gaveanews.com\/index.php\/wp-json\/wp\/v2\/posts\/169511","targetHints":{"allow":["GET"]}}],"collection":[{"href":"https:\/\/www.gaveanews.com\/index.php\/wp-json\/wp\/v2\/posts"}],"about":[{"href":"https:\/\/www.gaveanews.com\/index.php\/wp-json\/wp\/v2\/types\/post"}],"author":[{"embeddable":true,"href":"https:\/\/www.gaveanews.com\/index.php\/wp-json\/wp\/v2\/users\/18"}],"replies":[{"embeddable":true,"href":"https:\/\/www.gaveanews.com\/index.php\/wp-json\/wp\/v2\/comments?post=169511"}],"version-history":[{"count":1,"href":"https:\/\/www.gaveanews.com\/index.php\/wp-json\/wp\/v2\/posts\/169511\/revisions"}],"predecessor-version":[{"id":169512,"href":"https:\/\/www.gaveanews.com\/index.php\/wp-json\/wp\/v2\/posts\/169511\/revisions\/169512"}],"wp:featuredmedia":[{"embeddable":true,"href":"https:\/\/www.gaveanews.com\/index.php\/wp-json\/wp\/v2\/media\/149542"}],"wp:attachment":[{"href":"https:\/\/www.gaveanews.com\/index.php\/wp-json\/wp\/v2\/media?parent=169511"}],"wp:term":[{"taxonomy":"category","embeddable":true,"href":"https:\/\/www.gaveanews.com\/index.php\/wp-json\/wp\/v2\/categories?post=169511"},{"taxonomy":"post_tag","embeddable":true,"href":"https:\/\/www.gaveanews.com\/index.php\/wp-json\/wp\/v2\/tags?post=169511"}],"curies":[{"name":"wp","href":"https:\/\/api.w.org\/{rel}","templated":true}]}}