{"id":169513,"date":"2024-09-27T10:15:59","date_gmt":"2024-09-27T13:15:59","guid":{"rendered":"https:\/\/www.gaveanews.com\/?p=169513"},"modified":"2024-09-27T10:05:07","modified_gmt":"2024-09-27T13:05:07","slug":"stjd-pode-prejudicar-o-fluminense-declaracao-de-thiago-silva-e-recado-de-andre-rizek-as-ultimas-noticias-do-tricolor","status":"publish","type":"post","link":"https:\/\/www.gaveanews.com\/index.php\/2024\/09\/27\/stjd-pode-prejudicar-o-fluminense-declaracao-de-thiago-silva-e-recado-de-andre-rizek-as-ultimas-noticias-do-tricolor\/","title":{"rendered":"STJD pode prejudicar o Fluminense, declara\u00e7\u00e3o de Thiago Silva e recado de Andr\u00e9 Rizek: as \u00faltimas not\u00edcias do Tricolor"},"content":{"rendered":"\n<p>Nas \u00faltimas horas, o foco das not\u00edcias sobre o Fluminense se concentram nos bastidores do clube, com destaques como a declara\u00e7\u00e3o de Thiago Silva e o recado de Andr\u00e9 Rizek<\/p>\n\n\n\n<p>Por conta deste contexto, leia abaixo um resumo preparado pela equipe do portal G\u00e1vea News para lhe manter muito bem informado!<\/p>\n\n\n\n<h2 class=\"wp-block-heading\" id=\"h-declaracao-de-thiago-silva\">Declara\u00e7\u00e3o de Thiago Silva<\/h2>\n\n\n\n<p>A elimina\u00e7\u00e3o do Fluminense da Copa Libertadores, ap\u00f3s a derrota por 2 a 1 para o Atl\u00e9tico-MG na Arena MRV, gerou reflex\u00f5es sobre o desempenho da equipe tricolor. Com uma atua\u00e7\u00e3o abaixo das expectativas, at\u00e9 os pr\u00f3prios jogadores reconheceram que o advers\u00e1rio mereceu a classifica\u00e7\u00e3o. Thiago Silva, um dos l\u00edderes do time, admitiu que o Fluminense n\u00e3o conseguiu impor seu jogo, destacando que o Atl\u00e9tico-MG teve mais iniciativa e aproveitou melhor as oportunidades.<strong><a href=\"https:\/\/www.gaveanews.com\/index.php\/2024\/09\/26\/a-declaracao-de-thiago-silva-apos-a-eliminacao-do-fluminense\/\"> (leia a mat\u00e9ria completa)<\/a><\/strong><\/p>\n\n\n\n<figure class=\"wp-block-image size-large\"><img loading=\"lazy\" decoding=\"async\" width=\"819\" height=\"1024\" src=\"https:\/\/www.gaveanews.com\/wp-content\/uploads\/Thiago-Silva-durante-o-jogo-entre-Fluminense-x-Palmeiras-pelo-Brasileirao-2024-no-Maracana-819x1024.webp\" alt=\"\" class=\"wp-image-154491\" srcset=\"https:\/\/www.gaveanews.com\/wp-content\/uploads\/Thiago-Silva-durante-o-jogo-entre-Fluminense-x-Palmeiras-pelo-Brasileirao-2024-no-Maracana-819x1024.webp 819w, https:\/\/www.gaveanews.com\/wp-content\/uploads\/Thiago-Silva-durante-o-jogo-entre-Fluminense-x-Palmeiras-pelo-Brasileirao-2024-no-Maracana-240x300.webp 240w, https:\/\/www.gaveanews.com\/wp-content\/uploads\/Thiago-Silva-durante-o-jogo-entre-Fluminense-x-Palmeiras-pelo-Brasileirao-2024-no-Maracana-768x960.webp 768w, https:\/\/www.gaveanews.com\/wp-content\/uploads\/Thiago-Silva-durante-o-jogo-entre-Fluminense-x-Palmeiras-pelo-Brasileirao-2024-no-Maracana-1229x1536.webp 1229w, https:\/\/www.gaveanews.com\/wp-content\/uploads\/Thiago-Silva-durante-o-jogo-entre-Fluminense-x-Palmeiras-pelo-Brasileirao-2024-no-Maracana-336x420.webp 336w, https:\/\/www.gaveanews.com\/wp-content\/uploads\/Thiago-Silva-durante-o-jogo-entre-Fluminense-x-Palmeiras-pelo-Brasileirao-2024-no-Maracana-672x840.webp 672w, https:\/\/www.gaveanews.com\/wp-content\/uploads\/Thiago-Silva-durante-o-jogo-entre-Fluminense-x-Palmeiras-pelo-Brasileirao-2024-no-Maracana-640x800.webp 640w, https:\/\/www.gaveanews.com\/wp-content\/uploads\/Thiago-Silva-durante-o-jogo-entre-Fluminense-x-Palmeiras-pelo-Brasileirao-2024-no-Maracana-681x851.webp 681w, https:\/\/www.gaveanews.com\/wp-content\/uploads\/Thiago-Silva-durante-o-jogo-entre-Fluminense-x-Palmeiras-pelo-Brasileirao-2024-no-Maracana-100x125.webp 100w, https:\/\/www.gaveanews.com\/wp-content\/uploads\/Thiago-Silva-durante-o-jogo-entre-Fluminense-x-Palmeiras-pelo-Brasileirao-2024-no-Maracana.webp 1280w\" sizes=\"auto, (max-width: 819px) 100vw, 819px\" \/><figcaption class=\"wp-element-caption\">Thiago Silva durante o jogo entre Fluminense x Palmeiras pelo Brasileir\u00e3o 2024 no Maracan\u00e3 (Foto: Lucas Mer\u00e7on\/Fluminense)\n<\/figcaption><\/figure>\n\n\n\n<p>Thiago Silva ainda comentou sobre o segundo gol do Atl\u00e9tico, marcado por Deyverson, descrevendo-o como evit\u00e1vel. Ele mencionou que a bola desviou em sua cabe\u00e7a e tirou a defesa de F\u00e1bio de posi\u00e7\u00e3o, lamentando o lance que ajudou a selar a elimina\u00e7\u00e3o. Al\u00e9m disso, o zagueiro admitiu que o Fluminense teve dificuldade em manter o ritmo esperado e que o Atl\u00e9tico foi superior ao longo da partida, aproveitando melhor as chances criadas.<\/p>\n\n\n\n<p>Marcelo, que entrou no segundo tempo, tamb\u00e9m reconheceu a superioridade do Atl\u00e9tico-MG. Ele elogiou o advers\u00e1rio e ressaltou que a equipe mineira fez mais por merecer a vaga. Com a elimina\u00e7\u00e3o, o Fluminense agora volta suas aten\u00e7\u00f5es para o Campeonato Brasileiro, onde tamb\u00e9m enfrenta dificuldades. Marcelo frisou a import\u00e2ncia de aprender com essa derrota para tentar melhorar o desempenho na reta final do Brasileir\u00e3o.<\/p>\n\n\n\n<h2 class=\"wp-block-heading\" id=\"h-stjd-pode-prejudicar-o-fluminense\">STJD pode prejudicar o Fluminense<\/h2>\n\n\n\n<p>O Tribunal Pleno do STJD adiou, nesta quinta-feira, a delibera\u00e7\u00e3o sobre o pedido do S\u00e3o Paulo para anular a partida contra o Fluminense, v\u00e1lida pelo Campeonato Brasileiro, realizada em 1\u00ba de setembro. O clube paulista alega que houve erro de arbitragem na valida\u00e7\u00e3o do primeiro gol do Fluminense, na vit\u00f3ria carioca por 2 a 0. O S\u00e3o Paulo reclama de uma suposta falta de Thiago Silva, que teria tocado a bola com a m\u00e3o, o que, segundo o clube, deveria ter anulado o gol. O \u00e1rbitro Paulo Cesar Zanovelli foi chamado pelo VAR para revisar o lance, mas decidiu manter a validade do gol.<strong><a href=\"https:\/\/www.gaveanews.com\/index.php\/2024\/09\/26\/stjd-pode-anular-partida-entre-fluminense-x-sao-paulo-pelo-brasileirao\/\"> (leia a mat\u00e9ria completa)<\/a><\/strong><\/p>\n\n\n\n<figure class=\"wp-block-image size-full\"><img loading=\"lazy\" decoding=\"async\" width=\"850\" height=\"530\" src=\"https:\/\/www.gaveanews.com\/wp-content\/uploads\/53413588107_df8d1cb73b_k-aspect-ratio-512-320-2.webp\" alt=\"\" class=\"wp-image-141970\" srcset=\"https:\/\/www.gaveanews.com\/wp-content\/uploads\/53413588107_df8d1cb73b_k-aspect-ratio-512-320-2.webp 850w, https:\/\/www.gaveanews.com\/wp-content\/uploads\/53413588107_df8d1cb73b_k-aspect-ratio-512-320-2-300x187.webp 300w, https:\/\/www.gaveanews.com\/wp-content\/uploads\/53413588107_df8d1cb73b_k-aspect-ratio-512-320-2-768x479.webp 768w, https:\/\/www.gaveanews.com\/wp-content\/uploads\/53413588107_df8d1cb73b_k-aspect-ratio-512-320-2-674x420.webp 674w, https:\/\/www.gaveanews.com\/wp-content\/uploads\/53413588107_df8d1cb73b_k-aspect-ratio-512-320-2-640x399.webp 640w, https:\/\/www.gaveanews.com\/wp-content\/uploads\/53413588107_df8d1cb73b_k-aspect-ratio-512-320-2-681x425.webp 681w, https:\/\/www.gaveanews.com\/wp-content\/uploads\/53413588107_df8d1cb73b_k-aspect-ratio-512-320-2-100x62.webp 100w\" sizes=\"auto, (max-width: 850px) 100vw, 850px\" \/><figcaption class=\"wp-element-caption\">Foto: Lucas Mer\u00e7on\/Fluminense<\/figcaption><\/figure>\n\n\n\n<p>A decis\u00e3o de adiar a vota\u00e7\u00e3o foi sugerida pela auditora Antonieta da Silva Pinto, que solicitou uma an\u00e1lise mais detalhada do caso. Embora o relator do processo, Rodrigo Aiache, tenha reconhecido que houve um erro de direito, ele considerou que a falha n\u00e3o alterou significativamente o resultado da partida. Outros auditores argumentaram que a solicita\u00e7\u00e3o do S\u00e3o Paulo foi feita fora do prazo de 48 horas estabelecido pelo CBJD, o que inviabilizaria a an\u00e1lise do m\u00e9rito do caso.<\/p>\n\n\n\n<p>A pol\u00eamica gira em torno de um lance entre Calleri e Thiago Santos no meio-campo, onde o \u00e1rbitro deu vantagem ao Fluminense ap\u00f3s uma falta sobre o argentino. Thiago Silva, acreditando que a jogada havia sido interrompida, tocou a bola com a m\u00e3o, o que gerou a reclama\u00e7\u00e3o do S\u00e3o Paulo. Ap\u00f3s revisar as imagens no VAR, Zanovelli decidiu manter a decis\u00e3o de validar o gol, gerando indigna\u00e7\u00e3o nos dirigentes do S\u00e3o Paulo, que levaram a quest\u00e3o \u00e0 CBF antes de recorrer ao STJD.<\/p>\n\n\n\n<h2 class=\"wp-block-heading\" id=\"h-recado-de-andre-rizek\">Recado de Andr\u00e9 Rizek<\/h2>\n\n\n\n<p>O jornalista Andr\u00e9 Rizek, da Globo, compartilhou sua an\u00e1lise sobre a elimina\u00e7\u00e3o do Fluminense e a vit\u00f3ria do Atl\u00e9tico Mineiro na Libertadores em um v\u00eddeo para o site do Globo Esporte. Para Rizek, o Fluminense foi completamente dominado pelo Atl\u00e9tico, que apresentou uma verdadeira aula de futebol. Mesmo com a vantagem conquistada no jogo de ida no Maracan\u00e3, o time carioca n\u00e3o conseguiu segurar o resultado e acabou cedendo a classifica\u00e7\u00e3o ao advers\u00e1rio. O Atl\u00e9tico teve diversas oportunidades de ampliar o placar, incluindo um p\u00eanalti perdido por Hulk e chances claras de gol, mas foi Deyverson quem garantiu a vit\u00f3ria com dois gols. <strong><a href=\"https:\/\/www.gaveanews.com\/index.php\/2024\/09\/26\/andre-rizek-e-sincero-ao-falar-sobre-a-eliminacao-do-fluminense\/\">(leia a mat\u00e9ria completa)<\/a><\/strong><\/p>\n\n\n\n<figure class=\"wp-block-image size-full\"><img loading=\"lazy\" decoding=\"async\" width=\"795\" height=\"448\" src=\"https:\/\/www.gaveanews.com\/wp-content\/uploads\/Andre-Rizek-durante-um-programa-do-SporTV.webp\" alt=\"\" class=\"wp-image-101875\" srcset=\"https:\/\/www.gaveanews.com\/wp-content\/uploads\/Andre-Rizek-durante-um-programa-do-SporTV.webp 795w, https:\/\/www.gaveanews.com\/wp-content\/uploads\/Andre-Rizek-durante-um-programa-do-SporTV-300x169.webp 300w, https:\/\/www.gaveanews.com\/wp-content\/uploads\/Andre-Rizek-durante-um-programa-do-SporTV-768x433.webp 768w, https:\/\/www.gaveanews.com\/wp-content\/uploads\/Andre-Rizek-durante-um-programa-do-SporTV-745x420.webp 745w, https:\/\/www.gaveanews.com\/wp-content\/uploads\/Andre-Rizek-durante-um-programa-do-SporTV-640x361.webp 640w, https:\/\/www.gaveanews.com\/wp-content\/uploads\/Andre-Rizek-durante-um-programa-do-SporTV-681x384.webp 681w, https:\/\/www.gaveanews.com\/wp-content\/uploads\/Andre-Rizek-durante-um-programa-do-SporTV-100x56.webp 100w\" sizes=\"auto, (max-width: 795px) 100vw, 795px\" \/><figcaption class=\"wp-element-caption\">Andr\u00e9 Rizek durante um programa do SporTV (Foto: Reprodu\u00e7\u00e3o\/SporTV)<\/figcaption><\/figure>\n\n\n\n<p>Rizek destacou que o Atl\u00e9tico Mineiro teve, na noite da vit\u00f3ria, sua melhor atua\u00e7\u00e3o desde a inaugura\u00e7\u00e3o da Arena MRV. Apesar de ter um aproveitamento regular como mandante, com cerca de 70%, o time nunca havia mostrado um desempenho t\u00e3o convincente em um jogo de tamanha import\u00e2ncia. Ele descreveu o dom\u00ednio do Atl\u00e9tico sobre o Fluminense como &#8220;um amasso&#8221;, afirmando que o time mineiro fez o Fluminense parecer pequeno dentro de campo. Segundo ele, o placar de 2 a 0 poderia facilmente ter sido mais el\u00e1stico, dado o controle total do Atl\u00e9tico na partida.<\/p>\n\n\n\n<p>O jornalista tamb\u00e9m comentou as perspectivas do Atl\u00e9tico na semifinal contra o River Plate, ressaltando que, se o time repetir a atua\u00e7\u00e3o contra o Fluminense, ter\u00e1 boas chances de construir uma vantagem no confronto. Al\u00e9m disso, ele apontou o conhecimento do t\u00e9cnico Milito sobre o futebol argentino como um fator positivo. Rizek elogiou o desempenho de Hulk, apesar do p\u00eanalti desperdi\u00e7ado, e destacou o esfor\u00e7o de Paulinho, que, apesar de perder chances claras, foi fundamental na press\u00e3o ofensiva do Atl\u00e9tico.<\/p>\n","protected":false},"excerpt":{"rendered":"<p>Nas \u00faltimas horas, o foco das not\u00edcias sobre o Fluminense se concentram nos bastidores do clube, com destaques como a declara\u00e7\u00e3o de Thiago Silva e o recado de Andr\u00e9 Rizek Por conta deste contexto, leia abaixo um resumo preparado pela equipe do portal G\u00e1vea News para lhe manter muito bem informado! Declara\u00e7\u00e3o de Thiago Silva [&hellip;]<\/p>\n","protected":false},"author":27,"featured_media":152558,"comment_status":"open","ping_status":"closed","sticky":false,"template":"","format":"standard","meta":{"footnotes":""},"categories":[145],"tags":[],"class_list":["post-169513","post","type-post","status-publish","format-standard","has-post-thumbnail","hentry","category-fluminense"],"yoast_head":"<!-- This site is optimized with the Yoast SEO Premium plugin v24.2 (Yoast SEO v26.9) - https:\/\/yoast.com\/product\/yoast-seo-premium-wordpress\/ -->\n<title>STJD pode prejudicar o Fluminense, declara\u00e7\u00e3o de Thiago Silva e recado de Andr\u00e9 Rizek: as \u00faltimas not\u00edcias do Tricolor<\/title>\n<meta name=\"robots\" content=\"index, follow, max-snippet:-1, max-image-preview:large, max-video-preview:-1\" \/>\n<link rel=\"canonical\" href=\"https:\/\/www.gaveanews.com\/index.php\/2024\/09\/27\/stjd-pode-prejudicar-o-fluminense-declaracao-de-thiago-silva-e-recado-de-andre-rizek-as-ultimas-noticias-do-tricolor\/\" \/>\n<meta property=\"og:locale\" content=\"pt_BR\" \/>\n<meta property=\"og:type\" content=\"article\" \/>\n<meta property=\"og:title\" content=\"STJD pode prejudicar o Fluminense, declara\u00e7\u00e3o de Thiago Silva e recado de Andr\u00e9 Rizek: as \u00faltimas not\u00edcias do Tricolor\" \/>\n<meta property=\"og:description\" content=\"Nas \u00faltimas horas, o foco das not\u00edcias sobre o Fluminense se concentram nos bastidores do clube, com destaques como a declara\u00e7\u00e3o de Thiago Silva e o recado de Andr\u00e9 Rizek Por conta deste contexto, leia abaixo um resumo preparado pela equipe do portal G\u00e1vea News para lhe manter muito bem informado! Declara\u00e7\u00e3o de Thiago Silva [&hellip;]\" \/>\n<meta property=\"og:url\" content=\"https:\/\/www.gaveanews.com\/index.php\/2024\/09\/27\/stjd-pode-prejudicar-o-fluminense-declaracao-de-thiago-silva-e-recado-de-andre-rizek-as-ultimas-noticias-do-tricolor\/\" \/>\n<meta property=\"og:site_name\" content=\"G\u00e1vea News\" \/>\n<meta property=\"article:publisher\" content=\"https:\/\/facebook.com\/gaveaNews\/\" \/>\n<meta property=\"article:published_time\" content=\"2024-09-27T13:15:59+00:00\" \/>\n<meta property=\"og:image\" content=\"https:\/\/www.gaveanews.com\/wp-content\/uploads\/Bandeira-do-Fluminense.webp\" \/>\n\t<meta property=\"og:image:width\" content=\"1440\" \/>\n\t<meta property=\"og:image:height\" content=\"1080\" \/>\n\t<meta property=\"og:image:type\" content=\"image\/webp\" \/>\n<meta name=\"author\" content=\"Matheus Felipe\" \/>\n<meta name=\"twitter:card\" content=\"summary_large_image\" \/>\n<meta name=\"twitter:label1\" content=\"Escrito por\" \/>\n\t<meta name=\"twitter:data1\" content=\"Matheus Felipe\" \/>\n\t<meta name=\"twitter:label2\" content=\"Est. tempo de leitura\" \/>\n\t<meta name=\"twitter:data2\" content=\"6 minutos\" \/>\n<script type=\"application\/ld+json\" class=\"yoast-schema-graph\">{\"@context\":\"https:\/\/schema.org\",\"@graph\":[{\"@type\":\"NewsArticle\",\"@id\":\"https:\/\/www.gaveanews.com\/index.php\/2024\/09\/27\/stjd-pode-prejudicar-o-fluminense-declaracao-de-thiago-silva-e-recado-de-andre-rizek-as-ultimas-noticias-do-tricolor\/#article\",\"isPartOf\":{\"@id\":\"https:\/\/www.gaveanews.com\/index.php\/2024\/09\/27\/stjd-pode-prejudicar-o-fluminense-declaracao-de-thiago-silva-e-recado-de-andre-rizek-as-ultimas-noticias-do-tricolor\/\"},\"author\":{\"name\":\"Matheus Felipe\",\"@id\":\"https:\/\/www.gaveanews.com\/#\/schema\/person\/8207cd4627f56151707418bfc835b2fb\"},\"headline\":\"STJD pode prejudicar o Fluminense, declara\u00e7\u00e3o de Thiago Silva e recado de Andr\u00e9 Rizek: as \u00faltimas not\u00edcias do Tricolor\",\"datePublished\":\"2024-09-27T13:15:59+00:00\",\"mainEntityOfPage\":{\"@id\":\"https:\/\/www.gaveanews.com\/index.php\/2024\/09\/27\/stjd-pode-prejudicar-o-fluminense-declaracao-de-thiago-silva-e-recado-de-andre-rizek-as-ultimas-noticias-do-tricolor\/\"},\"wordCount\":965,\"commentCount\":0,\"image\":{\"@id\":\"https:\/\/www.gaveanews.com\/index.php\/2024\/09\/27\/stjd-pode-prejudicar-o-fluminense-declaracao-de-thiago-silva-e-recado-de-andre-rizek-as-ultimas-noticias-do-tricolor\/#primaryimage\"},\"thumbnailUrl\":\"https:\/\/www.gaveanews.com\/wp-content\/uploads\/Bandeira-do-Fluminense.webp\",\"articleSection\":[\"Fluminense\"],\"inLanguage\":\"pt-BR\",\"potentialAction\":[{\"@type\":\"CommentAction\",\"name\":\"Comment\",\"target\":[\"https:\/\/www.gaveanews.com\/index.php\/2024\/09\/27\/stjd-pode-prejudicar-o-fluminense-declaracao-de-thiago-silva-e-recado-de-andre-rizek-as-ultimas-noticias-do-tricolor\/#respond\"]}],\"copyrightYear\":\"2024\",\"copyrightHolder\":{\"@id\":\"https:\/\/www.gaveanews.com\/#organization\"}},{\"@type\":\"WebPage\",\"@id\":\"https:\/\/www.gaveanews.com\/index.php\/2024\/09\/27\/stjd-pode-prejudicar-o-fluminense-declaracao-de-thiago-silva-e-recado-de-andre-rizek-as-ultimas-noticias-do-tricolor\/\",\"url\":\"https:\/\/www.gaveanews.com\/index.php\/2024\/09\/27\/stjd-pode-prejudicar-o-fluminense-declaracao-de-thiago-silva-e-recado-de-andre-rizek-as-ultimas-noticias-do-tricolor\/\",\"name\":\"STJD pode prejudicar o Fluminense, declara\u00e7\u00e3o de Thiago Silva e recado de Andr\u00e9 Rizek: as \u00faltimas not\u00edcias do Tricolor\",\"isPartOf\":{\"@id\":\"https:\/\/www.gaveanews.com\/#website\"},\"primaryImageOfPage\":{\"@id\":\"https:\/\/www.gaveanews.com\/index.php\/2024\/09\/27\/stjd-pode-prejudicar-o-fluminense-declaracao-de-thiago-silva-e-recado-de-andre-rizek-as-ultimas-noticias-do-tricolor\/#primaryimage\"},\"image\":{\"@id\":\"https:\/\/www.gaveanews.com\/index.php\/2024\/09\/27\/stjd-pode-prejudicar-o-fluminense-declaracao-de-thiago-silva-e-recado-de-andre-rizek-as-ultimas-noticias-do-tricolor\/#primaryimage\"},\"thumbnailUrl\":\"https:\/\/www.gaveanews.com\/wp-content\/uploads\/Bandeira-do-Fluminense.webp\",\"datePublished\":\"2024-09-27T13:15:59+00:00\",\"author\":{\"@id\":\"https:\/\/www.gaveanews.com\/#\/schema\/person\/8207cd4627f56151707418bfc835b2fb\"},\"breadcrumb\":{\"@id\":\"https:\/\/www.gaveanews.com\/index.php\/2024\/09\/27\/stjd-pode-prejudicar-o-fluminense-declaracao-de-thiago-silva-e-recado-de-andre-rizek-as-ultimas-noticias-do-tricolor\/#breadcrumb\"},\"inLanguage\":\"pt-BR\",\"potentialAction\":[{\"@type\":\"ReadAction\",\"target\":[\"https:\/\/www.gaveanews.com\/index.php\/2024\/09\/27\/stjd-pode-prejudicar-o-fluminense-declaracao-de-thiago-silva-e-recado-de-andre-rizek-as-ultimas-noticias-do-tricolor\/\"]}]},{\"@type\":\"ImageObject\",\"inLanguage\":\"pt-BR\",\"@id\":\"https:\/\/www.gaveanews.com\/index.php\/2024\/09\/27\/stjd-pode-prejudicar-o-fluminense-declaracao-de-thiago-silva-e-recado-de-andre-rizek-as-ultimas-noticias-do-tricolor\/#primaryimage\",\"url\":\"https:\/\/www.gaveanews.com\/wp-content\/uploads\/Bandeira-do-Fluminense.webp\",\"contentUrl\":\"https:\/\/www.gaveanews.com\/wp-content\/uploads\/Bandeira-do-Fluminense.webp\",\"width\":1440,\"height\":1080,\"caption\":\"Bandeira do Fluminense (Foto: Reprodu\u00e7\u00e3o\/Fluminense)\"},{\"@type\":\"BreadcrumbList\",\"@id\":\"https:\/\/www.gaveanews.com\/index.php\/2024\/09\/27\/stjd-pode-prejudicar-o-fluminense-declaracao-de-thiago-silva-e-recado-de-andre-rizek-as-ultimas-noticias-do-tricolor\/#breadcrumb\",\"itemListElement\":[{\"@type\":\"ListItem\",\"position\":1,\"name\":\"Home\",\"item\":\"https:\/\/www.gaveanews.com\/\"},{\"@type\":\"ListItem\",\"position\":2,\"name\":\"STJD pode prejudicar o Fluminense, declara\u00e7\u00e3o de Thiago Silva e recado de Andr\u00e9 Rizek: as \u00faltimas not\u00edcias do Tricolor\"}]},{\"@type\":\"WebSite\",\"@id\":\"https:\/\/www.gaveanews.com\/#website\",\"url\":\"https:\/\/www.gaveanews.com\/\",\"name\":\"G\u00e1vea News\",\"description\":\"Veja todas as not\u00edcias sobre o Flamengo: Contrata\u00e7\u00f5es, categorias de base, resultados das partidas, tabela de classifica\u00e7\u00e3o, pr\u00f3ximos jogos!\",\"potentialAction\":[{\"@type\":\"SearchAction\",\"target\":{\"@type\":\"EntryPoint\",\"urlTemplate\":\"https:\/\/www.gaveanews.com\/?s={search_term_string}\"},\"query-input\":{\"@type\":\"PropertyValueSpecification\",\"valueRequired\":true,\"valueName\":\"search_term_string\"}}],\"inLanguage\":\"pt-BR\"},{\"@type\":\"Person\",\"@id\":\"https:\/\/www.gaveanews.com\/#\/schema\/person\/8207cd4627f56151707418bfc835b2fb\",\"name\":\"Matheus Felipe\",\"image\":{\"@type\":\"ImageObject\",\"inLanguage\":\"pt-BR\",\"@id\":\"https:\/\/www.gaveanews.com\/#\/schema\/person\/image\/\",\"url\":\"https:\/\/secure.gravatar.com\/avatar\/a452ffbed9130f726358b298bb3a99ce4bd3c5338411f8440e87e14d74c7c087?s=96&d=mm&r=g\",\"contentUrl\":\"https:\/\/secure.gravatar.com\/avatar\/a452ffbed9130f726358b298bb3a99ce4bd3c5338411f8440e87e14d74c7c087?s=96&d=mm&r=g\",\"caption\":\"Matheus Felipe\"}}]}<\/script>\n<!-- \/ Yoast SEO Premium plugin. -->","yoast_head_json":{"title":"STJD pode prejudicar o Fluminense, declara\u00e7\u00e3o de Thiago Silva e recado de Andr\u00e9 Rizek: as \u00faltimas not\u00edcias do Tricolor","robots":{"index":"index","follow":"follow","max-snippet":"max-snippet:-1","max-image-preview":"max-image-preview:large","max-video-preview":"max-video-preview:-1"},"canonical":"https:\/\/www.gaveanews.com\/index.php\/2024\/09\/27\/stjd-pode-prejudicar-o-fluminense-declaracao-de-thiago-silva-e-recado-de-andre-rizek-as-ultimas-noticias-do-tricolor\/","og_locale":"pt_BR","og_type":"article","og_title":"STJD pode prejudicar o Fluminense, declara\u00e7\u00e3o de Thiago Silva e recado de Andr\u00e9 Rizek: as \u00faltimas not\u00edcias do Tricolor","og_description":"Nas \u00faltimas horas, o foco das not\u00edcias sobre o Fluminense se concentram nos bastidores do clube, com destaques como a declara\u00e7\u00e3o de Thiago Silva e o recado de Andr\u00e9 Rizek Por conta deste contexto, leia abaixo um resumo preparado pela equipe do portal G\u00e1vea News para lhe manter muito bem informado! Declara\u00e7\u00e3o de Thiago Silva [&hellip;]","og_url":"https:\/\/www.gaveanews.com\/index.php\/2024\/09\/27\/stjd-pode-prejudicar-o-fluminense-declaracao-de-thiago-silva-e-recado-de-andre-rizek-as-ultimas-noticias-do-tricolor\/","og_site_name":"G\u00e1vea News","article_publisher":"https:\/\/facebook.com\/gaveaNews\/","article_published_time":"2024-09-27T13:15:59+00:00","og_image":[{"width":1440,"height":1080,"url":"https:\/\/www.gaveanews.com\/wp-content\/uploads\/Bandeira-do-Fluminense.webp","type":"image\/webp"}],"author":"Matheus Felipe","twitter_card":"summary_large_image","twitter_misc":{"Escrito por":"Matheus Felipe","Est. tempo de leitura":"6 minutos"},"schema":{"@context":"https:\/\/schema.org","@graph":[{"@type":"NewsArticle","@id":"https:\/\/www.gaveanews.com\/index.php\/2024\/09\/27\/stjd-pode-prejudicar-o-fluminense-declaracao-de-thiago-silva-e-recado-de-andre-rizek-as-ultimas-noticias-do-tricolor\/#article","isPartOf":{"@id":"https:\/\/www.gaveanews.com\/index.php\/2024\/09\/27\/stjd-pode-prejudicar-o-fluminense-declaracao-de-thiago-silva-e-recado-de-andre-rizek-as-ultimas-noticias-do-tricolor\/"},"author":{"name":"Matheus Felipe","@id":"https:\/\/www.gaveanews.com\/#\/schema\/person\/8207cd4627f56151707418bfc835b2fb"},"headline":"STJD pode prejudicar o Fluminense, declara\u00e7\u00e3o de Thiago Silva e recado de Andr\u00e9 Rizek: as \u00faltimas not\u00edcias do Tricolor","datePublished":"2024-09-27T13:15:59+00:00","mainEntityOfPage":{"@id":"https:\/\/www.gaveanews.com\/index.php\/2024\/09\/27\/stjd-pode-prejudicar-o-fluminense-declaracao-de-thiago-silva-e-recado-de-andre-rizek-as-ultimas-noticias-do-tricolor\/"},"wordCount":965,"commentCount":0,"image":{"@id":"https:\/\/www.gaveanews.com\/index.php\/2024\/09\/27\/stjd-pode-prejudicar-o-fluminense-declaracao-de-thiago-silva-e-recado-de-andre-rizek-as-ultimas-noticias-do-tricolor\/#primaryimage"},"thumbnailUrl":"https:\/\/www.gaveanews.com\/wp-content\/uploads\/Bandeira-do-Fluminense.webp","articleSection":["Fluminense"],"inLanguage":"pt-BR","potentialAction":[{"@type":"CommentAction","name":"Comment","target":["https:\/\/www.gaveanews.com\/index.php\/2024\/09\/27\/stjd-pode-prejudicar-o-fluminense-declaracao-de-thiago-silva-e-recado-de-andre-rizek-as-ultimas-noticias-do-tricolor\/#respond"]}],"copyrightYear":"2024","copyrightHolder":{"@id":"https:\/\/www.gaveanews.com\/#organization"}},{"@type":"WebPage","@id":"https:\/\/www.gaveanews.com\/index.php\/2024\/09\/27\/stjd-pode-prejudicar-o-fluminense-declaracao-de-thiago-silva-e-recado-de-andre-rizek-as-ultimas-noticias-do-tricolor\/","url":"https:\/\/www.gaveanews.com\/index.php\/2024\/09\/27\/stjd-pode-prejudicar-o-fluminense-declaracao-de-thiago-silva-e-recado-de-andre-rizek-as-ultimas-noticias-do-tricolor\/","name":"STJD pode prejudicar o Fluminense, declara\u00e7\u00e3o de Thiago Silva e recado de Andr\u00e9 Rizek: as \u00faltimas not\u00edcias do Tricolor","isPartOf":{"@id":"https:\/\/www.gaveanews.com\/#website"},"primaryImageOfPage":{"@id":"https:\/\/www.gaveanews.com\/index.php\/2024\/09\/27\/stjd-pode-prejudicar-o-fluminense-declaracao-de-thiago-silva-e-recado-de-andre-rizek-as-ultimas-noticias-do-tricolor\/#primaryimage"},"image":{"@id":"https:\/\/www.gaveanews.com\/index.php\/2024\/09\/27\/stjd-pode-prejudicar-o-fluminense-declaracao-de-thiago-silva-e-recado-de-andre-rizek-as-ultimas-noticias-do-tricolor\/#primaryimage"},"thumbnailUrl":"https:\/\/www.gaveanews.com\/wp-content\/uploads\/Bandeira-do-Fluminense.webp","datePublished":"2024-09-27T13:15:59+00:00","author":{"@id":"https:\/\/www.gaveanews.com\/#\/schema\/person\/8207cd4627f56151707418bfc835b2fb"},"breadcrumb":{"@id":"https:\/\/www.gaveanews.com\/index.php\/2024\/09\/27\/stjd-pode-prejudicar-o-fluminense-declaracao-de-thiago-silva-e-recado-de-andre-rizek-as-ultimas-noticias-do-tricolor\/#breadcrumb"},"inLanguage":"pt-BR","potentialAction":[{"@type":"ReadAction","target":["https:\/\/www.gaveanews.com\/index.php\/2024\/09\/27\/stjd-pode-prejudicar-o-fluminense-declaracao-de-thiago-silva-e-recado-de-andre-rizek-as-ultimas-noticias-do-tricolor\/"]}]},{"@type":"ImageObject","inLanguage":"pt-BR","@id":"https:\/\/www.gaveanews.com\/index.php\/2024\/09\/27\/stjd-pode-prejudicar-o-fluminense-declaracao-de-thiago-silva-e-recado-de-andre-rizek-as-ultimas-noticias-do-tricolor\/#primaryimage","url":"https:\/\/www.gaveanews.com\/wp-content\/uploads\/Bandeira-do-Fluminense.webp","contentUrl":"https:\/\/www.gaveanews.com\/wp-content\/uploads\/Bandeira-do-Fluminense.webp","width":1440,"height":1080,"caption":"Bandeira do Fluminense (Foto: Reprodu\u00e7\u00e3o\/Fluminense)"},{"@type":"BreadcrumbList","@id":"https:\/\/www.gaveanews.com\/index.php\/2024\/09\/27\/stjd-pode-prejudicar-o-fluminense-declaracao-de-thiago-silva-e-recado-de-andre-rizek-as-ultimas-noticias-do-tricolor\/#breadcrumb","itemListElement":[{"@type":"ListItem","position":1,"name":"Home","item":"https:\/\/www.gaveanews.com\/"},{"@type":"ListItem","position":2,"name":"STJD pode prejudicar o Fluminense, declara\u00e7\u00e3o de Thiago Silva e recado de Andr\u00e9 Rizek: as \u00faltimas not\u00edcias do Tricolor"}]},{"@type":"WebSite","@id":"https:\/\/www.gaveanews.com\/#website","url":"https:\/\/www.gaveanews.com\/","name":"G\u00e1vea News","description":"Veja todas as not\u00edcias sobre o Flamengo: Contrata\u00e7\u00f5es, categorias de base, resultados das partidas, tabela de classifica\u00e7\u00e3o, pr\u00f3ximos jogos!","potentialAction":[{"@type":"SearchAction","target":{"@type":"EntryPoint","urlTemplate":"https:\/\/www.gaveanews.com\/?s={search_term_string}"},"query-input":{"@type":"PropertyValueSpecification","valueRequired":true,"valueName":"search_term_string"}}],"inLanguage":"pt-BR"},{"@type":"Person","@id":"https:\/\/www.gaveanews.com\/#\/schema\/person\/8207cd4627f56151707418bfc835b2fb","name":"Matheus Felipe","image":{"@type":"ImageObject","inLanguage":"pt-BR","@id":"https:\/\/www.gaveanews.com\/#\/schema\/person\/image\/","url":"https:\/\/secure.gravatar.com\/avatar\/a452ffbed9130f726358b298bb3a99ce4bd3c5338411f8440e87e14d74c7c087?s=96&d=mm&r=g","contentUrl":"https:\/\/secure.gravatar.com\/avatar\/a452ffbed9130f726358b298bb3a99ce4bd3c5338411f8440e87e14d74c7c087?s=96&d=mm&r=g","caption":"Matheus Felipe"}}]}},"_links":{"self":[{"href":"https:\/\/www.gaveanews.com\/index.php\/wp-json\/wp\/v2\/posts\/169513","targetHints":{"allow":["GET"]}}],"collection":[{"href":"https:\/\/www.gaveanews.com\/index.php\/wp-json\/wp\/v2\/posts"}],"about":[{"href":"https:\/\/www.gaveanews.com\/index.php\/wp-json\/wp\/v2\/types\/post"}],"author":[{"embeddable":true,"href":"https:\/\/www.gaveanews.com\/index.php\/wp-json\/wp\/v2\/users\/27"}],"replies":[{"embeddable":true,"href":"https:\/\/www.gaveanews.com\/index.php\/wp-json\/wp\/v2\/comments?post=169513"}],"version-history":[{"count":1,"href":"https:\/\/www.gaveanews.com\/index.php\/wp-json\/wp\/v2\/posts\/169513\/revisions"}],"predecessor-version":[{"id":169514,"href":"https:\/\/www.gaveanews.com\/index.php\/wp-json\/wp\/v2\/posts\/169513\/revisions\/169514"}],"wp:featuredmedia":[{"embeddable":true,"href":"https:\/\/www.gaveanews.com\/index.php\/wp-json\/wp\/v2\/media\/152558"}],"wp:attachment":[{"href":"https:\/\/www.gaveanews.com\/index.php\/wp-json\/wp\/v2\/media?parent=169513"}],"wp:term":[{"taxonomy":"category","embeddable":true,"href":"https:\/\/www.gaveanews.com\/index.php\/wp-json\/wp\/v2\/categories?post=169513"},{"taxonomy":"post_tag","embeddable":true,"href":"https:\/\/www.gaveanews.com\/index.php\/wp-json\/wp\/v2\/tags?post=169513"}],"curies":[{"name":"wp","href":"https:\/\/api.w.org\/{rel}","templated":true}]}}