{"id":169515,"date":"2024-09-27T12:15:00","date_gmt":"2024-09-27T15:15:00","guid":{"rendered":"https:\/\/www.gaveanews.com\/?p=169515"},"modified":"2024-09-27T11:33:02","modified_gmt":"2024-09-27T14:33:02","slug":"doenca-grave-e-revelada-declaracao-de-gustavo-scarpa-e-comentarista-crava-favorito-na-libertadores-as-ultimas-noticias-do-atletico-mg","status":"publish","type":"post","link":"https:\/\/www.gaveanews.com\/index.php\/2024\/09\/27\/doenca-grave-e-revelada-declaracao-de-gustavo-scarpa-e-comentarista-crava-favorito-na-libertadores-as-ultimas-noticias-do-atletico-mg\/","title":{"rendered":"Doen\u00e7a grave \u00e9 revelada, declara\u00e7\u00e3o de Gustavo Scarpa e comentarista crava favorito na Libertadores: as \u00faltimas not\u00edcias do Atl\u00e9tico-Mg"},"content":{"rendered":"\n<p>Nas \u00faltimas horas, o foco das not\u00edcias sobre o Atl\u00e9tico-Mg se concentram nos bastidores do clube, com destaques como o favorito para a Libertadores e a declara\u00e7\u00e3o de Gustavo Scarpa.<\/p>\n\n\n\n<p>Por conta deste contexto, leia abaixo um resumo preparado pela equipe do portal G\u00e1vea News para lhe manter muito bem informado!<\/p>\n\n\n\n<h2 class=\"wp-block-heading\" id=\"h-declaracao-de-scarpa\">Declara\u00e7\u00e3o de Scarpa<\/h2>\n\n\n\n<p>Gustavo Scarpa comentou sobre a classifica\u00e7\u00e3o do Atl\u00e9tico Mineiro para a pr\u00f3xima fase da Libertadores, ap\u00f3s a vit\u00f3ria por 2 a 0 contra o Fluminense na Arena MRV. O time mineiro reverteu o placar negativo de 1 a 0 do jogo de ida no Maracan\u00e3. Scarpa, que foi um dos protagonistas da equipe tanto no primeiro confronto, devido a um desentendimento com Hulk, quanto na partida decisiva, destacou a import\u00e2ncia da vit\u00f3ria. Ele classificou a atua\u00e7\u00e3o do Atl\u00e9tico como uma das melhores do ano e comparou o desempenho ao in\u00edcio promissor da equipe sob o comando de Milito. <strong><a href=\"https:\/\/www.gaveanews.com\/index.php\/2024\/09\/26\/gustavo-scarpa-e-sincero-ao-falar-sobre-a-classificacao-do-atletico-mg-na-libertadores\/\">(leia a mat\u00e9ria completa)<\/a><\/strong><\/p>\n\n\n\n<figure class=\"wp-block-image size-large\"><img loading=\"lazy\" decoding=\"async\" width=\"1024\" height=\"512\" src=\"https:\/\/www.gaveanews.com\/wp-content\/uploads\/Gustavo-Scarpa-no-Atletico-Mineiro-Foto-Pedro-Souza-Atletico-Esporte-News-Mundo-1024x512.webp\" alt=\"Gustavo Scarpa no Atl\u00e9tico Mineiro (Foto Pedro Souza Atl\u00e9tico Esporte News Mundo)\" class=\"wp-image-150531\" srcset=\"https:\/\/www.gaveanews.com\/wp-content\/uploads\/Gustavo-Scarpa-no-Atletico-Mineiro-Foto-Pedro-Souza-Atletico-Esporte-News-Mundo-1024x512.webp 1024w, https:\/\/www.gaveanews.com\/wp-content\/uploads\/Gustavo-Scarpa-no-Atletico-Mineiro-Foto-Pedro-Souza-Atletico-Esporte-News-Mundo-300x150.webp 300w, https:\/\/www.gaveanews.com\/wp-content\/uploads\/Gustavo-Scarpa-no-Atletico-Mineiro-Foto-Pedro-Souza-Atletico-Esporte-News-Mundo-768x384.webp 768w, https:\/\/www.gaveanews.com\/wp-content\/uploads\/Gustavo-Scarpa-no-Atletico-Mineiro-Foto-Pedro-Souza-Atletico-Esporte-News-Mundo-840x420.webp 840w, https:\/\/www.gaveanews.com\/wp-content\/uploads\/Gustavo-Scarpa-no-Atletico-Mineiro-Foto-Pedro-Souza-Atletico-Esporte-News-Mundo-640x320.webp 640w, https:\/\/www.gaveanews.com\/wp-content\/uploads\/Gustavo-Scarpa-no-Atletico-Mineiro-Foto-Pedro-Souza-Atletico-Esporte-News-Mundo-681x341.webp 681w, https:\/\/www.gaveanews.com\/wp-content\/uploads\/Gustavo-Scarpa-no-Atletico-Mineiro-Foto-Pedro-Souza-Atletico-Esporte-News-Mundo-100x50.webp 100w, https:\/\/www.gaveanews.com\/wp-content\/uploads\/Gustavo-Scarpa-no-Atletico-Mineiro-Foto-Pedro-Souza-Atletico-Esporte-News-Mundo.webp 1200w\" sizes=\"auto, (max-width: 1024px) 100vw, 1024px\" \/><figcaption class=\"wp-element-caption\">Gustavo Scarpa no Atl\u00e9tico Mineiro (Foto Pedro Souza Atl\u00e9tico Esporte News Mundo)<\/figcaption><\/figure>\n\n\n\n<p>Scarpa enfatizou que, embora seja dif\u00edcil manter o n\u00edvel de atua\u00e7\u00e3o visto na partida contra o Fluminense em todos os jogos, se o Atl\u00e9tico conseguir repetir esse desempenho na maioria das partidas, ter\u00e1 chances reais de conquistar o t\u00edtulo da Libertadores. Ele ressaltou a import\u00e2ncia de manter o foco e a intensidade para continuar avan\u00e7ando na competi\u00e7\u00e3o, reconhecendo que o time est\u00e1 em uma trajet\u00f3ria de evolu\u00e7\u00e3o que pode lev\u00e1-los longe.<\/p>\n\n\n\n<p>Na pr\u00f3xima fase, o Atl\u00e9tico enfrentar\u00e1 o River Plate, um advers\u00e1rio tradicional e historicamente forte nas competi\u00e7\u00f5es sul-americanas. Scarpa afirmou que ser\u00e1 um confronto extremamente dif\u00edcil, destacando o hist\u00f3rico vitorioso do time argentino, que conta com a volta de seu treinador mais emblem\u00e1tico. Ele concluiu dizendo que o Atl\u00e9tico precisar\u00e1 jogar no seu mais alto n\u00edvel para sonhar com o t\u00edtulo da Libertadores, encarando o desafio como uma oportunidade de fazer &#8220;o jogo de suas vidas&#8221;.<\/p>\n\n\n\n<h2 class=\"wp-block-heading\" id=\"h-doenca-grave-e-revelada\">Doen\u00e7a grave \u00e9 revelada<\/h2>\n\n\n\n<p>O zagueiro Lyanco, destaque na vit\u00f3ria do Atl\u00e9tico-MG por 2 a 0 sobre o Fluminense, que garantiu a classifica\u00e7\u00e3o do time para as semifinais da Copa Libertadores, fez uma revela\u00e7\u00e3o pessoal importante ap\u00f3s o jogo. O defensor de 27 anos revelou que lida com ansiedade h\u00e1 bastante tempo, uma condi\u00e7\u00e3o que afetou sua decis\u00e3o de retornar ao Brasil na \u00faltima janela de transfer\u00eancias. Ele explicou que os sintomas da ansiedade v\u00e3o al\u00e9m do emocional, causando rea\u00e7\u00f5es f\u00edsicas que o fazem sentir como se pudesse desmaiar ou at\u00e9 morrer a qualquer momento, destacando a seriedade do transtorno. <strong><a href=\"https:\/\/www.gaveanews.com\/index.php\/2024\/09\/26\/jogador-do-atletico-mg-revela-doenca-grave-e-faz-alerta\/\">(leia a mat\u00e9ria completa)<\/a><\/strong><\/p>\n\n\n\n<figure class=\"wp-block-image size-full\"><img loading=\"lazy\" decoding=\"async\" width=\"795\" height=\"448\" src=\"https:\/\/www.gaveanews.com\/wp-content\/uploads\/lyanco-1.webp\" alt=\"\" class=\"wp-image-149654\" srcset=\"https:\/\/www.gaveanews.com\/wp-content\/uploads\/lyanco-1.webp 795w, https:\/\/www.gaveanews.com\/wp-content\/uploads\/lyanco-1-300x169.webp 300w, https:\/\/www.gaveanews.com\/wp-content\/uploads\/lyanco-1-768x433.webp 768w, https:\/\/www.gaveanews.com\/wp-content\/uploads\/lyanco-1-745x420.webp 745w, https:\/\/www.gaveanews.com\/wp-content\/uploads\/lyanco-1-640x361.webp 640w, https:\/\/www.gaveanews.com\/wp-content\/uploads\/lyanco-1-681x384.webp 681w, https:\/\/www.gaveanews.com\/wp-content\/uploads\/lyanco-1-100x56.webp 100w\" sizes=\"auto, (max-width: 795px) 100vw, 795px\" \/><figcaption class=\"wp-element-caption\">Foto: Divulga\u00e7\u00e3o\/Al-Gharafa\n<\/figcaption><\/figure>\n\n\n\n<p>Lyanco destacou a import\u00e2ncia do tratamento que realiza para controlar sua ansiedade, mencionando o acompanhamento com psiquiatra, psic\u00f3logo e o uso de medica\u00e7\u00e3o. Ele tamb\u00e9m enfatizou como a press\u00e3o e as expectativas sobre os jogadores muitas vezes desconsideram o lado humano dos atletas, que s\u00e3o vistos como &#8220;rob\u00f4s&#8221; pelo p\u00fablico. A vit\u00f3ria contra o Fluminense trouxe um al\u00edvio emocional para o jogador, que tem se tornado uma pe\u00e7a chave na defesa do Atl\u00e9tico-MG, enquanto enfrenta sua batalha pessoal contra a ansiedade.<\/p>\n\n\n\n<p>A honestidade de Lyanco sobre sua sa\u00fade mental abre uma discuss\u00e3o relevante no futebol e no esporte em geral. A press\u00e3o por resultados e o constante julgamento n\u00e3o levam em conta os desafios psicol\u00f3gicos que muitos atletas enfrentam. O Brasil, segundo a OMS, lidera as estat\u00edsticas globais de transtornos de ansiedade, afetando 9,3% da popula\u00e7\u00e3o, o que refor\u00e7a a import\u00e2ncia de tratar a quest\u00e3o com seriedade e empatia. A fala de Lyanco pode ajudar a quebrar o estigma em torno da sa\u00fade mental, n\u00e3o s\u00f3 no esporte, mas em toda a sociedade.<\/p>\n\n\n\n<h2 class=\"wp-block-heading\" id=\"h-comentarista-crava-favorito-na-libertadores\">Comentarista crava favorito na Libertadores<\/h2>\n\n\n\n<p>O jornalista argentino Toti Pasman, da influente r\u00e1dio La Red, afirmou que o River Plate \u00e9 o favorito no confronto contra o Atl\u00e9tico-MG pela semifinal da Copa Libertadores. Em sua an\u00e1lise, Pasman destacou as qualidades do time argentino, enfatizando a experi\u00eancia do t\u00e9cnico Marcelo Gallardo, que, segundo ele, d\u00e1 ao River uma vantagem significativa. Embora reconhe\u00e7a a for\u00e7a do Galo, especialmente pela velocidade e intensidade trazidas pelo t\u00e9cnico Milito, Pasman acredita que o River estar\u00e1 preparado para lidar com esse estilo de jogo mais din\u00e2mico do Atl\u00e9tico-MG. <strong><a href=\"https:\/\/www.gaveanews.com\/index.php\/2024\/09\/26\/atletico-mg-x-river-plate-comentarista-aponta-favorito-para-o-confronto-na-libertadores\/\">(leia a mat\u00e9ria completa)<\/a><\/strong><\/p>\n\n\n\n<figure class=\"wp-block-image size-full\"><img decoding=\"async\" src=\"https:\/\/www.gaveanews.com\/wp-content\/uploads\/2019\/03\/Taca-da-Copa-Libertadores-da-America.webp\" alt=\"\" class=\"wp-image-14851\"\/><figcaption class=\"wp-element-caption\">Ta\u00e7a da Copa Libertadores da Am\u00e9rica (Foto: Divulga\u00e7\u00e3o\/Conmebol)<\/figcaption><\/figure>\n\n\n\n<p>Pasman tamb\u00e9m fez uma compara\u00e7\u00e3o entre os t\u00e9cnicos, demonstrando claro favoritismo por Gallardo. Ele relembrou o confronto entre River Plate e Argentinos Juniors nas oitavas de final da Libertadores de 2021, quando Gallardo levou a melhor sobre Milito. O jornalista afirmou que, apesar do bom trabalho do treinador do Atl\u00e9tico, ser\u00e1 dif\u00edcil superar a vasta experi\u00eancia de Gallardo em competi\u00e7\u00f5es sul-americanas, onde j\u00e1 se consagrou como um dos maiores treinadores do continente.<\/p>\n\n\n\n<p>O Atl\u00e9tico-MG garantiu sua vaga nas semifinais ap\u00f3s vencer o Fluminense por 2 a 0 no jogo de volta das quartas de final, revertendo o placar agregado para 2 a 1. Hulk foi um dos destaques da partida, contribuindo com uma assist\u00eancia crucial para o segundo gol, que selou a classifica\u00e7\u00e3o. Os confrontos entre Atl\u00e9tico-MG e River Plate est\u00e3o marcados para os dias 23 e 30 de outubro, e a expectativa \u00e9 de um duelo acirrado, j\u00e1 que ambas as equipes v\u00eam de campanhas consistentes e prometem um grande espet\u00e1culo em busca da vaga na final da Libertadores.<\/p>\n","protected":false},"excerpt":{"rendered":"<p>Nas \u00faltimas horas, o foco das not\u00edcias sobre o Atl\u00e9tico-Mg se concentram nos bastidores do clube, com destaques como o favorito para a Libertadores e a declara\u00e7\u00e3o de Gustavo Scarpa. Por conta deste contexto, leia abaixo um resumo preparado pela equipe do portal G\u00e1vea News para lhe manter muito bem informado! Declara\u00e7\u00e3o de Scarpa Gustavo [&hellip;]<\/p>\n","protected":false},"author":27,"featured_media":153999,"comment_status":"open","ping_status":"closed","sticky":false,"template":"","format":"standard","meta":{"footnotes":""},"categories":[136],"tags":[],"class_list":["post-169515","post","type-post","status-publish","format-standard","has-post-thumbnail","hentry","category-atletico-mg"],"yoast_head":"<!-- This site is optimized with the Yoast SEO Premium plugin v24.2 (Yoast SEO v26.9) - https:\/\/yoast.com\/product\/yoast-seo-premium-wordpress\/ -->\n<title>Doen\u00e7a grave \u00e9 revelada, declara\u00e7\u00e3o de Gustavo Scarpa e comentarista crava favorito na Libertadores: as \u00faltimas not\u00edcias do Atl\u00e9tico-Mg<\/title>\n<meta name=\"robots\" content=\"index, follow, max-snippet:-1, max-image-preview:large, max-video-preview:-1\" \/>\n<link rel=\"canonical\" href=\"https:\/\/www.gaveanews.com\/index.php\/2024\/09\/27\/doenca-grave-e-revelada-declaracao-de-gustavo-scarpa-e-comentarista-crava-favorito-na-libertadores-as-ultimas-noticias-do-atletico-mg\/\" \/>\n<meta property=\"og:locale\" content=\"pt_BR\" \/>\n<meta property=\"og:type\" content=\"article\" \/>\n<meta property=\"og:title\" content=\"Doen\u00e7a grave \u00e9 revelada, declara\u00e7\u00e3o de Gustavo Scarpa e comentarista crava favorito na Libertadores: as \u00faltimas not\u00edcias do Atl\u00e9tico-Mg\" \/>\n<meta property=\"og:description\" content=\"Nas \u00faltimas horas, o foco das not\u00edcias sobre o Atl\u00e9tico-Mg se concentram nos bastidores do clube, com destaques como o favorito para a Libertadores e a declara\u00e7\u00e3o de Gustavo Scarpa. Por conta deste contexto, leia abaixo um resumo preparado pela equipe do portal G\u00e1vea News para lhe manter muito bem informado! Declara\u00e7\u00e3o de Scarpa Gustavo [&hellip;]\" \/>\n<meta property=\"og:url\" content=\"https:\/\/www.gaveanews.com\/index.php\/2024\/09\/27\/doenca-grave-e-revelada-declaracao-de-gustavo-scarpa-e-comentarista-crava-favorito-na-libertadores-as-ultimas-noticias-do-atletico-mg\/\" \/>\n<meta property=\"og:site_name\" content=\"G\u00e1vea News\" \/>\n<meta property=\"article:publisher\" content=\"https:\/\/facebook.com\/gaveaNews\/\" \/>\n<meta property=\"article:published_time\" content=\"2024-09-27T15:15:00+00:00\" \/>\n<meta property=\"og:image\" content=\"https:\/\/www.gaveanews.com\/wp-content\/uploads\/Estadio-do-Atletico-MG.webp\" \/>\n\t<meta property=\"og:image:width\" content=\"900\" \/>\n\t<meta property=\"og:image:height\" content=\"600\" \/>\n\t<meta property=\"og:image:type\" content=\"image\/webp\" \/>\n<meta name=\"author\" content=\"Matheus Felipe\" \/>\n<meta name=\"twitter:card\" content=\"summary_large_image\" \/>\n<meta name=\"twitter:label1\" content=\"Escrito por\" \/>\n\t<meta name=\"twitter:data1\" content=\"Matheus Felipe\" \/>\n\t<meta name=\"twitter:label2\" content=\"Est. tempo de leitura\" \/>\n\t<meta name=\"twitter:data2\" content=\"6 minutos\" \/>\n<script type=\"application\/ld+json\" class=\"yoast-schema-graph\">{\"@context\":\"https:\/\/schema.org\",\"@graph\":[{\"@type\":\"NewsArticle\",\"@id\":\"https:\/\/www.gaveanews.com\/index.php\/2024\/09\/27\/doenca-grave-e-revelada-declaracao-de-gustavo-scarpa-e-comentarista-crava-favorito-na-libertadores-as-ultimas-noticias-do-atletico-mg\/#article\",\"isPartOf\":{\"@id\":\"https:\/\/www.gaveanews.com\/index.php\/2024\/09\/27\/doenca-grave-e-revelada-declaracao-de-gustavo-scarpa-e-comentarista-crava-favorito-na-libertadores-as-ultimas-noticias-do-atletico-mg\/\"},\"author\":{\"name\":\"Matheus Felipe\",\"@id\":\"https:\/\/www.gaveanews.com\/#\/schema\/person\/8207cd4627f56151707418bfc835b2fb\"},\"headline\":\"Doen\u00e7a grave \u00e9 revelada, declara\u00e7\u00e3o de Gustavo Scarpa e comentarista crava favorito na Libertadores: as \u00faltimas not\u00edcias do Atl\u00e9tico-Mg\",\"datePublished\":\"2024-09-27T15:15:00+00:00\",\"mainEntityOfPage\":{\"@id\":\"https:\/\/www.gaveanews.com\/index.php\/2024\/09\/27\/doenca-grave-e-revelada-declaracao-de-gustavo-scarpa-e-comentarista-crava-favorito-na-libertadores-as-ultimas-noticias-do-atletico-mg\/\"},\"wordCount\":981,\"commentCount\":0,\"image\":{\"@id\":\"https:\/\/www.gaveanews.com\/index.php\/2024\/09\/27\/doenca-grave-e-revelada-declaracao-de-gustavo-scarpa-e-comentarista-crava-favorito-na-libertadores-as-ultimas-noticias-do-atletico-mg\/#primaryimage\"},\"thumbnailUrl\":\"https:\/\/www.gaveanews.com\/wp-content\/uploads\/Estadio-do-Atletico-MG.webp\",\"articleSection\":[\"Atl\u00e9tico-MG\"],\"inLanguage\":\"pt-BR\",\"potentialAction\":[{\"@type\":\"CommentAction\",\"name\":\"Comment\",\"target\":[\"https:\/\/www.gaveanews.com\/index.php\/2024\/09\/27\/doenca-grave-e-revelada-declaracao-de-gustavo-scarpa-e-comentarista-crava-favorito-na-libertadores-as-ultimas-noticias-do-atletico-mg\/#respond\"]}],\"copyrightYear\":\"2024\",\"copyrightHolder\":{\"@id\":\"https:\/\/www.gaveanews.com\/#organization\"}},{\"@type\":\"WebPage\",\"@id\":\"https:\/\/www.gaveanews.com\/index.php\/2024\/09\/27\/doenca-grave-e-revelada-declaracao-de-gustavo-scarpa-e-comentarista-crava-favorito-na-libertadores-as-ultimas-noticias-do-atletico-mg\/\",\"url\":\"https:\/\/www.gaveanews.com\/index.php\/2024\/09\/27\/doenca-grave-e-revelada-declaracao-de-gustavo-scarpa-e-comentarista-crava-favorito-na-libertadores-as-ultimas-noticias-do-atletico-mg\/\",\"name\":\"Doen\u00e7a grave \u00e9 revelada, declara\u00e7\u00e3o de Gustavo Scarpa e comentarista crava favorito na Libertadores: as \u00faltimas not\u00edcias do Atl\u00e9tico-Mg\",\"isPartOf\":{\"@id\":\"https:\/\/www.gaveanews.com\/#website\"},\"primaryImageOfPage\":{\"@id\":\"https:\/\/www.gaveanews.com\/index.php\/2024\/09\/27\/doenca-grave-e-revelada-declaracao-de-gustavo-scarpa-e-comentarista-crava-favorito-na-libertadores-as-ultimas-noticias-do-atletico-mg\/#primaryimage\"},\"image\":{\"@id\":\"https:\/\/www.gaveanews.com\/index.php\/2024\/09\/27\/doenca-grave-e-revelada-declaracao-de-gustavo-scarpa-e-comentarista-crava-favorito-na-libertadores-as-ultimas-noticias-do-atletico-mg\/#primaryimage\"},\"thumbnailUrl\":\"https:\/\/www.gaveanews.com\/wp-content\/uploads\/Estadio-do-Atletico-MG.webp\",\"datePublished\":\"2024-09-27T15:15:00+00:00\",\"author\":{\"@id\":\"https:\/\/www.gaveanews.com\/#\/schema\/person\/8207cd4627f56151707418bfc835b2fb\"},\"breadcrumb\":{\"@id\":\"https:\/\/www.gaveanews.com\/index.php\/2024\/09\/27\/doenca-grave-e-revelada-declaracao-de-gustavo-scarpa-e-comentarista-crava-favorito-na-libertadores-as-ultimas-noticias-do-atletico-mg\/#breadcrumb\"},\"inLanguage\":\"pt-BR\",\"potentialAction\":[{\"@type\":\"ReadAction\",\"target\":[\"https:\/\/www.gaveanews.com\/index.php\/2024\/09\/27\/doenca-grave-e-revelada-declaracao-de-gustavo-scarpa-e-comentarista-crava-favorito-na-libertadores-as-ultimas-noticias-do-atletico-mg\/\"]}]},{\"@type\":\"ImageObject\",\"inLanguage\":\"pt-BR\",\"@id\":\"https:\/\/www.gaveanews.com\/index.php\/2024\/09\/27\/doenca-grave-e-revelada-declaracao-de-gustavo-scarpa-e-comentarista-crava-favorito-na-libertadores-as-ultimas-noticias-do-atletico-mg\/#primaryimage\",\"url\":\"https:\/\/www.gaveanews.com\/wp-content\/uploads\/Estadio-do-Atletico-MG.webp\",\"contentUrl\":\"https:\/\/www.gaveanews.com\/wp-content\/uploads\/Estadio-do-Atletico-MG.webp\",\"width\":900,\"height\":600,\"caption\":\"Arena MRV, est\u00e1dio do Atl\u00e9tico-MG (Foto: Reprodu\u00e7\u00e3o\/Atl\u00e9tico)\"},{\"@type\":\"BreadcrumbList\",\"@id\":\"https:\/\/www.gaveanews.com\/index.php\/2024\/09\/27\/doenca-grave-e-revelada-declaracao-de-gustavo-scarpa-e-comentarista-crava-favorito-na-libertadores-as-ultimas-noticias-do-atletico-mg\/#breadcrumb\",\"itemListElement\":[{\"@type\":\"ListItem\",\"position\":1,\"name\":\"Home\",\"item\":\"https:\/\/www.gaveanews.com\/\"},{\"@type\":\"ListItem\",\"position\":2,\"name\":\"Doen\u00e7a grave \u00e9 revelada, declara\u00e7\u00e3o de Gustavo Scarpa e comentarista crava favorito na Libertadores: as \u00faltimas not\u00edcias do Atl\u00e9tico-Mg\"}]},{\"@type\":\"WebSite\",\"@id\":\"https:\/\/www.gaveanews.com\/#website\",\"url\":\"https:\/\/www.gaveanews.com\/\",\"name\":\"G\u00e1vea News\",\"description\":\"Veja todas as not\u00edcias sobre o Flamengo: Contrata\u00e7\u00f5es, categorias de base, resultados das partidas, tabela de classifica\u00e7\u00e3o, pr\u00f3ximos jogos!\",\"potentialAction\":[{\"@type\":\"SearchAction\",\"target\":{\"@type\":\"EntryPoint\",\"urlTemplate\":\"https:\/\/www.gaveanews.com\/?s={search_term_string}\"},\"query-input\":{\"@type\":\"PropertyValueSpecification\",\"valueRequired\":true,\"valueName\":\"search_term_string\"}}],\"inLanguage\":\"pt-BR\"},{\"@type\":\"Person\",\"@id\":\"https:\/\/www.gaveanews.com\/#\/schema\/person\/8207cd4627f56151707418bfc835b2fb\",\"name\":\"Matheus Felipe\",\"image\":{\"@type\":\"ImageObject\",\"inLanguage\":\"pt-BR\",\"@id\":\"https:\/\/www.gaveanews.com\/#\/schema\/person\/image\/\",\"url\":\"https:\/\/secure.gravatar.com\/avatar\/a452ffbed9130f726358b298bb3a99ce4bd3c5338411f8440e87e14d74c7c087?s=96&d=mm&r=g\",\"contentUrl\":\"https:\/\/secure.gravatar.com\/avatar\/a452ffbed9130f726358b298bb3a99ce4bd3c5338411f8440e87e14d74c7c087?s=96&d=mm&r=g\",\"caption\":\"Matheus Felipe\"}}]}<\/script>\n<!-- \/ Yoast SEO Premium plugin. -->","yoast_head_json":{"title":"Doen\u00e7a grave \u00e9 revelada, declara\u00e7\u00e3o de Gustavo Scarpa e comentarista crava favorito na Libertadores: as \u00faltimas not\u00edcias do Atl\u00e9tico-Mg","robots":{"index":"index","follow":"follow","max-snippet":"max-snippet:-1","max-image-preview":"max-image-preview:large","max-video-preview":"max-video-preview:-1"},"canonical":"https:\/\/www.gaveanews.com\/index.php\/2024\/09\/27\/doenca-grave-e-revelada-declaracao-de-gustavo-scarpa-e-comentarista-crava-favorito-na-libertadores-as-ultimas-noticias-do-atletico-mg\/","og_locale":"pt_BR","og_type":"article","og_title":"Doen\u00e7a grave \u00e9 revelada, declara\u00e7\u00e3o de Gustavo Scarpa e comentarista crava favorito na Libertadores: as \u00faltimas not\u00edcias do Atl\u00e9tico-Mg","og_description":"Nas \u00faltimas horas, o foco das not\u00edcias sobre o Atl\u00e9tico-Mg se concentram nos bastidores do clube, com destaques como o favorito para a Libertadores e a declara\u00e7\u00e3o de Gustavo Scarpa. Por conta deste contexto, leia abaixo um resumo preparado pela equipe do portal G\u00e1vea News para lhe manter muito bem informado! Declara\u00e7\u00e3o de Scarpa Gustavo [&hellip;]","og_url":"https:\/\/www.gaveanews.com\/index.php\/2024\/09\/27\/doenca-grave-e-revelada-declaracao-de-gustavo-scarpa-e-comentarista-crava-favorito-na-libertadores-as-ultimas-noticias-do-atletico-mg\/","og_site_name":"G\u00e1vea News","article_publisher":"https:\/\/facebook.com\/gaveaNews\/","article_published_time":"2024-09-27T15:15:00+00:00","og_image":[{"width":900,"height":600,"url":"https:\/\/www.gaveanews.com\/wp-content\/uploads\/Estadio-do-Atletico-MG.webp","type":"image\/webp"}],"author":"Matheus Felipe","twitter_card":"summary_large_image","twitter_misc":{"Escrito por":"Matheus Felipe","Est. tempo de leitura":"6 minutos"},"schema":{"@context":"https:\/\/schema.org","@graph":[{"@type":"NewsArticle","@id":"https:\/\/www.gaveanews.com\/index.php\/2024\/09\/27\/doenca-grave-e-revelada-declaracao-de-gustavo-scarpa-e-comentarista-crava-favorito-na-libertadores-as-ultimas-noticias-do-atletico-mg\/#article","isPartOf":{"@id":"https:\/\/www.gaveanews.com\/index.php\/2024\/09\/27\/doenca-grave-e-revelada-declaracao-de-gustavo-scarpa-e-comentarista-crava-favorito-na-libertadores-as-ultimas-noticias-do-atletico-mg\/"},"author":{"name":"Matheus Felipe","@id":"https:\/\/www.gaveanews.com\/#\/schema\/person\/8207cd4627f56151707418bfc835b2fb"},"headline":"Doen\u00e7a grave \u00e9 revelada, declara\u00e7\u00e3o de Gustavo Scarpa e comentarista crava favorito na Libertadores: as \u00faltimas not\u00edcias do Atl\u00e9tico-Mg","datePublished":"2024-09-27T15:15:00+00:00","mainEntityOfPage":{"@id":"https:\/\/www.gaveanews.com\/index.php\/2024\/09\/27\/doenca-grave-e-revelada-declaracao-de-gustavo-scarpa-e-comentarista-crava-favorito-na-libertadores-as-ultimas-noticias-do-atletico-mg\/"},"wordCount":981,"commentCount":0,"image":{"@id":"https:\/\/www.gaveanews.com\/index.php\/2024\/09\/27\/doenca-grave-e-revelada-declaracao-de-gustavo-scarpa-e-comentarista-crava-favorito-na-libertadores-as-ultimas-noticias-do-atletico-mg\/#primaryimage"},"thumbnailUrl":"https:\/\/www.gaveanews.com\/wp-content\/uploads\/Estadio-do-Atletico-MG.webp","articleSection":["Atl\u00e9tico-MG"],"inLanguage":"pt-BR","potentialAction":[{"@type":"CommentAction","name":"Comment","target":["https:\/\/www.gaveanews.com\/index.php\/2024\/09\/27\/doenca-grave-e-revelada-declaracao-de-gustavo-scarpa-e-comentarista-crava-favorito-na-libertadores-as-ultimas-noticias-do-atletico-mg\/#respond"]}],"copyrightYear":"2024","copyrightHolder":{"@id":"https:\/\/www.gaveanews.com\/#organization"}},{"@type":"WebPage","@id":"https:\/\/www.gaveanews.com\/index.php\/2024\/09\/27\/doenca-grave-e-revelada-declaracao-de-gustavo-scarpa-e-comentarista-crava-favorito-na-libertadores-as-ultimas-noticias-do-atletico-mg\/","url":"https:\/\/www.gaveanews.com\/index.php\/2024\/09\/27\/doenca-grave-e-revelada-declaracao-de-gustavo-scarpa-e-comentarista-crava-favorito-na-libertadores-as-ultimas-noticias-do-atletico-mg\/","name":"Doen\u00e7a grave \u00e9 revelada, declara\u00e7\u00e3o de Gustavo Scarpa e comentarista crava favorito na Libertadores: as \u00faltimas not\u00edcias do Atl\u00e9tico-Mg","isPartOf":{"@id":"https:\/\/www.gaveanews.com\/#website"},"primaryImageOfPage":{"@id":"https:\/\/www.gaveanews.com\/index.php\/2024\/09\/27\/doenca-grave-e-revelada-declaracao-de-gustavo-scarpa-e-comentarista-crava-favorito-na-libertadores-as-ultimas-noticias-do-atletico-mg\/#primaryimage"},"image":{"@id":"https:\/\/www.gaveanews.com\/index.php\/2024\/09\/27\/doenca-grave-e-revelada-declaracao-de-gustavo-scarpa-e-comentarista-crava-favorito-na-libertadores-as-ultimas-noticias-do-atletico-mg\/#primaryimage"},"thumbnailUrl":"https:\/\/www.gaveanews.com\/wp-content\/uploads\/Estadio-do-Atletico-MG.webp","datePublished":"2024-09-27T15:15:00+00:00","author":{"@id":"https:\/\/www.gaveanews.com\/#\/schema\/person\/8207cd4627f56151707418bfc835b2fb"},"breadcrumb":{"@id":"https:\/\/www.gaveanews.com\/index.php\/2024\/09\/27\/doenca-grave-e-revelada-declaracao-de-gustavo-scarpa-e-comentarista-crava-favorito-na-libertadores-as-ultimas-noticias-do-atletico-mg\/#breadcrumb"},"inLanguage":"pt-BR","potentialAction":[{"@type":"ReadAction","target":["https:\/\/www.gaveanews.com\/index.php\/2024\/09\/27\/doenca-grave-e-revelada-declaracao-de-gustavo-scarpa-e-comentarista-crava-favorito-na-libertadores-as-ultimas-noticias-do-atletico-mg\/"]}]},{"@type":"ImageObject","inLanguage":"pt-BR","@id":"https:\/\/www.gaveanews.com\/index.php\/2024\/09\/27\/doenca-grave-e-revelada-declaracao-de-gustavo-scarpa-e-comentarista-crava-favorito-na-libertadores-as-ultimas-noticias-do-atletico-mg\/#primaryimage","url":"https:\/\/www.gaveanews.com\/wp-content\/uploads\/Estadio-do-Atletico-MG.webp","contentUrl":"https:\/\/www.gaveanews.com\/wp-content\/uploads\/Estadio-do-Atletico-MG.webp","width":900,"height":600,"caption":"Arena MRV, est\u00e1dio do Atl\u00e9tico-MG (Foto: Reprodu\u00e7\u00e3o\/Atl\u00e9tico)"},{"@type":"BreadcrumbList","@id":"https:\/\/www.gaveanews.com\/index.php\/2024\/09\/27\/doenca-grave-e-revelada-declaracao-de-gustavo-scarpa-e-comentarista-crava-favorito-na-libertadores-as-ultimas-noticias-do-atletico-mg\/#breadcrumb","itemListElement":[{"@type":"ListItem","position":1,"name":"Home","item":"https:\/\/www.gaveanews.com\/"},{"@type":"ListItem","position":2,"name":"Doen\u00e7a grave \u00e9 revelada, declara\u00e7\u00e3o de Gustavo Scarpa e comentarista crava favorito na Libertadores: as \u00faltimas not\u00edcias do Atl\u00e9tico-Mg"}]},{"@type":"WebSite","@id":"https:\/\/www.gaveanews.com\/#website","url":"https:\/\/www.gaveanews.com\/","name":"G\u00e1vea News","description":"Veja todas as not\u00edcias sobre o Flamengo: Contrata\u00e7\u00f5es, categorias de base, resultados das partidas, tabela de classifica\u00e7\u00e3o, pr\u00f3ximos jogos!","potentialAction":[{"@type":"SearchAction","target":{"@type":"EntryPoint","urlTemplate":"https:\/\/www.gaveanews.com\/?s={search_term_string}"},"query-input":{"@type":"PropertyValueSpecification","valueRequired":true,"valueName":"search_term_string"}}],"inLanguage":"pt-BR"},{"@type":"Person","@id":"https:\/\/www.gaveanews.com\/#\/schema\/person\/8207cd4627f56151707418bfc835b2fb","name":"Matheus Felipe","image":{"@type":"ImageObject","inLanguage":"pt-BR","@id":"https:\/\/www.gaveanews.com\/#\/schema\/person\/image\/","url":"https:\/\/secure.gravatar.com\/avatar\/a452ffbed9130f726358b298bb3a99ce4bd3c5338411f8440e87e14d74c7c087?s=96&d=mm&r=g","contentUrl":"https:\/\/secure.gravatar.com\/avatar\/a452ffbed9130f726358b298bb3a99ce4bd3c5338411f8440e87e14d74c7c087?s=96&d=mm&r=g","caption":"Matheus Felipe"}}]}},"_links":{"self":[{"href":"https:\/\/www.gaveanews.com\/index.php\/wp-json\/wp\/v2\/posts\/169515","targetHints":{"allow":["GET"]}}],"collection":[{"href":"https:\/\/www.gaveanews.com\/index.php\/wp-json\/wp\/v2\/posts"}],"about":[{"href":"https:\/\/www.gaveanews.com\/index.php\/wp-json\/wp\/v2\/types\/post"}],"author":[{"embeddable":true,"href":"https:\/\/www.gaveanews.com\/index.php\/wp-json\/wp\/v2\/users\/27"}],"replies":[{"embeddable":true,"href":"https:\/\/www.gaveanews.com\/index.php\/wp-json\/wp\/v2\/comments?post=169515"}],"version-history":[{"count":1,"href":"https:\/\/www.gaveanews.com\/index.php\/wp-json\/wp\/v2\/posts\/169515\/revisions"}],"predecessor-version":[{"id":169516,"href":"https:\/\/www.gaveanews.com\/index.php\/wp-json\/wp\/v2\/posts\/169515\/revisions\/169516"}],"wp:featuredmedia":[{"embeddable":true,"href":"https:\/\/www.gaveanews.com\/index.php\/wp-json\/wp\/v2\/media\/153999"}],"wp:attachment":[{"href":"https:\/\/www.gaveanews.com\/index.php\/wp-json\/wp\/v2\/media?parent=169515"}],"wp:term":[{"taxonomy":"category","embeddable":true,"href":"https:\/\/www.gaveanews.com\/index.php\/wp-json\/wp\/v2\/categories?post=169515"},{"taxonomy":"post_tag","embeddable":true,"href":"https:\/\/www.gaveanews.com\/index.php\/wp-json\/wp\/v2\/tags?post=169515"}],"curies":[{"name":"wp","href":"https:\/\/api.w.org\/{rel}","templated":true}]}}