{"id":169660,"date":"2024-09-27T17:00:00","date_gmt":"2024-09-27T20:00:00","guid":{"rendered":"https:\/\/www.gaveanews.com\/?p=169660"},"modified":"2024-09-27T15:21:33","modified_gmt":"2024-09-27T18:21:33","slug":"presidente-do-penarol-quer-contratar-3-jogadores-do-flamengo","status":"publish","type":"post","link":"https:\/\/www.gaveanews.com\/index.php\/2024\/09\/27\/presidente-do-penarol-quer-contratar-3-jogadores-do-flamengo\/","title":{"rendered":"Presidente do Pe\u00f1arol quer contratar 3 jogadores do Flamengo"},"content":{"rendered":"\n<p>Ap\u00f3s eliminar o Flamengo na Libertadores, o Pe\u00f1arol vai em busca de conseguir a contrata\u00e7\u00e3o de 3 dos maiores craques do Rubro-negro para a pr\u00f3xima temporada.<\/p>\n\n\n\n<p>Ignacio Ruglio, presidente da equipe do Pe\u00f1arol, exp\u00f4s o desejo de conseguir contratar tr\u00eas jogador do Flamengo para o clube uruguaio ap\u00f3s a elimina\u00e7\u00e3o do clube carioca na Libertadores.<\/p>\n\n\n\n<ul class=\"wp-block-list\">\n<li><a href=\"https:\/\/www.gaveanews.com\/index.php\/2024\/09\/27\/maioria-esmagadora-da-torcida-do-flamengo-e-a-favor-da-demissao-de-tite\/\">Maioria esmagadora da torcida do Flamengo \u00e9 a favor da demiss\u00e3o de Tite<\/a><\/li>\n\n\n\n<li><a href=\"https:\/\/www.gaveanews.com\/index.php\/2024\/09\/27\/a-declaracao-de-gerson-sobre-a-eliminacao-do-flamengo-na-libertadores\/\">A declara\u00e7\u00e3o de Gerson sobre a elimina\u00e7\u00e3o do Flamengo na Libertadores<\/a><\/li>\n<\/ul>\n\n\n\n<p>Segundo o Presidente, seria interessante repatriar Arrascaeta, De La Cruz e Varela para o elenco do Pe\u00f1arol, vale destacar que os tr\u00eas s\u00e3o Uruguaios.<\/p>\n\n\n\n<p>&#8220;No Brasil e aqui, estivemos em contato o tempo todo, nesses 15 dias. Tenho com os tr\u00eas (Arrascaeta, De La Cruz e Varela) uma linda rela\u00e7\u00e3o. Suas fam\u00edlias estiveram num camarote ontem no Campe\u00f3n Del Siglo, especialmente atendidas pelo Pe\u00f1arol. Eles tiveram gestos muito bonitos com a gente no Brasil e com os tr\u00eas eu sempre falo. Eles sabem perfeitamente que o clube vai estar esperando por eles&#8221;, disse, em entrevista \u00e0 r\u00e1dio \u2018Carve Deportiva\u2019.<\/p>\n\n\n\n<p>Depois de encher os jogadores de elogios, o Presidente destacou que seria interessante poder contar com eles nas pr\u00f3ximas temporadas.<\/p>\n\n\n\n<p>\u201cS\u00e3o tremendos jogadores que, em algum momento, v\u00e3o querer voltar\u201d, completou.<\/p>\n\n\n\n<p>Varela foi jogador do Pe\u00f1arol e se formou nas categorias de base do clube, subindo ao profissional em 2012. Arrascaeta j\u00e1 afirmou torcer para o Pe\u00f1arol.<\/p>\n\n\n\n<p>Ali\u00e1s, os torcedores do Flamengo ressaltaram um poss\u00edvel corpo mole dele na partida e uma m\u00e1 vontade justificada pela paix\u00e3o do uruguaio pelo Pe\u00f1arol.<\/p>\n\n\n\n<h2 class=\"wp-block-heading\" id=\"h-qual-a-proxima-partida-do-flamengo\">Qual a pr\u00f3xima partida do Flamengo?<\/h2>\n\n\n\n<p>Flamengo e Athletico-PR se enfrentam \u00e0s 20h (de Bras\u00edlia) deste domingo (29), no Maracan\u00e3, no encerramento da 28\u00aa rodada do Brasileir\u00e3o. A partida ser\u00e1 transmitida ao vivo por Sportv e Premiere.<\/p>\n","protected":false},"excerpt":{"rendered":"<p>Ap\u00f3s eliminar o Flamengo na Libertadores, o Pe\u00f1arol vai em busca de conseguir a contrata\u00e7\u00e3o de 3 dos maiores craques do Rubro-negro para a pr\u00f3xima temporada. Ignacio Ruglio, presidente da equipe do Pe\u00f1arol, exp\u00f4s o desejo de conseguir contratar tr\u00eas jogador do Flamengo para o clube uruguaio ap\u00f3s a elimina\u00e7\u00e3o do clube carioca na Libertadores. [&hellip;]<\/p>\n","protected":false},"author":19,"featured_media":162435,"comment_status":"open","ping_status":"closed","sticky":false,"template":"","format":"standard","meta":{"footnotes":""},"categories":[1],"tags":[],"class_list":["post-169660","post","type-post","status-publish","format-standard","has-post-thumbnail","hentry","category-flamengo"],"yoast_head":"<!-- This site is optimized with the Yoast SEO Premium plugin v24.2 (Yoast SEO v26.9) - https:\/\/yoast.com\/product\/yoast-seo-premium-wordpress\/ -->\n<title>Presidente do Pe\u00f1arol quer contratar 3 jogadores do Flamengo<\/title>\n<meta name=\"robots\" content=\"index, follow, max-snippet:-1, max-image-preview:large, max-video-preview:-1\" \/>\n<link rel=\"canonical\" href=\"https:\/\/www.gaveanews.com\/index.php\/2024\/09\/27\/presidente-do-penarol-quer-contratar-3-jogadores-do-flamengo\/\" \/>\n<meta property=\"og:locale\" content=\"pt_BR\" \/>\n<meta property=\"og:type\" content=\"article\" \/>\n<meta property=\"og:title\" content=\"Presidente do Pe\u00f1arol quer contratar 3 jogadores do Flamengo\" \/>\n<meta property=\"og:description\" content=\"Ap\u00f3s eliminar o Flamengo na Libertadores, o Pe\u00f1arol vai em busca de conseguir a contrata\u00e7\u00e3o de 3 dos maiores craques do Rubro-negro para a pr\u00f3xima temporada. Ignacio Ruglio, presidente da equipe do Pe\u00f1arol, exp\u00f4s o desejo de conseguir contratar tr\u00eas jogador do Flamengo para o clube uruguaio ap\u00f3s a elimina\u00e7\u00e3o do clube carioca na Libertadores. [&hellip;]\" \/>\n<meta property=\"og:url\" content=\"https:\/\/www.gaveanews.com\/index.php\/2024\/09\/27\/presidente-do-penarol-quer-contratar-3-jogadores-do-flamengo\/\" \/>\n<meta property=\"og:site_name\" content=\"G\u00e1vea News\" \/>\n<meta property=\"article:publisher\" content=\"https:\/\/facebook.com\/gaveaNews\/\" \/>\n<meta property=\"article:published_time\" content=\"2024-09-27T20:00:00+00:00\" \/>\n<meta property=\"og:image\" content=\"https:\/\/www.gaveanews.com\/wp-content\/uploads\/Penarol-tera-dois-reforcos-importantes-para-o-jogo-contra-o-Flamengo-na-Libertadores.webp\" \/>\n\t<meta property=\"og:image:width\" content=\"1200\" \/>\n\t<meta property=\"og:image:height\" content=\"675\" \/>\n\t<meta property=\"og:image:type\" content=\"image\/jpeg\" \/>\n<meta name=\"author\" content=\"Bruno Zanchetta\" \/>\n<meta name=\"twitter:card\" content=\"summary_large_image\" \/>\n<meta name=\"twitter:label1\" content=\"Escrito por\" \/>\n\t<meta name=\"twitter:data1\" content=\"Bruno Zanchetta\" \/>\n\t<meta name=\"twitter:label2\" content=\"Est. tempo de leitura\" \/>\n\t<meta name=\"twitter:data2\" content=\"2 minutos\" \/>\n<script type=\"application\/ld+json\" class=\"yoast-schema-graph\">{\"@context\":\"https:\/\/schema.org\",\"@graph\":[{\"@type\":\"NewsArticle\",\"@id\":\"https:\/\/www.gaveanews.com\/index.php\/2024\/09\/27\/presidente-do-penarol-quer-contratar-3-jogadores-do-flamengo\/#article\",\"isPartOf\":{\"@id\":\"https:\/\/www.gaveanews.com\/index.php\/2024\/09\/27\/presidente-do-penarol-quer-contratar-3-jogadores-do-flamengo\/\"},\"author\":{\"name\":\"Bruno Zanchetta\",\"@id\":\"https:\/\/www.gaveanews.com\/#\/schema\/person\/32fddefab25b466689f181be346cd98c\"},\"headline\":\"Presidente do Pe\u00f1arol quer contratar 3 jogadores do Flamengo\",\"datePublished\":\"2024-09-27T20:00:00+00:00\",\"mainEntityOfPage\":{\"@id\":\"https:\/\/www.gaveanews.com\/index.php\/2024\/09\/27\/presidente-do-penarol-quer-contratar-3-jogadores-do-flamengo\/\"},\"wordCount\":332,\"commentCount\":0,\"image\":{\"@id\":\"https:\/\/www.gaveanews.com\/index.php\/2024\/09\/27\/presidente-do-penarol-quer-contratar-3-jogadores-do-flamengo\/#primaryimage\"},\"thumbnailUrl\":\"https:\/\/www.gaveanews.com\/wp-content\/uploads\/Penarol-tera-dois-reforcos-importantes-para-o-jogo-contra-o-Flamengo-na-Libertadores.webp\",\"articleSection\":[\"Flamengo\"],\"inLanguage\":\"pt-BR\",\"potentialAction\":[{\"@type\":\"CommentAction\",\"name\":\"Comment\",\"target\":[\"https:\/\/www.gaveanews.com\/index.php\/2024\/09\/27\/presidente-do-penarol-quer-contratar-3-jogadores-do-flamengo\/#respond\"]}],\"copyrightYear\":\"2024\",\"copyrightHolder\":{\"@id\":\"https:\/\/www.gaveanews.com\/#organization\"}},{\"@type\":\"WebPage\",\"@id\":\"https:\/\/www.gaveanews.com\/index.php\/2024\/09\/27\/presidente-do-penarol-quer-contratar-3-jogadores-do-flamengo\/\",\"url\":\"https:\/\/www.gaveanews.com\/index.php\/2024\/09\/27\/presidente-do-penarol-quer-contratar-3-jogadores-do-flamengo\/\",\"name\":\"Presidente do Pe\u00f1arol quer contratar 3 jogadores do Flamengo\",\"isPartOf\":{\"@id\":\"https:\/\/www.gaveanews.com\/#website\"},\"primaryImageOfPage\":{\"@id\":\"https:\/\/www.gaveanews.com\/index.php\/2024\/09\/27\/presidente-do-penarol-quer-contratar-3-jogadores-do-flamengo\/#primaryimage\"},\"image\":{\"@id\":\"https:\/\/www.gaveanews.com\/index.php\/2024\/09\/27\/presidente-do-penarol-quer-contratar-3-jogadores-do-flamengo\/#primaryimage\"},\"thumbnailUrl\":\"https:\/\/www.gaveanews.com\/wp-content\/uploads\/Penarol-tera-dois-reforcos-importantes-para-o-jogo-contra-o-Flamengo-na-Libertadores.webp\",\"datePublished\":\"2024-09-27T20:00:00+00:00\",\"author\":{\"@id\":\"https:\/\/www.gaveanews.com\/#\/schema\/person\/32fddefab25b466689f181be346cd98c\"},\"breadcrumb\":{\"@id\":\"https:\/\/www.gaveanews.com\/index.php\/2024\/09\/27\/presidente-do-penarol-quer-contratar-3-jogadores-do-flamengo\/#breadcrumb\"},\"inLanguage\":\"pt-BR\",\"potentialAction\":[{\"@type\":\"ReadAction\",\"target\":[\"https:\/\/www.gaveanews.com\/index.php\/2024\/09\/27\/presidente-do-penarol-quer-contratar-3-jogadores-do-flamengo\/\"]}]},{\"@type\":\"ImageObject\",\"inLanguage\":\"pt-BR\",\"@id\":\"https:\/\/www.gaveanews.com\/index.php\/2024\/09\/27\/presidente-do-penarol-quer-contratar-3-jogadores-do-flamengo\/#primaryimage\",\"url\":\"https:\/\/www.gaveanews.com\/wp-content\/uploads\/Penarol-tera-dois-reforcos-importantes-para-o-jogo-contra-o-Flamengo-na-Libertadores.webp\",\"contentUrl\":\"https:\/\/www.gaveanews.com\/wp-content\/uploads\/Penarol-tera-dois-reforcos-importantes-para-o-jogo-contra-o-Flamengo-na-Libertadores.webp\",\"width\":1200,\"height\":675},{\"@type\":\"BreadcrumbList\",\"@id\":\"https:\/\/www.gaveanews.com\/index.php\/2024\/09\/27\/presidente-do-penarol-quer-contratar-3-jogadores-do-flamengo\/#breadcrumb\",\"itemListElement\":[{\"@type\":\"ListItem\",\"position\":1,\"name\":\"Home\",\"item\":\"https:\/\/www.gaveanews.com\/\"},{\"@type\":\"ListItem\",\"position\":2,\"name\":\"Presidente do Pe\u00f1arol quer contratar 3 jogadores do Flamengo\"}]},{\"@type\":\"WebSite\",\"@id\":\"https:\/\/www.gaveanews.com\/#website\",\"url\":\"https:\/\/www.gaveanews.com\/\",\"name\":\"G\u00e1vea News\",\"description\":\"Veja todas as not\u00edcias sobre o Flamengo: Contrata\u00e7\u00f5es, categorias de base, resultados das partidas, tabela de classifica\u00e7\u00e3o, pr\u00f3ximos jogos!\",\"potentialAction\":[{\"@type\":\"SearchAction\",\"target\":{\"@type\":\"EntryPoint\",\"urlTemplate\":\"https:\/\/www.gaveanews.com\/?s={search_term_string}\"},\"query-input\":{\"@type\":\"PropertyValueSpecification\",\"valueRequired\":true,\"valueName\":\"search_term_string\"}}],\"inLanguage\":\"pt-BR\"},{\"@type\":\"Person\",\"@id\":\"https:\/\/www.gaveanews.com\/#\/schema\/person\/32fddefab25b466689f181be346cd98c\",\"name\":\"Bruno Zanchetta\",\"image\":{\"@type\":\"ImageObject\",\"inLanguage\":\"pt-BR\",\"@id\":\"https:\/\/www.gaveanews.com\/#\/schema\/person\/image\/\",\"url\":\"https:\/\/secure.gravatar.com\/avatar\/3ba2d39f8a912ad65276975a996d6ad8d9e3dd13448684be8dc4d7c17099d2ee?s=96&d=mm&r=g\",\"contentUrl\":\"https:\/\/secure.gravatar.com\/avatar\/3ba2d39f8a912ad65276975a996d6ad8d9e3dd13448684be8dc4d7c17099d2ee?s=96&d=mm&r=g\",\"caption\":\"Bruno Zanchetta\"}}]}<\/script>\n<!-- \/ Yoast SEO Premium plugin. -->","yoast_head_json":{"title":"Presidente do Pe\u00f1arol quer contratar 3 jogadores do Flamengo","robots":{"index":"index","follow":"follow","max-snippet":"max-snippet:-1","max-image-preview":"max-image-preview:large","max-video-preview":"max-video-preview:-1"},"canonical":"https:\/\/www.gaveanews.com\/index.php\/2024\/09\/27\/presidente-do-penarol-quer-contratar-3-jogadores-do-flamengo\/","og_locale":"pt_BR","og_type":"article","og_title":"Presidente do Pe\u00f1arol quer contratar 3 jogadores do Flamengo","og_description":"Ap\u00f3s eliminar o Flamengo na Libertadores, o Pe\u00f1arol vai em busca de conseguir a contrata\u00e7\u00e3o de 3 dos maiores craques do Rubro-negro para a pr\u00f3xima temporada. Ignacio Ruglio, presidente da equipe do Pe\u00f1arol, exp\u00f4s o desejo de conseguir contratar tr\u00eas jogador do Flamengo para o clube uruguaio ap\u00f3s a elimina\u00e7\u00e3o do clube carioca na Libertadores. [&hellip;]","og_url":"https:\/\/www.gaveanews.com\/index.php\/2024\/09\/27\/presidente-do-penarol-quer-contratar-3-jogadores-do-flamengo\/","og_site_name":"G\u00e1vea News","article_publisher":"https:\/\/facebook.com\/gaveaNews\/","article_published_time":"2024-09-27T20:00:00+00:00","og_image":[{"width":1200,"height":675,"url":"https:\/\/www.gaveanews.com\/wp-content\/uploads\/Penarol-tera-dois-reforcos-importantes-para-o-jogo-contra-o-Flamengo-na-Libertadores.webp","type":"image\/jpeg"}],"author":"Bruno Zanchetta","twitter_card":"summary_large_image","twitter_misc":{"Escrito por":"Bruno Zanchetta","Est. tempo de leitura":"2 minutos"},"schema":{"@context":"https:\/\/schema.org","@graph":[{"@type":"NewsArticle","@id":"https:\/\/www.gaveanews.com\/index.php\/2024\/09\/27\/presidente-do-penarol-quer-contratar-3-jogadores-do-flamengo\/#article","isPartOf":{"@id":"https:\/\/www.gaveanews.com\/index.php\/2024\/09\/27\/presidente-do-penarol-quer-contratar-3-jogadores-do-flamengo\/"},"author":{"name":"Bruno Zanchetta","@id":"https:\/\/www.gaveanews.com\/#\/schema\/person\/32fddefab25b466689f181be346cd98c"},"headline":"Presidente do Pe\u00f1arol quer contratar 3 jogadores do Flamengo","datePublished":"2024-09-27T20:00:00+00:00","mainEntityOfPage":{"@id":"https:\/\/www.gaveanews.com\/index.php\/2024\/09\/27\/presidente-do-penarol-quer-contratar-3-jogadores-do-flamengo\/"},"wordCount":332,"commentCount":0,"image":{"@id":"https:\/\/www.gaveanews.com\/index.php\/2024\/09\/27\/presidente-do-penarol-quer-contratar-3-jogadores-do-flamengo\/#primaryimage"},"thumbnailUrl":"https:\/\/www.gaveanews.com\/wp-content\/uploads\/Penarol-tera-dois-reforcos-importantes-para-o-jogo-contra-o-Flamengo-na-Libertadores.webp","articleSection":["Flamengo"],"inLanguage":"pt-BR","potentialAction":[{"@type":"CommentAction","name":"Comment","target":["https:\/\/www.gaveanews.com\/index.php\/2024\/09\/27\/presidente-do-penarol-quer-contratar-3-jogadores-do-flamengo\/#respond"]}],"copyrightYear":"2024","copyrightHolder":{"@id":"https:\/\/www.gaveanews.com\/#organization"}},{"@type":"WebPage","@id":"https:\/\/www.gaveanews.com\/index.php\/2024\/09\/27\/presidente-do-penarol-quer-contratar-3-jogadores-do-flamengo\/","url":"https:\/\/www.gaveanews.com\/index.php\/2024\/09\/27\/presidente-do-penarol-quer-contratar-3-jogadores-do-flamengo\/","name":"Presidente do Pe\u00f1arol quer contratar 3 jogadores do Flamengo","isPartOf":{"@id":"https:\/\/www.gaveanews.com\/#website"},"primaryImageOfPage":{"@id":"https:\/\/www.gaveanews.com\/index.php\/2024\/09\/27\/presidente-do-penarol-quer-contratar-3-jogadores-do-flamengo\/#primaryimage"},"image":{"@id":"https:\/\/www.gaveanews.com\/index.php\/2024\/09\/27\/presidente-do-penarol-quer-contratar-3-jogadores-do-flamengo\/#primaryimage"},"thumbnailUrl":"https:\/\/www.gaveanews.com\/wp-content\/uploads\/Penarol-tera-dois-reforcos-importantes-para-o-jogo-contra-o-Flamengo-na-Libertadores.webp","datePublished":"2024-09-27T20:00:00+00:00","author":{"@id":"https:\/\/www.gaveanews.com\/#\/schema\/person\/32fddefab25b466689f181be346cd98c"},"breadcrumb":{"@id":"https:\/\/www.gaveanews.com\/index.php\/2024\/09\/27\/presidente-do-penarol-quer-contratar-3-jogadores-do-flamengo\/#breadcrumb"},"inLanguage":"pt-BR","potentialAction":[{"@type":"ReadAction","target":["https:\/\/www.gaveanews.com\/index.php\/2024\/09\/27\/presidente-do-penarol-quer-contratar-3-jogadores-do-flamengo\/"]}]},{"@type":"ImageObject","inLanguage":"pt-BR","@id":"https:\/\/www.gaveanews.com\/index.php\/2024\/09\/27\/presidente-do-penarol-quer-contratar-3-jogadores-do-flamengo\/#primaryimage","url":"https:\/\/www.gaveanews.com\/wp-content\/uploads\/Penarol-tera-dois-reforcos-importantes-para-o-jogo-contra-o-Flamengo-na-Libertadores.webp","contentUrl":"https:\/\/www.gaveanews.com\/wp-content\/uploads\/Penarol-tera-dois-reforcos-importantes-para-o-jogo-contra-o-Flamengo-na-Libertadores.webp","width":1200,"height":675},{"@type":"BreadcrumbList","@id":"https:\/\/www.gaveanews.com\/index.php\/2024\/09\/27\/presidente-do-penarol-quer-contratar-3-jogadores-do-flamengo\/#breadcrumb","itemListElement":[{"@type":"ListItem","position":1,"name":"Home","item":"https:\/\/www.gaveanews.com\/"},{"@type":"ListItem","position":2,"name":"Presidente do Pe\u00f1arol quer contratar 3 jogadores do Flamengo"}]},{"@type":"WebSite","@id":"https:\/\/www.gaveanews.com\/#website","url":"https:\/\/www.gaveanews.com\/","name":"G\u00e1vea News","description":"Veja todas as not\u00edcias sobre o Flamengo: Contrata\u00e7\u00f5es, categorias de base, resultados das partidas, tabela de classifica\u00e7\u00e3o, pr\u00f3ximos jogos!","potentialAction":[{"@type":"SearchAction","target":{"@type":"EntryPoint","urlTemplate":"https:\/\/www.gaveanews.com\/?s={search_term_string}"},"query-input":{"@type":"PropertyValueSpecification","valueRequired":true,"valueName":"search_term_string"}}],"inLanguage":"pt-BR"},{"@type":"Person","@id":"https:\/\/www.gaveanews.com\/#\/schema\/person\/32fddefab25b466689f181be346cd98c","name":"Bruno Zanchetta","image":{"@type":"ImageObject","inLanguage":"pt-BR","@id":"https:\/\/www.gaveanews.com\/#\/schema\/person\/image\/","url":"https:\/\/secure.gravatar.com\/avatar\/3ba2d39f8a912ad65276975a996d6ad8d9e3dd13448684be8dc4d7c17099d2ee?s=96&d=mm&r=g","contentUrl":"https:\/\/secure.gravatar.com\/avatar\/3ba2d39f8a912ad65276975a996d6ad8d9e3dd13448684be8dc4d7c17099d2ee?s=96&d=mm&r=g","caption":"Bruno Zanchetta"}}]}},"_links":{"self":[{"href":"https:\/\/www.gaveanews.com\/index.php\/wp-json\/wp\/v2\/posts\/169660","targetHints":{"allow":["GET"]}}],"collection":[{"href":"https:\/\/www.gaveanews.com\/index.php\/wp-json\/wp\/v2\/posts"}],"about":[{"href":"https:\/\/www.gaveanews.com\/index.php\/wp-json\/wp\/v2\/types\/post"}],"author":[{"embeddable":true,"href":"https:\/\/www.gaveanews.com\/index.php\/wp-json\/wp\/v2\/users\/19"}],"replies":[{"embeddable":true,"href":"https:\/\/www.gaveanews.com\/index.php\/wp-json\/wp\/v2\/comments?post=169660"}],"version-history":[{"count":2,"href":"https:\/\/www.gaveanews.com\/index.php\/wp-json\/wp\/v2\/posts\/169660\/revisions"}],"predecessor-version":[{"id":169682,"href":"https:\/\/www.gaveanews.com\/index.php\/wp-json\/wp\/v2\/posts\/169660\/revisions\/169682"}],"wp:featuredmedia":[{"embeddable":true,"href":"https:\/\/www.gaveanews.com\/index.php\/wp-json\/wp\/v2\/media\/162435"}],"wp:attachment":[{"href":"https:\/\/www.gaveanews.com\/index.php\/wp-json\/wp\/v2\/media?parent=169660"}],"wp:term":[{"taxonomy":"category","embeddable":true,"href":"https:\/\/www.gaveanews.com\/index.php\/wp-json\/wp\/v2\/categories?post=169660"},{"taxonomy":"post_tag","embeddable":true,"href":"https:\/\/www.gaveanews.com\/index.php\/wp-json\/wp\/v2\/tags?post=169660"}],"curies":[{"name":"wp","href":"https:\/\/api.w.org\/{rel}","templated":true}]}}