{"id":169719,"date":"2024-09-27T19:15:00","date_gmt":"2024-09-27T22:15:00","guid":{"rendered":"https:\/\/www.gaveanews.com\/?p=169719"},"modified":"2024-09-27T18:17:14","modified_gmt":"2024-09-27T21:17:14","slug":"dono-do-cruzeiro-faz-promessa-para-fernando-diniz","status":"publish","type":"post","link":"https:\/\/www.gaveanews.com\/index.php\/2024\/09\/27\/dono-do-cruzeiro-faz-promessa-para-fernando-diniz\/","title":{"rendered":"Dono do Cruzeiro faz promessa para Fernando Diniz"},"content":{"rendered":"\n<p>A chegada de Fernando Diniz ao Cruzeiro trouxe grandes expectativas, mas as promessas feitas ao treinador por Pedro Louren\u00e7o, dono da SAF do clube, e Alexandre Mattos, CEO da Raposa, indicam que o melhor ainda est\u00e1 por vir. De acordo com o jornalista Paulo Vin\u00edcius Coelho (PVC), Diniz ficou impressionado com o projeto para 2025, que promete investimentos significativos e refor\u00e7os para buscar t\u00edtulos importantes.<\/p>\n\n\n\n<ul class=\"wp-block-list\">\n<li><a href=\"https:\/\/www.gaveanews.com\/index.php\/2024\/09\/27\/a-declaracao-de-matheus-pereira-apos-a-classificacao-do-cruzeiro-na-sul-americana\/\">A declara\u00e7\u00e3o de Matheus Pereira ap\u00f3s a classifica\u00e7\u00e3o do Cruzeiro na Sul-Americana<\/a><\/li>\n\n\n\n<li><a href=\"https:\/\/www.gaveanews.com\/index.php\/2024\/09\/27\/diniz-pede-prazo-atacante-rebate-a-torcida-e-recado-de-rafael-sobis-as-ultimas-noticias-do-cruzeiro\/\">Diniz pede prazo, atacante rebate a torcida, e recado de Rafael Sobis: as \u00faltimas not\u00edcias do Cruzeiro<\/a><\/li>\n<\/ul>\n\n\n\n<h2 class=\"wp-block-heading\" id=\"h-o-que-encantou-fernando-diniz\">O que encantou Fernando Diniz?<\/h2>\n\n\n\n<p>Segundo PVC, Pedro Louren\u00e7o e Alexandre Mattos deixaram claro para Fernando Diniz que o ano de 2025 ser\u00e1 marcado por melhorias estruturais e grandes contrata\u00e7\u00f5es no Cruzeiro.&nbsp;<\/p>\n\n\n\n<p>\u201cA conversa do Pedro Louren\u00e7o e do Alexandre Matos com o Fernando Diniz foi sobre o ano de 2025. A promessa \u00e9 de que ser\u00e1 um ano de investimento, ano de melhoria das condi\u00e7\u00f5es de trabalho na Toca II, ano de contrata\u00e7\u00f5es, vai ser um ano em que o clube buscar\u00e1 todos os t\u00edtulos\u201d, disse PVC.<\/p>\n\n\n\n<p>Al\u00e9m disso, foi prometido ao treinador que o clube buscar\u00e1 todos os t\u00edtulos dispon\u00edveis. Sendo assim, Diniz confiou no projeto apresentado e v\u00ea um futuro promissor na Toca da Raposa.<\/p>\n\n\n\n<p>Vale destacar que, apesar de Diniz ter sido contratado apenas at\u00e9 o fim de 2025, o projeto s\u00f3lido para o ano seguinte foi o grande atrativo para que o t\u00e9cnico assumisse o comando do time. Por isso, ele enxerga 2025 como uma temporada fundamental para colocar o Cruzeiro de volta ao caminho dos t\u00edtulos.<\/p>\n\n\n\n<h2 class=\"wp-block-heading\" id=\"h-sul-americana-como-foco-principal\">Sul-Americana como foco principal<\/h2>\n\n\n\n<p>Outro ponto que chamou a aten\u00e7\u00e3o de Diniz foi o objetivo claro de conquistar a Copa Sul-Americana. Por que essa competi\u00e7\u00e3o \u00e9 t\u00e3o importante? Isso porque al\u00e9m de devolver o Cruzeiro aos t\u00edtulos, o trof\u00e9u garante uma vaga direta na fase de grupos da Libertadores. Portanto, a Sul-Americana \u00e9 vista como o caminho mais vi\u00e1vel para devolver a autoestima do clube e de sua torcida.<\/p>\n\n\n\n<p>Cabe ressaltar que, no Campeonato Brasileiro, o Cruzeiro ocupa a s\u00e9tima posi\u00e7\u00e3o com 42 pontos, tr\u00eas a menos que o Flamengo, quarto colocado. Dessa maneira, a classifica\u00e7\u00e3o via Brasileir\u00e3o para a Libertadores parece um desafio maior, e o t\u00edtulo da Sul-Americana surge como o atalho mais direto.<\/p>\n\n\n\n<h2 class=\"wp-block-heading\" id=\"h-o-futuro-promissor-do-cruzeiro\">O futuro promissor do Cruzeiro<\/h2>\n\n\n\n<p>Com isso, Fernando Diniz est\u00e1 animado para trabalhar no projeto que promete recolocar o Cruzeiro entre os gigantes do futebol brasileiro. Desse jeito, o clube mineiro busca, com novos investimentos e contrata\u00e7\u00f5es, reviver os seus melhores dias. Portanto, o ano de 2025 promete ser decisivo para o futuro da Raposa.<\/p>\n","protected":false},"excerpt":{"rendered":"<p>A chegada de Fernando Diniz ao Cruzeiro trouxe grandes expectativas, mas as promessas feitas ao treinador por Pedro Louren\u00e7o, dono da SAF do clube, e Alexandre Mattos, CEO da Raposa, indicam que o melhor ainda est\u00e1 por vir. De acordo com o jornalista Paulo Vin\u00edcius Coelho (PVC), Diniz ficou impressionado com o projeto para 2025, [&hellip;]<\/p>\n","protected":false},"author":25,"featured_media":169051,"comment_status":"open","ping_status":"closed","sticky":false,"template":"","format":"standard","meta":{"footnotes":""},"categories":[143],"tags":[],"class_list":["post-169719","post","type-post","status-publish","format-standard","has-post-thumbnail","hentry","category-cruzeiro"],"yoast_head":"<!-- This site is optimized with the Yoast SEO Premium plugin v24.2 (Yoast SEO v26.9) - https:\/\/yoast.com\/product\/yoast-seo-premium-wordpress\/ -->\n<title>Dono do Cruzeiro faz promessa para Fernando Diniz<\/title>\n<meta name=\"robots\" content=\"index, follow, max-snippet:-1, max-image-preview:large, max-video-preview:-1\" \/>\n<link rel=\"canonical\" href=\"https:\/\/www.gaveanews.com\/index.php\/2024\/09\/27\/dono-do-cruzeiro-faz-promessa-para-fernando-diniz\/\" \/>\n<meta property=\"og:locale\" content=\"pt_BR\" \/>\n<meta property=\"og:type\" content=\"article\" \/>\n<meta property=\"og:title\" content=\"Dono do Cruzeiro faz promessa para Fernando Diniz\" \/>\n<meta property=\"og:description\" content=\"A chegada de Fernando Diniz ao Cruzeiro trouxe grandes expectativas, mas as promessas feitas ao treinador por Pedro Louren\u00e7o, dono da SAF do clube, e Alexandre Mattos, CEO da Raposa, indicam que o melhor ainda est\u00e1 por vir. De acordo com o jornalista Paulo Vin\u00edcius Coelho (PVC), Diniz ficou impressionado com o projeto para 2025, [&hellip;]\" \/>\n<meta property=\"og:url\" content=\"https:\/\/www.gaveanews.com\/index.php\/2024\/09\/27\/dono-do-cruzeiro-faz-promessa-para-fernando-diniz\/\" \/>\n<meta property=\"og:site_name\" content=\"G\u00e1vea News\" \/>\n<meta property=\"article:publisher\" content=\"https:\/\/facebook.com\/gaveaNews\/\" \/>\n<meta property=\"article:published_time\" content=\"2024-09-27T22:15:00+00:00\" \/>\n<meta property=\"og:image\" content=\"https:\/\/www.gaveanews.com\/wp-content\/uploads\/Fernando-Diniz-durante-apresentacao-no-Cruzeiro.webp\" \/>\n\t<meta property=\"og:image:width\" content=\"1353\" \/>\n\t<meta property=\"og:image:height\" content=\"902\" \/>\n\t<meta property=\"og:image:type\" content=\"image\/webp\" \/>\n<meta name=\"author\" content=\"Rafaela Ladeira\" \/>\n<meta name=\"twitter:card\" content=\"summary_large_image\" \/>\n<meta name=\"twitter:label1\" content=\"Escrito por\" \/>\n\t<meta name=\"twitter:data1\" content=\"Rafaela Ladeira\" \/>\n\t<meta name=\"twitter:label2\" content=\"Est. tempo de leitura\" \/>\n\t<meta name=\"twitter:data2\" content=\"3 minutos\" \/>\n<script type=\"application\/ld+json\" class=\"yoast-schema-graph\">{\"@context\":\"https:\/\/schema.org\",\"@graph\":[{\"@type\":\"NewsArticle\",\"@id\":\"https:\/\/www.gaveanews.com\/index.php\/2024\/09\/27\/dono-do-cruzeiro-faz-promessa-para-fernando-diniz\/#article\",\"isPartOf\":{\"@id\":\"https:\/\/www.gaveanews.com\/index.php\/2024\/09\/27\/dono-do-cruzeiro-faz-promessa-para-fernando-diniz\/\"},\"author\":{\"name\":\"Rafaela Ladeira\",\"@id\":\"https:\/\/www.gaveanews.com\/#\/schema\/person\/0eb3e3fe1754f0205218538adbe8f5ed\"},\"headline\":\"Dono do Cruzeiro faz promessa para Fernando Diniz\",\"datePublished\":\"2024-09-27T22:15:00+00:00\",\"mainEntityOfPage\":{\"@id\":\"https:\/\/www.gaveanews.com\/index.php\/2024\/09\/27\/dono-do-cruzeiro-faz-promessa-para-fernando-diniz\/\"},\"wordCount\":470,\"commentCount\":0,\"image\":{\"@id\":\"https:\/\/www.gaveanews.com\/index.php\/2024\/09\/27\/dono-do-cruzeiro-faz-promessa-para-fernando-diniz\/#primaryimage\"},\"thumbnailUrl\":\"https:\/\/www.gaveanews.com\/wp-content\/uploads\/Fernando-Diniz-durante-apresentacao-no-Cruzeiro.webp\",\"articleSection\":[\"Cruzeiro\"],\"inLanguage\":\"pt-BR\",\"potentialAction\":[{\"@type\":\"CommentAction\",\"name\":\"Comment\",\"target\":[\"https:\/\/www.gaveanews.com\/index.php\/2024\/09\/27\/dono-do-cruzeiro-faz-promessa-para-fernando-diniz\/#respond\"]}],\"copyrightYear\":\"2024\",\"copyrightHolder\":{\"@id\":\"https:\/\/www.gaveanews.com\/#organization\"}},{\"@type\":\"WebPage\",\"@id\":\"https:\/\/www.gaveanews.com\/index.php\/2024\/09\/27\/dono-do-cruzeiro-faz-promessa-para-fernando-diniz\/\",\"url\":\"https:\/\/www.gaveanews.com\/index.php\/2024\/09\/27\/dono-do-cruzeiro-faz-promessa-para-fernando-diniz\/\",\"name\":\"Dono do Cruzeiro faz promessa para Fernando Diniz\",\"isPartOf\":{\"@id\":\"https:\/\/www.gaveanews.com\/#website\"},\"primaryImageOfPage\":{\"@id\":\"https:\/\/www.gaveanews.com\/index.php\/2024\/09\/27\/dono-do-cruzeiro-faz-promessa-para-fernando-diniz\/#primaryimage\"},\"image\":{\"@id\":\"https:\/\/www.gaveanews.com\/index.php\/2024\/09\/27\/dono-do-cruzeiro-faz-promessa-para-fernando-diniz\/#primaryimage\"},\"thumbnailUrl\":\"https:\/\/www.gaveanews.com\/wp-content\/uploads\/Fernando-Diniz-durante-apresentacao-no-Cruzeiro.webp\",\"datePublished\":\"2024-09-27T22:15:00+00:00\",\"author\":{\"@id\":\"https:\/\/www.gaveanews.com\/#\/schema\/person\/0eb3e3fe1754f0205218538adbe8f5ed\"},\"breadcrumb\":{\"@id\":\"https:\/\/www.gaveanews.com\/index.php\/2024\/09\/27\/dono-do-cruzeiro-faz-promessa-para-fernando-diniz\/#breadcrumb\"},\"inLanguage\":\"pt-BR\",\"potentialAction\":[{\"@type\":\"ReadAction\",\"target\":[\"https:\/\/www.gaveanews.com\/index.php\/2024\/09\/27\/dono-do-cruzeiro-faz-promessa-para-fernando-diniz\/\"]}]},{\"@type\":\"ImageObject\",\"inLanguage\":\"pt-BR\",\"@id\":\"https:\/\/www.gaveanews.com\/index.php\/2024\/09\/27\/dono-do-cruzeiro-faz-promessa-para-fernando-diniz\/#primaryimage\",\"url\":\"https:\/\/www.gaveanews.com\/wp-content\/uploads\/Fernando-Diniz-durante-apresentacao-no-Cruzeiro.webp\",\"contentUrl\":\"https:\/\/www.gaveanews.com\/wp-content\/uploads\/Fernando-Diniz-durante-apresentacao-no-Cruzeiro.webp\",\"width\":1353,\"height\":902,\"caption\":\"Fernando Diniz durante apresenta\u00e7\u00e3o no Cruzeiro (Foto: Gustavo Aleixo\/Cruzeiro)\"},{\"@type\":\"BreadcrumbList\",\"@id\":\"https:\/\/www.gaveanews.com\/index.php\/2024\/09\/27\/dono-do-cruzeiro-faz-promessa-para-fernando-diniz\/#breadcrumb\",\"itemListElement\":[{\"@type\":\"ListItem\",\"position\":1,\"name\":\"Home\",\"item\":\"https:\/\/www.gaveanews.com\/\"},{\"@type\":\"ListItem\",\"position\":2,\"name\":\"Dono do Cruzeiro faz promessa para Fernando Diniz\"}]},{\"@type\":\"WebSite\",\"@id\":\"https:\/\/www.gaveanews.com\/#website\",\"url\":\"https:\/\/www.gaveanews.com\/\",\"name\":\"G\u00e1vea News\",\"description\":\"Veja todas as not\u00edcias sobre o Flamengo: Contrata\u00e7\u00f5es, categorias de base, resultados das partidas, tabela de classifica\u00e7\u00e3o, pr\u00f3ximos jogos!\",\"potentialAction\":[{\"@type\":\"SearchAction\",\"target\":{\"@type\":\"EntryPoint\",\"urlTemplate\":\"https:\/\/www.gaveanews.com\/?s={search_term_string}\"},\"query-input\":{\"@type\":\"PropertyValueSpecification\",\"valueRequired\":true,\"valueName\":\"search_term_string\"}}],\"inLanguage\":\"pt-BR\"},{\"@type\":\"Person\",\"@id\":\"https:\/\/www.gaveanews.com\/#\/schema\/person\/0eb3e3fe1754f0205218538adbe8f5ed\",\"name\":\"Rafaela Ladeira\",\"image\":{\"@type\":\"ImageObject\",\"inLanguage\":\"pt-BR\",\"@id\":\"https:\/\/www.gaveanews.com\/#\/schema\/person\/image\/\",\"url\":\"https:\/\/secure.gravatar.com\/avatar\/c31f513acffd85eacab5730cbdfdbbf59f21ba5aeada8cd890acea879fbb2455?s=96&d=mm&r=g\",\"contentUrl\":\"https:\/\/secure.gravatar.com\/avatar\/c31f513acffd85eacab5730cbdfdbbf59f21ba5aeada8cd890acea879fbb2455?s=96&d=mm&r=g\",\"caption\":\"Rafaela Ladeira\"}}]}<\/script>\n<!-- \/ Yoast SEO Premium plugin. -->","yoast_head_json":{"title":"Dono do Cruzeiro faz promessa para Fernando Diniz","robots":{"index":"index","follow":"follow","max-snippet":"max-snippet:-1","max-image-preview":"max-image-preview:large","max-video-preview":"max-video-preview:-1"},"canonical":"https:\/\/www.gaveanews.com\/index.php\/2024\/09\/27\/dono-do-cruzeiro-faz-promessa-para-fernando-diniz\/","og_locale":"pt_BR","og_type":"article","og_title":"Dono do Cruzeiro faz promessa para Fernando Diniz","og_description":"A chegada de Fernando Diniz ao Cruzeiro trouxe grandes expectativas, mas as promessas feitas ao treinador por Pedro Louren\u00e7o, dono da SAF do clube, e Alexandre Mattos, CEO da Raposa, indicam que o melhor ainda est\u00e1 por vir. De acordo com o jornalista Paulo Vin\u00edcius Coelho (PVC), Diniz ficou impressionado com o projeto para 2025, [&hellip;]","og_url":"https:\/\/www.gaveanews.com\/index.php\/2024\/09\/27\/dono-do-cruzeiro-faz-promessa-para-fernando-diniz\/","og_site_name":"G\u00e1vea News","article_publisher":"https:\/\/facebook.com\/gaveaNews\/","article_published_time":"2024-09-27T22:15:00+00:00","og_image":[{"width":1353,"height":902,"url":"https:\/\/www.gaveanews.com\/wp-content\/uploads\/Fernando-Diniz-durante-apresentacao-no-Cruzeiro.webp","type":"image\/webp"}],"author":"Rafaela Ladeira","twitter_card":"summary_large_image","twitter_misc":{"Escrito por":"Rafaela Ladeira","Est. tempo de leitura":"3 minutos"},"schema":{"@context":"https:\/\/schema.org","@graph":[{"@type":"NewsArticle","@id":"https:\/\/www.gaveanews.com\/index.php\/2024\/09\/27\/dono-do-cruzeiro-faz-promessa-para-fernando-diniz\/#article","isPartOf":{"@id":"https:\/\/www.gaveanews.com\/index.php\/2024\/09\/27\/dono-do-cruzeiro-faz-promessa-para-fernando-diniz\/"},"author":{"name":"Rafaela Ladeira","@id":"https:\/\/www.gaveanews.com\/#\/schema\/person\/0eb3e3fe1754f0205218538adbe8f5ed"},"headline":"Dono do Cruzeiro faz promessa para Fernando Diniz","datePublished":"2024-09-27T22:15:00+00:00","mainEntityOfPage":{"@id":"https:\/\/www.gaveanews.com\/index.php\/2024\/09\/27\/dono-do-cruzeiro-faz-promessa-para-fernando-diniz\/"},"wordCount":470,"commentCount":0,"image":{"@id":"https:\/\/www.gaveanews.com\/index.php\/2024\/09\/27\/dono-do-cruzeiro-faz-promessa-para-fernando-diniz\/#primaryimage"},"thumbnailUrl":"https:\/\/www.gaveanews.com\/wp-content\/uploads\/Fernando-Diniz-durante-apresentacao-no-Cruzeiro.webp","articleSection":["Cruzeiro"],"inLanguage":"pt-BR","potentialAction":[{"@type":"CommentAction","name":"Comment","target":["https:\/\/www.gaveanews.com\/index.php\/2024\/09\/27\/dono-do-cruzeiro-faz-promessa-para-fernando-diniz\/#respond"]}],"copyrightYear":"2024","copyrightHolder":{"@id":"https:\/\/www.gaveanews.com\/#organization"}},{"@type":"WebPage","@id":"https:\/\/www.gaveanews.com\/index.php\/2024\/09\/27\/dono-do-cruzeiro-faz-promessa-para-fernando-diniz\/","url":"https:\/\/www.gaveanews.com\/index.php\/2024\/09\/27\/dono-do-cruzeiro-faz-promessa-para-fernando-diniz\/","name":"Dono do Cruzeiro faz promessa para Fernando Diniz","isPartOf":{"@id":"https:\/\/www.gaveanews.com\/#website"},"primaryImageOfPage":{"@id":"https:\/\/www.gaveanews.com\/index.php\/2024\/09\/27\/dono-do-cruzeiro-faz-promessa-para-fernando-diniz\/#primaryimage"},"image":{"@id":"https:\/\/www.gaveanews.com\/index.php\/2024\/09\/27\/dono-do-cruzeiro-faz-promessa-para-fernando-diniz\/#primaryimage"},"thumbnailUrl":"https:\/\/www.gaveanews.com\/wp-content\/uploads\/Fernando-Diniz-durante-apresentacao-no-Cruzeiro.webp","datePublished":"2024-09-27T22:15:00+00:00","author":{"@id":"https:\/\/www.gaveanews.com\/#\/schema\/person\/0eb3e3fe1754f0205218538adbe8f5ed"},"breadcrumb":{"@id":"https:\/\/www.gaveanews.com\/index.php\/2024\/09\/27\/dono-do-cruzeiro-faz-promessa-para-fernando-diniz\/#breadcrumb"},"inLanguage":"pt-BR","potentialAction":[{"@type":"ReadAction","target":["https:\/\/www.gaveanews.com\/index.php\/2024\/09\/27\/dono-do-cruzeiro-faz-promessa-para-fernando-diniz\/"]}]},{"@type":"ImageObject","inLanguage":"pt-BR","@id":"https:\/\/www.gaveanews.com\/index.php\/2024\/09\/27\/dono-do-cruzeiro-faz-promessa-para-fernando-diniz\/#primaryimage","url":"https:\/\/www.gaveanews.com\/wp-content\/uploads\/Fernando-Diniz-durante-apresentacao-no-Cruzeiro.webp","contentUrl":"https:\/\/www.gaveanews.com\/wp-content\/uploads\/Fernando-Diniz-durante-apresentacao-no-Cruzeiro.webp","width":1353,"height":902,"caption":"Fernando Diniz durante apresenta\u00e7\u00e3o no Cruzeiro (Foto: Gustavo Aleixo\/Cruzeiro)"},{"@type":"BreadcrumbList","@id":"https:\/\/www.gaveanews.com\/index.php\/2024\/09\/27\/dono-do-cruzeiro-faz-promessa-para-fernando-diniz\/#breadcrumb","itemListElement":[{"@type":"ListItem","position":1,"name":"Home","item":"https:\/\/www.gaveanews.com\/"},{"@type":"ListItem","position":2,"name":"Dono do Cruzeiro faz promessa para Fernando Diniz"}]},{"@type":"WebSite","@id":"https:\/\/www.gaveanews.com\/#website","url":"https:\/\/www.gaveanews.com\/","name":"G\u00e1vea News","description":"Veja todas as not\u00edcias sobre o Flamengo: Contrata\u00e7\u00f5es, categorias de base, resultados das partidas, tabela de classifica\u00e7\u00e3o, pr\u00f3ximos jogos!","potentialAction":[{"@type":"SearchAction","target":{"@type":"EntryPoint","urlTemplate":"https:\/\/www.gaveanews.com\/?s={search_term_string}"},"query-input":{"@type":"PropertyValueSpecification","valueRequired":true,"valueName":"search_term_string"}}],"inLanguage":"pt-BR"},{"@type":"Person","@id":"https:\/\/www.gaveanews.com\/#\/schema\/person\/0eb3e3fe1754f0205218538adbe8f5ed","name":"Rafaela Ladeira","image":{"@type":"ImageObject","inLanguage":"pt-BR","@id":"https:\/\/www.gaveanews.com\/#\/schema\/person\/image\/","url":"https:\/\/secure.gravatar.com\/avatar\/c31f513acffd85eacab5730cbdfdbbf59f21ba5aeada8cd890acea879fbb2455?s=96&d=mm&r=g","contentUrl":"https:\/\/secure.gravatar.com\/avatar\/c31f513acffd85eacab5730cbdfdbbf59f21ba5aeada8cd890acea879fbb2455?s=96&d=mm&r=g","caption":"Rafaela Ladeira"}}]}},"_links":{"self":[{"href":"https:\/\/www.gaveanews.com\/index.php\/wp-json\/wp\/v2\/posts\/169719","targetHints":{"allow":["GET"]}}],"collection":[{"href":"https:\/\/www.gaveanews.com\/index.php\/wp-json\/wp\/v2\/posts"}],"about":[{"href":"https:\/\/www.gaveanews.com\/index.php\/wp-json\/wp\/v2\/types\/post"}],"author":[{"embeddable":true,"href":"https:\/\/www.gaveanews.com\/index.php\/wp-json\/wp\/v2\/users\/25"}],"replies":[{"embeddable":true,"href":"https:\/\/www.gaveanews.com\/index.php\/wp-json\/wp\/v2\/comments?post=169719"}],"version-history":[{"count":1,"href":"https:\/\/www.gaveanews.com\/index.php\/wp-json\/wp\/v2\/posts\/169719\/revisions"}],"predecessor-version":[{"id":169726,"href":"https:\/\/www.gaveanews.com\/index.php\/wp-json\/wp\/v2\/posts\/169719\/revisions\/169726"}],"wp:featuredmedia":[{"embeddable":true,"href":"https:\/\/www.gaveanews.com\/index.php\/wp-json\/wp\/v2\/media\/169051"}],"wp:attachment":[{"href":"https:\/\/www.gaveanews.com\/index.php\/wp-json\/wp\/v2\/media?parent=169719"}],"wp:term":[{"taxonomy":"category","embeddable":true,"href":"https:\/\/www.gaveanews.com\/index.php\/wp-json\/wp\/v2\/categories?post=169719"},{"taxonomy":"post_tag","embeddable":true,"href":"https:\/\/www.gaveanews.com\/index.php\/wp-json\/wp\/v2\/tags?post=169719"}],"curies":[{"name":"wp","href":"https:\/\/api.w.org\/{rel}","templated":true}]}}