{"id":169772,"date":"2024-09-27T23:45:00","date_gmt":"2024-09-28T02:45:00","guid":{"rendered":"https:\/\/www.gaveanews.com\/?p=169772"},"modified":"2024-09-27T18:35:56","modified_gmt":"2024-09-27T21:35:56","slug":"a-resposta-de-arrascaeta-sobre-fazer-corpo-mole-no-flamengo","status":"publish","type":"post","link":"https:\/\/www.gaveanews.com\/index.php\/2024\/09\/27\/a-resposta-de-arrascaeta-sobre-fazer-corpo-mole-no-flamengo\/","title":{"rendered":"A resposta de Arrascaeta sobre fazer corpo mole no Flamengo"},"content":{"rendered":"\n<p>Ap\u00f3s a elimina\u00e7\u00e3o do Flamengo na Libertadores, o meia Arrascaeta, fez uma declara\u00e7\u00e3o impactante em resposta \u00e0s cr\u00edticas que recebeu nas redes sociais. Acusado por alguns torcedores de ter apresentado um suposto \u201ccorpo mole\u201d durante o jogo contra o Pe\u00f1arol, o uruguaio utilizou seu pronunciamento para reafirmar seu comprometimento com o Flamengo e sua hist\u00f3ria.<\/p>\n\n\n\n<ul class=\"wp-block-list\">\n<li><a href=\"https:\/\/www.gaveanews.com\/index.php\/2024\/09\/27\/prestes-a-deixar-o-flamengo-gabigol-faz-pedido-para-a-diretoria\/\">Prestes a deixar o Flamengo, Gabigol faz pedido para a diretoria<\/a><\/li>\n\n\n\n<li><a href=\"https:\/\/www.gaveanews.com\/index.php\/2024\/09\/27\/presidente-do-penarol-quer-contratar-3-jogadores-do-flamengo\/\">Presidente do Pe\u00f1arol quer contratar 3 jogadores do Flamengo<\/a><\/li>\n<\/ul>\n\n\n\n<h2 class=\"wp-block-heading\" id=\"h-o-peso-das-criticas\">O peso das cr\u00edticas<\/h2>\n\n\n\n<p>As cr\u00edticas \u00e0 performance de Arrascaeta surgiram ap\u00f3s os confrontos contra o Pe\u00f1arol, onde o meia jogou os 90 minutos em ambos os jogos das quartas de final da Libertadores, mas n\u00e3o conseguiu contribuir efetivamente para a equipe. <\/p>\n\n\n\n<p>Nesse contexto, alguns torcedores expressaram descontentamento, chegando a insinuar que o jogador n\u00e3o tinha a mesma dedica\u00e7\u00e3o por ser torcedor do rival. Essas acusa\u00e7\u00f5es n\u00e3o passaram despercebidas, levando o jogador a se manifestar.<\/p>\n\n\n\n<h2 class=\"wp-block-heading\" id=\"h-a-resposta-do-camisa-14\">A resposta do camisa 14<\/h2>\n\n\n\n<p>Em sua declara\u00e7\u00e3o, Arrascaeta come\u00e7ou relembrando seu sonho de jogar e vencer a Libertadores, ressaltando que sua trajet\u00f3ria sempre foi marcada por trabalho \u00e1rduo e supera\u00e7\u00e3o. <\/p>\n\n\n\n<p>\u201cDesde crian\u00e7a sempre sonhei em jogar e ganhar a Libertadores. Esse sonho que parecia imposs\u00edvel foi realizado, mas pra chegar at\u00e9 l\u00e1 foi muito trabalho e muita luta\u201d, afirmou. O jogador ainda destacou os valores que seus pais lhe ensinaram: amor pr\u00f3prio, humildade e gratid\u00e3o.<\/p>\n\n\n\n<p>O meia fez quest\u00e3o de enfatizar seu compromisso com o Flamengo, afirmando que, mesmo diante das dificuldades, sempre se dedicar\u00e1 ao clube. \u201cOu tu \u00e9 Flamengo ou \u00e9 contra Flamengo. E eu escolhi ser e ser\u00e1 desse jeito at\u00e9 o meu \u00faltimo dia no clube\u201d, declarou Arrascaeta.<\/p>\n\n\n\n<h2 class=\"wp-block-heading\" id=\"h-foco-no-proximo-jogo-pelo-brasileirao\">Foco no pr\u00f3ximo jogo pelo Brasileir\u00e3o<\/h2>\n\n\n\n<p>Cabe ressaltar que Arrascaeta n\u00e3o s\u00f3 respondeu \u00e0s cr\u00edticas, mas tamb\u00e9m j\u00e1 est\u00e1 dispon\u00edvel para o pr\u00f3ximo desafio do Flamengo. O time se prepara para enfrentar o Athletico-PR no domingo (29), pela 28\u00aa rodada do Brasileir\u00e3o. Com 45 pontos, na quarta coloca\u00e7\u00e3o, o Flamengo precisa vencer para tentar se aproximar do l\u00edder Botafogo, que atualmente tem 56 pontos.<\/p>\n","protected":false},"excerpt":{"rendered":"<p>Ap\u00f3s a elimina\u00e7\u00e3o do Flamengo na Libertadores, o meia Arrascaeta, fez uma declara\u00e7\u00e3o impactante em resposta \u00e0s cr\u00edticas que recebeu nas redes sociais. Acusado por alguns torcedores de ter apresentado um suposto \u201ccorpo mole\u201d durante o jogo contra o Pe\u00f1arol, o uruguaio utilizou seu pronunciamento para reafirmar seu comprometimento com o Flamengo e sua hist\u00f3ria. [&hellip;]<\/p>\n","protected":false},"author":25,"featured_media":157914,"comment_status":"open","ping_status":"closed","sticky":false,"template":"","format":"standard","meta":{"footnotes":""},"categories":[1],"tags":[],"class_list":["post-169772","post","type-post","status-publish","format-standard","has-post-thumbnail","hentry","category-flamengo"],"yoast_head":"<!-- This site is optimized with the Yoast SEO Premium plugin v24.2 (Yoast SEO v26.9) - https:\/\/yoast.com\/product\/yoast-seo-premium-wordpress\/ -->\n<title>A resposta de Arrascaeta sobre fazer corpo mole no Flamengo<\/title>\n<meta name=\"robots\" content=\"index, follow, max-snippet:-1, max-image-preview:large, max-video-preview:-1\" \/>\n<link rel=\"canonical\" href=\"https:\/\/www.gaveanews.com\/index.php\/2024\/09\/27\/a-resposta-de-arrascaeta-sobre-fazer-corpo-mole-no-flamengo\/\" \/>\n<meta property=\"og:locale\" content=\"pt_BR\" \/>\n<meta property=\"og:type\" content=\"article\" \/>\n<meta property=\"og:title\" content=\"A resposta de Arrascaeta sobre fazer corpo mole no Flamengo\" \/>\n<meta property=\"og:description\" content=\"Ap\u00f3s a elimina\u00e7\u00e3o do Flamengo na Libertadores, o meia Arrascaeta, fez uma declara\u00e7\u00e3o impactante em resposta \u00e0s cr\u00edticas que recebeu nas redes sociais. Acusado por alguns torcedores de ter apresentado um suposto \u201ccorpo mole\u201d durante o jogo contra o Pe\u00f1arol, o uruguaio utilizou seu pronunciamento para reafirmar seu comprometimento com o Flamengo e sua hist\u00f3ria. [&hellip;]\" \/>\n<meta property=\"og:url\" content=\"https:\/\/www.gaveanews.com\/index.php\/2024\/09\/27\/a-resposta-de-arrascaeta-sobre-fazer-corpo-mole-no-flamengo\/\" \/>\n<meta property=\"og:site_name\" content=\"G\u00e1vea News\" \/>\n<meta property=\"article:publisher\" content=\"https:\/\/facebook.com\/gaveaNews\/\" \/>\n<meta property=\"article:published_time\" content=\"2024-09-28T02:45:00+00:00\" \/>\n<meta property=\"og:image\" content=\"https:\/\/www.gaveanews.com\/wp-content\/uploads\/Arrascaeta-durante-jogo-contra-o-Palmeiras-pelo-Campeonato-Brasileiro-no-Maracana-.webp\" \/>\n\t<meta property=\"og:image:width\" content=\"1170\" \/>\n\t<meta property=\"og:image:height\" content=\"885\" \/>\n\t<meta property=\"og:image:type\" content=\"image\/jpeg\" \/>\n<meta name=\"author\" content=\"Rafaela Ladeira\" \/>\n<meta name=\"twitter:card\" content=\"summary_large_image\" \/>\n<meta name=\"twitter:label1\" content=\"Escrito por\" \/>\n\t<meta name=\"twitter:data1\" content=\"Rafaela Ladeira\" \/>\n\t<meta name=\"twitter:label2\" content=\"Est. tempo de leitura\" \/>\n\t<meta name=\"twitter:data2\" content=\"3 minutos\" \/>\n<script type=\"application\/ld+json\" class=\"yoast-schema-graph\">{\"@context\":\"https:\/\/schema.org\",\"@graph\":[{\"@type\":\"NewsArticle\",\"@id\":\"https:\/\/www.gaveanews.com\/index.php\/2024\/09\/27\/a-resposta-de-arrascaeta-sobre-fazer-corpo-mole-no-flamengo\/#article\",\"isPartOf\":{\"@id\":\"https:\/\/www.gaveanews.com\/index.php\/2024\/09\/27\/a-resposta-de-arrascaeta-sobre-fazer-corpo-mole-no-flamengo\/\"},\"author\":{\"name\":\"Rafaela Ladeira\",\"@id\":\"https:\/\/www.gaveanews.com\/#\/schema\/person\/0eb3e3fe1754f0205218538adbe8f5ed\"},\"headline\":\"A resposta de Arrascaeta sobre fazer corpo mole no Flamengo\",\"datePublished\":\"2024-09-28T02:45:00+00:00\",\"mainEntityOfPage\":{\"@id\":\"https:\/\/www.gaveanews.com\/index.php\/2024\/09\/27\/a-resposta-de-arrascaeta-sobre-fazer-corpo-mole-no-flamengo\/\"},\"wordCount\":372,\"commentCount\":0,\"image\":{\"@id\":\"https:\/\/www.gaveanews.com\/index.php\/2024\/09\/27\/a-resposta-de-arrascaeta-sobre-fazer-corpo-mole-no-flamengo\/#primaryimage\"},\"thumbnailUrl\":\"https:\/\/www.gaveanews.com\/wp-content\/uploads\/Arrascaeta-durante-jogo-contra-o-Palmeiras-pelo-Campeonato-Brasileiro-no-Maracana-.webp\",\"articleSection\":[\"Flamengo\"],\"inLanguage\":\"pt-BR\",\"potentialAction\":[{\"@type\":\"CommentAction\",\"name\":\"Comment\",\"target\":[\"https:\/\/www.gaveanews.com\/index.php\/2024\/09\/27\/a-resposta-de-arrascaeta-sobre-fazer-corpo-mole-no-flamengo\/#respond\"]}],\"copyrightYear\":\"2024\",\"copyrightHolder\":{\"@id\":\"https:\/\/www.gaveanews.com\/#organization\"}},{\"@type\":\"WebPage\",\"@id\":\"https:\/\/www.gaveanews.com\/index.php\/2024\/09\/27\/a-resposta-de-arrascaeta-sobre-fazer-corpo-mole-no-flamengo\/\",\"url\":\"https:\/\/www.gaveanews.com\/index.php\/2024\/09\/27\/a-resposta-de-arrascaeta-sobre-fazer-corpo-mole-no-flamengo\/\",\"name\":\"A resposta de Arrascaeta sobre fazer corpo mole no Flamengo\",\"isPartOf\":{\"@id\":\"https:\/\/www.gaveanews.com\/#website\"},\"primaryImageOfPage\":{\"@id\":\"https:\/\/www.gaveanews.com\/index.php\/2024\/09\/27\/a-resposta-de-arrascaeta-sobre-fazer-corpo-mole-no-flamengo\/#primaryimage\"},\"image\":{\"@id\":\"https:\/\/www.gaveanews.com\/index.php\/2024\/09\/27\/a-resposta-de-arrascaeta-sobre-fazer-corpo-mole-no-flamengo\/#primaryimage\"},\"thumbnailUrl\":\"https:\/\/www.gaveanews.com\/wp-content\/uploads\/Arrascaeta-durante-jogo-contra-o-Palmeiras-pelo-Campeonato-Brasileiro-no-Maracana-.webp\",\"datePublished\":\"2024-09-28T02:45:00+00:00\",\"author\":{\"@id\":\"https:\/\/www.gaveanews.com\/#\/schema\/person\/0eb3e3fe1754f0205218538adbe8f5ed\"},\"breadcrumb\":{\"@id\":\"https:\/\/www.gaveanews.com\/index.php\/2024\/09\/27\/a-resposta-de-arrascaeta-sobre-fazer-corpo-mole-no-flamengo\/#breadcrumb\"},\"inLanguage\":\"pt-BR\",\"potentialAction\":[{\"@type\":\"ReadAction\",\"target\":[\"https:\/\/www.gaveanews.com\/index.php\/2024\/09\/27\/a-resposta-de-arrascaeta-sobre-fazer-corpo-mole-no-flamengo\/\"]}]},{\"@type\":\"ImageObject\",\"inLanguage\":\"pt-BR\",\"@id\":\"https:\/\/www.gaveanews.com\/index.php\/2024\/09\/27\/a-resposta-de-arrascaeta-sobre-fazer-corpo-mole-no-flamengo\/#primaryimage\",\"url\":\"https:\/\/www.gaveanews.com\/wp-content\/uploads\/Arrascaeta-durante-jogo-contra-o-Palmeiras-pelo-Campeonato-Brasileiro-no-Maracana-.webp\",\"contentUrl\":\"https:\/\/www.gaveanews.com\/wp-content\/uploads\/Arrascaeta-durante-jogo-contra-o-Palmeiras-pelo-Campeonato-Brasileiro-no-Maracana-.webp\",\"width\":1170,\"height\":885,\"caption\":\"Arrascaeta durante jogo entre Flamengo e Palmeiras, pelo Brasileir\u00e3o, no Maracan\u00e3 (Foto: Divulga\u00e7\u00e3o\/Flamengo)\"},{\"@type\":\"BreadcrumbList\",\"@id\":\"https:\/\/www.gaveanews.com\/index.php\/2024\/09\/27\/a-resposta-de-arrascaeta-sobre-fazer-corpo-mole-no-flamengo\/#breadcrumb\",\"itemListElement\":[{\"@type\":\"ListItem\",\"position\":1,\"name\":\"Home\",\"item\":\"https:\/\/www.gaveanews.com\/\"},{\"@type\":\"ListItem\",\"position\":2,\"name\":\"A resposta de Arrascaeta sobre fazer corpo mole no Flamengo\"}]},{\"@type\":\"WebSite\",\"@id\":\"https:\/\/www.gaveanews.com\/#website\",\"url\":\"https:\/\/www.gaveanews.com\/\",\"name\":\"G\u00e1vea News\",\"description\":\"Veja todas as not\u00edcias sobre o Flamengo: Contrata\u00e7\u00f5es, categorias de base, resultados das partidas, tabela de classifica\u00e7\u00e3o, pr\u00f3ximos jogos!\",\"potentialAction\":[{\"@type\":\"SearchAction\",\"target\":{\"@type\":\"EntryPoint\",\"urlTemplate\":\"https:\/\/www.gaveanews.com\/?s={search_term_string}\"},\"query-input\":{\"@type\":\"PropertyValueSpecification\",\"valueRequired\":true,\"valueName\":\"search_term_string\"}}],\"inLanguage\":\"pt-BR\"},{\"@type\":\"Person\",\"@id\":\"https:\/\/www.gaveanews.com\/#\/schema\/person\/0eb3e3fe1754f0205218538adbe8f5ed\",\"name\":\"Rafaela Ladeira\",\"image\":{\"@type\":\"ImageObject\",\"inLanguage\":\"pt-BR\",\"@id\":\"https:\/\/www.gaveanews.com\/#\/schema\/person\/image\/\",\"url\":\"https:\/\/secure.gravatar.com\/avatar\/c31f513acffd85eacab5730cbdfdbbf59f21ba5aeada8cd890acea879fbb2455?s=96&d=mm&r=g\",\"contentUrl\":\"https:\/\/secure.gravatar.com\/avatar\/c31f513acffd85eacab5730cbdfdbbf59f21ba5aeada8cd890acea879fbb2455?s=96&d=mm&r=g\",\"caption\":\"Rafaela Ladeira\"}}]}<\/script>\n<!-- \/ Yoast SEO Premium plugin. -->","yoast_head_json":{"title":"A resposta de Arrascaeta sobre fazer corpo mole no Flamengo","robots":{"index":"index","follow":"follow","max-snippet":"max-snippet:-1","max-image-preview":"max-image-preview:large","max-video-preview":"max-video-preview:-1"},"canonical":"https:\/\/www.gaveanews.com\/index.php\/2024\/09\/27\/a-resposta-de-arrascaeta-sobre-fazer-corpo-mole-no-flamengo\/","og_locale":"pt_BR","og_type":"article","og_title":"A resposta de Arrascaeta sobre fazer corpo mole no Flamengo","og_description":"Ap\u00f3s a elimina\u00e7\u00e3o do Flamengo na Libertadores, o meia Arrascaeta, fez uma declara\u00e7\u00e3o impactante em resposta \u00e0s cr\u00edticas que recebeu nas redes sociais. Acusado por alguns torcedores de ter apresentado um suposto \u201ccorpo mole\u201d durante o jogo contra o Pe\u00f1arol, o uruguaio utilizou seu pronunciamento para reafirmar seu comprometimento com o Flamengo e sua hist\u00f3ria. [&hellip;]","og_url":"https:\/\/www.gaveanews.com\/index.php\/2024\/09\/27\/a-resposta-de-arrascaeta-sobre-fazer-corpo-mole-no-flamengo\/","og_site_name":"G\u00e1vea News","article_publisher":"https:\/\/facebook.com\/gaveaNews\/","article_published_time":"2024-09-28T02:45:00+00:00","og_image":[{"width":1170,"height":885,"url":"https:\/\/www.gaveanews.com\/wp-content\/uploads\/Arrascaeta-durante-jogo-contra-o-Palmeiras-pelo-Campeonato-Brasileiro-no-Maracana-.webp","type":"image\/jpeg"}],"author":"Rafaela Ladeira","twitter_card":"summary_large_image","twitter_misc":{"Escrito por":"Rafaela Ladeira","Est. tempo de leitura":"3 minutos"},"schema":{"@context":"https:\/\/schema.org","@graph":[{"@type":"NewsArticle","@id":"https:\/\/www.gaveanews.com\/index.php\/2024\/09\/27\/a-resposta-de-arrascaeta-sobre-fazer-corpo-mole-no-flamengo\/#article","isPartOf":{"@id":"https:\/\/www.gaveanews.com\/index.php\/2024\/09\/27\/a-resposta-de-arrascaeta-sobre-fazer-corpo-mole-no-flamengo\/"},"author":{"name":"Rafaela Ladeira","@id":"https:\/\/www.gaveanews.com\/#\/schema\/person\/0eb3e3fe1754f0205218538adbe8f5ed"},"headline":"A resposta de Arrascaeta sobre fazer corpo mole no Flamengo","datePublished":"2024-09-28T02:45:00+00:00","mainEntityOfPage":{"@id":"https:\/\/www.gaveanews.com\/index.php\/2024\/09\/27\/a-resposta-de-arrascaeta-sobre-fazer-corpo-mole-no-flamengo\/"},"wordCount":372,"commentCount":0,"image":{"@id":"https:\/\/www.gaveanews.com\/index.php\/2024\/09\/27\/a-resposta-de-arrascaeta-sobre-fazer-corpo-mole-no-flamengo\/#primaryimage"},"thumbnailUrl":"https:\/\/www.gaveanews.com\/wp-content\/uploads\/Arrascaeta-durante-jogo-contra-o-Palmeiras-pelo-Campeonato-Brasileiro-no-Maracana-.webp","articleSection":["Flamengo"],"inLanguage":"pt-BR","potentialAction":[{"@type":"CommentAction","name":"Comment","target":["https:\/\/www.gaveanews.com\/index.php\/2024\/09\/27\/a-resposta-de-arrascaeta-sobre-fazer-corpo-mole-no-flamengo\/#respond"]}],"copyrightYear":"2024","copyrightHolder":{"@id":"https:\/\/www.gaveanews.com\/#organization"}},{"@type":"WebPage","@id":"https:\/\/www.gaveanews.com\/index.php\/2024\/09\/27\/a-resposta-de-arrascaeta-sobre-fazer-corpo-mole-no-flamengo\/","url":"https:\/\/www.gaveanews.com\/index.php\/2024\/09\/27\/a-resposta-de-arrascaeta-sobre-fazer-corpo-mole-no-flamengo\/","name":"A resposta de Arrascaeta sobre fazer corpo mole no Flamengo","isPartOf":{"@id":"https:\/\/www.gaveanews.com\/#website"},"primaryImageOfPage":{"@id":"https:\/\/www.gaveanews.com\/index.php\/2024\/09\/27\/a-resposta-de-arrascaeta-sobre-fazer-corpo-mole-no-flamengo\/#primaryimage"},"image":{"@id":"https:\/\/www.gaveanews.com\/index.php\/2024\/09\/27\/a-resposta-de-arrascaeta-sobre-fazer-corpo-mole-no-flamengo\/#primaryimage"},"thumbnailUrl":"https:\/\/www.gaveanews.com\/wp-content\/uploads\/Arrascaeta-durante-jogo-contra-o-Palmeiras-pelo-Campeonato-Brasileiro-no-Maracana-.webp","datePublished":"2024-09-28T02:45:00+00:00","author":{"@id":"https:\/\/www.gaveanews.com\/#\/schema\/person\/0eb3e3fe1754f0205218538adbe8f5ed"},"breadcrumb":{"@id":"https:\/\/www.gaveanews.com\/index.php\/2024\/09\/27\/a-resposta-de-arrascaeta-sobre-fazer-corpo-mole-no-flamengo\/#breadcrumb"},"inLanguage":"pt-BR","potentialAction":[{"@type":"ReadAction","target":["https:\/\/www.gaveanews.com\/index.php\/2024\/09\/27\/a-resposta-de-arrascaeta-sobre-fazer-corpo-mole-no-flamengo\/"]}]},{"@type":"ImageObject","inLanguage":"pt-BR","@id":"https:\/\/www.gaveanews.com\/index.php\/2024\/09\/27\/a-resposta-de-arrascaeta-sobre-fazer-corpo-mole-no-flamengo\/#primaryimage","url":"https:\/\/www.gaveanews.com\/wp-content\/uploads\/Arrascaeta-durante-jogo-contra-o-Palmeiras-pelo-Campeonato-Brasileiro-no-Maracana-.webp","contentUrl":"https:\/\/www.gaveanews.com\/wp-content\/uploads\/Arrascaeta-durante-jogo-contra-o-Palmeiras-pelo-Campeonato-Brasileiro-no-Maracana-.webp","width":1170,"height":885,"caption":"Arrascaeta durante jogo entre Flamengo e Palmeiras, pelo Brasileir\u00e3o, no Maracan\u00e3 (Foto: Divulga\u00e7\u00e3o\/Flamengo)"},{"@type":"BreadcrumbList","@id":"https:\/\/www.gaveanews.com\/index.php\/2024\/09\/27\/a-resposta-de-arrascaeta-sobre-fazer-corpo-mole-no-flamengo\/#breadcrumb","itemListElement":[{"@type":"ListItem","position":1,"name":"Home","item":"https:\/\/www.gaveanews.com\/"},{"@type":"ListItem","position":2,"name":"A resposta de Arrascaeta sobre fazer corpo mole no Flamengo"}]},{"@type":"WebSite","@id":"https:\/\/www.gaveanews.com\/#website","url":"https:\/\/www.gaveanews.com\/","name":"G\u00e1vea News","description":"Veja todas as not\u00edcias sobre o Flamengo: Contrata\u00e7\u00f5es, categorias de base, resultados das partidas, tabela de classifica\u00e7\u00e3o, pr\u00f3ximos jogos!","potentialAction":[{"@type":"SearchAction","target":{"@type":"EntryPoint","urlTemplate":"https:\/\/www.gaveanews.com\/?s={search_term_string}"},"query-input":{"@type":"PropertyValueSpecification","valueRequired":true,"valueName":"search_term_string"}}],"inLanguage":"pt-BR"},{"@type":"Person","@id":"https:\/\/www.gaveanews.com\/#\/schema\/person\/0eb3e3fe1754f0205218538adbe8f5ed","name":"Rafaela Ladeira","image":{"@type":"ImageObject","inLanguage":"pt-BR","@id":"https:\/\/www.gaveanews.com\/#\/schema\/person\/image\/","url":"https:\/\/secure.gravatar.com\/avatar\/c31f513acffd85eacab5730cbdfdbbf59f21ba5aeada8cd890acea879fbb2455?s=96&d=mm&r=g","contentUrl":"https:\/\/secure.gravatar.com\/avatar\/c31f513acffd85eacab5730cbdfdbbf59f21ba5aeada8cd890acea879fbb2455?s=96&d=mm&r=g","caption":"Rafaela Ladeira"}}]}},"_links":{"self":[{"href":"https:\/\/www.gaveanews.com\/index.php\/wp-json\/wp\/v2\/posts\/169772","targetHints":{"allow":["GET"]}}],"collection":[{"href":"https:\/\/www.gaveanews.com\/index.php\/wp-json\/wp\/v2\/posts"}],"about":[{"href":"https:\/\/www.gaveanews.com\/index.php\/wp-json\/wp\/v2\/types\/post"}],"author":[{"embeddable":true,"href":"https:\/\/www.gaveanews.com\/index.php\/wp-json\/wp\/v2\/users\/25"}],"replies":[{"embeddable":true,"href":"https:\/\/www.gaveanews.com\/index.php\/wp-json\/wp\/v2\/comments?post=169772"}],"version-history":[{"count":1,"href":"https:\/\/www.gaveanews.com\/index.php\/wp-json\/wp\/v2\/posts\/169772\/revisions"}],"predecessor-version":[{"id":169778,"href":"https:\/\/www.gaveanews.com\/index.php\/wp-json\/wp\/v2\/posts\/169772\/revisions\/169778"}],"wp:featuredmedia":[{"embeddable":true,"href":"https:\/\/www.gaveanews.com\/index.php\/wp-json\/wp\/v2\/media\/157914"}],"wp:attachment":[{"href":"https:\/\/www.gaveanews.com\/index.php\/wp-json\/wp\/v2\/media?parent=169772"}],"wp:term":[{"taxonomy":"category","embeddable":true,"href":"https:\/\/www.gaveanews.com\/index.php\/wp-json\/wp\/v2\/categories?post=169772"},{"taxonomy":"post_tag","embeddable":true,"href":"https:\/\/www.gaveanews.com\/index.php\/wp-json\/wp\/v2\/tags?post=169772"}],"curies":[{"name":"wp","href":"https:\/\/api.w.org\/{rel}","templated":true}]}}