{"id":169832,"date":"2024-09-28T09:15:00","date_gmt":"2024-09-28T12:15:00","guid":{"rendered":"https:\/\/www.gaveanews.com\/?p=169832"},"modified":"2024-09-27T19:49:27","modified_gmt":"2024-09-27T22:49:27","slug":"cristaldo-villansanti-nathan-fernandes-matias-arezo-soteldo-miguel-monsalve-alexander-aravena-e-cristian-pavon-os-jogadores-mais-valiosos-do-gremio","status":"publish","type":"post","link":"https:\/\/www.gaveanews.com\/index.php\/2024\/09\/28\/cristaldo-villansanti-nathan-fernandes-matias-arezo-soteldo-miguel-monsalve-alexander-aravena-e-cristian-pavon-os-jogadores-mais-valiosos-do-gremio\/","title":{"rendered":"Cristaldo, Villansanti, Nathan Fernandes, Mat\u00edas Arezo, Soteldo, Miguel Monsalve, Alexander Aravena e Cristian Pav\u00f3n: os jogadores mais valiosos do Gr\u00eamio"},"content":{"rendered":"\n<p>Em todas as janelas de transfer\u00eancias, os clubes investem o m\u00e1ximo poss\u00edvel para conseguir contratar jogadores de alto n\u00edvel, que potencializem o elenco e tragam bons retornos em conquistas.<\/p>\n\n\n\n<ul class=\"wp-block-list\">\n<li><a href=\"https:\/\/www.gaveanews.com\/index.php\/2024\/09\/26\/agora-renato-gaucho-ameaca-deixar-o-gremio\/\">AGORA! Renato Ga\u00facho amea\u00e7a deixar o Gr\u00eamio<\/a><\/li>\n\n\n\n<li><a href=\"https:\/\/www.gaveanews.com\/index.php\/2024\/09\/25\/gremio-x-criciuma-vidente-crava-vencedor\/\">Gr\u00eamio x Crici\u00fama: vidente crava vencedor<\/a><\/li>\n<\/ul>\n\n\n\n<p>Nesse cen\u00e1rio, o Gr\u00eamio tem jogadores bem valiosos no plantel, e o G\u00e1vea News elaborou uma lista com o top-8 atletas com maior valor de mercado do clube ga\u00facho.<\/p>\n\n\n\n<h2 class=\"wp-block-heading\" id=\"h-cristaldo\">Cristaldo<\/h2>\n\n\n\n<p>Um dos jogadores mais valiosos do elenco gremista, o meia-ofensivo Franco Cristal \u00e9 argentino e tem 28 anos. Chegou ao clube em janeiro de 2023, tem contrato at\u00e9 dezembro de 2026 e valor de mercado de 10 milh\u00f5es de euros.<\/p>\n\n\n\n<figure class=\"wp-block-image size-full\"><img loading=\"lazy\" decoding=\"async\" width=\"984\" height=\"657\" src=\"https:\/\/www.gaveanews.com\/wp-content\/uploads\/Cristaldo-pelo-Gremio.webp\" alt=\"\" class=\"wp-image-169834\" srcset=\"https:\/\/www.gaveanews.com\/wp-content\/uploads\/Cristaldo-pelo-Gremio.webp 984w, https:\/\/www.gaveanews.com\/wp-content\/uploads\/Cristaldo-pelo-Gremio-300x200.webp 300w, https:\/\/www.gaveanews.com\/wp-content\/uploads\/Cristaldo-pelo-Gremio-768x513.webp 768w, https:\/\/www.gaveanews.com\/wp-content\/uploads\/Cristaldo-pelo-Gremio-629x420.webp 629w, https:\/\/www.gaveanews.com\/wp-content\/uploads\/Cristaldo-pelo-Gremio-537x360.webp 537w, https:\/\/www.gaveanews.com\/wp-content\/uploads\/Cristaldo-pelo-Gremio-640x427.webp 640w, https:\/\/www.gaveanews.com\/wp-content\/uploads\/Cristaldo-pelo-Gremio-681x455.webp 681w, https:\/\/www.gaveanews.com\/wp-content\/uploads\/Cristaldo-pelo-Gremio-100x67.webp 100w\" sizes=\"auto, (max-width: 984px) 100vw, 984px\" \/><figcaption class=\"wp-element-caption\">Cristaldo pelo Gr\u00eamio (Foto: Lucas Uebel\/Gr\u00eamio)<\/figcaption><\/figure>\n\n\n\n<h2 class=\"wp-block-heading\" id=\"h-villasanti\">Villasanti<\/h2>\n\n\n\n<p>O volante Math\u00edas Villasanti \u00e9 paraguaio e tem 27 anos. Ele est\u00e1 no Gr\u00eamio desde agosto de 2021, tem v\u00ednculo at\u00e9 dezembro de 2027 e vale 10 milh\u00f5es de euros.<\/p>\n\n\n\n<figure class=\"wp-block-image size-full\"><img loading=\"lazy\" decoding=\"async\" width=\"984\" height=\"656\" src=\"https:\/\/www.gaveanews.com\/wp-content\/uploads\/villasanti-gremio.webp\" alt=\"\" class=\"wp-image-109516\" srcset=\"https:\/\/www.gaveanews.com\/wp-content\/uploads\/villasanti-gremio.webp 984w, https:\/\/www.gaveanews.com\/wp-content\/uploads\/villasanti-gremio-300x200.webp 300w, https:\/\/www.gaveanews.com\/wp-content\/uploads\/villasanti-gremio-768x512.webp 768w, https:\/\/www.gaveanews.com\/wp-content\/uploads\/villasanti-gremio-630x420.webp 630w, https:\/\/www.gaveanews.com\/wp-content\/uploads\/villasanti-gremio-640x427.webp 640w, https:\/\/www.gaveanews.com\/wp-content\/uploads\/villasanti-gremio-681x454.webp 681w, https:\/\/www.gaveanews.com\/wp-content\/uploads\/villasanti-gremio-100x67.webp 100w\" sizes=\"auto, (max-width: 984px) 100vw, 984px\" \/><figcaption class=\"wp-element-caption\">Villasanti em a\u00e7\u00e3o pelo Gr\u00eamio (Foto: Lucas Uebel\/Gr\u00eamio FBPA)<\/figcaption><\/figure>\n\n\n\n<h2 class=\"wp-block-heading\" id=\"h-nathan-fernandes\">Nathan Fernandes<\/h2>\n\n\n\n<p>Aos 19 anos, o ponta-direita assinou com o Tricolor em julho de 2023. Ele tem valor de mercado de 8 milh\u00f5es de euros e contato at\u00e9 junho de 2028.<\/p>\n\n\n\n<figure class=\"wp-block-image size-large\"><img loading=\"lazy\" decoding=\"async\" width=\"1024\" height=\"576\" src=\"https:\/\/www.gaveanews.com\/wp-content\/uploads\/Nathan-Fernandes-pelo-Gremio-1024x576.webp\" alt=\"\" class=\"wp-image-169835\" srcset=\"https:\/\/www.gaveanews.com\/wp-content\/uploads\/Nathan-Fernandes-pelo-Gremio-1024x576.webp 1024w, https:\/\/www.gaveanews.com\/wp-content\/uploads\/Nathan-Fernandes-pelo-Gremio-300x169.webp 300w, https:\/\/www.gaveanews.com\/wp-content\/uploads\/Nathan-Fernandes-pelo-Gremio-768x432.webp 768w, https:\/\/www.gaveanews.com\/wp-content\/uploads\/Nathan-Fernandes-pelo-Gremio-747x420.webp 747w, https:\/\/www.gaveanews.com\/wp-content\/uploads\/Nathan-Fernandes-pelo-Gremio-640x360.webp 640w, https:\/\/www.gaveanews.com\/wp-content\/uploads\/Nathan-Fernandes-pelo-Gremio-681x383.webp 681w, https:\/\/www.gaveanews.com\/wp-content\/uploads\/Nathan-Fernandes-pelo-Gremio-100x56.webp 100w, https:\/\/www.gaveanews.com\/wp-content\/uploads\/Nathan-Fernandes-pelo-Gremio.webp 1280w\" sizes=\"auto, (max-width: 1024px) 100vw, 1024px\" \/><figcaption class=\"wp-element-caption\">Nathan Fernandes pelo Gr\u00eamio (Foto: Lucas Uebel\/Gr\u00eamio)<\/figcaption><\/figure>\n\n\n\n<h2 class=\"wp-block-heading\" id=\"h-matias-arezo\">Mat\u00edas Arezo<\/h2>\n\n\n\n<p>Mais um jogador estrangeiro na lista de mais valiosos do Gr\u00eamio, Arezo \u00e9 uruguaio, atua como centroavante e tem 21 anos. Chegou ao clube em julho deste ano, assinou at\u00e9 dezembro de 2028 e vale 7 milh\u00f5es de euros.<\/p>\n\n\n\n<figure class=\"wp-block-image size-large\"><img loading=\"lazy\" decoding=\"async\" width=\"1024\" height=\"576\" src=\"https:\/\/www.gaveanews.com\/wp-content\/uploads\/Matias-Arezo-pelo-Gremio-1024x576.webp\" alt=\"\" class=\"wp-image-169836\" srcset=\"https:\/\/www.gaveanews.com\/wp-content\/uploads\/Matias-Arezo-pelo-Gremio-1024x576.webp 1024w, https:\/\/www.gaveanews.com\/wp-content\/uploads\/Matias-Arezo-pelo-Gremio-300x169.webp 300w, https:\/\/www.gaveanews.com\/wp-content\/uploads\/Matias-Arezo-pelo-Gremio-768x432.webp 768w, https:\/\/www.gaveanews.com\/wp-content\/uploads\/Matias-Arezo-pelo-Gremio-747x420.webp 747w, https:\/\/www.gaveanews.com\/wp-content\/uploads\/Matias-Arezo-pelo-Gremio-640x360.webp 640w, https:\/\/www.gaveanews.com\/wp-content\/uploads\/Matias-Arezo-pelo-Gremio-681x383.webp 681w, https:\/\/www.gaveanews.com\/wp-content\/uploads\/Matias-Arezo-pelo-Gremio-100x56.webp 100w, https:\/\/www.gaveanews.com\/wp-content\/uploads\/Matias-Arezo-pelo-Gremio.webp 1200w\" sizes=\"auto, (max-width: 1024px) 100vw, 1024px\" \/><figcaption class=\"wp-element-caption\">Mat\u00edas Arezo pelo Gr\u00eamio (Foto: Lucas Uebel\/Gr\u00eamio)<\/figcaption><\/figure>\n\n\n\n<h2 class=\"wp-block-heading\" id=\"h-soteldo\">Soteldo<\/h2>\n\n\n\n<p>Yeferson Soteldo \u00e9 um dos grandes nomes do Tricolor. O colombiano joga pela ponta-esquerda, tem 27 anos e contrato curtinho: de janeiro a dezembro de 2024. Ele vale 7 milh\u00f5es de euros.<\/p>\n\n\n\n<figure class=\"wp-block-image size-large\"><img loading=\"lazy\" decoding=\"async\" width=\"1024\" height=\"682\" src=\"https:\/\/www.gaveanews.com\/wp-content\/uploads\/Yeferson-Soteldo-com-a-camisa-do-Gremio-pela-Libertadores-2024-1024x682.webp\" alt=\"\" class=\"wp-image-155183\" srcset=\"https:\/\/www.gaveanews.com\/wp-content\/uploads\/Yeferson-Soteldo-com-a-camisa-do-Gremio-pela-Libertadores-2024-1024x682.webp 1024w, https:\/\/www.gaveanews.com\/wp-content\/uploads\/Yeferson-Soteldo-com-a-camisa-do-Gremio-pela-Libertadores-2024-300x200.webp 300w, https:\/\/www.gaveanews.com\/wp-content\/uploads\/Yeferson-Soteldo-com-a-camisa-do-Gremio-pela-Libertadores-2024-768x511.webp 768w, https:\/\/www.gaveanews.com\/wp-content\/uploads\/Yeferson-Soteldo-com-a-camisa-do-Gremio-pela-Libertadores-2024-631x420.webp 631w, https:\/\/www.gaveanews.com\/wp-content\/uploads\/Yeferson-Soteldo-com-a-camisa-do-Gremio-pela-Libertadores-2024-1261x840.webp 1261w, https:\/\/www.gaveanews.com\/wp-content\/uploads\/Yeferson-Soteldo-com-a-camisa-do-Gremio-pela-Libertadores-2024-640x426.webp 640w, https:\/\/www.gaveanews.com\/wp-content\/uploads\/Yeferson-Soteldo-com-a-camisa-do-Gremio-pela-Libertadores-2024-1280x852.webp 1280w, https:\/\/www.gaveanews.com\/wp-content\/uploads\/Yeferson-Soteldo-com-a-camisa-do-Gremio-pela-Libertadores-2024-681x454.webp 681w, https:\/\/www.gaveanews.com\/wp-content\/uploads\/Yeferson-Soteldo-com-a-camisa-do-Gremio-pela-Libertadores-2024-1362x907.webp 1362w, https:\/\/www.gaveanews.com\/wp-content\/uploads\/Yeferson-Soteldo-com-a-camisa-do-Gremio-pela-Libertadores-2024-100x67.webp 100w, https:\/\/www.gaveanews.com\/wp-content\/uploads\/Yeferson-Soteldo-com-a-camisa-do-Gremio-pela-Libertadores-2024.webp 1440w\" sizes=\"auto, (max-width: 1024px) 100vw, 1024px\" \/><figcaption class=\"wp-element-caption\">Yeferson Soteldo com a camisa do Gr\u00eamio pela Libertadores 2024 (Foto: Reprodu\u00e7\u00e3o\/Gr\u00eamio)<\/figcaption><\/figure>\n\n\n\n<h2 class=\"wp-block-heading\" id=\"h-miguel-monsalve\">Miguel Monsalve<\/h2>\n\n\n\n<p>Aos 20 anos, o tamb\u00e9m colombiano Miguel Monsalve \u00e9 meia-ofensivo. Ele chegou ao time ga\u00facho em julho deste ano, tem v\u00ednculo at\u00e9 dezembro de 2028 e valor de mercado de 6 milh\u00f5es de euros.<\/p>\n\n\n\n<figure class=\"wp-block-image size-full\"><img loading=\"lazy\" decoding=\"async\" width=\"984\" height=\"656\" src=\"https:\/\/www.gaveanews.com\/wp-content\/uploads\/Miguel-Monsalve-pelo-Gremio.webp\" alt=\"\" class=\"wp-image-169837\" srcset=\"https:\/\/www.gaveanews.com\/wp-content\/uploads\/Miguel-Monsalve-pelo-Gremio.webp 984w, https:\/\/www.gaveanews.com\/wp-content\/uploads\/Miguel-Monsalve-pelo-Gremio-300x200.webp 300w, https:\/\/www.gaveanews.com\/wp-content\/uploads\/Miguel-Monsalve-pelo-Gremio-768x512.webp 768w, https:\/\/www.gaveanews.com\/wp-content\/uploads\/Miguel-Monsalve-pelo-Gremio-630x420.webp 630w, https:\/\/www.gaveanews.com\/wp-content\/uploads\/Miguel-Monsalve-pelo-Gremio-640x427.webp 640w, https:\/\/www.gaveanews.com\/wp-content\/uploads\/Miguel-Monsalve-pelo-Gremio-681x454.webp 681w, https:\/\/www.gaveanews.com\/wp-content\/uploads\/Miguel-Monsalve-pelo-Gremio-100x67.webp 100w\" sizes=\"auto, (max-width: 984px) 100vw, 984px\" \/><figcaption class=\"wp-element-caption\">Miguel Monsalve pelo Gr\u00eamio (Foto: Lucas Uebel\/Gr\u00eamio)<\/figcaption><\/figure>\n\n\n\n<h2 class=\"wp-block-heading\" id=\"h-alexander-aravena\">Alexander Aravena<\/h2>\n\n\n\n<p>O ponta-esquerda Alexander Aravena tem 22 anos e nasceu no Chile. Chegou para refor\u00e7ar o Gr\u00eamio em julho deste ano, tem contrato at\u00e9 o fim de 2028 e vale 5 milh\u00f5es de euros.<\/p>\n\n\n\n<figure class=\"wp-block-image size-large\"><img loading=\"lazy\" decoding=\"async\" width=\"1024\" height=\"726\" src=\"https:\/\/www.gaveanews.com\/wp-content\/uploads\/Alexander-Aravena-apresentado-pelo-Gremio-1024x726.webp\" alt=\"\" class=\"wp-image-169833\" srcset=\"https:\/\/www.gaveanews.com\/wp-content\/uploads\/Alexander-Aravena-apresentado-pelo-Gremio-1024x726.webp 1024w, https:\/\/www.gaveanews.com\/wp-content\/uploads\/Alexander-Aravena-apresentado-pelo-Gremio-300x213.webp 300w, https:\/\/www.gaveanews.com\/wp-content\/uploads\/Alexander-Aravena-apresentado-pelo-Gremio-768x544.webp 768w, https:\/\/www.gaveanews.com\/wp-content\/uploads\/Alexander-Aravena-apresentado-pelo-Gremio-593x420.webp 593w, https:\/\/www.gaveanews.com\/wp-content\/uploads\/Alexander-Aravena-apresentado-pelo-Gremio-1185x840.webp 1185w, https:\/\/www.gaveanews.com\/wp-content\/uploads\/Alexander-Aravena-apresentado-pelo-Gremio-640x454.webp 640w, https:\/\/www.gaveanews.com\/wp-content\/uploads\/Alexander-Aravena-apresentado-pelo-Gremio-1280x907.webp 1280w, https:\/\/www.gaveanews.com\/wp-content\/uploads\/Alexander-Aravena-apresentado-pelo-Gremio-681x483.webp 681w, https:\/\/www.gaveanews.com\/wp-content\/uploads\/Alexander-Aravena-apresentado-pelo-Gremio-100x71.webp 100w, https:\/\/www.gaveanews.com\/wp-content\/uploads\/Alexander-Aravena-apresentado-pelo-Gremio.webp 1287w\" sizes=\"auto, (max-width: 1024px) 100vw, 1024px\" \/><figcaption class=\"wp-element-caption\">Alexander Aravena apresentado pelo Gr\u00eamio (Foto: Lucas Uebel\/Gr\u00eamio)<\/figcaption><\/figure>\n\n\n\n<h2 class=\"wp-block-heading\" id=\"h-cristian-pavon\">Cristian Pav\u00f3n<\/h2>\n\n\n\n<p>Para fechar a lista, outro estrangeiro: o argentino Pav\u00f3n. Ele atua pela ponta-direita, tem 28 anos, assinou com o clube em fevereiro de 2024 e tem v\u00ednculo at\u00e9 dezembro de 2026. Ele vale 4,50 milh\u00f5es de euros.<\/p>\n\n\n\n<figure class=\"wp-block-image size-full\"><img loading=\"lazy\" decoding=\"async\" width=\"984\" height=\"656\" src=\"https:\/\/www.gaveanews.com\/wp-content\/uploads\/Cristian-Pavon-pelo-Gremio.webp\" alt=\"\" class=\"wp-image-169838\" srcset=\"https:\/\/www.gaveanews.com\/wp-content\/uploads\/Cristian-Pavon-pelo-Gremio.webp 984w, https:\/\/www.gaveanews.com\/wp-content\/uploads\/Cristian-Pavon-pelo-Gremio-300x200.webp 300w, https:\/\/www.gaveanews.com\/wp-content\/uploads\/Cristian-Pavon-pelo-Gremio-768x512.webp 768w, https:\/\/www.gaveanews.com\/wp-content\/uploads\/Cristian-Pavon-pelo-Gremio-630x420.webp 630w, https:\/\/www.gaveanews.com\/wp-content\/uploads\/Cristian-Pavon-pelo-Gremio-640x427.webp 640w, https:\/\/www.gaveanews.com\/wp-content\/uploads\/Cristian-Pavon-pelo-Gremio-681x454.webp 681w, https:\/\/www.gaveanews.com\/wp-content\/uploads\/Cristian-Pavon-pelo-Gremio-100x67.webp 100w\" sizes=\"auto, (max-width: 984px) 100vw, 984px\" \/><figcaption class=\"wp-element-caption\">Cristian Pav\u00f3n pelo Gr\u00eamio (Foto: Lucas Uebel\/Gr\u00eamio)<\/figcaption><\/figure>\n","protected":false},"excerpt":{"rendered":"<p>Em todas as janelas de transfer\u00eancias, os clubes investem o m\u00e1ximo poss\u00edvel para conseguir contratar jogadores de alto n\u00edvel, que potencializem o elenco e tragam bons retornos em conquistas. Nesse cen\u00e1rio, o Gr\u00eamio tem jogadores bem valiosos no plantel, e o G\u00e1vea News elaborou uma lista com o top-8 atletas com maior valor de mercado [&hellip;]<\/p>\n","protected":false},"author":18,"featured_media":169834,"comment_status":"open","ping_status":"closed","sticky":false,"template":"","format":"standard","meta":{"footnotes":""},"categories":[147],"tags":[],"class_list":["post-169832","post","type-post","status-publish","format-standard","has-post-thumbnail","hentry","category-gremio"],"yoast_head":"<!-- This site is optimized with the Yoast SEO Premium plugin v24.2 (Yoast SEO v26.9) - https:\/\/yoast.com\/product\/yoast-seo-premium-wordpress\/ -->\n<title>Cristaldo, Villansanti, Nathan Fernandes, Mat\u00edas Arezo, Soteldo, Miguel Monsalve, Alexander Aravena e Cristian Pav\u00f3n: os jogadores mais valiosos do Gr\u00eamio<\/title>\n<meta name=\"robots\" content=\"index, follow, max-snippet:-1, max-image-preview:large, max-video-preview:-1\" \/>\n<link rel=\"canonical\" href=\"https:\/\/www.gaveanews.com\/index.php\/2024\/09\/28\/cristaldo-villansanti-nathan-fernandes-matias-arezo-soteldo-miguel-monsalve-alexander-aravena-e-cristian-pavon-os-jogadores-mais-valiosos-do-gremio\/\" \/>\n<meta property=\"og:locale\" content=\"pt_BR\" \/>\n<meta property=\"og:type\" content=\"article\" \/>\n<meta property=\"og:title\" content=\"Cristaldo, Villansanti, Nathan Fernandes, Mat\u00edas Arezo, Soteldo, Miguel Monsalve, Alexander Aravena e Cristian Pav\u00f3n: os jogadores mais valiosos do Gr\u00eamio\" \/>\n<meta property=\"og:description\" content=\"Em todas as janelas de transfer\u00eancias, os clubes investem o m\u00e1ximo poss\u00edvel para conseguir contratar jogadores de alto n\u00edvel, que potencializem o elenco e tragam bons retornos em conquistas. Nesse cen\u00e1rio, o Gr\u00eamio tem jogadores bem valiosos no plantel, e o G\u00e1vea News elaborou uma lista com o top-8 atletas com maior valor de mercado [&hellip;]\" \/>\n<meta property=\"og:url\" content=\"https:\/\/www.gaveanews.com\/index.php\/2024\/09\/28\/cristaldo-villansanti-nathan-fernandes-matias-arezo-soteldo-miguel-monsalve-alexander-aravena-e-cristian-pavon-os-jogadores-mais-valiosos-do-gremio\/\" \/>\n<meta property=\"og:site_name\" content=\"G\u00e1vea News\" \/>\n<meta property=\"article:publisher\" content=\"https:\/\/facebook.com\/gaveaNews\/\" \/>\n<meta property=\"article:published_time\" content=\"2024-09-28T12:15:00+00:00\" \/>\n<meta property=\"og:image\" content=\"https:\/\/www.gaveanews.com\/wp-content\/uploads\/Cristaldo-pelo-Gremio.webp\" \/>\n\t<meta property=\"og:image:width\" content=\"984\" \/>\n\t<meta property=\"og:image:height\" content=\"657\" \/>\n\t<meta property=\"og:image:type\" content=\"image\/jpeg\" \/>\n<meta name=\"author\" content=\"Paula Silva\" \/>\n<meta name=\"twitter:card\" content=\"summary_large_image\" \/>\n<meta name=\"twitter:label1\" content=\"Escrito por\" \/>\n\t<meta name=\"twitter:data1\" content=\"Paula Silva\" \/>\n\t<meta name=\"twitter:label2\" content=\"Est. tempo de leitura\" \/>\n\t<meta name=\"twitter:data2\" content=\"5 minutos\" \/>\n<script type=\"application\/ld+json\" class=\"yoast-schema-graph\">{\"@context\":\"https:\/\/schema.org\",\"@graph\":[{\"@type\":\"NewsArticle\",\"@id\":\"https:\/\/www.gaveanews.com\/index.php\/2024\/09\/28\/cristaldo-villansanti-nathan-fernandes-matias-arezo-soteldo-miguel-monsalve-alexander-aravena-e-cristian-pavon-os-jogadores-mais-valiosos-do-gremio\/#article\",\"isPartOf\":{\"@id\":\"https:\/\/www.gaveanews.com\/index.php\/2024\/09\/28\/cristaldo-villansanti-nathan-fernandes-matias-arezo-soteldo-miguel-monsalve-alexander-aravena-e-cristian-pavon-os-jogadores-mais-valiosos-do-gremio\/\"},\"author\":{\"name\":\"Paula Silva\",\"@id\":\"https:\/\/www.gaveanews.com\/#\/schema\/person\/daf63eec72e1164eb13dc35096c2b8da\"},\"headline\":\"Cristaldo, Villansanti, Nathan Fernandes, Mat\u00edas Arezo, Soteldo, Miguel Monsalve, Alexander Aravena e Cristian Pav\u00f3n: os jogadores mais valiosos do Gr\u00eamio\",\"datePublished\":\"2024-09-28T12:15:00+00:00\",\"mainEntityOfPage\":{\"@id\":\"https:\/\/www.gaveanews.com\/index.php\/2024\/09\/28\/cristaldo-villansanti-nathan-fernandes-matias-arezo-soteldo-miguel-monsalve-alexander-aravena-e-cristian-pavon-os-jogadores-mais-valiosos-do-gremio\/\"},\"wordCount\":472,\"commentCount\":0,\"image\":{\"@id\":\"https:\/\/www.gaveanews.com\/index.php\/2024\/09\/28\/cristaldo-villansanti-nathan-fernandes-matias-arezo-soteldo-miguel-monsalve-alexander-aravena-e-cristian-pavon-os-jogadores-mais-valiosos-do-gremio\/#primaryimage\"},\"thumbnailUrl\":\"https:\/\/www.gaveanews.com\/wp-content\/uploads\/Cristaldo-pelo-Gremio.webp\",\"articleSection\":[\"Gr\u00eamio\"],\"inLanguage\":\"pt-BR\",\"potentialAction\":[{\"@type\":\"CommentAction\",\"name\":\"Comment\",\"target\":[\"https:\/\/www.gaveanews.com\/index.php\/2024\/09\/28\/cristaldo-villansanti-nathan-fernandes-matias-arezo-soteldo-miguel-monsalve-alexander-aravena-e-cristian-pavon-os-jogadores-mais-valiosos-do-gremio\/#respond\"]}],\"copyrightYear\":\"2024\",\"copyrightHolder\":{\"@id\":\"https:\/\/www.gaveanews.com\/#organization\"}},{\"@type\":\"WebPage\",\"@id\":\"https:\/\/www.gaveanews.com\/index.php\/2024\/09\/28\/cristaldo-villansanti-nathan-fernandes-matias-arezo-soteldo-miguel-monsalve-alexander-aravena-e-cristian-pavon-os-jogadores-mais-valiosos-do-gremio\/\",\"url\":\"https:\/\/www.gaveanews.com\/index.php\/2024\/09\/28\/cristaldo-villansanti-nathan-fernandes-matias-arezo-soteldo-miguel-monsalve-alexander-aravena-e-cristian-pavon-os-jogadores-mais-valiosos-do-gremio\/\",\"name\":\"Cristaldo, Villansanti, Nathan Fernandes, Mat\u00edas Arezo, Soteldo, Miguel Monsalve, Alexander Aravena e Cristian Pav\u00f3n: os jogadores mais valiosos do Gr\u00eamio\",\"isPartOf\":{\"@id\":\"https:\/\/www.gaveanews.com\/#website\"},\"primaryImageOfPage\":{\"@id\":\"https:\/\/www.gaveanews.com\/index.php\/2024\/09\/28\/cristaldo-villansanti-nathan-fernandes-matias-arezo-soteldo-miguel-monsalve-alexander-aravena-e-cristian-pavon-os-jogadores-mais-valiosos-do-gremio\/#primaryimage\"},\"image\":{\"@id\":\"https:\/\/www.gaveanews.com\/index.php\/2024\/09\/28\/cristaldo-villansanti-nathan-fernandes-matias-arezo-soteldo-miguel-monsalve-alexander-aravena-e-cristian-pavon-os-jogadores-mais-valiosos-do-gremio\/#primaryimage\"},\"thumbnailUrl\":\"https:\/\/www.gaveanews.com\/wp-content\/uploads\/Cristaldo-pelo-Gremio.webp\",\"datePublished\":\"2024-09-28T12:15:00+00:00\",\"author\":{\"@id\":\"https:\/\/www.gaveanews.com\/#\/schema\/person\/daf63eec72e1164eb13dc35096c2b8da\"},\"breadcrumb\":{\"@id\":\"https:\/\/www.gaveanews.com\/index.php\/2024\/09\/28\/cristaldo-villansanti-nathan-fernandes-matias-arezo-soteldo-miguel-monsalve-alexander-aravena-e-cristian-pavon-os-jogadores-mais-valiosos-do-gremio\/#breadcrumb\"},\"inLanguage\":\"pt-BR\",\"potentialAction\":[{\"@type\":\"ReadAction\",\"target\":[\"https:\/\/www.gaveanews.com\/index.php\/2024\/09\/28\/cristaldo-villansanti-nathan-fernandes-matias-arezo-soteldo-miguel-monsalve-alexander-aravena-e-cristian-pavon-os-jogadores-mais-valiosos-do-gremio\/\"]}]},{\"@type\":\"ImageObject\",\"inLanguage\":\"pt-BR\",\"@id\":\"https:\/\/www.gaveanews.com\/index.php\/2024\/09\/28\/cristaldo-villansanti-nathan-fernandes-matias-arezo-soteldo-miguel-monsalve-alexander-aravena-e-cristian-pavon-os-jogadores-mais-valiosos-do-gremio\/#primaryimage\",\"url\":\"https:\/\/www.gaveanews.com\/wp-content\/uploads\/Cristaldo-pelo-Gremio.webp\",\"contentUrl\":\"https:\/\/www.gaveanews.com\/wp-content\/uploads\/Cristaldo-pelo-Gremio.webp\",\"width\":984,\"height\":657,\"caption\":\"Cristaldo pelo Gr\u00eamio (Foto: Lucas Uebel\/Gr\u00eamio)\"},{\"@type\":\"BreadcrumbList\",\"@id\":\"https:\/\/www.gaveanews.com\/index.php\/2024\/09\/28\/cristaldo-villansanti-nathan-fernandes-matias-arezo-soteldo-miguel-monsalve-alexander-aravena-e-cristian-pavon-os-jogadores-mais-valiosos-do-gremio\/#breadcrumb\",\"itemListElement\":[{\"@type\":\"ListItem\",\"position\":1,\"name\":\"Home\",\"item\":\"https:\/\/www.gaveanews.com\/\"},{\"@type\":\"ListItem\",\"position\":2,\"name\":\"Cristaldo, Villansanti, Nathan Fernandes, Mat\u00edas Arezo, Soteldo, Miguel Monsalve, Alexander Aravena e Cristian Pav\u00f3n: os jogadores mais valiosos do Gr\u00eamio\"}]},{\"@type\":\"WebSite\",\"@id\":\"https:\/\/www.gaveanews.com\/#website\",\"url\":\"https:\/\/www.gaveanews.com\/\",\"name\":\"G\u00e1vea News\",\"description\":\"Veja todas as not\u00edcias sobre o Flamengo: Contrata\u00e7\u00f5es, categorias de base, resultados das partidas, tabela de classifica\u00e7\u00e3o, pr\u00f3ximos jogos!\",\"potentialAction\":[{\"@type\":\"SearchAction\",\"target\":{\"@type\":\"EntryPoint\",\"urlTemplate\":\"https:\/\/www.gaveanews.com\/?s={search_term_string}\"},\"query-input\":{\"@type\":\"PropertyValueSpecification\",\"valueRequired\":true,\"valueName\":\"search_term_string\"}}],\"inLanguage\":\"pt-BR\"},{\"@type\":\"Person\",\"@id\":\"https:\/\/www.gaveanews.com\/#\/schema\/person\/daf63eec72e1164eb13dc35096c2b8da\",\"name\":\"Paula Silva\",\"image\":{\"@type\":\"ImageObject\",\"inLanguage\":\"pt-BR\",\"@id\":\"https:\/\/www.gaveanews.com\/#\/schema\/person\/image\/\",\"url\":\"https:\/\/secure.gravatar.com\/avatar\/eda381c845527cc5d64c13b901833cda29d97500ba040d3e6461f76f51d163bb?s=96&d=mm&r=g\",\"contentUrl\":\"https:\/\/secure.gravatar.com\/avatar\/eda381c845527cc5d64c13b901833cda29d97500ba040d3e6461f76f51d163bb?s=96&d=mm&r=g\",\"caption\":\"Paula Silva\"}}]}<\/script>\n<!-- \/ Yoast SEO Premium plugin. -->","yoast_head_json":{"title":"Cristaldo, Villansanti, Nathan Fernandes, Mat\u00edas Arezo, Soteldo, Miguel Monsalve, Alexander Aravena e Cristian Pav\u00f3n: os jogadores mais valiosos do Gr\u00eamio","robots":{"index":"index","follow":"follow","max-snippet":"max-snippet:-1","max-image-preview":"max-image-preview:large","max-video-preview":"max-video-preview:-1"},"canonical":"https:\/\/www.gaveanews.com\/index.php\/2024\/09\/28\/cristaldo-villansanti-nathan-fernandes-matias-arezo-soteldo-miguel-monsalve-alexander-aravena-e-cristian-pavon-os-jogadores-mais-valiosos-do-gremio\/","og_locale":"pt_BR","og_type":"article","og_title":"Cristaldo, Villansanti, Nathan Fernandes, Mat\u00edas Arezo, Soteldo, Miguel Monsalve, Alexander Aravena e Cristian Pav\u00f3n: os jogadores mais valiosos do Gr\u00eamio","og_description":"Em todas as janelas de transfer\u00eancias, os clubes investem o m\u00e1ximo poss\u00edvel para conseguir contratar jogadores de alto n\u00edvel, que potencializem o elenco e tragam bons retornos em conquistas. Nesse cen\u00e1rio, o Gr\u00eamio tem jogadores bem valiosos no plantel, e o G\u00e1vea News elaborou uma lista com o top-8 atletas com maior valor de mercado [&hellip;]","og_url":"https:\/\/www.gaveanews.com\/index.php\/2024\/09\/28\/cristaldo-villansanti-nathan-fernandes-matias-arezo-soteldo-miguel-monsalve-alexander-aravena-e-cristian-pavon-os-jogadores-mais-valiosos-do-gremio\/","og_site_name":"G\u00e1vea News","article_publisher":"https:\/\/facebook.com\/gaveaNews\/","article_published_time":"2024-09-28T12:15:00+00:00","og_image":[{"width":984,"height":657,"url":"https:\/\/www.gaveanews.com\/wp-content\/uploads\/Cristaldo-pelo-Gremio.webp","type":"image\/jpeg"}],"author":"Paula Silva","twitter_card":"summary_large_image","twitter_misc":{"Escrito por":"Paula Silva","Est. tempo de leitura":"5 minutos"},"schema":{"@context":"https:\/\/schema.org","@graph":[{"@type":"NewsArticle","@id":"https:\/\/www.gaveanews.com\/index.php\/2024\/09\/28\/cristaldo-villansanti-nathan-fernandes-matias-arezo-soteldo-miguel-monsalve-alexander-aravena-e-cristian-pavon-os-jogadores-mais-valiosos-do-gremio\/#article","isPartOf":{"@id":"https:\/\/www.gaveanews.com\/index.php\/2024\/09\/28\/cristaldo-villansanti-nathan-fernandes-matias-arezo-soteldo-miguel-monsalve-alexander-aravena-e-cristian-pavon-os-jogadores-mais-valiosos-do-gremio\/"},"author":{"name":"Paula Silva","@id":"https:\/\/www.gaveanews.com\/#\/schema\/person\/daf63eec72e1164eb13dc35096c2b8da"},"headline":"Cristaldo, Villansanti, Nathan Fernandes, Mat\u00edas Arezo, Soteldo, Miguel Monsalve, Alexander Aravena e Cristian Pav\u00f3n: os jogadores mais valiosos do Gr\u00eamio","datePublished":"2024-09-28T12:15:00+00:00","mainEntityOfPage":{"@id":"https:\/\/www.gaveanews.com\/index.php\/2024\/09\/28\/cristaldo-villansanti-nathan-fernandes-matias-arezo-soteldo-miguel-monsalve-alexander-aravena-e-cristian-pavon-os-jogadores-mais-valiosos-do-gremio\/"},"wordCount":472,"commentCount":0,"image":{"@id":"https:\/\/www.gaveanews.com\/index.php\/2024\/09\/28\/cristaldo-villansanti-nathan-fernandes-matias-arezo-soteldo-miguel-monsalve-alexander-aravena-e-cristian-pavon-os-jogadores-mais-valiosos-do-gremio\/#primaryimage"},"thumbnailUrl":"https:\/\/www.gaveanews.com\/wp-content\/uploads\/Cristaldo-pelo-Gremio.webp","articleSection":["Gr\u00eamio"],"inLanguage":"pt-BR","potentialAction":[{"@type":"CommentAction","name":"Comment","target":["https:\/\/www.gaveanews.com\/index.php\/2024\/09\/28\/cristaldo-villansanti-nathan-fernandes-matias-arezo-soteldo-miguel-monsalve-alexander-aravena-e-cristian-pavon-os-jogadores-mais-valiosos-do-gremio\/#respond"]}],"copyrightYear":"2024","copyrightHolder":{"@id":"https:\/\/www.gaveanews.com\/#organization"}},{"@type":"WebPage","@id":"https:\/\/www.gaveanews.com\/index.php\/2024\/09\/28\/cristaldo-villansanti-nathan-fernandes-matias-arezo-soteldo-miguel-monsalve-alexander-aravena-e-cristian-pavon-os-jogadores-mais-valiosos-do-gremio\/","url":"https:\/\/www.gaveanews.com\/index.php\/2024\/09\/28\/cristaldo-villansanti-nathan-fernandes-matias-arezo-soteldo-miguel-monsalve-alexander-aravena-e-cristian-pavon-os-jogadores-mais-valiosos-do-gremio\/","name":"Cristaldo, Villansanti, Nathan Fernandes, Mat\u00edas Arezo, Soteldo, Miguel Monsalve, Alexander Aravena e Cristian Pav\u00f3n: os jogadores mais valiosos do Gr\u00eamio","isPartOf":{"@id":"https:\/\/www.gaveanews.com\/#website"},"primaryImageOfPage":{"@id":"https:\/\/www.gaveanews.com\/index.php\/2024\/09\/28\/cristaldo-villansanti-nathan-fernandes-matias-arezo-soteldo-miguel-monsalve-alexander-aravena-e-cristian-pavon-os-jogadores-mais-valiosos-do-gremio\/#primaryimage"},"image":{"@id":"https:\/\/www.gaveanews.com\/index.php\/2024\/09\/28\/cristaldo-villansanti-nathan-fernandes-matias-arezo-soteldo-miguel-monsalve-alexander-aravena-e-cristian-pavon-os-jogadores-mais-valiosos-do-gremio\/#primaryimage"},"thumbnailUrl":"https:\/\/www.gaveanews.com\/wp-content\/uploads\/Cristaldo-pelo-Gremio.webp","datePublished":"2024-09-28T12:15:00+00:00","author":{"@id":"https:\/\/www.gaveanews.com\/#\/schema\/person\/daf63eec72e1164eb13dc35096c2b8da"},"breadcrumb":{"@id":"https:\/\/www.gaveanews.com\/index.php\/2024\/09\/28\/cristaldo-villansanti-nathan-fernandes-matias-arezo-soteldo-miguel-monsalve-alexander-aravena-e-cristian-pavon-os-jogadores-mais-valiosos-do-gremio\/#breadcrumb"},"inLanguage":"pt-BR","potentialAction":[{"@type":"ReadAction","target":["https:\/\/www.gaveanews.com\/index.php\/2024\/09\/28\/cristaldo-villansanti-nathan-fernandes-matias-arezo-soteldo-miguel-monsalve-alexander-aravena-e-cristian-pavon-os-jogadores-mais-valiosos-do-gremio\/"]}]},{"@type":"ImageObject","inLanguage":"pt-BR","@id":"https:\/\/www.gaveanews.com\/index.php\/2024\/09\/28\/cristaldo-villansanti-nathan-fernandes-matias-arezo-soteldo-miguel-monsalve-alexander-aravena-e-cristian-pavon-os-jogadores-mais-valiosos-do-gremio\/#primaryimage","url":"https:\/\/www.gaveanews.com\/wp-content\/uploads\/Cristaldo-pelo-Gremio.webp","contentUrl":"https:\/\/www.gaveanews.com\/wp-content\/uploads\/Cristaldo-pelo-Gremio.webp","width":984,"height":657,"caption":"Cristaldo pelo Gr\u00eamio (Foto: Lucas Uebel\/Gr\u00eamio)"},{"@type":"BreadcrumbList","@id":"https:\/\/www.gaveanews.com\/index.php\/2024\/09\/28\/cristaldo-villansanti-nathan-fernandes-matias-arezo-soteldo-miguel-monsalve-alexander-aravena-e-cristian-pavon-os-jogadores-mais-valiosos-do-gremio\/#breadcrumb","itemListElement":[{"@type":"ListItem","position":1,"name":"Home","item":"https:\/\/www.gaveanews.com\/"},{"@type":"ListItem","position":2,"name":"Cristaldo, Villansanti, Nathan Fernandes, Mat\u00edas Arezo, Soteldo, Miguel Monsalve, Alexander Aravena e Cristian Pav\u00f3n: os jogadores mais valiosos do Gr\u00eamio"}]},{"@type":"WebSite","@id":"https:\/\/www.gaveanews.com\/#website","url":"https:\/\/www.gaveanews.com\/","name":"G\u00e1vea News","description":"Veja todas as not\u00edcias sobre o Flamengo: Contrata\u00e7\u00f5es, categorias de base, resultados das partidas, tabela de classifica\u00e7\u00e3o, pr\u00f3ximos jogos!","potentialAction":[{"@type":"SearchAction","target":{"@type":"EntryPoint","urlTemplate":"https:\/\/www.gaveanews.com\/?s={search_term_string}"},"query-input":{"@type":"PropertyValueSpecification","valueRequired":true,"valueName":"search_term_string"}}],"inLanguage":"pt-BR"},{"@type":"Person","@id":"https:\/\/www.gaveanews.com\/#\/schema\/person\/daf63eec72e1164eb13dc35096c2b8da","name":"Paula Silva","image":{"@type":"ImageObject","inLanguage":"pt-BR","@id":"https:\/\/www.gaveanews.com\/#\/schema\/person\/image\/","url":"https:\/\/secure.gravatar.com\/avatar\/eda381c845527cc5d64c13b901833cda29d97500ba040d3e6461f76f51d163bb?s=96&d=mm&r=g","contentUrl":"https:\/\/secure.gravatar.com\/avatar\/eda381c845527cc5d64c13b901833cda29d97500ba040d3e6461f76f51d163bb?s=96&d=mm&r=g","caption":"Paula Silva"}}]}},"_links":{"self":[{"href":"https:\/\/www.gaveanews.com\/index.php\/wp-json\/wp\/v2\/posts\/169832","targetHints":{"allow":["GET"]}}],"collection":[{"href":"https:\/\/www.gaveanews.com\/index.php\/wp-json\/wp\/v2\/posts"}],"about":[{"href":"https:\/\/www.gaveanews.com\/index.php\/wp-json\/wp\/v2\/types\/post"}],"author":[{"embeddable":true,"href":"https:\/\/www.gaveanews.com\/index.php\/wp-json\/wp\/v2\/users\/18"}],"replies":[{"embeddable":true,"href":"https:\/\/www.gaveanews.com\/index.php\/wp-json\/wp\/v2\/comments?post=169832"}],"version-history":[{"count":2,"href":"https:\/\/www.gaveanews.com\/index.php\/wp-json\/wp\/v2\/posts\/169832\/revisions"}],"predecessor-version":[{"id":169844,"href":"https:\/\/www.gaveanews.com\/index.php\/wp-json\/wp\/v2\/posts\/169832\/revisions\/169844"}],"wp:featuredmedia":[{"embeddable":true,"href":"https:\/\/www.gaveanews.com\/index.php\/wp-json\/wp\/v2\/media\/169834"}],"wp:attachment":[{"href":"https:\/\/www.gaveanews.com\/index.php\/wp-json\/wp\/v2\/media?parent=169832"}],"wp:term":[{"taxonomy":"category","embeddable":true,"href":"https:\/\/www.gaveanews.com\/index.php\/wp-json\/wp\/v2\/categories?post=169832"},{"taxonomy":"post_tag","embeddable":true,"href":"https:\/\/www.gaveanews.com\/index.php\/wp-json\/wp\/v2\/tags?post=169832"}],"curies":[{"name":"wp","href":"https:\/\/api.w.org\/{rel}","templated":true}]}}