{"id":169853,"date":"2024-09-28T16:15:00","date_gmt":"2024-09-28T19:15:00","guid":{"rendered":"https:\/\/www.gaveanews.com\/?p=169853"},"modified":"2024-09-28T14:49:08","modified_gmt":"2024-09-28T17:49:08","slug":"santos-podera-ser-punido-pelo-stjd","status":"publish","type":"post","link":"https:\/\/www.gaveanews.com\/index.php\/2024\/09\/28\/santos-podera-ser-punido-pelo-stjd\/","title":{"rendered":"Santos poder\u00e1 ser punido pelo STJD"},"content":{"rendered":"\n<h2 class=\"wp-block-heading\" id=\"h-peixe-atrasou-para-a-partida-contra-o-paysandu\">Peixe atrasou para a partida contra o Paysandu <\/h2>\n\n\n\n<p>Em raz\u00e3o do atraso na partida contra o Paysandu no dia 9 de agosto, o Santos ser\u00e1 julgado pelo Superior Tribunal de Justi\u00e7a Desportiva (STJD)&nbsp;na pr\u00f3xima quinta-feira (3), \u00e0s 11 horas da manh\u00e3. A partida era v\u00e1lida pela S\u00e9rie B do Campeonato Brasileiro 2024 e o Peixe foi denunciado no artigo 206 do C\u00f3digo Brasileiro de Justi\u00e7a Desportiva (CBJD), que diz: \u201d Dar causa ao atraso do in\u00edcio da realiza\u00e7\u00e3o de partida ou deixar de apresentar a sua equipe em campo at\u00e9 a hora marcada para o in\u00edcio ou rein\u00edcio da partida\u201d. <\/p>\n\n\n\n<ul class=\"wp-block-list\">\n<li><a href=\"https:\/\/www.gaveanews.com\/index.php\/2024\/09\/23\/fabio-carille-toma-atitude-para-tentar-equilibrar-o-time-do-santos\/\">F\u00e1bio Carille toma atitude para tentar equilibrar o time do Santos<\/a><\/li>\n\n\n\n<li><a href=\"https:\/\/www.gaveanews.com\/index.php\/2024\/09\/24\/novo-tecnico-lateral-fica-chateado-com-carille-e-revezamento-as-ultimas-noticias-do-santos\/\">Novo t\u00e9cnico, lateral fica chateado com Carille e revezamento: as \u00faltimas not\u00edcias do Santos<\/a><\/li>\n<\/ul>\n\n\n\n<p>Na ocasi\u00e3o, o \u00e1rbitro da partida era Denis Serafim que informou um atraso de cerca de 14 minutos do time do Santos. Em sua defesa, a equipe da Baixada Santista anexou um documento para justificar o atraso ocorrido. <\/p>\n\n\n\n<p>\u201cInformo que o jogo iniciou com 13 minutos de atraso devido a equipe do Santos chegar no est\u00e1dio \u00e0s 19h20min devido a problemas no trajeto do hotel para o est\u00e1dio, conforme o documento em anexo\u201d, escreveu o \u00e1rbitro. <\/p>\n\n\n\n<p>\u201cVimos, atrav\u00e9s deste, relatar os incidentes ocorridos nos momentos que antecederam a partida de n\u00b0 199, v\u00e1lida pela 20\u00aa rodada do Campeonato Brasileiro \u2013 S\u00e9rie B \u2013 2024, a ser realizada no Est\u00e1dio Jornalista Edgar Proen\u00e7a (Mangueir\u00e3o), entra Paysandu Sport Club x Santos Futebol Clube. A delega\u00e7\u00e3o do clube, ficou hospedada no Hotel Gran Mercure Bel\u00e9m do Par\u00e1 \u2013 Av. Nossa Senhora de Nazar\u00e9, n\u00b0 375 e fomos previamente informados pela equipe de log\u00edstica que o trajeto hotel x est\u00e1dio, duraria cerca de 30 a 35 minutos, como de costume em eventos futebol\u00edsticos anteriores (previs\u00e3o temporal esta, confirmada com a escolta). Por\u00e9m, a escolta realizada pela Pol\u00edcia Militar de Bel\u00e9m, no meio do percurso, decidiu seguir por um trajeto n\u00e3o repassado \u00e0 equipe de log\u00edstica e nem ao motorista do \u00f4nibus da equipe. Com isso, o trajeto durou cerca de 1 hora e 15 minutos&#8221;, afirmava Fabricio Willian dos Santos Cavalcante, respons\u00e1vel pela log\u00edstica da equipe, que continuou:<\/p>\n\n\n\n<p>&#8220;Foi previamente acordado que o trajeto seria pela Avenida Almirante Barroso, por\u00e9m vieram pela Avenida Duque de Caxias, alongando drasticamente, drasticamente, o trajeto at\u00e9 chegar Avenida Augusto Montenegro (via de acesso direto ao Est\u00e1dio Jornalista Edgar Proen\u00e7a). Com isso, tivemos um preju\u00edzo com o tempo de prepara\u00e7\u00e3o e de aquecimento dos atletas. Nosso desejo \u00e9 de que este tipo de atitude da Pol\u00edcia Militar de Bel\u00e9m, n\u00e3o ocorra mais, em hip\u00f3tese alguma, para que as outras equipes que futuramente vir\u00e3o at\u00e9 este mesmo local, n\u00e3o sofram com tal atitude desprez\u00edvel e antidesportiva. Sem mais para o momento, aproveitamos o ensejo para renovar nossos protestos de elevada estima e distinta considera\u00e7\u00e3o\u201d, disse Fabricio Willian dos Santos Cavalcante, respons\u00e1vel pela log\u00edstica da equipe&#8221;, finalizou Fabricio no documento. <\/p>\n\n\n\n<p>O Santos j\u00e1 foi multado em\u00a0R$ 1.600,00 pelo STJD (Superior Tribunal de Justi\u00e7a Desportiva) pelo atraso na partida diante do Ava\u00ed, na Ressacada, em Florian\u00f3polis. <\/p>\n\n\n\n<p>Na ocasi\u00e3o, o \u00e1rbitro Lucas Paulo Torezin\u00a0colocou na s\u00famula o atraso da equipe santista e disse que o coordenador de futebol, Alexandre Gallo, foi at\u00e9 o vesti\u00e1rio da arbitragem relatar o motivo do atraso da equipe.<\/p>\n\n\n\n<p>\u201cAtraso de dois minutos no in\u00edcio da partida devido a entrada tardia da equipe visitante para o protocolo inicial (\u2026) Informo que aos 2 minutos da segunda etapa a torcida do santos futebol clube fez uso de sinalizadores nas arquibancadas, ap\u00f3s identificar tal ato foi solicitado o anuncio no sistema de som do est\u00e1dio que os mesmos fossem apagados, sendo controlada a situa\u00e7\u00e3o. a partida n\u00e3o foi paralisada por tal acontecimento. Informo que ap\u00f3s a partida, veio at\u00e9 a porta do vesti\u00e1rio da arbitragem, o sr. alexandre gallo, diretor de futebol da equipe do santos futebol clube, relatar que supostamente no deslocamento do \u00f4nibus para o est\u00e1dio o policiamento n\u00e3o efetuou a escolta de forma eficiente, n\u00e3o ligando a sirene, motivando a chegada tardia da equipe no est\u00e1dio, e que por tal motivo houve o atraso da equipe para o in\u00edcio da partida\u201d, escreveu Lucas Paulo Torezin na s\u00famula da partida. <\/p>\n","protected":false},"excerpt":{"rendered":"<p>Peixe atrasou para a partida contra o Paysandu Em raz\u00e3o do atraso na partida contra o Paysandu no dia 9 de agosto, o Santos ser\u00e1 julgado pelo Superior Tribunal de Justi\u00e7a Desportiva (STJD)&nbsp;na pr\u00f3xima quinta-feira (3), \u00e0s 11 horas da manh\u00e3. A partida era v\u00e1lida pela S\u00e9rie B do Campeonato Brasileiro 2024 e o Peixe [&hellip;]<\/p>\n","protected":false},"author":21,"featured_media":152156,"comment_status":"open","ping_status":"closed","sticky":false,"template":"","format":"standard","meta":{"footnotes":""},"categories":[139],"tags":[],"class_list":["post-169853","post","type-post","status-publish","format-standard","has-post-thumbnail","hentry","category-santos"],"yoast_head":"<!-- This site is optimized with the Yoast SEO Premium plugin v24.2 (Yoast SEO v26.9) - https:\/\/yoast.com\/product\/yoast-seo-premium-wordpress\/ -->\n<title>Santos poder\u00e1 ser punido pelo STJD<\/title>\n<meta name=\"robots\" content=\"index, follow, max-snippet:-1, max-image-preview:large, max-video-preview:-1\" \/>\n<link rel=\"canonical\" href=\"https:\/\/www.gaveanews.com\/index.php\/2024\/09\/28\/santos-podera-ser-punido-pelo-stjd\/\" \/>\n<meta property=\"og:locale\" content=\"pt_BR\" \/>\n<meta property=\"og:type\" content=\"article\" \/>\n<meta property=\"og:title\" content=\"Santos poder\u00e1 ser punido pelo STJD\" \/>\n<meta property=\"og:description\" content=\"Peixe atrasou para a partida contra o Paysandu Em raz\u00e3o do atraso na partida contra o Paysandu no dia 9 de agosto, o Santos ser\u00e1 julgado pelo Superior Tribunal de Justi\u00e7a Desportiva (STJD)&nbsp;na pr\u00f3xima quinta-feira (3), \u00e0s 11 horas da manh\u00e3. A partida era v\u00e1lida pela S\u00e9rie B do Campeonato Brasileiro 2024 e o Peixe [&hellip;]\" \/>\n<meta property=\"og:url\" content=\"https:\/\/www.gaveanews.com\/index.php\/2024\/09\/28\/santos-podera-ser-punido-pelo-stjd\/\" \/>\n<meta property=\"og:site_name\" content=\"G\u00e1vea News\" \/>\n<meta property=\"article:publisher\" content=\"https:\/\/facebook.com\/gaveaNews\/\" \/>\n<meta property=\"article:published_time\" content=\"2024-09-28T19:15:00+00:00\" \/>\n<meta property=\"og:image\" content=\"https:\/\/www.gaveanews.com\/wp-content\/uploads\/Escudo-do-Santos-1.webp\" \/>\n\t<meta property=\"og:image:width\" content=\"1300\" \/>\n\t<meta property=\"og:image:height\" content=\"1056\" \/>\n\t<meta property=\"og:image:type\" content=\"image\/webp\" \/>\n<meta name=\"author\" content=\"Andr\u00e9 Serra\" \/>\n<meta name=\"twitter:card\" content=\"summary_large_image\" \/>\n<meta name=\"twitter:label1\" content=\"Escrito por\" \/>\n\t<meta name=\"twitter:data1\" content=\"Andr\u00e9 Serra\" \/>\n\t<meta name=\"twitter:label2\" content=\"Est. tempo de leitura\" \/>\n\t<meta name=\"twitter:data2\" content=\"5 minutos\" \/>\n<script type=\"application\/ld+json\" class=\"yoast-schema-graph\">{\"@context\":\"https:\/\/schema.org\",\"@graph\":[{\"@type\":\"NewsArticle\",\"@id\":\"https:\/\/www.gaveanews.com\/index.php\/2024\/09\/28\/santos-podera-ser-punido-pelo-stjd\/#article\",\"isPartOf\":{\"@id\":\"https:\/\/www.gaveanews.com\/index.php\/2024\/09\/28\/santos-podera-ser-punido-pelo-stjd\/\"},\"author\":{\"name\":\"Andr\u00e9 Serra\",\"@id\":\"https:\/\/www.gaveanews.com\/#\/schema\/person\/0277a79a1289c451c281ec0411d84f0c\"},\"headline\":\"Santos poder\u00e1 ser punido pelo STJD\",\"datePublished\":\"2024-09-28T19:15:00+00:00\",\"mainEntityOfPage\":{\"@id\":\"https:\/\/www.gaveanews.com\/index.php\/2024\/09\/28\/santos-podera-ser-punido-pelo-stjd\/\"},\"wordCount\":752,\"commentCount\":0,\"image\":{\"@id\":\"https:\/\/www.gaveanews.com\/index.php\/2024\/09\/28\/santos-podera-ser-punido-pelo-stjd\/#primaryimage\"},\"thumbnailUrl\":\"https:\/\/www.gaveanews.com\/wp-content\/uploads\/Escudo-do-Santos-1.webp\",\"articleSection\":[\"Santos\"],\"inLanguage\":\"pt-BR\",\"potentialAction\":[{\"@type\":\"CommentAction\",\"name\":\"Comment\",\"target\":[\"https:\/\/www.gaveanews.com\/index.php\/2024\/09\/28\/santos-podera-ser-punido-pelo-stjd\/#respond\"]}],\"copyrightYear\":\"2024\",\"copyrightHolder\":{\"@id\":\"https:\/\/www.gaveanews.com\/#organization\"}},{\"@type\":\"WebPage\",\"@id\":\"https:\/\/www.gaveanews.com\/index.php\/2024\/09\/28\/santos-podera-ser-punido-pelo-stjd\/\",\"url\":\"https:\/\/www.gaveanews.com\/index.php\/2024\/09\/28\/santos-podera-ser-punido-pelo-stjd\/\",\"name\":\"Santos poder\u00e1 ser punido pelo STJD\",\"isPartOf\":{\"@id\":\"https:\/\/www.gaveanews.com\/#website\"},\"primaryImageOfPage\":{\"@id\":\"https:\/\/www.gaveanews.com\/index.php\/2024\/09\/28\/santos-podera-ser-punido-pelo-stjd\/#primaryimage\"},\"image\":{\"@id\":\"https:\/\/www.gaveanews.com\/index.php\/2024\/09\/28\/santos-podera-ser-punido-pelo-stjd\/#primaryimage\"},\"thumbnailUrl\":\"https:\/\/www.gaveanews.com\/wp-content\/uploads\/Escudo-do-Santos-1.webp\",\"datePublished\":\"2024-09-28T19:15:00+00:00\",\"author\":{\"@id\":\"https:\/\/www.gaveanews.com\/#\/schema\/person\/0277a79a1289c451c281ec0411d84f0c\"},\"breadcrumb\":{\"@id\":\"https:\/\/www.gaveanews.com\/index.php\/2024\/09\/28\/santos-podera-ser-punido-pelo-stjd\/#breadcrumb\"},\"inLanguage\":\"pt-BR\",\"potentialAction\":[{\"@type\":\"ReadAction\",\"target\":[\"https:\/\/www.gaveanews.com\/index.php\/2024\/09\/28\/santos-podera-ser-punido-pelo-stjd\/\"]}]},{\"@type\":\"ImageObject\",\"inLanguage\":\"pt-BR\",\"@id\":\"https:\/\/www.gaveanews.com\/index.php\/2024\/09\/28\/santos-podera-ser-punido-pelo-stjd\/#primaryimage\",\"url\":\"https:\/\/www.gaveanews.com\/wp-content\/uploads\/Escudo-do-Santos-1.webp\",\"contentUrl\":\"https:\/\/www.gaveanews.com\/wp-content\/uploads\/Escudo-do-Santos-1.webp\",\"width\":1300,\"height\":1056,\"caption\":\"Escudo do Santos (Foto: Reprodu\u00e7\u00e3o\/Instagram)\"},{\"@type\":\"BreadcrumbList\",\"@id\":\"https:\/\/www.gaveanews.com\/index.php\/2024\/09\/28\/santos-podera-ser-punido-pelo-stjd\/#breadcrumb\",\"itemListElement\":[{\"@type\":\"ListItem\",\"position\":1,\"name\":\"Home\",\"item\":\"https:\/\/www.gaveanews.com\/\"},{\"@type\":\"ListItem\",\"position\":2,\"name\":\"Santos poder\u00e1 ser punido pelo STJD\"}]},{\"@type\":\"WebSite\",\"@id\":\"https:\/\/www.gaveanews.com\/#website\",\"url\":\"https:\/\/www.gaveanews.com\/\",\"name\":\"G\u00e1vea News\",\"description\":\"Veja todas as not\u00edcias sobre o Flamengo: Contrata\u00e7\u00f5es, categorias de base, resultados das partidas, tabela de classifica\u00e7\u00e3o, pr\u00f3ximos jogos!\",\"potentialAction\":[{\"@type\":\"SearchAction\",\"target\":{\"@type\":\"EntryPoint\",\"urlTemplate\":\"https:\/\/www.gaveanews.com\/?s={search_term_string}\"},\"query-input\":{\"@type\":\"PropertyValueSpecification\",\"valueRequired\":true,\"valueName\":\"search_term_string\"}}],\"inLanguage\":\"pt-BR\"},{\"@type\":\"Person\",\"@id\":\"https:\/\/www.gaveanews.com\/#\/schema\/person\/0277a79a1289c451c281ec0411d84f0c\",\"name\":\"Andr\u00e9 Serra\",\"image\":{\"@type\":\"ImageObject\",\"inLanguage\":\"pt-BR\",\"@id\":\"https:\/\/www.gaveanews.com\/#\/schema\/person\/image\/\",\"url\":\"https:\/\/secure.gravatar.com\/avatar\/d7231369fe48db93292b3e88eb2162dbd9a34a47a8437d9ef3bcaca2a86a83d7?s=96&d=mm&r=g\",\"contentUrl\":\"https:\/\/secure.gravatar.com\/avatar\/d7231369fe48db93292b3e88eb2162dbd9a34a47a8437d9ef3bcaca2a86a83d7?s=96&d=mm&r=g\",\"caption\":\"Andr\u00e9 Serra\"}}]}<\/script>\n<!-- \/ Yoast SEO Premium plugin. -->","yoast_head_json":{"title":"Santos poder\u00e1 ser punido pelo STJD","robots":{"index":"index","follow":"follow","max-snippet":"max-snippet:-1","max-image-preview":"max-image-preview:large","max-video-preview":"max-video-preview:-1"},"canonical":"https:\/\/www.gaveanews.com\/index.php\/2024\/09\/28\/santos-podera-ser-punido-pelo-stjd\/","og_locale":"pt_BR","og_type":"article","og_title":"Santos poder\u00e1 ser punido pelo STJD","og_description":"Peixe atrasou para a partida contra o Paysandu Em raz\u00e3o do atraso na partida contra o Paysandu no dia 9 de agosto, o Santos ser\u00e1 julgado pelo Superior Tribunal de Justi\u00e7a Desportiva (STJD)&nbsp;na pr\u00f3xima quinta-feira (3), \u00e0s 11 horas da manh\u00e3. A partida era v\u00e1lida pela S\u00e9rie B do Campeonato Brasileiro 2024 e o Peixe [&hellip;]","og_url":"https:\/\/www.gaveanews.com\/index.php\/2024\/09\/28\/santos-podera-ser-punido-pelo-stjd\/","og_site_name":"G\u00e1vea News","article_publisher":"https:\/\/facebook.com\/gaveaNews\/","article_published_time":"2024-09-28T19:15:00+00:00","og_image":[{"width":1300,"height":1056,"url":"https:\/\/www.gaveanews.com\/wp-content\/uploads\/Escudo-do-Santos-1.webp","type":"image\/webp"}],"author":"Andr\u00e9 Serra","twitter_card":"summary_large_image","twitter_misc":{"Escrito por":"Andr\u00e9 Serra","Est. tempo de leitura":"5 minutos"},"schema":{"@context":"https:\/\/schema.org","@graph":[{"@type":"NewsArticle","@id":"https:\/\/www.gaveanews.com\/index.php\/2024\/09\/28\/santos-podera-ser-punido-pelo-stjd\/#article","isPartOf":{"@id":"https:\/\/www.gaveanews.com\/index.php\/2024\/09\/28\/santos-podera-ser-punido-pelo-stjd\/"},"author":{"name":"Andr\u00e9 Serra","@id":"https:\/\/www.gaveanews.com\/#\/schema\/person\/0277a79a1289c451c281ec0411d84f0c"},"headline":"Santos poder\u00e1 ser punido pelo STJD","datePublished":"2024-09-28T19:15:00+00:00","mainEntityOfPage":{"@id":"https:\/\/www.gaveanews.com\/index.php\/2024\/09\/28\/santos-podera-ser-punido-pelo-stjd\/"},"wordCount":752,"commentCount":0,"image":{"@id":"https:\/\/www.gaveanews.com\/index.php\/2024\/09\/28\/santos-podera-ser-punido-pelo-stjd\/#primaryimage"},"thumbnailUrl":"https:\/\/www.gaveanews.com\/wp-content\/uploads\/Escudo-do-Santos-1.webp","articleSection":["Santos"],"inLanguage":"pt-BR","potentialAction":[{"@type":"CommentAction","name":"Comment","target":["https:\/\/www.gaveanews.com\/index.php\/2024\/09\/28\/santos-podera-ser-punido-pelo-stjd\/#respond"]}],"copyrightYear":"2024","copyrightHolder":{"@id":"https:\/\/www.gaveanews.com\/#organization"}},{"@type":"WebPage","@id":"https:\/\/www.gaveanews.com\/index.php\/2024\/09\/28\/santos-podera-ser-punido-pelo-stjd\/","url":"https:\/\/www.gaveanews.com\/index.php\/2024\/09\/28\/santos-podera-ser-punido-pelo-stjd\/","name":"Santos poder\u00e1 ser punido pelo STJD","isPartOf":{"@id":"https:\/\/www.gaveanews.com\/#website"},"primaryImageOfPage":{"@id":"https:\/\/www.gaveanews.com\/index.php\/2024\/09\/28\/santos-podera-ser-punido-pelo-stjd\/#primaryimage"},"image":{"@id":"https:\/\/www.gaveanews.com\/index.php\/2024\/09\/28\/santos-podera-ser-punido-pelo-stjd\/#primaryimage"},"thumbnailUrl":"https:\/\/www.gaveanews.com\/wp-content\/uploads\/Escudo-do-Santos-1.webp","datePublished":"2024-09-28T19:15:00+00:00","author":{"@id":"https:\/\/www.gaveanews.com\/#\/schema\/person\/0277a79a1289c451c281ec0411d84f0c"},"breadcrumb":{"@id":"https:\/\/www.gaveanews.com\/index.php\/2024\/09\/28\/santos-podera-ser-punido-pelo-stjd\/#breadcrumb"},"inLanguage":"pt-BR","potentialAction":[{"@type":"ReadAction","target":["https:\/\/www.gaveanews.com\/index.php\/2024\/09\/28\/santos-podera-ser-punido-pelo-stjd\/"]}]},{"@type":"ImageObject","inLanguage":"pt-BR","@id":"https:\/\/www.gaveanews.com\/index.php\/2024\/09\/28\/santos-podera-ser-punido-pelo-stjd\/#primaryimage","url":"https:\/\/www.gaveanews.com\/wp-content\/uploads\/Escudo-do-Santos-1.webp","contentUrl":"https:\/\/www.gaveanews.com\/wp-content\/uploads\/Escudo-do-Santos-1.webp","width":1300,"height":1056,"caption":"Escudo do Santos (Foto: Reprodu\u00e7\u00e3o\/Instagram)"},{"@type":"BreadcrumbList","@id":"https:\/\/www.gaveanews.com\/index.php\/2024\/09\/28\/santos-podera-ser-punido-pelo-stjd\/#breadcrumb","itemListElement":[{"@type":"ListItem","position":1,"name":"Home","item":"https:\/\/www.gaveanews.com\/"},{"@type":"ListItem","position":2,"name":"Santos poder\u00e1 ser punido pelo STJD"}]},{"@type":"WebSite","@id":"https:\/\/www.gaveanews.com\/#website","url":"https:\/\/www.gaveanews.com\/","name":"G\u00e1vea News","description":"Veja todas as not\u00edcias sobre o Flamengo: Contrata\u00e7\u00f5es, categorias de base, resultados das partidas, tabela de classifica\u00e7\u00e3o, pr\u00f3ximos jogos!","potentialAction":[{"@type":"SearchAction","target":{"@type":"EntryPoint","urlTemplate":"https:\/\/www.gaveanews.com\/?s={search_term_string}"},"query-input":{"@type":"PropertyValueSpecification","valueRequired":true,"valueName":"search_term_string"}}],"inLanguage":"pt-BR"},{"@type":"Person","@id":"https:\/\/www.gaveanews.com\/#\/schema\/person\/0277a79a1289c451c281ec0411d84f0c","name":"Andr\u00e9 Serra","image":{"@type":"ImageObject","inLanguage":"pt-BR","@id":"https:\/\/www.gaveanews.com\/#\/schema\/person\/image\/","url":"https:\/\/secure.gravatar.com\/avatar\/d7231369fe48db93292b3e88eb2162dbd9a34a47a8437d9ef3bcaca2a86a83d7?s=96&d=mm&r=g","contentUrl":"https:\/\/secure.gravatar.com\/avatar\/d7231369fe48db93292b3e88eb2162dbd9a34a47a8437d9ef3bcaca2a86a83d7?s=96&d=mm&r=g","caption":"Andr\u00e9 Serra"}}]}},"_links":{"self":[{"href":"https:\/\/www.gaveanews.com\/index.php\/wp-json\/wp\/v2\/posts\/169853","targetHints":{"allow":["GET"]}}],"collection":[{"href":"https:\/\/www.gaveanews.com\/index.php\/wp-json\/wp\/v2\/posts"}],"about":[{"href":"https:\/\/www.gaveanews.com\/index.php\/wp-json\/wp\/v2\/types\/post"}],"author":[{"embeddable":true,"href":"https:\/\/www.gaveanews.com\/index.php\/wp-json\/wp\/v2\/users\/21"}],"replies":[{"embeddable":true,"href":"https:\/\/www.gaveanews.com\/index.php\/wp-json\/wp\/v2\/comments?post=169853"}],"version-history":[{"count":2,"href":"https:\/\/www.gaveanews.com\/index.php\/wp-json\/wp\/v2\/posts\/169853\/revisions"}],"predecessor-version":[{"id":169939,"href":"https:\/\/www.gaveanews.com\/index.php\/wp-json\/wp\/v2\/posts\/169853\/revisions\/169939"}],"wp:featuredmedia":[{"embeddable":true,"href":"https:\/\/www.gaveanews.com\/index.php\/wp-json\/wp\/v2\/media\/152156"}],"wp:attachment":[{"href":"https:\/\/www.gaveanews.com\/index.php\/wp-json\/wp\/v2\/media?parent=169853"}],"wp:term":[{"taxonomy":"category","embeddable":true,"href":"https:\/\/www.gaveanews.com\/index.php\/wp-json\/wp\/v2\/categories?post=169853"},{"taxonomy":"post_tag","embeddable":true,"href":"https:\/\/www.gaveanews.com\/index.php\/wp-json\/wp\/v2\/tags?post=169853"}],"curies":[{"name":"wp","href":"https:\/\/api.w.org\/{rel}","templated":true}]}}