{"id":169863,"date":"2024-09-28T15:45:00","date_gmt":"2024-09-28T18:45:00","guid":{"rendered":"https:\/\/www.gaveanews.com\/?p=169863"},"modified":"2024-09-28T14:48:33","modified_gmt":"2024-09-28T17:48:33","slug":"lucas-piton-philippe-coutinho-rayan-leo-jardim-joao-victor-adson-sforza-e-jair-os-jogadores-mais-valiosos-do-vasco","status":"publish","type":"post","link":"https:\/\/www.gaveanews.com\/index.php\/2024\/09\/28\/lucas-piton-philippe-coutinho-rayan-leo-jardim-joao-victor-adson-sforza-e-jair-os-jogadores-mais-valiosos-do-vasco\/","title":{"rendered":"Lucas Piton, Philippe Coutinho, Rayan, L\u00e9o Jardim, Jo\u00e3o Victor, Adson, Sforza e Jair: os jogadores mais valiosos do Vasco"},"content":{"rendered":"\n<p>Em todas as janelas de transfer\u00eancias, os clubes investem o m\u00e1ximo poss\u00edvel para conseguir contratar jogadores de alto n\u00edvel, que potencializem o elenco e tragam bons retornos em conquistas.<\/p>\n\n\n\n<ul class=\"wp-block-list\">\n<li><a href=\"https:\/\/www.gaveanews.com\/index.php\/2024\/09\/27\/idolo-do-vasco-revela-que-3-contratacoes-de-peso-serao-feitas\/\">\u00cddolo do Vasco revela que 3 contrata\u00e7\u00f5es de peso ser\u00e3o feitas<\/a><\/li>\n\n\n\n<li><a href=\"https:\/\/www.gaveanews.com\/index.php\/2024\/09\/26\/repercussao-no-exterior-declaracao-de-paiva-sobre-a-falha-de-rayan-e-neto-crava-a-final-da-copa-do-brasil-as-ultimas-noticias-do-vasco\/\">Repercuss\u00e3o no exterior, declara\u00e7\u00e3o de Paiva sobre a falha de Rayan e Neto crava a final da Copa do Brasil: as \u00faltimas not\u00edcias do Vasco<\/a><\/li>\n<\/ul>\n\n\n\n<p>Nesse cen\u00e1rio, o Vasco da Gama tem jogadores bem valiosos no plantel, e o G\u00e1vea News elaborou uma lista com o top-8 atletas com maior valor de mercado do Cruzmaltino.<\/p>\n\n\n\n<h2 class=\"wp-block-heading\" id=\"h-lucas-piton\">Lucas Piton<\/h2>\n\n\n\n<p>Jogador mais valioso do Vasco, Lucas Piton \u00e9 lateral-esquerdo e tem 23 anos. Chegou ao Cruzmaltino em janeiro de 2023, tem contrato at\u00e9 dezembro de 2028 e valor de mercado de 8 milh\u00f5es de euros.<\/p>\n\n\n\n<figure class=\"wp-block-image size-large\"><img loading=\"lazy\" decoding=\"async\" width=\"1024\" height=\"682\" src=\"https:\/\/www.gaveanews.com\/wp-content\/uploads\/Lucas-Piton-apresentado-pelo-Vasco-1024x682.webp\" alt=\"\" class=\"wp-image-169866\" srcset=\"https:\/\/www.gaveanews.com\/wp-content\/uploads\/Lucas-Piton-apresentado-pelo-Vasco-1024x682.webp 1024w, https:\/\/www.gaveanews.com\/wp-content\/uploads\/Lucas-Piton-apresentado-pelo-Vasco-300x200.webp 300w, https:\/\/www.gaveanews.com\/wp-content\/uploads\/Lucas-Piton-apresentado-pelo-Vasco-768x511.webp 768w, https:\/\/www.gaveanews.com\/wp-content\/uploads\/Lucas-Piton-apresentado-pelo-Vasco-1536x1022.webp 1536w, https:\/\/www.gaveanews.com\/wp-content\/uploads\/Lucas-Piton-apresentado-pelo-Vasco-631x420.webp 631w, https:\/\/www.gaveanews.com\/wp-content\/uploads\/Lucas-Piton-apresentado-pelo-Vasco-1262x840.webp 1262w, https:\/\/www.gaveanews.com\/wp-content\/uploads\/Lucas-Piton-apresentado-pelo-Vasco-640x426.webp 640w, https:\/\/www.gaveanews.com\/wp-content\/uploads\/Lucas-Piton-apresentado-pelo-Vasco-1280x852.webp 1280w, https:\/\/www.gaveanews.com\/wp-content\/uploads\/Lucas-Piton-apresentado-pelo-Vasco-681x453.webp 681w, https:\/\/www.gaveanews.com\/wp-content\/uploads\/Lucas-Piton-apresentado-pelo-Vasco-1362x907.webp 1362w, https:\/\/www.gaveanews.com\/wp-content\/uploads\/Lucas-Piton-apresentado-pelo-Vasco-100x67.webp 100w, https:\/\/www.gaveanews.com\/wp-content\/uploads\/Lucas-Piton-apresentado-pelo-Vasco.webp 1600w\" sizes=\"auto, (max-width: 1024px) 100vw, 1024px\" \/><figcaption class=\"wp-element-caption\">Lucas Piton apresentado pelo Vasco (Foto: Divulga\u00e7\u00e3o\/Vasco)<\/figcaption><\/figure>\n\n\n\n<h2 class=\"wp-block-heading\" id=\"h-philippe-coutinho\">Philippe Coutinho<\/h2>\n\n\n\n<p>Cria do Vasco, Coutinho est\u00e1 com 32 anos e atua como meia-ofensivo. Voltou ao clube em julho deste ano, e assinou apenas at\u00e9 junho de 2025. Ele vale 7,50 milh\u00f5es de euros.<\/p>\n\n\n\n<figure class=\"wp-block-image size-full is-resized\"><img loading=\"lazy\" decoding=\"async\" width=\"799\" height=\"533\" src=\"https:\/\/www.gaveanews.com\/wp-content\/uploads\/Philippe-Coutinho-durante-apresentacao-ao-Vasco-da-Gama-em-Sao-Januario.webp\" alt=\"\" class=\"wp-image-153282\" style=\"width:840px;height:auto\" srcset=\"https:\/\/www.gaveanews.com\/wp-content\/uploads\/Philippe-Coutinho-durante-apresentacao-ao-Vasco-da-Gama-em-Sao-Januario.webp 799w, https:\/\/www.gaveanews.com\/wp-content\/uploads\/Philippe-Coutinho-durante-apresentacao-ao-Vasco-da-Gama-em-Sao-Januario-300x200.webp 300w, https:\/\/www.gaveanews.com\/wp-content\/uploads\/Philippe-Coutinho-durante-apresentacao-ao-Vasco-da-Gama-em-Sao-Januario-768x512.webp 768w, https:\/\/www.gaveanews.com\/wp-content\/uploads\/Philippe-Coutinho-durante-apresentacao-ao-Vasco-da-Gama-em-Sao-Januario-630x420.webp 630w, https:\/\/www.gaveanews.com\/wp-content\/uploads\/Philippe-Coutinho-durante-apresentacao-ao-Vasco-da-Gama-em-Sao-Januario-640x427.webp 640w, https:\/\/www.gaveanews.com\/wp-content\/uploads\/Philippe-Coutinho-durante-apresentacao-ao-Vasco-da-Gama-em-Sao-Januario-681x454.webp 681w, https:\/\/www.gaveanews.com\/wp-content\/uploads\/Philippe-Coutinho-durante-apresentacao-ao-Vasco-da-Gama-em-Sao-Januario-100x67.webp 100w\" sizes=\"auto, (max-width: 799px) 100vw, 799px\" \/><figcaption class=\"wp-element-caption\">Philippe Coutinho durante apresenta\u00e7\u00e3o ao Vasco da Gama em S\u00e3o Janu\u00e1rio (Foto: Reprodu\u00e7\u00e3o\/Vasco)<\/figcaption><\/figure>\n\n\n\n<h2 class=\"wp-block-heading\" id=\"h-rayan\">Rayan<\/h2>\n\n\n\n<p>Aos 18 anos, o jovem Rayan \u00e9 ponta-direita. Assinou com o Vasco da Gama de julho de 2023 a dezembro de 2025 e vale 7 milh\u00f5es de euros.<\/p>\n\n\n\n<figure class=\"wp-block-image size-large\"><img loading=\"lazy\" decoding=\"async\" width=\"1024\" height=\"576\" src=\"https:\/\/www.gaveanews.com\/wp-content\/uploads\/Rayan-em-treino-do-Vasco-1024x576.webp\" alt=\"\" class=\"wp-image-169867\" srcset=\"https:\/\/www.gaveanews.com\/wp-content\/uploads\/Rayan-em-treino-do-Vasco-1024x576.webp 1024w, https:\/\/www.gaveanews.com\/wp-content\/uploads\/Rayan-em-treino-do-Vasco-300x169.webp 300w, https:\/\/www.gaveanews.com\/wp-content\/uploads\/Rayan-em-treino-do-Vasco-768x432.webp 768w, https:\/\/www.gaveanews.com\/wp-content\/uploads\/Rayan-em-treino-do-Vasco-747x420.webp 747w, https:\/\/www.gaveanews.com\/wp-content\/uploads\/Rayan-em-treino-do-Vasco-640x360.webp 640w, https:\/\/www.gaveanews.com\/wp-content\/uploads\/Rayan-em-treino-do-Vasco-681x383.webp 681w, https:\/\/www.gaveanews.com\/wp-content\/uploads\/Rayan-em-treino-do-Vasco-100x56.webp 100w, https:\/\/www.gaveanews.com\/wp-content\/uploads\/Rayan-em-treino-do-Vasco.webp 1140w\" sizes=\"auto, (max-width: 1024px) 100vw, 1024px\" \/><figcaption class=\"wp-element-caption\">Rayan em treino do Vasco (Foto: Daniel Ramalho\/CRVG)<\/figcaption><\/figure>\n\n\n\n<h2 class=\"wp-block-heading\" id=\"h-leo-jardim\">L\u00e9o Jardim<\/h2>\n\n\n\n<p>Goleiro do Vasco e um dos principais destaques da equipe, L\u00e9o Jardim tem 29 anos. O arqueiro chegou ao Cruzmaltino em janeiro de 2023, tem contrato at\u00e9 dezembro de 2025 e valor de mercado de 5,50 milh\u00f5es de euros.<\/p>\n\n\n\n<figure class=\"wp-block-image size-large\"><img loading=\"lazy\" decoding=\"async\" width=\"1024\" height=\"640\" src=\"https:\/\/www.gaveanews.com\/wp-content\/uploads\/Leo-Jardim-em-acao-pelo-Vasco-1024x640.webp\" alt=\"\" class=\"wp-image-169868\" srcset=\"https:\/\/www.gaveanews.com\/wp-content\/uploads\/Leo-Jardim-em-acao-pelo-Vasco-1024x640.webp 1024w, https:\/\/www.gaveanews.com\/wp-content\/uploads\/Leo-Jardim-em-acao-pelo-Vasco-300x188.webp 300w, https:\/\/www.gaveanews.com\/wp-content\/uploads\/Leo-Jardim-em-acao-pelo-Vasco-768x480.webp 768w, https:\/\/www.gaveanews.com\/wp-content\/uploads\/Leo-Jardim-em-acao-pelo-Vasco-1536x960.webp 1536w, https:\/\/www.gaveanews.com\/wp-content\/uploads\/Leo-Jardim-em-acao-pelo-Vasco-672x420.webp 672w, https:\/\/www.gaveanews.com\/wp-content\/uploads\/Leo-Jardim-em-acao-pelo-Vasco-1344x840.webp 1344w, https:\/\/www.gaveanews.com\/wp-content\/uploads\/Leo-Jardim-em-acao-pelo-Vasco-640x400.webp 640w, https:\/\/www.gaveanews.com\/wp-content\/uploads\/Leo-Jardim-em-acao-pelo-Vasco-1280x800.webp 1280w, https:\/\/www.gaveanews.com\/wp-content\/uploads\/Leo-Jardim-em-acao-pelo-Vasco-681x426.webp 681w, https:\/\/www.gaveanews.com\/wp-content\/uploads\/Leo-Jardim-em-acao-pelo-Vasco-1362x851.webp 1362w, https:\/\/www.gaveanews.com\/wp-content\/uploads\/Leo-Jardim-em-acao-pelo-Vasco-100x63.webp 100w, https:\/\/www.gaveanews.com\/wp-content\/uploads\/Leo-Jardim-em-acao-pelo-Vasco.webp 1600w\" sizes=\"auto, (max-width: 1024px) 100vw, 1024px\" \/><figcaption class=\"wp-element-caption\">L\u00e9o Jardim em a\u00e7\u00e3o pelo Vasco (Foto: Leandro Amorim\/Vasco)<\/figcaption><\/figure>\n\n\n\n<h2 class=\"wp-block-heading\" id=\"h-joao-victor\">Jo\u00e3o Victor<\/h2>\n\n\n\n<p>Aos 26 anos, o zagueiro Jo\u00e3o Victor chegou para refo\u00e7ar o clube carioca em janeiro deste ano. Com v\u00ednculo at\u00e9 dezembro de 2028, ele vale 5 milh\u00f5es de euros.<\/p>\n\n\n\n<figure class=\"wp-block-image size-full\"><img loading=\"lazy\" decoding=\"async\" width=\"984\" height=\"656\" src=\"https:\/\/www.gaveanews.com\/wp-content\/uploads\/Joao-Victor-em-acao-pelo-Vasco.webp\" alt=\"\" class=\"wp-image-169870\" srcset=\"https:\/\/www.gaveanews.com\/wp-content\/uploads\/Joao-Victor-em-acao-pelo-Vasco.webp 984w, https:\/\/www.gaveanews.com\/wp-content\/uploads\/Joao-Victor-em-acao-pelo-Vasco-300x200.webp 300w, https:\/\/www.gaveanews.com\/wp-content\/uploads\/Joao-Victor-em-acao-pelo-Vasco-768x512.webp 768w, https:\/\/www.gaveanews.com\/wp-content\/uploads\/Joao-Victor-em-acao-pelo-Vasco-630x420.webp 630w, https:\/\/www.gaveanews.com\/wp-content\/uploads\/Joao-Victor-em-acao-pelo-Vasco-640x427.webp 640w, https:\/\/www.gaveanews.com\/wp-content\/uploads\/Joao-Victor-em-acao-pelo-Vasco-681x454.webp 681w, https:\/\/www.gaveanews.com\/wp-content\/uploads\/Joao-Victor-em-acao-pelo-Vasco-100x67.webp 100w\" sizes=\"auto, (max-width: 984px) 100vw, 984px\" \/><figcaption class=\"wp-element-caption\">Jo\u00e3o Victor em a\u00e7\u00e3o pelo Vasco (Foto: Leandro Amorim\/Vasco)<\/figcaption><\/figure>\n\n\n\n<h2 class=\"wp-block-heading\" id=\"h-adson\">Adson<\/h2>\n\n\n\n<p>O ponta-direita Adson est\u00e1 com 23 anos e chegou ao Vasco em janeiro. Ele vale 4,50 milh\u00f5es de euros e tem contrato at\u00e9 dezembro de 2027.<\/p>\n\n\n\n<figure class=\"wp-block-image size-full is-resized\"><img loading=\"lazy\" decoding=\"async\" width=\"774\" height=\"467\" src=\"https:\/\/www.gaveanews.com\/wp-content\/uploads\/Adson-em-acao-pelo-Vasco.webp\" alt=\"\" class=\"wp-image-169871\" style=\"width:840px;height:auto\" srcset=\"https:\/\/www.gaveanews.com\/wp-content\/uploads\/Adson-em-acao-pelo-Vasco.webp 774w, https:\/\/www.gaveanews.com\/wp-content\/uploads\/Adson-em-acao-pelo-Vasco-300x181.webp 300w, https:\/\/www.gaveanews.com\/wp-content\/uploads\/Adson-em-acao-pelo-Vasco-768x463.webp 768w, https:\/\/www.gaveanews.com\/wp-content\/uploads\/Adson-em-acao-pelo-Vasco-696x420.webp 696w, https:\/\/www.gaveanews.com\/wp-content\/uploads\/Adson-em-acao-pelo-Vasco-640x386.webp 640w, https:\/\/www.gaveanews.com\/wp-content\/uploads\/Adson-em-acao-pelo-Vasco-681x411.webp 681w, https:\/\/www.gaveanews.com\/wp-content\/uploads\/Adson-em-acao-pelo-Vasco-100x60.webp 100w\" sizes=\"auto, (max-width: 774px) 100vw, 774px\" \/><figcaption class=\"wp-element-caption\">Adson em a\u00e7\u00e3o pelo Vasco (Foto: Leandro Amorim\/Vasco)<\/figcaption><\/figure>\n\n\n\n<h2 class=\"wp-block-heading\" id=\"h-sforza\">Sforza<\/h2>\n\n\n\n<p>Aos 22 anos, o argentino Sforza \u00e9 volante e assinou com o Cruzamaltino em fevereiro. Com contrato de quatro temporadas, tem v\u00ednculo at\u00e9 dezembro de 2028 e vale 4,50 milh\u00f5es de euros.<\/p>\n\n\n\n<figure class=\"wp-block-image size-large\"><img loading=\"lazy\" decoding=\"async\" width=\"1024\" height=\"683\" src=\"https:\/\/www.gaveanews.com\/wp-content\/uploads\/Sforza-anunciado-pelo-Vasco-1024x683.webp\" alt=\"\" class=\"wp-image-169872\" srcset=\"https:\/\/www.gaveanews.com\/wp-content\/uploads\/Sforza-anunciado-pelo-Vasco-1024x683.webp 1024w, https:\/\/www.gaveanews.com\/wp-content\/uploads\/Sforza-anunciado-pelo-Vasco-300x200.webp 300w, https:\/\/www.gaveanews.com\/wp-content\/uploads\/Sforza-anunciado-pelo-Vasco-768x512.webp 768w, https:\/\/www.gaveanews.com\/wp-content\/uploads\/Sforza-anunciado-pelo-Vasco-630x420.webp 630w, https:\/\/www.gaveanews.com\/wp-content\/uploads\/Sforza-anunciado-pelo-Vasco-1260x840.webp 1260w, https:\/\/www.gaveanews.com\/wp-content\/uploads\/Sforza-anunciado-pelo-Vasco-640x427.webp 640w, https:\/\/www.gaveanews.com\/wp-content\/uploads\/Sforza-anunciado-pelo-Vasco-1280x853.webp 1280w, https:\/\/www.gaveanews.com\/wp-content\/uploads\/Sforza-anunciado-pelo-Vasco-681x454.webp 681w, https:\/\/www.gaveanews.com\/wp-content\/uploads\/Sforza-anunciado-pelo-Vasco-1362x908.webp 1362w, https:\/\/www.gaveanews.com\/wp-content\/uploads\/Sforza-anunciado-pelo-Vasco-100x67.webp 100w, https:\/\/www.gaveanews.com\/wp-content\/uploads\/Sforza-anunciado-pelo-Vasco.webp 1440w\" sizes=\"auto, (max-width: 1024px) 100vw, 1024px\" \/><figcaption class=\"wp-element-caption\">Sforza anunciado pelo Vasco (Foto: Leandro Amorim\/Vasco)<\/figcaption><\/figure>\n\n\n\n<h2 class=\"wp-block-heading\" id=\"h-jair\">Jair<\/h2>\n\n\n\n<p>Para fechar a lista, o meia central Jair, de 30 anos, est\u00e1 no Vasco desde janeiro de 2023. Ele tem v\u00ednculo at\u00e9 dezembro de 2025 e valor de contrato de 3 milh\u00f5es de euros.<\/p>\n\n\n\n<figure class=\"wp-block-image size-large\"><img loading=\"lazy\" decoding=\"async\" width=\"1024\" height=\"639\" src=\"https:\/\/www.gaveanews.com\/wp-content\/uploads\/Jair-em-treino-do-Vasco-1024x639.webp\" alt=\"\" class=\"wp-image-169873\" srcset=\"https:\/\/www.gaveanews.com\/wp-content\/uploads\/Jair-em-treino-do-Vasco-1024x639.webp 1024w, https:\/\/www.gaveanews.com\/wp-content\/uploads\/Jair-em-treino-do-Vasco-300x187.webp 300w, https:\/\/www.gaveanews.com\/wp-content\/uploads\/Jair-em-treino-do-Vasco-768x479.webp 768w, https:\/\/www.gaveanews.com\/wp-content\/uploads\/Jair-em-treino-do-Vasco-1536x958.webp 1536w, https:\/\/www.gaveanews.com\/wp-content\/uploads\/Jair-em-treino-do-Vasco-673x420.webp 673w, https:\/\/www.gaveanews.com\/wp-content\/uploads\/Jair-em-treino-do-Vasco-1347x840.webp 1347w, https:\/\/www.gaveanews.com\/wp-content\/uploads\/Jair-em-treino-do-Vasco-640x399.webp 640w, https:\/\/www.gaveanews.com\/wp-content\/uploads\/Jair-em-treino-do-Vasco-1280x798.webp 1280w, https:\/\/www.gaveanews.com\/wp-content\/uploads\/Jair-em-treino-do-Vasco-681x425.webp 681w, https:\/\/www.gaveanews.com\/wp-content\/uploads\/Jair-em-treino-do-Vasco-1362x850.webp 1362w, https:\/\/www.gaveanews.com\/wp-content\/uploads\/Jair-em-treino-do-Vasco-100x62.webp 100w, https:\/\/www.gaveanews.com\/wp-content\/uploads\/Jair-em-treino-do-Vasco.webp 1600w\" sizes=\"auto, (max-width: 1024px) 100vw, 1024px\" \/><figcaption class=\"wp-element-caption\">Jair em treino do Vasco (Foto: Matheus Lima\/CRVG)<\/figcaption><\/figure>\n","protected":false},"excerpt":{"rendered":"<p>Em todas as janelas de transfer\u00eancias, os clubes investem o m\u00e1ximo poss\u00edvel para conseguir contratar jogadores de alto n\u00edvel, que potencializem o elenco e tragam bons retornos em conquistas. Nesse cen\u00e1rio, o Vasco da Gama tem jogadores bem valiosos no plantel, e o G\u00e1vea News elaborou uma lista com o top-8 atletas com maior valor [&hellip;]<\/p>\n","protected":false},"author":18,"featured_media":169866,"comment_status":"open","ping_status":"closed","sticky":false,"template":"","format":"standard","meta":{"footnotes":""},"categories":[152],"tags":[],"class_list":["post-169863","post","type-post","status-publish","format-standard","has-post-thumbnail","hentry","category-vasco"],"yoast_head":"<!-- This site is optimized with the Yoast SEO Premium plugin v24.2 (Yoast SEO v26.9) - https:\/\/yoast.com\/product\/yoast-seo-premium-wordpress\/ -->\n<title>Lucas Piton, Philippe Coutinho, Rayan, L\u00e9o Jardim, Jo\u00e3o Victor, Adson, Sforza e Jair: os jogadores mais valiosos do Vasco<\/title>\n<meta name=\"robots\" content=\"index, follow, max-snippet:-1, max-image-preview:large, max-video-preview:-1\" \/>\n<link rel=\"canonical\" href=\"https:\/\/www.gaveanews.com\/index.php\/2024\/09\/28\/lucas-piton-philippe-coutinho-rayan-leo-jardim-joao-victor-adson-sforza-e-jair-os-jogadores-mais-valiosos-do-vasco\/\" \/>\n<meta property=\"og:locale\" content=\"pt_BR\" \/>\n<meta property=\"og:type\" content=\"article\" \/>\n<meta property=\"og:title\" content=\"Lucas Piton, Philippe Coutinho, Rayan, L\u00e9o Jardim, Jo\u00e3o Victor, Adson, Sforza e Jair: os jogadores mais valiosos do Vasco\" \/>\n<meta property=\"og:description\" content=\"Em todas as janelas de transfer\u00eancias, os clubes investem o m\u00e1ximo poss\u00edvel para conseguir contratar jogadores de alto n\u00edvel, que potencializem o elenco e tragam bons retornos em conquistas. Nesse cen\u00e1rio, o Vasco da Gama tem jogadores bem valiosos no plantel, e o G\u00e1vea News elaborou uma lista com o top-8 atletas com maior valor [&hellip;]\" \/>\n<meta property=\"og:url\" content=\"https:\/\/www.gaveanews.com\/index.php\/2024\/09\/28\/lucas-piton-philippe-coutinho-rayan-leo-jardim-joao-victor-adson-sforza-e-jair-os-jogadores-mais-valiosos-do-vasco\/\" \/>\n<meta property=\"og:site_name\" content=\"G\u00e1vea News\" \/>\n<meta property=\"article:publisher\" content=\"https:\/\/facebook.com\/gaveaNews\/\" \/>\n<meta property=\"article:published_time\" content=\"2024-09-28T18:45:00+00:00\" \/>\n<meta property=\"og:image\" content=\"https:\/\/www.gaveanews.com\/wp-content\/uploads\/Lucas-Piton-apresentado-pelo-Vasco.webp\" \/>\n\t<meta property=\"og:image:width\" content=\"1600\" \/>\n\t<meta property=\"og:image:height\" content=\"1065\" \/>\n\t<meta property=\"og:image:type\" content=\"image\/jpeg\" \/>\n<meta name=\"author\" content=\"Paula Silva\" \/>\n<meta name=\"twitter:card\" content=\"summary_large_image\" \/>\n<meta name=\"twitter:label1\" content=\"Escrito por\" \/>\n\t<meta name=\"twitter:data1\" content=\"Paula Silva\" \/>\n\t<meta name=\"twitter:label2\" content=\"Est. tempo de leitura\" \/>\n\t<meta name=\"twitter:data2\" content=\"5 minutos\" \/>\n<script type=\"application\/ld+json\" class=\"yoast-schema-graph\">{\"@context\":\"https:\/\/schema.org\",\"@graph\":[{\"@type\":\"NewsArticle\",\"@id\":\"https:\/\/www.gaveanews.com\/index.php\/2024\/09\/28\/lucas-piton-philippe-coutinho-rayan-leo-jardim-joao-victor-adson-sforza-e-jair-os-jogadores-mais-valiosos-do-vasco\/#article\",\"isPartOf\":{\"@id\":\"https:\/\/www.gaveanews.com\/index.php\/2024\/09\/28\/lucas-piton-philippe-coutinho-rayan-leo-jardim-joao-victor-adson-sforza-e-jair-os-jogadores-mais-valiosos-do-vasco\/\"},\"author\":{\"name\":\"Paula Silva\",\"@id\":\"https:\/\/www.gaveanews.com\/#\/schema\/person\/daf63eec72e1164eb13dc35096c2b8da\"},\"headline\":\"Lucas Piton, Philippe Coutinho, Rayan, L\u00e9o Jardim, Jo\u00e3o Victor, Adson, Sforza e Jair: os jogadores mais valiosos do Vasco\",\"datePublished\":\"2024-09-28T18:45:00+00:00\",\"mainEntityOfPage\":{\"@id\":\"https:\/\/www.gaveanews.com\/index.php\/2024\/09\/28\/lucas-piton-philippe-coutinho-rayan-leo-jardim-joao-victor-adson-sforza-e-jair-os-jogadores-mais-valiosos-do-vasco\/\"},\"wordCount\":465,\"commentCount\":0,\"image\":{\"@id\":\"https:\/\/www.gaveanews.com\/index.php\/2024\/09\/28\/lucas-piton-philippe-coutinho-rayan-leo-jardim-joao-victor-adson-sforza-e-jair-os-jogadores-mais-valiosos-do-vasco\/#primaryimage\"},\"thumbnailUrl\":\"https:\/\/www.gaveanews.com\/wp-content\/uploads\/Lucas-Piton-apresentado-pelo-Vasco.webp\",\"articleSection\":[\"Vasco\"],\"inLanguage\":\"pt-BR\",\"potentialAction\":[{\"@type\":\"CommentAction\",\"name\":\"Comment\",\"target\":[\"https:\/\/www.gaveanews.com\/index.php\/2024\/09\/28\/lucas-piton-philippe-coutinho-rayan-leo-jardim-joao-victor-adson-sforza-e-jair-os-jogadores-mais-valiosos-do-vasco\/#respond\"]}],\"copyrightYear\":\"2024\",\"copyrightHolder\":{\"@id\":\"https:\/\/www.gaveanews.com\/#organization\"}},{\"@type\":\"WebPage\",\"@id\":\"https:\/\/www.gaveanews.com\/index.php\/2024\/09\/28\/lucas-piton-philippe-coutinho-rayan-leo-jardim-joao-victor-adson-sforza-e-jair-os-jogadores-mais-valiosos-do-vasco\/\",\"url\":\"https:\/\/www.gaveanews.com\/index.php\/2024\/09\/28\/lucas-piton-philippe-coutinho-rayan-leo-jardim-joao-victor-adson-sforza-e-jair-os-jogadores-mais-valiosos-do-vasco\/\",\"name\":\"Lucas Piton, Philippe Coutinho, Rayan, L\u00e9o Jardim, Jo\u00e3o Victor, Adson, Sforza e Jair: os jogadores mais valiosos do Vasco\",\"isPartOf\":{\"@id\":\"https:\/\/www.gaveanews.com\/#website\"},\"primaryImageOfPage\":{\"@id\":\"https:\/\/www.gaveanews.com\/index.php\/2024\/09\/28\/lucas-piton-philippe-coutinho-rayan-leo-jardim-joao-victor-adson-sforza-e-jair-os-jogadores-mais-valiosos-do-vasco\/#primaryimage\"},\"image\":{\"@id\":\"https:\/\/www.gaveanews.com\/index.php\/2024\/09\/28\/lucas-piton-philippe-coutinho-rayan-leo-jardim-joao-victor-adson-sforza-e-jair-os-jogadores-mais-valiosos-do-vasco\/#primaryimage\"},\"thumbnailUrl\":\"https:\/\/www.gaveanews.com\/wp-content\/uploads\/Lucas-Piton-apresentado-pelo-Vasco.webp\",\"datePublished\":\"2024-09-28T18:45:00+00:00\",\"author\":{\"@id\":\"https:\/\/www.gaveanews.com\/#\/schema\/person\/daf63eec72e1164eb13dc35096c2b8da\"},\"breadcrumb\":{\"@id\":\"https:\/\/www.gaveanews.com\/index.php\/2024\/09\/28\/lucas-piton-philippe-coutinho-rayan-leo-jardim-joao-victor-adson-sforza-e-jair-os-jogadores-mais-valiosos-do-vasco\/#breadcrumb\"},\"inLanguage\":\"pt-BR\",\"potentialAction\":[{\"@type\":\"ReadAction\",\"target\":[\"https:\/\/www.gaveanews.com\/index.php\/2024\/09\/28\/lucas-piton-philippe-coutinho-rayan-leo-jardim-joao-victor-adson-sforza-e-jair-os-jogadores-mais-valiosos-do-vasco\/\"]}]},{\"@type\":\"ImageObject\",\"inLanguage\":\"pt-BR\",\"@id\":\"https:\/\/www.gaveanews.com\/index.php\/2024\/09\/28\/lucas-piton-philippe-coutinho-rayan-leo-jardim-joao-victor-adson-sforza-e-jair-os-jogadores-mais-valiosos-do-vasco\/#primaryimage\",\"url\":\"https:\/\/www.gaveanews.com\/wp-content\/uploads\/Lucas-Piton-apresentado-pelo-Vasco.webp\",\"contentUrl\":\"https:\/\/www.gaveanews.com\/wp-content\/uploads\/Lucas-Piton-apresentado-pelo-Vasco.webp\",\"width\":1600,\"height\":1065,\"caption\":\"Lucas Piton apresentado pelo Vasco (Foto: Divulga\u00e7\u00e3o\/Vasco)\"},{\"@type\":\"BreadcrumbList\",\"@id\":\"https:\/\/www.gaveanews.com\/index.php\/2024\/09\/28\/lucas-piton-philippe-coutinho-rayan-leo-jardim-joao-victor-adson-sforza-e-jair-os-jogadores-mais-valiosos-do-vasco\/#breadcrumb\",\"itemListElement\":[{\"@type\":\"ListItem\",\"position\":1,\"name\":\"Home\",\"item\":\"https:\/\/www.gaveanews.com\/\"},{\"@type\":\"ListItem\",\"position\":2,\"name\":\"Lucas Piton, Philippe Coutinho, Rayan, L\u00e9o Jardim, Jo\u00e3o Victor, Adson, Sforza e Jair: os jogadores mais valiosos do Vasco\"}]},{\"@type\":\"WebSite\",\"@id\":\"https:\/\/www.gaveanews.com\/#website\",\"url\":\"https:\/\/www.gaveanews.com\/\",\"name\":\"G\u00e1vea News\",\"description\":\"Veja todas as not\u00edcias sobre o Flamengo: Contrata\u00e7\u00f5es, categorias de base, resultados das partidas, tabela de classifica\u00e7\u00e3o, pr\u00f3ximos jogos!\",\"potentialAction\":[{\"@type\":\"SearchAction\",\"target\":{\"@type\":\"EntryPoint\",\"urlTemplate\":\"https:\/\/www.gaveanews.com\/?s={search_term_string}\"},\"query-input\":{\"@type\":\"PropertyValueSpecification\",\"valueRequired\":true,\"valueName\":\"search_term_string\"}}],\"inLanguage\":\"pt-BR\"},{\"@type\":\"Person\",\"@id\":\"https:\/\/www.gaveanews.com\/#\/schema\/person\/daf63eec72e1164eb13dc35096c2b8da\",\"name\":\"Paula Silva\",\"image\":{\"@type\":\"ImageObject\",\"inLanguage\":\"pt-BR\",\"@id\":\"https:\/\/www.gaveanews.com\/#\/schema\/person\/image\/\",\"url\":\"https:\/\/secure.gravatar.com\/avatar\/eda381c845527cc5d64c13b901833cda29d97500ba040d3e6461f76f51d163bb?s=96&d=mm&r=g\",\"contentUrl\":\"https:\/\/secure.gravatar.com\/avatar\/eda381c845527cc5d64c13b901833cda29d97500ba040d3e6461f76f51d163bb?s=96&d=mm&r=g\",\"caption\":\"Paula Silva\"}}]}<\/script>\n<!-- \/ Yoast SEO Premium plugin. -->","yoast_head_json":{"title":"Lucas Piton, Philippe Coutinho, Rayan, L\u00e9o Jardim, Jo\u00e3o Victor, Adson, Sforza e Jair: os jogadores mais valiosos do Vasco","robots":{"index":"index","follow":"follow","max-snippet":"max-snippet:-1","max-image-preview":"max-image-preview:large","max-video-preview":"max-video-preview:-1"},"canonical":"https:\/\/www.gaveanews.com\/index.php\/2024\/09\/28\/lucas-piton-philippe-coutinho-rayan-leo-jardim-joao-victor-adson-sforza-e-jair-os-jogadores-mais-valiosos-do-vasco\/","og_locale":"pt_BR","og_type":"article","og_title":"Lucas Piton, Philippe Coutinho, Rayan, L\u00e9o Jardim, Jo\u00e3o Victor, Adson, Sforza e Jair: os jogadores mais valiosos do Vasco","og_description":"Em todas as janelas de transfer\u00eancias, os clubes investem o m\u00e1ximo poss\u00edvel para conseguir contratar jogadores de alto n\u00edvel, que potencializem o elenco e tragam bons retornos em conquistas. Nesse cen\u00e1rio, o Vasco da Gama tem jogadores bem valiosos no plantel, e o G\u00e1vea News elaborou uma lista com o top-8 atletas com maior valor [&hellip;]","og_url":"https:\/\/www.gaveanews.com\/index.php\/2024\/09\/28\/lucas-piton-philippe-coutinho-rayan-leo-jardim-joao-victor-adson-sforza-e-jair-os-jogadores-mais-valiosos-do-vasco\/","og_site_name":"G\u00e1vea News","article_publisher":"https:\/\/facebook.com\/gaveaNews\/","article_published_time":"2024-09-28T18:45:00+00:00","og_image":[{"width":1600,"height":1065,"url":"https:\/\/www.gaveanews.com\/wp-content\/uploads\/Lucas-Piton-apresentado-pelo-Vasco.webp","type":"image\/jpeg"}],"author":"Paula Silva","twitter_card":"summary_large_image","twitter_misc":{"Escrito por":"Paula Silva","Est. tempo de leitura":"5 minutos"},"schema":{"@context":"https:\/\/schema.org","@graph":[{"@type":"NewsArticle","@id":"https:\/\/www.gaveanews.com\/index.php\/2024\/09\/28\/lucas-piton-philippe-coutinho-rayan-leo-jardim-joao-victor-adson-sforza-e-jair-os-jogadores-mais-valiosos-do-vasco\/#article","isPartOf":{"@id":"https:\/\/www.gaveanews.com\/index.php\/2024\/09\/28\/lucas-piton-philippe-coutinho-rayan-leo-jardim-joao-victor-adson-sforza-e-jair-os-jogadores-mais-valiosos-do-vasco\/"},"author":{"name":"Paula Silva","@id":"https:\/\/www.gaveanews.com\/#\/schema\/person\/daf63eec72e1164eb13dc35096c2b8da"},"headline":"Lucas Piton, Philippe Coutinho, Rayan, L\u00e9o Jardim, Jo\u00e3o Victor, Adson, Sforza e Jair: os jogadores mais valiosos do Vasco","datePublished":"2024-09-28T18:45:00+00:00","mainEntityOfPage":{"@id":"https:\/\/www.gaveanews.com\/index.php\/2024\/09\/28\/lucas-piton-philippe-coutinho-rayan-leo-jardim-joao-victor-adson-sforza-e-jair-os-jogadores-mais-valiosos-do-vasco\/"},"wordCount":465,"commentCount":0,"image":{"@id":"https:\/\/www.gaveanews.com\/index.php\/2024\/09\/28\/lucas-piton-philippe-coutinho-rayan-leo-jardim-joao-victor-adson-sforza-e-jair-os-jogadores-mais-valiosos-do-vasco\/#primaryimage"},"thumbnailUrl":"https:\/\/www.gaveanews.com\/wp-content\/uploads\/Lucas-Piton-apresentado-pelo-Vasco.webp","articleSection":["Vasco"],"inLanguage":"pt-BR","potentialAction":[{"@type":"CommentAction","name":"Comment","target":["https:\/\/www.gaveanews.com\/index.php\/2024\/09\/28\/lucas-piton-philippe-coutinho-rayan-leo-jardim-joao-victor-adson-sforza-e-jair-os-jogadores-mais-valiosos-do-vasco\/#respond"]}],"copyrightYear":"2024","copyrightHolder":{"@id":"https:\/\/www.gaveanews.com\/#organization"}},{"@type":"WebPage","@id":"https:\/\/www.gaveanews.com\/index.php\/2024\/09\/28\/lucas-piton-philippe-coutinho-rayan-leo-jardim-joao-victor-adson-sforza-e-jair-os-jogadores-mais-valiosos-do-vasco\/","url":"https:\/\/www.gaveanews.com\/index.php\/2024\/09\/28\/lucas-piton-philippe-coutinho-rayan-leo-jardim-joao-victor-adson-sforza-e-jair-os-jogadores-mais-valiosos-do-vasco\/","name":"Lucas Piton, Philippe Coutinho, Rayan, L\u00e9o Jardim, Jo\u00e3o Victor, Adson, Sforza e Jair: os jogadores mais valiosos do Vasco","isPartOf":{"@id":"https:\/\/www.gaveanews.com\/#website"},"primaryImageOfPage":{"@id":"https:\/\/www.gaveanews.com\/index.php\/2024\/09\/28\/lucas-piton-philippe-coutinho-rayan-leo-jardim-joao-victor-adson-sforza-e-jair-os-jogadores-mais-valiosos-do-vasco\/#primaryimage"},"image":{"@id":"https:\/\/www.gaveanews.com\/index.php\/2024\/09\/28\/lucas-piton-philippe-coutinho-rayan-leo-jardim-joao-victor-adson-sforza-e-jair-os-jogadores-mais-valiosos-do-vasco\/#primaryimage"},"thumbnailUrl":"https:\/\/www.gaveanews.com\/wp-content\/uploads\/Lucas-Piton-apresentado-pelo-Vasco.webp","datePublished":"2024-09-28T18:45:00+00:00","author":{"@id":"https:\/\/www.gaveanews.com\/#\/schema\/person\/daf63eec72e1164eb13dc35096c2b8da"},"breadcrumb":{"@id":"https:\/\/www.gaveanews.com\/index.php\/2024\/09\/28\/lucas-piton-philippe-coutinho-rayan-leo-jardim-joao-victor-adson-sforza-e-jair-os-jogadores-mais-valiosos-do-vasco\/#breadcrumb"},"inLanguage":"pt-BR","potentialAction":[{"@type":"ReadAction","target":["https:\/\/www.gaveanews.com\/index.php\/2024\/09\/28\/lucas-piton-philippe-coutinho-rayan-leo-jardim-joao-victor-adson-sforza-e-jair-os-jogadores-mais-valiosos-do-vasco\/"]}]},{"@type":"ImageObject","inLanguage":"pt-BR","@id":"https:\/\/www.gaveanews.com\/index.php\/2024\/09\/28\/lucas-piton-philippe-coutinho-rayan-leo-jardim-joao-victor-adson-sforza-e-jair-os-jogadores-mais-valiosos-do-vasco\/#primaryimage","url":"https:\/\/www.gaveanews.com\/wp-content\/uploads\/Lucas-Piton-apresentado-pelo-Vasco.webp","contentUrl":"https:\/\/www.gaveanews.com\/wp-content\/uploads\/Lucas-Piton-apresentado-pelo-Vasco.webp","width":1600,"height":1065,"caption":"Lucas Piton apresentado pelo Vasco (Foto: Divulga\u00e7\u00e3o\/Vasco)"},{"@type":"BreadcrumbList","@id":"https:\/\/www.gaveanews.com\/index.php\/2024\/09\/28\/lucas-piton-philippe-coutinho-rayan-leo-jardim-joao-victor-adson-sforza-e-jair-os-jogadores-mais-valiosos-do-vasco\/#breadcrumb","itemListElement":[{"@type":"ListItem","position":1,"name":"Home","item":"https:\/\/www.gaveanews.com\/"},{"@type":"ListItem","position":2,"name":"Lucas Piton, Philippe Coutinho, Rayan, L\u00e9o Jardim, Jo\u00e3o Victor, Adson, Sforza e Jair: os jogadores mais valiosos do Vasco"}]},{"@type":"WebSite","@id":"https:\/\/www.gaveanews.com\/#website","url":"https:\/\/www.gaveanews.com\/","name":"G\u00e1vea News","description":"Veja todas as not\u00edcias sobre o Flamengo: Contrata\u00e7\u00f5es, categorias de base, resultados das partidas, tabela de classifica\u00e7\u00e3o, pr\u00f3ximos jogos!","potentialAction":[{"@type":"SearchAction","target":{"@type":"EntryPoint","urlTemplate":"https:\/\/www.gaveanews.com\/?s={search_term_string}"},"query-input":{"@type":"PropertyValueSpecification","valueRequired":true,"valueName":"search_term_string"}}],"inLanguage":"pt-BR"},{"@type":"Person","@id":"https:\/\/www.gaveanews.com\/#\/schema\/person\/daf63eec72e1164eb13dc35096c2b8da","name":"Paula Silva","image":{"@type":"ImageObject","inLanguage":"pt-BR","@id":"https:\/\/www.gaveanews.com\/#\/schema\/person\/image\/","url":"https:\/\/secure.gravatar.com\/avatar\/eda381c845527cc5d64c13b901833cda29d97500ba040d3e6461f76f51d163bb?s=96&d=mm&r=g","contentUrl":"https:\/\/secure.gravatar.com\/avatar\/eda381c845527cc5d64c13b901833cda29d97500ba040d3e6461f76f51d163bb?s=96&d=mm&r=g","caption":"Paula Silva"}}]}},"_links":{"self":[{"href":"https:\/\/www.gaveanews.com\/index.php\/wp-json\/wp\/v2\/posts\/169863","targetHints":{"allow":["GET"]}}],"collection":[{"href":"https:\/\/www.gaveanews.com\/index.php\/wp-json\/wp\/v2\/posts"}],"about":[{"href":"https:\/\/www.gaveanews.com\/index.php\/wp-json\/wp\/v2\/types\/post"}],"author":[{"embeddable":true,"href":"https:\/\/www.gaveanews.com\/index.php\/wp-json\/wp\/v2\/users\/18"}],"replies":[{"embeddable":true,"href":"https:\/\/www.gaveanews.com\/index.php\/wp-json\/wp\/v2\/comments?post=169863"}],"version-history":[{"count":1,"href":"https:\/\/www.gaveanews.com\/index.php\/wp-json\/wp\/v2\/posts\/169863\/revisions"}],"predecessor-version":[{"id":169874,"href":"https:\/\/www.gaveanews.com\/index.php\/wp-json\/wp\/v2\/posts\/169863\/revisions\/169874"}],"wp:featuredmedia":[{"embeddable":true,"href":"https:\/\/www.gaveanews.com\/index.php\/wp-json\/wp\/v2\/media\/169866"}],"wp:attachment":[{"href":"https:\/\/www.gaveanews.com\/index.php\/wp-json\/wp\/v2\/media?parent=169863"}],"wp:term":[{"taxonomy":"category","embeddable":true,"href":"https:\/\/www.gaveanews.com\/index.php\/wp-json\/wp\/v2\/categories?post=169863"},{"taxonomy":"post_tag","embeddable":true,"href":"https:\/\/www.gaveanews.com\/index.php\/wp-json\/wp\/v2\/tags?post=169863"}],"curies":[{"name":"wp","href":"https:\/\/api.w.org\/{rel}","templated":true}]}}