{"id":169887,"date":"2024-09-28T18:45:00","date_gmt":"2024-09-28T21:45:00","guid":{"rendered":"https:\/\/www.gaveanews.com\/?p=169887"},"modified":"2024-09-28T14:58:24","modified_gmt":"2024-09-28T17:58:24","slug":"felipe-melo-do-fluminense-emite-nota-oficial","status":"publish","type":"post","link":"https:\/\/www.gaveanews.com\/index.php\/2024\/09\/28\/felipe-melo-do-fluminense-emite-nota-oficial\/","title":{"rendered":"Felipe Melo, do Fluminense, emite nota oficial"},"content":{"rendered":"\n<h2 class=\"wp-block-heading\" id=\"h-felipe-melo-nega-acusacao-de-intimidar-jovem-torcedor-do-botafogo-e-se-defende-nas-redes-sociais\">Felipe Melo nega acusa\u00e7\u00e3o de intimidar jovem torcedor do Botafogo e se defende nas redes sociais<\/h2>\n\n\n\n<p>O zagueiro Felipe Melo, do Fluminense, foi envolvido em uma pol\u00eamica no \u00faltimo domingo (22), um dia ap\u00f3s o cl\u00e1ssico contra o Botafogo, pela 27\u00aa rodada do Campeonato Brasileiro. Segundo um boletim de ocorr\u00eancia registrado pela fam\u00edlia de um adolescente, o jogador teria intimidado o jovem torcedor botafoguense durante um encontro fora dos gramados.<\/p>\n\n\n\n<ul class=\"wp-block-list\">\n<li><a href=\"https:\/\/www.gaveanews.com\/index.php\/2024\/09\/27\/stjd-pode-prejudicar-o-fluminense-declaracao-de-thiago-silva-e-recado-de-andre-rizek-as-ultimas-noticias-do-tricolor\/\">STJD pode prejudicar o Fluminense, declara\u00e7\u00e3o de Thiago Silva e recado de Andr\u00e9 Rizek: as \u00faltimas not\u00edcias do Tricolor<\/a><\/li>\n\n\n\n<li><a href=\"https:\/\/www.gaveanews.com\/index.php\/2024\/09\/26\/andre-rizek-e-sincero-ao-falar-sobre-a-eliminacao-do-fluminense\/\">Andr\u00e9 Rizek \u00e9 sincero ao falar sobre a elimina\u00e7\u00e3o do Fluminense<\/a><\/li>\n<\/ul>\n\n\n\n<p>De acordo com o relato, Felipe Melo teria perguntado ao garoto para qual time ele torcia. Ao saber que era Botafogo, o jogador teria se exaltado, aproximando o rosto da v\u00edtima e perguntando em tom agressivo se ele &#8220;era ot\u00e1rio&#8221;. A situa\u00e7\u00e3o gerou repercuss\u00e3o, e o caso foi levado \u00e0s autoridades.<\/p>\n\n\n\n<p>Diante da acusa\u00e7\u00e3o, Felipe Melo utilizou suas redes sociais para se defender. Em um comunicado, o zagueiro expressou sua indigna\u00e7\u00e3o com o que classificou como um ataque injusto \u00e0 sua reputa\u00e7\u00e3o. <\/p>\n\n\n\n<p>&#8220;Ao longo da minha carreira de atleta profissional sempre fui exposto ao julgamento p\u00fablico por minhas condutas dentro e fora de campo. Como todo ser humano, cometi erros e acertos, mas, no final, acredito que meu profissionalismo e meu senso de humanidade sempre prevaleceram&#8221;, disse o jogador.<\/p>\n\n\n\n<p>Felipe tamb\u00e9m fez quest\u00e3o de rebater a acusa\u00e7\u00e3o, classificando-a como um ato oportunista. <\/p>\n\n\n\n<p>&#8220;Apesar do \u00f4nus que toda pessoa publicamente exposta carrega, devemos ter cuidado com os abusos de oportunistas. Jamais ofenderia um torcedor, seja ele do time que for, em um momento de lazer com a minha fam\u00edlia&#8221;, completou.<\/p>\n\n\n\n<h2 class=\"wp-block-heading\">Nota completa<\/h2>\n\n\n\n<p>&#8220;<em>Ao longo da minha carreira de atleta profissional sempre fui exposto ao julgamento p\u00fablico por minhas condutas dentro e fora de campo. Como todo ser humano, cometi erros e acertos, mas, no final, acredito que meu profissionalismo e meu senso de humanidade sempre prevaleceram. Apesar do \u00f4nus que toda pessoa publicamente exposta carrega, devemos ter cuidado com os abusos de oportunistas. Jamais ofenderia um torcedor, seja ele do time que for, em um momento de lazer com a minha fam\u00edlia.<\/em><\/p>\n\n\n\n<p><em>Quem suporta a press\u00e3o dentro de um campo de futebol e \u00e9 multicampe\u00e3o como eu n\u00e3o pode levar em considera\u00e7\u00e3o provoca\u00e7\u00f5es de torcedores; ao contr\u00e1rio, as recebi com compreens\u00e3o. Sempre existir\u00e3o pessoas que se aproveitam de oportunidades para se beneficiar injustamente. O que tenho a dizer sobre o caso \u00e9 que sou inocente; nenhuma palavra imputada a mim \u00e9 real, e acredito fortemente no trabalho da pol\u00edcia e na aplica\u00e7\u00e3o correta e justa da lei\u201d. \u201cConhecereis a verdade, e a verdade vos libertar\u00e1<\/em>&#8220;, disse o zagueiro.<\/p>\n","protected":false},"excerpt":{"rendered":"<p>Felipe Melo nega acusa\u00e7\u00e3o de intimidar jovem torcedor do Botafogo e se defende nas redes sociais O zagueiro Felipe Melo, do Fluminense, foi envolvido em uma pol\u00eamica no \u00faltimo domingo (22), um dia ap\u00f3s o cl\u00e1ssico contra o Botafogo, pela 27\u00aa rodada do Campeonato Brasileiro. Segundo um boletim de ocorr\u00eancia registrado pela fam\u00edlia de um [&hellip;]<\/p>\n","protected":false},"author":17,"featured_media":105430,"comment_status":"open","ping_status":"closed","sticky":false,"template":"","format":"standard","meta":{"footnotes":""},"categories":[145],"tags":[],"class_list":["post-169887","post","type-post","status-publish","format-standard","has-post-thumbnail","hentry","category-fluminense"],"yoast_head":"<!-- This site is optimized with the Yoast SEO Premium plugin v24.2 (Yoast SEO v26.9) - https:\/\/yoast.com\/product\/yoast-seo-premium-wordpress\/ -->\n<title>Felipe Melo, do Fluminense, emite nota oficial<\/title>\n<meta name=\"robots\" content=\"index, follow, max-snippet:-1, max-image-preview:large, max-video-preview:-1\" \/>\n<link rel=\"canonical\" href=\"https:\/\/www.gaveanews.com\/index.php\/2024\/09\/28\/felipe-melo-do-fluminense-emite-nota-oficial\/\" \/>\n<meta property=\"og:locale\" content=\"pt_BR\" \/>\n<meta property=\"og:type\" content=\"article\" \/>\n<meta property=\"og:title\" content=\"Felipe Melo, do Fluminense, emite nota oficial\" \/>\n<meta property=\"og:description\" content=\"Felipe Melo nega acusa\u00e7\u00e3o de intimidar jovem torcedor do Botafogo e se defende nas redes sociais O zagueiro Felipe Melo, do Fluminense, foi envolvido em uma pol\u00eamica no \u00faltimo domingo (22), um dia ap\u00f3s o cl\u00e1ssico contra o Botafogo, pela 27\u00aa rodada do Campeonato Brasileiro. Segundo um boletim de ocorr\u00eancia registrado pela fam\u00edlia de um [&hellip;]\" \/>\n<meta property=\"og:url\" content=\"https:\/\/www.gaveanews.com\/index.php\/2024\/09\/28\/felipe-melo-do-fluminense-emite-nota-oficial\/\" \/>\n<meta property=\"og:site_name\" content=\"G\u00e1vea News\" \/>\n<meta property=\"article:publisher\" content=\"https:\/\/facebook.com\/gaveaNews\/\" \/>\n<meta property=\"article:published_time\" content=\"2024-09-28T21:45:00+00:00\" \/>\n<meta property=\"og:image\" content=\"https:\/\/www.gaveanews.com\/wp-content\/uploads\/felipe-melo-fluminense.webp\" \/>\n\t<meta property=\"og:image:width\" content=\"640\" \/>\n\t<meta property=\"og:image:height\" content=\"400\" \/>\n\t<meta property=\"og:image:type\" content=\"image\/webp\" \/>\n<meta name=\"author\" content=\"Geovanna Thomaz\" \/>\n<meta name=\"twitter:card\" content=\"summary_large_image\" \/>\n<meta name=\"twitter:label1\" content=\"Escrito por\" \/>\n\t<meta name=\"twitter:data1\" content=\"Geovanna Thomaz\" \/>\n\t<meta name=\"twitter:label2\" content=\"Est. tempo de leitura\" \/>\n\t<meta name=\"twitter:data2\" content=\"3 minutos\" \/>\n<script type=\"application\/ld+json\" class=\"yoast-schema-graph\">{\"@context\":\"https:\/\/schema.org\",\"@graph\":[{\"@type\":\"NewsArticle\",\"@id\":\"https:\/\/www.gaveanews.com\/index.php\/2024\/09\/28\/felipe-melo-do-fluminense-emite-nota-oficial\/#article\",\"isPartOf\":{\"@id\":\"https:\/\/www.gaveanews.com\/index.php\/2024\/09\/28\/felipe-melo-do-fluminense-emite-nota-oficial\/\"},\"author\":{\"name\":\"Geovanna Thomaz\",\"@id\":\"https:\/\/www.gaveanews.com\/#\/schema\/person\/f42654babcd2b2014a1a65af82b081f1\"},\"headline\":\"Felipe Melo, do Fluminense, emite nota oficial\",\"datePublished\":\"2024-09-28T21:45:00+00:00\",\"mainEntityOfPage\":{\"@id\":\"https:\/\/www.gaveanews.com\/index.php\/2024\/09\/28\/felipe-melo-do-fluminense-emite-nota-oficial\/\"},\"wordCount\":480,\"commentCount\":0,\"image\":{\"@id\":\"https:\/\/www.gaveanews.com\/index.php\/2024\/09\/28\/felipe-melo-do-fluminense-emite-nota-oficial\/#primaryimage\"},\"thumbnailUrl\":\"https:\/\/www.gaveanews.com\/wp-content\/uploads\/felipe-melo-fluminense.webp\",\"articleSection\":[\"Fluminense\"],\"inLanguage\":\"pt-BR\",\"potentialAction\":[{\"@type\":\"CommentAction\",\"name\":\"Comment\",\"target\":[\"https:\/\/www.gaveanews.com\/index.php\/2024\/09\/28\/felipe-melo-do-fluminense-emite-nota-oficial\/#respond\"]}],\"copyrightYear\":\"2024\",\"copyrightHolder\":{\"@id\":\"https:\/\/www.gaveanews.com\/#organization\"}},{\"@type\":\"WebPage\",\"@id\":\"https:\/\/www.gaveanews.com\/index.php\/2024\/09\/28\/felipe-melo-do-fluminense-emite-nota-oficial\/\",\"url\":\"https:\/\/www.gaveanews.com\/index.php\/2024\/09\/28\/felipe-melo-do-fluminense-emite-nota-oficial\/\",\"name\":\"Felipe Melo, do Fluminense, emite nota oficial\",\"isPartOf\":{\"@id\":\"https:\/\/www.gaveanews.com\/#website\"},\"primaryImageOfPage\":{\"@id\":\"https:\/\/www.gaveanews.com\/index.php\/2024\/09\/28\/felipe-melo-do-fluminense-emite-nota-oficial\/#primaryimage\"},\"image\":{\"@id\":\"https:\/\/www.gaveanews.com\/index.php\/2024\/09\/28\/felipe-melo-do-fluminense-emite-nota-oficial\/#primaryimage\"},\"thumbnailUrl\":\"https:\/\/www.gaveanews.com\/wp-content\/uploads\/felipe-melo-fluminense.webp\",\"datePublished\":\"2024-09-28T21:45:00+00:00\",\"author\":{\"@id\":\"https:\/\/www.gaveanews.com\/#\/schema\/person\/f42654babcd2b2014a1a65af82b081f1\"},\"breadcrumb\":{\"@id\":\"https:\/\/www.gaveanews.com\/index.php\/2024\/09\/28\/felipe-melo-do-fluminense-emite-nota-oficial\/#breadcrumb\"},\"inLanguage\":\"pt-BR\",\"potentialAction\":[{\"@type\":\"ReadAction\",\"target\":[\"https:\/\/www.gaveanews.com\/index.php\/2024\/09\/28\/felipe-melo-do-fluminense-emite-nota-oficial\/\"]}]},{\"@type\":\"ImageObject\",\"inLanguage\":\"pt-BR\",\"@id\":\"https:\/\/www.gaveanews.com\/index.php\/2024\/09\/28\/felipe-melo-do-fluminense-emite-nota-oficial\/#primaryimage\",\"url\":\"https:\/\/www.gaveanews.com\/wp-content\/uploads\/felipe-melo-fluminense.webp\",\"contentUrl\":\"https:\/\/www.gaveanews.com\/wp-content\/uploads\/felipe-melo-fluminense.webp\",\"width\":640,\"height\":400,\"caption\":\"Felipe Melo em a\u00e7\u00e3o pelo Fluminense (Foto: Marcelo Gon\u00e7alves\/Fluminense)\"},{\"@type\":\"BreadcrumbList\",\"@id\":\"https:\/\/www.gaveanews.com\/index.php\/2024\/09\/28\/felipe-melo-do-fluminense-emite-nota-oficial\/#breadcrumb\",\"itemListElement\":[{\"@type\":\"ListItem\",\"position\":1,\"name\":\"Home\",\"item\":\"https:\/\/www.gaveanews.com\/\"},{\"@type\":\"ListItem\",\"position\":2,\"name\":\"Felipe Melo, do Fluminense, emite nota oficial\"}]},{\"@type\":\"WebSite\",\"@id\":\"https:\/\/www.gaveanews.com\/#website\",\"url\":\"https:\/\/www.gaveanews.com\/\",\"name\":\"G\u00e1vea News\",\"description\":\"Veja todas as not\u00edcias sobre o Flamengo: Contrata\u00e7\u00f5es, categorias de base, resultados das partidas, tabela de classifica\u00e7\u00e3o, pr\u00f3ximos jogos!\",\"potentialAction\":[{\"@type\":\"SearchAction\",\"target\":{\"@type\":\"EntryPoint\",\"urlTemplate\":\"https:\/\/www.gaveanews.com\/?s={search_term_string}\"},\"query-input\":{\"@type\":\"PropertyValueSpecification\",\"valueRequired\":true,\"valueName\":\"search_term_string\"}}],\"inLanguage\":\"pt-BR\"},{\"@type\":\"Person\",\"@id\":\"https:\/\/www.gaveanews.com\/#\/schema\/person\/f42654babcd2b2014a1a65af82b081f1\",\"name\":\"Geovanna Thomaz\",\"image\":{\"@type\":\"ImageObject\",\"inLanguage\":\"pt-BR\",\"@id\":\"https:\/\/www.gaveanews.com\/#\/schema\/person\/image\/\",\"url\":\"https:\/\/secure.gravatar.com\/avatar\/4092073255489533afb558984b49b64268c47198af8623cc82a925ae9fb7118a?s=96&d=mm&r=g\",\"contentUrl\":\"https:\/\/secure.gravatar.com\/avatar\/4092073255489533afb558984b49b64268c47198af8623cc82a925ae9fb7118a?s=96&d=mm&r=g\",\"caption\":\"Geovanna Thomaz\"}}]}<\/script>\n<!-- \/ Yoast SEO Premium plugin. -->","yoast_head_json":{"title":"Felipe Melo, do Fluminense, emite nota oficial","robots":{"index":"index","follow":"follow","max-snippet":"max-snippet:-1","max-image-preview":"max-image-preview:large","max-video-preview":"max-video-preview:-1"},"canonical":"https:\/\/www.gaveanews.com\/index.php\/2024\/09\/28\/felipe-melo-do-fluminense-emite-nota-oficial\/","og_locale":"pt_BR","og_type":"article","og_title":"Felipe Melo, do Fluminense, emite nota oficial","og_description":"Felipe Melo nega acusa\u00e7\u00e3o de intimidar jovem torcedor do Botafogo e se defende nas redes sociais O zagueiro Felipe Melo, do Fluminense, foi envolvido em uma pol\u00eamica no \u00faltimo domingo (22), um dia ap\u00f3s o cl\u00e1ssico contra o Botafogo, pela 27\u00aa rodada do Campeonato Brasileiro. Segundo um boletim de ocorr\u00eancia registrado pela fam\u00edlia de um [&hellip;]","og_url":"https:\/\/www.gaveanews.com\/index.php\/2024\/09\/28\/felipe-melo-do-fluminense-emite-nota-oficial\/","og_site_name":"G\u00e1vea News","article_publisher":"https:\/\/facebook.com\/gaveaNews\/","article_published_time":"2024-09-28T21:45:00+00:00","og_image":[{"width":640,"height":400,"url":"https:\/\/www.gaveanews.com\/wp-content\/uploads\/felipe-melo-fluminense.webp","type":"image\/webp"}],"author":"Geovanna Thomaz","twitter_card":"summary_large_image","twitter_misc":{"Escrito por":"Geovanna Thomaz","Est. tempo de leitura":"3 minutos"},"schema":{"@context":"https:\/\/schema.org","@graph":[{"@type":"NewsArticle","@id":"https:\/\/www.gaveanews.com\/index.php\/2024\/09\/28\/felipe-melo-do-fluminense-emite-nota-oficial\/#article","isPartOf":{"@id":"https:\/\/www.gaveanews.com\/index.php\/2024\/09\/28\/felipe-melo-do-fluminense-emite-nota-oficial\/"},"author":{"name":"Geovanna Thomaz","@id":"https:\/\/www.gaveanews.com\/#\/schema\/person\/f42654babcd2b2014a1a65af82b081f1"},"headline":"Felipe Melo, do Fluminense, emite nota oficial","datePublished":"2024-09-28T21:45:00+00:00","mainEntityOfPage":{"@id":"https:\/\/www.gaveanews.com\/index.php\/2024\/09\/28\/felipe-melo-do-fluminense-emite-nota-oficial\/"},"wordCount":480,"commentCount":0,"image":{"@id":"https:\/\/www.gaveanews.com\/index.php\/2024\/09\/28\/felipe-melo-do-fluminense-emite-nota-oficial\/#primaryimage"},"thumbnailUrl":"https:\/\/www.gaveanews.com\/wp-content\/uploads\/felipe-melo-fluminense.webp","articleSection":["Fluminense"],"inLanguage":"pt-BR","potentialAction":[{"@type":"CommentAction","name":"Comment","target":["https:\/\/www.gaveanews.com\/index.php\/2024\/09\/28\/felipe-melo-do-fluminense-emite-nota-oficial\/#respond"]}],"copyrightYear":"2024","copyrightHolder":{"@id":"https:\/\/www.gaveanews.com\/#organization"}},{"@type":"WebPage","@id":"https:\/\/www.gaveanews.com\/index.php\/2024\/09\/28\/felipe-melo-do-fluminense-emite-nota-oficial\/","url":"https:\/\/www.gaveanews.com\/index.php\/2024\/09\/28\/felipe-melo-do-fluminense-emite-nota-oficial\/","name":"Felipe Melo, do Fluminense, emite nota oficial","isPartOf":{"@id":"https:\/\/www.gaveanews.com\/#website"},"primaryImageOfPage":{"@id":"https:\/\/www.gaveanews.com\/index.php\/2024\/09\/28\/felipe-melo-do-fluminense-emite-nota-oficial\/#primaryimage"},"image":{"@id":"https:\/\/www.gaveanews.com\/index.php\/2024\/09\/28\/felipe-melo-do-fluminense-emite-nota-oficial\/#primaryimage"},"thumbnailUrl":"https:\/\/www.gaveanews.com\/wp-content\/uploads\/felipe-melo-fluminense.webp","datePublished":"2024-09-28T21:45:00+00:00","author":{"@id":"https:\/\/www.gaveanews.com\/#\/schema\/person\/f42654babcd2b2014a1a65af82b081f1"},"breadcrumb":{"@id":"https:\/\/www.gaveanews.com\/index.php\/2024\/09\/28\/felipe-melo-do-fluminense-emite-nota-oficial\/#breadcrumb"},"inLanguage":"pt-BR","potentialAction":[{"@type":"ReadAction","target":["https:\/\/www.gaveanews.com\/index.php\/2024\/09\/28\/felipe-melo-do-fluminense-emite-nota-oficial\/"]}]},{"@type":"ImageObject","inLanguage":"pt-BR","@id":"https:\/\/www.gaveanews.com\/index.php\/2024\/09\/28\/felipe-melo-do-fluminense-emite-nota-oficial\/#primaryimage","url":"https:\/\/www.gaveanews.com\/wp-content\/uploads\/felipe-melo-fluminense.webp","contentUrl":"https:\/\/www.gaveanews.com\/wp-content\/uploads\/felipe-melo-fluminense.webp","width":640,"height":400,"caption":"Felipe Melo em a\u00e7\u00e3o pelo Fluminense (Foto: Marcelo Gon\u00e7alves\/Fluminense)"},{"@type":"BreadcrumbList","@id":"https:\/\/www.gaveanews.com\/index.php\/2024\/09\/28\/felipe-melo-do-fluminense-emite-nota-oficial\/#breadcrumb","itemListElement":[{"@type":"ListItem","position":1,"name":"Home","item":"https:\/\/www.gaveanews.com\/"},{"@type":"ListItem","position":2,"name":"Felipe Melo, do Fluminense, emite nota oficial"}]},{"@type":"WebSite","@id":"https:\/\/www.gaveanews.com\/#website","url":"https:\/\/www.gaveanews.com\/","name":"G\u00e1vea News","description":"Veja todas as not\u00edcias sobre o Flamengo: Contrata\u00e7\u00f5es, categorias de base, resultados das partidas, tabela de classifica\u00e7\u00e3o, pr\u00f3ximos jogos!","potentialAction":[{"@type":"SearchAction","target":{"@type":"EntryPoint","urlTemplate":"https:\/\/www.gaveanews.com\/?s={search_term_string}"},"query-input":{"@type":"PropertyValueSpecification","valueRequired":true,"valueName":"search_term_string"}}],"inLanguage":"pt-BR"},{"@type":"Person","@id":"https:\/\/www.gaveanews.com\/#\/schema\/person\/f42654babcd2b2014a1a65af82b081f1","name":"Geovanna Thomaz","image":{"@type":"ImageObject","inLanguage":"pt-BR","@id":"https:\/\/www.gaveanews.com\/#\/schema\/person\/image\/","url":"https:\/\/secure.gravatar.com\/avatar\/4092073255489533afb558984b49b64268c47198af8623cc82a925ae9fb7118a?s=96&d=mm&r=g","contentUrl":"https:\/\/secure.gravatar.com\/avatar\/4092073255489533afb558984b49b64268c47198af8623cc82a925ae9fb7118a?s=96&d=mm&r=g","caption":"Geovanna Thomaz"}}]}},"_links":{"self":[{"href":"https:\/\/www.gaveanews.com\/index.php\/wp-json\/wp\/v2\/posts\/169887","targetHints":{"allow":["GET"]}}],"collection":[{"href":"https:\/\/www.gaveanews.com\/index.php\/wp-json\/wp\/v2\/posts"}],"about":[{"href":"https:\/\/www.gaveanews.com\/index.php\/wp-json\/wp\/v2\/types\/post"}],"author":[{"embeddable":true,"href":"https:\/\/www.gaveanews.com\/index.php\/wp-json\/wp\/v2\/users\/17"}],"replies":[{"embeddable":true,"href":"https:\/\/www.gaveanews.com\/index.php\/wp-json\/wp\/v2\/comments?post=169887"}],"version-history":[{"count":1,"href":"https:\/\/www.gaveanews.com\/index.php\/wp-json\/wp\/v2\/posts\/169887\/revisions"}],"predecessor-version":[{"id":169888,"href":"https:\/\/www.gaveanews.com\/index.php\/wp-json\/wp\/v2\/posts\/169887\/revisions\/169888"}],"wp:featuredmedia":[{"embeddable":true,"href":"https:\/\/www.gaveanews.com\/index.php\/wp-json\/wp\/v2\/media\/105430"}],"wp:attachment":[{"href":"https:\/\/www.gaveanews.com\/index.php\/wp-json\/wp\/v2\/media?parent=169887"}],"wp:term":[{"taxonomy":"category","embeddable":true,"href":"https:\/\/www.gaveanews.com\/index.php\/wp-json\/wp\/v2\/categories?post=169887"},{"taxonomy":"post_tag","embeddable":true,"href":"https:\/\/www.gaveanews.com\/index.php\/wp-json\/wp\/v2\/tags?post=169887"}],"curies":[{"name":"wp","href":"https:\/\/api.w.org\/{rel}","templated":true}]}}