{"id":169978,"date":"2024-09-29T02:59:43","date_gmt":"2024-09-29T05:59:43","guid":{"rendered":"https:\/\/www.gaveanews.com\/?p=169978"},"modified":"2024-09-29T02:59:43","modified_gmt":"2024-09-29T05:59:43","slug":"flamengo-x-athletico-pr-tite-vai-poupar-ou-vai-jogar-com-os-titulares","status":"publish","type":"post","link":"https:\/\/www.gaveanews.com\/index.php\/2024\/09\/29\/flamengo-x-athletico-pr-tite-vai-poupar-ou-vai-jogar-com-os-titulares\/","title":{"rendered":"Flamengo x Athletico-PR: Tite vai poupar ou vai jogar com os titulares?"},"content":{"rendered":"\n<p>No cen\u00e1rio atual do Flamengo, as aten\u00e7\u00f5es se voltam para a escala\u00e7\u00e3o do time em sua pr\u00f3xima partida contra o Athletico-PR, marcada para domingo (29), \u00e0s 20h, no Maracan\u00e3. <\/p>\n\n\n\n<ul class=\"wp-block-list\">\n<li><a href=\"https:\/\/www.gaveanews.com\/index.php\/2024\/09\/28\/flamengo-x-athletico-pr-michael-vai-jogar\/\">Flamengo x Athletico-PR: Michael vai jogar?<\/a><\/li>\n\n\n\n<li><a href=\"https:\/\/www.gaveanews.com\/index.php\/2024\/09\/28\/atacante-retorna-ao-flamengo-e-fica-a-disposicao-de-tite\/\">Atacante retorna ao Flamengo e fica a disposi\u00e7\u00e3o de Tite<\/a><\/li>\n<\/ul>\n\n\n\n<p>Ap\u00f3s a recente elimina\u00e7\u00e3o na Libertadores, o Rubro-Negro precisa redirecionar suas for\u00e7as, priorizando tanto o Campeonato Brasileiro quanto a semifinal da Copa do Brasil, que acontece na pr\u00f3xima semana contra o Corinthians. O t\u00e9cnico Tite, consciente da import\u00e2ncia do momento, deve optar por um time misto, refletindo uma estrat\u00e9gia cuidadosa e focada nas pr\u00f3ximas etapas.<\/p>\n\n\n\n<h2 class=\"wp-block-heading\" id=\"h-preparacao-para-o-jogo-contra-o-athletico-pr\">Prepara\u00e7\u00e3o para o jogo contra o Athletico-PR<\/h2>\n\n\n\n<p>Durante o treinamento realizado na sexta-feira (27) no Ninho do Urubu, apenas os jogadores que n\u00e3o participaram como titulares na \u00faltima partida contra o Pe\u00f1arol foram a campo. Os demais, que participaram do empate sem gols no Uruguai, ficaram na academia, preservando energia e evitando desgaste excessivo. Isso porque o planejamento de Tite visa n\u00e3o apenas o jogo contra o Athletico-PR, mas principalmente a semifinal da Copa do Brasil, que \u00e9 crucial para as ambi\u00e7\u00f5es do clube neste ano.<\/p>\n\n\n\n<p>Vale destacar que, Tite deve poupar alguns jogadores que apresentam desgaste f\u00edsico. Portanto, o foco est\u00e1 em manter a equipe competitiva para chegar forte para o confronto decisivo contra o Corinthians.<\/p>\n\n\n\n<h2 class=\"wp-block-heading\" id=\"h-provavel-escalacao-do-flamengo\">Prov\u00e1vel escala\u00e7\u00e3o do Flamengo<\/h2>\n\n\n\n<p>Com 45 pontos ganhos, na quarta coloca\u00e7\u00e3o, as chances de t\u00edtulo s\u00e3o pequenas. Por\u00e9m, com o objetivo de permanecer no G4 para garantir a vaga direta na fase de grupos da Libertadores de 2025, o Flamengo vai em busca da vit\u00f3ria. A prov\u00e1vel escala\u00e7\u00e3o para o confronto contra o Athletico-PR \u00e9 a seguinte: <\/p>\n\n\n\n<p><strong>Rossi; Varela (Wesley), Fabr\u00edcio Bruno (David Luiz), L\u00e9o Pereira (Cleiton) e Alex Sandro (Ayrton Lucas); L\u00e9o Ortiz (Evertton Ara\u00fajo), De la Cruz (Pulgar), Arrascaeta (Alcaraz) e Gerson (Lorran); Plata (Matheus Gon\u00e7alves) e Bruno Henrique (Gabigol).<\/strong><\/p>\n\n\n\n<p>Sendo assim, a expectativa \u00e9 de um jogo t\u00e1tico e estrat\u00e9gico, onde a equipe busca recuperar a confian\u00e7a e a qualidade de jogo. Com Michael finalizando sua recupera\u00e7\u00e3o, ele deve ser um importante refor\u00e7o contra o Corinthians, contribuindo para um Flamengo que aspira a recuperar seu prest\u00edgio nas competi\u00e7\u00f5es. Com isso, o Rubro-Negro continua sua luta por t\u00edtulos, ciente de que cada partida pode ser decisiva em sua jornada.<\/p>\n","protected":false},"excerpt":{"rendered":"<p>No cen\u00e1rio atual do Flamengo, as aten\u00e7\u00f5es se voltam para a escala\u00e7\u00e3o do time em sua pr\u00f3xima partida contra o Athletico-PR, marcada para domingo (29), \u00e0s 20h, no Maracan\u00e3. Ap\u00f3s a recente elimina\u00e7\u00e3o na Libertadores, o Rubro-Negro precisa redirecionar suas for\u00e7as, priorizando tanto o Campeonato Brasileiro quanto a semifinal da Copa do Brasil, que acontece [&hellip;]<\/p>\n","protected":false},"author":25,"featured_media":124540,"comment_status":"open","ping_status":"closed","sticky":false,"template":"","format":"standard","meta":{"footnotes":""},"categories":[134,1],"tags":[],"class_list":["post-169978","post","type-post","status-publish","format-standard","has-post-thumbnail","hentry","category-athletico-pr","category-flamengo"],"yoast_head":"<!-- This site is optimized with the Yoast SEO Premium plugin v24.2 (Yoast SEO v26.9) - https:\/\/yoast.com\/product\/yoast-seo-premium-wordpress\/ -->\n<title>Flamengo x Athletico-PR: Tite vai poupar ou vai jogar com os titulares?<\/title>\n<meta name=\"robots\" content=\"index, follow, max-snippet:-1, max-image-preview:large, max-video-preview:-1\" \/>\n<link rel=\"canonical\" href=\"https:\/\/www.gaveanews.com\/index.php\/2024\/09\/29\/flamengo-x-athletico-pr-tite-vai-poupar-ou-vai-jogar-com-os-titulares\/\" \/>\n<meta property=\"og:locale\" content=\"pt_BR\" \/>\n<meta property=\"og:type\" content=\"article\" \/>\n<meta property=\"og:title\" content=\"Flamengo x Athletico-PR: Tite vai poupar ou vai jogar com os titulares?\" \/>\n<meta property=\"og:description\" content=\"No cen\u00e1rio atual do Flamengo, as aten\u00e7\u00f5es se voltam para a escala\u00e7\u00e3o do time em sua pr\u00f3xima partida contra o Athletico-PR, marcada para domingo (29), \u00e0s 20h, no Maracan\u00e3. Ap\u00f3s a recente elimina\u00e7\u00e3o na Libertadores, o Rubro-Negro precisa redirecionar suas for\u00e7as, priorizando tanto o Campeonato Brasileiro quanto a semifinal da Copa do Brasil, que acontece [&hellip;]\" \/>\n<meta property=\"og:url\" content=\"https:\/\/www.gaveanews.com\/index.php\/2024\/09\/29\/flamengo-x-athletico-pr-tite-vai-poupar-ou-vai-jogar-com-os-titulares\/\" \/>\n<meta property=\"og:site_name\" content=\"G\u00e1vea News\" \/>\n<meta property=\"article:publisher\" content=\"https:\/\/facebook.com\/gaveaNews\/\" \/>\n<meta property=\"article:published_time\" content=\"2024-09-29T05:59:43+00:00\" \/>\n<meta property=\"og:image\" content=\"https:\/\/www.gaveanews.com\/wp-content\/uploads\/Tite.webp\" \/>\n\t<meta property=\"og:image:width\" content=\"1296\" \/>\n\t<meta property=\"og:image:height\" content=\"729\" \/>\n\t<meta property=\"og:image:type\" content=\"image\/jpeg\" \/>\n<meta name=\"author\" content=\"Rafaela Ladeira\" \/>\n<meta name=\"twitter:card\" content=\"summary_large_image\" \/>\n<meta name=\"twitter:label1\" content=\"Escrito por\" \/>\n\t<meta name=\"twitter:data1\" content=\"Rafaela Ladeira\" \/>\n\t<meta name=\"twitter:label2\" content=\"Est. tempo de leitura\" \/>\n\t<meta name=\"twitter:data2\" content=\"3 minutos\" \/>\n<script type=\"application\/ld+json\" class=\"yoast-schema-graph\">{\"@context\":\"https:\/\/schema.org\",\"@graph\":[{\"@type\":\"NewsArticle\",\"@id\":\"https:\/\/www.gaveanews.com\/index.php\/2024\/09\/29\/flamengo-x-athletico-pr-tite-vai-poupar-ou-vai-jogar-com-os-titulares\/#article\",\"isPartOf\":{\"@id\":\"https:\/\/www.gaveanews.com\/index.php\/2024\/09\/29\/flamengo-x-athletico-pr-tite-vai-poupar-ou-vai-jogar-com-os-titulares\/\"},\"author\":{\"name\":\"Rafaela Ladeira\",\"@id\":\"https:\/\/www.gaveanews.com\/#\/schema\/person\/0eb3e3fe1754f0205218538adbe8f5ed\"},\"headline\":\"Flamengo x Athletico-PR: Tite vai poupar ou vai jogar com os titulares?\",\"datePublished\":\"2024-09-29T05:59:43+00:00\",\"mainEntityOfPage\":{\"@id\":\"https:\/\/www.gaveanews.com\/index.php\/2024\/09\/29\/flamengo-x-athletico-pr-tite-vai-poupar-ou-vai-jogar-com-os-titulares\/\"},\"wordCount\":424,\"commentCount\":0,\"image\":{\"@id\":\"https:\/\/www.gaveanews.com\/index.php\/2024\/09\/29\/flamengo-x-athletico-pr-tite-vai-poupar-ou-vai-jogar-com-os-titulares\/#primaryimage\"},\"thumbnailUrl\":\"https:\/\/www.gaveanews.com\/wp-content\/uploads\/Tite.webp\",\"articleSection\":[\"Athletico-PR\",\"Flamengo\"],\"inLanguage\":\"pt-BR\",\"potentialAction\":[{\"@type\":\"CommentAction\",\"name\":\"Comment\",\"target\":[\"https:\/\/www.gaveanews.com\/index.php\/2024\/09\/29\/flamengo-x-athletico-pr-tite-vai-poupar-ou-vai-jogar-com-os-titulares\/#respond\"]}],\"copyrightYear\":\"2024\",\"copyrightHolder\":{\"@id\":\"https:\/\/www.gaveanews.com\/#organization\"}},{\"@type\":\"WebPage\",\"@id\":\"https:\/\/www.gaveanews.com\/index.php\/2024\/09\/29\/flamengo-x-athletico-pr-tite-vai-poupar-ou-vai-jogar-com-os-titulares\/\",\"url\":\"https:\/\/www.gaveanews.com\/index.php\/2024\/09\/29\/flamengo-x-athletico-pr-tite-vai-poupar-ou-vai-jogar-com-os-titulares\/\",\"name\":\"Flamengo x Athletico-PR: Tite vai poupar ou vai jogar com os titulares?\",\"isPartOf\":{\"@id\":\"https:\/\/www.gaveanews.com\/#website\"},\"primaryImageOfPage\":{\"@id\":\"https:\/\/www.gaveanews.com\/index.php\/2024\/09\/29\/flamengo-x-athletico-pr-tite-vai-poupar-ou-vai-jogar-com-os-titulares\/#primaryimage\"},\"image\":{\"@id\":\"https:\/\/www.gaveanews.com\/index.php\/2024\/09\/29\/flamengo-x-athletico-pr-tite-vai-poupar-ou-vai-jogar-com-os-titulares\/#primaryimage\"},\"thumbnailUrl\":\"https:\/\/www.gaveanews.com\/wp-content\/uploads\/Tite.webp\",\"datePublished\":\"2024-09-29T05:59:43+00:00\",\"author\":{\"@id\":\"https:\/\/www.gaveanews.com\/#\/schema\/person\/0eb3e3fe1754f0205218538adbe8f5ed\"},\"breadcrumb\":{\"@id\":\"https:\/\/www.gaveanews.com\/index.php\/2024\/09\/29\/flamengo-x-athletico-pr-tite-vai-poupar-ou-vai-jogar-com-os-titulares\/#breadcrumb\"},\"inLanguage\":\"pt-BR\",\"potentialAction\":[{\"@type\":\"ReadAction\",\"target\":[\"https:\/\/www.gaveanews.com\/index.php\/2024\/09\/29\/flamengo-x-athletico-pr-tite-vai-poupar-ou-vai-jogar-com-os-titulares\/\"]}]},{\"@type\":\"ImageObject\",\"inLanguage\":\"pt-BR\",\"@id\":\"https:\/\/www.gaveanews.com\/index.php\/2024\/09\/29\/flamengo-x-athletico-pr-tite-vai-poupar-ou-vai-jogar-com-os-titulares\/#primaryimage\",\"url\":\"https:\/\/www.gaveanews.com\/wp-content\/uploads\/Tite.webp\",\"contentUrl\":\"https:\/\/www.gaveanews.com\/wp-content\/uploads\/Tite.webp\",\"width\":1296,\"height\":729,\"caption\":\"Tite em treino do Flamengo no Ninho do Urubu (Foto; Gilvan de Souza \/CRF)\"},{\"@type\":\"BreadcrumbList\",\"@id\":\"https:\/\/www.gaveanews.com\/index.php\/2024\/09\/29\/flamengo-x-athletico-pr-tite-vai-poupar-ou-vai-jogar-com-os-titulares\/#breadcrumb\",\"itemListElement\":[{\"@type\":\"ListItem\",\"position\":1,\"name\":\"Home\",\"item\":\"https:\/\/www.gaveanews.com\/\"},{\"@type\":\"ListItem\",\"position\":2,\"name\":\"Flamengo x Athletico-PR: Tite vai poupar ou vai jogar com os titulares?\"}]},{\"@type\":\"WebSite\",\"@id\":\"https:\/\/www.gaveanews.com\/#website\",\"url\":\"https:\/\/www.gaveanews.com\/\",\"name\":\"G\u00e1vea News\",\"description\":\"Veja todas as not\u00edcias sobre o Flamengo: Contrata\u00e7\u00f5es, categorias de base, resultados das partidas, tabela de classifica\u00e7\u00e3o, pr\u00f3ximos jogos!\",\"potentialAction\":[{\"@type\":\"SearchAction\",\"target\":{\"@type\":\"EntryPoint\",\"urlTemplate\":\"https:\/\/www.gaveanews.com\/?s={search_term_string}\"},\"query-input\":{\"@type\":\"PropertyValueSpecification\",\"valueRequired\":true,\"valueName\":\"search_term_string\"}}],\"inLanguage\":\"pt-BR\"},{\"@type\":\"Person\",\"@id\":\"https:\/\/www.gaveanews.com\/#\/schema\/person\/0eb3e3fe1754f0205218538adbe8f5ed\",\"name\":\"Rafaela Ladeira\",\"image\":{\"@type\":\"ImageObject\",\"inLanguage\":\"pt-BR\",\"@id\":\"https:\/\/www.gaveanews.com\/#\/schema\/person\/image\/\",\"url\":\"https:\/\/secure.gravatar.com\/avatar\/c31f513acffd85eacab5730cbdfdbbf59f21ba5aeada8cd890acea879fbb2455?s=96&d=mm&r=g\",\"contentUrl\":\"https:\/\/secure.gravatar.com\/avatar\/c31f513acffd85eacab5730cbdfdbbf59f21ba5aeada8cd890acea879fbb2455?s=96&d=mm&r=g\",\"caption\":\"Rafaela Ladeira\"}}]}<\/script>\n<!-- \/ Yoast SEO Premium plugin. -->","yoast_head_json":{"title":"Flamengo x Athletico-PR: Tite vai poupar ou vai jogar com os titulares?","robots":{"index":"index","follow":"follow","max-snippet":"max-snippet:-1","max-image-preview":"max-image-preview:large","max-video-preview":"max-video-preview:-1"},"canonical":"https:\/\/www.gaveanews.com\/index.php\/2024\/09\/29\/flamengo-x-athletico-pr-tite-vai-poupar-ou-vai-jogar-com-os-titulares\/","og_locale":"pt_BR","og_type":"article","og_title":"Flamengo x Athletico-PR: Tite vai poupar ou vai jogar com os titulares?","og_description":"No cen\u00e1rio atual do Flamengo, as aten\u00e7\u00f5es se voltam para a escala\u00e7\u00e3o do time em sua pr\u00f3xima partida contra o Athletico-PR, marcada para domingo (29), \u00e0s 20h, no Maracan\u00e3. Ap\u00f3s a recente elimina\u00e7\u00e3o na Libertadores, o Rubro-Negro precisa redirecionar suas for\u00e7as, priorizando tanto o Campeonato Brasileiro quanto a semifinal da Copa do Brasil, que acontece [&hellip;]","og_url":"https:\/\/www.gaveanews.com\/index.php\/2024\/09\/29\/flamengo-x-athletico-pr-tite-vai-poupar-ou-vai-jogar-com-os-titulares\/","og_site_name":"G\u00e1vea News","article_publisher":"https:\/\/facebook.com\/gaveaNews\/","article_published_time":"2024-09-29T05:59:43+00:00","og_image":[{"width":1296,"height":729,"url":"https:\/\/www.gaveanews.com\/wp-content\/uploads\/Tite.webp","type":"image\/jpeg"}],"author":"Rafaela Ladeira","twitter_card":"summary_large_image","twitter_misc":{"Escrito por":"Rafaela Ladeira","Est. tempo de leitura":"3 minutos"},"schema":{"@context":"https:\/\/schema.org","@graph":[{"@type":"NewsArticle","@id":"https:\/\/www.gaveanews.com\/index.php\/2024\/09\/29\/flamengo-x-athletico-pr-tite-vai-poupar-ou-vai-jogar-com-os-titulares\/#article","isPartOf":{"@id":"https:\/\/www.gaveanews.com\/index.php\/2024\/09\/29\/flamengo-x-athletico-pr-tite-vai-poupar-ou-vai-jogar-com-os-titulares\/"},"author":{"name":"Rafaela Ladeira","@id":"https:\/\/www.gaveanews.com\/#\/schema\/person\/0eb3e3fe1754f0205218538adbe8f5ed"},"headline":"Flamengo x Athletico-PR: Tite vai poupar ou vai jogar com os titulares?","datePublished":"2024-09-29T05:59:43+00:00","mainEntityOfPage":{"@id":"https:\/\/www.gaveanews.com\/index.php\/2024\/09\/29\/flamengo-x-athletico-pr-tite-vai-poupar-ou-vai-jogar-com-os-titulares\/"},"wordCount":424,"commentCount":0,"image":{"@id":"https:\/\/www.gaveanews.com\/index.php\/2024\/09\/29\/flamengo-x-athletico-pr-tite-vai-poupar-ou-vai-jogar-com-os-titulares\/#primaryimage"},"thumbnailUrl":"https:\/\/www.gaveanews.com\/wp-content\/uploads\/Tite.webp","articleSection":["Athletico-PR","Flamengo"],"inLanguage":"pt-BR","potentialAction":[{"@type":"CommentAction","name":"Comment","target":["https:\/\/www.gaveanews.com\/index.php\/2024\/09\/29\/flamengo-x-athletico-pr-tite-vai-poupar-ou-vai-jogar-com-os-titulares\/#respond"]}],"copyrightYear":"2024","copyrightHolder":{"@id":"https:\/\/www.gaveanews.com\/#organization"}},{"@type":"WebPage","@id":"https:\/\/www.gaveanews.com\/index.php\/2024\/09\/29\/flamengo-x-athletico-pr-tite-vai-poupar-ou-vai-jogar-com-os-titulares\/","url":"https:\/\/www.gaveanews.com\/index.php\/2024\/09\/29\/flamengo-x-athletico-pr-tite-vai-poupar-ou-vai-jogar-com-os-titulares\/","name":"Flamengo x Athletico-PR: Tite vai poupar ou vai jogar com os titulares?","isPartOf":{"@id":"https:\/\/www.gaveanews.com\/#website"},"primaryImageOfPage":{"@id":"https:\/\/www.gaveanews.com\/index.php\/2024\/09\/29\/flamengo-x-athletico-pr-tite-vai-poupar-ou-vai-jogar-com-os-titulares\/#primaryimage"},"image":{"@id":"https:\/\/www.gaveanews.com\/index.php\/2024\/09\/29\/flamengo-x-athletico-pr-tite-vai-poupar-ou-vai-jogar-com-os-titulares\/#primaryimage"},"thumbnailUrl":"https:\/\/www.gaveanews.com\/wp-content\/uploads\/Tite.webp","datePublished":"2024-09-29T05:59:43+00:00","author":{"@id":"https:\/\/www.gaveanews.com\/#\/schema\/person\/0eb3e3fe1754f0205218538adbe8f5ed"},"breadcrumb":{"@id":"https:\/\/www.gaveanews.com\/index.php\/2024\/09\/29\/flamengo-x-athletico-pr-tite-vai-poupar-ou-vai-jogar-com-os-titulares\/#breadcrumb"},"inLanguage":"pt-BR","potentialAction":[{"@type":"ReadAction","target":["https:\/\/www.gaveanews.com\/index.php\/2024\/09\/29\/flamengo-x-athletico-pr-tite-vai-poupar-ou-vai-jogar-com-os-titulares\/"]}]},{"@type":"ImageObject","inLanguage":"pt-BR","@id":"https:\/\/www.gaveanews.com\/index.php\/2024\/09\/29\/flamengo-x-athletico-pr-tite-vai-poupar-ou-vai-jogar-com-os-titulares\/#primaryimage","url":"https:\/\/www.gaveanews.com\/wp-content\/uploads\/Tite.webp","contentUrl":"https:\/\/www.gaveanews.com\/wp-content\/uploads\/Tite.webp","width":1296,"height":729,"caption":"Tite em treino do Flamengo no Ninho do Urubu (Foto; Gilvan de Souza \/CRF)"},{"@type":"BreadcrumbList","@id":"https:\/\/www.gaveanews.com\/index.php\/2024\/09\/29\/flamengo-x-athletico-pr-tite-vai-poupar-ou-vai-jogar-com-os-titulares\/#breadcrumb","itemListElement":[{"@type":"ListItem","position":1,"name":"Home","item":"https:\/\/www.gaveanews.com\/"},{"@type":"ListItem","position":2,"name":"Flamengo x Athletico-PR: Tite vai poupar ou vai jogar com os titulares?"}]},{"@type":"WebSite","@id":"https:\/\/www.gaveanews.com\/#website","url":"https:\/\/www.gaveanews.com\/","name":"G\u00e1vea News","description":"Veja todas as not\u00edcias sobre o Flamengo: Contrata\u00e7\u00f5es, categorias de base, resultados das partidas, tabela de classifica\u00e7\u00e3o, pr\u00f3ximos jogos!","potentialAction":[{"@type":"SearchAction","target":{"@type":"EntryPoint","urlTemplate":"https:\/\/www.gaveanews.com\/?s={search_term_string}"},"query-input":{"@type":"PropertyValueSpecification","valueRequired":true,"valueName":"search_term_string"}}],"inLanguage":"pt-BR"},{"@type":"Person","@id":"https:\/\/www.gaveanews.com\/#\/schema\/person\/0eb3e3fe1754f0205218538adbe8f5ed","name":"Rafaela Ladeira","image":{"@type":"ImageObject","inLanguage":"pt-BR","@id":"https:\/\/www.gaveanews.com\/#\/schema\/person\/image\/","url":"https:\/\/secure.gravatar.com\/avatar\/c31f513acffd85eacab5730cbdfdbbf59f21ba5aeada8cd890acea879fbb2455?s=96&d=mm&r=g","contentUrl":"https:\/\/secure.gravatar.com\/avatar\/c31f513acffd85eacab5730cbdfdbbf59f21ba5aeada8cd890acea879fbb2455?s=96&d=mm&r=g","caption":"Rafaela Ladeira"}}]}},"_links":{"self":[{"href":"https:\/\/www.gaveanews.com\/index.php\/wp-json\/wp\/v2\/posts\/169978","targetHints":{"allow":["GET"]}}],"collection":[{"href":"https:\/\/www.gaveanews.com\/index.php\/wp-json\/wp\/v2\/posts"}],"about":[{"href":"https:\/\/www.gaveanews.com\/index.php\/wp-json\/wp\/v2\/types\/post"}],"author":[{"embeddable":true,"href":"https:\/\/www.gaveanews.com\/index.php\/wp-json\/wp\/v2\/users\/25"}],"replies":[{"embeddable":true,"href":"https:\/\/www.gaveanews.com\/index.php\/wp-json\/wp\/v2\/comments?post=169978"}],"version-history":[{"count":1,"href":"https:\/\/www.gaveanews.com\/index.php\/wp-json\/wp\/v2\/posts\/169978\/revisions"}],"predecessor-version":[{"id":169979,"href":"https:\/\/www.gaveanews.com\/index.php\/wp-json\/wp\/v2\/posts\/169978\/revisions\/169979"}],"wp:featuredmedia":[{"embeddable":true,"href":"https:\/\/www.gaveanews.com\/index.php\/wp-json\/wp\/v2\/media\/124540"}],"wp:attachment":[{"href":"https:\/\/www.gaveanews.com\/index.php\/wp-json\/wp\/v2\/media?parent=169978"}],"wp:term":[{"taxonomy":"category","embeddable":true,"href":"https:\/\/www.gaveanews.com\/index.php\/wp-json\/wp\/v2\/categories?post=169978"},{"taxonomy":"post_tag","embeddable":true,"href":"https:\/\/www.gaveanews.com\/index.php\/wp-json\/wp\/v2\/tags?post=169978"}],"curies":[{"name":"wp","href":"https:\/\/api.w.org\/{rel}","templated":true}]}}