{"id":170006,"date":"2024-09-30T14:00:00","date_gmt":"2024-09-30T17:00:00","guid":{"rendered":"https:\/\/www.gaveanews.com\/?p=170006"},"modified":"2024-09-30T12:34:12","modified_gmt":"2024-09-30T15:34:12","slug":"jair-paulinho-estrella-e-adson-as-situacoes-do-lesionados-do-vasco","status":"publish","type":"post","link":"https:\/\/www.gaveanews.com\/index.php\/2024\/09\/30\/jair-paulinho-estrella-e-adson-as-situacoes-do-lesionados-do-vasco\/","title":{"rendered":"Jair, Paulinho, Estrella e Adson: as situa\u00e7\u00f5es do lesionados do Vasco"},"content":{"rendered":"\n<h2 class=\"wp-block-heading\" id=\"h-torcida-do-vasco-aguarda-ansiosamente-pelos-retornos-de-quatro-jogadores-chave\">Torcida do Vasco aguarda ansiosamente pelos retornos de quatro jogadores-chave<\/h2>\n\n\n\n<p>A torcida do Vasco da Gama est\u00e1 em contagem regressiva para o retorno de quatro atletas fundamentais para o elenco: Jair, Paulinho, Estrella e Adson. A expectativa \u00e9 alta, especialmente ap\u00f3s longos per\u00edodos de aus\u00eancia devido a les\u00f5es.<\/p>\n\n\n\n<h2 class=\"wp-block-heading\" id=\"h-jair\">Jair<\/h2>\n\n\n\n<p>O volante Jair \u00e9 o que se encontra mais pr\u00f3ximo de voltar aos gramados. Desde a sua les\u00e3o no dia 4 de fevereiro, durante uma partida contra o Flamengo pelo Campeonato Carioca, quando sofreu uma ruptura do ligamento cruzado do joelho esquerdo, o jogador tem se dedicado intensamente \u00e0 recupera\u00e7\u00e3o. Atualmente, Jair j\u00e1 est\u00e1 treinando com bola e realizando exerc\u00edcios f\u00edsicos para recuperar o ritmo necess\u00e1rio. Dentro do clube, sua recupera\u00e7\u00e3o \u00e9 considerada not\u00e1vel, visto que o tempo habitual para a recupera\u00e7\u00e3o de uma cirurgia deste tipo varia entre oito e dez meses. Embora seu retorno ainda n\u00e3o esteja confirmado para os jogos em Belo Horizonte contra Cruzeiro e Atl\u00e9tico-MG, existe uma grande possibilidade de que ele possa ser relacionado ap\u00f3s a data Fifa.<\/p>\n\n\n\n<h2 class=\"wp-block-heading\" id=\"h-paulinho\">Paulinho<\/h2>\n\n\n\n<p>A situa\u00e7\u00e3o de Paulinho \u00e9 semelhante, pois o meia tamb\u00e9m se lesionou apenas dez dias ap\u00f3s Jair, quando rompeu o ligamento cruzado anterior do joelho direito na partida contra o Bangu. Assim como seu companheiro, Paulinho segue todos os protocolos de tratamento estabelecidos pelo departamento m\u00e9dico do Vasco. Ele se encontra na fase final do fortalecimento e deve em breve iniciar os treinos com a equipe e tamb\u00e9m participar de atividades com bola, assim como Jair.<\/p>\n\n\n\n<h2 class=\"wp-block-heading\" id=\"h-estrella\">Estrella<\/h2>\n\n\n\n<p>O meia Estrella, por outro lado, teve uma trajet\u00f3ria de recupera\u00e7\u00e3o mais complexa. Ele sentiu dores no joelho direito durante um cl\u00e1ssico contra o Botafogo, no dia 29 de junho, e foi substitu\u00eddo precocemente. A avalia\u00e7\u00e3o m\u00e9dica indicou a necessidade de uma cirurgia, que, inicialmente, estava programada para ser realizada ao final da temporada. Contudo, diante da possibilidade de agravamento da les\u00e3o, a decis\u00e3o foi tomada para realizar a opera\u00e7\u00e3o em julho. Estrella possui uma condi\u00e7\u00e3o anat\u00f4mica cong\u00eanita conhecida como variante disc\u00f3ide, e a cirurgia visava estabilizar o menisco. O retorno do jogador ao time s\u00f3 deve ocorrer em 2025.<\/p>\n\n\n\n<h2 class=\"wp-block-heading\" id=\"h-adson\">Adson<\/h2>\n\n\n\n<p>Por \u00faltimo, Adson, o atacante, tamb\u00e9m enfrenta um longo per\u00edodo fora dos campos. Ele fraturou a t\u00edbia e optou pela cirurgia na perna direita no in\u00edcio de setembro. O departamento m\u00e9dico estipulou um prazo de recupera\u00e7\u00e3o entre 10 a 12 semanas, o que significa que Adson deve retornar apenas em meados de novembro ou dezembro, na reta final da temporada. Assim como Estrella, \u00e9 bastante prov\u00e1vel que ele s\u00f3 consiga voltar a atuar pelo Vasco em 2025.<\/p>\n","protected":false},"excerpt":{"rendered":"<p>Torcida do Vasco aguarda ansiosamente pelos retornos de quatro jogadores-chave A torcida do Vasco da Gama est\u00e1 em contagem regressiva para o retorno de quatro atletas fundamentais para o elenco: Jair, Paulinho, Estrella e Adson. A expectativa \u00e9 alta, especialmente ap\u00f3s longos per\u00edodos de aus\u00eancia devido a les\u00f5es. Jair O volante Jair \u00e9 o que [&hellip;]<\/p>\n","protected":false},"author":17,"featured_media":161261,"comment_status":"open","ping_status":"closed","sticky":false,"template":"","format":"standard","meta":{"footnotes":""},"categories":[152],"tags":[],"class_list":["post-170006","post","type-post","status-publish","format-standard","has-post-thumbnail","hentry","category-vasco"],"yoast_head":"<!-- This site is optimized with the Yoast SEO Premium plugin v24.2 (Yoast SEO v26.9) - https:\/\/yoast.com\/product\/yoast-seo-premium-wordpress\/ -->\n<title>Jair, Paulinho, Estrella e Adson: as situa\u00e7\u00f5es do lesionados do Vasco<\/title>\n<meta name=\"robots\" content=\"index, follow, max-snippet:-1, max-image-preview:large, max-video-preview:-1\" \/>\n<link rel=\"canonical\" href=\"https:\/\/www.gaveanews.com\/index.php\/2024\/09\/30\/jair-paulinho-estrella-e-adson-as-situacoes-do-lesionados-do-vasco\/\" \/>\n<meta property=\"og:locale\" content=\"pt_BR\" \/>\n<meta property=\"og:type\" content=\"article\" \/>\n<meta property=\"og:title\" content=\"Jair, Paulinho, Estrella e Adson: as situa\u00e7\u00f5es do lesionados do Vasco\" \/>\n<meta property=\"og:description\" content=\"Torcida do Vasco aguarda ansiosamente pelos retornos de quatro jogadores-chave A torcida do Vasco da Gama est\u00e1 em contagem regressiva para o retorno de quatro atletas fundamentais para o elenco: Jair, Paulinho, Estrella e Adson. A expectativa \u00e9 alta, especialmente ap\u00f3s longos per\u00edodos de aus\u00eancia devido a les\u00f5es. Jair O volante Jair \u00e9 o que [&hellip;]\" \/>\n<meta property=\"og:url\" content=\"https:\/\/www.gaveanews.com\/index.php\/2024\/09\/30\/jair-paulinho-estrella-e-adson-as-situacoes-do-lesionados-do-vasco\/\" \/>\n<meta property=\"og:site_name\" content=\"G\u00e1vea News\" \/>\n<meta property=\"article:publisher\" content=\"https:\/\/facebook.com\/gaveaNews\/\" \/>\n<meta property=\"article:published_time\" content=\"2024-09-30T17:00:00+00:00\" \/>\n<meta property=\"og:image\" content=\"https:\/\/www.gaveanews.com\/wp-content\/uploads\/Camisa-do-Vasco-2024.webp\" \/>\n\t<meta property=\"og:image:width\" content=\"1059\" \/>\n\t<meta property=\"og:image:height\" content=\"794\" \/>\n\t<meta property=\"og:image:type\" content=\"image\/webp\" \/>\n<meta name=\"author\" content=\"Geovanna Thomaz\" \/>\n<meta name=\"twitter:card\" content=\"summary_large_image\" \/>\n<meta name=\"twitter:label1\" content=\"Escrito por\" \/>\n\t<meta name=\"twitter:data1\" content=\"Geovanna Thomaz\" \/>\n\t<meta name=\"twitter:label2\" content=\"Est. tempo de leitura\" \/>\n\t<meta name=\"twitter:data2\" content=\"3 minutos\" \/>\n<script type=\"application\/ld+json\" class=\"yoast-schema-graph\">{\"@context\":\"https:\/\/schema.org\",\"@graph\":[{\"@type\":\"NewsArticle\",\"@id\":\"https:\/\/www.gaveanews.com\/index.php\/2024\/09\/30\/jair-paulinho-estrella-e-adson-as-situacoes-do-lesionados-do-vasco\/#article\",\"isPartOf\":{\"@id\":\"https:\/\/www.gaveanews.com\/index.php\/2024\/09\/30\/jair-paulinho-estrella-e-adson-as-situacoes-do-lesionados-do-vasco\/\"},\"author\":{\"name\":\"Geovanna Thomaz\",\"@id\":\"https:\/\/www.gaveanews.com\/#\/schema\/person\/f42654babcd2b2014a1a65af82b081f1\"},\"headline\":\"Jair, Paulinho, Estrella e Adson: as situa\u00e7\u00f5es do lesionados do Vasco\",\"datePublished\":\"2024-09-30T17:00:00+00:00\",\"mainEntityOfPage\":{\"@id\":\"https:\/\/www.gaveanews.com\/index.php\/2024\/09\/30\/jair-paulinho-estrella-e-adson-as-situacoes-do-lesionados-do-vasco\/\"},\"wordCount\":470,\"commentCount\":0,\"image\":{\"@id\":\"https:\/\/www.gaveanews.com\/index.php\/2024\/09\/30\/jair-paulinho-estrella-e-adson-as-situacoes-do-lesionados-do-vasco\/#primaryimage\"},\"thumbnailUrl\":\"https:\/\/www.gaveanews.com\/wp-content\/uploads\/Camisa-do-Vasco-2024.webp\",\"articleSection\":[\"Vasco\"],\"inLanguage\":\"pt-BR\",\"potentialAction\":[{\"@type\":\"CommentAction\",\"name\":\"Comment\",\"target\":[\"https:\/\/www.gaveanews.com\/index.php\/2024\/09\/30\/jair-paulinho-estrella-e-adson-as-situacoes-do-lesionados-do-vasco\/#respond\"]}],\"copyrightYear\":\"2024\",\"copyrightHolder\":{\"@id\":\"https:\/\/www.gaveanews.com\/#organization\"}},{\"@type\":\"WebPage\",\"@id\":\"https:\/\/www.gaveanews.com\/index.php\/2024\/09\/30\/jair-paulinho-estrella-e-adson-as-situacoes-do-lesionados-do-vasco\/\",\"url\":\"https:\/\/www.gaveanews.com\/index.php\/2024\/09\/30\/jair-paulinho-estrella-e-adson-as-situacoes-do-lesionados-do-vasco\/\",\"name\":\"Jair, Paulinho, Estrella e Adson: as situa\u00e7\u00f5es do lesionados do Vasco\",\"isPartOf\":{\"@id\":\"https:\/\/www.gaveanews.com\/#website\"},\"primaryImageOfPage\":{\"@id\":\"https:\/\/www.gaveanews.com\/index.php\/2024\/09\/30\/jair-paulinho-estrella-e-adson-as-situacoes-do-lesionados-do-vasco\/#primaryimage\"},\"image\":{\"@id\":\"https:\/\/www.gaveanews.com\/index.php\/2024\/09\/30\/jair-paulinho-estrella-e-adson-as-situacoes-do-lesionados-do-vasco\/#primaryimage\"},\"thumbnailUrl\":\"https:\/\/www.gaveanews.com\/wp-content\/uploads\/Camisa-do-Vasco-2024.webp\",\"datePublished\":\"2024-09-30T17:00:00+00:00\",\"author\":{\"@id\":\"https:\/\/www.gaveanews.com\/#\/schema\/person\/f42654babcd2b2014a1a65af82b081f1\"},\"breadcrumb\":{\"@id\":\"https:\/\/www.gaveanews.com\/index.php\/2024\/09\/30\/jair-paulinho-estrella-e-adson-as-situacoes-do-lesionados-do-vasco\/#breadcrumb\"},\"inLanguage\":\"pt-BR\",\"potentialAction\":[{\"@type\":\"ReadAction\",\"target\":[\"https:\/\/www.gaveanews.com\/index.php\/2024\/09\/30\/jair-paulinho-estrella-e-adson-as-situacoes-do-lesionados-do-vasco\/\"]}]},{\"@type\":\"ImageObject\",\"inLanguage\":\"pt-BR\",\"@id\":\"https:\/\/www.gaveanews.com\/index.php\/2024\/09\/30\/jair-paulinho-estrella-e-adson-as-situacoes-do-lesionados-do-vasco\/#primaryimage\",\"url\":\"https:\/\/www.gaveanews.com\/wp-content\/uploads\/Camisa-do-Vasco-2024.webp\",\"contentUrl\":\"https:\/\/www.gaveanews.com\/wp-content\/uploads\/Camisa-do-Vasco-2024.webp\",\"width\":1059,\"height\":794,\"caption\":\"Camisa do Vasco 2024 (Foto: Reprodu\u00e7\u00e3o\/Instagram)\"},{\"@type\":\"BreadcrumbList\",\"@id\":\"https:\/\/www.gaveanews.com\/index.php\/2024\/09\/30\/jair-paulinho-estrella-e-adson-as-situacoes-do-lesionados-do-vasco\/#breadcrumb\",\"itemListElement\":[{\"@type\":\"ListItem\",\"position\":1,\"name\":\"Home\",\"item\":\"https:\/\/www.gaveanews.com\/\"},{\"@type\":\"ListItem\",\"position\":2,\"name\":\"Jair, Paulinho, Estrella e Adson: as situa\u00e7\u00f5es do lesionados do Vasco\"}]},{\"@type\":\"WebSite\",\"@id\":\"https:\/\/www.gaveanews.com\/#website\",\"url\":\"https:\/\/www.gaveanews.com\/\",\"name\":\"G\u00e1vea News\",\"description\":\"Veja todas as not\u00edcias sobre o Flamengo: Contrata\u00e7\u00f5es, categorias de base, resultados das partidas, tabela de classifica\u00e7\u00e3o, pr\u00f3ximos jogos!\",\"potentialAction\":[{\"@type\":\"SearchAction\",\"target\":{\"@type\":\"EntryPoint\",\"urlTemplate\":\"https:\/\/www.gaveanews.com\/?s={search_term_string}\"},\"query-input\":{\"@type\":\"PropertyValueSpecification\",\"valueRequired\":true,\"valueName\":\"search_term_string\"}}],\"inLanguage\":\"pt-BR\"},{\"@type\":\"Person\",\"@id\":\"https:\/\/www.gaveanews.com\/#\/schema\/person\/f42654babcd2b2014a1a65af82b081f1\",\"name\":\"Geovanna Thomaz\",\"image\":{\"@type\":\"ImageObject\",\"inLanguage\":\"pt-BR\",\"@id\":\"https:\/\/www.gaveanews.com\/#\/schema\/person\/image\/\",\"url\":\"https:\/\/secure.gravatar.com\/avatar\/4092073255489533afb558984b49b64268c47198af8623cc82a925ae9fb7118a?s=96&d=mm&r=g\",\"contentUrl\":\"https:\/\/secure.gravatar.com\/avatar\/4092073255489533afb558984b49b64268c47198af8623cc82a925ae9fb7118a?s=96&d=mm&r=g\",\"caption\":\"Geovanna Thomaz\"}}]}<\/script>\n<!-- \/ Yoast SEO Premium plugin. -->","yoast_head_json":{"title":"Jair, Paulinho, Estrella e Adson: as situa\u00e7\u00f5es do lesionados do Vasco","robots":{"index":"index","follow":"follow","max-snippet":"max-snippet:-1","max-image-preview":"max-image-preview:large","max-video-preview":"max-video-preview:-1"},"canonical":"https:\/\/www.gaveanews.com\/index.php\/2024\/09\/30\/jair-paulinho-estrella-e-adson-as-situacoes-do-lesionados-do-vasco\/","og_locale":"pt_BR","og_type":"article","og_title":"Jair, Paulinho, Estrella e Adson: as situa\u00e7\u00f5es do lesionados do Vasco","og_description":"Torcida do Vasco aguarda ansiosamente pelos retornos de quatro jogadores-chave A torcida do Vasco da Gama est\u00e1 em contagem regressiva para o retorno de quatro atletas fundamentais para o elenco: Jair, Paulinho, Estrella e Adson. A expectativa \u00e9 alta, especialmente ap\u00f3s longos per\u00edodos de aus\u00eancia devido a les\u00f5es. Jair O volante Jair \u00e9 o que [&hellip;]","og_url":"https:\/\/www.gaveanews.com\/index.php\/2024\/09\/30\/jair-paulinho-estrella-e-adson-as-situacoes-do-lesionados-do-vasco\/","og_site_name":"G\u00e1vea News","article_publisher":"https:\/\/facebook.com\/gaveaNews\/","article_published_time":"2024-09-30T17:00:00+00:00","og_image":[{"width":1059,"height":794,"url":"https:\/\/www.gaveanews.com\/wp-content\/uploads\/Camisa-do-Vasco-2024.webp","type":"image\/webp"}],"author":"Geovanna Thomaz","twitter_card":"summary_large_image","twitter_misc":{"Escrito por":"Geovanna Thomaz","Est. tempo de leitura":"3 minutos"},"schema":{"@context":"https:\/\/schema.org","@graph":[{"@type":"NewsArticle","@id":"https:\/\/www.gaveanews.com\/index.php\/2024\/09\/30\/jair-paulinho-estrella-e-adson-as-situacoes-do-lesionados-do-vasco\/#article","isPartOf":{"@id":"https:\/\/www.gaveanews.com\/index.php\/2024\/09\/30\/jair-paulinho-estrella-e-adson-as-situacoes-do-lesionados-do-vasco\/"},"author":{"name":"Geovanna Thomaz","@id":"https:\/\/www.gaveanews.com\/#\/schema\/person\/f42654babcd2b2014a1a65af82b081f1"},"headline":"Jair, Paulinho, Estrella e Adson: as situa\u00e7\u00f5es do lesionados do Vasco","datePublished":"2024-09-30T17:00:00+00:00","mainEntityOfPage":{"@id":"https:\/\/www.gaveanews.com\/index.php\/2024\/09\/30\/jair-paulinho-estrella-e-adson-as-situacoes-do-lesionados-do-vasco\/"},"wordCount":470,"commentCount":0,"image":{"@id":"https:\/\/www.gaveanews.com\/index.php\/2024\/09\/30\/jair-paulinho-estrella-e-adson-as-situacoes-do-lesionados-do-vasco\/#primaryimage"},"thumbnailUrl":"https:\/\/www.gaveanews.com\/wp-content\/uploads\/Camisa-do-Vasco-2024.webp","articleSection":["Vasco"],"inLanguage":"pt-BR","potentialAction":[{"@type":"CommentAction","name":"Comment","target":["https:\/\/www.gaveanews.com\/index.php\/2024\/09\/30\/jair-paulinho-estrella-e-adson-as-situacoes-do-lesionados-do-vasco\/#respond"]}],"copyrightYear":"2024","copyrightHolder":{"@id":"https:\/\/www.gaveanews.com\/#organization"}},{"@type":"WebPage","@id":"https:\/\/www.gaveanews.com\/index.php\/2024\/09\/30\/jair-paulinho-estrella-e-adson-as-situacoes-do-lesionados-do-vasco\/","url":"https:\/\/www.gaveanews.com\/index.php\/2024\/09\/30\/jair-paulinho-estrella-e-adson-as-situacoes-do-lesionados-do-vasco\/","name":"Jair, Paulinho, Estrella e Adson: as situa\u00e7\u00f5es do lesionados do Vasco","isPartOf":{"@id":"https:\/\/www.gaveanews.com\/#website"},"primaryImageOfPage":{"@id":"https:\/\/www.gaveanews.com\/index.php\/2024\/09\/30\/jair-paulinho-estrella-e-adson-as-situacoes-do-lesionados-do-vasco\/#primaryimage"},"image":{"@id":"https:\/\/www.gaveanews.com\/index.php\/2024\/09\/30\/jair-paulinho-estrella-e-adson-as-situacoes-do-lesionados-do-vasco\/#primaryimage"},"thumbnailUrl":"https:\/\/www.gaveanews.com\/wp-content\/uploads\/Camisa-do-Vasco-2024.webp","datePublished":"2024-09-30T17:00:00+00:00","author":{"@id":"https:\/\/www.gaveanews.com\/#\/schema\/person\/f42654babcd2b2014a1a65af82b081f1"},"breadcrumb":{"@id":"https:\/\/www.gaveanews.com\/index.php\/2024\/09\/30\/jair-paulinho-estrella-e-adson-as-situacoes-do-lesionados-do-vasco\/#breadcrumb"},"inLanguage":"pt-BR","potentialAction":[{"@type":"ReadAction","target":["https:\/\/www.gaveanews.com\/index.php\/2024\/09\/30\/jair-paulinho-estrella-e-adson-as-situacoes-do-lesionados-do-vasco\/"]}]},{"@type":"ImageObject","inLanguage":"pt-BR","@id":"https:\/\/www.gaveanews.com\/index.php\/2024\/09\/30\/jair-paulinho-estrella-e-adson-as-situacoes-do-lesionados-do-vasco\/#primaryimage","url":"https:\/\/www.gaveanews.com\/wp-content\/uploads\/Camisa-do-Vasco-2024.webp","contentUrl":"https:\/\/www.gaveanews.com\/wp-content\/uploads\/Camisa-do-Vasco-2024.webp","width":1059,"height":794,"caption":"Camisa do Vasco 2024 (Foto: Reprodu\u00e7\u00e3o\/Instagram)"},{"@type":"BreadcrumbList","@id":"https:\/\/www.gaveanews.com\/index.php\/2024\/09\/30\/jair-paulinho-estrella-e-adson-as-situacoes-do-lesionados-do-vasco\/#breadcrumb","itemListElement":[{"@type":"ListItem","position":1,"name":"Home","item":"https:\/\/www.gaveanews.com\/"},{"@type":"ListItem","position":2,"name":"Jair, Paulinho, Estrella e Adson: as situa\u00e7\u00f5es do lesionados do Vasco"}]},{"@type":"WebSite","@id":"https:\/\/www.gaveanews.com\/#website","url":"https:\/\/www.gaveanews.com\/","name":"G\u00e1vea News","description":"Veja todas as not\u00edcias sobre o Flamengo: Contrata\u00e7\u00f5es, categorias de base, resultados das partidas, tabela de classifica\u00e7\u00e3o, pr\u00f3ximos jogos!","potentialAction":[{"@type":"SearchAction","target":{"@type":"EntryPoint","urlTemplate":"https:\/\/www.gaveanews.com\/?s={search_term_string}"},"query-input":{"@type":"PropertyValueSpecification","valueRequired":true,"valueName":"search_term_string"}}],"inLanguage":"pt-BR"},{"@type":"Person","@id":"https:\/\/www.gaveanews.com\/#\/schema\/person\/f42654babcd2b2014a1a65af82b081f1","name":"Geovanna Thomaz","image":{"@type":"ImageObject","inLanguage":"pt-BR","@id":"https:\/\/www.gaveanews.com\/#\/schema\/person\/image\/","url":"https:\/\/secure.gravatar.com\/avatar\/4092073255489533afb558984b49b64268c47198af8623cc82a925ae9fb7118a?s=96&d=mm&r=g","contentUrl":"https:\/\/secure.gravatar.com\/avatar\/4092073255489533afb558984b49b64268c47198af8623cc82a925ae9fb7118a?s=96&d=mm&r=g","caption":"Geovanna Thomaz"}}]}},"_links":{"self":[{"href":"https:\/\/www.gaveanews.com\/index.php\/wp-json\/wp\/v2\/posts\/170006","targetHints":{"allow":["GET"]}}],"collection":[{"href":"https:\/\/www.gaveanews.com\/index.php\/wp-json\/wp\/v2\/posts"}],"about":[{"href":"https:\/\/www.gaveanews.com\/index.php\/wp-json\/wp\/v2\/types\/post"}],"author":[{"embeddable":true,"href":"https:\/\/www.gaveanews.com\/index.php\/wp-json\/wp\/v2\/users\/17"}],"replies":[{"embeddable":true,"href":"https:\/\/www.gaveanews.com\/index.php\/wp-json\/wp\/v2\/comments?post=170006"}],"version-history":[{"count":1,"href":"https:\/\/www.gaveanews.com\/index.php\/wp-json\/wp\/v2\/posts\/170006\/revisions"}],"predecessor-version":[{"id":170007,"href":"https:\/\/www.gaveanews.com\/index.php\/wp-json\/wp\/v2\/posts\/170006\/revisions\/170007"}],"wp:featuredmedia":[{"embeddable":true,"href":"https:\/\/www.gaveanews.com\/index.php\/wp-json\/wp\/v2\/media\/161261"}],"wp:attachment":[{"href":"https:\/\/www.gaveanews.com\/index.php\/wp-json\/wp\/v2\/media?parent=170006"}],"wp:term":[{"taxonomy":"category","embeddable":true,"href":"https:\/\/www.gaveanews.com\/index.php\/wp-json\/wp\/v2\/categories?post=170006"},{"taxonomy":"post_tag","embeddable":true,"href":"https:\/\/www.gaveanews.com\/index.php\/wp-json\/wp\/v2\/tags?post=170006"}],"curies":[{"name":"wp","href":"https:\/\/api.w.org\/{rel}","templated":true}]}}