{"id":170193,"date":"2024-09-30T19:45:00","date_gmt":"2024-09-30T22:45:00","guid":{"rendered":"https:\/\/www.gaveanews.com\/?p=170193"},"modified":"2024-09-30T15:55:16","modified_gmt":"2024-09-30T18:55:16","slug":"isso-foi-o-que-disse-roger-machado-apos-vitoria-do-internacional-2","status":"publish","type":"post","link":"https:\/\/www.gaveanews.com\/index.php\/2024\/09\/30\/isso-foi-o-que-disse-roger-machado-apos-vitoria-do-internacional-2\/","title":{"rendered":"Isso foi o que disse Roger Machado ap\u00f3s vit\u00f3ria do Internacional"},"content":{"rendered":"\n<p>O Internacional parece estar vivendo a melhor fase no Campeonato Brasileiro. S\u00e3o 4 vit\u00f3rias e 1 empate nos \u00faltimos 5 jogos, muitos pontos conquistados, o adeus oficial da briga contra o rebaixamento e o &#8216;oi&#8217; ao G6.<\/p>\n\n\n\n<p>Roger Machado foi um dos maiores respons\u00e1veis por isso, e agora, ele comentou sobre a importante vit\u00f3ria por 3 a 1 contra o Vit\u00f3ria.<\/p>\n\n\n\n<ul class=\"wp-block-list\">\n<li><a href=\"https:\/\/www.gaveanews.com\/index.php\/2024\/09\/28\/rafael-borre-wanderson-vitao-thiago-maia-wesley-alan-patrick-rochet-e-gabriel-carvalho-os-jogadores-mais-valiosos-do-internacional\/\">Rafael Borr\u00e9, Wanderson, Vit\u00e3o, Thiago Maia, Wesley, Alan Patrick, Rochet e Gabriel Carvalho: os jogadores mais valiosos do Internacional<\/a><\/li>\n\n\n\n<li><a href=\"https:\/\/www.gaveanews.com\/index.php\/2024\/09\/27\/internacional-x-vitoria-vidente-crava-vencedor-do-jogo\/\">Internacional x Vit\u00f3ria: vidente crava vencedor do jogo<\/a><\/li>\n<\/ul>\n\n\n\n<p>&#8220;Seria um jogo de muita paci\u00eancia e estrat\u00e9gia. Foi desta forma o primeiro tempo. Abrimos o segundo com um gol, antes de o advers\u00e1rio mostrar sua cara. Eles come\u00e7aram a fazer uma sa\u00edda de tr\u00eas (jogadores). Nos gerou mais dificuldades, mas n\u00e3o foi nas virtudes que conseguiu o desconto, mas na bola parada&#8221;.<\/p>\n\n\n\n<p>O Internacional est\u00e1 se preparando para um Gre-Nal, cl\u00e1ssico que divide os objetivos dos clubes nas competi\u00e7\u00f5es e Roger comentou sobre isso.<\/p>\n\n\n\n<p>&#8220;N\u00e3o tem como pensar. O m\u00eas do treinador tem tr\u00eas dias, o semestre sete e o ano 30. Nem alcan\u00e7a l\u00e1. Quando planejo a semana, na pr\u00f3xima, quando chegam Paulo (Paix\u00e3o, preparador f\u00edsico) e Adriano (Loss, supervisor de log\u00edstica), pergunto o s\u00e9culo que querem falar \u00e9 qual? N\u00e3o alcan\u00e7o. Penso agora no pr\u00f3ximo jogo, o Corinthians. Depois me dedicarei ao cl\u00e1ssico, que ser\u00e1 algo singular na minha trajet\u00f3ria&#8221;<\/p>\n\n\n\n<h2 class=\"wp-block-heading\" id=\"h-qual-a-proxima-partida-do-internacional\">Qual a pr\u00f3xima partida do Internacional?<\/h2>\n\n\n\n<p>O Internacional enfrenta a equipe do Corinthians no pr\u00f3ximo dia 5 de outubro \u00e0s 19 horas pelo Campeonato Brasileiro.<\/p>\n","protected":false},"excerpt":{"rendered":"<p>O Internacional parece estar vivendo a melhor fase no Campeonato Brasileiro. S\u00e3o 4 vit\u00f3rias e 1 empate nos \u00faltimos 5 jogos, muitos pontos conquistados, o adeus oficial da briga contra o rebaixamento e o &#8216;oi&#8217; ao G6. Roger Machado foi um dos maiores respons\u00e1veis por isso, e agora, ele comentou sobre a importante vit\u00f3ria por [&hellip;]<\/p>\n","protected":false},"author":19,"featured_media":154272,"comment_status":"open","ping_status":"closed","sticky":false,"template":"","format":"standard","meta":{"footnotes":""},"categories":[148],"tags":[],"class_list":["post-170193","post","type-post","status-publish","format-standard","has-post-thumbnail","hentry","category-internacional"],"yoast_head":"<!-- This site is optimized with the Yoast SEO Premium plugin v24.2 (Yoast SEO v26.9) - https:\/\/yoast.com\/product\/yoast-seo-premium-wordpress\/ -->\n<title>Isso foi o que disse Roger Machado ap\u00f3s vit\u00f3ria do Internacional<\/title>\n<meta name=\"robots\" content=\"index, follow, max-snippet:-1, max-image-preview:large, max-video-preview:-1\" \/>\n<link rel=\"canonical\" href=\"https:\/\/www.gaveanews.com\/index.php\/2024\/09\/30\/isso-foi-o-que-disse-roger-machado-apos-vitoria-do-internacional-2\/\" \/>\n<meta property=\"og:locale\" content=\"pt_BR\" \/>\n<meta property=\"og:type\" content=\"article\" \/>\n<meta property=\"og:title\" content=\"Isso foi o que disse Roger Machado ap\u00f3s vit\u00f3ria do Internacional\" \/>\n<meta property=\"og:description\" content=\"O Internacional parece estar vivendo a melhor fase no Campeonato Brasileiro. S\u00e3o 4 vit\u00f3rias e 1 empate nos \u00faltimos 5 jogos, muitos pontos conquistados, o adeus oficial da briga contra o rebaixamento e o &#8216;oi&#8217; ao G6. Roger Machado foi um dos maiores respons\u00e1veis por isso, e agora, ele comentou sobre a importante vit\u00f3ria por [&hellip;]\" \/>\n<meta property=\"og:url\" content=\"https:\/\/www.gaveanews.com\/index.php\/2024\/09\/30\/isso-foi-o-que-disse-roger-machado-apos-vitoria-do-internacional-2\/\" \/>\n<meta property=\"og:site_name\" content=\"G\u00e1vea News\" \/>\n<meta property=\"article:publisher\" content=\"https:\/\/facebook.com\/gaveaNews\/\" \/>\n<meta property=\"article:published_time\" content=\"2024-09-30T22:45:00+00:00\" \/>\n<meta property=\"og:image\" content=\"https:\/\/www.gaveanews.com\/wp-content\/uploads\/Roger-Machado-durante-coletiva-pelo-Internacional-em-2024.webp\" \/>\n\t<meta property=\"og:image:width\" content=\"1419\" \/>\n\t<meta property=\"og:image:height\" content=\"1065\" \/>\n\t<meta property=\"og:image:type\" content=\"image\/webp\" \/>\n<meta name=\"author\" content=\"Bruno Zanchetta\" \/>\n<meta name=\"twitter:card\" content=\"summary_large_image\" \/>\n<meta name=\"twitter:label1\" content=\"Escrito por\" \/>\n\t<meta name=\"twitter:data1\" content=\"Bruno Zanchetta\" \/>\n\t<meta name=\"twitter:label2\" content=\"Est. tempo de leitura\" \/>\n\t<meta name=\"twitter:data2\" content=\"2 minutos\" \/>\n<script type=\"application\/ld+json\" class=\"yoast-schema-graph\">{\"@context\":\"https:\/\/schema.org\",\"@graph\":[{\"@type\":\"NewsArticle\",\"@id\":\"https:\/\/www.gaveanews.com\/index.php\/2024\/09\/30\/isso-foi-o-que-disse-roger-machado-apos-vitoria-do-internacional-2\/#article\",\"isPartOf\":{\"@id\":\"https:\/\/www.gaveanews.com\/index.php\/2024\/09\/30\/isso-foi-o-que-disse-roger-machado-apos-vitoria-do-internacional-2\/\"},\"author\":{\"name\":\"Bruno Zanchetta\",\"@id\":\"https:\/\/www.gaveanews.com\/#\/schema\/person\/32fddefab25b466689f181be346cd98c\"},\"headline\":\"Isso foi o que disse Roger Machado ap\u00f3s vit\u00f3ria do Internacional\",\"datePublished\":\"2024-09-30T22:45:00+00:00\",\"mainEntityOfPage\":{\"@id\":\"https:\/\/www.gaveanews.com\/index.php\/2024\/09\/30\/isso-foi-o-que-disse-roger-machado-apos-vitoria-do-internacional-2\/\"},\"wordCount\":292,\"commentCount\":0,\"image\":{\"@id\":\"https:\/\/www.gaveanews.com\/index.php\/2024\/09\/30\/isso-foi-o-que-disse-roger-machado-apos-vitoria-do-internacional-2\/#primaryimage\"},\"thumbnailUrl\":\"https:\/\/www.gaveanews.com\/wp-content\/uploads\/Roger-Machado-durante-coletiva-pelo-Internacional-em-2024.webp\",\"articleSection\":[\"Internacional\"],\"inLanguage\":\"pt-BR\",\"potentialAction\":[{\"@type\":\"CommentAction\",\"name\":\"Comment\",\"target\":[\"https:\/\/www.gaveanews.com\/index.php\/2024\/09\/30\/isso-foi-o-que-disse-roger-machado-apos-vitoria-do-internacional-2\/#respond\"]}],\"copyrightYear\":\"2024\",\"copyrightHolder\":{\"@id\":\"https:\/\/www.gaveanews.com\/#organization\"}},{\"@type\":\"WebPage\",\"@id\":\"https:\/\/www.gaveanews.com\/index.php\/2024\/09\/30\/isso-foi-o-que-disse-roger-machado-apos-vitoria-do-internacional-2\/\",\"url\":\"https:\/\/www.gaveanews.com\/index.php\/2024\/09\/30\/isso-foi-o-que-disse-roger-machado-apos-vitoria-do-internacional-2\/\",\"name\":\"Isso foi o que disse Roger Machado ap\u00f3s vit\u00f3ria do Internacional\",\"isPartOf\":{\"@id\":\"https:\/\/www.gaveanews.com\/#website\"},\"primaryImageOfPage\":{\"@id\":\"https:\/\/www.gaveanews.com\/index.php\/2024\/09\/30\/isso-foi-o-que-disse-roger-machado-apos-vitoria-do-internacional-2\/#primaryimage\"},\"image\":{\"@id\":\"https:\/\/www.gaveanews.com\/index.php\/2024\/09\/30\/isso-foi-o-que-disse-roger-machado-apos-vitoria-do-internacional-2\/#primaryimage\"},\"thumbnailUrl\":\"https:\/\/www.gaveanews.com\/wp-content\/uploads\/Roger-Machado-durante-coletiva-pelo-Internacional-em-2024.webp\",\"datePublished\":\"2024-09-30T22:45:00+00:00\",\"author\":{\"@id\":\"https:\/\/www.gaveanews.com\/#\/schema\/person\/32fddefab25b466689f181be346cd98c\"},\"breadcrumb\":{\"@id\":\"https:\/\/www.gaveanews.com\/index.php\/2024\/09\/30\/isso-foi-o-que-disse-roger-machado-apos-vitoria-do-internacional-2\/#breadcrumb\"},\"inLanguage\":\"pt-BR\",\"potentialAction\":[{\"@type\":\"ReadAction\",\"target\":[\"https:\/\/www.gaveanews.com\/index.php\/2024\/09\/30\/isso-foi-o-que-disse-roger-machado-apos-vitoria-do-internacional-2\/\"]}]},{\"@type\":\"ImageObject\",\"inLanguage\":\"pt-BR\",\"@id\":\"https:\/\/www.gaveanews.com\/index.php\/2024\/09\/30\/isso-foi-o-que-disse-roger-machado-apos-vitoria-do-internacional-2\/#primaryimage\",\"url\":\"https:\/\/www.gaveanews.com\/wp-content\/uploads\/Roger-Machado-durante-coletiva-pelo-Internacional-em-2024.webp\",\"contentUrl\":\"https:\/\/www.gaveanews.com\/wp-content\/uploads\/Roger-Machado-durante-coletiva-pelo-Internacional-em-2024.webp\",\"width\":1419,\"height\":1065,\"caption\":\"Roger Machado durante coletiva pelo Internacional em 2024 (Foto: Reprodu\u00e7\u00e3o\/Internacional)\"},{\"@type\":\"BreadcrumbList\",\"@id\":\"https:\/\/www.gaveanews.com\/index.php\/2024\/09\/30\/isso-foi-o-que-disse-roger-machado-apos-vitoria-do-internacional-2\/#breadcrumb\",\"itemListElement\":[{\"@type\":\"ListItem\",\"position\":1,\"name\":\"Home\",\"item\":\"https:\/\/www.gaveanews.com\/\"},{\"@type\":\"ListItem\",\"position\":2,\"name\":\"Isso foi o que disse Roger Machado ap\u00f3s vit\u00f3ria do Internacional\"}]},{\"@type\":\"WebSite\",\"@id\":\"https:\/\/www.gaveanews.com\/#website\",\"url\":\"https:\/\/www.gaveanews.com\/\",\"name\":\"G\u00e1vea News\",\"description\":\"Veja todas as not\u00edcias sobre o Flamengo: Contrata\u00e7\u00f5es, categorias de base, resultados das partidas, tabela de classifica\u00e7\u00e3o, pr\u00f3ximos jogos!\",\"potentialAction\":[{\"@type\":\"SearchAction\",\"target\":{\"@type\":\"EntryPoint\",\"urlTemplate\":\"https:\/\/www.gaveanews.com\/?s={search_term_string}\"},\"query-input\":{\"@type\":\"PropertyValueSpecification\",\"valueRequired\":true,\"valueName\":\"search_term_string\"}}],\"inLanguage\":\"pt-BR\"},{\"@type\":\"Person\",\"@id\":\"https:\/\/www.gaveanews.com\/#\/schema\/person\/32fddefab25b466689f181be346cd98c\",\"name\":\"Bruno Zanchetta\",\"image\":{\"@type\":\"ImageObject\",\"inLanguage\":\"pt-BR\",\"@id\":\"https:\/\/www.gaveanews.com\/#\/schema\/person\/image\/\",\"url\":\"https:\/\/secure.gravatar.com\/avatar\/3ba2d39f8a912ad65276975a996d6ad8d9e3dd13448684be8dc4d7c17099d2ee?s=96&d=mm&r=g\",\"contentUrl\":\"https:\/\/secure.gravatar.com\/avatar\/3ba2d39f8a912ad65276975a996d6ad8d9e3dd13448684be8dc4d7c17099d2ee?s=96&d=mm&r=g\",\"caption\":\"Bruno Zanchetta\"}}]}<\/script>\n<!-- \/ Yoast SEO Premium plugin. -->","yoast_head_json":{"title":"Isso foi o que disse Roger Machado ap\u00f3s vit\u00f3ria do Internacional","robots":{"index":"index","follow":"follow","max-snippet":"max-snippet:-1","max-image-preview":"max-image-preview:large","max-video-preview":"max-video-preview:-1"},"canonical":"https:\/\/www.gaveanews.com\/index.php\/2024\/09\/30\/isso-foi-o-que-disse-roger-machado-apos-vitoria-do-internacional-2\/","og_locale":"pt_BR","og_type":"article","og_title":"Isso foi o que disse Roger Machado ap\u00f3s vit\u00f3ria do Internacional","og_description":"O Internacional parece estar vivendo a melhor fase no Campeonato Brasileiro. S\u00e3o 4 vit\u00f3rias e 1 empate nos \u00faltimos 5 jogos, muitos pontos conquistados, o adeus oficial da briga contra o rebaixamento e o &#8216;oi&#8217; ao G6. Roger Machado foi um dos maiores respons\u00e1veis por isso, e agora, ele comentou sobre a importante vit\u00f3ria por [&hellip;]","og_url":"https:\/\/www.gaveanews.com\/index.php\/2024\/09\/30\/isso-foi-o-que-disse-roger-machado-apos-vitoria-do-internacional-2\/","og_site_name":"G\u00e1vea News","article_publisher":"https:\/\/facebook.com\/gaveaNews\/","article_published_time":"2024-09-30T22:45:00+00:00","og_image":[{"width":1419,"height":1065,"url":"https:\/\/www.gaveanews.com\/wp-content\/uploads\/Roger-Machado-durante-coletiva-pelo-Internacional-em-2024.webp","type":"image\/webp"}],"author":"Bruno Zanchetta","twitter_card":"summary_large_image","twitter_misc":{"Escrito por":"Bruno Zanchetta","Est. tempo de leitura":"2 minutos"},"schema":{"@context":"https:\/\/schema.org","@graph":[{"@type":"NewsArticle","@id":"https:\/\/www.gaveanews.com\/index.php\/2024\/09\/30\/isso-foi-o-que-disse-roger-machado-apos-vitoria-do-internacional-2\/#article","isPartOf":{"@id":"https:\/\/www.gaveanews.com\/index.php\/2024\/09\/30\/isso-foi-o-que-disse-roger-machado-apos-vitoria-do-internacional-2\/"},"author":{"name":"Bruno Zanchetta","@id":"https:\/\/www.gaveanews.com\/#\/schema\/person\/32fddefab25b466689f181be346cd98c"},"headline":"Isso foi o que disse Roger Machado ap\u00f3s vit\u00f3ria do Internacional","datePublished":"2024-09-30T22:45:00+00:00","mainEntityOfPage":{"@id":"https:\/\/www.gaveanews.com\/index.php\/2024\/09\/30\/isso-foi-o-que-disse-roger-machado-apos-vitoria-do-internacional-2\/"},"wordCount":292,"commentCount":0,"image":{"@id":"https:\/\/www.gaveanews.com\/index.php\/2024\/09\/30\/isso-foi-o-que-disse-roger-machado-apos-vitoria-do-internacional-2\/#primaryimage"},"thumbnailUrl":"https:\/\/www.gaveanews.com\/wp-content\/uploads\/Roger-Machado-durante-coletiva-pelo-Internacional-em-2024.webp","articleSection":["Internacional"],"inLanguage":"pt-BR","potentialAction":[{"@type":"CommentAction","name":"Comment","target":["https:\/\/www.gaveanews.com\/index.php\/2024\/09\/30\/isso-foi-o-que-disse-roger-machado-apos-vitoria-do-internacional-2\/#respond"]}],"copyrightYear":"2024","copyrightHolder":{"@id":"https:\/\/www.gaveanews.com\/#organization"}},{"@type":"WebPage","@id":"https:\/\/www.gaveanews.com\/index.php\/2024\/09\/30\/isso-foi-o-que-disse-roger-machado-apos-vitoria-do-internacional-2\/","url":"https:\/\/www.gaveanews.com\/index.php\/2024\/09\/30\/isso-foi-o-que-disse-roger-machado-apos-vitoria-do-internacional-2\/","name":"Isso foi o que disse Roger Machado ap\u00f3s vit\u00f3ria do Internacional","isPartOf":{"@id":"https:\/\/www.gaveanews.com\/#website"},"primaryImageOfPage":{"@id":"https:\/\/www.gaveanews.com\/index.php\/2024\/09\/30\/isso-foi-o-que-disse-roger-machado-apos-vitoria-do-internacional-2\/#primaryimage"},"image":{"@id":"https:\/\/www.gaveanews.com\/index.php\/2024\/09\/30\/isso-foi-o-que-disse-roger-machado-apos-vitoria-do-internacional-2\/#primaryimage"},"thumbnailUrl":"https:\/\/www.gaveanews.com\/wp-content\/uploads\/Roger-Machado-durante-coletiva-pelo-Internacional-em-2024.webp","datePublished":"2024-09-30T22:45:00+00:00","author":{"@id":"https:\/\/www.gaveanews.com\/#\/schema\/person\/32fddefab25b466689f181be346cd98c"},"breadcrumb":{"@id":"https:\/\/www.gaveanews.com\/index.php\/2024\/09\/30\/isso-foi-o-que-disse-roger-machado-apos-vitoria-do-internacional-2\/#breadcrumb"},"inLanguage":"pt-BR","potentialAction":[{"@type":"ReadAction","target":["https:\/\/www.gaveanews.com\/index.php\/2024\/09\/30\/isso-foi-o-que-disse-roger-machado-apos-vitoria-do-internacional-2\/"]}]},{"@type":"ImageObject","inLanguage":"pt-BR","@id":"https:\/\/www.gaveanews.com\/index.php\/2024\/09\/30\/isso-foi-o-que-disse-roger-machado-apos-vitoria-do-internacional-2\/#primaryimage","url":"https:\/\/www.gaveanews.com\/wp-content\/uploads\/Roger-Machado-durante-coletiva-pelo-Internacional-em-2024.webp","contentUrl":"https:\/\/www.gaveanews.com\/wp-content\/uploads\/Roger-Machado-durante-coletiva-pelo-Internacional-em-2024.webp","width":1419,"height":1065,"caption":"Roger Machado durante coletiva pelo Internacional em 2024 (Foto: Reprodu\u00e7\u00e3o\/Internacional)"},{"@type":"BreadcrumbList","@id":"https:\/\/www.gaveanews.com\/index.php\/2024\/09\/30\/isso-foi-o-que-disse-roger-machado-apos-vitoria-do-internacional-2\/#breadcrumb","itemListElement":[{"@type":"ListItem","position":1,"name":"Home","item":"https:\/\/www.gaveanews.com\/"},{"@type":"ListItem","position":2,"name":"Isso foi o que disse Roger Machado ap\u00f3s vit\u00f3ria do Internacional"}]},{"@type":"WebSite","@id":"https:\/\/www.gaveanews.com\/#website","url":"https:\/\/www.gaveanews.com\/","name":"G\u00e1vea News","description":"Veja todas as not\u00edcias sobre o Flamengo: Contrata\u00e7\u00f5es, categorias de base, resultados das partidas, tabela de classifica\u00e7\u00e3o, pr\u00f3ximos jogos!","potentialAction":[{"@type":"SearchAction","target":{"@type":"EntryPoint","urlTemplate":"https:\/\/www.gaveanews.com\/?s={search_term_string}"},"query-input":{"@type":"PropertyValueSpecification","valueRequired":true,"valueName":"search_term_string"}}],"inLanguage":"pt-BR"},{"@type":"Person","@id":"https:\/\/www.gaveanews.com\/#\/schema\/person\/32fddefab25b466689f181be346cd98c","name":"Bruno Zanchetta","image":{"@type":"ImageObject","inLanguage":"pt-BR","@id":"https:\/\/www.gaveanews.com\/#\/schema\/person\/image\/","url":"https:\/\/secure.gravatar.com\/avatar\/3ba2d39f8a912ad65276975a996d6ad8d9e3dd13448684be8dc4d7c17099d2ee?s=96&d=mm&r=g","contentUrl":"https:\/\/secure.gravatar.com\/avatar\/3ba2d39f8a912ad65276975a996d6ad8d9e3dd13448684be8dc4d7c17099d2ee?s=96&d=mm&r=g","caption":"Bruno Zanchetta"}}]}},"_links":{"self":[{"href":"https:\/\/www.gaveanews.com\/index.php\/wp-json\/wp\/v2\/posts\/170193","targetHints":{"allow":["GET"]}}],"collection":[{"href":"https:\/\/www.gaveanews.com\/index.php\/wp-json\/wp\/v2\/posts"}],"about":[{"href":"https:\/\/www.gaveanews.com\/index.php\/wp-json\/wp\/v2\/types\/post"}],"author":[{"embeddable":true,"href":"https:\/\/www.gaveanews.com\/index.php\/wp-json\/wp\/v2\/users\/19"}],"replies":[{"embeddable":true,"href":"https:\/\/www.gaveanews.com\/index.php\/wp-json\/wp\/v2\/comments?post=170193"}],"version-history":[{"count":2,"href":"https:\/\/www.gaveanews.com\/index.php\/wp-json\/wp\/v2\/posts\/170193\/revisions"}],"predecessor-version":[{"id":170247,"href":"https:\/\/www.gaveanews.com\/index.php\/wp-json\/wp\/v2\/posts\/170193\/revisions\/170247"}],"wp:featuredmedia":[{"embeddable":true,"href":"https:\/\/www.gaveanews.com\/index.php\/wp-json\/wp\/v2\/media\/154272"}],"wp:attachment":[{"href":"https:\/\/www.gaveanews.com\/index.php\/wp-json\/wp\/v2\/media?parent=170193"}],"wp:term":[{"taxonomy":"category","embeddable":true,"href":"https:\/\/www.gaveanews.com\/index.php\/wp-json\/wp\/v2\/categories?post=170193"},{"taxonomy":"post_tag","embeddable":true,"href":"https:\/\/www.gaveanews.com\/index.php\/wp-json\/wp\/v2\/tags?post=170193"}],"curies":[{"name":"wp","href":"https:\/\/api.w.org\/{rel}","templated":true}]}}