{"id":170278,"date":"2024-10-01T09:45:00","date_gmt":"2024-10-01T12:45:00","guid":{"rendered":"https:\/\/www.gaveanews.com\/?p=170278"},"modified":"2024-10-01T00:25:44","modified_gmt":"2024-10-01T03:25:44","slug":"atletico-mg-vai-em-busca-de-um-feito-raro-no-futebol-brasileiro","status":"publish","type":"post","link":"https:\/\/www.gaveanews.com\/index.php\/2024\/10\/01\/atletico-mg-vai-em-busca-de-um-feito-raro-no-futebol-brasileiro\/","title":{"rendered":"Atl\u00e9tico-MG vai em busca de um feito raro no futebol brasileiro"},"content":{"rendered":"\n<p>Nesta segunda-feira (30), o Atl\u00e9tico-MG iniciou sua prepara\u00e7\u00e3o para a semifinal da Copa do Brasil. O Galo enfrenta o Vasco na quarta-feira (2), \u00e0s 19h15, na Arena MRV, em Belo Horizonte, pelo jogo de ida da competi\u00e7\u00e3o. A equipe comandada por Felip\u00e3o busca repetir um feito raro no futebol brasileiro: disputar as finais da Copa do Brasil e da Libertadores na mesma temporada.<\/p>\n\n\n\n<ul class=\"wp-block-list\">\n<li><strong><a href=\"https:\/\/www.gaveanews.com\/index.php\/2024\/09\/30\/jogador-do-atletico-mg-pede-desculpa-a-torcida-apos-derrota-para-o-palmeiras\/?utm_source=terra_capa_parceiros&amp;utm_medium=referral\">Jogador do Atl\u00e9tico-MG pede desculpa a torcida ap\u00f3s derrota para o Palmeiras<\/a><\/strong><\/li>\n\n\n\n<li><strong><a href=\"https:\/\/www.gaveanews.com\/index.php\/2024\/09\/30\/atletico-mg-faz-pedido-especial-a-cbf\/?utm_source=terra_capa_parceiros&amp;utm_medium=referral\">Atl\u00e9tico-MG faz pedido especial a CBF<\/a><\/strong><\/li>\n<\/ul>\n\n\n\n<p>At\u00e9 o momento, apenas tr\u00eas clubes conseguiram alcan\u00e7ar as decis\u00f5es das duas competi\u00e7\u00f5es em um mesmo ano: Gr\u00eamio, Palmeiras e Flamengo. O Atl\u00e9tico sonha em se juntar a esse seleto grupo e, para isso, precisa superar os desafios tanto no torneio nacional quanto na Libertadores, onde j\u00e1 est\u00e1 na semifinal contra o Internacional.<\/p>\n\n\n\n<p>O Gr\u00eamio foi o primeiro a realizar esse feito em 1995. Naquela temporada, o time ga\u00facho chegou \u00e0 final da Copa do Brasil, mas acabou derrotado pelo Corinthians. Contudo, se redimiu ao conquistar a Libertadores, vencendo o Atl\u00e9tico Nacional, da Col\u00f4mbia, na grande decis\u00e3o.<\/p>\n\n\n\n<p>Em 2020, o Palmeiras conseguiu um feito hist\u00f3rico, conquistando os dois t\u00edtulos. Devido \u00e0 pandemia de Covid-19, a temporada s\u00f3 foi conclu\u00edda em 2021. Em janeiro, o Verd\u00e3o venceu o Santos na final da Libertadores, e, em mar\u00e7o, derrotou o Gr\u00eamio para levantar a ta\u00e7a da Copa do Brasil.<\/p>\n\n\n\n<p>J\u00e1 em 2022, o Flamengo foi finalista e vencedor das duas competi\u00e7\u00f5es. Em outubro, o Rubro-Negro superou o Corinthians na final da Copa do Brasil, e, dias depois, derrotou o Athletico-PR para conquistar a Libertadores, consolidando-se como uma das grandes for\u00e7as do futebol brasileiro.<\/p>\n\n\n\n<p>Entre 2001 e 2012, um fator complicava ainda mais essa conquista. Durante esse per\u00edodo, os times que disputavam a Libertadores n\u00e3o participavam da Copa do Brasil, por quest\u00f5es de calend\u00e1rio. Com a mudan\u00e7a nas regras, a possibilidade de disputar as duas competi\u00e7\u00f5es aumentou, mas o feito segue sendo raro.<\/p>\n\n\n\n<p>Agora, o Atl\u00e9tico-MG busca escrever seu nome na hist\u00f3ria e chegar \u00e0s duas finais. O primeiro desafio \u00e9 o Vasco, pela Copa do Brasil, onde o Galo espera abrir vantagem em casa rumo \u00e0 decis\u00e3o do torneio.<\/p>\n","protected":false},"excerpt":{"rendered":"<p>Nesta segunda-feira (30), o Atl\u00e9tico-MG iniciou sua prepara\u00e7\u00e3o para a semifinal da Copa do Brasil. O Galo enfrenta o Vasco na quarta-feira (2), \u00e0s 19h15, na Arena MRV, em Belo Horizonte, pelo jogo de ida da competi\u00e7\u00e3o. A equipe comandada por Felip\u00e3o busca repetir um feito raro no futebol brasileiro: disputar as finais da Copa [&hellip;]<\/p>\n","protected":false},"author":23,"featured_media":153999,"comment_status":"open","ping_status":"closed","sticky":false,"template":"","format":"standard","meta":{"footnotes":""},"categories":[136],"tags":[],"class_list":["post-170278","post","type-post","status-publish","format-standard","has-post-thumbnail","hentry","category-atletico-mg"],"yoast_head":"<!-- This site is optimized with the Yoast SEO Premium plugin v24.2 (Yoast SEO v26.9) - https:\/\/yoast.com\/product\/yoast-seo-premium-wordpress\/ -->\n<title>Atl\u00e9tico-MG vai em busca de um feito raro no futebol brasileiro<\/title>\n<meta name=\"robots\" content=\"index, follow, max-snippet:-1, max-image-preview:large, max-video-preview:-1\" \/>\n<link rel=\"canonical\" href=\"https:\/\/www.gaveanews.com\/index.php\/2024\/10\/01\/atletico-mg-vai-em-busca-de-um-feito-raro-no-futebol-brasileiro\/\" \/>\n<meta property=\"og:locale\" content=\"pt_BR\" \/>\n<meta property=\"og:type\" content=\"article\" \/>\n<meta property=\"og:title\" content=\"Atl\u00e9tico-MG vai em busca de um feito raro no futebol brasileiro\" \/>\n<meta property=\"og:description\" content=\"Nesta segunda-feira (30), o Atl\u00e9tico-MG iniciou sua prepara\u00e7\u00e3o para a semifinal da Copa do Brasil. O Galo enfrenta o Vasco na quarta-feira (2), \u00e0s 19h15, na Arena MRV, em Belo Horizonte, pelo jogo de ida da competi\u00e7\u00e3o. A equipe comandada por Felip\u00e3o busca repetir um feito raro no futebol brasileiro: disputar as finais da Copa [&hellip;]\" \/>\n<meta property=\"og:url\" content=\"https:\/\/www.gaveanews.com\/index.php\/2024\/10\/01\/atletico-mg-vai-em-busca-de-um-feito-raro-no-futebol-brasileiro\/\" \/>\n<meta property=\"og:site_name\" content=\"G\u00e1vea News\" \/>\n<meta property=\"article:publisher\" content=\"https:\/\/facebook.com\/gaveaNews\/\" \/>\n<meta property=\"article:published_time\" content=\"2024-10-01T12:45:00+00:00\" \/>\n<meta property=\"og:image\" content=\"https:\/\/www.gaveanews.com\/wp-content\/uploads\/Estadio-do-Atletico-MG.webp\" \/>\n\t<meta property=\"og:image:width\" content=\"900\" \/>\n\t<meta property=\"og:image:height\" content=\"600\" \/>\n\t<meta property=\"og:image:type\" content=\"image\/webp\" \/>\n<meta name=\"author\" content=\"Leandro Azevedo\" \/>\n<meta name=\"twitter:card\" content=\"summary_large_image\" \/>\n<meta name=\"twitter:label1\" content=\"Escrito por\" \/>\n\t<meta name=\"twitter:data1\" content=\"Leandro Azevedo\" \/>\n\t<meta name=\"twitter:label2\" content=\"Est. tempo de leitura\" \/>\n\t<meta name=\"twitter:data2\" content=\"3 minutos\" \/>\n<script type=\"application\/ld+json\" class=\"yoast-schema-graph\">{\"@context\":\"https:\/\/schema.org\",\"@graph\":[{\"@type\":\"NewsArticle\",\"@id\":\"https:\/\/www.gaveanews.com\/index.php\/2024\/10\/01\/atletico-mg-vai-em-busca-de-um-feito-raro-no-futebol-brasileiro\/#article\",\"isPartOf\":{\"@id\":\"https:\/\/www.gaveanews.com\/index.php\/2024\/10\/01\/atletico-mg-vai-em-busca-de-um-feito-raro-no-futebol-brasileiro\/\"},\"author\":{\"name\":\"Leandro Azevedo\",\"@id\":\"https:\/\/www.gaveanews.com\/#\/schema\/person\/2877169f354c4596cf5aab74ea7c56a8\"},\"headline\":\"Atl\u00e9tico-MG vai em busca de um feito raro no futebol brasileiro\",\"datePublished\":\"2024-10-01T12:45:00+00:00\",\"mainEntityOfPage\":{\"@id\":\"https:\/\/www.gaveanews.com\/index.php\/2024\/10\/01\/atletico-mg-vai-em-busca-de-um-feito-raro-no-futebol-brasileiro\/\"},\"wordCount\":393,\"commentCount\":0,\"image\":{\"@id\":\"https:\/\/www.gaveanews.com\/index.php\/2024\/10\/01\/atletico-mg-vai-em-busca-de-um-feito-raro-no-futebol-brasileiro\/#primaryimage\"},\"thumbnailUrl\":\"https:\/\/www.gaveanews.com\/wp-content\/uploads\/Estadio-do-Atletico-MG.webp\",\"articleSection\":[\"Atl\u00e9tico-MG\"],\"inLanguage\":\"pt-BR\",\"potentialAction\":[{\"@type\":\"CommentAction\",\"name\":\"Comment\",\"target\":[\"https:\/\/www.gaveanews.com\/index.php\/2024\/10\/01\/atletico-mg-vai-em-busca-de-um-feito-raro-no-futebol-brasileiro\/#respond\"]}],\"copyrightYear\":\"2024\",\"copyrightHolder\":{\"@id\":\"https:\/\/www.gaveanews.com\/#organization\"}},{\"@type\":\"WebPage\",\"@id\":\"https:\/\/www.gaveanews.com\/index.php\/2024\/10\/01\/atletico-mg-vai-em-busca-de-um-feito-raro-no-futebol-brasileiro\/\",\"url\":\"https:\/\/www.gaveanews.com\/index.php\/2024\/10\/01\/atletico-mg-vai-em-busca-de-um-feito-raro-no-futebol-brasileiro\/\",\"name\":\"Atl\u00e9tico-MG vai em busca de um feito raro no futebol brasileiro\",\"isPartOf\":{\"@id\":\"https:\/\/www.gaveanews.com\/#website\"},\"primaryImageOfPage\":{\"@id\":\"https:\/\/www.gaveanews.com\/index.php\/2024\/10\/01\/atletico-mg-vai-em-busca-de-um-feito-raro-no-futebol-brasileiro\/#primaryimage\"},\"image\":{\"@id\":\"https:\/\/www.gaveanews.com\/index.php\/2024\/10\/01\/atletico-mg-vai-em-busca-de-um-feito-raro-no-futebol-brasileiro\/#primaryimage\"},\"thumbnailUrl\":\"https:\/\/www.gaveanews.com\/wp-content\/uploads\/Estadio-do-Atletico-MG.webp\",\"datePublished\":\"2024-10-01T12:45:00+00:00\",\"author\":{\"@id\":\"https:\/\/www.gaveanews.com\/#\/schema\/person\/2877169f354c4596cf5aab74ea7c56a8\"},\"breadcrumb\":{\"@id\":\"https:\/\/www.gaveanews.com\/index.php\/2024\/10\/01\/atletico-mg-vai-em-busca-de-um-feito-raro-no-futebol-brasileiro\/#breadcrumb\"},\"inLanguage\":\"pt-BR\",\"potentialAction\":[{\"@type\":\"ReadAction\",\"target\":[\"https:\/\/www.gaveanews.com\/index.php\/2024\/10\/01\/atletico-mg-vai-em-busca-de-um-feito-raro-no-futebol-brasileiro\/\"]}]},{\"@type\":\"ImageObject\",\"inLanguage\":\"pt-BR\",\"@id\":\"https:\/\/www.gaveanews.com\/index.php\/2024\/10\/01\/atletico-mg-vai-em-busca-de-um-feito-raro-no-futebol-brasileiro\/#primaryimage\",\"url\":\"https:\/\/www.gaveanews.com\/wp-content\/uploads\/Estadio-do-Atletico-MG.webp\",\"contentUrl\":\"https:\/\/www.gaveanews.com\/wp-content\/uploads\/Estadio-do-Atletico-MG.webp\",\"width\":900,\"height\":600,\"caption\":\"Arena MRV, est\u00e1dio do Atl\u00e9tico-MG (Foto: Reprodu\u00e7\u00e3o\/Atl\u00e9tico)\"},{\"@type\":\"BreadcrumbList\",\"@id\":\"https:\/\/www.gaveanews.com\/index.php\/2024\/10\/01\/atletico-mg-vai-em-busca-de-um-feito-raro-no-futebol-brasileiro\/#breadcrumb\",\"itemListElement\":[{\"@type\":\"ListItem\",\"position\":1,\"name\":\"Home\",\"item\":\"https:\/\/www.gaveanews.com\/\"},{\"@type\":\"ListItem\",\"position\":2,\"name\":\"Atl\u00e9tico-MG vai em busca de um feito raro no futebol brasileiro\"}]},{\"@type\":\"WebSite\",\"@id\":\"https:\/\/www.gaveanews.com\/#website\",\"url\":\"https:\/\/www.gaveanews.com\/\",\"name\":\"G\u00e1vea News\",\"description\":\"Veja todas as not\u00edcias sobre o Flamengo: Contrata\u00e7\u00f5es, categorias de base, resultados das partidas, tabela de classifica\u00e7\u00e3o, pr\u00f3ximos jogos!\",\"potentialAction\":[{\"@type\":\"SearchAction\",\"target\":{\"@type\":\"EntryPoint\",\"urlTemplate\":\"https:\/\/www.gaveanews.com\/?s={search_term_string}\"},\"query-input\":{\"@type\":\"PropertyValueSpecification\",\"valueRequired\":true,\"valueName\":\"search_term_string\"}}],\"inLanguage\":\"pt-BR\"},{\"@type\":\"Person\",\"@id\":\"https:\/\/www.gaveanews.com\/#\/schema\/person\/2877169f354c4596cf5aab74ea7c56a8\",\"name\":\"Leandro Azevedo\",\"image\":{\"@type\":\"ImageObject\",\"inLanguage\":\"pt-BR\",\"@id\":\"https:\/\/www.gaveanews.com\/#\/schema\/person\/image\/\",\"url\":\"https:\/\/secure.gravatar.com\/avatar\/e2f72eb6d986a41d592a85e4e36a6c6170e9ea8a1f433dfc29d0011a8968f89c?s=96&d=mm&r=g\",\"contentUrl\":\"https:\/\/secure.gravatar.com\/avatar\/e2f72eb6d986a41d592a85e4e36a6c6170e9ea8a1f433dfc29d0011a8968f89c?s=96&d=mm&r=g\",\"caption\":\"Leandro Azevedo\"}}]}<\/script>\n<!-- \/ Yoast SEO Premium plugin. -->","yoast_head_json":{"title":"Atl\u00e9tico-MG vai em busca de um feito raro no futebol brasileiro","robots":{"index":"index","follow":"follow","max-snippet":"max-snippet:-1","max-image-preview":"max-image-preview:large","max-video-preview":"max-video-preview:-1"},"canonical":"https:\/\/www.gaveanews.com\/index.php\/2024\/10\/01\/atletico-mg-vai-em-busca-de-um-feito-raro-no-futebol-brasileiro\/","og_locale":"pt_BR","og_type":"article","og_title":"Atl\u00e9tico-MG vai em busca de um feito raro no futebol brasileiro","og_description":"Nesta segunda-feira (30), o Atl\u00e9tico-MG iniciou sua prepara\u00e7\u00e3o para a semifinal da Copa do Brasil. O Galo enfrenta o Vasco na quarta-feira (2), \u00e0s 19h15, na Arena MRV, em Belo Horizonte, pelo jogo de ida da competi\u00e7\u00e3o. A equipe comandada por Felip\u00e3o busca repetir um feito raro no futebol brasileiro: disputar as finais da Copa [&hellip;]","og_url":"https:\/\/www.gaveanews.com\/index.php\/2024\/10\/01\/atletico-mg-vai-em-busca-de-um-feito-raro-no-futebol-brasileiro\/","og_site_name":"G\u00e1vea News","article_publisher":"https:\/\/facebook.com\/gaveaNews\/","article_published_time":"2024-10-01T12:45:00+00:00","og_image":[{"width":900,"height":600,"url":"https:\/\/www.gaveanews.com\/wp-content\/uploads\/Estadio-do-Atletico-MG.webp","type":"image\/webp"}],"author":"Leandro Azevedo","twitter_card":"summary_large_image","twitter_misc":{"Escrito por":"Leandro Azevedo","Est. tempo de leitura":"3 minutos"},"schema":{"@context":"https:\/\/schema.org","@graph":[{"@type":"NewsArticle","@id":"https:\/\/www.gaveanews.com\/index.php\/2024\/10\/01\/atletico-mg-vai-em-busca-de-um-feito-raro-no-futebol-brasileiro\/#article","isPartOf":{"@id":"https:\/\/www.gaveanews.com\/index.php\/2024\/10\/01\/atletico-mg-vai-em-busca-de-um-feito-raro-no-futebol-brasileiro\/"},"author":{"name":"Leandro Azevedo","@id":"https:\/\/www.gaveanews.com\/#\/schema\/person\/2877169f354c4596cf5aab74ea7c56a8"},"headline":"Atl\u00e9tico-MG vai em busca de um feito raro no futebol brasileiro","datePublished":"2024-10-01T12:45:00+00:00","mainEntityOfPage":{"@id":"https:\/\/www.gaveanews.com\/index.php\/2024\/10\/01\/atletico-mg-vai-em-busca-de-um-feito-raro-no-futebol-brasileiro\/"},"wordCount":393,"commentCount":0,"image":{"@id":"https:\/\/www.gaveanews.com\/index.php\/2024\/10\/01\/atletico-mg-vai-em-busca-de-um-feito-raro-no-futebol-brasileiro\/#primaryimage"},"thumbnailUrl":"https:\/\/www.gaveanews.com\/wp-content\/uploads\/Estadio-do-Atletico-MG.webp","articleSection":["Atl\u00e9tico-MG"],"inLanguage":"pt-BR","potentialAction":[{"@type":"CommentAction","name":"Comment","target":["https:\/\/www.gaveanews.com\/index.php\/2024\/10\/01\/atletico-mg-vai-em-busca-de-um-feito-raro-no-futebol-brasileiro\/#respond"]}],"copyrightYear":"2024","copyrightHolder":{"@id":"https:\/\/www.gaveanews.com\/#organization"}},{"@type":"WebPage","@id":"https:\/\/www.gaveanews.com\/index.php\/2024\/10\/01\/atletico-mg-vai-em-busca-de-um-feito-raro-no-futebol-brasileiro\/","url":"https:\/\/www.gaveanews.com\/index.php\/2024\/10\/01\/atletico-mg-vai-em-busca-de-um-feito-raro-no-futebol-brasileiro\/","name":"Atl\u00e9tico-MG vai em busca de um feito raro no futebol brasileiro","isPartOf":{"@id":"https:\/\/www.gaveanews.com\/#website"},"primaryImageOfPage":{"@id":"https:\/\/www.gaveanews.com\/index.php\/2024\/10\/01\/atletico-mg-vai-em-busca-de-um-feito-raro-no-futebol-brasileiro\/#primaryimage"},"image":{"@id":"https:\/\/www.gaveanews.com\/index.php\/2024\/10\/01\/atletico-mg-vai-em-busca-de-um-feito-raro-no-futebol-brasileiro\/#primaryimage"},"thumbnailUrl":"https:\/\/www.gaveanews.com\/wp-content\/uploads\/Estadio-do-Atletico-MG.webp","datePublished":"2024-10-01T12:45:00+00:00","author":{"@id":"https:\/\/www.gaveanews.com\/#\/schema\/person\/2877169f354c4596cf5aab74ea7c56a8"},"breadcrumb":{"@id":"https:\/\/www.gaveanews.com\/index.php\/2024\/10\/01\/atletico-mg-vai-em-busca-de-um-feito-raro-no-futebol-brasileiro\/#breadcrumb"},"inLanguage":"pt-BR","potentialAction":[{"@type":"ReadAction","target":["https:\/\/www.gaveanews.com\/index.php\/2024\/10\/01\/atletico-mg-vai-em-busca-de-um-feito-raro-no-futebol-brasileiro\/"]}]},{"@type":"ImageObject","inLanguage":"pt-BR","@id":"https:\/\/www.gaveanews.com\/index.php\/2024\/10\/01\/atletico-mg-vai-em-busca-de-um-feito-raro-no-futebol-brasileiro\/#primaryimage","url":"https:\/\/www.gaveanews.com\/wp-content\/uploads\/Estadio-do-Atletico-MG.webp","contentUrl":"https:\/\/www.gaveanews.com\/wp-content\/uploads\/Estadio-do-Atletico-MG.webp","width":900,"height":600,"caption":"Arena MRV, est\u00e1dio do Atl\u00e9tico-MG (Foto: Reprodu\u00e7\u00e3o\/Atl\u00e9tico)"},{"@type":"BreadcrumbList","@id":"https:\/\/www.gaveanews.com\/index.php\/2024\/10\/01\/atletico-mg-vai-em-busca-de-um-feito-raro-no-futebol-brasileiro\/#breadcrumb","itemListElement":[{"@type":"ListItem","position":1,"name":"Home","item":"https:\/\/www.gaveanews.com\/"},{"@type":"ListItem","position":2,"name":"Atl\u00e9tico-MG vai em busca de um feito raro no futebol brasileiro"}]},{"@type":"WebSite","@id":"https:\/\/www.gaveanews.com\/#website","url":"https:\/\/www.gaveanews.com\/","name":"G\u00e1vea News","description":"Veja todas as not\u00edcias sobre o Flamengo: Contrata\u00e7\u00f5es, categorias de base, resultados das partidas, tabela de classifica\u00e7\u00e3o, pr\u00f3ximos jogos!","potentialAction":[{"@type":"SearchAction","target":{"@type":"EntryPoint","urlTemplate":"https:\/\/www.gaveanews.com\/?s={search_term_string}"},"query-input":{"@type":"PropertyValueSpecification","valueRequired":true,"valueName":"search_term_string"}}],"inLanguage":"pt-BR"},{"@type":"Person","@id":"https:\/\/www.gaveanews.com\/#\/schema\/person\/2877169f354c4596cf5aab74ea7c56a8","name":"Leandro Azevedo","image":{"@type":"ImageObject","inLanguage":"pt-BR","@id":"https:\/\/www.gaveanews.com\/#\/schema\/person\/image\/","url":"https:\/\/secure.gravatar.com\/avatar\/e2f72eb6d986a41d592a85e4e36a6c6170e9ea8a1f433dfc29d0011a8968f89c?s=96&d=mm&r=g","contentUrl":"https:\/\/secure.gravatar.com\/avatar\/e2f72eb6d986a41d592a85e4e36a6c6170e9ea8a1f433dfc29d0011a8968f89c?s=96&d=mm&r=g","caption":"Leandro Azevedo"}}]}},"_links":{"self":[{"href":"https:\/\/www.gaveanews.com\/index.php\/wp-json\/wp\/v2\/posts\/170278","targetHints":{"allow":["GET"]}}],"collection":[{"href":"https:\/\/www.gaveanews.com\/index.php\/wp-json\/wp\/v2\/posts"}],"about":[{"href":"https:\/\/www.gaveanews.com\/index.php\/wp-json\/wp\/v2\/types\/post"}],"author":[{"embeddable":true,"href":"https:\/\/www.gaveanews.com\/index.php\/wp-json\/wp\/v2\/users\/23"}],"replies":[{"embeddable":true,"href":"https:\/\/www.gaveanews.com\/index.php\/wp-json\/wp\/v2\/comments?post=170278"}],"version-history":[{"count":2,"href":"https:\/\/www.gaveanews.com\/index.php\/wp-json\/wp\/v2\/posts\/170278\/revisions"}],"predecessor-version":[{"id":170394,"href":"https:\/\/www.gaveanews.com\/index.php\/wp-json\/wp\/v2\/posts\/170278\/revisions\/170394"}],"wp:featuredmedia":[{"embeddable":true,"href":"https:\/\/www.gaveanews.com\/index.php\/wp-json\/wp\/v2\/media\/153999"}],"wp:attachment":[{"href":"https:\/\/www.gaveanews.com\/index.php\/wp-json\/wp\/v2\/media?parent=170278"}],"wp:term":[{"taxonomy":"category","embeddable":true,"href":"https:\/\/www.gaveanews.com\/index.php\/wp-json\/wp\/v2\/categories?post=170278"},{"taxonomy":"post_tag","embeddable":true,"href":"https:\/\/www.gaveanews.com\/index.php\/wp-json\/wp\/v2\/tags?post=170278"}],"curies":[{"name":"wp","href":"https:\/\/api.w.org\/{rel}","templated":true}]}}