{"id":17036,"date":"2019-04-03T10:55:43","date_gmt":"2019-04-03T13:55:43","guid":{"rendered":"https:\/\/www.gaveanews.com\/?p=17036"},"modified":"2019-04-03T10:55:44","modified_gmt":"2019-04-03T13:55:44","slug":"de-saida-agente-de-revelacao-do-flamengo-busca-propostas-na-europa","status":"publish","type":"post","link":"https:\/\/www.gaveanews.com\/index.php\/2019\/04\/03\/de-saida-agente-de-revelacao-do-flamengo-busca-propostas-na-europa\/","title":{"rendered":"De sa\u00edda? Agente de revela\u00e7\u00e3o do Flamengo busca propostas na Europa"},"content":{"rendered":"\n<p>Recuperado de les\u00e3o na coxa que o afastou dos gramados desde fevereiro, Lincoln foi reintegrado ao elenco e est\u00e1 pr\u00f3ximo de voltar a jogar. Nesta segunda, ele participou normalmente de coletivo comandado por Abel Braga. A r\u00e1pida recupera\u00e7\u00e3o surpreendeu, uma vez que a previs\u00e3o inicial era que o atacante ficasse mais de dois meses fora de combate. Ele sequer foi inscrito na primeira fase da Libertadores.<\/p>\n\n\n\n<p>Paralelamente, seu empres\u00e1rio Victory Remiro, da TFM, empresa respons\u00e1vel pela carreira do atacante, viaja pela Europa para encontros com dirigentes. No roteiro, pa\u00edses como It\u00e1lia, Espanha, Inglaterra e Portugal. Desde muito novo Lincoln \u00e9 observado por times europeus e, vez por outra, tem o nome ligado a clubes do continente pela imprensa local. O agente busca ofertas para apresentar ao Flamengo. O atacante completou 18 anos em dezembro.<\/p>\n\n\n\n<p>Lincoln tem contrato com o Rubro-Negro at\u00e9 2023. O nome do atacante geralmente vem \u00e0 tona em negocia\u00e7\u00f5es com clubes de fora. Foi assim, por exemplo, quando o Flamengo tentou a contrata\u00e7\u00e3o de Gerson, e a Roma tentou envolver o jovem na negocia\u00e7\u00e3o. O Rubro-Negro n\u00e3o topou. A Inter de Mil\u00e3o tamb\u00e9m consultou a situa\u00e7\u00e3o antes do empr\u00e9stimo de Gabigol. A multa rescis\u00f3ria beira os 50 milh\u00f5es de euros.<\/p>\n\n\n\n<p>Apesar da decepcionante campanha da sele\u00e7\u00e3o sub-20, que sequer conseguiu uma vaga no Mundial da categoria, Lincoln foi o artilheiro do Brasil na competi\u00e7\u00e3o, com tr\u00eas gols. Assim como todo o time, no entanto, n\u00e3o teve boas atua\u00e7\u00f5es.<\/p>\n\n\n\n<p>Lincoln ainda n\u00e3o jogou pelo Flamengo em 2019. Ap\u00f3s disputar o Sul-Americano sub-20 no Chile, ele se reapresentou em fevereiro ao clube com dores na coxa esquerda. Participou, inclusive, de alguns treinos, mas exames constataram grave les\u00e3o no m\u00fasculo posterior. O atacante ficou cerca de um m\u00eas e meio no departamento m\u00e9dico. No per\u00edodo, fez fisioterapia e treinos de for\u00e7a, geralmente em dois per\u00edodos di\u00e1rios no Ninho do Urubu.<\/p>\n\n\n\n\n\n<p>Retirado de: Globo Esporte<\/p>\n","protected":false},"excerpt":{"rendered":"<p>Recuperado de les\u00e3o na coxa que o afastou dos gramados desde fevereiro, Lincoln foi reintegrado ao elenco e est\u00e1 pr\u00f3ximo de voltar a jogar. Nesta segunda, ele participou normalmente de coletivo comandado por Abel Braga. A r\u00e1pida recupera\u00e7\u00e3o surpreendeu, uma vez que a previs\u00e3o inicial era que o atacante ficasse mais de dois meses fora [&hellip;]<\/p>\n","protected":false},"author":1,"featured_media":15154,"comment_status":"open","ping_status":"open","sticky":false,"template":"","format":"standard","meta":{"footnotes":""},"categories":[1],"tags":[],"class_list":["post-17036","post","type-post","status-publish","format-standard","has-post-thumbnail","hentry","category-flamengo"],"yoast_head":"<!-- This site is optimized with the Yoast SEO Premium plugin v24.2 (Yoast SEO v26.9) - https:\/\/yoast.com\/product\/yoast-seo-premium-wordpress\/ -->\n<title>De sa\u00edda? Agente de revela\u00e7\u00e3o do Flamengo busca propostas na Europa<\/title>\n<meta name=\"robots\" content=\"index, follow, max-snippet:-1, max-image-preview:large, max-video-preview:-1\" \/>\n<link rel=\"canonical\" href=\"https:\/\/www.gaveanews.com\/index.php\/2019\/04\/03\/de-saida-agente-de-revelacao-do-flamengo-busca-propostas-na-europa\/\" \/>\n<meta property=\"og:locale\" content=\"pt_BR\" \/>\n<meta property=\"og:type\" content=\"article\" \/>\n<meta property=\"og:title\" content=\"De sa\u00edda? Agente de revela\u00e7\u00e3o do Flamengo busca propostas na Europa\" \/>\n<meta property=\"og:description\" content=\"Recuperado de les\u00e3o na coxa que o afastou dos gramados desde fevereiro, Lincoln foi reintegrado ao elenco e est\u00e1 pr\u00f3ximo de voltar a jogar. Nesta segunda, ele participou normalmente de coletivo comandado por Abel Braga. A r\u00e1pida recupera\u00e7\u00e3o surpreendeu, uma vez que a previs\u00e3o inicial era que o atacante ficasse mais de dois meses fora [&hellip;]\" \/>\n<meta property=\"og:url\" content=\"https:\/\/www.gaveanews.com\/index.php\/2019\/04\/03\/de-saida-agente-de-revelacao-do-flamengo-busca-propostas-na-europa\/\" \/>\n<meta property=\"og:site_name\" content=\"G\u00e1vea News\" \/>\n<meta property=\"article:publisher\" content=\"https:\/\/facebook.com\/gaveaNews\/\" \/>\n<meta property=\"article:published_time\" content=\"2019-04-03T13:55:43+00:00\" \/>\n<meta property=\"article:modified_time\" content=\"2019-04-03T13:55:44+00:00\" \/>\n<meta property=\"og:image\" content=\"https:\/\/www.gaveanews.com\/wp-content\/uploads\/2019\/03\/Lincoln-durante-treinamento-no-Ninho-do-Urubu.webp\" \/>\n\t<meta property=\"og:image:width\" content=\"880\" \/>\n\t<meta property=\"og:image:height\" content=\"586\" \/>\n\t<meta property=\"og:image:type\" content=\"image\/jpeg\" \/>\n<meta name=\"author\" content=\"Equipe G\u00e1vea News\" \/>\n<meta name=\"twitter:card\" content=\"summary_large_image\" \/>\n<meta name=\"twitter:label1\" content=\"Escrito por\" \/>\n\t<meta name=\"twitter:data1\" content=\"Equipe G\u00e1vea News\" \/>\n\t<meta name=\"twitter:label2\" content=\"Est. tempo de leitura\" \/>\n\t<meta name=\"twitter:data2\" content=\"2 minutos\" \/>\n<script type=\"application\/ld+json\" class=\"yoast-schema-graph\">{\"@context\":\"https:\/\/schema.org\",\"@graph\":[{\"@type\":\"NewsArticle\",\"@id\":\"https:\/\/www.gaveanews.com\/index.php\/2019\/04\/03\/de-saida-agente-de-revelacao-do-flamengo-busca-propostas-na-europa\/#article\",\"isPartOf\":{\"@id\":\"https:\/\/www.gaveanews.com\/index.php\/2019\/04\/03\/de-saida-agente-de-revelacao-do-flamengo-busca-propostas-na-europa\/\"},\"author\":{\"name\":\"Equipe G\u00e1vea News\",\"@id\":\"https:\/\/www.gaveanews.com\/#\/schema\/person\/2ec14f73fb96be2caf28f91afb14749d\"},\"headline\":\"De sa\u00edda? Agente de revela\u00e7\u00e3o do Flamengo busca propostas na Europa\",\"datePublished\":\"2019-04-03T13:55:43+00:00\",\"dateModified\":\"2019-04-03T13:55:44+00:00\",\"mainEntityOfPage\":{\"@id\":\"https:\/\/www.gaveanews.com\/index.php\/2019\/04\/03\/de-saida-agente-de-revelacao-do-flamengo-busca-propostas-na-europa\/\"},\"wordCount\":355,\"commentCount\":0,\"image\":{\"@id\":\"https:\/\/www.gaveanews.com\/index.php\/2019\/04\/03\/de-saida-agente-de-revelacao-do-flamengo-busca-propostas-na-europa\/#primaryimage\"},\"thumbnailUrl\":\"https:\/\/www.gaveanews.com\/wp-content\/uploads\/2019\/03\/Lincoln-durante-treinamento-no-Ninho-do-Urubu.webp\",\"articleSection\":[\"Flamengo\"],\"inLanguage\":\"pt-BR\",\"potentialAction\":[{\"@type\":\"CommentAction\",\"name\":\"Comment\",\"target\":[\"https:\/\/www.gaveanews.com\/index.php\/2019\/04\/03\/de-saida-agente-de-revelacao-do-flamengo-busca-propostas-na-europa\/#respond\"]}],\"copyrightYear\":\"2019\",\"copyrightHolder\":{\"@id\":\"https:\/\/www.gaveanews.com\/#organization\"}},{\"@type\":\"WebPage\",\"@id\":\"https:\/\/www.gaveanews.com\/index.php\/2019\/04\/03\/de-saida-agente-de-revelacao-do-flamengo-busca-propostas-na-europa\/\",\"url\":\"https:\/\/www.gaveanews.com\/index.php\/2019\/04\/03\/de-saida-agente-de-revelacao-do-flamengo-busca-propostas-na-europa\/\",\"name\":\"De sa\u00edda? Agente de revela\u00e7\u00e3o do Flamengo busca propostas na Europa\",\"isPartOf\":{\"@id\":\"https:\/\/www.gaveanews.com\/#website\"},\"primaryImageOfPage\":{\"@id\":\"https:\/\/www.gaveanews.com\/index.php\/2019\/04\/03\/de-saida-agente-de-revelacao-do-flamengo-busca-propostas-na-europa\/#primaryimage\"},\"image\":{\"@id\":\"https:\/\/www.gaveanews.com\/index.php\/2019\/04\/03\/de-saida-agente-de-revelacao-do-flamengo-busca-propostas-na-europa\/#primaryimage\"},\"thumbnailUrl\":\"https:\/\/www.gaveanews.com\/wp-content\/uploads\/2019\/03\/Lincoln-durante-treinamento-no-Ninho-do-Urubu.webp\",\"datePublished\":\"2019-04-03T13:55:43+00:00\",\"dateModified\":\"2019-04-03T13:55:44+00:00\",\"author\":{\"@id\":\"https:\/\/www.gaveanews.com\/#\/schema\/person\/2ec14f73fb96be2caf28f91afb14749d\"},\"breadcrumb\":{\"@id\":\"https:\/\/www.gaveanews.com\/index.php\/2019\/04\/03\/de-saida-agente-de-revelacao-do-flamengo-busca-propostas-na-europa\/#breadcrumb\"},\"inLanguage\":\"pt-BR\",\"potentialAction\":[{\"@type\":\"ReadAction\",\"target\":[\"https:\/\/www.gaveanews.com\/index.php\/2019\/04\/03\/de-saida-agente-de-revelacao-do-flamengo-busca-propostas-na-europa\/\"]}]},{\"@type\":\"ImageObject\",\"inLanguage\":\"pt-BR\",\"@id\":\"https:\/\/www.gaveanews.com\/index.php\/2019\/04\/03\/de-saida-agente-de-revelacao-do-flamengo-busca-propostas-na-europa\/#primaryimage\",\"url\":\"https:\/\/www.gaveanews.com\/wp-content\/uploads\/2019\/03\/Lincoln-durante-treinamento-no-Ninho-do-Urubu.webp\",\"contentUrl\":\"https:\/\/www.gaveanews.com\/wp-content\/uploads\/2019\/03\/Lincoln-durante-treinamento-no-Ninho-do-Urubu.webp\",\"width\":880,\"height\":586,\"caption\":\"Lincoln durante treinamento no Ninho do Urubu (Foto: Gilvan de Souza\/Flamengo)\"},{\"@type\":\"BreadcrumbList\",\"@id\":\"https:\/\/www.gaveanews.com\/index.php\/2019\/04\/03\/de-saida-agente-de-revelacao-do-flamengo-busca-propostas-na-europa\/#breadcrumb\",\"itemListElement\":[{\"@type\":\"ListItem\",\"position\":1,\"name\":\"Home\",\"item\":\"https:\/\/www.gaveanews.com\/\"},{\"@type\":\"ListItem\",\"position\":2,\"name\":\"De sa\u00edda? Agente de revela\u00e7\u00e3o do Flamengo busca propostas na Europa\"}]},{\"@type\":\"WebSite\",\"@id\":\"https:\/\/www.gaveanews.com\/#website\",\"url\":\"https:\/\/www.gaveanews.com\/\",\"name\":\"G\u00e1vea News\",\"description\":\"Veja todas as not\u00edcias sobre o Flamengo: Contrata\u00e7\u00f5es, categorias de base, resultados das partidas, tabela de classifica\u00e7\u00e3o, pr\u00f3ximos jogos!\",\"potentialAction\":[{\"@type\":\"SearchAction\",\"target\":{\"@type\":\"EntryPoint\",\"urlTemplate\":\"https:\/\/www.gaveanews.com\/?s={search_term_string}\"},\"query-input\":{\"@type\":\"PropertyValueSpecification\",\"valueRequired\":true,\"valueName\":\"search_term_string\"}}],\"inLanguage\":\"pt-BR\"},{\"@type\":\"Person\",\"@id\":\"https:\/\/www.gaveanews.com\/#\/schema\/person\/2ec14f73fb96be2caf28f91afb14749d\",\"name\":\"Equipe G\u00e1vea News\",\"image\":{\"@type\":\"ImageObject\",\"inLanguage\":\"pt-BR\",\"@id\":\"https:\/\/www.gaveanews.com\/#\/schema\/person\/image\/\",\"url\":\"https:\/\/secure.gravatar.com\/avatar\/1e1956f1facbffd3f8fa53a326721950116b3b9dc9bd44939c01180fd4a745a9?s=96&d=mm&r=g\",\"contentUrl\":\"https:\/\/secure.gravatar.com\/avatar\/1e1956f1facbffd3f8fa53a326721950116b3b9dc9bd44939c01180fd4a745a9?s=96&d=mm&r=g\",\"caption\":\"Equipe G\u00e1vea News\"}}]}<\/script>\n<!-- \/ Yoast SEO Premium plugin. -->","yoast_head_json":{"title":"De sa\u00edda? Agente de revela\u00e7\u00e3o do Flamengo busca propostas na Europa","robots":{"index":"index","follow":"follow","max-snippet":"max-snippet:-1","max-image-preview":"max-image-preview:large","max-video-preview":"max-video-preview:-1"},"canonical":"https:\/\/www.gaveanews.com\/index.php\/2019\/04\/03\/de-saida-agente-de-revelacao-do-flamengo-busca-propostas-na-europa\/","og_locale":"pt_BR","og_type":"article","og_title":"De sa\u00edda? Agente de revela\u00e7\u00e3o do Flamengo busca propostas na Europa","og_description":"Recuperado de les\u00e3o na coxa que o afastou dos gramados desde fevereiro, Lincoln foi reintegrado ao elenco e est\u00e1 pr\u00f3ximo de voltar a jogar. Nesta segunda, ele participou normalmente de coletivo comandado por Abel Braga. A r\u00e1pida recupera\u00e7\u00e3o surpreendeu, uma vez que a previs\u00e3o inicial era que o atacante ficasse mais de dois meses fora [&hellip;]","og_url":"https:\/\/www.gaveanews.com\/index.php\/2019\/04\/03\/de-saida-agente-de-revelacao-do-flamengo-busca-propostas-na-europa\/","og_site_name":"G\u00e1vea News","article_publisher":"https:\/\/facebook.com\/gaveaNews\/","article_published_time":"2019-04-03T13:55:43+00:00","article_modified_time":"2019-04-03T13:55:44+00:00","og_image":[{"width":880,"height":586,"url":"https:\/\/www.gaveanews.com\/wp-content\/uploads\/2019\/03\/Lincoln-durante-treinamento-no-Ninho-do-Urubu.webp","type":"image\/jpeg"}],"author":"Equipe G\u00e1vea News","twitter_card":"summary_large_image","twitter_misc":{"Escrito por":"Equipe G\u00e1vea News","Est. tempo de leitura":"2 minutos"},"schema":{"@context":"https:\/\/schema.org","@graph":[{"@type":"NewsArticle","@id":"https:\/\/www.gaveanews.com\/index.php\/2019\/04\/03\/de-saida-agente-de-revelacao-do-flamengo-busca-propostas-na-europa\/#article","isPartOf":{"@id":"https:\/\/www.gaveanews.com\/index.php\/2019\/04\/03\/de-saida-agente-de-revelacao-do-flamengo-busca-propostas-na-europa\/"},"author":{"name":"Equipe G\u00e1vea News","@id":"https:\/\/www.gaveanews.com\/#\/schema\/person\/2ec14f73fb96be2caf28f91afb14749d"},"headline":"De sa\u00edda? Agente de revela\u00e7\u00e3o do Flamengo busca propostas na Europa","datePublished":"2019-04-03T13:55:43+00:00","dateModified":"2019-04-03T13:55:44+00:00","mainEntityOfPage":{"@id":"https:\/\/www.gaveanews.com\/index.php\/2019\/04\/03\/de-saida-agente-de-revelacao-do-flamengo-busca-propostas-na-europa\/"},"wordCount":355,"commentCount":0,"image":{"@id":"https:\/\/www.gaveanews.com\/index.php\/2019\/04\/03\/de-saida-agente-de-revelacao-do-flamengo-busca-propostas-na-europa\/#primaryimage"},"thumbnailUrl":"https:\/\/www.gaveanews.com\/wp-content\/uploads\/2019\/03\/Lincoln-durante-treinamento-no-Ninho-do-Urubu.webp","articleSection":["Flamengo"],"inLanguage":"pt-BR","potentialAction":[{"@type":"CommentAction","name":"Comment","target":["https:\/\/www.gaveanews.com\/index.php\/2019\/04\/03\/de-saida-agente-de-revelacao-do-flamengo-busca-propostas-na-europa\/#respond"]}],"copyrightYear":"2019","copyrightHolder":{"@id":"https:\/\/www.gaveanews.com\/#organization"}},{"@type":"WebPage","@id":"https:\/\/www.gaveanews.com\/index.php\/2019\/04\/03\/de-saida-agente-de-revelacao-do-flamengo-busca-propostas-na-europa\/","url":"https:\/\/www.gaveanews.com\/index.php\/2019\/04\/03\/de-saida-agente-de-revelacao-do-flamengo-busca-propostas-na-europa\/","name":"De sa\u00edda? Agente de revela\u00e7\u00e3o do Flamengo busca propostas na Europa","isPartOf":{"@id":"https:\/\/www.gaveanews.com\/#website"},"primaryImageOfPage":{"@id":"https:\/\/www.gaveanews.com\/index.php\/2019\/04\/03\/de-saida-agente-de-revelacao-do-flamengo-busca-propostas-na-europa\/#primaryimage"},"image":{"@id":"https:\/\/www.gaveanews.com\/index.php\/2019\/04\/03\/de-saida-agente-de-revelacao-do-flamengo-busca-propostas-na-europa\/#primaryimage"},"thumbnailUrl":"https:\/\/www.gaveanews.com\/wp-content\/uploads\/2019\/03\/Lincoln-durante-treinamento-no-Ninho-do-Urubu.webp","datePublished":"2019-04-03T13:55:43+00:00","dateModified":"2019-04-03T13:55:44+00:00","author":{"@id":"https:\/\/www.gaveanews.com\/#\/schema\/person\/2ec14f73fb96be2caf28f91afb14749d"},"breadcrumb":{"@id":"https:\/\/www.gaveanews.com\/index.php\/2019\/04\/03\/de-saida-agente-de-revelacao-do-flamengo-busca-propostas-na-europa\/#breadcrumb"},"inLanguage":"pt-BR","potentialAction":[{"@type":"ReadAction","target":["https:\/\/www.gaveanews.com\/index.php\/2019\/04\/03\/de-saida-agente-de-revelacao-do-flamengo-busca-propostas-na-europa\/"]}]},{"@type":"ImageObject","inLanguage":"pt-BR","@id":"https:\/\/www.gaveanews.com\/index.php\/2019\/04\/03\/de-saida-agente-de-revelacao-do-flamengo-busca-propostas-na-europa\/#primaryimage","url":"https:\/\/www.gaveanews.com\/wp-content\/uploads\/2019\/03\/Lincoln-durante-treinamento-no-Ninho-do-Urubu.webp","contentUrl":"https:\/\/www.gaveanews.com\/wp-content\/uploads\/2019\/03\/Lincoln-durante-treinamento-no-Ninho-do-Urubu.webp","width":880,"height":586,"caption":"Lincoln durante treinamento no Ninho do Urubu (Foto: Gilvan de Souza\/Flamengo)"},{"@type":"BreadcrumbList","@id":"https:\/\/www.gaveanews.com\/index.php\/2019\/04\/03\/de-saida-agente-de-revelacao-do-flamengo-busca-propostas-na-europa\/#breadcrumb","itemListElement":[{"@type":"ListItem","position":1,"name":"Home","item":"https:\/\/www.gaveanews.com\/"},{"@type":"ListItem","position":2,"name":"De sa\u00edda? Agente de revela\u00e7\u00e3o do Flamengo busca propostas na Europa"}]},{"@type":"WebSite","@id":"https:\/\/www.gaveanews.com\/#website","url":"https:\/\/www.gaveanews.com\/","name":"G\u00e1vea News","description":"Veja todas as not\u00edcias sobre o Flamengo: Contrata\u00e7\u00f5es, categorias de base, resultados das partidas, tabela de classifica\u00e7\u00e3o, pr\u00f3ximos jogos!","potentialAction":[{"@type":"SearchAction","target":{"@type":"EntryPoint","urlTemplate":"https:\/\/www.gaveanews.com\/?s={search_term_string}"},"query-input":{"@type":"PropertyValueSpecification","valueRequired":true,"valueName":"search_term_string"}}],"inLanguage":"pt-BR"},{"@type":"Person","@id":"https:\/\/www.gaveanews.com\/#\/schema\/person\/2ec14f73fb96be2caf28f91afb14749d","name":"Equipe G\u00e1vea News","image":{"@type":"ImageObject","inLanguage":"pt-BR","@id":"https:\/\/www.gaveanews.com\/#\/schema\/person\/image\/","url":"https:\/\/secure.gravatar.com\/avatar\/1e1956f1facbffd3f8fa53a326721950116b3b9dc9bd44939c01180fd4a745a9?s=96&d=mm&r=g","contentUrl":"https:\/\/secure.gravatar.com\/avatar\/1e1956f1facbffd3f8fa53a326721950116b3b9dc9bd44939c01180fd4a745a9?s=96&d=mm&r=g","caption":"Equipe G\u00e1vea News"}}]}},"_links":{"self":[{"href":"https:\/\/www.gaveanews.com\/index.php\/wp-json\/wp\/v2\/posts\/17036","targetHints":{"allow":["GET"]}}],"collection":[{"href":"https:\/\/www.gaveanews.com\/index.php\/wp-json\/wp\/v2\/posts"}],"about":[{"href":"https:\/\/www.gaveanews.com\/index.php\/wp-json\/wp\/v2\/types\/post"}],"author":[{"embeddable":true,"href":"https:\/\/www.gaveanews.com\/index.php\/wp-json\/wp\/v2\/users\/1"}],"replies":[{"embeddable":true,"href":"https:\/\/www.gaveanews.com\/index.php\/wp-json\/wp\/v2\/comments?post=17036"}],"version-history":[{"count":0,"href":"https:\/\/www.gaveanews.com\/index.php\/wp-json\/wp\/v2\/posts\/17036\/revisions"}],"wp:featuredmedia":[{"embeddable":true,"href":"https:\/\/www.gaveanews.com\/index.php\/wp-json\/wp\/v2\/media\/15154"}],"wp:attachment":[{"href":"https:\/\/www.gaveanews.com\/index.php\/wp-json\/wp\/v2\/media?parent=17036"}],"wp:term":[{"taxonomy":"category","embeddable":true,"href":"https:\/\/www.gaveanews.com\/index.php\/wp-json\/wp\/v2\/categories?post=17036"},{"taxonomy":"post_tag","embeddable":true,"href":"https:\/\/www.gaveanews.com\/index.php\/wp-json\/wp\/v2\/tags?post=17036"}],"curies":[{"name":"wp","href":"https:\/\/api.w.org\/{rel}","templated":true}]}}