{"id":170363,"date":"2024-09-30T21:50:46","date_gmt":"2024-10-01T00:50:46","guid":{"rendered":"https:\/\/www.gaveanews.com\/?p=170363"},"modified":"2024-09-30T21:50:48","modified_gmt":"2024-10-01T00:50:48","slug":"a-primeira-declaracao-de-filipe-luis-enquanto-treinador-do-flamengo","status":"publish","type":"post","link":"https:\/\/www.gaveanews.com\/index.php\/2024\/09\/30\/a-primeira-declaracao-de-filipe-luis-enquanto-treinador-do-flamengo\/","title":{"rendered":"A primeira declara\u00e7\u00e3o de Filipe Lu\u00eds enquanto treinador do Flamengo"},"content":{"rendered":"\n<p>Filipe Lu\u00eds foi anunciado como o novo treinador do Flamengo ap\u00f3s a demiss\u00e3o de Tite, que deixou o clube por conta do desempenho abaixo do esperado, especialmente na Copa Libertadores. O ex-lateral, que j\u00e1 atuou como jogador no clube e passou pelas categorias de base como t\u00e9cnico, assumiu o comando da equipe profissional de forma interina. Sua estreia como treinador ser\u00e1 na partida contra o Corinthians, v\u00e1lida pela semifinal da Copa do Brasil, na quarta-feira (02 de outubro), \u00e0s 21h45 (hor\u00e1rio de Bras\u00edlia).<\/p>\n\n\n\n<p>Em sua primeira entrevista, Filipe Lu\u00eds enfatizou sua prefer\u00eancia por um estilo de jogo ofensivo. Ele afirmou que, por vezes, &#8220;peca por n\u00e3o ter medo&#8221; de atacar demais, mas que essa ser\u00e1 uma caracter\u00edstica de seu Flamengo. O treinador ressaltou que a equipe j\u00e1 possui uma base defensiva s\u00f3lida, o que lhe permitir\u00e1 focar em aprimorar o setor ofensivo. Filipe deixou claro que sua prioridade \u00e9 implementar rapidamente suas ideias dentro de campo.<\/p>\n\n\n\n<p>O novo treinador do Flamengo tamb\u00e9m destacou a import\u00e2ncia da experi\u00eancia adquirida nas categorias de base do clube. Filipe comandou o sub-17 e o sub-20 do Flamengo, conquistando t\u00edtulos como a Copa Rio sub-17 e a Final\u00edssima Intercontinental. Para ele, essas viv\u00eancias foram fundamentais para desenvolver sua capacidade de montar treinamentos, estruturar comiss\u00f5es t\u00e9cnicas e aplicar suas ideias de jogo.<\/p>\n\n\n\n<p>Filipe Lu\u00eds conhece bem o elenco atual, j\u00e1 que jogou com a maioria dos atletas. Esse fator, segundo o pr\u00f3prio treinador, ser\u00e1 crucial para implementar seu modelo de jogo de forma r\u00e1pida e eficiente. O ex-lateral ressaltou que seu objetivo \u00e9 ver as mudan\u00e7as no desempenho do time o quanto antes, buscando sempre um equil\u00edbrio entre a solidez defensiva e a agressividade ofensiva.<\/p>\n\n\n\n<p>&#8220;Conhe\u00e7o bem esse elenco, joguei praticamente com todos eles. Meu objetivo \u00e9 colocar em pr\u00e1tica o mais r\u00e1pido poss\u00edvel o meu modelo de jogo, para que eles possam desenvolver o que eu quero, com as minhas ideias, e que a gente possa ver isso representado no campo o mais r\u00e1pido poss\u00edvel&#8221;, disse ele antes de completar.<\/p>\n\n\n\n<p>&#8220;Meu modelo de jogo \u00e9 um modelo de muito ataque. J\u00e1 falei algumas vezes que \u00e0s vezes eu peco por n\u00e3o ter medo, por atacar demais. Esse time j\u00e1 est\u00e1 bem treinado, j\u00e1 tem uma estabilidade, uma organiza\u00e7\u00e3o defensiva muito boa, e claro que eu vou tentar colocar a minha ideia em pr\u00e1tica, que \u00e9 diferente, para que a gente possa ver o time atacando do jeito que eu quero&#8221;, completou o treinador.<\/p>\n\n\n\n<p>&#8220;Foi fundamental essa experi\u00eancia no sub-17. Foi muito v\u00e1lida, foi onde eu realmente aprendi a montar treino, montar comiss\u00e3o e colocar em pr\u00e1tica as minhas ideias. E vi o time jogando do jeito que eu queria. Ent\u00e3o eu vi realmente que eu era capaz, e cada vez fui tendo mais confian\u00e7a. Aceitei tamb\u00e9m o desafio de assumir o time sub-20 no meio da temporada. Me deu toda experi\u00eancia, essa viv\u00eancia. Eu sempre pensei, durante muitos anos, como treinador, mas viver como treinador era uma experi\u00eancia nova. E realmente \u00e9 a paix\u00e3o, \u00e9 o que eu amo fazer, e estou encantado de estar aqui de novo&#8221;, finalizou.<\/p>\n\n\n\n<p>Al\u00e9m do confronto com o Corinthians pela Copa do Brasil, o Flamengo ter\u00e1 outros desafios importantes no calend\u00e1rio. O time enfrentar\u00e1 o Bahia no pr\u00f3ximo s\u00e1bado (05 de outubro), \u00e0s 19 horas (hor\u00e1rio de Bras\u00edlia), pelo Campeonato Brasileiro, e posteriormente ter\u00e1 um cl\u00e1ssico contra o Fluminense, no dia 17 de outubro. Esses jogos ser\u00e3o fundamentais para Filipe Lu\u00eds consolidar sua nova filosofia \u00e0 frente da equipe.<\/p>\n\n\n\n<p>A torcida do Flamengo est\u00e1 ansiosa para ver como o novo treinador vai conduzir o time nessa reta final de temporada. Filipe Lu\u00eds, por sua vez, mostrou confian\u00e7a e entusiasmo, destacando sua paix\u00e3o por comandar o clube e a oportunidade de colocar em pr\u00e1tica as ideias que desenvolveu ao longo de sua carreira, tanto como jogador quanto como t\u00e9cnico das categorias de base.<\/p>\n","protected":false},"excerpt":{"rendered":"<p>Filipe Lu\u00eds foi anunciado como o novo treinador do Flamengo ap\u00f3s a demiss\u00e3o de Tite, que deixou o clube por conta do desempenho abaixo do esperado, especialmente na Copa Libertadores. O ex-lateral, que j\u00e1 atuou como jogador no clube e passou pelas categorias de base como t\u00e9cnico, assumiu o comando da equipe profissional de forma [&hellip;]<\/p>\n","protected":false},"author":1,"featured_media":161321,"comment_status":"open","ping_status":"closed","sticky":false,"template":"","format":"standard","meta":{"footnotes":""},"categories":[1],"tags":[],"class_list":["post-170363","post","type-post","status-publish","format-standard","has-post-thumbnail","hentry","category-flamengo"],"yoast_head":"<!-- This site is optimized with the Yoast SEO Premium plugin v24.2 (Yoast SEO v26.9) - https:\/\/yoast.com\/product\/yoast-seo-premium-wordpress\/ -->\n<title>A primeira declara\u00e7\u00e3o de Filipe Lu\u00eds enquanto treinador do Flamengo<\/title>\n<meta name=\"robots\" content=\"index, follow, max-snippet:-1, max-image-preview:large, max-video-preview:-1\" \/>\n<link rel=\"canonical\" href=\"https:\/\/www.gaveanews.com\/index.php\/2024\/09\/30\/a-primeira-declaracao-de-filipe-luis-enquanto-treinador-do-flamengo\/\" \/>\n<meta property=\"og:locale\" content=\"pt_BR\" \/>\n<meta property=\"og:type\" content=\"article\" \/>\n<meta property=\"og:title\" content=\"A primeira declara\u00e7\u00e3o de Filipe Lu\u00eds enquanto treinador do Flamengo\" \/>\n<meta property=\"og:description\" content=\"Filipe Lu\u00eds foi anunciado como o novo treinador do Flamengo ap\u00f3s a demiss\u00e3o de Tite, que deixou o clube por conta do desempenho abaixo do esperado, especialmente na Copa Libertadores. O ex-lateral, que j\u00e1 atuou como jogador no clube e passou pelas categorias de base como t\u00e9cnico, assumiu o comando da equipe profissional de forma [&hellip;]\" \/>\n<meta property=\"og:url\" content=\"https:\/\/www.gaveanews.com\/index.php\/2024\/09\/30\/a-primeira-declaracao-de-filipe-luis-enquanto-treinador-do-flamengo\/\" \/>\n<meta property=\"og:site_name\" content=\"G\u00e1vea News\" \/>\n<meta property=\"article:publisher\" content=\"https:\/\/facebook.com\/gaveaNews\/\" \/>\n<meta property=\"article:published_time\" content=\"2024-10-01T00:50:46+00:00\" \/>\n<meta property=\"article:modified_time\" content=\"2024-10-01T00:50:48+00:00\" \/>\n<meta property=\"og:image\" content=\"https:\/\/www.gaveanews.com\/wp-content\/uploads\/filipe-luis-campeao-maracana-860x538-1.webp\" \/>\n\t<meta property=\"og:image:width\" content=\"860\" \/>\n\t<meta property=\"og:image:height\" content=\"538\" \/>\n\t<meta property=\"og:image:type\" content=\"image\/webp\" \/>\n<meta name=\"author\" content=\"Equipe G\u00e1vea News\" \/>\n<meta name=\"twitter:card\" content=\"summary_large_image\" \/>\n<meta name=\"twitter:label1\" content=\"Escrito por\" \/>\n\t<meta name=\"twitter:data1\" content=\"Equipe G\u00e1vea News\" \/>\n\t<meta name=\"twitter:label2\" content=\"Est. tempo de leitura\" \/>\n\t<meta name=\"twitter:data2\" content=\"4 minutos\" \/>\n<script type=\"application\/ld+json\" class=\"yoast-schema-graph\">{\"@context\":\"https:\/\/schema.org\",\"@graph\":[{\"@type\":\"NewsArticle\",\"@id\":\"https:\/\/www.gaveanews.com\/index.php\/2024\/09\/30\/a-primeira-declaracao-de-filipe-luis-enquanto-treinador-do-flamengo\/#article\",\"isPartOf\":{\"@id\":\"https:\/\/www.gaveanews.com\/index.php\/2024\/09\/30\/a-primeira-declaracao-de-filipe-luis-enquanto-treinador-do-flamengo\/\"},\"author\":{\"name\":\"Equipe G\u00e1vea News\",\"@id\":\"https:\/\/www.gaveanews.com\/#\/schema\/person\/2ec14f73fb96be2caf28f91afb14749d\"},\"headline\":\"A primeira declara\u00e7\u00e3o de Filipe Lu\u00eds enquanto treinador do Flamengo\",\"datePublished\":\"2024-10-01T00:50:46+00:00\",\"dateModified\":\"2024-10-01T00:50:48+00:00\",\"mainEntityOfPage\":{\"@id\":\"https:\/\/www.gaveanews.com\/index.php\/2024\/09\/30\/a-primeira-declaracao-de-filipe-luis-enquanto-treinador-do-flamengo\/\"},\"wordCount\":702,\"commentCount\":0,\"image\":{\"@id\":\"https:\/\/www.gaveanews.com\/index.php\/2024\/09\/30\/a-primeira-declaracao-de-filipe-luis-enquanto-treinador-do-flamengo\/#primaryimage\"},\"thumbnailUrl\":\"https:\/\/www.gaveanews.com\/wp-content\/uploads\/filipe-luis-campeao-maracana-860x538-1.webp\",\"articleSection\":[\"Flamengo\"],\"inLanguage\":\"pt-BR\",\"potentialAction\":[{\"@type\":\"CommentAction\",\"name\":\"Comment\",\"target\":[\"https:\/\/www.gaveanews.com\/index.php\/2024\/09\/30\/a-primeira-declaracao-de-filipe-luis-enquanto-treinador-do-flamengo\/#respond\"]}],\"copyrightYear\":\"2024\",\"copyrightHolder\":{\"@id\":\"https:\/\/www.gaveanews.com\/#organization\"}},{\"@type\":\"WebPage\",\"@id\":\"https:\/\/www.gaveanews.com\/index.php\/2024\/09\/30\/a-primeira-declaracao-de-filipe-luis-enquanto-treinador-do-flamengo\/\",\"url\":\"https:\/\/www.gaveanews.com\/index.php\/2024\/09\/30\/a-primeira-declaracao-de-filipe-luis-enquanto-treinador-do-flamengo\/\",\"name\":\"A primeira declara\u00e7\u00e3o de Filipe Lu\u00eds enquanto treinador do Flamengo\",\"isPartOf\":{\"@id\":\"https:\/\/www.gaveanews.com\/#website\"},\"primaryImageOfPage\":{\"@id\":\"https:\/\/www.gaveanews.com\/index.php\/2024\/09\/30\/a-primeira-declaracao-de-filipe-luis-enquanto-treinador-do-flamengo\/#primaryimage\"},\"image\":{\"@id\":\"https:\/\/www.gaveanews.com\/index.php\/2024\/09\/30\/a-primeira-declaracao-de-filipe-luis-enquanto-treinador-do-flamengo\/#primaryimage\"},\"thumbnailUrl\":\"https:\/\/www.gaveanews.com\/wp-content\/uploads\/filipe-luis-campeao-maracana-860x538-1.webp\",\"datePublished\":\"2024-10-01T00:50:46+00:00\",\"dateModified\":\"2024-10-01T00:50:48+00:00\",\"author\":{\"@id\":\"https:\/\/www.gaveanews.com\/#\/schema\/person\/2ec14f73fb96be2caf28f91afb14749d\"},\"breadcrumb\":{\"@id\":\"https:\/\/www.gaveanews.com\/index.php\/2024\/09\/30\/a-primeira-declaracao-de-filipe-luis-enquanto-treinador-do-flamengo\/#breadcrumb\"},\"inLanguage\":\"pt-BR\",\"potentialAction\":[{\"@type\":\"ReadAction\",\"target\":[\"https:\/\/www.gaveanews.com\/index.php\/2024\/09\/30\/a-primeira-declaracao-de-filipe-luis-enquanto-treinador-do-flamengo\/\"]}]},{\"@type\":\"ImageObject\",\"inLanguage\":\"pt-BR\",\"@id\":\"https:\/\/www.gaveanews.com\/index.php\/2024\/09\/30\/a-primeira-declaracao-de-filipe-luis-enquanto-treinador-do-flamengo\/#primaryimage\",\"url\":\"https:\/\/www.gaveanews.com\/wp-content\/uploads\/filipe-luis-campeao-maracana-860x538-1.webp\",\"contentUrl\":\"https:\/\/www.gaveanews.com\/wp-content\/uploads\/filipe-luis-campeao-maracana-860x538-1.webp\",\"width\":860,\"height\":538,\"caption\":\"Foto: Adriano Fontes \/ Flamengo\"},{\"@type\":\"BreadcrumbList\",\"@id\":\"https:\/\/www.gaveanews.com\/index.php\/2024\/09\/30\/a-primeira-declaracao-de-filipe-luis-enquanto-treinador-do-flamengo\/#breadcrumb\",\"itemListElement\":[{\"@type\":\"ListItem\",\"position\":1,\"name\":\"Home\",\"item\":\"https:\/\/www.gaveanews.com\/\"},{\"@type\":\"ListItem\",\"position\":2,\"name\":\"A primeira declara\u00e7\u00e3o de Filipe Lu\u00eds enquanto treinador do Flamengo\"}]},{\"@type\":\"WebSite\",\"@id\":\"https:\/\/www.gaveanews.com\/#website\",\"url\":\"https:\/\/www.gaveanews.com\/\",\"name\":\"G\u00e1vea News\",\"description\":\"Veja todas as not\u00edcias sobre o Flamengo: Contrata\u00e7\u00f5es, categorias de base, resultados das partidas, tabela de classifica\u00e7\u00e3o, pr\u00f3ximos jogos!\",\"potentialAction\":[{\"@type\":\"SearchAction\",\"target\":{\"@type\":\"EntryPoint\",\"urlTemplate\":\"https:\/\/www.gaveanews.com\/?s={search_term_string}\"},\"query-input\":{\"@type\":\"PropertyValueSpecification\",\"valueRequired\":true,\"valueName\":\"search_term_string\"}}],\"inLanguage\":\"pt-BR\"},{\"@type\":\"Person\",\"@id\":\"https:\/\/www.gaveanews.com\/#\/schema\/person\/2ec14f73fb96be2caf28f91afb14749d\",\"name\":\"Equipe G\u00e1vea News\",\"image\":{\"@type\":\"ImageObject\",\"inLanguage\":\"pt-BR\",\"@id\":\"https:\/\/www.gaveanews.com\/#\/schema\/person\/image\/\",\"url\":\"https:\/\/secure.gravatar.com\/avatar\/1e1956f1facbffd3f8fa53a326721950116b3b9dc9bd44939c01180fd4a745a9?s=96&d=mm&r=g\",\"contentUrl\":\"https:\/\/secure.gravatar.com\/avatar\/1e1956f1facbffd3f8fa53a326721950116b3b9dc9bd44939c01180fd4a745a9?s=96&d=mm&r=g\",\"caption\":\"Equipe G\u00e1vea News\"}}]}<\/script>\n<!-- \/ Yoast SEO Premium plugin. -->","yoast_head_json":{"title":"A primeira declara\u00e7\u00e3o de Filipe Lu\u00eds enquanto treinador do Flamengo","robots":{"index":"index","follow":"follow","max-snippet":"max-snippet:-1","max-image-preview":"max-image-preview:large","max-video-preview":"max-video-preview:-1"},"canonical":"https:\/\/www.gaveanews.com\/index.php\/2024\/09\/30\/a-primeira-declaracao-de-filipe-luis-enquanto-treinador-do-flamengo\/","og_locale":"pt_BR","og_type":"article","og_title":"A primeira declara\u00e7\u00e3o de Filipe Lu\u00eds enquanto treinador do Flamengo","og_description":"Filipe Lu\u00eds foi anunciado como o novo treinador do Flamengo ap\u00f3s a demiss\u00e3o de Tite, que deixou o clube por conta do desempenho abaixo do esperado, especialmente na Copa Libertadores. O ex-lateral, que j\u00e1 atuou como jogador no clube e passou pelas categorias de base como t\u00e9cnico, assumiu o comando da equipe profissional de forma [&hellip;]","og_url":"https:\/\/www.gaveanews.com\/index.php\/2024\/09\/30\/a-primeira-declaracao-de-filipe-luis-enquanto-treinador-do-flamengo\/","og_site_name":"G\u00e1vea News","article_publisher":"https:\/\/facebook.com\/gaveaNews\/","article_published_time":"2024-10-01T00:50:46+00:00","article_modified_time":"2024-10-01T00:50:48+00:00","og_image":[{"width":860,"height":538,"url":"https:\/\/www.gaveanews.com\/wp-content\/uploads\/filipe-luis-campeao-maracana-860x538-1.webp","type":"image\/webp"}],"author":"Equipe G\u00e1vea News","twitter_card":"summary_large_image","twitter_misc":{"Escrito por":"Equipe G\u00e1vea News","Est. tempo de leitura":"4 minutos"},"schema":{"@context":"https:\/\/schema.org","@graph":[{"@type":"NewsArticle","@id":"https:\/\/www.gaveanews.com\/index.php\/2024\/09\/30\/a-primeira-declaracao-de-filipe-luis-enquanto-treinador-do-flamengo\/#article","isPartOf":{"@id":"https:\/\/www.gaveanews.com\/index.php\/2024\/09\/30\/a-primeira-declaracao-de-filipe-luis-enquanto-treinador-do-flamengo\/"},"author":{"name":"Equipe G\u00e1vea News","@id":"https:\/\/www.gaveanews.com\/#\/schema\/person\/2ec14f73fb96be2caf28f91afb14749d"},"headline":"A primeira declara\u00e7\u00e3o de Filipe Lu\u00eds enquanto treinador do Flamengo","datePublished":"2024-10-01T00:50:46+00:00","dateModified":"2024-10-01T00:50:48+00:00","mainEntityOfPage":{"@id":"https:\/\/www.gaveanews.com\/index.php\/2024\/09\/30\/a-primeira-declaracao-de-filipe-luis-enquanto-treinador-do-flamengo\/"},"wordCount":702,"commentCount":0,"image":{"@id":"https:\/\/www.gaveanews.com\/index.php\/2024\/09\/30\/a-primeira-declaracao-de-filipe-luis-enquanto-treinador-do-flamengo\/#primaryimage"},"thumbnailUrl":"https:\/\/www.gaveanews.com\/wp-content\/uploads\/filipe-luis-campeao-maracana-860x538-1.webp","articleSection":["Flamengo"],"inLanguage":"pt-BR","potentialAction":[{"@type":"CommentAction","name":"Comment","target":["https:\/\/www.gaveanews.com\/index.php\/2024\/09\/30\/a-primeira-declaracao-de-filipe-luis-enquanto-treinador-do-flamengo\/#respond"]}],"copyrightYear":"2024","copyrightHolder":{"@id":"https:\/\/www.gaveanews.com\/#organization"}},{"@type":"WebPage","@id":"https:\/\/www.gaveanews.com\/index.php\/2024\/09\/30\/a-primeira-declaracao-de-filipe-luis-enquanto-treinador-do-flamengo\/","url":"https:\/\/www.gaveanews.com\/index.php\/2024\/09\/30\/a-primeira-declaracao-de-filipe-luis-enquanto-treinador-do-flamengo\/","name":"A primeira declara\u00e7\u00e3o de Filipe Lu\u00eds enquanto treinador do Flamengo","isPartOf":{"@id":"https:\/\/www.gaveanews.com\/#website"},"primaryImageOfPage":{"@id":"https:\/\/www.gaveanews.com\/index.php\/2024\/09\/30\/a-primeira-declaracao-de-filipe-luis-enquanto-treinador-do-flamengo\/#primaryimage"},"image":{"@id":"https:\/\/www.gaveanews.com\/index.php\/2024\/09\/30\/a-primeira-declaracao-de-filipe-luis-enquanto-treinador-do-flamengo\/#primaryimage"},"thumbnailUrl":"https:\/\/www.gaveanews.com\/wp-content\/uploads\/filipe-luis-campeao-maracana-860x538-1.webp","datePublished":"2024-10-01T00:50:46+00:00","dateModified":"2024-10-01T00:50:48+00:00","author":{"@id":"https:\/\/www.gaveanews.com\/#\/schema\/person\/2ec14f73fb96be2caf28f91afb14749d"},"breadcrumb":{"@id":"https:\/\/www.gaveanews.com\/index.php\/2024\/09\/30\/a-primeira-declaracao-de-filipe-luis-enquanto-treinador-do-flamengo\/#breadcrumb"},"inLanguage":"pt-BR","potentialAction":[{"@type":"ReadAction","target":["https:\/\/www.gaveanews.com\/index.php\/2024\/09\/30\/a-primeira-declaracao-de-filipe-luis-enquanto-treinador-do-flamengo\/"]}]},{"@type":"ImageObject","inLanguage":"pt-BR","@id":"https:\/\/www.gaveanews.com\/index.php\/2024\/09\/30\/a-primeira-declaracao-de-filipe-luis-enquanto-treinador-do-flamengo\/#primaryimage","url":"https:\/\/www.gaveanews.com\/wp-content\/uploads\/filipe-luis-campeao-maracana-860x538-1.webp","contentUrl":"https:\/\/www.gaveanews.com\/wp-content\/uploads\/filipe-luis-campeao-maracana-860x538-1.webp","width":860,"height":538,"caption":"Foto: Adriano Fontes \/ Flamengo"},{"@type":"BreadcrumbList","@id":"https:\/\/www.gaveanews.com\/index.php\/2024\/09\/30\/a-primeira-declaracao-de-filipe-luis-enquanto-treinador-do-flamengo\/#breadcrumb","itemListElement":[{"@type":"ListItem","position":1,"name":"Home","item":"https:\/\/www.gaveanews.com\/"},{"@type":"ListItem","position":2,"name":"A primeira declara\u00e7\u00e3o de Filipe Lu\u00eds enquanto treinador do Flamengo"}]},{"@type":"WebSite","@id":"https:\/\/www.gaveanews.com\/#website","url":"https:\/\/www.gaveanews.com\/","name":"G\u00e1vea News","description":"Veja todas as not\u00edcias sobre o Flamengo: Contrata\u00e7\u00f5es, categorias de base, resultados das partidas, tabela de classifica\u00e7\u00e3o, pr\u00f3ximos jogos!","potentialAction":[{"@type":"SearchAction","target":{"@type":"EntryPoint","urlTemplate":"https:\/\/www.gaveanews.com\/?s={search_term_string}"},"query-input":{"@type":"PropertyValueSpecification","valueRequired":true,"valueName":"search_term_string"}}],"inLanguage":"pt-BR"},{"@type":"Person","@id":"https:\/\/www.gaveanews.com\/#\/schema\/person\/2ec14f73fb96be2caf28f91afb14749d","name":"Equipe G\u00e1vea News","image":{"@type":"ImageObject","inLanguage":"pt-BR","@id":"https:\/\/www.gaveanews.com\/#\/schema\/person\/image\/","url":"https:\/\/secure.gravatar.com\/avatar\/1e1956f1facbffd3f8fa53a326721950116b3b9dc9bd44939c01180fd4a745a9?s=96&d=mm&r=g","contentUrl":"https:\/\/secure.gravatar.com\/avatar\/1e1956f1facbffd3f8fa53a326721950116b3b9dc9bd44939c01180fd4a745a9?s=96&d=mm&r=g","caption":"Equipe G\u00e1vea News"}}]}},"_links":{"self":[{"href":"https:\/\/www.gaveanews.com\/index.php\/wp-json\/wp\/v2\/posts\/170363","targetHints":{"allow":["GET"]}}],"collection":[{"href":"https:\/\/www.gaveanews.com\/index.php\/wp-json\/wp\/v2\/posts"}],"about":[{"href":"https:\/\/www.gaveanews.com\/index.php\/wp-json\/wp\/v2\/types\/post"}],"author":[{"embeddable":true,"href":"https:\/\/www.gaveanews.com\/index.php\/wp-json\/wp\/v2\/users\/1"}],"replies":[{"embeddable":true,"href":"https:\/\/www.gaveanews.com\/index.php\/wp-json\/wp\/v2\/comments?post=170363"}],"version-history":[{"count":1,"href":"https:\/\/www.gaveanews.com\/index.php\/wp-json\/wp\/v2\/posts\/170363\/revisions"}],"predecessor-version":[{"id":170365,"href":"https:\/\/www.gaveanews.com\/index.php\/wp-json\/wp\/v2\/posts\/170363\/revisions\/170365"}],"wp:featuredmedia":[{"embeddable":true,"href":"https:\/\/www.gaveanews.com\/index.php\/wp-json\/wp\/v2\/media\/161321"}],"wp:attachment":[{"href":"https:\/\/www.gaveanews.com\/index.php\/wp-json\/wp\/v2\/media?parent=170363"}],"wp:term":[{"taxonomy":"category","embeddable":true,"href":"https:\/\/www.gaveanews.com\/index.php\/wp-json\/wp\/v2\/categories?post=170363"},{"taxonomy":"post_tag","embeddable":true,"href":"https:\/\/www.gaveanews.com\/index.php\/wp-json\/wp\/v2\/tags?post=170363"}],"curies":[{"name":"wp","href":"https:\/\/api.w.org\/{rel}","templated":true}]}}