{"id":170469,"date":"2024-10-01T13:30:00","date_gmt":"2024-10-01T16:30:00","guid":{"rendered":"https:\/\/www.gaveanews.com\/?p=170469"},"modified":"2024-10-01T12:15:34","modified_gmt":"2024-10-01T15:15:34","slug":"a-declaracao-de-tiago-leifert-direcionada-a-filipe-luis-do-flamengo","status":"publish","type":"post","link":"https:\/\/www.gaveanews.com\/index.php\/2024\/10\/01\/a-declaracao-de-tiago-leifert-direcionada-a-filipe-luis-do-flamengo\/","title":{"rendered":"A declara\u00e7\u00e3o de Tiago Leifert direcionada a Filipe Lu\u00eds, do Flamengo"},"content":{"rendered":"\n<p>Tite deixou de ser o treinador do Flamengo. Na manh\u00e3 de segunda-feira (30), o clube carioca comunicou a sa\u00edda do t\u00e9cnico. Filipe Lu\u00eds, ex-jogador e treinador do time sub-20, vai assumir a equipe de forma interina.<\/p>\n\n\n\n<ul class=\"wp-block-list\">\n<li><a href=\"https:\/\/www.gaveanews.com\/index.php\/2024\/10\/01\/flamengo-usou-o-jogo-contra-o-athletico-para-fazer-teste-com-tite-entenda\/\">Flamengo usou o jogo contra o Athletico para fazer teste com Tite; entenda<\/a><\/li>\n\n\n\n<li><a href=\"https:\/\/www.gaveanews.com\/index.php\/2024\/10\/01\/filipe-luis-toma-a-mesma-atitude-que-jorge-jesus-durante-seu-primeiro-treino-no-flamengo\/\">Filipe Lu\u00eds toma a mesma atitude que Jorge Jesus durante seu primeiro treino no Flamengo<br><\/a><\/li>\n<\/ul>\n\n\n\n<p>Ap\u00f3s construir uma trajet\u00f3ria de quase cinco anos (entre 2019 e 2023) e conquistar v\u00e1rios t\u00edtulos como jogador, o treinador j\u00e1 possui em seu hist\u00f3rico de comando a Copa Rio Sub-17 e o Mundial de Clubes Sub-20.<\/p>\n\n\n\n<p>Com essa not\u00edcia n\u00e3o pegou todos de surpresa pois j\u00e1 havia not\u00edcias que Filipe iria assumir o Flamengo caso Tite ca\u00edsse, com isso o comentarista Tiago Leifert deu sua opini\u00e3o sobre o novo t\u00e9cnico do clube carioca pra ele, o novo comandante sabe muito de futebol, o comentarista ainda destaca em v\u00eddeo que o Tite perdeu completamente o vesti\u00e1rio que foi um dos motivos da sua demiss\u00e3o, veja a declara\u00e7\u00e3o:<\/p>\n\n\n\n<blockquote class=\"tiktok-embed\" cite=\"https:\/\/www.tiktok.com\/@tnvsports\/video\/7420444926573317382\" data-video-id=\"7420444926573317382\" style=\"max-width: 605px;min-width: 325px;\" > <section> <a target=\"_blank\" title=\"@tnvsports\" href=\"https:\/\/www.tiktok.com\/@tnvsports?refer=embed\" rel=\"noopener\">@tnvsports<\/a> <a title=\"flamengo\" target=\"_blank\" href=\"https:\/\/www.tiktok.com\/tag\/flamengo?refer=embed\" rel=\"noopener\">#flamengo<\/a> <a title=\"filipeluis\" target=\"_blank\" href=\"https:\/\/www.tiktok.com\/tag\/filipeluis?refer=embed\" rel=\"noopener\">#filipeluis<\/a> <a title=\"tiktokesportes\" target=\"_blank\" href=\"https:\/\/www.tiktok.com\/tag\/tiktokesportes?refer=embed\" rel=\"noopener\">#tiktokesportes<\/a> <a target=\"_blank\" title=\"\u266c Experience (Cover Ludovico Einaudi) - \u5317\u663c\" href=\"https:\/\/www.tiktok.com\/music\/Experience-Cover-Ludovico-Einaudi-7111571383352379400?refer=embed\" rel=\"noopener\">\u266c Experience (Cover Ludovico Einaudi) &#8211; \u5317\u663c<\/a> <\/section> <\/blockquote> <script async src=\"https:\/\/www.tiktok.com\/embed.js\"><\/script>\n\n\n\n<p>O Flamengo divulgou, al\u00e9m de Filipe Lu\u00eds, os nomes que far\u00e3o parte da equipe t\u00e9cnica do novo t\u00e9cnico do time profissional. Tr\u00eas assistentes ser\u00e3o designados Ivan Palanco, M\u00e1rcio Torres e Daniel Alegria. Diogo Linhas \u00e9 o respons\u00e1vel pelo preparo f\u00edsico.<\/p>\n\n\n\n<p>Todos os integrantes da equipe t\u00e9cnica de Filipe Lu\u00eds no futebol profissional do Flamengo j\u00e1 pertenciam ao clube. Isso se deve ao fato de que M\u00e1rcio Torres e Diogo Linhares integravam o time sub-20 junto com Filipinho. Em contrapartida, Ivan Palanco e Daniel Alegria chegaram ao Rubro-Negro para colaborar com o t\u00e9cnico na equipe sub-17.<\/p>\n\n\n\n<p>O Flamengo tamb\u00e9m confirmou que o assistente Vinicius Bergantin e o analista de desempenho Bruno Baquete continuam no clube na equipe sob o comando de Filipinho.<\/p>\n","protected":false},"excerpt":{"rendered":"<p>A declara\u00e7\u00e3o de Tiago Leifert direcionada a Filipe Lu\u00eds, do Flamengo<\/p>\n","protected":false},"author":16,"featured_media":102417,"comment_status":"open","ping_status":"closed","sticky":false,"template":"","format":"standard","meta":{"footnotes":""},"categories":[1,40],"tags":[],"class_list":["post-170469","post","type-post","status-publish","format-standard","has-post-thumbnail","hentry","category-flamengo","category-video"],"yoast_head":"<!-- This site is optimized with the Yoast SEO Premium plugin v24.2 (Yoast SEO v26.9) - https:\/\/yoast.com\/product\/yoast-seo-premium-wordpress\/ -->\n<title>A declara\u00e7\u00e3o de Tiago Leifert direcionada a Filipe Lu\u00eds, do Flamengo<\/title>\n<meta name=\"description\" content=\"A declara\u00e7\u00e3o de Tiago Leifert direcionada a Filipe Lu\u00eds, do Flamengo\" \/>\n<meta name=\"robots\" content=\"index, follow, max-snippet:-1, max-image-preview:large, max-video-preview:-1\" \/>\n<link rel=\"canonical\" href=\"https:\/\/www.gaveanews.com\/index.php\/2024\/10\/01\/a-declaracao-de-tiago-leifert-direcionada-a-filipe-luis-do-flamengo\/\" \/>\n<meta property=\"og:locale\" content=\"pt_BR\" \/>\n<meta property=\"og:type\" content=\"article\" \/>\n<meta property=\"og:title\" content=\"A declara\u00e7\u00e3o de Tiago Leifert direcionada a Filipe Lu\u00eds, do Flamengo\" \/>\n<meta property=\"og:description\" content=\"A declara\u00e7\u00e3o de Tiago Leifert direcionada a Filipe Lu\u00eds, do Flamengo\" \/>\n<meta property=\"og:url\" content=\"https:\/\/www.gaveanews.com\/index.php\/2024\/10\/01\/a-declaracao-de-tiago-leifert-direcionada-a-filipe-luis-do-flamengo\/\" \/>\n<meta property=\"og:site_name\" content=\"G\u00e1vea News\" \/>\n<meta property=\"article:publisher\" content=\"https:\/\/facebook.com\/gaveaNews\/\" \/>\n<meta property=\"article:published_time\" content=\"2024-10-01T16:30:00+00:00\" \/>\n<meta property=\"og:image\" content=\"https:\/\/www.gaveanews.com\/wp-content\/uploads\/tiago-leifert-morte-torcedora-palmeiras-flamengo.webp\" \/>\n\t<meta property=\"og:image:width\" content=\"640\" \/>\n\t<meta property=\"og:image:height\" content=\"400\" \/>\n\t<meta property=\"og:image:type\" content=\"image\/jpeg\" \/>\n<meta name=\"author\" content=\"D\u00e9bora Figueiredo\" \/>\n<meta name=\"twitter:card\" content=\"summary_large_image\" \/>\n<meta name=\"twitter:label1\" content=\"Escrito por\" \/>\n\t<meta name=\"twitter:data1\" content=\"D\u00e9bora Figueiredo\" \/>\n\t<meta name=\"twitter:label2\" content=\"Est. tempo de leitura\" \/>\n\t<meta name=\"twitter:data2\" content=\"2 minutos\" \/>\n<script type=\"application\/ld+json\" class=\"yoast-schema-graph\">{\"@context\":\"https:\/\/schema.org\",\"@graph\":[{\"@type\":\"NewsArticle\",\"@id\":\"https:\/\/www.gaveanews.com\/index.php\/2024\/10\/01\/a-declaracao-de-tiago-leifert-direcionada-a-filipe-luis-do-flamengo\/#article\",\"isPartOf\":{\"@id\":\"https:\/\/www.gaveanews.com\/index.php\/2024\/10\/01\/a-declaracao-de-tiago-leifert-direcionada-a-filipe-luis-do-flamengo\/\"},\"author\":{\"name\":\"D\u00e9bora Figueiredo\",\"@id\":\"https:\/\/www.gaveanews.com\/#\/schema\/person\/37122681a8575a5c8db05a56f099a5e4\"},\"headline\":\"A declara\u00e7\u00e3o de Tiago Leifert direcionada a Filipe Lu\u00eds, do Flamengo\",\"datePublished\":\"2024-10-01T16:30:00+00:00\",\"mainEntityOfPage\":{\"@id\":\"https:\/\/www.gaveanews.com\/index.php\/2024\/10\/01\/a-declaracao-de-tiago-leifert-direcionada-a-filipe-luis-do-flamengo\/\"},\"wordCount\":344,\"commentCount\":0,\"image\":{\"@id\":\"https:\/\/www.gaveanews.com\/index.php\/2024\/10\/01\/a-declaracao-de-tiago-leifert-direcionada-a-filipe-luis-do-flamengo\/#primaryimage\"},\"thumbnailUrl\":\"https:\/\/www.gaveanews.com\/wp-content\/uploads\/tiago-leifert-morte-torcedora-palmeiras-flamengo.webp\",\"articleSection\":[\"Flamengo\",\"V\u00eddeos\"],\"inLanguage\":\"pt-BR\",\"potentialAction\":[{\"@type\":\"CommentAction\",\"name\":\"Comment\",\"target\":[\"https:\/\/www.gaveanews.com\/index.php\/2024\/10\/01\/a-declaracao-de-tiago-leifert-direcionada-a-filipe-luis-do-flamengo\/#respond\"]}],\"copyrightYear\":\"2024\",\"copyrightHolder\":{\"@id\":\"https:\/\/www.gaveanews.com\/#organization\"}},{\"@type\":\"WebPage\",\"@id\":\"https:\/\/www.gaveanews.com\/index.php\/2024\/10\/01\/a-declaracao-de-tiago-leifert-direcionada-a-filipe-luis-do-flamengo\/\",\"url\":\"https:\/\/www.gaveanews.com\/index.php\/2024\/10\/01\/a-declaracao-de-tiago-leifert-direcionada-a-filipe-luis-do-flamengo\/\",\"name\":\"A declara\u00e7\u00e3o de Tiago Leifert direcionada a Filipe Lu\u00eds, do Flamengo\",\"isPartOf\":{\"@id\":\"https:\/\/www.gaveanews.com\/#website\"},\"primaryImageOfPage\":{\"@id\":\"https:\/\/www.gaveanews.com\/index.php\/2024\/10\/01\/a-declaracao-de-tiago-leifert-direcionada-a-filipe-luis-do-flamengo\/#primaryimage\"},\"image\":{\"@id\":\"https:\/\/www.gaveanews.com\/index.php\/2024\/10\/01\/a-declaracao-de-tiago-leifert-direcionada-a-filipe-luis-do-flamengo\/#primaryimage\"},\"thumbnailUrl\":\"https:\/\/www.gaveanews.com\/wp-content\/uploads\/tiago-leifert-morte-torcedora-palmeiras-flamengo.webp\",\"datePublished\":\"2024-10-01T16:30:00+00:00\",\"author\":{\"@id\":\"https:\/\/www.gaveanews.com\/#\/schema\/person\/37122681a8575a5c8db05a56f099a5e4\"},\"description\":\"A declara\u00e7\u00e3o de Tiago Leifert direcionada a Filipe Lu\u00eds, do Flamengo\",\"breadcrumb\":{\"@id\":\"https:\/\/www.gaveanews.com\/index.php\/2024\/10\/01\/a-declaracao-de-tiago-leifert-direcionada-a-filipe-luis-do-flamengo\/#breadcrumb\"},\"inLanguage\":\"pt-BR\",\"potentialAction\":[{\"@type\":\"ReadAction\",\"target\":[\"https:\/\/www.gaveanews.com\/index.php\/2024\/10\/01\/a-declaracao-de-tiago-leifert-direcionada-a-filipe-luis-do-flamengo\/\"]}]},{\"@type\":\"ImageObject\",\"inLanguage\":\"pt-BR\",\"@id\":\"https:\/\/www.gaveanews.com\/index.php\/2024\/10\/01\/a-declaracao-de-tiago-leifert-direcionada-a-filipe-luis-do-flamengo\/#primaryimage\",\"url\":\"https:\/\/www.gaveanews.com\/wp-content\/uploads\/tiago-leifert-morte-torcedora-palmeiras-flamengo.webp\",\"contentUrl\":\"https:\/\/www.gaveanews.com\/wp-content\/uploads\/tiago-leifert-morte-torcedora-palmeiras-flamengo.webp\",\"width\":640,\"height\":400,\"caption\":\"Tiago Leifert (Foto: Reprodu\u00e7\u00e3o)\"},{\"@type\":\"BreadcrumbList\",\"@id\":\"https:\/\/www.gaveanews.com\/index.php\/2024\/10\/01\/a-declaracao-de-tiago-leifert-direcionada-a-filipe-luis-do-flamengo\/#breadcrumb\",\"itemListElement\":[{\"@type\":\"ListItem\",\"position\":1,\"name\":\"Home\",\"item\":\"https:\/\/www.gaveanews.com\/\"},{\"@type\":\"ListItem\",\"position\":2,\"name\":\"A declara\u00e7\u00e3o de Tiago Leifert direcionada a Filipe Lu\u00eds, do Flamengo\"}]},{\"@type\":\"WebSite\",\"@id\":\"https:\/\/www.gaveanews.com\/#website\",\"url\":\"https:\/\/www.gaveanews.com\/\",\"name\":\"G\u00e1vea News\",\"description\":\"Veja todas as not\u00edcias sobre o Flamengo: Contrata\u00e7\u00f5es, categorias de base, resultados das partidas, tabela de classifica\u00e7\u00e3o, pr\u00f3ximos jogos!\",\"potentialAction\":[{\"@type\":\"SearchAction\",\"target\":{\"@type\":\"EntryPoint\",\"urlTemplate\":\"https:\/\/www.gaveanews.com\/?s={search_term_string}\"},\"query-input\":{\"@type\":\"PropertyValueSpecification\",\"valueRequired\":true,\"valueName\":\"search_term_string\"}}],\"inLanguage\":\"pt-BR\"},{\"@type\":\"Person\",\"@id\":\"https:\/\/www.gaveanews.com\/#\/schema\/person\/37122681a8575a5c8db05a56f099a5e4\",\"name\":\"D\u00e9bora Figueiredo\",\"image\":{\"@type\":\"ImageObject\",\"inLanguage\":\"pt-BR\",\"@id\":\"https:\/\/www.gaveanews.com\/#\/schema\/person\/image\/\",\"url\":\"https:\/\/secure.gravatar.com\/avatar\/1f44802859351588499d26f52aed1d15796ce17e67602895b72837c08018868d?s=96&d=mm&r=g\",\"contentUrl\":\"https:\/\/secure.gravatar.com\/avatar\/1f44802859351588499d26f52aed1d15796ce17e67602895b72837c08018868d?s=96&d=mm&r=g\",\"caption\":\"D\u00e9bora Figueiredo\"}}]}<\/script>\n<!-- \/ Yoast SEO Premium plugin. -->","yoast_head_json":{"title":"A declara\u00e7\u00e3o de Tiago Leifert direcionada a Filipe Lu\u00eds, do Flamengo","description":"A declara\u00e7\u00e3o de Tiago Leifert direcionada a Filipe Lu\u00eds, do Flamengo","robots":{"index":"index","follow":"follow","max-snippet":"max-snippet:-1","max-image-preview":"max-image-preview:large","max-video-preview":"max-video-preview:-1"},"canonical":"https:\/\/www.gaveanews.com\/index.php\/2024\/10\/01\/a-declaracao-de-tiago-leifert-direcionada-a-filipe-luis-do-flamengo\/","og_locale":"pt_BR","og_type":"article","og_title":"A declara\u00e7\u00e3o de Tiago Leifert direcionada a Filipe Lu\u00eds, do Flamengo","og_description":"A declara\u00e7\u00e3o de Tiago Leifert direcionada a Filipe Lu\u00eds, do Flamengo","og_url":"https:\/\/www.gaveanews.com\/index.php\/2024\/10\/01\/a-declaracao-de-tiago-leifert-direcionada-a-filipe-luis-do-flamengo\/","og_site_name":"G\u00e1vea News","article_publisher":"https:\/\/facebook.com\/gaveaNews\/","article_published_time":"2024-10-01T16:30:00+00:00","og_image":[{"width":640,"height":400,"url":"https:\/\/www.gaveanews.com\/wp-content\/uploads\/tiago-leifert-morte-torcedora-palmeiras-flamengo.webp","type":"image\/jpeg"}],"author":"D\u00e9bora Figueiredo","twitter_card":"summary_large_image","twitter_misc":{"Escrito por":"D\u00e9bora Figueiredo","Est. tempo de leitura":"2 minutos"},"schema":{"@context":"https:\/\/schema.org","@graph":[{"@type":"NewsArticle","@id":"https:\/\/www.gaveanews.com\/index.php\/2024\/10\/01\/a-declaracao-de-tiago-leifert-direcionada-a-filipe-luis-do-flamengo\/#article","isPartOf":{"@id":"https:\/\/www.gaveanews.com\/index.php\/2024\/10\/01\/a-declaracao-de-tiago-leifert-direcionada-a-filipe-luis-do-flamengo\/"},"author":{"name":"D\u00e9bora Figueiredo","@id":"https:\/\/www.gaveanews.com\/#\/schema\/person\/37122681a8575a5c8db05a56f099a5e4"},"headline":"A declara\u00e7\u00e3o de Tiago Leifert direcionada a Filipe Lu\u00eds, do Flamengo","datePublished":"2024-10-01T16:30:00+00:00","mainEntityOfPage":{"@id":"https:\/\/www.gaveanews.com\/index.php\/2024\/10\/01\/a-declaracao-de-tiago-leifert-direcionada-a-filipe-luis-do-flamengo\/"},"wordCount":344,"commentCount":0,"image":{"@id":"https:\/\/www.gaveanews.com\/index.php\/2024\/10\/01\/a-declaracao-de-tiago-leifert-direcionada-a-filipe-luis-do-flamengo\/#primaryimage"},"thumbnailUrl":"https:\/\/www.gaveanews.com\/wp-content\/uploads\/tiago-leifert-morte-torcedora-palmeiras-flamengo.webp","articleSection":["Flamengo","V\u00eddeos"],"inLanguage":"pt-BR","potentialAction":[{"@type":"CommentAction","name":"Comment","target":["https:\/\/www.gaveanews.com\/index.php\/2024\/10\/01\/a-declaracao-de-tiago-leifert-direcionada-a-filipe-luis-do-flamengo\/#respond"]}],"copyrightYear":"2024","copyrightHolder":{"@id":"https:\/\/www.gaveanews.com\/#organization"}},{"@type":"WebPage","@id":"https:\/\/www.gaveanews.com\/index.php\/2024\/10\/01\/a-declaracao-de-tiago-leifert-direcionada-a-filipe-luis-do-flamengo\/","url":"https:\/\/www.gaveanews.com\/index.php\/2024\/10\/01\/a-declaracao-de-tiago-leifert-direcionada-a-filipe-luis-do-flamengo\/","name":"A declara\u00e7\u00e3o de Tiago Leifert direcionada a Filipe Lu\u00eds, do Flamengo","isPartOf":{"@id":"https:\/\/www.gaveanews.com\/#website"},"primaryImageOfPage":{"@id":"https:\/\/www.gaveanews.com\/index.php\/2024\/10\/01\/a-declaracao-de-tiago-leifert-direcionada-a-filipe-luis-do-flamengo\/#primaryimage"},"image":{"@id":"https:\/\/www.gaveanews.com\/index.php\/2024\/10\/01\/a-declaracao-de-tiago-leifert-direcionada-a-filipe-luis-do-flamengo\/#primaryimage"},"thumbnailUrl":"https:\/\/www.gaveanews.com\/wp-content\/uploads\/tiago-leifert-morte-torcedora-palmeiras-flamengo.webp","datePublished":"2024-10-01T16:30:00+00:00","author":{"@id":"https:\/\/www.gaveanews.com\/#\/schema\/person\/37122681a8575a5c8db05a56f099a5e4"},"description":"A declara\u00e7\u00e3o de Tiago Leifert direcionada a Filipe Lu\u00eds, do Flamengo","breadcrumb":{"@id":"https:\/\/www.gaveanews.com\/index.php\/2024\/10\/01\/a-declaracao-de-tiago-leifert-direcionada-a-filipe-luis-do-flamengo\/#breadcrumb"},"inLanguage":"pt-BR","potentialAction":[{"@type":"ReadAction","target":["https:\/\/www.gaveanews.com\/index.php\/2024\/10\/01\/a-declaracao-de-tiago-leifert-direcionada-a-filipe-luis-do-flamengo\/"]}]},{"@type":"ImageObject","inLanguage":"pt-BR","@id":"https:\/\/www.gaveanews.com\/index.php\/2024\/10\/01\/a-declaracao-de-tiago-leifert-direcionada-a-filipe-luis-do-flamengo\/#primaryimage","url":"https:\/\/www.gaveanews.com\/wp-content\/uploads\/tiago-leifert-morte-torcedora-palmeiras-flamengo.webp","contentUrl":"https:\/\/www.gaveanews.com\/wp-content\/uploads\/tiago-leifert-morte-torcedora-palmeiras-flamengo.webp","width":640,"height":400,"caption":"Tiago Leifert (Foto: Reprodu\u00e7\u00e3o)"},{"@type":"BreadcrumbList","@id":"https:\/\/www.gaveanews.com\/index.php\/2024\/10\/01\/a-declaracao-de-tiago-leifert-direcionada-a-filipe-luis-do-flamengo\/#breadcrumb","itemListElement":[{"@type":"ListItem","position":1,"name":"Home","item":"https:\/\/www.gaveanews.com\/"},{"@type":"ListItem","position":2,"name":"A declara\u00e7\u00e3o de Tiago Leifert direcionada a Filipe Lu\u00eds, do Flamengo"}]},{"@type":"WebSite","@id":"https:\/\/www.gaveanews.com\/#website","url":"https:\/\/www.gaveanews.com\/","name":"G\u00e1vea News","description":"Veja todas as not\u00edcias sobre o Flamengo: Contrata\u00e7\u00f5es, categorias de base, resultados das partidas, tabela de classifica\u00e7\u00e3o, pr\u00f3ximos jogos!","potentialAction":[{"@type":"SearchAction","target":{"@type":"EntryPoint","urlTemplate":"https:\/\/www.gaveanews.com\/?s={search_term_string}"},"query-input":{"@type":"PropertyValueSpecification","valueRequired":true,"valueName":"search_term_string"}}],"inLanguage":"pt-BR"},{"@type":"Person","@id":"https:\/\/www.gaveanews.com\/#\/schema\/person\/37122681a8575a5c8db05a56f099a5e4","name":"D\u00e9bora Figueiredo","image":{"@type":"ImageObject","inLanguage":"pt-BR","@id":"https:\/\/www.gaveanews.com\/#\/schema\/person\/image\/","url":"https:\/\/secure.gravatar.com\/avatar\/1f44802859351588499d26f52aed1d15796ce17e67602895b72837c08018868d?s=96&d=mm&r=g","contentUrl":"https:\/\/secure.gravatar.com\/avatar\/1f44802859351588499d26f52aed1d15796ce17e67602895b72837c08018868d?s=96&d=mm&r=g","caption":"D\u00e9bora Figueiredo"}}]}},"_links":{"self":[{"href":"https:\/\/www.gaveanews.com\/index.php\/wp-json\/wp\/v2\/posts\/170469","targetHints":{"allow":["GET"]}}],"collection":[{"href":"https:\/\/www.gaveanews.com\/index.php\/wp-json\/wp\/v2\/posts"}],"about":[{"href":"https:\/\/www.gaveanews.com\/index.php\/wp-json\/wp\/v2\/types\/post"}],"author":[{"embeddable":true,"href":"https:\/\/www.gaveanews.com\/index.php\/wp-json\/wp\/v2\/users\/16"}],"replies":[{"embeddable":true,"href":"https:\/\/www.gaveanews.com\/index.php\/wp-json\/wp\/v2\/comments?post=170469"}],"version-history":[{"count":2,"href":"https:\/\/www.gaveanews.com\/index.php\/wp-json\/wp\/v2\/posts\/170469\/revisions"}],"predecessor-version":[{"id":170502,"href":"https:\/\/www.gaveanews.com\/index.php\/wp-json\/wp\/v2\/posts\/170469\/revisions\/170502"}],"wp:featuredmedia":[{"embeddable":true,"href":"https:\/\/www.gaveanews.com\/index.php\/wp-json\/wp\/v2\/media\/102417"}],"wp:attachment":[{"href":"https:\/\/www.gaveanews.com\/index.php\/wp-json\/wp\/v2\/media?parent=170469"}],"wp:term":[{"taxonomy":"category","embeddable":true,"href":"https:\/\/www.gaveanews.com\/index.php\/wp-json\/wp\/v2\/categories?post=170469"},{"taxonomy":"post_tag","embeddable":true,"href":"https:\/\/www.gaveanews.com\/index.php\/wp-json\/wp\/v2\/tags?post=170469"}],"curies":[{"name":"wp","href":"https:\/\/api.w.org\/{rel}","templated":true}]}}