{"id":170520,"date":"2024-10-01T17:00:00","date_gmt":"2024-10-01T20:00:00","guid":{"rendered":"https:\/\/www.gaveanews.com\/?p=170520"},"modified":"2024-10-01T15:46:53","modified_gmt":"2024-10-01T18:46:53","slug":"a-declaracao-de-pvc-sobre-a-mudanca-de-data-da-copa-do-brasil","status":"publish","type":"post","link":"https:\/\/www.gaveanews.com\/index.php\/2024\/10\/01\/a-declaracao-de-pvc-sobre-a-mudanca-de-data-da-copa-do-brasil\/","title":{"rendered":"A declara\u00e7\u00e3o de PVC sobre a mudan\u00e7a de data da Copa do Brasil"},"content":{"rendered":"\n<p>Na semana passada, a CBF anunciou a mudan\u00e7a de data dos segundos jogos das semifinais da Copa do Brasil, o que gerou uma grande pol\u00eamica. Desde ent\u00e3o, o assunto n\u00e3o sai dos programas esportivos e das redes sociais, e est\u00e1 longe de chegar ao fim. Todos os times envolvidos est\u00e3o em busca de defender seus interesses, e sabemos que, aqui no Brasil, esse tipo de novela costuma durar bastante tempo, podendo se estender at\u00e9 ap\u00f3s o fim do torneio, com viradas de mesa, recursos, etc.<\/p>\n\n\n\n<ul class=\"wp-block-list\">\n<li><a href=\"https:\/\/www.gaveanews.com\/index.php\/2024\/09\/30\/a-declaracao-de-neto-sobre-a-polemica-na-copa-do-brasil\/\">A declara\u00e7\u00e3o de Neto sobre a pol\u00eamica na Copa do Brasil<\/a><\/li>\n\n\n\n<li><a href=\"https:\/\/www.gaveanews.com\/index.php\/2024\/10\/01\/justica-recusa-pedido-feito-pelo-corinthians\/\">Justi\u00e7a recusa pedido feito pelo Corinthians<\/a><\/li>\n<\/ul>\n\n\n\n<p>Vasco e Corinthians recorreram ao STJD para tentar reverter a decis\u00e3o da CBF, pois se sentiram prejudicados. Os jogos, que estavam marcados para o meio da semana, foram remarcados para s\u00e1bado (19) e domingo (20), o que alteraria a prepara\u00e7\u00e3o de diversos times envolvidos, al\u00e9m de impactar as datas do Campeonato Brasileiro.<\/p>\n\n\n\n<p>Mesmo com Vasco e Corinthians recorrendo ao STJD, PVC acha dif\u00edcil que a CBF volte atr\u00e1s de sua decis\u00e3o, pois, segundo ele, isso seria admitir um erro grotesco.<\/p>\n\n\n\n<p>&#8220;A CBF n\u00e3o vai voltar atr\u00e1s, porque isso significaria admitir esse erro grotesco. Eles n\u00e3o v\u00e3o mudar a data novamente. O calend\u00e1rio foi decidido em outubro do ano passado, e ningu\u00e9m leu? A CBF n\u00e3o consegue organizar um calend\u00e1rio e, por isso, precisa sacrificar alguma coisa, e dessa vez foi a Copa do Brasil.&#8221;, disse PVC.<\/p>\n\n\n\n<p>PVC tamb\u00e9m falou sobre o planejamento do Flamengo em rela\u00e7\u00e3o ao Campeonato Brasileiro. De acordo com o jornalista, esse pedido de mudan\u00e7a de data deixou claro a pouca import\u00e2ncia que a diretoria rubro-negra d\u00e1 ao torneio, evidenciando que o foco est\u00e1 totalmente voltado para a Copa do Brasil.<\/p>\n\n\n\n<p> &#8220;O Flamengo querer mudar o Fla-Flu para quinta-feira e jogar desfalcado \u00e9 admitir que n\u00e3o est\u00e1 nem a\u00ed para o Brasileiro&#8221;, completou PVC no programa <em>De Primeira<\/em> do UOL Esportes.<\/p>\n","protected":false},"excerpt":{"rendered":"<p>Na semana passada, a CBF anunciou a mudan\u00e7a de data dos segundos jogos das semifinais da Copa do Brasil, o que gerou uma grande pol\u00eamica. Desde ent\u00e3o, o assunto n\u00e3o sai dos programas esportivos e das redes sociais, e est\u00e1 longe de chegar ao fim. Todos os times envolvidos est\u00e3o em busca de defender seus [&hellip;]<\/p>\n","protected":false},"author":27,"featured_media":118615,"comment_status":"open","ping_status":"closed","sticky":false,"template":"","format":"standard","meta":{"footnotes":""},"categories":[136,141,1,152],"tags":[],"class_list":["post-170520","post","type-post","status-publish","format-standard","has-post-thumbnail","hentry","category-atletico-mg","category-corinthians","category-flamengo","category-vasco"],"yoast_head":"<!-- This site is optimized with the Yoast SEO Premium plugin v24.2 (Yoast SEO v26.9) - https:\/\/yoast.com\/product\/yoast-seo-premium-wordpress\/ -->\n<title>A declara\u00e7\u00e3o de PVC sobre a mudan\u00e7a de data da Copa do Brasil<\/title>\n<meta name=\"robots\" content=\"index, follow, max-snippet:-1, max-image-preview:large, max-video-preview:-1\" \/>\n<link rel=\"canonical\" href=\"https:\/\/www.gaveanews.com\/index.php\/2024\/10\/01\/a-declaracao-de-pvc-sobre-a-mudanca-de-data-da-copa-do-brasil\/\" \/>\n<meta property=\"og:locale\" content=\"pt_BR\" \/>\n<meta property=\"og:type\" content=\"article\" \/>\n<meta property=\"og:title\" content=\"A declara\u00e7\u00e3o de PVC sobre a mudan\u00e7a de data da Copa do Brasil\" \/>\n<meta property=\"og:description\" content=\"Na semana passada, a CBF anunciou a mudan\u00e7a de data dos segundos jogos das semifinais da Copa do Brasil, o que gerou uma grande pol\u00eamica. Desde ent\u00e3o, o assunto n\u00e3o sai dos programas esportivos e das redes sociais, e est\u00e1 longe de chegar ao fim. Todos os times envolvidos est\u00e3o em busca de defender seus [&hellip;]\" \/>\n<meta property=\"og:url\" content=\"https:\/\/www.gaveanews.com\/index.php\/2024\/10\/01\/a-declaracao-de-pvc-sobre-a-mudanca-de-data-da-copa-do-brasil\/\" \/>\n<meta property=\"og:site_name\" content=\"G\u00e1vea News\" \/>\n<meta property=\"article:publisher\" content=\"https:\/\/facebook.com\/gaveaNews\/\" \/>\n<meta property=\"article:published_time\" content=\"2024-10-01T20:00:00+00:00\" \/>\n<meta property=\"og:image\" content=\"https:\/\/www.gaveanews.com\/wp-content\/uploads\/pvc-paulo-vinicius-coelho-saiu-da-globo-foto-reproducao-sportv_fixed_large.webp\" \/>\n\t<meta property=\"og:image:width\" content=\"990\" \/>\n\t<meta property=\"og:image:height\" content=\"619\" \/>\n\t<meta property=\"og:image:type\" content=\"image\/webp\" \/>\n<meta name=\"author\" content=\"Matheus Felipe\" \/>\n<meta name=\"twitter:card\" content=\"summary_large_image\" \/>\n<meta name=\"twitter:label1\" content=\"Escrito por\" \/>\n\t<meta name=\"twitter:data1\" content=\"Matheus Felipe\" \/>\n\t<meta name=\"twitter:label2\" content=\"Est. tempo de leitura\" \/>\n\t<meta name=\"twitter:data2\" content=\"2 minutos\" \/>\n<script type=\"application\/ld+json\" class=\"yoast-schema-graph\">{\"@context\":\"https:\/\/schema.org\",\"@graph\":[{\"@type\":\"NewsArticle\",\"@id\":\"https:\/\/www.gaveanews.com\/index.php\/2024\/10\/01\/a-declaracao-de-pvc-sobre-a-mudanca-de-data-da-copa-do-brasil\/#article\",\"isPartOf\":{\"@id\":\"https:\/\/www.gaveanews.com\/index.php\/2024\/10\/01\/a-declaracao-de-pvc-sobre-a-mudanca-de-data-da-copa-do-brasil\/\"},\"author\":{\"name\":\"Matheus Felipe\",\"@id\":\"https:\/\/www.gaveanews.com\/#\/schema\/person\/8207cd4627f56151707418bfc835b2fb\"},\"headline\":\"A declara\u00e7\u00e3o de PVC sobre a mudan\u00e7a de data da Copa do Brasil\",\"datePublished\":\"2024-10-01T20:00:00+00:00\",\"mainEntityOfPage\":{\"@id\":\"https:\/\/www.gaveanews.com\/index.php\/2024\/10\/01\/a-declaracao-de-pvc-sobre-a-mudanca-de-data-da-copa-do-brasil\/\"},\"wordCount\":357,\"commentCount\":0,\"image\":{\"@id\":\"https:\/\/www.gaveanews.com\/index.php\/2024\/10\/01\/a-declaracao-de-pvc-sobre-a-mudanca-de-data-da-copa-do-brasil\/#primaryimage\"},\"thumbnailUrl\":\"https:\/\/www.gaveanews.com\/wp-content\/uploads\/pvc-paulo-vinicius-coelho-saiu-da-globo-foto-reproducao-sportv_fixed_large.webp\",\"articleSection\":[\"Atl\u00e9tico-MG\",\"Corinthians\",\"Flamengo\",\"Vasco\"],\"inLanguage\":\"pt-BR\",\"potentialAction\":[{\"@type\":\"CommentAction\",\"name\":\"Comment\",\"target\":[\"https:\/\/www.gaveanews.com\/index.php\/2024\/10\/01\/a-declaracao-de-pvc-sobre-a-mudanca-de-data-da-copa-do-brasil\/#respond\"]}],\"copyrightYear\":\"2024\",\"copyrightHolder\":{\"@id\":\"https:\/\/www.gaveanews.com\/#organization\"}},{\"@type\":\"WebPage\",\"@id\":\"https:\/\/www.gaveanews.com\/index.php\/2024\/10\/01\/a-declaracao-de-pvc-sobre-a-mudanca-de-data-da-copa-do-brasil\/\",\"url\":\"https:\/\/www.gaveanews.com\/index.php\/2024\/10\/01\/a-declaracao-de-pvc-sobre-a-mudanca-de-data-da-copa-do-brasil\/\",\"name\":\"A declara\u00e7\u00e3o de PVC sobre a mudan\u00e7a de data da Copa do Brasil\",\"isPartOf\":{\"@id\":\"https:\/\/www.gaveanews.com\/#website\"},\"primaryImageOfPage\":{\"@id\":\"https:\/\/www.gaveanews.com\/index.php\/2024\/10\/01\/a-declaracao-de-pvc-sobre-a-mudanca-de-data-da-copa-do-brasil\/#primaryimage\"},\"image\":{\"@id\":\"https:\/\/www.gaveanews.com\/index.php\/2024\/10\/01\/a-declaracao-de-pvc-sobre-a-mudanca-de-data-da-copa-do-brasil\/#primaryimage\"},\"thumbnailUrl\":\"https:\/\/www.gaveanews.com\/wp-content\/uploads\/pvc-paulo-vinicius-coelho-saiu-da-globo-foto-reproducao-sportv_fixed_large.webp\",\"datePublished\":\"2024-10-01T20:00:00+00:00\",\"author\":{\"@id\":\"https:\/\/www.gaveanews.com\/#\/schema\/person\/8207cd4627f56151707418bfc835b2fb\"},\"breadcrumb\":{\"@id\":\"https:\/\/www.gaveanews.com\/index.php\/2024\/10\/01\/a-declaracao-de-pvc-sobre-a-mudanca-de-data-da-copa-do-brasil\/#breadcrumb\"},\"inLanguage\":\"pt-BR\",\"potentialAction\":[{\"@type\":\"ReadAction\",\"target\":[\"https:\/\/www.gaveanews.com\/index.php\/2024\/10\/01\/a-declaracao-de-pvc-sobre-a-mudanca-de-data-da-copa-do-brasil\/\"]}]},{\"@type\":\"ImageObject\",\"inLanguage\":\"pt-BR\",\"@id\":\"https:\/\/www.gaveanews.com\/index.php\/2024\/10\/01\/a-declaracao-de-pvc-sobre-a-mudanca-de-data-da-copa-do-brasil\/#primaryimage\",\"url\":\"https:\/\/www.gaveanews.com\/wp-content\/uploads\/pvc-paulo-vinicius-coelho-saiu-da-globo-foto-reproducao-sportv_fixed_large.webp\",\"contentUrl\":\"https:\/\/www.gaveanews.com\/wp-content\/uploads\/pvc-paulo-vinicius-coelho-saiu-da-globo-foto-reproducao-sportv_fixed_large.webp\",\"width\":990,\"height\":619,\"caption\":\"Paulo Vinicius Coelho em programa do Sportv - Foto: reprodu\u00e7\u00e3o\"},{\"@type\":\"BreadcrumbList\",\"@id\":\"https:\/\/www.gaveanews.com\/index.php\/2024\/10\/01\/a-declaracao-de-pvc-sobre-a-mudanca-de-data-da-copa-do-brasil\/#breadcrumb\",\"itemListElement\":[{\"@type\":\"ListItem\",\"position\":1,\"name\":\"Home\",\"item\":\"https:\/\/www.gaveanews.com\/\"},{\"@type\":\"ListItem\",\"position\":2,\"name\":\"A declara\u00e7\u00e3o de PVC sobre a mudan\u00e7a de data da Copa do Brasil\"}]},{\"@type\":\"WebSite\",\"@id\":\"https:\/\/www.gaveanews.com\/#website\",\"url\":\"https:\/\/www.gaveanews.com\/\",\"name\":\"G\u00e1vea News\",\"description\":\"Veja todas as not\u00edcias sobre o Flamengo: Contrata\u00e7\u00f5es, categorias de base, resultados das partidas, tabela de classifica\u00e7\u00e3o, pr\u00f3ximos jogos!\",\"potentialAction\":[{\"@type\":\"SearchAction\",\"target\":{\"@type\":\"EntryPoint\",\"urlTemplate\":\"https:\/\/www.gaveanews.com\/?s={search_term_string}\"},\"query-input\":{\"@type\":\"PropertyValueSpecification\",\"valueRequired\":true,\"valueName\":\"search_term_string\"}}],\"inLanguage\":\"pt-BR\"},{\"@type\":\"Person\",\"@id\":\"https:\/\/www.gaveanews.com\/#\/schema\/person\/8207cd4627f56151707418bfc835b2fb\",\"name\":\"Matheus Felipe\",\"image\":{\"@type\":\"ImageObject\",\"inLanguage\":\"pt-BR\",\"@id\":\"https:\/\/www.gaveanews.com\/#\/schema\/person\/image\/\",\"url\":\"https:\/\/secure.gravatar.com\/avatar\/a452ffbed9130f726358b298bb3a99ce4bd3c5338411f8440e87e14d74c7c087?s=96&d=mm&r=g\",\"contentUrl\":\"https:\/\/secure.gravatar.com\/avatar\/a452ffbed9130f726358b298bb3a99ce4bd3c5338411f8440e87e14d74c7c087?s=96&d=mm&r=g\",\"caption\":\"Matheus Felipe\"}}]}<\/script>\n<!-- \/ Yoast SEO Premium plugin. -->","yoast_head_json":{"title":"A declara\u00e7\u00e3o de PVC sobre a mudan\u00e7a de data da Copa do Brasil","robots":{"index":"index","follow":"follow","max-snippet":"max-snippet:-1","max-image-preview":"max-image-preview:large","max-video-preview":"max-video-preview:-1"},"canonical":"https:\/\/www.gaveanews.com\/index.php\/2024\/10\/01\/a-declaracao-de-pvc-sobre-a-mudanca-de-data-da-copa-do-brasil\/","og_locale":"pt_BR","og_type":"article","og_title":"A declara\u00e7\u00e3o de PVC sobre a mudan\u00e7a de data da Copa do Brasil","og_description":"Na semana passada, a CBF anunciou a mudan\u00e7a de data dos segundos jogos das semifinais da Copa do Brasil, o que gerou uma grande pol\u00eamica. Desde ent\u00e3o, o assunto n\u00e3o sai dos programas esportivos e das redes sociais, e est\u00e1 longe de chegar ao fim. Todos os times envolvidos est\u00e3o em busca de defender seus [&hellip;]","og_url":"https:\/\/www.gaveanews.com\/index.php\/2024\/10\/01\/a-declaracao-de-pvc-sobre-a-mudanca-de-data-da-copa-do-brasil\/","og_site_name":"G\u00e1vea News","article_publisher":"https:\/\/facebook.com\/gaveaNews\/","article_published_time":"2024-10-01T20:00:00+00:00","og_image":[{"width":990,"height":619,"url":"https:\/\/www.gaveanews.com\/wp-content\/uploads\/pvc-paulo-vinicius-coelho-saiu-da-globo-foto-reproducao-sportv_fixed_large.webp","type":"image\/webp"}],"author":"Matheus Felipe","twitter_card":"summary_large_image","twitter_misc":{"Escrito por":"Matheus Felipe","Est. tempo de leitura":"2 minutos"},"schema":{"@context":"https:\/\/schema.org","@graph":[{"@type":"NewsArticle","@id":"https:\/\/www.gaveanews.com\/index.php\/2024\/10\/01\/a-declaracao-de-pvc-sobre-a-mudanca-de-data-da-copa-do-brasil\/#article","isPartOf":{"@id":"https:\/\/www.gaveanews.com\/index.php\/2024\/10\/01\/a-declaracao-de-pvc-sobre-a-mudanca-de-data-da-copa-do-brasil\/"},"author":{"name":"Matheus Felipe","@id":"https:\/\/www.gaveanews.com\/#\/schema\/person\/8207cd4627f56151707418bfc835b2fb"},"headline":"A declara\u00e7\u00e3o de PVC sobre a mudan\u00e7a de data da Copa do Brasil","datePublished":"2024-10-01T20:00:00+00:00","mainEntityOfPage":{"@id":"https:\/\/www.gaveanews.com\/index.php\/2024\/10\/01\/a-declaracao-de-pvc-sobre-a-mudanca-de-data-da-copa-do-brasil\/"},"wordCount":357,"commentCount":0,"image":{"@id":"https:\/\/www.gaveanews.com\/index.php\/2024\/10\/01\/a-declaracao-de-pvc-sobre-a-mudanca-de-data-da-copa-do-brasil\/#primaryimage"},"thumbnailUrl":"https:\/\/www.gaveanews.com\/wp-content\/uploads\/pvc-paulo-vinicius-coelho-saiu-da-globo-foto-reproducao-sportv_fixed_large.webp","articleSection":["Atl\u00e9tico-MG","Corinthians","Flamengo","Vasco"],"inLanguage":"pt-BR","potentialAction":[{"@type":"CommentAction","name":"Comment","target":["https:\/\/www.gaveanews.com\/index.php\/2024\/10\/01\/a-declaracao-de-pvc-sobre-a-mudanca-de-data-da-copa-do-brasil\/#respond"]}],"copyrightYear":"2024","copyrightHolder":{"@id":"https:\/\/www.gaveanews.com\/#organization"}},{"@type":"WebPage","@id":"https:\/\/www.gaveanews.com\/index.php\/2024\/10\/01\/a-declaracao-de-pvc-sobre-a-mudanca-de-data-da-copa-do-brasil\/","url":"https:\/\/www.gaveanews.com\/index.php\/2024\/10\/01\/a-declaracao-de-pvc-sobre-a-mudanca-de-data-da-copa-do-brasil\/","name":"A declara\u00e7\u00e3o de PVC sobre a mudan\u00e7a de data da Copa do Brasil","isPartOf":{"@id":"https:\/\/www.gaveanews.com\/#website"},"primaryImageOfPage":{"@id":"https:\/\/www.gaveanews.com\/index.php\/2024\/10\/01\/a-declaracao-de-pvc-sobre-a-mudanca-de-data-da-copa-do-brasil\/#primaryimage"},"image":{"@id":"https:\/\/www.gaveanews.com\/index.php\/2024\/10\/01\/a-declaracao-de-pvc-sobre-a-mudanca-de-data-da-copa-do-brasil\/#primaryimage"},"thumbnailUrl":"https:\/\/www.gaveanews.com\/wp-content\/uploads\/pvc-paulo-vinicius-coelho-saiu-da-globo-foto-reproducao-sportv_fixed_large.webp","datePublished":"2024-10-01T20:00:00+00:00","author":{"@id":"https:\/\/www.gaveanews.com\/#\/schema\/person\/8207cd4627f56151707418bfc835b2fb"},"breadcrumb":{"@id":"https:\/\/www.gaveanews.com\/index.php\/2024\/10\/01\/a-declaracao-de-pvc-sobre-a-mudanca-de-data-da-copa-do-brasil\/#breadcrumb"},"inLanguage":"pt-BR","potentialAction":[{"@type":"ReadAction","target":["https:\/\/www.gaveanews.com\/index.php\/2024\/10\/01\/a-declaracao-de-pvc-sobre-a-mudanca-de-data-da-copa-do-brasil\/"]}]},{"@type":"ImageObject","inLanguage":"pt-BR","@id":"https:\/\/www.gaveanews.com\/index.php\/2024\/10\/01\/a-declaracao-de-pvc-sobre-a-mudanca-de-data-da-copa-do-brasil\/#primaryimage","url":"https:\/\/www.gaveanews.com\/wp-content\/uploads\/pvc-paulo-vinicius-coelho-saiu-da-globo-foto-reproducao-sportv_fixed_large.webp","contentUrl":"https:\/\/www.gaveanews.com\/wp-content\/uploads\/pvc-paulo-vinicius-coelho-saiu-da-globo-foto-reproducao-sportv_fixed_large.webp","width":990,"height":619,"caption":"Paulo Vinicius Coelho em programa do Sportv - Foto: reprodu\u00e7\u00e3o"},{"@type":"BreadcrumbList","@id":"https:\/\/www.gaveanews.com\/index.php\/2024\/10\/01\/a-declaracao-de-pvc-sobre-a-mudanca-de-data-da-copa-do-brasil\/#breadcrumb","itemListElement":[{"@type":"ListItem","position":1,"name":"Home","item":"https:\/\/www.gaveanews.com\/"},{"@type":"ListItem","position":2,"name":"A declara\u00e7\u00e3o de PVC sobre a mudan\u00e7a de data da Copa do Brasil"}]},{"@type":"WebSite","@id":"https:\/\/www.gaveanews.com\/#website","url":"https:\/\/www.gaveanews.com\/","name":"G\u00e1vea News","description":"Veja todas as not\u00edcias sobre o Flamengo: Contrata\u00e7\u00f5es, categorias de base, resultados das partidas, tabela de classifica\u00e7\u00e3o, pr\u00f3ximos jogos!","potentialAction":[{"@type":"SearchAction","target":{"@type":"EntryPoint","urlTemplate":"https:\/\/www.gaveanews.com\/?s={search_term_string}"},"query-input":{"@type":"PropertyValueSpecification","valueRequired":true,"valueName":"search_term_string"}}],"inLanguage":"pt-BR"},{"@type":"Person","@id":"https:\/\/www.gaveanews.com\/#\/schema\/person\/8207cd4627f56151707418bfc835b2fb","name":"Matheus Felipe","image":{"@type":"ImageObject","inLanguage":"pt-BR","@id":"https:\/\/www.gaveanews.com\/#\/schema\/person\/image\/","url":"https:\/\/secure.gravatar.com\/avatar\/a452ffbed9130f726358b298bb3a99ce4bd3c5338411f8440e87e14d74c7c087?s=96&d=mm&r=g","contentUrl":"https:\/\/secure.gravatar.com\/avatar\/a452ffbed9130f726358b298bb3a99ce4bd3c5338411f8440e87e14d74c7c087?s=96&d=mm&r=g","caption":"Matheus Felipe"}}]}},"_links":{"self":[{"href":"https:\/\/www.gaveanews.com\/index.php\/wp-json\/wp\/v2\/posts\/170520","targetHints":{"allow":["GET"]}}],"collection":[{"href":"https:\/\/www.gaveanews.com\/index.php\/wp-json\/wp\/v2\/posts"}],"about":[{"href":"https:\/\/www.gaveanews.com\/index.php\/wp-json\/wp\/v2\/types\/post"}],"author":[{"embeddable":true,"href":"https:\/\/www.gaveanews.com\/index.php\/wp-json\/wp\/v2\/users\/27"}],"replies":[{"embeddable":true,"href":"https:\/\/www.gaveanews.com\/index.php\/wp-json\/wp\/v2\/comments?post=170520"}],"version-history":[{"count":1,"href":"https:\/\/www.gaveanews.com\/index.php\/wp-json\/wp\/v2\/posts\/170520\/revisions"}],"predecessor-version":[{"id":170542,"href":"https:\/\/www.gaveanews.com\/index.php\/wp-json\/wp\/v2\/posts\/170520\/revisions\/170542"}],"wp:featuredmedia":[{"embeddable":true,"href":"https:\/\/www.gaveanews.com\/index.php\/wp-json\/wp\/v2\/media\/118615"}],"wp:attachment":[{"href":"https:\/\/www.gaveanews.com\/index.php\/wp-json\/wp\/v2\/media?parent=170520"}],"wp:term":[{"taxonomy":"category","embeddable":true,"href":"https:\/\/www.gaveanews.com\/index.php\/wp-json\/wp\/v2\/categories?post=170520"},{"taxonomy":"post_tag","embeddable":true,"href":"https:\/\/www.gaveanews.com\/index.php\/wp-json\/wp\/v2\/tags?post=170520"}],"curies":[{"name":"wp","href":"https:\/\/api.w.org\/{rel}","templated":true}]}}