{"id":170547,"date":"2024-10-01T18:00:00","date_gmt":"2024-10-01T21:00:00","guid":{"rendered":"https:\/\/www.gaveanews.com\/?p=170547"},"modified":"2024-10-01T16:58:23","modified_gmt":"2024-10-01T19:58:23","slug":"pvc-faz-previsao-sobre-o-futuro-de-filipe-luis-no-flamengo","status":"publish","type":"post","link":"https:\/\/www.gaveanews.com\/index.php\/2024\/10\/01\/pvc-faz-previsao-sobre-o-futuro-de-filipe-luis-no-flamengo\/","title":{"rendered":"PVC faz previs\u00e3o sobre o futuro de Filipe Lu\u00eds no Flamengo"},"content":{"rendered":"\n<p>Filipe Lu\u00eds, agora novo t\u00e9cnico do Flamengo, j\u00e1 tem um grande desafio em sua estreia: enfrentar o Corinthians no Maracan\u00e3, em jogo v\u00e1lido pelo primeiro confronto da semifinal da Copa do Brasil. Com menos de tr\u00eas dias para trabalhar com o grupo, o ex-jogador provavelmente n\u00e3o trar\u00e1 uma mudan\u00e7a t\u00e1tica imediata, mas pode ser a inje\u00e7\u00e3o de \u00e2nimo que o elenco precisa. Sabemos que isso j\u00e1 pode ser suficiente para mudar o ambiente no Rubro-negro.<\/p>\n\n\n\n<ul class=\"wp-block-list\">\n<li><a href=\"https:\/\/www.gaveanews.com\/index.php\/2024\/10\/01\/a-declaracao-de-junior-direcionada-a-filipe-luis-do-flamengo\/\">A declara\u00e7\u00e3o de J\u00fanior direcionada a Filipe Lu\u00eds, do Flamengo<\/a><\/li>\n\n\n\n<li><a href=\"https:\/\/www.gaveanews.com\/index.php\/2024\/10\/01\/filipe-luis-convida-dois-ex-jogadores-do-flamengo-para-trabalharem-no-clube\/\">Filipe Lu\u00eds convida dois ex-jogadores do Flamengo para trabalharem no clube<\/a><\/li>\n<\/ul>\n\n\n\n<p>O jornalista PVC, no programa <em>De Primeira<\/em> do UOL Esportes, fez uma pequena proje\u00e7\u00e3o do que pode ser o trabalho do novo t\u00e9cnico do Flamengo, citando refer\u00eancias como Jorge Jesus e Diego Simeone.<\/p>\n\n\n\n<p>&#8220;O ponto central \u00e9 a press\u00e3o. O que Filipe Lu\u00eds define como estilo Flamengo \u00e9 a press\u00e3o na sa\u00edda de bola: subir na hora certa, pressionar no lugar certo, entender qual o movimento que o time tem que fazer para pressionar e recuperar a bola no campo de ataque. Esse \u00e9 o modelo de jogo de Filipe. Mas \u00e9 claro que Jorge Jesus n\u00e3o \u00e9 sua \u00fanica refer\u00eancia. Outra grande refer\u00eancia \u00e9 Diego Simeone: a press\u00e3o, mas, quando perde a bola, muda a forma\u00e7\u00e3o.&#8221;, iniciou PVC.<\/p>\n\n\n\n<p>Como em todo in\u00edcio de trabalho de um novo t\u00e9cnico, \u00e9 preciso ter paci\u00eancia, especialmente quando se trata do primeiro trabalho profissional. Sabemos que Filipe tem potencial, mas as coisas n\u00e3o v\u00e3o acontecer de uma hora para outra. Por isso, \u00e9 necess\u00e1rio olhar com cautela para esse in\u00edcio, evitando uma retalia\u00e7\u00e3o pesada demais a algu\u00e9m que pode, sim, se tornar um \u00f3timo t\u00e9cnico.<\/p>\n\n\n\n<p>E PVC tamb\u00e9m falou sobre isso e garantiu que Filipe Lu\u00eds, com a paci\u00eancia devida, vai dar certo.<\/p>\n\n\n\n<p>&#8220;Ele vai conseguir implementar esse plano se trabalhar com calma e tiver tempo.&#8221;, completou PVC.<\/p>\n","protected":false},"excerpt":{"rendered":"<p>Filipe Lu\u00eds, agora novo t\u00e9cnico do Flamengo, j\u00e1 tem um grande desafio em sua estreia: enfrentar o Corinthians no Maracan\u00e3, em jogo v\u00e1lido pelo primeiro confronto da semifinal da Copa do Brasil. Com menos de tr\u00eas dias para trabalhar com o grupo, o ex-jogador provavelmente n\u00e3o trar\u00e1 uma mudan\u00e7a t\u00e1tica imediata, mas pode ser a [&hellip;]<\/p>\n","protected":false},"author":27,"featured_media":170536,"comment_status":"open","ping_status":"closed","sticky":false,"template":"","format":"standard","meta":{"footnotes":""},"categories":[1],"tags":[],"class_list":["post-170547","post","type-post","status-publish","format-standard","has-post-thumbnail","hentry","category-flamengo"],"yoast_head":"<!-- This site is optimized with the Yoast SEO Premium plugin v24.2 (Yoast SEO v26.9) - https:\/\/yoast.com\/product\/yoast-seo-premium-wordpress\/ -->\n<title>PVC faz previs\u00e3o sobre o futuro de Filipe Lu\u00eds no Flamengo<\/title>\n<meta name=\"robots\" content=\"index, follow, max-snippet:-1, max-image-preview:large, max-video-preview:-1\" \/>\n<link rel=\"canonical\" href=\"https:\/\/www.gaveanews.com\/index.php\/2024\/10\/01\/pvc-faz-previsao-sobre-o-futuro-de-filipe-luis-no-flamengo\/\" \/>\n<meta property=\"og:locale\" content=\"pt_BR\" \/>\n<meta property=\"og:type\" content=\"article\" \/>\n<meta property=\"og:title\" content=\"PVC faz previs\u00e3o sobre o futuro de Filipe Lu\u00eds no Flamengo\" \/>\n<meta property=\"og:description\" content=\"Filipe Lu\u00eds, agora novo t\u00e9cnico do Flamengo, j\u00e1 tem um grande desafio em sua estreia: enfrentar o Corinthians no Maracan\u00e3, em jogo v\u00e1lido pelo primeiro confronto da semifinal da Copa do Brasil. Com menos de tr\u00eas dias para trabalhar com o grupo, o ex-jogador provavelmente n\u00e3o trar\u00e1 uma mudan\u00e7a t\u00e1tica imediata, mas pode ser a [&hellip;]\" \/>\n<meta property=\"og:url\" content=\"https:\/\/www.gaveanews.com\/index.php\/2024\/10\/01\/pvc-faz-previsao-sobre-o-futuro-de-filipe-luis-no-flamengo\/\" \/>\n<meta property=\"og:site_name\" content=\"G\u00e1vea News\" \/>\n<meta property=\"article:publisher\" content=\"https:\/\/facebook.com\/gaveaNews\/\" \/>\n<meta property=\"article:published_time\" content=\"2024-10-01T21:00:00+00:00\" \/>\n<meta property=\"og:image\" content=\"https:\/\/www.gaveanews.com\/wp-content\/uploads\/filipe-luis-apresentacao-ct-ninho-do-urubu-flamengo-860x537-1.webp\" \/>\n\t<meta property=\"og:image:width\" content=\"860\" \/>\n\t<meta property=\"og:image:height\" content=\"537\" \/>\n\t<meta property=\"og:image:type\" content=\"image\/webp\" \/>\n<meta name=\"author\" content=\"Matheus Felipe\" \/>\n<meta name=\"twitter:card\" content=\"summary_large_image\" \/>\n<meta name=\"twitter:label1\" content=\"Escrito por\" \/>\n\t<meta name=\"twitter:data1\" content=\"Matheus Felipe\" \/>\n\t<meta name=\"twitter:label2\" content=\"Est. tempo de leitura\" \/>\n\t<meta name=\"twitter:data2\" content=\"2 minutos\" \/>\n<script type=\"application\/ld+json\" class=\"yoast-schema-graph\">{\"@context\":\"https:\/\/schema.org\",\"@graph\":[{\"@type\":\"NewsArticle\",\"@id\":\"https:\/\/www.gaveanews.com\/index.php\/2024\/10\/01\/pvc-faz-previsao-sobre-o-futuro-de-filipe-luis-no-flamengo\/#article\",\"isPartOf\":{\"@id\":\"https:\/\/www.gaveanews.com\/index.php\/2024\/10\/01\/pvc-faz-previsao-sobre-o-futuro-de-filipe-luis-no-flamengo\/\"},\"author\":{\"name\":\"Matheus Felipe\",\"@id\":\"https:\/\/www.gaveanews.com\/#\/schema\/person\/8207cd4627f56151707418bfc835b2fb\"},\"headline\":\"PVC faz previs\u00e3o sobre o futuro de Filipe Lu\u00eds no Flamengo\",\"datePublished\":\"2024-10-01T21:00:00+00:00\",\"mainEntityOfPage\":{\"@id\":\"https:\/\/www.gaveanews.com\/index.php\/2024\/10\/01\/pvc-faz-previsao-sobre-o-futuro-de-filipe-luis-no-flamengo\/\"},\"wordCount\":353,\"commentCount\":0,\"image\":{\"@id\":\"https:\/\/www.gaveanews.com\/index.php\/2024\/10\/01\/pvc-faz-previsao-sobre-o-futuro-de-filipe-luis-no-flamengo\/#primaryimage\"},\"thumbnailUrl\":\"https:\/\/www.gaveanews.com\/wp-content\/uploads\/filipe-luis-apresentacao-ct-ninho-do-urubu-flamengo-860x537-1.webp\",\"articleSection\":[\"Flamengo\"],\"inLanguage\":\"pt-BR\",\"potentialAction\":[{\"@type\":\"CommentAction\",\"name\":\"Comment\",\"target\":[\"https:\/\/www.gaveanews.com\/index.php\/2024\/10\/01\/pvc-faz-previsao-sobre-o-futuro-de-filipe-luis-no-flamengo\/#respond\"]}],\"copyrightYear\":\"2024\",\"copyrightHolder\":{\"@id\":\"https:\/\/www.gaveanews.com\/#organization\"}},{\"@type\":\"WebPage\",\"@id\":\"https:\/\/www.gaveanews.com\/index.php\/2024\/10\/01\/pvc-faz-previsao-sobre-o-futuro-de-filipe-luis-no-flamengo\/\",\"url\":\"https:\/\/www.gaveanews.com\/index.php\/2024\/10\/01\/pvc-faz-previsao-sobre-o-futuro-de-filipe-luis-no-flamengo\/\",\"name\":\"PVC faz previs\u00e3o sobre o futuro de Filipe Lu\u00eds no Flamengo\",\"isPartOf\":{\"@id\":\"https:\/\/www.gaveanews.com\/#website\"},\"primaryImageOfPage\":{\"@id\":\"https:\/\/www.gaveanews.com\/index.php\/2024\/10\/01\/pvc-faz-previsao-sobre-o-futuro-de-filipe-luis-no-flamengo\/#primaryimage\"},\"image\":{\"@id\":\"https:\/\/www.gaveanews.com\/index.php\/2024\/10\/01\/pvc-faz-previsao-sobre-o-futuro-de-filipe-luis-no-flamengo\/#primaryimage\"},\"thumbnailUrl\":\"https:\/\/www.gaveanews.com\/wp-content\/uploads\/filipe-luis-apresentacao-ct-ninho-do-urubu-flamengo-860x537-1.webp\",\"datePublished\":\"2024-10-01T21:00:00+00:00\",\"author\":{\"@id\":\"https:\/\/www.gaveanews.com\/#\/schema\/person\/8207cd4627f56151707418bfc835b2fb\"},\"breadcrumb\":{\"@id\":\"https:\/\/www.gaveanews.com\/index.php\/2024\/10\/01\/pvc-faz-previsao-sobre-o-futuro-de-filipe-luis-no-flamengo\/#breadcrumb\"},\"inLanguage\":\"pt-BR\",\"potentialAction\":[{\"@type\":\"ReadAction\",\"target\":[\"https:\/\/www.gaveanews.com\/index.php\/2024\/10\/01\/pvc-faz-previsao-sobre-o-futuro-de-filipe-luis-no-flamengo\/\"]}]},{\"@type\":\"ImageObject\",\"inLanguage\":\"pt-BR\",\"@id\":\"https:\/\/www.gaveanews.com\/index.php\/2024\/10\/01\/pvc-faz-previsao-sobre-o-futuro-de-filipe-luis-no-flamengo\/#primaryimage\",\"url\":\"https:\/\/www.gaveanews.com\/wp-content\/uploads\/filipe-luis-apresentacao-ct-ninho-do-urubu-flamengo-860x537-1.webp\",\"contentUrl\":\"https:\/\/www.gaveanews.com\/wp-content\/uploads\/filipe-luis-apresentacao-ct-ninho-do-urubu-flamengo-860x537-1.webp\",\"width\":860,\"height\":537,\"caption\":\"Foto: Leo Jos\u00e9 \/ Coluna do Fla\"},{\"@type\":\"BreadcrumbList\",\"@id\":\"https:\/\/www.gaveanews.com\/index.php\/2024\/10\/01\/pvc-faz-previsao-sobre-o-futuro-de-filipe-luis-no-flamengo\/#breadcrumb\",\"itemListElement\":[{\"@type\":\"ListItem\",\"position\":1,\"name\":\"Home\",\"item\":\"https:\/\/www.gaveanews.com\/\"},{\"@type\":\"ListItem\",\"position\":2,\"name\":\"PVC faz previs\u00e3o sobre o futuro de Filipe Lu\u00eds no Flamengo\"}]},{\"@type\":\"WebSite\",\"@id\":\"https:\/\/www.gaveanews.com\/#website\",\"url\":\"https:\/\/www.gaveanews.com\/\",\"name\":\"G\u00e1vea News\",\"description\":\"Veja todas as not\u00edcias sobre o Flamengo: Contrata\u00e7\u00f5es, categorias de base, resultados das partidas, tabela de classifica\u00e7\u00e3o, pr\u00f3ximos jogos!\",\"potentialAction\":[{\"@type\":\"SearchAction\",\"target\":{\"@type\":\"EntryPoint\",\"urlTemplate\":\"https:\/\/www.gaveanews.com\/?s={search_term_string}\"},\"query-input\":{\"@type\":\"PropertyValueSpecification\",\"valueRequired\":true,\"valueName\":\"search_term_string\"}}],\"inLanguage\":\"pt-BR\"},{\"@type\":\"Person\",\"@id\":\"https:\/\/www.gaveanews.com\/#\/schema\/person\/8207cd4627f56151707418bfc835b2fb\",\"name\":\"Matheus Felipe\",\"image\":{\"@type\":\"ImageObject\",\"inLanguage\":\"pt-BR\",\"@id\":\"https:\/\/www.gaveanews.com\/#\/schema\/person\/image\/\",\"url\":\"https:\/\/secure.gravatar.com\/avatar\/a452ffbed9130f726358b298bb3a99ce4bd3c5338411f8440e87e14d74c7c087?s=96&d=mm&r=g\",\"contentUrl\":\"https:\/\/secure.gravatar.com\/avatar\/a452ffbed9130f726358b298bb3a99ce4bd3c5338411f8440e87e14d74c7c087?s=96&d=mm&r=g\",\"caption\":\"Matheus Felipe\"}}]}<\/script>\n<!-- \/ Yoast SEO Premium plugin. -->","yoast_head_json":{"title":"PVC faz previs\u00e3o sobre o futuro de Filipe Lu\u00eds no Flamengo","robots":{"index":"index","follow":"follow","max-snippet":"max-snippet:-1","max-image-preview":"max-image-preview:large","max-video-preview":"max-video-preview:-1"},"canonical":"https:\/\/www.gaveanews.com\/index.php\/2024\/10\/01\/pvc-faz-previsao-sobre-o-futuro-de-filipe-luis-no-flamengo\/","og_locale":"pt_BR","og_type":"article","og_title":"PVC faz previs\u00e3o sobre o futuro de Filipe Lu\u00eds no Flamengo","og_description":"Filipe Lu\u00eds, agora novo t\u00e9cnico do Flamengo, j\u00e1 tem um grande desafio em sua estreia: enfrentar o Corinthians no Maracan\u00e3, em jogo v\u00e1lido pelo primeiro confronto da semifinal da Copa do Brasil. Com menos de tr\u00eas dias para trabalhar com o grupo, o ex-jogador provavelmente n\u00e3o trar\u00e1 uma mudan\u00e7a t\u00e1tica imediata, mas pode ser a [&hellip;]","og_url":"https:\/\/www.gaveanews.com\/index.php\/2024\/10\/01\/pvc-faz-previsao-sobre-o-futuro-de-filipe-luis-no-flamengo\/","og_site_name":"G\u00e1vea News","article_publisher":"https:\/\/facebook.com\/gaveaNews\/","article_published_time":"2024-10-01T21:00:00+00:00","og_image":[{"width":860,"height":537,"url":"https:\/\/www.gaveanews.com\/wp-content\/uploads\/filipe-luis-apresentacao-ct-ninho-do-urubu-flamengo-860x537-1.webp","type":"image\/webp"}],"author":"Matheus Felipe","twitter_card":"summary_large_image","twitter_misc":{"Escrito por":"Matheus Felipe","Est. tempo de leitura":"2 minutos"},"schema":{"@context":"https:\/\/schema.org","@graph":[{"@type":"NewsArticle","@id":"https:\/\/www.gaveanews.com\/index.php\/2024\/10\/01\/pvc-faz-previsao-sobre-o-futuro-de-filipe-luis-no-flamengo\/#article","isPartOf":{"@id":"https:\/\/www.gaveanews.com\/index.php\/2024\/10\/01\/pvc-faz-previsao-sobre-o-futuro-de-filipe-luis-no-flamengo\/"},"author":{"name":"Matheus Felipe","@id":"https:\/\/www.gaveanews.com\/#\/schema\/person\/8207cd4627f56151707418bfc835b2fb"},"headline":"PVC faz previs\u00e3o sobre o futuro de Filipe Lu\u00eds no Flamengo","datePublished":"2024-10-01T21:00:00+00:00","mainEntityOfPage":{"@id":"https:\/\/www.gaveanews.com\/index.php\/2024\/10\/01\/pvc-faz-previsao-sobre-o-futuro-de-filipe-luis-no-flamengo\/"},"wordCount":353,"commentCount":0,"image":{"@id":"https:\/\/www.gaveanews.com\/index.php\/2024\/10\/01\/pvc-faz-previsao-sobre-o-futuro-de-filipe-luis-no-flamengo\/#primaryimage"},"thumbnailUrl":"https:\/\/www.gaveanews.com\/wp-content\/uploads\/filipe-luis-apresentacao-ct-ninho-do-urubu-flamengo-860x537-1.webp","articleSection":["Flamengo"],"inLanguage":"pt-BR","potentialAction":[{"@type":"CommentAction","name":"Comment","target":["https:\/\/www.gaveanews.com\/index.php\/2024\/10\/01\/pvc-faz-previsao-sobre-o-futuro-de-filipe-luis-no-flamengo\/#respond"]}],"copyrightYear":"2024","copyrightHolder":{"@id":"https:\/\/www.gaveanews.com\/#organization"}},{"@type":"WebPage","@id":"https:\/\/www.gaveanews.com\/index.php\/2024\/10\/01\/pvc-faz-previsao-sobre-o-futuro-de-filipe-luis-no-flamengo\/","url":"https:\/\/www.gaveanews.com\/index.php\/2024\/10\/01\/pvc-faz-previsao-sobre-o-futuro-de-filipe-luis-no-flamengo\/","name":"PVC faz previs\u00e3o sobre o futuro de Filipe Lu\u00eds no Flamengo","isPartOf":{"@id":"https:\/\/www.gaveanews.com\/#website"},"primaryImageOfPage":{"@id":"https:\/\/www.gaveanews.com\/index.php\/2024\/10\/01\/pvc-faz-previsao-sobre-o-futuro-de-filipe-luis-no-flamengo\/#primaryimage"},"image":{"@id":"https:\/\/www.gaveanews.com\/index.php\/2024\/10\/01\/pvc-faz-previsao-sobre-o-futuro-de-filipe-luis-no-flamengo\/#primaryimage"},"thumbnailUrl":"https:\/\/www.gaveanews.com\/wp-content\/uploads\/filipe-luis-apresentacao-ct-ninho-do-urubu-flamengo-860x537-1.webp","datePublished":"2024-10-01T21:00:00+00:00","author":{"@id":"https:\/\/www.gaveanews.com\/#\/schema\/person\/8207cd4627f56151707418bfc835b2fb"},"breadcrumb":{"@id":"https:\/\/www.gaveanews.com\/index.php\/2024\/10\/01\/pvc-faz-previsao-sobre-o-futuro-de-filipe-luis-no-flamengo\/#breadcrumb"},"inLanguage":"pt-BR","potentialAction":[{"@type":"ReadAction","target":["https:\/\/www.gaveanews.com\/index.php\/2024\/10\/01\/pvc-faz-previsao-sobre-o-futuro-de-filipe-luis-no-flamengo\/"]}]},{"@type":"ImageObject","inLanguage":"pt-BR","@id":"https:\/\/www.gaveanews.com\/index.php\/2024\/10\/01\/pvc-faz-previsao-sobre-o-futuro-de-filipe-luis-no-flamengo\/#primaryimage","url":"https:\/\/www.gaveanews.com\/wp-content\/uploads\/filipe-luis-apresentacao-ct-ninho-do-urubu-flamengo-860x537-1.webp","contentUrl":"https:\/\/www.gaveanews.com\/wp-content\/uploads\/filipe-luis-apresentacao-ct-ninho-do-urubu-flamengo-860x537-1.webp","width":860,"height":537,"caption":"Foto: Leo Jos\u00e9 \/ Coluna do Fla"},{"@type":"BreadcrumbList","@id":"https:\/\/www.gaveanews.com\/index.php\/2024\/10\/01\/pvc-faz-previsao-sobre-o-futuro-de-filipe-luis-no-flamengo\/#breadcrumb","itemListElement":[{"@type":"ListItem","position":1,"name":"Home","item":"https:\/\/www.gaveanews.com\/"},{"@type":"ListItem","position":2,"name":"PVC faz previs\u00e3o sobre o futuro de Filipe Lu\u00eds no Flamengo"}]},{"@type":"WebSite","@id":"https:\/\/www.gaveanews.com\/#website","url":"https:\/\/www.gaveanews.com\/","name":"G\u00e1vea News","description":"Veja todas as not\u00edcias sobre o Flamengo: Contrata\u00e7\u00f5es, categorias de base, resultados das partidas, tabela de classifica\u00e7\u00e3o, pr\u00f3ximos jogos!","potentialAction":[{"@type":"SearchAction","target":{"@type":"EntryPoint","urlTemplate":"https:\/\/www.gaveanews.com\/?s={search_term_string}"},"query-input":{"@type":"PropertyValueSpecification","valueRequired":true,"valueName":"search_term_string"}}],"inLanguage":"pt-BR"},{"@type":"Person","@id":"https:\/\/www.gaveanews.com\/#\/schema\/person\/8207cd4627f56151707418bfc835b2fb","name":"Matheus Felipe","image":{"@type":"ImageObject","inLanguage":"pt-BR","@id":"https:\/\/www.gaveanews.com\/#\/schema\/person\/image\/","url":"https:\/\/secure.gravatar.com\/avatar\/a452ffbed9130f726358b298bb3a99ce4bd3c5338411f8440e87e14d74c7c087?s=96&d=mm&r=g","contentUrl":"https:\/\/secure.gravatar.com\/avatar\/a452ffbed9130f726358b298bb3a99ce4bd3c5338411f8440e87e14d74c7c087?s=96&d=mm&r=g","caption":"Matheus Felipe"}}]}},"_links":{"self":[{"href":"https:\/\/www.gaveanews.com\/index.php\/wp-json\/wp\/v2\/posts\/170547","targetHints":{"allow":["GET"]}}],"collection":[{"href":"https:\/\/www.gaveanews.com\/index.php\/wp-json\/wp\/v2\/posts"}],"about":[{"href":"https:\/\/www.gaveanews.com\/index.php\/wp-json\/wp\/v2\/types\/post"}],"author":[{"embeddable":true,"href":"https:\/\/www.gaveanews.com\/index.php\/wp-json\/wp\/v2\/users\/27"}],"replies":[{"embeddable":true,"href":"https:\/\/www.gaveanews.com\/index.php\/wp-json\/wp\/v2\/comments?post=170547"}],"version-history":[{"count":2,"href":"https:\/\/www.gaveanews.com\/index.php\/wp-json\/wp\/v2\/posts\/170547\/revisions"}],"predecessor-version":[{"id":170615,"href":"https:\/\/www.gaveanews.com\/index.php\/wp-json\/wp\/v2\/posts\/170547\/revisions\/170615"}],"wp:featuredmedia":[{"embeddable":true,"href":"https:\/\/www.gaveanews.com\/index.php\/wp-json\/wp\/v2\/media\/170536"}],"wp:attachment":[{"href":"https:\/\/www.gaveanews.com\/index.php\/wp-json\/wp\/v2\/media?parent=170547"}],"wp:term":[{"taxonomy":"category","embeddable":true,"href":"https:\/\/www.gaveanews.com\/index.php\/wp-json\/wp\/v2\/categories?post=170547"},{"taxonomy":"post_tag","embeddable":true,"href":"https:\/\/www.gaveanews.com\/index.php\/wp-json\/wp\/v2\/tags?post=170547"}],"curies":[{"name":"wp","href":"https:\/\/api.w.org\/{rel}","templated":true}]}}