{"id":170620,"date":"2024-10-01T21:30:00","date_gmt":"2024-10-02T00:30:00","guid":{"rendered":"https:\/\/www.gaveanews.com\/?p=170620"},"modified":"2024-10-01T18:17:04","modified_gmt":"2024-10-01T21:17:04","slug":"joao-pedro-villasanti-marchesin-cristaldo-reinaldo-dodi-rodrigo-ely-e-pepe-os-jogadores-com-mais-minutos-pelo-gremio","status":"publish","type":"post","link":"https:\/\/www.gaveanews.com\/index.php\/2024\/10\/01\/joao-pedro-villasanti-marchesin-cristaldo-reinaldo-dodi-rodrigo-ely-e-pepe-os-jogadores-com-mais-minutos-pelo-gremio\/","title":{"rendered":"Jo\u00e3o Pedro, Villasanti, Marches\u00edn, Cristaldo, Reinaldo, Dodi, Rodrigo Ely e Pep\u00ea: os jogadores com mais minutos pelo Gr\u00eamio"},"content":{"rendered":"\n<p>Todo mundo sabe que o calend\u00e1rio do futebol brasileiro \u00e9 bastante complicado, com jogos sendo disputados a cada tr\u00eas dias. Neste momento da temporada, o Gr\u00eamio est\u00e1 disputando apenas o Campeonato Brasileiro, mas o time j\u00e1 participou de tr\u00eas competi\u00e7\u00f5es.<\/p>\n\n\n\n<ul class=\"wp-block-list\">\n<li><a href=\"https:\/\/www.gaveanews.com\/index.php\/2024\/10\/01\/renato-gaucho-ganha-tres-reforcos-no-gremio\/\">Renato Ga\u00facho ganha tr\u00eas refor\u00e7os no Gr\u00eamio<\/a><\/li>\n\n\n\n<li><a href=\"https:\/\/www.gaveanews.com\/index.php\/2024\/10\/01\/dirigente-do-gremio-pede-desculpas-para-textor-do-botafogo\/\">Dirigente do Gr\u00eamio pede desculpas para Textor, do Botafogo<\/a><\/li>\n<\/ul>\n\n\n\n<p>Em 2024, o Tricolor ga\u00facho disputou tr\u00eas competi\u00e7\u00f5es. Al\u00e9m do Brasileir\u00e3o, onde luta para n\u00e3o cair, foi a campo pela Copa do Brasil, mas foi eliminado pelo Corinthians nas oitavas de final. Na Copa Libertadores da Am\u00e9rica tamb\u00e9m deixou a competi\u00e7\u00e3o nas oitavas, ap\u00f3s perder para o Fluminense.<\/p>\n\n\n\n<p>Com muitos campeonatos, jogadores v\u00e3o a campo com maior frequ\u00eancia, e nesse cen\u00e1rio, o G\u00e1vea News elencou o top-8 atletas do Gr\u00eamio que mais foram a campo na temporada 2024.<\/p>\n\n\n\n<h2 class=\"wp-block-heading\" id=\"h-joao-pedro\">Jo\u00e3o Pedro<\/h2>\n\n\n\n<p>Jogador com mais minutagem pelo Gr\u00eamio, o lateral-direito Jo\u00e3o Gr\u00eamio disputou 46 jogos e foi titular em 43 deles. Permaneceu em campo pelo Tricolor por 3.899 minutos.<\/p>\n\n\n\n<figure class=\"wp-block-image size-full\"><img loading=\"lazy\" decoding=\"async\" width=\"843\" height=\"667\" src=\"https:\/\/www.gaveanews.com\/wp-content\/uploads\/Joao-Pedro-em-acao-pelo-Gremio.webp\" alt=\"\" class=\"wp-image-170637\" srcset=\"https:\/\/www.gaveanews.com\/wp-content\/uploads\/Joao-Pedro-em-acao-pelo-Gremio.webp 843w, https:\/\/www.gaveanews.com\/wp-content\/uploads\/Joao-Pedro-em-acao-pelo-Gremio-300x237.webp 300w, https:\/\/www.gaveanews.com\/wp-content\/uploads\/Joao-Pedro-em-acao-pelo-Gremio-768x608.webp 768w, https:\/\/www.gaveanews.com\/wp-content\/uploads\/Joao-Pedro-em-acao-pelo-Gremio-531x420.webp 531w, https:\/\/www.gaveanews.com\/wp-content\/uploads\/Joao-Pedro-em-acao-pelo-Gremio-640x506.webp 640w, https:\/\/www.gaveanews.com\/wp-content\/uploads\/Joao-Pedro-em-acao-pelo-Gremio-681x539.webp 681w, https:\/\/www.gaveanews.com\/wp-content\/uploads\/Joao-Pedro-em-acao-pelo-Gremio-100x79.webp 100w\" sizes=\"auto, (max-width: 843px) 100vw, 843px\" \/><figcaption class=\"wp-element-caption\">Jo\u00e3o Pedro em a\u00e7\u00e3o pelo Gr\u00eamio (Foto: Liamara Polli\/Gr\u00eamio)<\/figcaption><\/figure>\n\n\n\n<h2 class=\"wp-block-heading\" id=\"h-mathias-villasanti\">Mathias Villasanti <\/h2>\n\n\n\n<p>Um dos principais jogadores do elenco, Villasanti \u00e9 o segundo atleta com mais tempo dentro de campo: 3.635 minutos. O jogador disputou 41 partidas e foi titular em todas elas.<\/p>\n\n\n\n<figure class=\"wp-block-image size-full\"><img loading=\"lazy\" decoding=\"async\" width=\"984\" height=\"656\" src=\"https:\/\/www.gaveanews.com\/wp-content\/uploads\/villasanti-gremio.webp\" alt=\"\" class=\"wp-image-109516\" srcset=\"https:\/\/www.gaveanews.com\/wp-content\/uploads\/villasanti-gremio.webp 984w, https:\/\/www.gaveanews.com\/wp-content\/uploads\/villasanti-gremio-300x200.webp 300w, https:\/\/www.gaveanews.com\/wp-content\/uploads\/villasanti-gremio-768x512.webp 768w, https:\/\/www.gaveanews.com\/wp-content\/uploads\/villasanti-gremio-630x420.webp 630w, https:\/\/www.gaveanews.com\/wp-content\/uploads\/villasanti-gremio-640x427.webp 640w, https:\/\/www.gaveanews.com\/wp-content\/uploads\/villasanti-gremio-681x454.webp 681w, https:\/\/www.gaveanews.com\/wp-content\/uploads\/villasanti-gremio-100x67.webp 100w\" sizes=\"auto, (max-width: 984px) 100vw, 984px\" \/><figcaption class=\"wp-element-caption\">Villasanti em a\u00e7\u00e3o pelo Gr\u00eamio (Foto: Lucas Uebel\/Gr\u00eamio FBPA)<\/figcaption><\/figure>\n\n\n\n<h2 class=\"wp-block-heading\" id=\"h-agustin-marchesin\">Agust\u00edn Marches\u00edn <\/h2>\n\n\n\n<p>O goleiro Marches\u00edn participou de 37 jogos e foi titular nas 37 oportunidades. Ao todo, ele tem 3.330 minutos pelo Tricolor.<\/p>\n\n\n\n<figure class=\"wp-block-image size-full\"><img loading=\"lazy\" decoding=\"async\" width=\"984\" height=\"656\" src=\"https:\/\/www.gaveanews.com\/wp-content\/uploads\/Agustin-Marchesin-pelo-Gremio.webp\" alt=\"\" class=\"wp-image-167369\" srcset=\"https:\/\/www.gaveanews.com\/wp-content\/uploads\/Agustin-Marchesin-pelo-Gremio.webp 984w, https:\/\/www.gaveanews.com\/wp-content\/uploads\/Agustin-Marchesin-pelo-Gremio-300x200.webp 300w, https:\/\/www.gaveanews.com\/wp-content\/uploads\/Agustin-Marchesin-pelo-Gremio-768x512.webp 768w, https:\/\/www.gaveanews.com\/wp-content\/uploads\/Agustin-Marchesin-pelo-Gremio-630x420.webp 630w, https:\/\/www.gaveanews.com\/wp-content\/uploads\/Agustin-Marchesin-pelo-Gremio-640x427.webp 640w, https:\/\/www.gaveanews.com\/wp-content\/uploads\/Agustin-Marchesin-pelo-Gremio-681x454.webp 681w, https:\/\/www.gaveanews.com\/wp-content\/uploads\/Agustin-Marchesin-pelo-Gremio-100x67.webp 100w\" sizes=\"auto, (max-width: 984px) 100vw, 984px\" \/><figcaption class=\"wp-element-caption\">Agust\u00edn Marches\u00edn pelo Gr\u00eamio (Foto: Lucas Uebel\/Gr\u00eamio)<\/figcaption><\/figure>\n\n\n\n<h2 class=\"wp-block-heading\" id=\"h-cristaldo\">Cristaldo<\/h2>\n\n\n\n<p>Com 3.165 minutos na temporada, Cristaldo \u00e9 o quarto jogador da lista que mais foi a campo. Ele tem 48 partidas e foi titular em 41 delas. <\/p>\n\n\n\n<figure class=\"wp-block-image size-full\"><img loading=\"lazy\" decoding=\"async\" width=\"984\" height=\"657\" src=\"https:\/\/www.gaveanews.com\/wp-content\/uploads\/Cristaldo-pelo-Gremio.webp\" alt=\"\" class=\"wp-image-169834\" srcset=\"https:\/\/www.gaveanews.com\/wp-content\/uploads\/Cristaldo-pelo-Gremio.webp 984w, https:\/\/www.gaveanews.com\/wp-content\/uploads\/Cristaldo-pelo-Gremio-300x200.webp 300w, https:\/\/www.gaveanews.com\/wp-content\/uploads\/Cristaldo-pelo-Gremio-768x513.webp 768w, https:\/\/www.gaveanews.com\/wp-content\/uploads\/Cristaldo-pelo-Gremio-629x420.webp 629w, https:\/\/www.gaveanews.com\/wp-content\/uploads\/Cristaldo-pelo-Gremio-537x360.webp 537w, https:\/\/www.gaveanews.com\/wp-content\/uploads\/Cristaldo-pelo-Gremio-640x427.webp 640w, https:\/\/www.gaveanews.com\/wp-content\/uploads\/Cristaldo-pelo-Gremio-681x455.webp 681w, https:\/\/www.gaveanews.com\/wp-content\/uploads\/Cristaldo-pelo-Gremio-100x67.webp 100w\" sizes=\"auto, (max-width: 984px) 100vw, 984px\" \/><figcaption class=\"wp-element-caption\">Cristaldo pelo Gr\u00eamio (Foto: Lucas Uebel\/Gr\u00eamio)<\/figcaption><\/figure>\n\n\n\n<h2 class=\"wp-block-heading\" id=\"h-reinaldo\">Reinaldo <\/h2>\n\n\n\n<p>Com 36 jogos diputados na temporada, Reinaldo foi titular em 35 deles e tem uma minutagem de 3.124.<\/p>\n\n\n\n<figure class=\"wp-block-image size-large\"><img loading=\"lazy\" decoding=\"async\" width=\"1024\" height=\"768\" src=\"https:\/\/www.gaveanews.com\/wp-content\/uploads\/Reinaldo-apresentado-pelo-Gremio-1024x768.webp\" alt=\"\" class=\"wp-image-167367\" srcset=\"https:\/\/www.gaveanews.com\/wp-content\/uploads\/Reinaldo-apresentado-pelo-Gremio-1024x768.webp 1024w, https:\/\/www.gaveanews.com\/wp-content\/uploads\/Reinaldo-apresentado-pelo-Gremio-300x225.webp 300w, https:\/\/www.gaveanews.com\/wp-content\/uploads\/Reinaldo-apresentado-pelo-Gremio-768x576.webp 768w, https:\/\/www.gaveanews.com\/wp-content\/uploads\/Reinaldo-apresentado-pelo-Gremio-1536x1152.webp 1536w, https:\/\/www.gaveanews.com\/wp-content\/uploads\/Reinaldo-apresentado-pelo-Gremio-560x420.webp 560w, https:\/\/www.gaveanews.com\/wp-content\/uploads\/Reinaldo-apresentado-pelo-Gremio-1120x840.webp 1120w, https:\/\/www.gaveanews.com\/wp-content\/uploads\/Reinaldo-apresentado-pelo-Gremio-80x60.webp 80w, https:\/\/www.gaveanews.com\/wp-content\/uploads\/Reinaldo-apresentado-pelo-Gremio-160x120.webp 160w, https:\/\/www.gaveanews.com\/wp-content\/uploads\/Reinaldo-apresentado-pelo-Gremio-100x75.webp 100w, https:\/\/www.gaveanews.com\/wp-content\/uploads\/Reinaldo-apresentado-pelo-Gremio-200x150.webp 200w, https:\/\/www.gaveanews.com\/wp-content\/uploads\/Reinaldo-apresentado-pelo-Gremio-180x135.webp 180w, https:\/\/www.gaveanews.com\/wp-content\/uploads\/Reinaldo-apresentado-pelo-Gremio-360x270.webp 360w, https:\/\/www.gaveanews.com\/wp-content\/uploads\/Reinaldo-apresentado-pelo-Gremio-238x178.webp 238w, https:\/\/www.gaveanews.com\/wp-content\/uploads\/Reinaldo-apresentado-pelo-Gremio-476x356.webp 476w, https:\/\/www.gaveanews.com\/wp-content\/uploads\/Reinaldo-apresentado-pelo-Gremio-640x480.webp 640w, https:\/\/www.gaveanews.com\/wp-content\/uploads\/Reinaldo-apresentado-pelo-Gremio-1280x960.webp 1280w, https:\/\/www.gaveanews.com\/wp-content\/uploads\/Reinaldo-apresentado-pelo-Gremio-681x511.webp 681w, https:\/\/www.gaveanews.com\/wp-content\/uploads\/Reinaldo-apresentado-pelo-Gremio-1362x1022.webp 1362w, https:\/\/www.gaveanews.com\/wp-content\/uploads\/Reinaldo-apresentado-pelo-Gremio.webp 1600w\" sizes=\"auto, (max-width: 1024px) 100vw, 1024px\" \/><figcaption class=\"wp-element-caption\">Reinaldo apresentado pelo Gr\u00eamio (Foto: Lucas Uebel\/Gr\u00eamio)<\/figcaption><\/figure>\n\n\n\n<h2 class=\"wp-block-heading\" id=\"h-dodi\">Dodi <\/h2>\n\n\n\n<p>O volante Dodi j\u00e1 participou de 47 partidas na temporada, mas foi titular em apenas 28 delas. Ao todo, esteve em campo por 2.758<\/p>\n\n\n\n<h2 class=\"wp-block-heading\" id=\"h-rodrigo-ely\">Rodrigo Ely<\/h2>\n\n\n\n<p>Com 32 partidas disputadas em 2024, sendo 27 como titular, Rodrigo Ely tem uma minutagem de 2.545 na temporada. <\/p>\n\n\n\n<figure class=\"wp-block-image size-large\"><img loading=\"lazy\" decoding=\"async\" width=\"1024\" height=\"682\" src=\"https:\/\/www.gaveanews.com\/wp-content\/uploads\/Rodrigo-Ely-pelo-Gremio-1024x682.webp\" alt=\"\" class=\"wp-image-167370\" srcset=\"https:\/\/www.gaveanews.com\/wp-content\/uploads\/Rodrigo-Ely-pelo-Gremio-1024x682.webp 1024w, https:\/\/www.gaveanews.com\/wp-content\/uploads\/Rodrigo-Ely-pelo-Gremio-300x200.webp 300w, https:\/\/www.gaveanews.com\/wp-content\/uploads\/Rodrigo-Ely-pelo-Gremio-768x511.webp 768w, https:\/\/www.gaveanews.com\/wp-content\/uploads\/Rodrigo-Ely-pelo-Gremio-631x420.webp 631w, https:\/\/www.gaveanews.com\/wp-content\/uploads\/Rodrigo-Ely-pelo-Gremio-1262x840.webp 1262w, https:\/\/www.gaveanews.com\/wp-content\/uploads\/Rodrigo-Ely-pelo-Gremio-640x426.webp 640w, https:\/\/www.gaveanews.com\/wp-content\/uploads\/Rodrigo-Ely-pelo-Gremio-1280x852.webp 1280w, https:\/\/www.gaveanews.com\/wp-content\/uploads\/Rodrigo-Ely-pelo-Gremio-681x453.webp 681w, https:\/\/www.gaveanews.com\/wp-content\/uploads\/Rodrigo-Ely-pelo-Gremio-1362x907.webp 1362w, https:\/\/www.gaveanews.com\/wp-content\/uploads\/Rodrigo-Ely-pelo-Gremio-100x67.webp 100w, https:\/\/www.gaveanews.com\/wp-content\/uploads\/Rodrigo-Ely-pelo-Gremio.webp 1400w\" sizes=\"auto, (max-width: 1024px) 100vw, 1024px\" \/><figcaption class=\"wp-element-caption\">Rodrigo Ely pelo Gr\u00eamio (Foto: Lucas Uebel\/Gr\u00eamio)<\/figcaption><\/figure>\n\n\n\n<h2 class=\"wp-block-heading\" id=\"h-pepe\">Pep\u00ea <\/h2>\n\n\n\n<p>\u00daltimo jogador da lista do Gr\u00eamio com mais minutagens \u00e9 o Pep\u00ea. Ele pariticpou de 38 confrontos e foi titular em 30, com 2.423 minutos.<\/p>\n\n\n\n<figure class=\"wp-block-image size-full is-resized\"><img loading=\"lazy\" decoding=\"async\" width=\"697\" height=\"630\" src=\"https:\/\/www.gaveanews.com\/wp-content\/uploads\/Pepe-em-acao-pelo-Gremio.webp\" alt=\"\" class=\"wp-image-170635\" style=\"width:840px;height:auto\" srcset=\"https:\/\/www.gaveanews.com\/wp-content\/uploads\/Pepe-em-acao-pelo-Gremio.webp 697w, https:\/\/www.gaveanews.com\/wp-content\/uploads\/Pepe-em-acao-pelo-Gremio-300x271.webp 300w, https:\/\/www.gaveanews.com\/wp-content\/uploads\/Pepe-em-acao-pelo-Gremio-465x420.webp 465w, https:\/\/www.gaveanews.com\/wp-content\/uploads\/Pepe-em-acao-pelo-Gremio-640x578.webp 640w, https:\/\/www.gaveanews.com\/wp-content\/uploads\/Pepe-em-acao-pelo-Gremio-681x616.webp 681w, https:\/\/www.gaveanews.com\/wp-content\/uploads\/Pepe-em-acao-pelo-Gremio-100x90.webp 100w\" sizes=\"auto, (max-width: 697px) 100vw, 697px\" \/><figcaption class=\"wp-element-caption\">Pep\u00ea em a\u00e7\u00e3o pelo Gr\u00eamio (Foto: Lucas Uebel\/Gr\u00eamio)<\/figcaption><\/figure>\n","protected":false},"excerpt":{"rendered":"<p>Todo mundo sabe que o calend\u00e1rio do futebol brasileiro \u00e9 bastante complicado, com jogos sendo disputados a cada tr\u00eas dias. Neste momento da temporada, o Gr\u00eamio est\u00e1 disputando apenas o Campeonato Brasileiro, mas o time j\u00e1 participou de tr\u00eas competi\u00e7\u00f5es. Em 2024, o Tricolor ga\u00facho disputou tr\u00eas competi\u00e7\u00f5es. Al\u00e9m do Brasileir\u00e3o, onde luta para n\u00e3o [&hellip;]<\/p>\n","protected":false},"author":18,"featured_media":170637,"comment_status":"open","ping_status":"closed","sticky":false,"template":"","format":"standard","meta":{"footnotes":""},"categories":[147],"tags":[],"class_list":["post-170620","post","type-post","status-publish","format-standard","has-post-thumbnail","hentry","category-gremio"],"yoast_head":"<!-- This site is optimized with the Yoast SEO Premium plugin v24.2 (Yoast SEO v26.9) - https:\/\/yoast.com\/product\/yoast-seo-premium-wordpress\/ -->\n<title>Jo\u00e3o Pedro, Villasanti, Marches\u00edn, Cristaldo, Reinaldo, Dodi, Rodrigo Ely e Pep\u00ea: os jogadores com mais minutos pelo Gr\u00eamio<\/title>\n<meta name=\"robots\" content=\"index, follow, max-snippet:-1, max-image-preview:large, max-video-preview:-1\" \/>\n<link rel=\"canonical\" href=\"https:\/\/www.gaveanews.com\/index.php\/2024\/10\/01\/joao-pedro-villasanti-marchesin-cristaldo-reinaldo-dodi-rodrigo-ely-e-pepe-os-jogadores-com-mais-minutos-pelo-gremio\/\" \/>\n<meta property=\"og:locale\" content=\"pt_BR\" \/>\n<meta property=\"og:type\" content=\"article\" \/>\n<meta property=\"og:title\" content=\"Jo\u00e3o Pedro, Villasanti, Marches\u00edn, Cristaldo, Reinaldo, Dodi, Rodrigo Ely e Pep\u00ea: os jogadores com mais minutos pelo Gr\u00eamio\" \/>\n<meta property=\"og:description\" content=\"Todo mundo sabe que o calend\u00e1rio do futebol brasileiro \u00e9 bastante complicado, com jogos sendo disputados a cada tr\u00eas dias. Neste momento da temporada, o Gr\u00eamio est\u00e1 disputando apenas o Campeonato Brasileiro, mas o time j\u00e1 participou de tr\u00eas competi\u00e7\u00f5es. Em 2024, o Tricolor ga\u00facho disputou tr\u00eas competi\u00e7\u00f5es. Al\u00e9m do Brasileir\u00e3o, onde luta para n\u00e3o [&hellip;]\" \/>\n<meta property=\"og:url\" content=\"https:\/\/www.gaveanews.com\/index.php\/2024\/10\/01\/joao-pedro-villasanti-marchesin-cristaldo-reinaldo-dodi-rodrigo-ely-e-pepe-os-jogadores-com-mais-minutos-pelo-gremio\/\" \/>\n<meta property=\"og:site_name\" content=\"G\u00e1vea News\" \/>\n<meta property=\"article:publisher\" content=\"https:\/\/facebook.com\/gaveaNews\/\" \/>\n<meta property=\"article:published_time\" content=\"2024-10-02T00:30:00+00:00\" \/>\n<meta property=\"og:image\" content=\"https:\/\/www.gaveanews.com\/wp-content\/uploads\/Joao-Pedro-em-acao-pelo-Gremio.webp\" \/>\n\t<meta property=\"og:image:width\" content=\"843\" \/>\n\t<meta property=\"og:image:height\" content=\"667\" \/>\n\t<meta property=\"og:image:type\" content=\"image\/jpeg\" \/>\n<meta name=\"author\" content=\"Paula Silva\" \/>\n<meta name=\"twitter:card\" content=\"summary_large_image\" \/>\n<meta name=\"twitter:label1\" content=\"Escrito por\" \/>\n\t<meta name=\"twitter:data1\" content=\"Paula Silva\" \/>\n\t<meta name=\"twitter:label2\" content=\"Est. tempo de leitura\" \/>\n\t<meta name=\"twitter:data2\" content=\"4 minutos\" \/>\n<script type=\"application\/ld+json\" class=\"yoast-schema-graph\">{\"@context\":\"https:\/\/schema.org\",\"@graph\":[{\"@type\":\"NewsArticle\",\"@id\":\"https:\/\/www.gaveanews.com\/index.php\/2024\/10\/01\/joao-pedro-villasanti-marchesin-cristaldo-reinaldo-dodi-rodrigo-ely-e-pepe-os-jogadores-com-mais-minutos-pelo-gremio\/#article\",\"isPartOf\":{\"@id\":\"https:\/\/www.gaveanews.com\/index.php\/2024\/10\/01\/joao-pedro-villasanti-marchesin-cristaldo-reinaldo-dodi-rodrigo-ely-e-pepe-os-jogadores-com-mais-minutos-pelo-gremio\/\"},\"author\":{\"name\":\"Paula Silva\",\"@id\":\"https:\/\/www.gaveanews.com\/#\/schema\/person\/daf63eec72e1164eb13dc35096c2b8da\"},\"headline\":\"Jo\u00e3o Pedro, Villasanti, Marches\u00edn, Cristaldo, Reinaldo, Dodi, Rodrigo Ely e Pep\u00ea: os jogadores com mais minutos pelo Gr\u00eamio\",\"datePublished\":\"2024-10-02T00:30:00+00:00\",\"mainEntityOfPage\":{\"@id\":\"https:\/\/www.gaveanews.com\/index.php\/2024\/10\/01\/joao-pedro-villasanti-marchesin-cristaldo-reinaldo-dodi-rodrigo-ely-e-pepe-os-jogadores-com-mais-minutos-pelo-gremio\/\"},\"wordCount\":441,\"commentCount\":0,\"image\":{\"@id\":\"https:\/\/www.gaveanews.com\/index.php\/2024\/10\/01\/joao-pedro-villasanti-marchesin-cristaldo-reinaldo-dodi-rodrigo-ely-e-pepe-os-jogadores-com-mais-minutos-pelo-gremio\/#primaryimage\"},\"thumbnailUrl\":\"https:\/\/www.gaveanews.com\/wp-content\/uploads\/Joao-Pedro-em-acao-pelo-Gremio.webp\",\"articleSection\":[\"Gr\u00eamio\"],\"inLanguage\":\"pt-BR\",\"potentialAction\":[{\"@type\":\"CommentAction\",\"name\":\"Comment\",\"target\":[\"https:\/\/www.gaveanews.com\/index.php\/2024\/10\/01\/joao-pedro-villasanti-marchesin-cristaldo-reinaldo-dodi-rodrigo-ely-e-pepe-os-jogadores-com-mais-minutos-pelo-gremio\/#respond\"]}],\"copyrightYear\":\"2024\",\"copyrightHolder\":{\"@id\":\"https:\/\/www.gaveanews.com\/#organization\"}},{\"@type\":\"WebPage\",\"@id\":\"https:\/\/www.gaveanews.com\/index.php\/2024\/10\/01\/joao-pedro-villasanti-marchesin-cristaldo-reinaldo-dodi-rodrigo-ely-e-pepe-os-jogadores-com-mais-minutos-pelo-gremio\/\",\"url\":\"https:\/\/www.gaveanews.com\/index.php\/2024\/10\/01\/joao-pedro-villasanti-marchesin-cristaldo-reinaldo-dodi-rodrigo-ely-e-pepe-os-jogadores-com-mais-minutos-pelo-gremio\/\",\"name\":\"Jo\u00e3o Pedro, Villasanti, Marches\u00edn, Cristaldo, Reinaldo, Dodi, Rodrigo Ely e Pep\u00ea: os jogadores com mais minutos pelo Gr\u00eamio\",\"isPartOf\":{\"@id\":\"https:\/\/www.gaveanews.com\/#website\"},\"primaryImageOfPage\":{\"@id\":\"https:\/\/www.gaveanews.com\/index.php\/2024\/10\/01\/joao-pedro-villasanti-marchesin-cristaldo-reinaldo-dodi-rodrigo-ely-e-pepe-os-jogadores-com-mais-minutos-pelo-gremio\/#primaryimage\"},\"image\":{\"@id\":\"https:\/\/www.gaveanews.com\/index.php\/2024\/10\/01\/joao-pedro-villasanti-marchesin-cristaldo-reinaldo-dodi-rodrigo-ely-e-pepe-os-jogadores-com-mais-minutos-pelo-gremio\/#primaryimage\"},\"thumbnailUrl\":\"https:\/\/www.gaveanews.com\/wp-content\/uploads\/Joao-Pedro-em-acao-pelo-Gremio.webp\",\"datePublished\":\"2024-10-02T00:30:00+00:00\",\"author\":{\"@id\":\"https:\/\/www.gaveanews.com\/#\/schema\/person\/daf63eec72e1164eb13dc35096c2b8da\"},\"breadcrumb\":{\"@id\":\"https:\/\/www.gaveanews.com\/index.php\/2024\/10\/01\/joao-pedro-villasanti-marchesin-cristaldo-reinaldo-dodi-rodrigo-ely-e-pepe-os-jogadores-com-mais-minutos-pelo-gremio\/#breadcrumb\"},\"inLanguage\":\"pt-BR\",\"potentialAction\":[{\"@type\":\"ReadAction\",\"target\":[\"https:\/\/www.gaveanews.com\/index.php\/2024\/10\/01\/joao-pedro-villasanti-marchesin-cristaldo-reinaldo-dodi-rodrigo-ely-e-pepe-os-jogadores-com-mais-minutos-pelo-gremio\/\"]}]},{\"@type\":\"ImageObject\",\"inLanguage\":\"pt-BR\",\"@id\":\"https:\/\/www.gaveanews.com\/index.php\/2024\/10\/01\/joao-pedro-villasanti-marchesin-cristaldo-reinaldo-dodi-rodrigo-ely-e-pepe-os-jogadores-com-mais-minutos-pelo-gremio\/#primaryimage\",\"url\":\"https:\/\/www.gaveanews.com\/wp-content\/uploads\/Joao-Pedro-em-acao-pelo-Gremio.webp\",\"contentUrl\":\"https:\/\/www.gaveanews.com\/wp-content\/uploads\/Joao-Pedro-em-acao-pelo-Gremio.webp\",\"width\":843,\"height\":667,\"caption\":\"Jo\u00e3o Pedro em a\u00e7\u00e3o pelo Gr\u00eamio (Foto: Liamara Polli\/Gr\u00eamio)\"},{\"@type\":\"BreadcrumbList\",\"@id\":\"https:\/\/www.gaveanews.com\/index.php\/2024\/10\/01\/joao-pedro-villasanti-marchesin-cristaldo-reinaldo-dodi-rodrigo-ely-e-pepe-os-jogadores-com-mais-minutos-pelo-gremio\/#breadcrumb\",\"itemListElement\":[{\"@type\":\"ListItem\",\"position\":1,\"name\":\"Home\",\"item\":\"https:\/\/www.gaveanews.com\/\"},{\"@type\":\"ListItem\",\"position\":2,\"name\":\"Jo\u00e3o Pedro, Villasanti, Marches\u00edn, Cristaldo, Reinaldo, Dodi, Rodrigo Ely e Pep\u00ea: os jogadores com mais minutos pelo Gr\u00eamio\"}]},{\"@type\":\"WebSite\",\"@id\":\"https:\/\/www.gaveanews.com\/#website\",\"url\":\"https:\/\/www.gaveanews.com\/\",\"name\":\"G\u00e1vea News\",\"description\":\"Veja todas as not\u00edcias sobre o Flamengo: Contrata\u00e7\u00f5es, categorias de base, resultados das partidas, tabela de classifica\u00e7\u00e3o, pr\u00f3ximos jogos!\",\"potentialAction\":[{\"@type\":\"SearchAction\",\"target\":{\"@type\":\"EntryPoint\",\"urlTemplate\":\"https:\/\/www.gaveanews.com\/?s={search_term_string}\"},\"query-input\":{\"@type\":\"PropertyValueSpecification\",\"valueRequired\":true,\"valueName\":\"search_term_string\"}}],\"inLanguage\":\"pt-BR\"},{\"@type\":\"Person\",\"@id\":\"https:\/\/www.gaveanews.com\/#\/schema\/person\/daf63eec72e1164eb13dc35096c2b8da\",\"name\":\"Paula Silva\",\"image\":{\"@type\":\"ImageObject\",\"inLanguage\":\"pt-BR\",\"@id\":\"https:\/\/www.gaveanews.com\/#\/schema\/person\/image\/\",\"url\":\"https:\/\/secure.gravatar.com\/avatar\/eda381c845527cc5d64c13b901833cda29d97500ba040d3e6461f76f51d163bb?s=96&d=mm&r=g\",\"contentUrl\":\"https:\/\/secure.gravatar.com\/avatar\/eda381c845527cc5d64c13b901833cda29d97500ba040d3e6461f76f51d163bb?s=96&d=mm&r=g\",\"caption\":\"Paula Silva\"}}]}<\/script>\n<!-- \/ Yoast SEO Premium plugin. -->","yoast_head_json":{"title":"Jo\u00e3o Pedro, Villasanti, Marches\u00edn, Cristaldo, Reinaldo, Dodi, Rodrigo Ely e Pep\u00ea: os jogadores com mais minutos pelo Gr\u00eamio","robots":{"index":"index","follow":"follow","max-snippet":"max-snippet:-1","max-image-preview":"max-image-preview:large","max-video-preview":"max-video-preview:-1"},"canonical":"https:\/\/www.gaveanews.com\/index.php\/2024\/10\/01\/joao-pedro-villasanti-marchesin-cristaldo-reinaldo-dodi-rodrigo-ely-e-pepe-os-jogadores-com-mais-minutos-pelo-gremio\/","og_locale":"pt_BR","og_type":"article","og_title":"Jo\u00e3o Pedro, Villasanti, Marches\u00edn, Cristaldo, Reinaldo, Dodi, Rodrigo Ely e Pep\u00ea: os jogadores com mais minutos pelo Gr\u00eamio","og_description":"Todo mundo sabe que o calend\u00e1rio do futebol brasileiro \u00e9 bastante complicado, com jogos sendo disputados a cada tr\u00eas dias. Neste momento da temporada, o Gr\u00eamio est\u00e1 disputando apenas o Campeonato Brasileiro, mas o time j\u00e1 participou de tr\u00eas competi\u00e7\u00f5es. Em 2024, o Tricolor ga\u00facho disputou tr\u00eas competi\u00e7\u00f5es. Al\u00e9m do Brasileir\u00e3o, onde luta para n\u00e3o [&hellip;]","og_url":"https:\/\/www.gaveanews.com\/index.php\/2024\/10\/01\/joao-pedro-villasanti-marchesin-cristaldo-reinaldo-dodi-rodrigo-ely-e-pepe-os-jogadores-com-mais-minutos-pelo-gremio\/","og_site_name":"G\u00e1vea News","article_publisher":"https:\/\/facebook.com\/gaveaNews\/","article_published_time":"2024-10-02T00:30:00+00:00","og_image":[{"width":843,"height":667,"url":"https:\/\/www.gaveanews.com\/wp-content\/uploads\/Joao-Pedro-em-acao-pelo-Gremio.webp","type":"image\/jpeg"}],"author":"Paula Silva","twitter_card":"summary_large_image","twitter_misc":{"Escrito por":"Paula Silva","Est. tempo de leitura":"4 minutos"},"schema":{"@context":"https:\/\/schema.org","@graph":[{"@type":"NewsArticle","@id":"https:\/\/www.gaveanews.com\/index.php\/2024\/10\/01\/joao-pedro-villasanti-marchesin-cristaldo-reinaldo-dodi-rodrigo-ely-e-pepe-os-jogadores-com-mais-minutos-pelo-gremio\/#article","isPartOf":{"@id":"https:\/\/www.gaveanews.com\/index.php\/2024\/10\/01\/joao-pedro-villasanti-marchesin-cristaldo-reinaldo-dodi-rodrigo-ely-e-pepe-os-jogadores-com-mais-minutos-pelo-gremio\/"},"author":{"name":"Paula Silva","@id":"https:\/\/www.gaveanews.com\/#\/schema\/person\/daf63eec72e1164eb13dc35096c2b8da"},"headline":"Jo\u00e3o Pedro, Villasanti, Marches\u00edn, Cristaldo, Reinaldo, Dodi, Rodrigo Ely e Pep\u00ea: os jogadores com mais minutos pelo Gr\u00eamio","datePublished":"2024-10-02T00:30:00+00:00","mainEntityOfPage":{"@id":"https:\/\/www.gaveanews.com\/index.php\/2024\/10\/01\/joao-pedro-villasanti-marchesin-cristaldo-reinaldo-dodi-rodrigo-ely-e-pepe-os-jogadores-com-mais-minutos-pelo-gremio\/"},"wordCount":441,"commentCount":0,"image":{"@id":"https:\/\/www.gaveanews.com\/index.php\/2024\/10\/01\/joao-pedro-villasanti-marchesin-cristaldo-reinaldo-dodi-rodrigo-ely-e-pepe-os-jogadores-com-mais-minutos-pelo-gremio\/#primaryimage"},"thumbnailUrl":"https:\/\/www.gaveanews.com\/wp-content\/uploads\/Joao-Pedro-em-acao-pelo-Gremio.webp","articleSection":["Gr\u00eamio"],"inLanguage":"pt-BR","potentialAction":[{"@type":"CommentAction","name":"Comment","target":["https:\/\/www.gaveanews.com\/index.php\/2024\/10\/01\/joao-pedro-villasanti-marchesin-cristaldo-reinaldo-dodi-rodrigo-ely-e-pepe-os-jogadores-com-mais-minutos-pelo-gremio\/#respond"]}],"copyrightYear":"2024","copyrightHolder":{"@id":"https:\/\/www.gaveanews.com\/#organization"}},{"@type":"WebPage","@id":"https:\/\/www.gaveanews.com\/index.php\/2024\/10\/01\/joao-pedro-villasanti-marchesin-cristaldo-reinaldo-dodi-rodrigo-ely-e-pepe-os-jogadores-com-mais-minutos-pelo-gremio\/","url":"https:\/\/www.gaveanews.com\/index.php\/2024\/10\/01\/joao-pedro-villasanti-marchesin-cristaldo-reinaldo-dodi-rodrigo-ely-e-pepe-os-jogadores-com-mais-minutos-pelo-gremio\/","name":"Jo\u00e3o Pedro, Villasanti, Marches\u00edn, Cristaldo, Reinaldo, Dodi, Rodrigo Ely e Pep\u00ea: os jogadores com mais minutos pelo Gr\u00eamio","isPartOf":{"@id":"https:\/\/www.gaveanews.com\/#website"},"primaryImageOfPage":{"@id":"https:\/\/www.gaveanews.com\/index.php\/2024\/10\/01\/joao-pedro-villasanti-marchesin-cristaldo-reinaldo-dodi-rodrigo-ely-e-pepe-os-jogadores-com-mais-minutos-pelo-gremio\/#primaryimage"},"image":{"@id":"https:\/\/www.gaveanews.com\/index.php\/2024\/10\/01\/joao-pedro-villasanti-marchesin-cristaldo-reinaldo-dodi-rodrigo-ely-e-pepe-os-jogadores-com-mais-minutos-pelo-gremio\/#primaryimage"},"thumbnailUrl":"https:\/\/www.gaveanews.com\/wp-content\/uploads\/Joao-Pedro-em-acao-pelo-Gremio.webp","datePublished":"2024-10-02T00:30:00+00:00","author":{"@id":"https:\/\/www.gaveanews.com\/#\/schema\/person\/daf63eec72e1164eb13dc35096c2b8da"},"breadcrumb":{"@id":"https:\/\/www.gaveanews.com\/index.php\/2024\/10\/01\/joao-pedro-villasanti-marchesin-cristaldo-reinaldo-dodi-rodrigo-ely-e-pepe-os-jogadores-com-mais-minutos-pelo-gremio\/#breadcrumb"},"inLanguage":"pt-BR","potentialAction":[{"@type":"ReadAction","target":["https:\/\/www.gaveanews.com\/index.php\/2024\/10\/01\/joao-pedro-villasanti-marchesin-cristaldo-reinaldo-dodi-rodrigo-ely-e-pepe-os-jogadores-com-mais-minutos-pelo-gremio\/"]}]},{"@type":"ImageObject","inLanguage":"pt-BR","@id":"https:\/\/www.gaveanews.com\/index.php\/2024\/10\/01\/joao-pedro-villasanti-marchesin-cristaldo-reinaldo-dodi-rodrigo-ely-e-pepe-os-jogadores-com-mais-minutos-pelo-gremio\/#primaryimage","url":"https:\/\/www.gaveanews.com\/wp-content\/uploads\/Joao-Pedro-em-acao-pelo-Gremio.webp","contentUrl":"https:\/\/www.gaveanews.com\/wp-content\/uploads\/Joao-Pedro-em-acao-pelo-Gremio.webp","width":843,"height":667,"caption":"Jo\u00e3o Pedro em a\u00e7\u00e3o pelo Gr\u00eamio (Foto: Liamara Polli\/Gr\u00eamio)"},{"@type":"BreadcrumbList","@id":"https:\/\/www.gaveanews.com\/index.php\/2024\/10\/01\/joao-pedro-villasanti-marchesin-cristaldo-reinaldo-dodi-rodrigo-ely-e-pepe-os-jogadores-com-mais-minutos-pelo-gremio\/#breadcrumb","itemListElement":[{"@type":"ListItem","position":1,"name":"Home","item":"https:\/\/www.gaveanews.com\/"},{"@type":"ListItem","position":2,"name":"Jo\u00e3o Pedro, Villasanti, Marches\u00edn, Cristaldo, Reinaldo, Dodi, Rodrigo Ely e Pep\u00ea: os jogadores com mais minutos pelo Gr\u00eamio"}]},{"@type":"WebSite","@id":"https:\/\/www.gaveanews.com\/#website","url":"https:\/\/www.gaveanews.com\/","name":"G\u00e1vea News","description":"Veja todas as not\u00edcias sobre o Flamengo: Contrata\u00e7\u00f5es, categorias de base, resultados das partidas, tabela de classifica\u00e7\u00e3o, pr\u00f3ximos jogos!","potentialAction":[{"@type":"SearchAction","target":{"@type":"EntryPoint","urlTemplate":"https:\/\/www.gaveanews.com\/?s={search_term_string}"},"query-input":{"@type":"PropertyValueSpecification","valueRequired":true,"valueName":"search_term_string"}}],"inLanguage":"pt-BR"},{"@type":"Person","@id":"https:\/\/www.gaveanews.com\/#\/schema\/person\/daf63eec72e1164eb13dc35096c2b8da","name":"Paula Silva","image":{"@type":"ImageObject","inLanguage":"pt-BR","@id":"https:\/\/www.gaveanews.com\/#\/schema\/person\/image\/","url":"https:\/\/secure.gravatar.com\/avatar\/eda381c845527cc5d64c13b901833cda29d97500ba040d3e6461f76f51d163bb?s=96&d=mm&r=g","contentUrl":"https:\/\/secure.gravatar.com\/avatar\/eda381c845527cc5d64c13b901833cda29d97500ba040d3e6461f76f51d163bb?s=96&d=mm&r=g","caption":"Paula Silva"}}]}},"_links":{"self":[{"href":"https:\/\/www.gaveanews.com\/index.php\/wp-json\/wp\/v2\/posts\/170620","targetHints":{"allow":["GET"]}}],"collection":[{"href":"https:\/\/www.gaveanews.com\/index.php\/wp-json\/wp\/v2\/posts"}],"about":[{"href":"https:\/\/www.gaveanews.com\/index.php\/wp-json\/wp\/v2\/types\/post"}],"author":[{"embeddable":true,"href":"https:\/\/www.gaveanews.com\/index.php\/wp-json\/wp\/v2\/users\/18"}],"replies":[{"embeddable":true,"href":"https:\/\/www.gaveanews.com\/index.php\/wp-json\/wp\/v2\/comments?post=170620"}],"version-history":[{"count":4,"href":"https:\/\/www.gaveanews.com\/index.php\/wp-json\/wp\/v2\/posts\/170620\/revisions"}],"predecessor-version":[{"id":170649,"href":"https:\/\/www.gaveanews.com\/index.php\/wp-json\/wp\/v2\/posts\/170620\/revisions\/170649"}],"wp:featuredmedia":[{"embeddable":true,"href":"https:\/\/www.gaveanews.com\/index.php\/wp-json\/wp\/v2\/media\/170637"}],"wp:attachment":[{"href":"https:\/\/www.gaveanews.com\/index.php\/wp-json\/wp\/v2\/media?parent=170620"}],"wp:term":[{"taxonomy":"category","embeddable":true,"href":"https:\/\/www.gaveanews.com\/index.php\/wp-json\/wp\/v2\/categories?post=170620"},{"taxonomy":"post_tag","embeddable":true,"href":"https:\/\/www.gaveanews.com\/index.php\/wp-json\/wp\/v2\/tags?post=170620"}],"curies":[{"name":"wp","href":"https:\/\/api.w.org\/{rel}","templated":true}]}}