{"id":170720,"date":"2024-10-02T13:00:00","date_gmt":"2024-10-02T16:00:00","guid":{"rendered":"https:\/\/www.gaveanews.com\/?p=170720"},"modified":"2024-10-02T11:36:54","modified_gmt":"2024-10-02T14:36:54","slug":"ele-vai-deixar-o-gremio-para-jogar-no-santos","status":"publish","type":"post","link":"https:\/\/www.gaveanews.com\/index.php\/2024\/10\/02\/ele-vai-deixar-o-gremio-para-jogar-no-santos\/","title":{"rendered":"Ele vai deixar o Gr\u00eamio para jogar no Santos"},"content":{"rendered":"\n<h2 class=\"wp-block-heading\" id=\"h-brenno-recusa-emprestimo-para-o-santos-e-espera-propostas-de-clubes-da-serie-a\">Brenno recusa empr\u00e9stimo para o Santos e espera propostas de clubes da S\u00e9rie A<\/h2>\n\n\n\n<p>O goleiro Brenno, de 25 anos, que j\u00e1 realizou defesas decisivas pelo Gr\u00eamio, enfrenta um cen\u00e1rio de intensa concorr\u00eancia dentro do elenco tricolor. Atualmente sem espa\u00e7o garantido como titular, Brenno decidiu n\u00e3o aceitar o empr\u00e9stimo oferecido pelo Santos na \u00faltima janela de transfer\u00eancias, optando por esperar propostas mais concretas de outros clubes da S\u00e9rie A para 2025.<\/p>\n\n\n\n<ul class=\"wp-block-list\">\n<li><a href=\"https:\/\/www.gaveanews.com\/index.php\/2024\/09\/30\/a-declaracao-do-presidente-do-santos-apos-o-jogo-contra-o-operario\/\">A declara\u00e7\u00e3o do presidente do Santos ap\u00f3s o jogo contra o Oper\u00e1rio<\/a><\/li>\n\n\n\n<li><a href=\"https:\/\/www.gaveanews.com\/index.php\/2024\/09\/30\/santos-contrata-novo-tecnico\/\">Santos contrata novo t\u00e9cnico<\/a><\/li>\n<\/ul>\n\n\n\n<p>O Gr\u00eamio conta com um n\u00famero consider\u00e1vel de goleiros no plantel, incluindo nomes como Agust\u00edn Marches\u00edn e Rafael Cabral, o que torna o ambiente competitivo para a posi\u00e7\u00e3o. <\/p>\n\n\n\n<p>Brenno, que come\u00e7ou nas categorias de base do Gr\u00eamio e fez sua estreia no time principal em 2020, preferiu manter-se \u00e0 disposi\u00e7\u00e3o, acreditando que sua situa\u00e7\u00e3o no clube ou em outra equipe da elite do futebol brasileiro poderia mudar em breve.<\/p>\n\n\n\n<figure class=\"wp-block-embed is-type-photo is-provider-flickr wp-block-embed-flickr\"><div class=\"wp-block-embed__wrapper\">\n<a href=\"https:\/\/flic.kr\/p\/2qk9uN9\"><img loading=\"lazy\" decoding=\"async\" src=\"https:\/\/live.staticflickr.com\/65535\/54037926164_53df783c43_z.webp\" alt=\"imagem_2024-10-02_113623424\" width=\"640\" height=\"427\" \/><\/a>\n<\/div><\/figure>\n\n\n\n<p>De acordo com o <em>Portal do Gremista<\/em>, o Santos demonstrou interesse em um poss\u00edvel empr\u00e9stimo de Brenno, mas o jogador optou por n\u00e3o concretizar a negocia\u00e7\u00e3o, j\u00e1 que possui sondagens de outros clubes da S\u00e9rie A para a pr\u00f3xima temporada. Apesar de ter ficado pr\u00f3ximo de deixar o Gr\u00eamio, o goleiro acreditou que esperar por uma oportunidade mais promissora seria a decis\u00e3o mais assertiva para a sua carreira.<\/p>\n\n\n\n<p>Ao longo de sua trajet\u00f3ria no Gr\u00eamio, Brenno conquistou t\u00edtulos importantes, como a Recopa Sul-Americana de 2018, o Campeonato Ga\u00facho em v\u00e1rias edi\u00e7\u00f5es at\u00e9 2023 e a Recopa Ga\u00facha em 2019, 2021, 2022 e 2023. No entanto, a chegada de outros goleiros ao elenco tricolor diminuiu seu tempo de jogo, o que o levou a avaliar melhor seus pr\u00f3ximos passos.<\/p>\n\n\n\n<p>Atualmente, o Santos conta com Jo\u00e3o Paulo que est\u00e1 lesionado e Braz\u00e3o, titular do time. Diogenes, Renan e Jo\u00e3o Pedro s\u00e3o os reservas da equipe. <\/p>\n","protected":false},"excerpt":{"rendered":"<p>Brenno recusa empr\u00e9stimo para o Santos e espera propostas de clubes da S\u00e9rie A O goleiro Brenno, de 25 anos, que j\u00e1 realizou defesas decisivas pelo Gr\u00eamio, enfrenta um cen\u00e1rio de intensa concorr\u00eancia dentro do elenco tricolor. Atualmente sem espa\u00e7o garantido como titular, Brenno decidiu n\u00e3o aceitar o empr\u00e9stimo oferecido pelo Santos na \u00faltima janela [&hellip;]<\/p>\n","protected":false},"author":17,"featured_media":147446,"comment_status":"open","ping_status":"closed","sticky":false,"template":"","format":"standard","meta":{"footnotes":""},"categories":[147,139],"tags":[],"class_list":["post-170720","post","type-post","status-publish","format-standard","has-post-thumbnail","hentry","category-gremio","category-santos"],"yoast_head":"<!-- This site is optimized with the Yoast SEO Premium plugin v24.2 (Yoast SEO v26.9) - https:\/\/yoast.com\/product\/yoast-seo-premium-wordpress\/ -->\n<title>Ele vai deixar o Gr\u00eamio para jogar no Santos<\/title>\n<meta name=\"robots\" content=\"index, follow, max-snippet:-1, max-image-preview:large, max-video-preview:-1\" \/>\n<link rel=\"canonical\" href=\"https:\/\/www.gaveanews.com\/index.php\/2024\/10\/02\/ele-vai-deixar-o-gremio-para-jogar-no-santos\/\" \/>\n<meta property=\"og:locale\" content=\"pt_BR\" \/>\n<meta property=\"og:type\" content=\"article\" \/>\n<meta property=\"og:title\" content=\"Ele vai deixar o Gr\u00eamio para jogar no Santos\" \/>\n<meta property=\"og:description\" content=\"Brenno recusa empr\u00e9stimo para o Santos e espera propostas de clubes da S\u00e9rie A O goleiro Brenno, de 25 anos, que j\u00e1 realizou defesas decisivas pelo Gr\u00eamio, enfrenta um cen\u00e1rio de intensa concorr\u00eancia dentro do elenco tricolor. Atualmente sem espa\u00e7o garantido como titular, Brenno decidiu n\u00e3o aceitar o empr\u00e9stimo oferecido pelo Santos na \u00faltima janela [&hellip;]\" \/>\n<meta property=\"og:url\" content=\"https:\/\/www.gaveanews.com\/index.php\/2024\/10\/02\/ele-vai-deixar-o-gremio-para-jogar-no-santos\/\" \/>\n<meta property=\"og:site_name\" content=\"G\u00e1vea News\" \/>\n<meta property=\"article:publisher\" content=\"https:\/\/facebook.com\/gaveaNews\/\" \/>\n<meta property=\"article:published_time\" content=\"2024-10-02T16:00:00+00:00\" \/>\n<meta property=\"og:image\" content=\"https:\/\/www.gaveanews.com\/wp-content\/uploads\/Escudo-do-Santos.webp\" \/>\n\t<meta property=\"og:image:width\" content=\"1621\" \/>\n\t<meta property=\"og:image:height\" content=\"1081\" \/>\n\t<meta property=\"og:image:type\" content=\"image\/webp\" \/>\n<meta name=\"author\" content=\"Geovanna Thomaz\" \/>\n<meta name=\"twitter:card\" content=\"summary_large_image\" \/>\n<meta name=\"twitter:label1\" content=\"Escrito por\" \/>\n\t<meta name=\"twitter:data1\" content=\"Geovanna Thomaz\" \/>\n\t<meta name=\"twitter:label2\" content=\"Est. tempo de leitura\" \/>\n\t<meta name=\"twitter:data2\" content=\"2 minutos\" \/>\n<script type=\"application\/ld+json\" class=\"yoast-schema-graph\">{\"@context\":\"https:\/\/schema.org\",\"@graph\":[{\"@type\":\"NewsArticle\",\"@id\":\"https:\/\/www.gaveanews.com\/index.php\/2024\/10\/02\/ele-vai-deixar-o-gremio-para-jogar-no-santos\/#article\",\"isPartOf\":{\"@id\":\"https:\/\/www.gaveanews.com\/index.php\/2024\/10\/02\/ele-vai-deixar-o-gremio-para-jogar-no-santos\/\"},\"author\":{\"name\":\"Geovanna Thomaz\",\"@id\":\"https:\/\/www.gaveanews.com\/#\/schema\/person\/f42654babcd2b2014a1a65af82b081f1\"},\"headline\":\"Ele vai deixar o Gr\u00eamio para jogar no Santos\",\"datePublished\":\"2024-10-02T16:00:00+00:00\",\"mainEntityOfPage\":{\"@id\":\"https:\/\/www.gaveanews.com\/index.php\/2024\/10\/02\/ele-vai-deixar-o-gremio-para-jogar-no-santos\/\"},\"wordCount\":360,\"commentCount\":0,\"image\":{\"@id\":\"https:\/\/www.gaveanews.com\/index.php\/2024\/10\/02\/ele-vai-deixar-o-gremio-para-jogar-no-santos\/#primaryimage\"},\"thumbnailUrl\":\"https:\/\/www.gaveanews.com\/wp-content\/uploads\/Escudo-do-Santos.webp\",\"articleSection\":[\"Gr\u00eamio\",\"Santos\"],\"inLanguage\":\"pt-BR\",\"potentialAction\":[{\"@type\":\"CommentAction\",\"name\":\"Comment\",\"target\":[\"https:\/\/www.gaveanews.com\/index.php\/2024\/10\/02\/ele-vai-deixar-o-gremio-para-jogar-no-santos\/#respond\"]}],\"copyrightYear\":\"2024\",\"copyrightHolder\":{\"@id\":\"https:\/\/www.gaveanews.com\/#organization\"}},{\"@type\":\"WebPage\",\"@id\":\"https:\/\/www.gaveanews.com\/index.php\/2024\/10\/02\/ele-vai-deixar-o-gremio-para-jogar-no-santos\/\",\"url\":\"https:\/\/www.gaveanews.com\/index.php\/2024\/10\/02\/ele-vai-deixar-o-gremio-para-jogar-no-santos\/\",\"name\":\"Ele vai deixar o Gr\u00eamio para jogar no Santos\",\"isPartOf\":{\"@id\":\"https:\/\/www.gaveanews.com\/#website\"},\"primaryImageOfPage\":{\"@id\":\"https:\/\/www.gaveanews.com\/index.php\/2024\/10\/02\/ele-vai-deixar-o-gremio-para-jogar-no-santos\/#primaryimage\"},\"image\":{\"@id\":\"https:\/\/www.gaveanews.com\/index.php\/2024\/10\/02\/ele-vai-deixar-o-gremio-para-jogar-no-santos\/#primaryimage\"},\"thumbnailUrl\":\"https:\/\/www.gaveanews.com\/wp-content\/uploads\/Escudo-do-Santos.webp\",\"datePublished\":\"2024-10-02T16:00:00+00:00\",\"author\":{\"@id\":\"https:\/\/www.gaveanews.com\/#\/schema\/person\/f42654babcd2b2014a1a65af82b081f1\"},\"breadcrumb\":{\"@id\":\"https:\/\/www.gaveanews.com\/index.php\/2024\/10\/02\/ele-vai-deixar-o-gremio-para-jogar-no-santos\/#breadcrumb\"},\"inLanguage\":\"pt-BR\",\"potentialAction\":[{\"@type\":\"ReadAction\",\"target\":[\"https:\/\/www.gaveanews.com\/index.php\/2024\/10\/02\/ele-vai-deixar-o-gremio-para-jogar-no-santos\/\"]}]},{\"@type\":\"ImageObject\",\"inLanguage\":\"pt-BR\",\"@id\":\"https:\/\/www.gaveanews.com\/index.php\/2024\/10\/02\/ele-vai-deixar-o-gremio-para-jogar-no-santos\/#primaryimage\",\"url\":\"https:\/\/www.gaveanews.com\/wp-content\/uploads\/Escudo-do-Santos.webp\",\"contentUrl\":\"https:\/\/www.gaveanews.com\/wp-content\/uploads\/Escudo-do-Santos.webp\",\"width\":1621,\"height\":1081,\"caption\":\"Escudo do Santos (Foto: Reprodu\u00e7\u00e3o\/Instagram)\"},{\"@type\":\"BreadcrumbList\",\"@id\":\"https:\/\/www.gaveanews.com\/index.php\/2024\/10\/02\/ele-vai-deixar-o-gremio-para-jogar-no-santos\/#breadcrumb\",\"itemListElement\":[{\"@type\":\"ListItem\",\"position\":1,\"name\":\"Home\",\"item\":\"https:\/\/www.gaveanews.com\/\"},{\"@type\":\"ListItem\",\"position\":2,\"name\":\"Ele vai deixar o Gr\u00eamio para jogar no Santos\"}]},{\"@type\":\"WebSite\",\"@id\":\"https:\/\/www.gaveanews.com\/#website\",\"url\":\"https:\/\/www.gaveanews.com\/\",\"name\":\"G\u00e1vea News\",\"description\":\"Veja todas as not\u00edcias sobre o Flamengo: Contrata\u00e7\u00f5es, categorias de base, resultados das partidas, tabela de classifica\u00e7\u00e3o, pr\u00f3ximos jogos!\",\"potentialAction\":[{\"@type\":\"SearchAction\",\"target\":{\"@type\":\"EntryPoint\",\"urlTemplate\":\"https:\/\/www.gaveanews.com\/?s={search_term_string}\"},\"query-input\":{\"@type\":\"PropertyValueSpecification\",\"valueRequired\":true,\"valueName\":\"search_term_string\"}}],\"inLanguage\":\"pt-BR\"},{\"@type\":\"Person\",\"@id\":\"https:\/\/www.gaveanews.com\/#\/schema\/person\/f42654babcd2b2014a1a65af82b081f1\",\"name\":\"Geovanna Thomaz\",\"image\":{\"@type\":\"ImageObject\",\"inLanguage\":\"pt-BR\",\"@id\":\"https:\/\/www.gaveanews.com\/#\/schema\/person\/image\/\",\"url\":\"https:\/\/secure.gravatar.com\/avatar\/4092073255489533afb558984b49b64268c47198af8623cc82a925ae9fb7118a?s=96&d=mm&r=g\",\"contentUrl\":\"https:\/\/secure.gravatar.com\/avatar\/4092073255489533afb558984b49b64268c47198af8623cc82a925ae9fb7118a?s=96&d=mm&r=g\",\"caption\":\"Geovanna Thomaz\"}}]}<\/script>\n<!-- \/ Yoast SEO Premium plugin. -->","yoast_head_json":{"title":"Ele vai deixar o Gr\u00eamio para jogar no Santos","robots":{"index":"index","follow":"follow","max-snippet":"max-snippet:-1","max-image-preview":"max-image-preview:large","max-video-preview":"max-video-preview:-1"},"canonical":"https:\/\/www.gaveanews.com\/index.php\/2024\/10\/02\/ele-vai-deixar-o-gremio-para-jogar-no-santos\/","og_locale":"pt_BR","og_type":"article","og_title":"Ele vai deixar o Gr\u00eamio para jogar no Santos","og_description":"Brenno recusa empr\u00e9stimo para o Santos e espera propostas de clubes da S\u00e9rie A O goleiro Brenno, de 25 anos, que j\u00e1 realizou defesas decisivas pelo Gr\u00eamio, enfrenta um cen\u00e1rio de intensa concorr\u00eancia dentro do elenco tricolor. Atualmente sem espa\u00e7o garantido como titular, Brenno decidiu n\u00e3o aceitar o empr\u00e9stimo oferecido pelo Santos na \u00faltima janela [&hellip;]","og_url":"https:\/\/www.gaveanews.com\/index.php\/2024\/10\/02\/ele-vai-deixar-o-gremio-para-jogar-no-santos\/","og_site_name":"G\u00e1vea News","article_publisher":"https:\/\/facebook.com\/gaveaNews\/","article_published_time":"2024-10-02T16:00:00+00:00","og_image":[{"width":1621,"height":1081,"url":"https:\/\/www.gaveanews.com\/wp-content\/uploads\/Escudo-do-Santos.webp","type":"image\/webp"}],"author":"Geovanna Thomaz","twitter_card":"summary_large_image","twitter_misc":{"Escrito por":"Geovanna Thomaz","Est. tempo de leitura":"2 minutos"},"schema":{"@context":"https:\/\/schema.org","@graph":[{"@type":"NewsArticle","@id":"https:\/\/www.gaveanews.com\/index.php\/2024\/10\/02\/ele-vai-deixar-o-gremio-para-jogar-no-santos\/#article","isPartOf":{"@id":"https:\/\/www.gaveanews.com\/index.php\/2024\/10\/02\/ele-vai-deixar-o-gremio-para-jogar-no-santos\/"},"author":{"name":"Geovanna Thomaz","@id":"https:\/\/www.gaveanews.com\/#\/schema\/person\/f42654babcd2b2014a1a65af82b081f1"},"headline":"Ele vai deixar o Gr\u00eamio para jogar no Santos","datePublished":"2024-10-02T16:00:00+00:00","mainEntityOfPage":{"@id":"https:\/\/www.gaveanews.com\/index.php\/2024\/10\/02\/ele-vai-deixar-o-gremio-para-jogar-no-santos\/"},"wordCount":360,"commentCount":0,"image":{"@id":"https:\/\/www.gaveanews.com\/index.php\/2024\/10\/02\/ele-vai-deixar-o-gremio-para-jogar-no-santos\/#primaryimage"},"thumbnailUrl":"https:\/\/www.gaveanews.com\/wp-content\/uploads\/Escudo-do-Santos.webp","articleSection":["Gr\u00eamio","Santos"],"inLanguage":"pt-BR","potentialAction":[{"@type":"CommentAction","name":"Comment","target":["https:\/\/www.gaveanews.com\/index.php\/2024\/10\/02\/ele-vai-deixar-o-gremio-para-jogar-no-santos\/#respond"]}],"copyrightYear":"2024","copyrightHolder":{"@id":"https:\/\/www.gaveanews.com\/#organization"}},{"@type":"WebPage","@id":"https:\/\/www.gaveanews.com\/index.php\/2024\/10\/02\/ele-vai-deixar-o-gremio-para-jogar-no-santos\/","url":"https:\/\/www.gaveanews.com\/index.php\/2024\/10\/02\/ele-vai-deixar-o-gremio-para-jogar-no-santos\/","name":"Ele vai deixar o Gr\u00eamio para jogar no Santos","isPartOf":{"@id":"https:\/\/www.gaveanews.com\/#website"},"primaryImageOfPage":{"@id":"https:\/\/www.gaveanews.com\/index.php\/2024\/10\/02\/ele-vai-deixar-o-gremio-para-jogar-no-santos\/#primaryimage"},"image":{"@id":"https:\/\/www.gaveanews.com\/index.php\/2024\/10\/02\/ele-vai-deixar-o-gremio-para-jogar-no-santos\/#primaryimage"},"thumbnailUrl":"https:\/\/www.gaveanews.com\/wp-content\/uploads\/Escudo-do-Santos.webp","datePublished":"2024-10-02T16:00:00+00:00","author":{"@id":"https:\/\/www.gaveanews.com\/#\/schema\/person\/f42654babcd2b2014a1a65af82b081f1"},"breadcrumb":{"@id":"https:\/\/www.gaveanews.com\/index.php\/2024\/10\/02\/ele-vai-deixar-o-gremio-para-jogar-no-santos\/#breadcrumb"},"inLanguage":"pt-BR","potentialAction":[{"@type":"ReadAction","target":["https:\/\/www.gaveanews.com\/index.php\/2024\/10\/02\/ele-vai-deixar-o-gremio-para-jogar-no-santos\/"]}]},{"@type":"ImageObject","inLanguage":"pt-BR","@id":"https:\/\/www.gaveanews.com\/index.php\/2024\/10\/02\/ele-vai-deixar-o-gremio-para-jogar-no-santos\/#primaryimage","url":"https:\/\/www.gaveanews.com\/wp-content\/uploads\/Escudo-do-Santos.webp","contentUrl":"https:\/\/www.gaveanews.com\/wp-content\/uploads\/Escudo-do-Santos.webp","width":1621,"height":1081,"caption":"Escudo do Santos (Foto: Reprodu\u00e7\u00e3o\/Instagram)"},{"@type":"BreadcrumbList","@id":"https:\/\/www.gaveanews.com\/index.php\/2024\/10\/02\/ele-vai-deixar-o-gremio-para-jogar-no-santos\/#breadcrumb","itemListElement":[{"@type":"ListItem","position":1,"name":"Home","item":"https:\/\/www.gaveanews.com\/"},{"@type":"ListItem","position":2,"name":"Ele vai deixar o Gr\u00eamio para jogar no Santos"}]},{"@type":"WebSite","@id":"https:\/\/www.gaveanews.com\/#website","url":"https:\/\/www.gaveanews.com\/","name":"G\u00e1vea News","description":"Veja todas as not\u00edcias sobre o Flamengo: Contrata\u00e7\u00f5es, categorias de base, resultados das partidas, tabela de classifica\u00e7\u00e3o, pr\u00f3ximos jogos!","potentialAction":[{"@type":"SearchAction","target":{"@type":"EntryPoint","urlTemplate":"https:\/\/www.gaveanews.com\/?s={search_term_string}"},"query-input":{"@type":"PropertyValueSpecification","valueRequired":true,"valueName":"search_term_string"}}],"inLanguage":"pt-BR"},{"@type":"Person","@id":"https:\/\/www.gaveanews.com\/#\/schema\/person\/f42654babcd2b2014a1a65af82b081f1","name":"Geovanna Thomaz","image":{"@type":"ImageObject","inLanguage":"pt-BR","@id":"https:\/\/www.gaveanews.com\/#\/schema\/person\/image\/","url":"https:\/\/secure.gravatar.com\/avatar\/4092073255489533afb558984b49b64268c47198af8623cc82a925ae9fb7118a?s=96&d=mm&r=g","contentUrl":"https:\/\/secure.gravatar.com\/avatar\/4092073255489533afb558984b49b64268c47198af8623cc82a925ae9fb7118a?s=96&d=mm&r=g","caption":"Geovanna Thomaz"}}]}},"_links":{"self":[{"href":"https:\/\/www.gaveanews.com\/index.php\/wp-json\/wp\/v2\/posts\/170720","targetHints":{"allow":["GET"]}}],"collection":[{"href":"https:\/\/www.gaveanews.com\/index.php\/wp-json\/wp\/v2\/posts"}],"about":[{"href":"https:\/\/www.gaveanews.com\/index.php\/wp-json\/wp\/v2\/types\/post"}],"author":[{"embeddable":true,"href":"https:\/\/www.gaveanews.com\/index.php\/wp-json\/wp\/v2\/users\/17"}],"replies":[{"embeddable":true,"href":"https:\/\/www.gaveanews.com\/index.php\/wp-json\/wp\/v2\/comments?post=170720"}],"version-history":[{"count":2,"href":"https:\/\/www.gaveanews.com\/index.php\/wp-json\/wp\/v2\/posts\/170720\/revisions"}],"predecessor-version":[{"id":170868,"href":"https:\/\/www.gaveanews.com\/index.php\/wp-json\/wp\/v2\/posts\/170720\/revisions\/170868"}],"wp:featuredmedia":[{"embeddable":true,"href":"https:\/\/www.gaveanews.com\/index.php\/wp-json\/wp\/v2\/media\/147446"}],"wp:attachment":[{"href":"https:\/\/www.gaveanews.com\/index.php\/wp-json\/wp\/v2\/media?parent=170720"}],"wp:term":[{"taxonomy":"category","embeddable":true,"href":"https:\/\/www.gaveanews.com\/index.php\/wp-json\/wp\/v2\/categories?post=170720"},{"taxonomy":"post_tag","embeddable":true,"href":"https:\/\/www.gaveanews.com\/index.php\/wp-json\/wp\/v2\/tags?post=170720"}],"curies":[{"name":"wp","href":"https:\/\/api.w.org\/{rel}","templated":true}]}}