{"id":170811,"date":"2024-10-02T10:15:00","date_gmt":"2024-10-02T13:15:00","guid":{"rendered":"https:\/\/www.gaveanews.com\/?p=170811"},"modified":"2024-10-02T09:53:21","modified_gmt":"2024-10-02T12:53:21","slug":"santos-tem-definicao-sobre-estadio","status":"publish","type":"post","link":"https:\/\/www.gaveanews.com\/index.php\/2024\/10\/02\/santos-tem-definicao-sobre-estadio\/","title":{"rendered":"Santos tem defini\u00e7\u00e3o sobre est\u00e1dio"},"content":{"rendered":"\n<h2 class=\"wp-block-heading\" id=\"h-santos-encaminha-acordo-com-wtorre\">Santos encaminha acordo com WTorre <\/h2>\n\n\n\n<p>O Santos est\u00e1 pr\u00f3ximo de firmar um acordo com a WTorre para a constru\u00e7\u00e3o de seu novo est\u00e1dio. Desde que assumiu o cargo em janeiro deste ano, o presidente Marcelo Teixeira vinha buscando um entendimento com a construtora para dar prosseguimento \u00e0 fase de demoli\u00e7\u00e3o e obras.<\/p>\n\n\n\n<ul class=\"wp-block-list\">\n<li><a href=\"https:\/\/www.gaveanews.com\/index.php\/2024\/10\/02\/gil-diego-pituca-joao-schimidt-guilherme-romulo-otero-joaquim-gonzalo-escobar-e-giuliano-os-jogadores-com-mais-minutos-pelo-santos\/\">Gil, Diego Pituca, Jo\u00e3o Schimidt, Guilherme, R\u00f3mulo Otero, Joaquim, Gonzalo Escobar e Giuliano: os jogadores com mais minutos pelo Santos<\/a><\/li>\n\n\n\n<li><a href=\"https:\/\/www.gaveanews.com\/index.php\/2024\/10\/01\/diretoria-contrata-novo-tecnico-atitude-de-fabio-carille-repercute-e-declaracao-de-marcelo-teixeira-as-ultimas-noticias-do-santos\/\">Diretoria contrata novo t\u00e9cnico, atitude de F\u00e1bio Carille repercute e declara\u00e7\u00e3o de Marcelo Teixeira: as \u00faltimas not\u00edcias do Santos<br><\/a><\/li>\n<\/ul>\n\n\n\n<p>Finalmente, parece que esse momento chegou. Para confirmar isso, o dirigente agendou uma coletiva de imprensa na sala do est\u00e1dio para esta quarta-feira, \u00e0s 11h, onde apresentar\u00e1 os detalhes do acordo j\u00e1 avan\u00e7ado com a WTorre, que n\u00e3o estar\u00e1 representada no evento.<\/p>\n\n\n\n<p>Havia diversas diverg\u00eancias entre os envolvidos. Teixeira falou publicamente sobre o tema v\u00e1rias vezes, mencionando que o memorando de inten\u00e7\u00f5es (MOU) firmado pela administra\u00e7\u00e3o anterior continha diversos pontos conflitantes e danosos ao clube.<\/p>\n\n\n\n<figure class=\"wp-block-image size-full\"><img loading=\"lazy\" decoding=\"async\" width=\"740\" height=\"416\" src=\"https:\/\/www.gaveanews.com\/wp-content\/uploads\/image-2024-06-22T183004.202.webp\" alt=\"\" class=\"wp-image-148899\" srcset=\"https:\/\/www.gaveanews.com\/wp-content\/uploads\/image-2024-06-22T183004.202.webp 740w, https:\/\/www.gaveanews.com\/wp-content\/uploads\/image-2024-06-22T183004.202-300x169.webp 300w, https:\/\/www.gaveanews.com\/wp-content\/uploads\/image-2024-06-22T183004.202-640x360.webp 640w, https:\/\/www.gaveanews.com\/wp-content\/uploads\/image-2024-06-22T183004.202-681x383.webp 681w, https:\/\/www.gaveanews.com\/wp-content\/uploads\/image-2024-06-22T183004.202-100x56.webp 100w\" sizes=\"auto, (max-width: 740px) 100vw, 740px\" \/><figcaption class=\"wp-element-caption\">\u00a9 Fotos: Raul Baretta\/ Santos FC.Marcelo Teixeira exp\u00f5es as fragilidades que impendem a evolu\u00e7\u00e3o da base\n<\/figcaption><\/figure>\n\n\n\n<p>O l\u00edder sempre deixou claro que n\u00e3o tinha pressa em reformular o MOU para evitar ser culpado no futuro por poss\u00edveis preju\u00edzos ao patrim\u00f4nio do Santos. Houve diversas reuni\u00f5es para revisar detalhadamente o documento at\u00e9 chegar a um rascunho do contrato final.<\/p>\n\n\n\n<p>Ap\u00f3s resolver as discord\u00e2ncias e revisar e assinar o documento, existe a chance de a constru\u00e7\u00e3o come\u00e7ar ainda este ano, j\u00e1 que a S\u00e9rie B do Brasileir\u00e3o se encerra em novembro e o Peixe n\u00e3o ter\u00e1 mais partidas oficiais para competir na temporada.<\/p>\n\n\n\n<p>A expectativa \u00e9 que a nova arena do Santos tenha capacidade para 30 mil espectadores, localizada no mesmo local onde atualmente se encontra a Vila Belmiro, agora conhecida como Vila Viva Sorte.<\/p>\n\n\n\n<p>Enquanto as obras estiverem em curso, a expectativa \u00e9 que o Santos jogue na Arena Pacaembu, prevista para ser conclu\u00edda a partir de 2025.<\/p>\n","protected":false},"excerpt":{"rendered":"<p>Santos tem defini\u00e7\u00e3o sobre est\u00e1dio<\/p>\n","protected":false},"author":16,"featured_media":147259,"comment_status":"open","ping_status":"closed","sticky":false,"template":"","format":"standard","meta":{"footnotes":""},"categories":[139],"tags":[],"class_list":["post-170811","post","type-post","status-publish","format-standard","has-post-thumbnail","hentry","category-santos"],"yoast_head":"<!-- This site is optimized with the Yoast SEO Premium plugin v24.2 (Yoast SEO v26.9) - https:\/\/yoast.com\/product\/yoast-seo-premium-wordpress\/ -->\n<title>Santos tem defini\u00e7\u00e3o sobre est\u00e1dio<\/title>\n<meta name=\"description\" content=\"Santos tem defini\u00e7\u00e3o sobre est\u00e1dio\" \/>\n<meta name=\"robots\" content=\"index, follow, max-snippet:-1, max-image-preview:large, max-video-preview:-1\" \/>\n<link rel=\"canonical\" href=\"https:\/\/www.gaveanews.com\/index.php\/2024\/10\/02\/santos-tem-definicao-sobre-estadio\/\" \/>\n<meta property=\"og:locale\" content=\"pt_BR\" \/>\n<meta property=\"og:type\" content=\"article\" \/>\n<meta property=\"og:title\" content=\"Santos tem defini\u00e7\u00e3o sobre est\u00e1dio\" \/>\n<meta property=\"og:description\" content=\"Santos tem defini\u00e7\u00e3o sobre est\u00e1dio\" \/>\n<meta property=\"og:url\" content=\"https:\/\/www.gaveanews.com\/index.php\/2024\/10\/02\/santos-tem-definicao-sobre-estadio\/\" \/>\n<meta property=\"og:site_name\" content=\"G\u00e1vea News\" \/>\n<meta property=\"article:publisher\" content=\"https:\/\/facebook.com\/gaveaNews\/\" \/>\n<meta property=\"article:published_time\" content=\"2024-10-02T13:15:00+00:00\" \/>\n<meta property=\"og:image\" content=\"https:\/\/www.gaveanews.com\/wp-content\/uploads\/Interior-da-Vila-Belmiro.webp\" \/>\n\t<meta property=\"og:image:width\" content=\"1280\" \/>\n\t<meta property=\"og:image:height\" content=\"960\" \/>\n\t<meta property=\"og:image:type\" content=\"image\/jpeg\" \/>\n<meta name=\"author\" content=\"D\u00e9bora Figueiredo\" \/>\n<meta name=\"twitter:card\" content=\"summary_large_image\" \/>\n<meta name=\"twitter:label1\" content=\"Escrito por\" \/>\n\t<meta name=\"twitter:data1\" content=\"D\u00e9bora Figueiredo\" \/>\n\t<meta name=\"twitter:label2\" content=\"Est. tempo de leitura\" \/>\n\t<meta name=\"twitter:data2\" content=\"2 minutos\" \/>\n<script type=\"application\/ld+json\" class=\"yoast-schema-graph\">{\"@context\":\"https:\/\/schema.org\",\"@graph\":[{\"@type\":\"NewsArticle\",\"@id\":\"https:\/\/www.gaveanews.com\/index.php\/2024\/10\/02\/santos-tem-definicao-sobre-estadio\/#article\",\"isPartOf\":{\"@id\":\"https:\/\/www.gaveanews.com\/index.php\/2024\/10\/02\/santos-tem-definicao-sobre-estadio\/\"},\"author\":{\"name\":\"D\u00e9bora Figueiredo\",\"@id\":\"https:\/\/www.gaveanews.com\/#\/schema\/person\/37122681a8575a5c8db05a56f099a5e4\"},\"headline\":\"Santos tem defini\u00e7\u00e3o sobre est\u00e1dio\",\"datePublished\":\"2024-10-02T13:15:00+00:00\",\"mainEntityOfPage\":{\"@id\":\"https:\/\/www.gaveanews.com\/index.php\/2024\/10\/02\/santos-tem-definicao-sobre-estadio\/\"},\"wordCount\":358,\"commentCount\":0,\"image\":{\"@id\":\"https:\/\/www.gaveanews.com\/index.php\/2024\/10\/02\/santos-tem-definicao-sobre-estadio\/#primaryimage\"},\"thumbnailUrl\":\"https:\/\/www.gaveanews.com\/wp-content\/uploads\/Interior-da-Vila-Belmiro.webp\",\"articleSection\":[\"Santos\"],\"inLanguage\":\"pt-BR\",\"potentialAction\":[{\"@type\":\"CommentAction\",\"name\":\"Comment\",\"target\":[\"https:\/\/www.gaveanews.com\/index.php\/2024\/10\/02\/santos-tem-definicao-sobre-estadio\/#respond\"]}],\"copyrightYear\":\"2024\",\"copyrightHolder\":{\"@id\":\"https:\/\/www.gaveanews.com\/#organization\"}},{\"@type\":\"WebPage\",\"@id\":\"https:\/\/www.gaveanews.com\/index.php\/2024\/10\/02\/santos-tem-definicao-sobre-estadio\/\",\"url\":\"https:\/\/www.gaveanews.com\/index.php\/2024\/10\/02\/santos-tem-definicao-sobre-estadio\/\",\"name\":\"Santos tem defini\u00e7\u00e3o sobre est\u00e1dio\",\"isPartOf\":{\"@id\":\"https:\/\/www.gaveanews.com\/#website\"},\"primaryImageOfPage\":{\"@id\":\"https:\/\/www.gaveanews.com\/index.php\/2024\/10\/02\/santos-tem-definicao-sobre-estadio\/#primaryimage\"},\"image\":{\"@id\":\"https:\/\/www.gaveanews.com\/index.php\/2024\/10\/02\/santos-tem-definicao-sobre-estadio\/#primaryimage\"},\"thumbnailUrl\":\"https:\/\/www.gaveanews.com\/wp-content\/uploads\/Interior-da-Vila-Belmiro.webp\",\"datePublished\":\"2024-10-02T13:15:00+00:00\",\"author\":{\"@id\":\"https:\/\/www.gaveanews.com\/#\/schema\/person\/37122681a8575a5c8db05a56f099a5e4\"},\"description\":\"Santos tem defini\u00e7\u00e3o sobre est\u00e1dio\",\"breadcrumb\":{\"@id\":\"https:\/\/www.gaveanews.com\/index.php\/2024\/10\/02\/santos-tem-definicao-sobre-estadio\/#breadcrumb\"},\"inLanguage\":\"pt-BR\",\"potentialAction\":[{\"@type\":\"ReadAction\",\"target\":[\"https:\/\/www.gaveanews.com\/index.php\/2024\/10\/02\/santos-tem-definicao-sobre-estadio\/\"]}]},{\"@type\":\"ImageObject\",\"inLanguage\":\"pt-BR\",\"@id\":\"https:\/\/www.gaveanews.com\/index.php\/2024\/10\/02\/santos-tem-definicao-sobre-estadio\/#primaryimage\",\"url\":\"https:\/\/www.gaveanews.com\/wp-content\/uploads\/Interior-da-Vila-Belmiro.webp\",\"contentUrl\":\"https:\/\/www.gaveanews.com\/wp-content\/uploads\/Interior-da-Vila-Belmiro.webp\",\"width\":1280,\"height\":960,\"caption\":\"Interior da Vila Belmiro (Foto: F\u00e1bio Maradei\/Santos)\"},{\"@type\":\"BreadcrumbList\",\"@id\":\"https:\/\/www.gaveanews.com\/index.php\/2024\/10\/02\/santos-tem-definicao-sobre-estadio\/#breadcrumb\",\"itemListElement\":[{\"@type\":\"ListItem\",\"position\":1,\"name\":\"Home\",\"item\":\"https:\/\/www.gaveanews.com\/\"},{\"@type\":\"ListItem\",\"position\":2,\"name\":\"Santos tem defini\u00e7\u00e3o sobre est\u00e1dio\"}]},{\"@type\":\"WebSite\",\"@id\":\"https:\/\/www.gaveanews.com\/#website\",\"url\":\"https:\/\/www.gaveanews.com\/\",\"name\":\"G\u00e1vea News\",\"description\":\"Veja todas as not\u00edcias sobre o Flamengo: Contrata\u00e7\u00f5es, categorias de base, resultados das partidas, tabela de classifica\u00e7\u00e3o, pr\u00f3ximos jogos!\",\"potentialAction\":[{\"@type\":\"SearchAction\",\"target\":{\"@type\":\"EntryPoint\",\"urlTemplate\":\"https:\/\/www.gaveanews.com\/?s={search_term_string}\"},\"query-input\":{\"@type\":\"PropertyValueSpecification\",\"valueRequired\":true,\"valueName\":\"search_term_string\"}}],\"inLanguage\":\"pt-BR\"},{\"@type\":\"Person\",\"@id\":\"https:\/\/www.gaveanews.com\/#\/schema\/person\/37122681a8575a5c8db05a56f099a5e4\",\"name\":\"D\u00e9bora Figueiredo\",\"image\":{\"@type\":\"ImageObject\",\"inLanguage\":\"pt-BR\",\"@id\":\"https:\/\/www.gaveanews.com\/#\/schema\/person\/image\/\",\"url\":\"https:\/\/secure.gravatar.com\/avatar\/1f44802859351588499d26f52aed1d15796ce17e67602895b72837c08018868d?s=96&d=mm&r=g\",\"contentUrl\":\"https:\/\/secure.gravatar.com\/avatar\/1f44802859351588499d26f52aed1d15796ce17e67602895b72837c08018868d?s=96&d=mm&r=g\",\"caption\":\"D\u00e9bora Figueiredo\"}}]}<\/script>\n<!-- \/ Yoast SEO Premium plugin. -->","yoast_head_json":{"title":"Santos tem defini\u00e7\u00e3o sobre est\u00e1dio","description":"Santos tem defini\u00e7\u00e3o sobre est\u00e1dio","robots":{"index":"index","follow":"follow","max-snippet":"max-snippet:-1","max-image-preview":"max-image-preview:large","max-video-preview":"max-video-preview:-1"},"canonical":"https:\/\/www.gaveanews.com\/index.php\/2024\/10\/02\/santos-tem-definicao-sobre-estadio\/","og_locale":"pt_BR","og_type":"article","og_title":"Santos tem defini\u00e7\u00e3o sobre est\u00e1dio","og_description":"Santos tem defini\u00e7\u00e3o sobre est\u00e1dio","og_url":"https:\/\/www.gaveanews.com\/index.php\/2024\/10\/02\/santos-tem-definicao-sobre-estadio\/","og_site_name":"G\u00e1vea News","article_publisher":"https:\/\/facebook.com\/gaveaNews\/","article_published_time":"2024-10-02T13:15:00+00:00","og_image":[{"width":1280,"height":960,"url":"https:\/\/www.gaveanews.com\/wp-content\/uploads\/Interior-da-Vila-Belmiro.webp","type":"image\/jpeg"}],"author":"D\u00e9bora Figueiredo","twitter_card":"summary_large_image","twitter_misc":{"Escrito por":"D\u00e9bora Figueiredo","Est. tempo de leitura":"2 minutos"},"schema":{"@context":"https:\/\/schema.org","@graph":[{"@type":"NewsArticle","@id":"https:\/\/www.gaveanews.com\/index.php\/2024\/10\/02\/santos-tem-definicao-sobre-estadio\/#article","isPartOf":{"@id":"https:\/\/www.gaveanews.com\/index.php\/2024\/10\/02\/santos-tem-definicao-sobre-estadio\/"},"author":{"name":"D\u00e9bora Figueiredo","@id":"https:\/\/www.gaveanews.com\/#\/schema\/person\/37122681a8575a5c8db05a56f099a5e4"},"headline":"Santos tem defini\u00e7\u00e3o sobre est\u00e1dio","datePublished":"2024-10-02T13:15:00+00:00","mainEntityOfPage":{"@id":"https:\/\/www.gaveanews.com\/index.php\/2024\/10\/02\/santos-tem-definicao-sobre-estadio\/"},"wordCount":358,"commentCount":0,"image":{"@id":"https:\/\/www.gaveanews.com\/index.php\/2024\/10\/02\/santos-tem-definicao-sobre-estadio\/#primaryimage"},"thumbnailUrl":"https:\/\/www.gaveanews.com\/wp-content\/uploads\/Interior-da-Vila-Belmiro.webp","articleSection":["Santos"],"inLanguage":"pt-BR","potentialAction":[{"@type":"CommentAction","name":"Comment","target":["https:\/\/www.gaveanews.com\/index.php\/2024\/10\/02\/santos-tem-definicao-sobre-estadio\/#respond"]}],"copyrightYear":"2024","copyrightHolder":{"@id":"https:\/\/www.gaveanews.com\/#organization"}},{"@type":"WebPage","@id":"https:\/\/www.gaveanews.com\/index.php\/2024\/10\/02\/santos-tem-definicao-sobre-estadio\/","url":"https:\/\/www.gaveanews.com\/index.php\/2024\/10\/02\/santos-tem-definicao-sobre-estadio\/","name":"Santos tem defini\u00e7\u00e3o sobre est\u00e1dio","isPartOf":{"@id":"https:\/\/www.gaveanews.com\/#website"},"primaryImageOfPage":{"@id":"https:\/\/www.gaveanews.com\/index.php\/2024\/10\/02\/santos-tem-definicao-sobre-estadio\/#primaryimage"},"image":{"@id":"https:\/\/www.gaveanews.com\/index.php\/2024\/10\/02\/santos-tem-definicao-sobre-estadio\/#primaryimage"},"thumbnailUrl":"https:\/\/www.gaveanews.com\/wp-content\/uploads\/Interior-da-Vila-Belmiro.webp","datePublished":"2024-10-02T13:15:00+00:00","author":{"@id":"https:\/\/www.gaveanews.com\/#\/schema\/person\/37122681a8575a5c8db05a56f099a5e4"},"description":"Santos tem defini\u00e7\u00e3o sobre est\u00e1dio","breadcrumb":{"@id":"https:\/\/www.gaveanews.com\/index.php\/2024\/10\/02\/santos-tem-definicao-sobre-estadio\/#breadcrumb"},"inLanguage":"pt-BR","potentialAction":[{"@type":"ReadAction","target":["https:\/\/www.gaveanews.com\/index.php\/2024\/10\/02\/santos-tem-definicao-sobre-estadio\/"]}]},{"@type":"ImageObject","inLanguage":"pt-BR","@id":"https:\/\/www.gaveanews.com\/index.php\/2024\/10\/02\/santos-tem-definicao-sobre-estadio\/#primaryimage","url":"https:\/\/www.gaveanews.com\/wp-content\/uploads\/Interior-da-Vila-Belmiro.webp","contentUrl":"https:\/\/www.gaveanews.com\/wp-content\/uploads\/Interior-da-Vila-Belmiro.webp","width":1280,"height":960,"caption":"Interior da Vila Belmiro (Foto: F\u00e1bio Maradei\/Santos)"},{"@type":"BreadcrumbList","@id":"https:\/\/www.gaveanews.com\/index.php\/2024\/10\/02\/santos-tem-definicao-sobre-estadio\/#breadcrumb","itemListElement":[{"@type":"ListItem","position":1,"name":"Home","item":"https:\/\/www.gaveanews.com\/"},{"@type":"ListItem","position":2,"name":"Santos tem defini\u00e7\u00e3o sobre est\u00e1dio"}]},{"@type":"WebSite","@id":"https:\/\/www.gaveanews.com\/#website","url":"https:\/\/www.gaveanews.com\/","name":"G\u00e1vea News","description":"Veja todas as not\u00edcias sobre o Flamengo: Contrata\u00e7\u00f5es, categorias de base, resultados das partidas, tabela de classifica\u00e7\u00e3o, pr\u00f3ximos jogos!","potentialAction":[{"@type":"SearchAction","target":{"@type":"EntryPoint","urlTemplate":"https:\/\/www.gaveanews.com\/?s={search_term_string}"},"query-input":{"@type":"PropertyValueSpecification","valueRequired":true,"valueName":"search_term_string"}}],"inLanguage":"pt-BR"},{"@type":"Person","@id":"https:\/\/www.gaveanews.com\/#\/schema\/person\/37122681a8575a5c8db05a56f099a5e4","name":"D\u00e9bora Figueiredo","image":{"@type":"ImageObject","inLanguage":"pt-BR","@id":"https:\/\/www.gaveanews.com\/#\/schema\/person\/image\/","url":"https:\/\/secure.gravatar.com\/avatar\/1f44802859351588499d26f52aed1d15796ce17e67602895b72837c08018868d?s=96&d=mm&r=g","contentUrl":"https:\/\/secure.gravatar.com\/avatar\/1f44802859351588499d26f52aed1d15796ce17e67602895b72837c08018868d?s=96&d=mm&r=g","caption":"D\u00e9bora Figueiredo"}}]}},"_links":{"self":[{"href":"https:\/\/www.gaveanews.com\/index.php\/wp-json\/wp\/v2\/posts\/170811","targetHints":{"allow":["GET"]}}],"collection":[{"href":"https:\/\/www.gaveanews.com\/index.php\/wp-json\/wp\/v2\/posts"}],"about":[{"href":"https:\/\/www.gaveanews.com\/index.php\/wp-json\/wp\/v2\/types\/post"}],"author":[{"embeddable":true,"href":"https:\/\/www.gaveanews.com\/index.php\/wp-json\/wp\/v2\/users\/16"}],"replies":[{"embeddable":true,"href":"https:\/\/www.gaveanews.com\/index.php\/wp-json\/wp\/v2\/comments?post=170811"}],"version-history":[{"count":1,"href":"https:\/\/www.gaveanews.com\/index.php\/wp-json\/wp\/v2\/posts\/170811\/revisions"}],"predecessor-version":[{"id":170815,"href":"https:\/\/www.gaveanews.com\/index.php\/wp-json\/wp\/v2\/posts\/170811\/revisions\/170815"}],"wp:featuredmedia":[{"embeddable":true,"href":"https:\/\/www.gaveanews.com\/index.php\/wp-json\/wp\/v2\/media\/147259"}],"wp:attachment":[{"href":"https:\/\/www.gaveanews.com\/index.php\/wp-json\/wp\/v2\/media?parent=170811"}],"wp:term":[{"taxonomy":"category","embeddable":true,"href":"https:\/\/www.gaveanews.com\/index.php\/wp-json\/wp\/v2\/categories?post=170811"},{"taxonomy":"post_tag","embeddable":true,"href":"https:\/\/www.gaveanews.com\/index.php\/wp-json\/wp\/v2\/tags?post=170811"}],"curies":[{"name":"wp","href":"https:\/\/api.w.org\/{rel}","templated":true}]}}