{"id":170879,"date":"2024-10-02T11:54:52","date_gmt":"2024-10-02T14:54:52","guid":{"rendered":"https:\/\/www.gaveanews.com\/?p=170879"},"modified":"2024-10-02T11:54:55","modified_gmt":"2024-10-02T14:54:55","slug":"santos-encaminha-acordo-com-a-prefeitura-de-sao-paulo","status":"publish","type":"post","link":"https:\/\/www.gaveanews.com\/index.php\/2024\/10\/02\/santos-encaminha-acordo-com-a-prefeitura-de-sao-paulo\/","title":{"rendered":"Santos encaminha acordo com a prefeitura de S\u00e3o Paulo"},"content":{"rendered":"\n<h2 class=\"wp-block-heading\" id=\"h-marcelo-teixeira-detalhou-os-avancos-sobre-cts-wtorre-e-negociacoes-de-naming-rights-em-coletiva\">Marcelo Teixeira detalhou os avan\u00e7os sobre CTs, WTorre e negocia\u00e7\u00f5es de naming rights em coletiva<\/h2>\n\n\n\n<p>Durante a coletiva na manh\u00e3 desta quarta-feira (2), Marcelo Teixeira, presidente do Santos, falou sobre temas estrat\u00e9gicos para o clube, incluindo o Centro de Treinamento da base, a parceria com a WTorre e os naming rights da nova arena. O dirigente destacou os esfor\u00e7os para garantir que os direitos do Santos sejam preservados em todas as negocia\u00e7\u00f5es, visando o crescimento do clube.<\/p>\n\n\n\n<p>Sobre o CT Meninos da Vila, Teixeira explicou que a expans\u00e3o do centro ser\u00e1 financiada com recursos da Lei de Incentivo ao Esporte. Ele tamb\u00e9m comentou sobre as tratativas para um novo CT em S\u00e3o Paulo, que est\u00e3o temporariamente paralisadas devido ao per\u00edodo eleitoral. <\/p>\n\n\n\n<p>&#8220;Quanto ao CT em S\u00e3o Paulo, a abertura da negocia\u00e7\u00e3o junto \u00e0 prefeitura n\u00e3o avan\u00e7ou devido ao processo eleitoral. Passando o processo eleitoral, vamos avan\u00e7ar&#8221;, afirmou.<\/p>\n\n\n\n<p>A parceria com a WTorre, que gerencia a constru\u00e7\u00e3o da nova Vila Belmiro, tamb\u00e9m foi mencionada, com Teixeira esclarecendo que a parceria se restringe ao est\u00e1dio. <\/p>\n\n\n\n<p>&#8220;Vai aumentar o n\u00famero de cadeiras. N\u00e3o de cativas. Elas s\u00e3o de propriet\u00e1rios e ser\u00e3o preservadas. Ser\u00e3o comercializadas cadeiras em planos que est\u00e3o sendo elaborados. A parceria com a WTorre envolve o est\u00e1dio e s\u00f3&#8221;, disse o presidente. <\/p>\n\n\n\n<p>O mandat\u00e1rio tamb\u00e9m trouxe detalhes importantes sobre os repasses financeiros \u00e0 WTorre, garantindo que os direitos do Santos foram protegidos em todas as negocia\u00e7\u00f5es. <\/p>\n\n\n\n<p>&#8220;O mais importante \u00e9 que os direitos do Santos foram preservados. N\u00e3o existiam par\u00e2metros seja de jogos de futebol ou eventos. O Santos tem participa\u00e7\u00e3o em eventos e shows, e na integralidade e repasse nos jogos de futebol. Ampliamos o n\u00famero de jogos na Vila e em outros locais do Brasil. Foram negocia\u00e7\u00f5es vantajosas ao Santos&#8221;, comentou. <\/p>\n\n\n\n<p>Um dos pontos mais aguardados foi a quest\u00e3o dos naming rights da nova arena. O dirigente destacou o contrato com a Viva Sorte e as negocia\u00e7\u00f5es em andamento. <\/p>\n\n\n\n<p>&#8220;N\u00f3s conseguimos limitar o valor at\u00e9 R$ 15 milh\u00f5es para a SPE (Sociedade de Prop\u00f3sito Espec\u00edfico). E acima desse valor, o recurso vem direto ao Santos. O que ultrapassar R$ 15 milh\u00f5es, como negociamos atualmente, o diferencial vem para os cofres do Santos.&#8221;<\/p>\n\n\n\n<p>Al\u00e9m disso, Teixeira esclareceu a redu\u00e7\u00e3o no prazo do contrato de naming rights, que foi ajustado para seis meses, abrindo margem para futuras negocia\u00e7\u00f5es que possam ser mais vantajosas tanto para o clube quanto para os parceiros. <\/p>\n\n\n\n<p>&#8220;Interessante citar tamb\u00e9m que temos, no entendimento junto \u00e0 Viva Sorte, o naming right revisto quanto ao prazo. Diminu\u00edmos para seis meses para ir de encontro \u00e0s negocia\u00e7\u00f5es&#8221;, disse.<\/p>\n","protected":false},"excerpt":{"rendered":"<p>Marcelo Teixeira detalhou os avan\u00e7os sobre CTs, WTorre e negocia\u00e7\u00f5es de naming rights em coletiva Durante a coletiva na manh\u00e3 desta quarta-feira (2), Marcelo Teixeira, presidente do Santos, falou sobre temas estrat\u00e9gicos para o clube, incluindo o Centro de Treinamento da base, a parceria com a WTorre e os naming rights da nova arena. O [&hellip;]<\/p>\n","protected":false},"author":17,"featured_media":147635,"comment_status":"open","ping_status":"closed","sticky":false,"template":"","format":"standard","meta":{"footnotes":""},"categories":[139],"tags":[],"class_list":["post-170879","post","type-post","status-publish","format-standard","has-post-thumbnail","hentry","category-santos"],"yoast_head":"<!-- This site is optimized with the Yoast SEO Premium plugin v24.2 (Yoast SEO v26.9) - https:\/\/yoast.com\/product\/yoast-seo-premium-wordpress\/ -->\n<title>Santos encaminha acordo com a prefeitura de S\u00e3o Paulo<\/title>\n<meta name=\"robots\" content=\"index, follow, max-snippet:-1, max-image-preview:large, max-video-preview:-1\" \/>\n<link rel=\"canonical\" href=\"https:\/\/www.gaveanews.com\/index.php\/2024\/10\/02\/santos-encaminha-acordo-com-a-prefeitura-de-sao-paulo\/\" \/>\n<meta property=\"og:locale\" content=\"pt_BR\" \/>\n<meta property=\"og:type\" content=\"article\" \/>\n<meta property=\"og:title\" content=\"Santos encaminha acordo com a prefeitura de S\u00e3o Paulo\" \/>\n<meta property=\"og:description\" content=\"Marcelo Teixeira detalhou os avan\u00e7os sobre CTs, WTorre e negocia\u00e7\u00f5es de naming rights em coletiva Durante a coletiva na manh\u00e3 desta quarta-feira (2), Marcelo Teixeira, presidente do Santos, falou sobre temas estrat\u00e9gicos para o clube, incluindo o Centro de Treinamento da base, a parceria com a WTorre e os naming rights da nova arena. O [&hellip;]\" \/>\n<meta property=\"og:url\" content=\"https:\/\/www.gaveanews.com\/index.php\/2024\/10\/02\/santos-encaminha-acordo-com-a-prefeitura-de-sao-paulo\/\" \/>\n<meta property=\"og:site_name\" content=\"G\u00e1vea News\" \/>\n<meta property=\"article:publisher\" content=\"https:\/\/facebook.com\/gaveaNews\/\" \/>\n<meta property=\"article:published_time\" content=\"2024-10-02T14:54:52+00:00\" \/>\n<meta property=\"article:modified_time\" content=\"2024-10-02T14:54:55+00:00\" \/>\n<meta property=\"og:image\" content=\"https:\/\/www.gaveanews.com\/wp-content\/uploads\/Marcelo-Teixeira-apos-a-eleicao-do-Santos-em-2023.webp\" \/>\n\t<meta property=\"og:image:width\" content=\"1024\" \/>\n\t<meta property=\"og:image:height\" content=\"683\" \/>\n\t<meta property=\"og:image:type\" content=\"image\/jpeg\" \/>\n<meta name=\"author\" content=\"Geovanna Thomaz\" \/>\n<meta name=\"twitter:card\" content=\"summary_large_image\" \/>\n<meta name=\"twitter:label1\" content=\"Escrito por\" \/>\n\t<meta name=\"twitter:data1\" content=\"Geovanna Thomaz\" \/>\n\t<meta name=\"twitter:label2\" content=\"Est. tempo de leitura\" \/>\n\t<meta name=\"twitter:data2\" content=\"3 minutos\" \/>\n<script type=\"application\/ld+json\" class=\"yoast-schema-graph\">{\"@context\":\"https:\/\/schema.org\",\"@graph\":[{\"@type\":\"NewsArticle\",\"@id\":\"https:\/\/www.gaveanews.com\/index.php\/2024\/10\/02\/santos-encaminha-acordo-com-a-prefeitura-de-sao-paulo\/#article\",\"isPartOf\":{\"@id\":\"https:\/\/www.gaveanews.com\/index.php\/2024\/10\/02\/santos-encaminha-acordo-com-a-prefeitura-de-sao-paulo\/\"},\"author\":{\"name\":\"Geovanna Thomaz\",\"@id\":\"https:\/\/www.gaveanews.com\/#\/schema\/person\/f42654babcd2b2014a1a65af82b081f1\"},\"headline\":\"Santos encaminha acordo com a prefeitura de S\u00e3o Paulo\",\"datePublished\":\"2024-10-02T14:54:52+00:00\",\"dateModified\":\"2024-10-02T14:54:55+00:00\",\"mainEntityOfPage\":{\"@id\":\"https:\/\/www.gaveanews.com\/index.php\/2024\/10\/02\/santos-encaminha-acordo-com-a-prefeitura-de-sao-paulo\/\"},\"wordCount\":479,\"commentCount\":0,\"image\":{\"@id\":\"https:\/\/www.gaveanews.com\/index.php\/2024\/10\/02\/santos-encaminha-acordo-com-a-prefeitura-de-sao-paulo\/#primaryimage\"},\"thumbnailUrl\":\"https:\/\/www.gaveanews.com\/wp-content\/uploads\/Marcelo-Teixeira-apos-a-eleicao-do-Santos-em-2023.webp\",\"articleSection\":[\"Santos\"],\"inLanguage\":\"pt-BR\",\"potentialAction\":[{\"@type\":\"CommentAction\",\"name\":\"Comment\",\"target\":[\"https:\/\/www.gaveanews.com\/index.php\/2024\/10\/02\/santos-encaminha-acordo-com-a-prefeitura-de-sao-paulo\/#respond\"]}],\"copyrightYear\":\"2024\",\"copyrightHolder\":{\"@id\":\"https:\/\/www.gaveanews.com\/#organization\"}},{\"@type\":\"WebPage\",\"@id\":\"https:\/\/www.gaveanews.com\/index.php\/2024\/10\/02\/santos-encaminha-acordo-com-a-prefeitura-de-sao-paulo\/\",\"url\":\"https:\/\/www.gaveanews.com\/index.php\/2024\/10\/02\/santos-encaminha-acordo-com-a-prefeitura-de-sao-paulo\/\",\"name\":\"Santos encaminha acordo com a prefeitura de S\u00e3o Paulo\",\"isPartOf\":{\"@id\":\"https:\/\/www.gaveanews.com\/#website\"},\"primaryImageOfPage\":{\"@id\":\"https:\/\/www.gaveanews.com\/index.php\/2024\/10\/02\/santos-encaminha-acordo-com-a-prefeitura-de-sao-paulo\/#primaryimage\"},\"image\":{\"@id\":\"https:\/\/www.gaveanews.com\/index.php\/2024\/10\/02\/santos-encaminha-acordo-com-a-prefeitura-de-sao-paulo\/#primaryimage\"},\"thumbnailUrl\":\"https:\/\/www.gaveanews.com\/wp-content\/uploads\/Marcelo-Teixeira-apos-a-eleicao-do-Santos-em-2023.webp\",\"datePublished\":\"2024-10-02T14:54:52+00:00\",\"dateModified\":\"2024-10-02T14:54:55+00:00\",\"author\":{\"@id\":\"https:\/\/www.gaveanews.com\/#\/schema\/person\/f42654babcd2b2014a1a65af82b081f1\"},\"breadcrumb\":{\"@id\":\"https:\/\/www.gaveanews.com\/index.php\/2024\/10\/02\/santos-encaminha-acordo-com-a-prefeitura-de-sao-paulo\/#breadcrumb\"},\"inLanguage\":\"pt-BR\",\"potentialAction\":[{\"@type\":\"ReadAction\",\"target\":[\"https:\/\/www.gaveanews.com\/index.php\/2024\/10\/02\/santos-encaminha-acordo-com-a-prefeitura-de-sao-paulo\/\"]}]},{\"@type\":\"ImageObject\",\"inLanguage\":\"pt-BR\",\"@id\":\"https:\/\/www.gaveanews.com\/index.php\/2024\/10\/02\/santos-encaminha-acordo-com-a-prefeitura-de-sao-paulo\/#primaryimage\",\"url\":\"https:\/\/www.gaveanews.com\/wp-content\/uploads\/Marcelo-Teixeira-apos-a-eleicao-do-Santos-em-2023.webp\",\"contentUrl\":\"https:\/\/www.gaveanews.com\/wp-content\/uploads\/Marcelo-Teixeira-apos-a-eleicao-do-Santos-em-2023.webp\",\"width\":1024,\"height\":683,\"caption\":\"Marcelo Teixeira ap\u00f3s a elei\u00e7\u00e3o do Santos em 2023 (Foto: Reprodu\u00e7\u00e3o\/Santos)\"},{\"@type\":\"BreadcrumbList\",\"@id\":\"https:\/\/www.gaveanews.com\/index.php\/2024\/10\/02\/santos-encaminha-acordo-com-a-prefeitura-de-sao-paulo\/#breadcrumb\",\"itemListElement\":[{\"@type\":\"ListItem\",\"position\":1,\"name\":\"Home\",\"item\":\"https:\/\/www.gaveanews.com\/\"},{\"@type\":\"ListItem\",\"position\":2,\"name\":\"Santos encaminha acordo com a prefeitura de S\u00e3o Paulo\"}]},{\"@type\":\"WebSite\",\"@id\":\"https:\/\/www.gaveanews.com\/#website\",\"url\":\"https:\/\/www.gaveanews.com\/\",\"name\":\"G\u00e1vea News\",\"description\":\"Veja todas as not\u00edcias sobre o Flamengo: Contrata\u00e7\u00f5es, categorias de base, resultados das partidas, tabela de classifica\u00e7\u00e3o, pr\u00f3ximos jogos!\",\"potentialAction\":[{\"@type\":\"SearchAction\",\"target\":{\"@type\":\"EntryPoint\",\"urlTemplate\":\"https:\/\/www.gaveanews.com\/?s={search_term_string}\"},\"query-input\":{\"@type\":\"PropertyValueSpecification\",\"valueRequired\":true,\"valueName\":\"search_term_string\"}}],\"inLanguage\":\"pt-BR\"},{\"@type\":\"Person\",\"@id\":\"https:\/\/www.gaveanews.com\/#\/schema\/person\/f42654babcd2b2014a1a65af82b081f1\",\"name\":\"Geovanna Thomaz\",\"image\":{\"@type\":\"ImageObject\",\"inLanguage\":\"pt-BR\",\"@id\":\"https:\/\/www.gaveanews.com\/#\/schema\/person\/image\/\",\"url\":\"https:\/\/secure.gravatar.com\/avatar\/4092073255489533afb558984b49b64268c47198af8623cc82a925ae9fb7118a?s=96&d=mm&r=g\",\"contentUrl\":\"https:\/\/secure.gravatar.com\/avatar\/4092073255489533afb558984b49b64268c47198af8623cc82a925ae9fb7118a?s=96&d=mm&r=g\",\"caption\":\"Geovanna Thomaz\"}}]}<\/script>\n<!-- \/ Yoast SEO Premium plugin. -->","yoast_head_json":{"title":"Santos encaminha acordo com a prefeitura de S\u00e3o Paulo","robots":{"index":"index","follow":"follow","max-snippet":"max-snippet:-1","max-image-preview":"max-image-preview:large","max-video-preview":"max-video-preview:-1"},"canonical":"https:\/\/www.gaveanews.com\/index.php\/2024\/10\/02\/santos-encaminha-acordo-com-a-prefeitura-de-sao-paulo\/","og_locale":"pt_BR","og_type":"article","og_title":"Santos encaminha acordo com a prefeitura de S\u00e3o Paulo","og_description":"Marcelo Teixeira detalhou os avan\u00e7os sobre CTs, WTorre e negocia\u00e7\u00f5es de naming rights em coletiva Durante a coletiva na manh\u00e3 desta quarta-feira (2), Marcelo Teixeira, presidente do Santos, falou sobre temas estrat\u00e9gicos para o clube, incluindo o Centro de Treinamento da base, a parceria com a WTorre e os naming rights da nova arena. O [&hellip;]","og_url":"https:\/\/www.gaveanews.com\/index.php\/2024\/10\/02\/santos-encaminha-acordo-com-a-prefeitura-de-sao-paulo\/","og_site_name":"G\u00e1vea News","article_publisher":"https:\/\/facebook.com\/gaveaNews\/","article_published_time":"2024-10-02T14:54:52+00:00","article_modified_time":"2024-10-02T14:54:55+00:00","og_image":[{"width":1024,"height":683,"url":"https:\/\/www.gaveanews.com\/wp-content\/uploads\/Marcelo-Teixeira-apos-a-eleicao-do-Santos-em-2023.webp","type":"image\/jpeg"}],"author":"Geovanna Thomaz","twitter_card":"summary_large_image","twitter_misc":{"Escrito por":"Geovanna Thomaz","Est. tempo de leitura":"3 minutos"},"schema":{"@context":"https:\/\/schema.org","@graph":[{"@type":"NewsArticle","@id":"https:\/\/www.gaveanews.com\/index.php\/2024\/10\/02\/santos-encaminha-acordo-com-a-prefeitura-de-sao-paulo\/#article","isPartOf":{"@id":"https:\/\/www.gaveanews.com\/index.php\/2024\/10\/02\/santos-encaminha-acordo-com-a-prefeitura-de-sao-paulo\/"},"author":{"name":"Geovanna Thomaz","@id":"https:\/\/www.gaveanews.com\/#\/schema\/person\/f42654babcd2b2014a1a65af82b081f1"},"headline":"Santos encaminha acordo com a prefeitura de S\u00e3o Paulo","datePublished":"2024-10-02T14:54:52+00:00","dateModified":"2024-10-02T14:54:55+00:00","mainEntityOfPage":{"@id":"https:\/\/www.gaveanews.com\/index.php\/2024\/10\/02\/santos-encaminha-acordo-com-a-prefeitura-de-sao-paulo\/"},"wordCount":479,"commentCount":0,"image":{"@id":"https:\/\/www.gaveanews.com\/index.php\/2024\/10\/02\/santos-encaminha-acordo-com-a-prefeitura-de-sao-paulo\/#primaryimage"},"thumbnailUrl":"https:\/\/www.gaveanews.com\/wp-content\/uploads\/Marcelo-Teixeira-apos-a-eleicao-do-Santos-em-2023.webp","articleSection":["Santos"],"inLanguage":"pt-BR","potentialAction":[{"@type":"CommentAction","name":"Comment","target":["https:\/\/www.gaveanews.com\/index.php\/2024\/10\/02\/santos-encaminha-acordo-com-a-prefeitura-de-sao-paulo\/#respond"]}],"copyrightYear":"2024","copyrightHolder":{"@id":"https:\/\/www.gaveanews.com\/#organization"}},{"@type":"WebPage","@id":"https:\/\/www.gaveanews.com\/index.php\/2024\/10\/02\/santos-encaminha-acordo-com-a-prefeitura-de-sao-paulo\/","url":"https:\/\/www.gaveanews.com\/index.php\/2024\/10\/02\/santos-encaminha-acordo-com-a-prefeitura-de-sao-paulo\/","name":"Santos encaminha acordo com a prefeitura de S\u00e3o Paulo","isPartOf":{"@id":"https:\/\/www.gaveanews.com\/#website"},"primaryImageOfPage":{"@id":"https:\/\/www.gaveanews.com\/index.php\/2024\/10\/02\/santos-encaminha-acordo-com-a-prefeitura-de-sao-paulo\/#primaryimage"},"image":{"@id":"https:\/\/www.gaveanews.com\/index.php\/2024\/10\/02\/santos-encaminha-acordo-com-a-prefeitura-de-sao-paulo\/#primaryimage"},"thumbnailUrl":"https:\/\/www.gaveanews.com\/wp-content\/uploads\/Marcelo-Teixeira-apos-a-eleicao-do-Santos-em-2023.webp","datePublished":"2024-10-02T14:54:52+00:00","dateModified":"2024-10-02T14:54:55+00:00","author":{"@id":"https:\/\/www.gaveanews.com\/#\/schema\/person\/f42654babcd2b2014a1a65af82b081f1"},"breadcrumb":{"@id":"https:\/\/www.gaveanews.com\/index.php\/2024\/10\/02\/santos-encaminha-acordo-com-a-prefeitura-de-sao-paulo\/#breadcrumb"},"inLanguage":"pt-BR","potentialAction":[{"@type":"ReadAction","target":["https:\/\/www.gaveanews.com\/index.php\/2024\/10\/02\/santos-encaminha-acordo-com-a-prefeitura-de-sao-paulo\/"]}]},{"@type":"ImageObject","inLanguage":"pt-BR","@id":"https:\/\/www.gaveanews.com\/index.php\/2024\/10\/02\/santos-encaminha-acordo-com-a-prefeitura-de-sao-paulo\/#primaryimage","url":"https:\/\/www.gaveanews.com\/wp-content\/uploads\/Marcelo-Teixeira-apos-a-eleicao-do-Santos-em-2023.webp","contentUrl":"https:\/\/www.gaveanews.com\/wp-content\/uploads\/Marcelo-Teixeira-apos-a-eleicao-do-Santos-em-2023.webp","width":1024,"height":683,"caption":"Marcelo Teixeira ap\u00f3s a elei\u00e7\u00e3o do Santos em 2023 (Foto: Reprodu\u00e7\u00e3o\/Santos)"},{"@type":"BreadcrumbList","@id":"https:\/\/www.gaveanews.com\/index.php\/2024\/10\/02\/santos-encaminha-acordo-com-a-prefeitura-de-sao-paulo\/#breadcrumb","itemListElement":[{"@type":"ListItem","position":1,"name":"Home","item":"https:\/\/www.gaveanews.com\/"},{"@type":"ListItem","position":2,"name":"Santos encaminha acordo com a prefeitura de S\u00e3o Paulo"}]},{"@type":"WebSite","@id":"https:\/\/www.gaveanews.com\/#website","url":"https:\/\/www.gaveanews.com\/","name":"G\u00e1vea News","description":"Veja todas as not\u00edcias sobre o Flamengo: Contrata\u00e7\u00f5es, categorias de base, resultados das partidas, tabela de classifica\u00e7\u00e3o, pr\u00f3ximos jogos!","potentialAction":[{"@type":"SearchAction","target":{"@type":"EntryPoint","urlTemplate":"https:\/\/www.gaveanews.com\/?s={search_term_string}"},"query-input":{"@type":"PropertyValueSpecification","valueRequired":true,"valueName":"search_term_string"}}],"inLanguage":"pt-BR"},{"@type":"Person","@id":"https:\/\/www.gaveanews.com\/#\/schema\/person\/f42654babcd2b2014a1a65af82b081f1","name":"Geovanna Thomaz","image":{"@type":"ImageObject","inLanguage":"pt-BR","@id":"https:\/\/www.gaveanews.com\/#\/schema\/person\/image\/","url":"https:\/\/secure.gravatar.com\/avatar\/4092073255489533afb558984b49b64268c47198af8623cc82a925ae9fb7118a?s=96&d=mm&r=g","contentUrl":"https:\/\/secure.gravatar.com\/avatar\/4092073255489533afb558984b49b64268c47198af8623cc82a925ae9fb7118a?s=96&d=mm&r=g","caption":"Geovanna Thomaz"}}]}},"_links":{"self":[{"href":"https:\/\/www.gaveanews.com\/index.php\/wp-json\/wp\/v2\/posts\/170879","targetHints":{"allow":["GET"]}}],"collection":[{"href":"https:\/\/www.gaveanews.com\/index.php\/wp-json\/wp\/v2\/posts"}],"about":[{"href":"https:\/\/www.gaveanews.com\/index.php\/wp-json\/wp\/v2\/types\/post"}],"author":[{"embeddable":true,"href":"https:\/\/www.gaveanews.com\/index.php\/wp-json\/wp\/v2\/users\/17"}],"replies":[{"embeddable":true,"href":"https:\/\/www.gaveanews.com\/index.php\/wp-json\/wp\/v2\/comments?post=170879"}],"version-history":[{"count":1,"href":"https:\/\/www.gaveanews.com\/index.php\/wp-json\/wp\/v2\/posts\/170879\/revisions"}],"predecessor-version":[{"id":170880,"href":"https:\/\/www.gaveanews.com\/index.php\/wp-json\/wp\/v2\/posts\/170879\/revisions\/170880"}],"wp:featuredmedia":[{"embeddable":true,"href":"https:\/\/www.gaveanews.com\/index.php\/wp-json\/wp\/v2\/media\/147635"}],"wp:attachment":[{"href":"https:\/\/www.gaveanews.com\/index.php\/wp-json\/wp\/v2\/media?parent=170879"}],"wp:term":[{"taxonomy":"category","embeddable":true,"href":"https:\/\/www.gaveanews.com\/index.php\/wp-json\/wp\/v2\/categories?post=170879"},{"taxonomy":"post_tag","embeddable":true,"href":"https:\/\/www.gaveanews.com\/index.php\/wp-json\/wp\/v2\/tags?post=170879"}],"curies":[{"name":"wp","href":"https:\/\/api.w.org\/{rel}","templated":true}]}}