{"id":171023,"date":"2024-10-03T18:10:00","date_gmt":"2024-10-03T21:10:00","guid":{"rendered":"https:\/\/www.gaveanews.com\/?p=171023"},"modified":"2024-10-03T14:48:00","modified_gmt":"2024-10-03T17:48:00","slug":"a-declaracao-de-pep-guardiola-sobre-o-elenco-do-manchester-city","status":"publish","type":"post","link":"https:\/\/www.gaveanews.com\/index.php\/2024\/10\/03\/a-declaracao-de-pep-guardiola-sobre-o-elenco-do-manchester-city\/","title":{"rendered":"A declara\u00e7\u00e3o de Pep Guardiola sobre o elenco do Manchester City"},"content":{"rendered":"\n<p>Pep Guardiola, de 53 anos e atual t\u00e9cnico do Manchester City, comemorou na \u00faltima ter\u00e7a-feira (1\u00ba) a primeira vit\u00f3ria na Champions League 2024\/25 ap\u00f3s a goleada por 4 a 0 sobre o Slovan Bratislava, da Eslov\u00e1quia.<\/p>\n\n\n\n<ul class=\"wp-block-list\">\n<li><a href=\"https:\/\/www.gaveanews.com\/index.php\/2024\/10\/01\/ela-foi-traida-e-agora-quer-receber-109-milhoes-para-reatar-casamento-com-jogador-do-manchester-city\/\">Ela foi tra\u00edda e agora quer receber 109 milh\u00f5es para reatar casamento com jogador do Manchester City<\/a>12<\/li>\n\n\n\n<li><a href=\"https:\/\/www.gaveanews.com\/index.php\/2024\/09\/28\/manchester-city-define-substituto-de-rodri\/\">Manchester City define substituto de Rodri<\/a><\/li>\n<\/ul>\n\n\n\n<p>Os gols do City foram marcados por Ilkay Gundogan, Phil Foden, Erling Haaland e James McAtee, que conseguiram os primeiros tr\u00eas pontos diretos.<\/p>\n\n\n\n<p>\u00c9 \u00f3bvio que o placar tenha dado um grande impulso a toda a equipe inglesa colocando em conta o saldo do grupo ap\u00f3s o empate sem gols com a Inter de Mil\u00e3o na partida de estreia.<\/p>\n\n\n\n<h2 class=\"wp-block-heading\" id=\"h-nem-passava-pela-cabeca-do-treinador\">Nem passava pela cabe\u00e7a do treinador<\/h2>\n\n\n\n<p>Com isso, o treinador Pep Guardiola disse que isso estava longe de acontecer atrav\u00e9s de sua mente.<\/p>\n\n\n\n<p>\u201cO grupo de jogadores \u00e9 fant\u00e1stico, fizemos um bom jogo e muitas chances. Mas n\u00e3o estou pensando em saldo de gols, vencer os jogos ser\u00e1 o suficiente. Fizemos a primeira vit\u00f3ria, sabe, para subir na tabela um pouco mais alto do que est\u00e1vamos, ent\u00e3o \u00e9 legal\u201d, afirmou Pep.<\/p>\n\n\n\n<h2 class=\"wp-block-heading\" id=\"h-opiniao-de-pep-guardiola-sobre-gundogan\">Opini\u00e3o de Pep Guardiola sobre Gundogan<\/h2>\n\n\n\n<p>Na boa atua\u00e7\u00e3o do camisa 19 do Manchester City, o t\u00e9cnico Pep declarou que: \u201ctalvez um dos melhores que j\u00e1 vi com ele em oito, nove anos; ele teve um jogo fant\u00e1stico nesta ter\u00e7a-feira\u201d.<\/p>\n\n\n\n<h2 class=\"wp-block-heading\" id=\"h-phil-foden-na-temporada-2024-25\">Phil Foden na temporada 2024\/25<\/h2>\n\n\n\n<p>Com apenas 24 anos, Phil Foden, conseguiu marcar <strong>27 <\/strong>gols na temporada 2023\/24, onde teve no come\u00e7o deste ano uma desvantagem, tanto que o primeiro gol do atleta s\u00f3 saiu apenas agora.<\/p>\n\n\n\n<h2 class=\"wp-block-heading\" id=\"h-opiniao-de-pep-guardiola-sobre-james-mcatee\">Opini\u00e3o de Pep Guardiola sobre James McAtee<\/h2>\n\n\n\n<p>\u201cFez um gol fant\u00e1stico. Passo a passo, est\u00e1 voltando\u201d, disse Guardiola, que valorizou o primeiro gol de McAtee pelo City.<\/p>\n\n\n\n<p>\u201cEstamos muito felizes com ele, ele \u00e9 ador\u00e1vel e todos os caras o amam. McAtee se movimentou muito bem em espa\u00e7os pequenos, fez um gol fant\u00e1stico, teve outra chance e, para ele, ser\u00e1 um bom incentivo. Queremos que ele sinta que faz parte desse grupo\u201d, encerrou.<\/p>\n\n\n\n<h2 class=\"wp-block-heading\">Pr\u00f3ximos jogos do Manchester City:<\/h2>\n\n\n\n<ul class=\"wp-block-list\">\n<li>Fulham&nbsp;(em casa) &#8211; 05\/10, 11h (hor\u00e1rio de Bras\u00edlia) \u2013&nbsp;Premier League&nbsp;<\/li>\n\n\n\n<li>Wolverhampton&nbsp;(fora de casa) &#8211; 20\/10, 10h (hor\u00e1rio de Bras\u00edlia) \u2013&nbsp;Premier League&nbsp;<\/li>\n\n\n\n<li>Sparta Praga&nbsp;(em casa) &#8211; 23\/10, 16h (hor\u00e1rio de Bras\u00edlia) &#8211;&nbsp;Champions League<\/li>\n<\/ul>\n","protected":false},"excerpt":{"rendered":"<p>Pep Guardiola, de 53 anos e atual t\u00e9cnico do Manchester City, comemorou na \u00faltima ter\u00e7a-feira (1\u00ba) a primeira vit\u00f3ria na Champions League 2024\/25 ap\u00f3s a goleada por 4 a 0 sobre o Slovan Bratislava, da Eslov\u00e1quia. Os gols do City foram marcados por Ilkay Gundogan, Phil Foden, Erling Haaland e James McAtee, que conseguiram os [&hellip;]<\/p>\n","protected":false},"author":22,"featured_media":111079,"comment_status":"open","ping_status":"closed","sticky":false,"template":"","format":"standard","meta":{"footnotes":""},"categories":[84],"tags":[],"class_list":["post-171023","post","type-post","status-publish","format-standard","has-post-thumbnail","hentry","category-manchester-city"],"yoast_head":"<!-- This site is optimized with the Yoast SEO Premium plugin v24.2 (Yoast SEO v26.9) - https:\/\/yoast.com\/product\/yoast-seo-premium-wordpress\/ -->\n<title>A declara\u00e7\u00e3o de Pep Guardiola sobre o elenco do Manchester City<\/title>\n<meta name=\"robots\" content=\"index, follow, max-snippet:-1, max-image-preview:large, max-video-preview:-1\" \/>\n<link rel=\"canonical\" href=\"https:\/\/www.gaveanews.com\/index.php\/2024\/10\/03\/a-declaracao-de-pep-guardiola-sobre-o-elenco-do-manchester-city\/\" \/>\n<meta property=\"og:locale\" content=\"pt_BR\" \/>\n<meta property=\"og:type\" content=\"article\" \/>\n<meta property=\"og:title\" content=\"A declara\u00e7\u00e3o de Pep Guardiola sobre o elenco do Manchester City\" \/>\n<meta property=\"og:description\" content=\"Pep Guardiola, de 53 anos e atual t\u00e9cnico do Manchester City, comemorou na \u00faltima ter\u00e7a-feira (1\u00ba) a primeira vit\u00f3ria na Champions League 2024\/25 ap\u00f3s a goleada por 4 a 0 sobre o Slovan Bratislava, da Eslov\u00e1quia. Os gols do City foram marcados por Ilkay Gundogan, Phil Foden, Erling Haaland e James McAtee, que conseguiram os [&hellip;]\" \/>\n<meta property=\"og:url\" content=\"https:\/\/www.gaveanews.com\/index.php\/2024\/10\/03\/a-declaracao-de-pep-guardiola-sobre-o-elenco-do-manchester-city\/\" \/>\n<meta property=\"og:site_name\" content=\"G\u00e1vea News\" \/>\n<meta property=\"article:publisher\" content=\"https:\/\/facebook.com\/gaveaNews\/\" \/>\n<meta property=\"article:published_time\" content=\"2024-10-03T21:10:00+00:00\" \/>\n<meta property=\"og:image\" content=\"https:\/\/www.gaveanews.com\/wp-content\/uploads\/Pep-Guardiola-fica-inconformado-durante-jogo-do-Manchester-City.webp\" \/>\n\t<meta property=\"og:image:width\" content=\"1280\" \/>\n\t<meta property=\"og:image:height\" content=\"819\" \/>\n\t<meta property=\"og:image:type\" content=\"image\/webp\" \/>\n<meta name=\"author\" content=\"Emilly Lima\" \/>\n<meta name=\"twitter:card\" content=\"summary_large_image\" \/>\n<meta name=\"twitter:label1\" content=\"Escrito por\" \/>\n\t<meta name=\"twitter:data1\" content=\"Emilly Lima\" \/>\n\t<meta name=\"twitter:label2\" content=\"Est. tempo de leitura\" \/>\n\t<meta name=\"twitter:data2\" content=\"3 minutos\" \/>\n<script type=\"application\/ld+json\" class=\"yoast-schema-graph\">{\"@context\":\"https:\/\/schema.org\",\"@graph\":[{\"@type\":\"NewsArticle\",\"@id\":\"https:\/\/www.gaveanews.com\/index.php\/2024\/10\/03\/a-declaracao-de-pep-guardiola-sobre-o-elenco-do-manchester-city\/#article\",\"isPartOf\":{\"@id\":\"https:\/\/www.gaveanews.com\/index.php\/2024\/10\/03\/a-declaracao-de-pep-guardiola-sobre-o-elenco-do-manchester-city\/\"},\"author\":{\"name\":\"Emilly Lima\",\"@id\":\"https:\/\/www.gaveanews.com\/#\/schema\/person\/8597dbe3f4d8513dd20048ce95a1895b\"},\"headline\":\"A declara\u00e7\u00e3o de Pep Guardiola sobre o elenco do Manchester City\",\"datePublished\":\"2024-10-03T21:10:00+00:00\",\"mainEntityOfPage\":{\"@id\":\"https:\/\/www.gaveanews.com\/index.php\/2024\/10\/03\/a-declaracao-de-pep-guardiola-sobre-o-elenco-do-manchester-city\/\"},\"wordCount\":417,\"commentCount\":0,\"image\":{\"@id\":\"https:\/\/www.gaveanews.com\/index.php\/2024\/10\/03\/a-declaracao-de-pep-guardiola-sobre-o-elenco-do-manchester-city\/#primaryimage\"},\"thumbnailUrl\":\"https:\/\/www.gaveanews.com\/wp-content\/uploads\/Pep-Guardiola-fica-inconformado-durante-jogo-do-Manchester-City.webp\",\"articleSection\":[\"Manchester City\"],\"inLanguage\":\"pt-BR\",\"potentialAction\":[{\"@type\":\"CommentAction\",\"name\":\"Comment\",\"target\":[\"https:\/\/www.gaveanews.com\/index.php\/2024\/10\/03\/a-declaracao-de-pep-guardiola-sobre-o-elenco-do-manchester-city\/#respond\"]}],\"copyrightYear\":\"2024\",\"copyrightHolder\":{\"@id\":\"https:\/\/www.gaveanews.com\/#organization\"}},{\"@type\":\"WebPage\",\"@id\":\"https:\/\/www.gaveanews.com\/index.php\/2024\/10\/03\/a-declaracao-de-pep-guardiola-sobre-o-elenco-do-manchester-city\/\",\"url\":\"https:\/\/www.gaveanews.com\/index.php\/2024\/10\/03\/a-declaracao-de-pep-guardiola-sobre-o-elenco-do-manchester-city\/\",\"name\":\"A declara\u00e7\u00e3o de Pep Guardiola sobre o elenco do Manchester City\",\"isPartOf\":{\"@id\":\"https:\/\/www.gaveanews.com\/#website\"},\"primaryImageOfPage\":{\"@id\":\"https:\/\/www.gaveanews.com\/index.php\/2024\/10\/03\/a-declaracao-de-pep-guardiola-sobre-o-elenco-do-manchester-city\/#primaryimage\"},\"image\":{\"@id\":\"https:\/\/www.gaveanews.com\/index.php\/2024\/10\/03\/a-declaracao-de-pep-guardiola-sobre-o-elenco-do-manchester-city\/#primaryimage\"},\"thumbnailUrl\":\"https:\/\/www.gaveanews.com\/wp-content\/uploads\/Pep-Guardiola-fica-inconformado-durante-jogo-do-Manchester-City.webp\",\"datePublished\":\"2024-10-03T21:10:00+00:00\",\"author\":{\"@id\":\"https:\/\/www.gaveanews.com\/#\/schema\/person\/8597dbe3f4d8513dd20048ce95a1895b\"},\"breadcrumb\":{\"@id\":\"https:\/\/www.gaveanews.com\/index.php\/2024\/10\/03\/a-declaracao-de-pep-guardiola-sobre-o-elenco-do-manchester-city\/#breadcrumb\"},\"inLanguage\":\"pt-BR\",\"potentialAction\":[{\"@type\":\"ReadAction\",\"target\":[\"https:\/\/www.gaveanews.com\/index.php\/2024\/10\/03\/a-declaracao-de-pep-guardiola-sobre-o-elenco-do-manchester-city\/\"]}]},{\"@type\":\"ImageObject\",\"inLanguage\":\"pt-BR\",\"@id\":\"https:\/\/www.gaveanews.com\/index.php\/2024\/10\/03\/a-declaracao-de-pep-guardiola-sobre-o-elenco-do-manchester-city\/#primaryimage\",\"url\":\"https:\/\/www.gaveanews.com\/wp-content\/uploads\/Pep-Guardiola-fica-inconformado-durante-jogo-do-Manchester-City.webp\",\"contentUrl\":\"https:\/\/www.gaveanews.com\/wp-content\/uploads\/Pep-Guardiola-fica-inconformado-durante-jogo-do-Manchester-City.webp\",\"width\":1280,\"height\":819,\"caption\":\"Pep Guardiola fica inconformado durante jogo do Manchester City (Foto: Paul Ellis\/AFP)\"},{\"@type\":\"BreadcrumbList\",\"@id\":\"https:\/\/www.gaveanews.com\/index.php\/2024\/10\/03\/a-declaracao-de-pep-guardiola-sobre-o-elenco-do-manchester-city\/#breadcrumb\",\"itemListElement\":[{\"@type\":\"ListItem\",\"position\":1,\"name\":\"Home\",\"item\":\"https:\/\/www.gaveanews.com\/\"},{\"@type\":\"ListItem\",\"position\":2,\"name\":\"A declara\u00e7\u00e3o de Pep Guardiola sobre o elenco do Manchester City\"}]},{\"@type\":\"WebSite\",\"@id\":\"https:\/\/www.gaveanews.com\/#website\",\"url\":\"https:\/\/www.gaveanews.com\/\",\"name\":\"G\u00e1vea News\",\"description\":\"Veja todas as not\u00edcias sobre o Flamengo: Contrata\u00e7\u00f5es, categorias de base, resultados das partidas, tabela de classifica\u00e7\u00e3o, pr\u00f3ximos jogos!\",\"potentialAction\":[{\"@type\":\"SearchAction\",\"target\":{\"@type\":\"EntryPoint\",\"urlTemplate\":\"https:\/\/www.gaveanews.com\/?s={search_term_string}\"},\"query-input\":{\"@type\":\"PropertyValueSpecification\",\"valueRequired\":true,\"valueName\":\"search_term_string\"}}],\"inLanguage\":\"pt-BR\"},{\"@type\":\"Person\",\"@id\":\"https:\/\/www.gaveanews.com\/#\/schema\/person\/8597dbe3f4d8513dd20048ce95a1895b\",\"name\":\"Emilly Lima\",\"image\":{\"@type\":\"ImageObject\",\"inLanguage\":\"pt-BR\",\"@id\":\"https:\/\/www.gaveanews.com\/#\/schema\/person\/image\/\",\"url\":\"https:\/\/secure.gravatar.com\/avatar\/ddb4d0548bae01de3cb52e0fe30386754e9c41797565aa0a5bf4440ab4f7c0be?s=96&d=mm&r=g\",\"contentUrl\":\"https:\/\/secure.gravatar.com\/avatar\/ddb4d0548bae01de3cb52e0fe30386754e9c41797565aa0a5bf4440ab4f7c0be?s=96&d=mm&r=g\",\"caption\":\"Emilly Lima\"}}]}<\/script>\n<!-- \/ Yoast SEO Premium plugin. -->","yoast_head_json":{"title":"A declara\u00e7\u00e3o de Pep Guardiola sobre o elenco do Manchester City","robots":{"index":"index","follow":"follow","max-snippet":"max-snippet:-1","max-image-preview":"max-image-preview:large","max-video-preview":"max-video-preview:-1"},"canonical":"https:\/\/www.gaveanews.com\/index.php\/2024\/10\/03\/a-declaracao-de-pep-guardiola-sobre-o-elenco-do-manchester-city\/","og_locale":"pt_BR","og_type":"article","og_title":"A declara\u00e7\u00e3o de Pep Guardiola sobre o elenco do Manchester City","og_description":"Pep Guardiola, de 53 anos e atual t\u00e9cnico do Manchester City, comemorou na \u00faltima ter\u00e7a-feira (1\u00ba) a primeira vit\u00f3ria na Champions League 2024\/25 ap\u00f3s a goleada por 4 a 0 sobre o Slovan Bratislava, da Eslov\u00e1quia. Os gols do City foram marcados por Ilkay Gundogan, Phil Foden, Erling Haaland e James McAtee, que conseguiram os [&hellip;]","og_url":"https:\/\/www.gaveanews.com\/index.php\/2024\/10\/03\/a-declaracao-de-pep-guardiola-sobre-o-elenco-do-manchester-city\/","og_site_name":"G\u00e1vea News","article_publisher":"https:\/\/facebook.com\/gaveaNews\/","article_published_time":"2024-10-03T21:10:00+00:00","og_image":[{"width":1280,"height":819,"url":"https:\/\/www.gaveanews.com\/wp-content\/uploads\/Pep-Guardiola-fica-inconformado-durante-jogo-do-Manchester-City.webp","type":"image\/webp"}],"author":"Emilly Lima","twitter_card":"summary_large_image","twitter_misc":{"Escrito por":"Emilly Lima","Est. tempo de leitura":"3 minutos"},"schema":{"@context":"https:\/\/schema.org","@graph":[{"@type":"NewsArticle","@id":"https:\/\/www.gaveanews.com\/index.php\/2024\/10\/03\/a-declaracao-de-pep-guardiola-sobre-o-elenco-do-manchester-city\/#article","isPartOf":{"@id":"https:\/\/www.gaveanews.com\/index.php\/2024\/10\/03\/a-declaracao-de-pep-guardiola-sobre-o-elenco-do-manchester-city\/"},"author":{"name":"Emilly Lima","@id":"https:\/\/www.gaveanews.com\/#\/schema\/person\/8597dbe3f4d8513dd20048ce95a1895b"},"headline":"A declara\u00e7\u00e3o de Pep Guardiola sobre o elenco do Manchester City","datePublished":"2024-10-03T21:10:00+00:00","mainEntityOfPage":{"@id":"https:\/\/www.gaveanews.com\/index.php\/2024\/10\/03\/a-declaracao-de-pep-guardiola-sobre-o-elenco-do-manchester-city\/"},"wordCount":417,"commentCount":0,"image":{"@id":"https:\/\/www.gaveanews.com\/index.php\/2024\/10\/03\/a-declaracao-de-pep-guardiola-sobre-o-elenco-do-manchester-city\/#primaryimage"},"thumbnailUrl":"https:\/\/www.gaveanews.com\/wp-content\/uploads\/Pep-Guardiola-fica-inconformado-durante-jogo-do-Manchester-City.webp","articleSection":["Manchester City"],"inLanguage":"pt-BR","potentialAction":[{"@type":"CommentAction","name":"Comment","target":["https:\/\/www.gaveanews.com\/index.php\/2024\/10\/03\/a-declaracao-de-pep-guardiola-sobre-o-elenco-do-manchester-city\/#respond"]}],"copyrightYear":"2024","copyrightHolder":{"@id":"https:\/\/www.gaveanews.com\/#organization"}},{"@type":"WebPage","@id":"https:\/\/www.gaveanews.com\/index.php\/2024\/10\/03\/a-declaracao-de-pep-guardiola-sobre-o-elenco-do-manchester-city\/","url":"https:\/\/www.gaveanews.com\/index.php\/2024\/10\/03\/a-declaracao-de-pep-guardiola-sobre-o-elenco-do-manchester-city\/","name":"A declara\u00e7\u00e3o de Pep Guardiola sobre o elenco do Manchester City","isPartOf":{"@id":"https:\/\/www.gaveanews.com\/#website"},"primaryImageOfPage":{"@id":"https:\/\/www.gaveanews.com\/index.php\/2024\/10\/03\/a-declaracao-de-pep-guardiola-sobre-o-elenco-do-manchester-city\/#primaryimage"},"image":{"@id":"https:\/\/www.gaveanews.com\/index.php\/2024\/10\/03\/a-declaracao-de-pep-guardiola-sobre-o-elenco-do-manchester-city\/#primaryimage"},"thumbnailUrl":"https:\/\/www.gaveanews.com\/wp-content\/uploads\/Pep-Guardiola-fica-inconformado-durante-jogo-do-Manchester-City.webp","datePublished":"2024-10-03T21:10:00+00:00","author":{"@id":"https:\/\/www.gaveanews.com\/#\/schema\/person\/8597dbe3f4d8513dd20048ce95a1895b"},"breadcrumb":{"@id":"https:\/\/www.gaveanews.com\/index.php\/2024\/10\/03\/a-declaracao-de-pep-guardiola-sobre-o-elenco-do-manchester-city\/#breadcrumb"},"inLanguage":"pt-BR","potentialAction":[{"@type":"ReadAction","target":["https:\/\/www.gaveanews.com\/index.php\/2024\/10\/03\/a-declaracao-de-pep-guardiola-sobre-o-elenco-do-manchester-city\/"]}]},{"@type":"ImageObject","inLanguage":"pt-BR","@id":"https:\/\/www.gaveanews.com\/index.php\/2024\/10\/03\/a-declaracao-de-pep-guardiola-sobre-o-elenco-do-manchester-city\/#primaryimage","url":"https:\/\/www.gaveanews.com\/wp-content\/uploads\/Pep-Guardiola-fica-inconformado-durante-jogo-do-Manchester-City.webp","contentUrl":"https:\/\/www.gaveanews.com\/wp-content\/uploads\/Pep-Guardiola-fica-inconformado-durante-jogo-do-Manchester-City.webp","width":1280,"height":819,"caption":"Pep Guardiola fica inconformado durante jogo do Manchester City (Foto: Paul Ellis\/AFP)"},{"@type":"BreadcrumbList","@id":"https:\/\/www.gaveanews.com\/index.php\/2024\/10\/03\/a-declaracao-de-pep-guardiola-sobre-o-elenco-do-manchester-city\/#breadcrumb","itemListElement":[{"@type":"ListItem","position":1,"name":"Home","item":"https:\/\/www.gaveanews.com\/"},{"@type":"ListItem","position":2,"name":"A declara\u00e7\u00e3o de Pep Guardiola sobre o elenco do Manchester City"}]},{"@type":"WebSite","@id":"https:\/\/www.gaveanews.com\/#website","url":"https:\/\/www.gaveanews.com\/","name":"G\u00e1vea News","description":"Veja todas as not\u00edcias sobre o Flamengo: Contrata\u00e7\u00f5es, categorias de base, resultados das partidas, tabela de classifica\u00e7\u00e3o, pr\u00f3ximos jogos!","potentialAction":[{"@type":"SearchAction","target":{"@type":"EntryPoint","urlTemplate":"https:\/\/www.gaveanews.com\/?s={search_term_string}"},"query-input":{"@type":"PropertyValueSpecification","valueRequired":true,"valueName":"search_term_string"}}],"inLanguage":"pt-BR"},{"@type":"Person","@id":"https:\/\/www.gaveanews.com\/#\/schema\/person\/8597dbe3f4d8513dd20048ce95a1895b","name":"Emilly Lima","image":{"@type":"ImageObject","inLanguage":"pt-BR","@id":"https:\/\/www.gaveanews.com\/#\/schema\/person\/image\/","url":"https:\/\/secure.gravatar.com\/avatar\/ddb4d0548bae01de3cb52e0fe30386754e9c41797565aa0a5bf4440ab4f7c0be?s=96&d=mm&r=g","contentUrl":"https:\/\/secure.gravatar.com\/avatar\/ddb4d0548bae01de3cb52e0fe30386754e9c41797565aa0a5bf4440ab4f7c0be?s=96&d=mm&r=g","caption":"Emilly Lima"}}]}},"_links":{"self":[{"href":"https:\/\/www.gaveanews.com\/index.php\/wp-json\/wp\/v2\/posts\/171023","targetHints":{"allow":["GET"]}}],"collection":[{"href":"https:\/\/www.gaveanews.com\/index.php\/wp-json\/wp\/v2\/posts"}],"about":[{"href":"https:\/\/www.gaveanews.com\/index.php\/wp-json\/wp\/v2\/types\/post"}],"author":[{"embeddable":true,"href":"https:\/\/www.gaveanews.com\/index.php\/wp-json\/wp\/v2\/users\/22"}],"replies":[{"embeddable":true,"href":"https:\/\/www.gaveanews.com\/index.php\/wp-json\/wp\/v2\/comments?post=171023"}],"version-history":[{"count":3,"href":"https:\/\/www.gaveanews.com\/index.php\/wp-json\/wp\/v2\/posts\/171023\/revisions"}],"predecessor-version":[{"id":171241,"href":"https:\/\/www.gaveanews.com\/index.php\/wp-json\/wp\/v2\/posts\/171023\/revisions\/171241"}],"wp:featuredmedia":[{"embeddable":true,"href":"https:\/\/www.gaveanews.com\/index.php\/wp-json\/wp\/v2\/media\/111079"}],"wp:attachment":[{"href":"https:\/\/www.gaveanews.com\/index.php\/wp-json\/wp\/v2\/media?parent=171023"}],"wp:term":[{"taxonomy":"category","embeddable":true,"href":"https:\/\/www.gaveanews.com\/index.php\/wp-json\/wp\/v2\/categories?post=171023"},{"taxonomy":"post_tag","embeddable":true,"href":"https:\/\/www.gaveanews.com\/index.php\/wp-json\/wp\/v2\/tags?post=171023"}],"curies":[{"name":"wp","href":"https:\/\/api.w.org\/{rel}","templated":true}]}}