{"id":17132,"date":"2019-04-04T11:00:52","date_gmt":"2019-04-04T14:00:52","guid":{"rendered":"https:\/\/www.gaveanews.com\/?p=17132"},"modified":"2019-04-04T11:00:52","modified_gmt":"2019-04-04T14:00:52","slug":"apos-derrota-para-o-penarol-abel-braga-e-questionado-sobre-os-jogadores-que-irao-jogar-o-fla-flu","status":"publish","type":"post","link":"https:\/\/www.gaveanews.com\/index.php\/2019\/04\/04\/apos-derrota-para-o-penarol-abel-braga-e-questionado-sobre-os-jogadores-que-irao-jogar-o-fla-flu\/","title":{"rendered":"Ap\u00f3s derrota para o Pe\u00f1arol, Abel Braga \u00e9 questionado sobre os jogadores que ir\u00e3o jogar o Fla-Flu"},"content":{"rendered":"\n<p>O Flamengo perdeu para o Pe\u00f1arol, na quarta-feira (03 de abril), pelo placar de 1&#215;0, mas Abel Braga j\u00e1 est\u00e1 pensando no confronto com o Fluminense, no s\u00e1bado (6 de abril), no est\u00e1dio do Maracan\u00e3, pela semifinal do Campeonato Carioca.<\/p>\n\n\n\n<p>O comandante do Mais Querido do Brasil disse que por enquanto \u00e9 \u201cimposs\u00edvel\u201d definir um time titular para a partida e lamentou o fato de ambas as equipes sequer treinarem para o jogo.<\/p>\n\n\n\n<p>\u201c\u00c9 um pouco at\u00edpico, o Fluminense tamb\u00e9m jogou (quarta, contra o Luverdense, pela Copa do Brasil), n\u00e3o posso falar o que estou pensando\u201d, disse o treinador rubro-negro.<\/p>\n\n\n\n<p>\u201cSexta terei uma ideia melhor de time, mas vamos para esse jogo sem praticamente treinar, assim como far\u00e1 o Fluminense.\u201d<\/p>\n\n\n\n<p>Abel tratou a partida como decisiva, mesmo com prioridade total \u00e0 Libertadores, mas n\u00e3o garantiu a forma\u00e7\u00e3o titular contra o Flu.<\/p>\n\n\n\n<p>\u201cN\u00e3o d\u00e1, sei que \u00e9 decisivo, temos vantagem do empate, vamos pensar no que \u00e9 melhor. Hoje \u00e9 imposs\u00edvel, ainda mais porque tivemos que lutar muito, mais uma vez com um jogador a menos. Jogadores estiveram um pouco abaixo, n\u00e3o sei se cansa\u00e7o excessivo, fisiologia que vai informar o que vamos fazer\u201d, completou.<\/p>\n\n\n\n<p>Ap\u00f3s o Flu, o Flamengo volta \u00e0 Libertadores no dia 11, quinta, contra o San Jose, tamb\u00e9m no Maracan\u00e3.<\/p>\n\n\n\n\n\n<p>Adaptado de: Torcedores<\/p>\n","protected":false},"excerpt":{"rendered":"<p>O Flamengo perdeu para o Pe\u00f1arol, na quarta-feira (03 de abril), pelo placar de 1&#215;0, mas Abel Braga j\u00e1 est\u00e1 pensando no confronto com o Fluminense, no s\u00e1bado (6 de abril), no est\u00e1dio do Maracan\u00e3, pela semifinal do Campeonato Carioca. O comandante do Mais Querido do Brasil disse que por enquanto \u00e9 \u201cimposs\u00edvel\u201d definir um [&hellip;]<\/p>\n","protected":false},"author":1,"featured_media":16362,"comment_status":"open","ping_status":"open","sticky":false,"template":"","format":"standard","meta":{"footnotes":""},"categories":[1],"tags":[],"class_list":["post-17132","post","type-post","status-publish","format-standard","has-post-thumbnail","hentry","category-flamengo"],"yoast_head":"<!-- This site is optimized with the Yoast SEO Premium plugin v24.2 (Yoast SEO v26.9) - https:\/\/yoast.com\/product\/yoast-seo-premium-wordpress\/ -->\n<title>Ap\u00f3s derrota para o Pe\u00f1arol, Abel Braga \u00e9 questionado sobre os jogadores que ir\u00e3o jogar o Fla-Flu<\/title>\n<meta name=\"robots\" content=\"index, follow, max-snippet:-1, max-image-preview:large, max-video-preview:-1\" \/>\n<link rel=\"canonical\" href=\"https:\/\/www.gaveanews.com\/index.php\/2019\/04\/04\/apos-derrota-para-o-penarol-abel-braga-e-questionado-sobre-os-jogadores-que-irao-jogar-o-fla-flu\/\" \/>\n<meta property=\"og:locale\" content=\"pt_BR\" \/>\n<meta property=\"og:type\" content=\"article\" \/>\n<meta property=\"og:title\" content=\"Ap\u00f3s derrota para o Pe\u00f1arol, Abel Braga \u00e9 questionado sobre os jogadores que ir\u00e3o jogar o Fla-Flu\" \/>\n<meta property=\"og:description\" content=\"O Flamengo perdeu para o Pe\u00f1arol, na quarta-feira (03 de abril), pelo placar de 1&#215;0, mas Abel Braga j\u00e1 est\u00e1 pensando no confronto com o Fluminense, no s\u00e1bado (6 de abril), no est\u00e1dio do Maracan\u00e3, pela semifinal do Campeonato Carioca. O comandante do Mais Querido do Brasil disse que por enquanto \u00e9 \u201cimposs\u00edvel\u201d definir um [&hellip;]\" \/>\n<meta property=\"og:url\" content=\"https:\/\/www.gaveanews.com\/index.php\/2019\/04\/04\/apos-derrota-para-o-penarol-abel-braga-e-questionado-sobre-os-jogadores-que-irao-jogar-o-fla-flu\/\" \/>\n<meta property=\"og:site_name\" content=\"G\u00e1vea News\" \/>\n<meta property=\"article:publisher\" content=\"https:\/\/facebook.com\/gaveaNews\/\" \/>\n<meta property=\"article:published_time\" content=\"2019-04-04T14:00:52+00:00\" \/>\n<meta property=\"og:image\" content=\"https:\/\/www.gaveanews.com\/wp-content\/uploads\/2019\/03\/Para-receber-orientacoes-jogadores-do-Flamengo-fazem-uma-rodinha-em-um-campo-do-Ninho-do-Urubu.webp\" \/>\n\t<meta property=\"og:image:width\" content=\"1\" \/>\n\t<meta property=\"og:image:height\" content=\"1\" \/>\n\t<meta property=\"og:image:type\" content=\"image\/jpeg\" \/>\n<meta name=\"author\" content=\"Equipe G\u00e1vea News\" \/>\n<meta name=\"twitter:card\" content=\"summary_large_image\" \/>\n<meta name=\"twitter:label1\" content=\"Escrito por\" \/>\n\t<meta name=\"twitter:data1\" content=\"Equipe G\u00e1vea News\" \/>\n\t<meta name=\"twitter:label2\" content=\"Est. tempo de leitura\" \/>\n\t<meta name=\"twitter:data2\" content=\"1 minuto\" \/>\n<script type=\"application\/ld+json\" class=\"yoast-schema-graph\">{\"@context\":\"https:\/\/schema.org\",\"@graph\":[{\"@type\":\"NewsArticle\",\"@id\":\"https:\/\/www.gaveanews.com\/index.php\/2019\/04\/04\/apos-derrota-para-o-penarol-abel-braga-e-questionado-sobre-os-jogadores-que-irao-jogar-o-fla-flu\/#article\",\"isPartOf\":{\"@id\":\"https:\/\/www.gaveanews.com\/index.php\/2019\/04\/04\/apos-derrota-para-o-penarol-abel-braga-e-questionado-sobre-os-jogadores-que-irao-jogar-o-fla-flu\/\"},\"author\":{\"name\":\"Equipe G\u00e1vea News\",\"@id\":\"https:\/\/www.gaveanews.com\/#\/schema\/person\/2ec14f73fb96be2caf28f91afb14749d\"},\"headline\":\"Ap\u00f3s derrota para o Pe\u00f1arol, Abel Braga \u00e9 questionado sobre os jogadores que ir\u00e3o jogar o Fla-Flu\",\"datePublished\":\"2019-04-04T14:00:52+00:00\",\"mainEntityOfPage\":{\"@id\":\"https:\/\/www.gaveanews.com\/index.php\/2019\/04\/04\/apos-derrota-para-o-penarol-abel-braga-e-questionado-sobre-os-jogadores-que-irao-jogar-o-fla-flu\/\"},\"wordCount\":240,\"commentCount\":0,\"image\":{\"@id\":\"https:\/\/www.gaveanews.com\/index.php\/2019\/04\/04\/apos-derrota-para-o-penarol-abel-braga-e-questionado-sobre-os-jogadores-que-irao-jogar-o-fla-flu\/#primaryimage\"},\"thumbnailUrl\":\"https:\/\/www.gaveanews.com\/wp-content\/uploads\/2019\/03\/Para-receber-orientacoes-jogadores-do-Flamengo-fazem-uma-rodinha-em-um-campo-do-Ninho-do-Urubu.webp\",\"articleSection\":[\"Flamengo\"],\"inLanguage\":\"pt-BR\",\"potentialAction\":[{\"@type\":\"CommentAction\",\"name\":\"Comment\",\"target\":[\"https:\/\/www.gaveanews.com\/index.php\/2019\/04\/04\/apos-derrota-para-o-penarol-abel-braga-e-questionado-sobre-os-jogadores-que-irao-jogar-o-fla-flu\/#respond\"]}],\"copyrightYear\":\"2019\",\"copyrightHolder\":{\"@id\":\"https:\/\/www.gaveanews.com\/#organization\"}},{\"@type\":\"WebPage\",\"@id\":\"https:\/\/www.gaveanews.com\/index.php\/2019\/04\/04\/apos-derrota-para-o-penarol-abel-braga-e-questionado-sobre-os-jogadores-que-irao-jogar-o-fla-flu\/\",\"url\":\"https:\/\/www.gaveanews.com\/index.php\/2019\/04\/04\/apos-derrota-para-o-penarol-abel-braga-e-questionado-sobre-os-jogadores-que-irao-jogar-o-fla-flu\/\",\"name\":\"Ap\u00f3s derrota para o Pe\u00f1arol, Abel Braga \u00e9 questionado sobre os jogadores que ir\u00e3o jogar o Fla-Flu\",\"isPartOf\":{\"@id\":\"https:\/\/www.gaveanews.com\/#website\"},\"primaryImageOfPage\":{\"@id\":\"https:\/\/www.gaveanews.com\/index.php\/2019\/04\/04\/apos-derrota-para-o-penarol-abel-braga-e-questionado-sobre-os-jogadores-que-irao-jogar-o-fla-flu\/#primaryimage\"},\"image\":{\"@id\":\"https:\/\/www.gaveanews.com\/index.php\/2019\/04\/04\/apos-derrota-para-o-penarol-abel-braga-e-questionado-sobre-os-jogadores-que-irao-jogar-o-fla-flu\/#primaryimage\"},\"thumbnailUrl\":\"https:\/\/www.gaveanews.com\/wp-content\/uploads\/2019\/03\/Para-receber-orientacoes-jogadores-do-Flamengo-fazem-uma-rodinha-em-um-campo-do-Ninho-do-Urubu.webp\",\"datePublished\":\"2019-04-04T14:00:52+00:00\",\"author\":{\"@id\":\"https:\/\/www.gaveanews.com\/#\/schema\/person\/2ec14f73fb96be2caf28f91afb14749d\"},\"breadcrumb\":{\"@id\":\"https:\/\/www.gaveanews.com\/index.php\/2019\/04\/04\/apos-derrota-para-o-penarol-abel-braga-e-questionado-sobre-os-jogadores-que-irao-jogar-o-fla-flu\/#breadcrumb\"},\"inLanguage\":\"pt-BR\",\"potentialAction\":[{\"@type\":\"ReadAction\",\"target\":[\"https:\/\/www.gaveanews.com\/index.php\/2019\/04\/04\/apos-derrota-para-o-penarol-abel-braga-e-questionado-sobre-os-jogadores-que-irao-jogar-o-fla-flu\/\"]}]},{\"@type\":\"ImageObject\",\"inLanguage\":\"pt-BR\",\"@id\":\"https:\/\/www.gaveanews.com\/index.php\/2019\/04\/04\/apos-derrota-para-o-penarol-abel-braga-e-questionado-sobre-os-jogadores-que-irao-jogar-o-fla-flu\/#primaryimage\",\"url\":\"https:\/\/www.gaveanews.com\/wp-content\/uploads\/2019\/03\/Para-receber-orientacoes-jogadores-do-Flamengo-fazem-uma-rodinha-em-um-campo-do-Ninho-do-Urubu.webp\",\"contentUrl\":\"https:\/\/www.gaveanews.com\/wp-content\/uploads\/2019\/03\/Para-receber-orientacoes-jogadores-do-Flamengo-fazem-uma-rodinha-em-um-campo-do-Ninho-do-Urubu.webp\",\"caption\":\"Para receber orienta\u00e7\u00f5es, jogadores do Flamengo fazem uma rodinha em um campo do Ninho do Urubu (Foto: Alexandre Vidal\/Flamengo)\"},{\"@type\":\"BreadcrumbList\",\"@id\":\"https:\/\/www.gaveanews.com\/index.php\/2019\/04\/04\/apos-derrota-para-o-penarol-abel-braga-e-questionado-sobre-os-jogadores-que-irao-jogar-o-fla-flu\/#breadcrumb\",\"itemListElement\":[{\"@type\":\"ListItem\",\"position\":1,\"name\":\"Home\",\"item\":\"https:\/\/www.gaveanews.com\/\"},{\"@type\":\"ListItem\",\"position\":2,\"name\":\"Ap\u00f3s derrota para o Pe\u00f1arol, Abel Braga \u00e9 questionado sobre os jogadores que ir\u00e3o jogar o Fla-Flu\"}]},{\"@type\":\"WebSite\",\"@id\":\"https:\/\/www.gaveanews.com\/#website\",\"url\":\"https:\/\/www.gaveanews.com\/\",\"name\":\"G\u00e1vea News\",\"description\":\"Veja todas as not\u00edcias sobre o Flamengo: Contrata\u00e7\u00f5es, categorias de base, resultados das partidas, tabela de classifica\u00e7\u00e3o, pr\u00f3ximos jogos!\",\"potentialAction\":[{\"@type\":\"SearchAction\",\"target\":{\"@type\":\"EntryPoint\",\"urlTemplate\":\"https:\/\/www.gaveanews.com\/?s={search_term_string}\"},\"query-input\":{\"@type\":\"PropertyValueSpecification\",\"valueRequired\":true,\"valueName\":\"search_term_string\"}}],\"inLanguage\":\"pt-BR\"},{\"@type\":\"Person\",\"@id\":\"https:\/\/www.gaveanews.com\/#\/schema\/person\/2ec14f73fb96be2caf28f91afb14749d\",\"name\":\"Equipe G\u00e1vea News\",\"image\":{\"@type\":\"ImageObject\",\"inLanguage\":\"pt-BR\",\"@id\":\"https:\/\/www.gaveanews.com\/#\/schema\/person\/image\/\",\"url\":\"https:\/\/secure.gravatar.com\/avatar\/1e1956f1facbffd3f8fa53a326721950116b3b9dc9bd44939c01180fd4a745a9?s=96&d=mm&r=g\",\"contentUrl\":\"https:\/\/secure.gravatar.com\/avatar\/1e1956f1facbffd3f8fa53a326721950116b3b9dc9bd44939c01180fd4a745a9?s=96&d=mm&r=g\",\"caption\":\"Equipe G\u00e1vea News\"}}]}<\/script>\n<!-- \/ Yoast SEO Premium plugin. -->","yoast_head_json":{"title":"Ap\u00f3s derrota para o Pe\u00f1arol, Abel Braga \u00e9 questionado sobre os jogadores que ir\u00e3o jogar o Fla-Flu","robots":{"index":"index","follow":"follow","max-snippet":"max-snippet:-1","max-image-preview":"max-image-preview:large","max-video-preview":"max-video-preview:-1"},"canonical":"https:\/\/www.gaveanews.com\/index.php\/2019\/04\/04\/apos-derrota-para-o-penarol-abel-braga-e-questionado-sobre-os-jogadores-que-irao-jogar-o-fla-flu\/","og_locale":"pt_BR","og_type":"article","og_title":"Ap\u00f3s derrota para o Pe\u00f1arol, Abel Braga \u00e9 questionado sobre os jogadores que ir\u00e3o jogar o Fla-Flu","og_description":"O Flamengo perdeu para o Pe\u00f1arol, na quarta-feira (03 de abril), pelo placar de 1&#215;0, mas Abel Braga j\u00e1 est\u00e1 pensando no confronto com o Fluminense, no s\u00e1bado (6 de abril), no est\u00e1dio do Maracan\u00e3, pela semifinal do Campeonato Carioca. O comandante do Mais Querido do Brasil disse que por enquanto \u00e9 \u201cimposs\u00edvel\u201d definir um [&hellip;]","og_url":"https:\/\/www.gaveanews.com\/index.php\/2019\/04\/04\/apos-derrota-para-o-penarol-abel-braga-e-questionado-sobre-os-jogadores-que-irao-jogar-o-fla-flu\/","og_site_name":"G\u00e1vea News","article_publisher":"https:\/\/facebook.com\/gaveaNews\/","article_published_time":"2019-04-04T14:00:52+00:00","og_image":[{"url":"https:\/\/www.gaveanews.com\/wp-content\/uploads\/2019\/03\/Para-receber-orientacoes-jogadores-do-Flamengo-fazem-uma-rodinha-em-um-campo-do-Ninho-do-Urubu.webp","width":1,"height":1,"type":"image\/jpeg"}],"author":"Equipe G\u00e1vea News","twitter_card":"summary_large_image","twitter_misc":{"Escrito por":"Equipe G\u00e1vea News","Est. tempo de leitura":"1 minuto"},"schema":{"@context":"https:\/\/schema.org","@graph":[{"@type":"NewsArticle","@id":"https:\/\/www.gaveanews.com\/index.php\/2019\/04\/04\/apos-derrota-para-o-penarol-abel-braga-e-questionado-sobre-os-jogadores-que-irao-jogar-o-fla-flu\/#article","isPartOf":{"@id":"https:\/\/www.gaveanews.com\/index.php\/2019\/04\/04\/apos-derrota-para-o-penarol-abel-braga-e-questionado-sobre-os-jogadores-que-irao-jogar-o-fla-flu\/"},"author":{"name":"Equipe G\u00e1vea News","@id":"https:\/\/www.gaveanews.com\/#\/schema\/person\/2ec14f73fb96be2caf28f91afb14749d"},"headline":"Ap\u00f3s derrota para o Pe\u00f1arol, Abel Braga \u00e9 questionado sobre os jogadores que ir\u00e3o jogar o Fla-Flu","datePublished":"2019-04-04T14:00:52+00:00","mainEntityOfPage":{"@id":"https:\/\/www.gaveanews.com\/index.php\/2019\/04\/04\/apos-derrota-para-o-penarol-abel-braga-e-questionado-sobre-os-jogadores-que-irao-jogar-o-fla-flu\/"},"wordCount":240,"commentCount":0,"image":{"@id":"https:\/\/www.gaveanews.com\/index.php\/2019\/04\/04\/apos-derrota-para-o-penarol-abel-braga-e-questionado-sobre-os-jogadores-que-irao-jogar-o-fla-flu\/#primaryimage"},"thumbnailUrl":"https:\/\/www.gaveanews.com\/wp-content\/uploads\/2019\/03\/Para-receber-orientacoes-jogadores-do-Flamengo-fazem-uma-rodinha-em-um-campo-do-Ninho-do-Urubu.webp","articleSection":["Flamengo"],"inLanguage":"pt-BR","potentialAction":[{"@type":"CommentAction","name":"Comment","target":["https:\/\/www.gaveanews.com\/index.php\/2019\/04\/04\/apos-derrota-para-o-penarol-abel-braga-e-questionado-sobre-os-jogadores-que-irao-jogar-o-fla-flu\/#respond"]}],"copyrightYear":"2019","copyrightHolder":{"@id":"https:\/\/www.gaveanews.com\/#organization"}},{"@type":"WebPage","@id":"https:\/\/www.gaveanews.com\/index.php\/2019\/04\/04\/apos-derrota-para-o-penarol-abel-braga-e-questionado-sobre-os-jogadores-que-irao-jogar-o-fla-flu\/","url":"https:\/\/www.gaveanews.com\/index.php\/2019\/04\/04\/apos-derrota-para-o-penarol-abel-braga-e-questionado-sobre-os-jogadores-que-irao-jogar-o-fla-flu\/","name":"Ap\u00f3s derrota para o Pe\u00f1arol, Abel Braga \u00e9 questionado sobre os jogadores que ir\u00e3o jogar o Fla-Flu","isPartOf":{"@id":"https:\/\/www.gaveanews.com\/#website"},"primaryImageOfPage":{"@id":"https:\/\/www.gaveanews.com\/index.php\/2019\/04\/04\/apos-derrota-para-o-penarol-abel-braga-e-questionado-sobre-os-jogadores-que-irao-jogar-o-fla-flu\/#primaryimage"},"image":{"@id":"https:\/\/www.gaveanews.com\/index.php\/2019\/04\/04\/apos-derrota-para-o-penarol-abel-braga-e-questionado-sobre-os-jogadores-que-irao-jogar-o-fla-flu\/#primaryimage"},"thumbnailUrl":"https:\/\/www.gaveanews.com\/wp-content\/uploads\/2019\/03\/Para-receber-orientacoes-jogadores-do-Flamengo-fazem-uma-rodinha-em-um-campo-do-Ninho-do-Urubu.webp","datePublished":"2019-04-04T14:00:52+00:00","author":{"@id":"https:\/\/www.gaveanews.com\/#\/schema\/person\/2ec14f73fb96be2caf28f91afb14749d"},"breadcrumb":{"@id":"https:\/\/www.gaveanews.com\/index.php\/2019\/04\/04\/apos-derrota-para-o-penarol-abel-braga-e-questionado-sobre-os-jogadores-que-irao-jogar-o-fla-flu\/#breadcrumb"},"inLanguage":"pt-BR","potentialAction":[{"@type":"ReadAction","target":["https:\/\/www.gaveanews.com\/index.php\/2019\/04\/04\/apos-derrota-para-o-penarol-abel-braga-e-questionado-sobre-os-jogadores-que-irao-jogar-o-fla-flu\/"]}]},{"@type":"ImageObject","inLanguage":"pt-BR","@id":"https:\/\/www.gaveanews.com\/index.php\/2019\/04\/04\/apos-derrota-para-o-penarol-abel-braga-e-questionado-sobre-os-jogadores-que-irao-jogar-o-fla-flu\/#primaryimage","url":"https:\/\/www.gaveanews.com\/wp-content\/uploads\/2019\/03\/Para-receber-orientacoes-jogadores-do-Flamengo-fazem-uma-rodinha-em-um-campo-do-Ninho-do-Urubu.webp","contentUrl":"https:\/\/www.gaveanews.com\/wp-content\/uploads\/2019\/03\/Para-receber-orientacoes-jogadores-do-Flamengo-fazem-uma-rodinha-em-um-campo-do-Ninho-do-Urubu.webp","caption":"Para receber orienta\u00e7\u00f5es, jogadores do Flamengo fazem uma rodinha em um campo do Ninho do Urubu (Foto: Alexandre Vidal\/Flamengo)"},{"@type":"BreadcrumbList","@id":"https:\/\/www.gaveanews.com\/index.php\/2019\/04\/04\/apos-derrota-para-o-penarol-abel-braga-e-questionado-sobre-os-jogadores-que-irao-jogar-o-fla-flu\/#breadcrumb","itemListElement":[{"@type":"ListItem","position":1,"name":"Home","item":"https:\/\/www.gaveanews.com\/"},{"@type":"ListItem","position":2,"name":"Ap\u00f3s derrota para o Pe\u00f1arol, Abel Braga \u00e9 questionado sobre os jogadores que ir\u00e3o jogar o Fla-Flu"}]},{"@type":"WebSite","@id":"https:\/\/www.gaveanews.com\/#website","url":"https:\/\/www.gaveanews.com\/","name":"G\u00e1vea News","description":"Veja todas as not\u00edcias sobre o Flamengo: Contrata\u00e7\u00f5es, categorias de base, resultados das partidas, tabela de classifica\u00e7\u00e3o, pr\u00f3ximos jogos!","potentialAction":[{"@type":"SearchAction","target":{"@type":"EntryPoint","urlTemplate":"https:\/\/www.gaveanews.com\/?s={search_term_string}"},"query-input":{"@type":"PropertyValueSpecification","valueRequired":true,"valueName":"search_term_string"}}],"inLanguage":"pt-BR"},{"@type":"Person","@id":"https:\/\/www.gaveanews.com\/#\/schema\/person\/2ec14f73fb96be2caf28f91afb14749d","name":"Equipe G\u00e1vea News","image":{"@type":"ImageObject","inLanguage":"pt-BR","@id":"https:\/\/www.gaveanews.com\/#\/schema\/person\/image\/","url":"https:\/\/secure.gravatar.com\/avatar\/1e1956f1facbffd3f8fa53a326721950116b3b9dc9bd44939c01180fd4a745a9?s=96&d=mm&r=g","contentUrl":"https:\/\/secure.gravatar.com\/avatar\/1e1956f1facbffd3f8fa53a326721950116b3b9dc9bd44939c01180fd4a745a9?s=96&d=mm&r=g","caption":"Equipe G\u00e1vea News"}}]}},"_links":{"self":[{"href":"https:\/\/www.gaveanews.com\/index.php\/wp-json\/wp\/v2\/posts\/17132","targetHints":{"allow":["GET"]}}],"collection":[{"href":"https:\/\/www.gaveanews.com\/index.php\/wp-json\/wp\/v2\/posts"}],"about":[{"href":"https:\/\/www.gaveanews.com\/index.php\/wp-json\/wp\/v2\/types\/post"}],"author":[{"embeddable":true,"href":"https:\/\/www.gaveanews.com\/index.php\/wp-json\/wp\/v2\/users\/1"}],"replies":[{"embeddable":true,"href":"https:\/\/www.gaveanews.com\/index.php\/wp-json\/wp\/v2\/comments?post=17132"}],"version-history":[{"count":0,"href":"https:\/\/www.gaveanews.com\/index.php\/wp-json\/wp\/v2\/posts\/17132\/revisions"}],"wp:featuredmedia":[{"embeddable":true,"href":"https:\/\/www.gaveanews.com\/index.php\/wp-json\/wp\/v2\/media\/16362"}],"wp:attachment":[{"href":"https:\/\/www.gaveanews.com\/index.php\/wp-json\/wp\/v2\/media?parent=17132"}],"wp:term":[{"taxonomy":"category","embeddable":true,"href":"https:\/\/www.gaveanews.com\/index.php\/wp-json\/wp\/v2\/categories?post=17132"},{"taxonomy":"post_tag","embeddable":true,"href":"https:\/\/www.gaveanews.com\/index.php\/wp-json\/wp\/v2\/tags?post=17132"}],"curies":[{"name":"wp","href":"https:\/\/api.w.org\/{rel}","templated":true}]}}