{"id":171462,"date":"2024-10-04T09:20:00","date_gmt":"2024-10-04T12:20:00","guid":{"rendered":"https:\/\/www.gaveanews.com\/?p=171462"},"modified":"2024-10-04T08:35:16","modified_gmt":"2024-10-04T11:35:16","slug":"diretoria-contrata-mais-um-jogador-novo-patrocinador-e-declaracao-de-ramon-diaz-as-ultimas-noticias-do-corinthians","status":"publish","type":"post","link":"https:\/\/www.gaveanews.com\/index.php\/2024\/10\/04\/diretoria-contrata-mais-um-jogador-novo-patrocinador-e-declaracao-de-ramon-diaz-as-ultimas-noticias-do-corinthians\/","title":{"rendered":"Diretoria contrata mais um jogador, novo patrocinador e declara\u00e7\u00e3o de Ram\u00f3n Diaz: as \u00faltimas not\u00edcias do Corinthians"},"content":{"rendered":"\n<p>Nas \u00faltimas horas, o foco das not\u00edcias sobre o Corinthians se concentram nos bastidores do clube, com destaques como o novo patrocinador e a declara\u00e7\u00e3o de Ram\u00f3n Diaz.<\/p>\n\n\n\n<p>Por conta deste contexto, leia abaixo um resumo preparado pela equipe do portal G\u00e1vea News para lhe manter muito bem informado!<\/p>\n\n\n\n<h2 class=\"wp-block-heading\" id=\"h-novo-patrocinador\">Novo patrocinador<\/h2>\n\n\n\n<p>O Corinthians anunciou uma nova parceria com a marca de streetwear brasileira Approve, revelando uma cole\u00e7\u00e3o exclusiva de roupas e acess\u00f3rios que promete agradar tanto os f\u00e3s do clube quanto os entusiastas da moda urbana. A colabora\u00e7\u00e3o inclui pe\u00e7as como camisas, jaquetas e bon\u00e9s, todas com um toque personalizado inspirado na identidade corinthiana. Fundada em 2012, a Approve j\u00e1 \u00e9 reconhecida no cen\u00e1rio de moda streetwear, tendo realizado colabora\u00e7\u00f5es de sucesso, como com a NFL, e consolidado seu nome nacional e internacionalmente. <strong><a href=\"https:\/\/www.gaveanews.com\/index.php\/2024\/10\/03\/e-oficial-conheca-a-nova-empresa-parceria-do-corinthians\/\">(leia a mat\u00e9ria completa)<\/a><\/strong><\/p>\n\n\n\n<figure class=\"wp-block-image size-full\"><img loading=\"lazy\" decoding=\"async\" width=\"941\" height=\"604\" src=\"https:\/\/www.gaveanews.com\/wp-content\/uploads\/Yuri-Alberto-em-acao-pelo-Corinthians.webp\" alt=\"\" class=\"wp-image-171334\" srcset=\"https:\/\/www.gaveanews.com\/wp-content\/uploads\/Yuri-Alberto-em-acao-pelo-Corinthians.webp 941w, https:\/\/www.gaveanews.com\/wp-content\/uploads\/Yuri-Alberto-em-acao-pelo-Corinthians-300x194.webp 300w, https:\/\/www.gaveanews.com\/wp-content\/uploads\/Yuri-Alberto-em-acao-pelo-Corinthians-768x493.webp 768w, https:\/\/www.gaveanews.com\/wp-content\/uploads\/Yuri-Alberto-em-acao-pelo-Corinthians-654x420.webp 654w, https:\/\/www.gaveanews.com\/wp-content\/uploads\/Yuri-Alberto-em-acao-pelo-Corinthians-341x220.webp 341w, https:\/\/www.gaveanews.com\/wp-content\/uploads\/Yuri-Alberto-em-acao-pelo-Corinthians-640x411.webp 640w, https:\/\/www.gaveanews.com\/wp-content\/uploads\/Yuri-Alberto-em-acao-pelo-Corinthians-681x437.webp 681w, https:\/\/www.gaveanews.com\/wp-content\/uploads\/Yuri-Alberto-em-acao-pelo-Corinthians-100x64.webp 100w\" sizes=\"auto, (max-width: 941px) 100vw, 941px\" \/><figcaption class=\"wp-element-caption\">Yuri Alberto em a\u00e7\u00e3o pelo Corinthians (Foto: Rodrigo Coca\/Ag\u00eancia Corinthians)<\/figcaption><\/figure>\n\n\n\n<p>A cole\u00e7\u00e3o ser\u00e1 lan\u00e7ada com uma edi\u00e7\u00e3o limitada de 1.910 pe\u00e7as, n\u00famero que faz refer\u00eancia ao ano de funda\u00e7\u00e3o do Corinthians, criando uma conex\u00e3o especial com a hist\u00f3ria do clube. <\/p>\n\n\n\n<p>O v\u00eddeo de divulga\u00e7\u00e3o nas redes sociais, ao som da m\u00fasica \u201c2 Corinthians 5:7\u201d de Memphis Depay, atacante do Corinthians, j\u00e1 gerou grande repercuss\u00e3o entre os torcedores, que tiveram uma pr\u00e9via dos itens. As camisas, jaquetas e bon\u00e9s destacam um design diferenciado e refor\u00e7am a presen\u00e7a marcante da marca Tim\u00e3o nas pe\u00e7as.<\/p>\n\n\n\n<p>As vendas acontecer\u00e3o na loja f\u00edsica da Approve, localizada no Shopping An\u00e1lia Franco, em S\u00e3o Paulo, e tamb\u00e9m pelo site da marca. Ainda n\u00e3o foram divulgados os detalhes sobre pre\u00e7os e a data de lan\u00e7amento, mas a expectativa \u00e9 grande, dado o sucesso das colabora\u00e7\u00f5es anteriores da marca, como a realizada com a NFL, que foi amplamente aceita pelo p\u00fablico.<\/p>\n\n\n\n<h2 class=\"wp-block-heading\" id=\"h-diretoria-contrata-mais-um-jogador\">Diretoria contrata mais um jogador<\/h2>\n\n\n\n<p>O Corinthians oficializou a contrata\u00e7\u00e3o do zagueiro Vinicius C\u00e9sar, ex-Coimbra-MG, para integrar o time Sub-20. O jovem defensor, de 18 anos, que j\u00e1 teve passagens pela Sele\u00e7\u00e3o Brasileira Sub-17, foi registrado no BID da CBF e est\u00e1 apto a atuar pelo clube. Vinicius foi diretamente integrado \u00e0 categoria Sub-20, sem passar pelo Sub-18, pr\u00e1tica que o Corinthians tem adotado em suas recentes contrata\u00e7\u00f5es para acelerar o desenvolvimento de jovens promissores. <strong><a href=\"https:\/\/www.gaveanews.com\/index.php\/2024\/10\/03\/e-oficial-zagueiro-e-contratado-pelo-corinthians\/\">(leia a mat\u00e9ria completa)<\/a><\/strong><\/p>\n\n\n\n<figure class=\"wp-block-image size-large\"><img loading=\"lazy\" decoding=\"async\" width=\"1024\" height=\"682\" src=\"https:\/\/www.gaveanews.com\/wp-content\/uploads\/Escudo-do-Corinthians-na-Neo-Quimica-Arena-1024x682.webp\" alt=\"\" class=\"wp-image-154473\" srcset=\"https:\/\/www.gaveanews.com\/wp-content\/uploads\/Escudo-do-Corinthians-na-Neo-Quimica-Arena-1024x682.webp 1024w, https:\/\/www.gaveanews.com\/wp-content\/uploads\/Escudo-do-Corinthians-na-Neo-Quimica-Arena-300x200.webp 300w, https:\/\/www.gaveanews.com\/wp-content\/uploads\/Escudo-do-Corinthians-na-Neo-Quimica-Arena-768x511.webp 768w, https:\/\/www.gaveanews.com\/wp-content\/uploads\/Escudo-do-Corinthians-na-Neo-Quimica-Arena-631x420.webp 631w, https:\/\/www.gaveanews.com\/wp-content\/uploads\/Escudo-do-Corinthians-na-Neo-Quimica-Arena-1261x840.webp 1261w, https:\/\/www.gaveanews.com\/wp-content\/uploads\/Escudo-do-Corinthians-na-Neo-Quimica-Arena-640x426.webp 640w, https:\/\/www.gaveanews.com\/wp-content\/uploads\/Escudo-do-Corinthians-na-Neo-Quimica-Arena-1280x852.webp 1280w, https:\/\/www.gaveanews.com\/wp-content\/uploads\/Escudo-do-Corinthians-na-Neo-Quimica-Arena-681x454.webp 681w, https:\/\/www.gaveanews.com\/wp-content\/uploads\/Escudo-do-Corinthians-na-Neo-Quimica-Arena-1362x907.webp 1362w, https:\/\/www.gaveanews.com\/wp-content\/uploads\/Escudo-do-Corinthians-na-Neo-Quimica-Arena-100x67.webp 100w, https:\/\/www.gaveanews.com\/wp-content\/uploads\/Escudo-do-Corinthians-na-Neo-Quimica-Arena.webp 1440w\" sizes=\"auto, (max-width: 1024px) 100vw, 1024px\" \/><figcaption class=\"wp-element-caption\">Escudo do Corinthians na N\u00e9o Qu\u00edmica Arena (Foto Reprodu\u00e7\u00e3o\/Instagram)<\/figcaption><\/figure>\n\n\n\n<p>Desde o final da Copa S\u00e3o Paulo de Futebol J\u00fanior de 2024, o Corinthians intensificou sua busca por refor\u00e7os para a base, trazendo 53 novos jogadores: 28 para o Sub-17 e 25 para o Sub-20. Apesar de o elenco Sub-20 estar atualmente sem treinador, devido \u00e0 sa\u00edda de Raphael Laruccia para o comando do Sub-17, a chegada de Vinicius C\u00e9sar \u00e9 vista como um refor\u00e7o significativo para o sistema defensivo da equipe, que j\u00e1 conta com outros jovens talentos.<\/p>\n\n\n\n<p>A movimenta\u00e7\u00e3o intensa do clube para fortalecer suas categorias de base reflete a import\u00e2ncia estrat\u00e9gica que o Corinthians d\u00e1 \u00e0 forma\u00e7\u00e3o de novos atletas. O Sub-20 do Tim\u00e3o \u00e9 reconhecido como uma das bases mais fortes do pa\u00eds, sendo o maior campe\u00e3o da Copa S\u00e3o Paulo de Futebol J\u00fanior, com 11 t\u00edtulos, incluindo a conquista mais recente em 2024. A chegada de Vinicius C\u00e9sar reafirma o compromisso do clube em manter essa hegemonia e seguir revelando talentos para o futebol profissional.<\/p>\n\n\n\n<h2 class=\"wp-block-heading\" id=\"h-declaracao-de-ramon-diaz\">Declara\u00e7\u00e3o de Ram\u00f3n Diaz<\/h2>\n\n\n\n<p>O Corinthians foi derrotado por 1 a 0 pelo Flamengo no jogo de ida da semifinal da Copa do Brasil, realizado no Maracan\u00e3, com o time carioca dominando grande parte da partida. O Flamengo, sob o comando do rec\u00e9m-estreado t\u00e9cnico Filipe Lu\u00eds, ainda teve um gol de Gabigol anulado por mil\u00edmetros no in\u00edcio do segundo tempo. Apesar do placar apertado, o Flamengo criou mais oportunidades de gol, deixando o Corinthians em uma posi\u00e7\u00e3o delicada para o confronto de volta. <strong><a href=\"https:\/\/www.gaveanews.com\/index.php\/2024\/10\/03\/a-declaracao-de-ramon-diaz-apos-a-derrota-do-corinthians-para-o-flamengo\/\">(leia a mat\u00e9ria completa)<\/a><\/strong><\/p>\n\n\n\n<figure class=\"wp-block-image size-large\"><img loading=\"lazy\" decoding=\"async\" width=\"1024\" height=\"1024\" src=\"https:\/\/www.gaveanews.com\/wp-content\/uploads\/Ramon-Diaz-durante-treinamento-do-Corinthians-1024x1024.webp\" alt=\"\" class=\"wp-image-152487\" srcset=\"https:\/\/www.gaveanews.com\/wp-content\/uploads\/Ramon-Diaz-durante-treinamento-do-Corinthians-1024x1024.webp 1024w, https:\/\/www.gaveanews.com\/wp-content\/uploads\/Ramon-Diaz-durante-treinamento-do-Corinthians-300x300.webp 300w, https:\/\/www.gaveanews.com\/wp-content\/uploads\/Ramon-Diaz-durante-treinamento-do-Corinthians-150x150.webp 150w, https:\/\/www.gaveanews.com\/wp-content\/uploads\/Ramon-Diaz-durante-treinamento-do-Corinthians-768x768.webp 768w, https:\/\/www.gaveanews.com\/wp-content\/uploads\/Ramon-Diaz-durante-treinamento-do-Corinthians-420x420.webp 420w, https:\/\/www.gaveanews.com\/wp-content\/uploads\/Ramon-Diaz-durante-treinamento-do-Corinthians-840x840.webp 840w, https:\/\/www.gaveanews.com\/wp-content\/uploads\/Ramon-Diaz-durante-treinamento-do-Corinthians-640x640.webp 640w, https:\/\/www.gaveanews.com\/wp-content\/uploads\/Ramon-Diaz-durante-treinamento-do-Corinthians-681x681.webp 681w, https:\/\/www.gaveanews.com\/wp-content\/uploads\/Ramon-Diaz-durante-treinamento-do-Corinthians-100x100.webp 100w, https:\/\/www.gaveanews.com\/wp-content\/uploads\/Ramon-Diaz-durante-treinamento-do-Corinthians.webp 1080w\" sizes=\"auto, (max-width: 1024px) 100vw, 1024px\" \/><figcaption class=\"wp-element-caption\">Ram\u00f3n Diaz durante treinamento do Corinthians (Foto: Reprodu\u00e7\u00e3o\/Instagram)<\/figcaption><\/figure>\n\n\n\n<p>Ap\u00f3s o jogo, o t\u00e9cnico do Corinthians, Ram\u00f3n Diaz, reconheceu a superioridade do Flamengo, afirmando que o advers\u00e1rio poderia ter ampliado a vantagem, mas n\u00e3o conseguiu concretizar suas chances. Segundo Diaz, o resultado, embora desfavor\u00e1vel, foi menos negativo do que poderia ter sido, j\u00e1 que o Corinthians ainda tem a chance de reverter a situa\u00e7\u00e3o na partida de volta, na Neo Qu\u00edmica Arena. O t\u00e9cnico tamb\u00e9m destacou que sua equipe teve oportunidades que n\u00e3o soube aproveitar, o que deixou o resultado aberto para o segundo confronto.<\/p>\n\n\n\n<p>Agora, o Corinthians precisar\u00e1 vencer o Flamengo por pelo menos um gol de diferen\u00e7a para levar a decis\u00e3o aos p\u00eanaltis na segunda partida, marcada para a Neo Qu\u00edmica Arena. O t\u00e9cnico corintiano acredita que, apesar da derrota, o time est\u00e1 &#8220;vivo&#8221; na disputa e ter\u00e1 a chance de buscar a classifica\u00e7\u00e3o jogando em casa, onde promete fazer uma partida com mais press\u00e3o.<\/p>\n","protected":false},"excerpt":{"rendered":"<p>Nas \u00faltimas horas, o foco das not\u00edcias sobre o Corinthians se concentram nos bastidores do clube, com destaques como o novo patrocinador e a declara\u00e7\u00e3o de Ram\u00f3n Diaz. Por conta deste contexto, leia abaixo um resumo preparado pela equipe do portal G\u00e1vea News para lhe manter muito bem informado! Novo patrocinador O Corinthians anunciou uma [&hellip;]<\/p>\n","protected":false},"author":27,"featured_media":146951,"comment_status":"open","ping_status":"closed","sticky":false,"template":"","format":"standard","meta":{"footnotes":""},"categories":[141],"tags":[],"class_list":["post-171462","post","type-post","status-publish","format-standard","has-post-thumbnail","hentry","category-corinthians"],"yoast_head":"<!-- This site is optimized with the Yoast SEO Premium plugin v24.2 (Yoast SEO v26.9) - https:\/\/yoast.com\/product\/yoast-seo-premium-wordpress\/ -->\n<title>Diretoria contrata mais um jogador, novo patrocinador e declara\u00e7\u00e3o de Ram\u00f3n Diaz: as \u00faltimas not\u00edcias do Corinthians<\/title>\n<meta name=\"robots\" content=\"index, follow, max-snippet:-1, max-image-preview:large, max-video-preview:-1\" \/>\n<link rel=\"canonical\" href=\"https:\/\/www.gaveanews.com\/index.php\/2024\/10\/04\/diretoria-contrata-mais-um-jogador-novo-patrocinador-e-declaracao-de-ramon-diaz-as-ultimas-noticias-do-corinthians\/\" \/>\n<meta property=\"og:locale\" content=\"pt_BR\" \/>\n<meta property=\"og:type\" content=\"article\" \/>\n<meta property=\"og:title\" content=\"Diretoria contrata mais um jogador, novo patrocinador e declara\u00e7\u00e3o de Ram\u00f3n Diaz: as \u00faltimas not\u00edcias do Corinthians\" \/>\n<meta property=\"og:description\" content=\"Nas \u00faltimas horas, o foco das not\u00edcias sobre o Corinthians se concentram nos bastidores do clube, com destaques como o novo patrocinador e a declara\u00e7\u00e3o de Ram\u00f3n Diaz. Por conta deste contexto, leia abaixo um resumo preparado pela equipe do portal G\u00e1vea News para lhe manter muito bem informado! Novo patrocinador O Corinthians anunciou uma [&hellip;]\" \/>\n<meta property=\"og:url\" content=\"https:\/\/www.gaveanews.com\/index.php\/2024\/10\/04\/diretoria-contrata-mais-um-jogador-novo-patrocinador-e-declaracao-de-ramon-diaz-as-ultimas-noticias-do-corinthians\/\" \/>\n<meta property=\"og:site_name\" content=\"G\u00e1vea News\" \/>\n<meta property=\"article:publisher\" content=\"https:\/\/facebook.com\/gaveaNews\/\" \/>\n<meta property=\"article:published_time\" content=\"2024-10-04T12:20:00+00:00\" \/>\n<meta property=\"og:image\" content=\"https:\/\/www.gaveanews.com\/wp-content\/uploads\/Escudo-do-Corinthians.webp\" \/>\n\t<meta property=\"og:image:width\" content=\"1000\" \/>\n\t<meta property=\"og:image:height\" content=\"667\" \/>\n\t<meta property=\"og:image:type\" content=\"image\/webp\" \/>\n<meta name=\"author\" content=\"Matheus Felipe\" \/>\n<meta name=\"twitter:card\" content=\"summary_large_image\" \/>\n<meta name=\"twitter:label1\" content=\"Escrito por\" \/>\n\t<meta name=\"twitter:data1\" content=\"Matheus Felipe\" \/>\n\t<meta name=\"twitter:label2\" content=\"Est. tempo de leitura\" \/>\n\t<meta name=\"twitter:data2\" content=\"6 minutos\" \/>\n<script type=\"application\/ld+json\" class=\"yoast-schema-graph\">{\"@context\":\"https:\/\/schema.org\",\"@graph\":[{\"@type\":\"NewsArticle\",\"@id\":\"https:\/\/www.gaveanews.com\/index.php\/2024\/10\/04\/diretoria-contrata-mais-um-jogador-novo-patrocinador-e-declaracao-de-ramon-diaz-as-ultimas-noticias-do-corinthians\/#article\",\"isPartOf\":{\"@id\":\"https:\/\/www.gaveanews.com\/index.php\/2024\/10\/04\/diretoria-contrata-mais-um-jogador-novo-patrocinador-e-declaracao-de-ramon-diaz-as-ultimas-noticias-do-corinthians\/\"},\"author\":{\"name\":\"Matheus Felipe\",\"@id\":\"https:\/\/www.gaveanews.com\/#\/schema\/person\/8207cd4627f56151707418bfc835b2fb\"},\"headline\":\"Diretoria contrata mais um jogador, novo patrocinador e declara\u00e7\u00e3o de Ram\u00f3n Diaz: as \u00faltimas not\u00edcias do Corinthians\",\"datePublished\":\"2024-10-04T12:20:00+00:00\",\"mainEntityOfPage\":{\"@id\":\"https:\/\/www.gaveanews.com\/index.php\/2024\/10\/04\/diretoria-contrata-mais-um-jogador-novo-patrocinador-e-declaracao-de-ramon-diaz-as-ultimas-noticias-do-corinthians\/\"},\"wordCount\":882,\"commentCount\":0,\"image\":{\"@id\":\"https:\/\/www.gaveanews.com\/index.php\/2024\/10\/04\/diretoria-contrata-mais-um-jogador-novo-patrocinador-e-declaracao-de-ramon-diaz-as-ultimas-noticias-do-corinthians\/#primaryimage\"},\"thumbnailUrl\":\"https:\/\/www.gaveanews.com\/wp-content\/uploads\/Escudo-do-Corinthians.webp\",\"articleSection\":[\"Corinthians\"],\"inLanguage\":\"pt-BR\",\"potentialAction\":[{\"@type\":\"CommentAction\",\"name\":\"Comment\",\"target\":[\"https:\/\/www.gaveanews.com\/index.php\/2024\/10\/04\/diretoria-contrata-mais-um-jogador-novo-patrocinador-e-declaracao-de-ramon-diaz-as-ultimas-noticias-do-corinthians\/#respond\"]}],\"copyrightYear\":\"2024\",\"copyrightHolder\":{\"@id\":\"https:\/\/www.gaveanews.com\/#organization\"}},{\"@type\":\"WebPage\",\"@id\":\"https:\/\/www.gaveanews.com\/index.php\/2024\/10\/04\/diretoria-contrata-mais-um-jogador-novo-patrocinador-e-declaracao-de-ramon-diaz-as-ultimas-noticias-do-corinthians\/\",\"url\":\"https:\/\/www.gaveanews.com\/index.php\/2024\/10\/04\/diretoria-contrata-mais-um-jogador-novo-patrocinador-e-declaracao-de-ramon-diaz-as-ultimas-noticias-do-corinthians\/\",\"name\":\"Diretoria contrata mais um jogador, novo patrocinador e declara\u00e7\u00e3o de Ram\u00f3n Diaz: as \u00faltimas not\u00edcias do Corinthians\",\"isPartOf\":{\"@id\":\"https:\/\/www.gaveanews.com\/#website\"},\"primaryImageOfPage\":{\"@id\":\"https:\/\/www.gaveanews.com\/index.php\/2024\/10\/04\/diretoria-contrata-mais-um-jogador-novo-patrocinador-e-declaracao-de-ramon-diaz-as-ultimas-noticias-do-corinthians\/#primaryimage\"},\"image\":{\"@id\":\"https:\/\/www.gaveanews.com\/index.php\/2024\/10\/04\/diretoria-contrata-mais-um-jogador-novo-patrocinador-e-declaracao-de-ramon-diaz-as-ultimas-noticias-do-corinthians\/#primaryimage\"},\"thumbnailUrl\":\"https:\/\/www.gaveanews.com\/wp-content\/uploads\/Escudo-do-Corinthians.webp\",\"datePublished\":\"2024-10-04T12:20:00+00:00\",\"author\":{\"@id\":\"https:\/\/www.gaveanews.com\/#\/schema\/person\/8207cd4627f56151707418bfc835b2fb\"},\"breadcrumb\":{\"@id\":\"https:\/\/www.gaveanews.com\/index.php\/2024\/10\/04\/diretoria-contrata-mais-um-jogador-novo-patrocinador-e-declaracao-de-ramon-diaz-as-ultimas-noticias-do-corinthians\/#breadcrumb\"},\"inLanguage\":\"pt-BR\",\"potentialAction\":[{\"@type\":\"ReadAction\",\"target\":[\"https:\/\/www.gaveanews.com\/index.php\/2024\/10\/04\/diretoria-contrata-mais-um-jogador-novo-patrocinador-e-declaracao-de-ramon-diaz-as-ultimas-noticias-do-corinthians\/\"]}]},{\"@type\":\"ImageObject\",\"inLanguage\":\"pt-BR\",\"@id\":\"https:\/\/www.gaveanews.com\/index.php\/2024\/10\/04\/diretoria-contrata-mais-um-jogador-novo-patrocinador-e-declaracao-de-ramon-diaz-as-ultimas-noticias-do-corinthians\/#primaryimage\",\"url\":\"https:\/\/www.gaveanews.com\/wp-content\/uploads\/Escudo-do-Corinthians.webp\",\"contentUrl\":\"https:\/\/www.gaveanews.com\/wp-content\/uploads\/Escudo-do-Corinthians.webp\",\"width\":1000,\"height\":667,\"caption\":\"Escudo do Corinthians (Foto Reprodu\u00e7\u00e3o\/Instagram)\"},{\"@type\":\"BreadcrumbList\",\"@id\":\"https:\/\/www.gaveanews.com\/index.php\/2024\/10\/04\/diretoria-contrata-mais-um-jogador-novo-patrocinador-e-declaracao-de-ramon-diaz-as-ultimas-noticias-do-corinthians\/#breadcrumb\",\"itemListElement\":[{\"@type\":\"ListItem\",\"position\":1,\"name\":\"Home\",\"item\":\"https:\/\/www.gaveanews.com\/\"},{\"@type\":\"ListItem\",\"position\":2,\"name\":\"Diretoria contrata mais um jogador, novo patrocinador e declara\u00e7\u00e3o de Ram\u00f3n Diaz: as \u00faltimas not\u00edcias do Corinthians\"}]},{\"@type\":\"WebSite\",\"@id\":\"https:\/\/www.gaveanews.com\/#website\",\"url\":\"https:\/\/www.gaveanews.com\/\",\"name\":\"G\u00e1vea News\",\"description\":\"Veja todas as not\u00edcias sobre o Flamengo: Contrata\u00e7\u00f5es, categorias de base, resultados das partidas, tabela de classifica\u00e7\u00e3o, pr\u00f3ximos jogos!\",\"potentialAction\":[{\"@type\":\"SearchAction\",\"target\":{\"@type\":\"EntryPoint\",\"urlTemplate\":\"https:\/\/www.gaveanews.com\/?s={search_term_string}\"},\"query-input\":{\"@type\":\"PropertyValueSpecification\",\"valueRequired\":true,\"valueName\":\"search_term_string\"}}],\"inLanguage\":\"pt-BR\"},{\"@type\":\"Person\",\"@id\":\"https:\/\/www.gaveanews.com\/#\/schema\/person\/8207cd4627f56151707418bfc835b2fb\",\"name\":\"Matheus Felipe\",\"image\":{\"@type\":\"ImageObject\",\"inLanguage\":\"pt-BR\",\"@id\":\"https:\/\/www.gaveanews.com\/#\/schema\/person\/image\/\",\"url\":\"https:\/\/secure.gravatar.com\/avatar\/a452ffbed9130f726358b298bb3a99ce4bd3c5338411f8440e87e14d74c7c087?s=96&d=mm&r=g\",\"contentUrl\":\"https:\/\/secure.gravatar.com\/avatar\/a452ffbed9130f726358b298bb3a99ce4bd3c5338411f8440e87e14d74c7c087?s=96&d=mm&r=g\",\"caption\":\"Matheus Felipe\"}}]}<\/script>\n<!-- \/ Yoast SEO Premium plugin. -->","yoast_head_json":{"title":"Diretoria contrata mais um jogador, novo patrocinador e declara\u00e7\u00e3o de Ram\u00f3n Diaz: as \u00faltimas not\u00edcias do Corinthians","robots":{"index":"index","follow":"follow","max-snippet":"max-snippet:-1","max-image-preview":"max-image-preview:large","max-video-preview":"max-video-preview:-1"},"canonical":"https:\/\/www.gaveanews.com\/index.php\/2024\/10\/04\/diretoria-contrata-mais-um-jogador-novo-patrocinador-e-declaracao-de-ramon-diaz-as-ultimas-noticias-do-corinthians\/","og_locale":"pt_BR","og_type":"article","og_title":"Diretoria contrata mais um jogador, novo patrocinador e declara\u00e7\u00e3o de Ram\u00f3n Diaz: as \u00faltimas not\u00edcias do Corinthians","og_description":"Nas \u00faltimas horas, o foco das not\u00edcias sobre o Corinthians se concentram nos bastidores do clube, com destaques como o novo patrocinador e a declara\u00e7\u00e3o de Ram\u00f3n Diaz. Por conta deste contexto, leia abaixo um resumo preparado pela equipe do portal G\u00e1vea News para lhe manter muito bem informado! Novo patrocinador O Corinthians anunciou uma [&hellip;]","og_url":"https:\/\/www.gaveanews.com\/index.php\/2024\/10\/04\/diretoria-contrata-mais-um-jogador-novo-patrocinador-e-declaracao-de-ramon-diaz-as-ultimas-noticias-do-corinthians\/","og_site_name":"G\u00e1vea News","article_publisher":"https:\/\/facebook.com\/gaveaNews\/","article_published_time":"2024-10-04T12:20:00+00:00","og_image":[{"width":1000,"height":667,"url":"https:\/\/www.gaveanews.com\/wp-content\/uploads\/Escudo-do-Corinthians.webp","type":"image\/webp"}],"author":"Matheus Felipe","twitter_card":"summary_large_image","twitter_misc":{"Escrito por":"Matheus Felipe","Est. tempo de leitura":"6 minutos"},"schema":{"@context":"https:\/\/schema.org","@graph":[{"@type":"NewsArticle","@id":"https:\/\/www.gaveanews.com\/index.php\/2024\/10\/04\/diretoria-contrata-mais-um-jogador-novo-patrocinador-e-declaracao-de-ramon-diaz-as-ultimas-noticias-do-corinthians\/#article","isPartOf":{"@id":"https:\/\/www.gaveanews.com\/index.php\/2024\/10\/04\/diretoria-contrata-mais-um-jogador-novo-patrocinador-e-declaracao-de-ramon-diaz-as-ultimas-noticias-do-corinthians\/"},"author":{"name":"Matheus Felipe","@id":"https:\/\/www.gaveanews.com\/#\/schema\/person\/8207cd4627f56151707418bfc835b2fb"},"headline":"Diretoria contrata mais um jogador, novo patrocinador e declara\u00e7\u00e3o de Ram\u00f3n Diaz: as \u00faltimas not\u00edcias do Corinthians","datePublished":"2024-10-04T12:20:00+00:00","mainEntityOfPage":{"@id":"https:\/\/www.gaveanews.com\/index.php\/2024\/10\/04\/diretoria-contrata-mais-um-jogador-novo-patrocinador-e-declaracao-de-ramon-diaz-as-ultimas-noticias-do-corinthians\/"},"wordCount":882,"commentCount":0,"image":{"@id":"https:\/\/www.gaveanews.com\/index.php\/2024\/10\/04\/diretoria-contrata-mais-um-jogador-novo-patrocinador-e-declaracao-de-ramon-diaz-as-ultimas-noticias-do-corinthians\/#primaryimage"},"thumbnailUrl":"https:\/\/www.gaveanews.com\/wp-content\/uploads\/Escudo-do-Corinthians.webp","articleSection":["Corinthians"],"inLanguage":"pt-BR","potentialAction":[{"@type":"CommentAction","name":"Comment","target":["https:\/\/www.gaveanews.com\/index.php\/2024\/10\/04\/diretoria-contrata-mais-um-jogador-novo-patrocinador-e-declaracao-de-ramon-diaz-as-ultimas-noticias-do-corinthians\/#respond"]}],"copyrightYear":"2024","copyrightHolder":{"@id":"https:\/\/www.gaveanews.com\/#organization"}},{"@type":"WebPage","@id":"https:\/\/www.gaveanews.com\/index.php\/2024\/10\/04\/diretoria-contrata-mais-um-jogador-novo-patrocinador-e-declaracao-de-ramon-diaz-as-ultimas-noticias-do-corinthians\/","url":"https:\/\/www.gaveanews.com\/index.php\/2024\/10\/04\/diretoria-contrata-mais-um-jogador-novo-patrocinador-e-declaracao-de-ramon-diaz-as-ultimas-noticias-do-corinthians\/","name":"Diretoria contrata mais um jogador, novo patrocinador e declara\u00e7\u00e3o de Ram\u00f3n Diaz: as \u00faltimas not\u00edcias do Corinthians","isPartOf":{"@id":"https:\/\/www.gaveanews.com\/#website"},"primaryImageOfPage":{"@id":"https:\/\/www.gaveanews.com\/index.php\/2024\/10\/04\/diretoria-contrata-mais-um-jogador-novo-patrocinador-e-declaracao-de-ramon-diaz-as-ultimas-noticias-do-corinthians\/#primaryimage"},"image":{"@id":"https:\/\/www.gaveanews.com\/index.php\/2024\/10\/04\/diretoria-contrata-mais-um-jogador-novo-patrocinador-e-declaracao-de-ramon-diaz-as-ultimas-noticias-do-corinthians\/#primaryimage"},"thumbnailUrl":"https:\/\/www.gaveanews.com\/wp-content\/uploads\/Escudo-do-Corinthians.webp","datePublished":"2024-10-04T12:20:00+00:00","author":{"@id":"https:\/\/www.gaveanews.com\/#\/schema\/person\/8207cd4627f56151707418bfc835b2fb"},"breadcrumb":{"@id":"https:\/\/www.gaveanews.com\/index.php\/2024\/10\/04\/diretoria-contrata-mais-um-jogador-novo-patrocinador-e-declaracao-de-ramon-diaz-as-ultimas-noticias-do-corinthians\/#breadcrumb"},"inLanguage":"pt-BR","potentialAction":[{"@type":"ReadAction","target":["https:\/\/www.gaveanews.com\/index.php\/2024\/10\/04\/diretoria-contrata-mais-um-jogador-novo-patrocinador-e-declaracao-de-ramon-diaz-as-ultimas-noticias-do-corinthians\/"]}]},{"@type":"ImageObject","inLanguage":"pt-BR","@id":"https:\/\/www.gaveanews.com\/index.php\/2024\/10\/04\/diretoria-contrata-mais-um-jogador-novo-patrocinador-e-declaracao-de-ramon-diaz-as-ultimas-noticias-do-corinthians\/#primaryimage","url":"https:\/\/www.gaveanews.com\/wp-content\/uploads\/Escudo-do-Corinthians.webp","contentUrl":"https:\/\/www.gaveanews.com\/wp-content\/uploads\/Escudo-do-Corinthians.webp","width":1000,"height":667,"caption":"Escudo do Corinthians (Foto Reprodu\u00e7\u00e3o\/Instagram)"},{"@type":"BreadcrumbList","@id":"https:\/\/www.gaveanews.com\/index.php\/2024\/10\/04\/diretoria-contrata-mais-um-jogador-novo-patrocinador-e-declaracao-de-ramon-diaz-as-ultimas-noticias-do-corinthians\/#breadcrumb","itemListElement":[{"@type":"ListItem","position":1,"name":"Home","item":"https:\/\/www.gaveanews.com\/"},{"@type":"ListItem","position":2,"name":"Diretoria contrata mais um jogador, novo patrocinador e declara\u00e7\u00e3o de Ram\u00f3n Diaz: as \u00faltimas not\u00edcias do Corinthians"}]},{"@type":"WebSite","@id":"https:\/\/www.gaveanews.com\/#website","url":"https:\/\/www.gaveanews.com\/","name":"G\u00e1vea News","description":"Veja todas as not\u00edcias sobre o Flamengo: Contrata\u00e7\u00f5es, categorias de base, resultados das partidas, tabela de classifica\u00e7\u00e3o, pr\u00f3ximos jogos!","potentialAction":[{"@type":"SearchAction","target":{"@type":"EntryPoint","urlTemplate":"https:\/\/www.gaveanews.com\/?s={search_term_string}"},"query-input":{"@type":"PropertyValueSpecification","valueRequired":true,"valueName":"search_term_string"}}],"inLanguage":"pt-BR"},{"@type":"Person","@id":"https:\/\/www.gaveanews.com\/#\/schema\/person\/8207cd4627f56151707418bfc835b2fb","name":"Matheus Felipe","image":{"@type":"ImageObject","inLanguage":"pt-BR","@id":"https:\/\/www.gaveanews.com\/#\/schema\/person\/image\/","url":"https:\/\/secure.gravatar.com\/avatar\/a452ffbed9130f726358b298bb3a99ce4bd3c5338411f8440e87e14d74c7c087?s=96&d=mm&r=g","contentUrl":"https:\/\/secure.gravatar.com\/avatar\/a452ffbed9130f726358b298bb3a99ce4bd3c5338411f8440e87e14d74c7c087?s=96&d=mm&r=g","caption":"Matheus Felipe"}}]}},"_links":{"self":[{"href":"https:\/\/www.gaveanews.com\/index.php\/wp-json\/wp\/v2\/posts\/171462","targetHints":{"allow":["GET"]}}],"collection":[{"href":"https:\/\/www.gaveanews.com\/index.php\/wp-json\/wp\/v2\/posts"}],"about":[{"href":"https:\/\/www.gaveanews.com\/index.php\/wp-json\/wp\/v2\/types\/post"}],"author":[{"embeddable":true,"href":"https:\/\/www.gaveanews.com\/index.php\/wp-json\/wp\/v2\/users\/27"}],"replies":[{"embeddable":true,"href":"https:\/\/www.gaveanews.com\/index.php\/wp-json\/wp\/v2\/comments?post=171462"}],"version-history":[{"count":1,"href":"https:\/\/www.gaveanews.com\/index.php\/wp-json\/wp\/v2\/posts\/171462\/revisions"}],"predecessor-version":[{"id":171465,"href":"https:\/\/www.gaveanews.com\/index.php\/wp-json\/wp\/v2\/posts\/171462\/revisions\/171465"}],"wp:featuredmedia":[{"embeddable":true,"href":"https:\/\/www.gaveanews.com\/index.php\/wp-json\/wp\/v2\/media\/146951"}],"wp:attachment":[{"href":"https:\/\/www.gaveanews.com\/index.php\/wp-json\/wp\/v2\/media?parent=171462"}],"wp:term":[{"taxonomy":"category","embeddable":true,"href":"https:\/\/www.gaveanews.com\/index.php\/wp-json\/wp\/v2\/categories?post=171462"},{"taxonomy":"post_tag","embeddable":true,"href":"https:\/\/www.gaveanews.com\/index.php\/wp-json\/wp\/v2\/tags?post=171462"}],"curies":[{"name":"wp","href":"https:\/\/api.w.org\/{rel}","templated":true}]}}