{"id":171845,"date":"2024-10-06T10:30:00","date_gmt":"2024-10-06T13:30:00","guid":{"rendered":"https:\/\/www.gaveanews.com\/?p=171845"},"modified":"2024-10-06T02:39:21","modified_gmt":"2024-10-06T05:39:21","slug":"atitude-de-dorival-jr-deixa-a-torcida-revoltada","status":"publish","type":"post","link":"https:\/\/www.gaveanews.com\/index.php\/2024\/10\/06\/atitude-de-dorival-jr-deixa-a-torcida-revoltada\/","title":{"rendered":"Atitude de Dorival Jr deixa a torcida revoltada"},"content":{"rendered":"\n<p>O atual t\u00e9cnico da sele\u00e7\u00e3o brasileira Dorival J\u00fanior, j\u00e1 teria perdido dois grandes atletas que est\u00e3o sempre entre os convocados, sendo eles: Bremer, da Juventus, e Guilherme Arana, do Atl\u00e9tico Mineiro.<\/p>\n\n\n\n<ul class=\"wp-block-list\">\n<li><a href=\"https:\/\/www.gaveanews.com\/index.php\/2024\/10\/03\/dorival-jr-pode-convocar-mais-um-jogador-do-flamengo-2\/\">Dorival Jr pode convocar mais um jogador do Flamengo<\/a><\/li>\n\n\n\n<li><a href=\"https:\/\/www.gaveanews.com\/index.php\/2024\/10\/03\/o-zagueiro-convocado-por-dorival-jr\/\">O zagueiro convocado por Dorival Jr.<\/a><\/li>\n<\/ul>\n\n\n\n<p>E agora o goleiro Alisson sofreu uma les\u00e3o em uma partida entre Crystal Palace e Liverpool e ser\u00e1 baixa nos jogos contra Chile e Peru, que acontecem esse m\u00eas.<\/p>\n\n\n\n<p>Neste cen\u00e1rio, Dorival precisou realizar outra mudan\u00e7a na sele\u00e7\u00e3o, onde Weverton venceu a disputa particular com John, j\u00e1 que os dois estavam na lista pr\u00e9via de nomes pr\u00e9-convocados para os embates.<\/p>\n\n\n\n<h2 class=\"wp-block-heading\" id=\"h-weverton-na-selecao\">Weverton na sele\u00e7\u00e3o<\/h2>\n\n\n<div class=\"wp-block-image\">\n<figure class=\"aligncenter size-large\"><img loading=\"lazy\" decoding=\"async\" width=\"905\" height=\"1024\" src=\"https:\/\/www.gaveanews.com\/wp-content\/uploads\/Weverton-durante-o-jogo-entre-Botafogo-x-Palmeiras-pelo-Brasileirao-2024-905x1024.webp\" alt=\"\" class=\"wp-image-153071\" srcset=\"https:\/\/www.gaveanews.com\/wp-content\/uploads\/Weverton-durante-o-jogo-entre-Botafogo-x-Palmeiras-pelo-Brasileirao-2024-905x1024.webp 905w, https:\/\/www.gaveanews.com\/wp-content\/uploads\/Weverton-durante-o-jogo-entre-Botafogo-x-Palmeiras-pelo-Brasileirao-2024-265x300.webp 265w, https:\/\/www.gaveanews.com\/wp-content\/uploads\/Weverton-durante-o-jogo-entre-Botafogo-x-Palmeiras-pelo-Brasileirao-2024-768x869.webp 768w, https:\/\/www.gaveanews.com\/wp-content\/uploads\/Weverton-durante-o-jogo-entre-Botafogo-x-Palmeiras-pelo-Brasileirao-2024-371x420.webp 371w, https:\/\/www.gaveanews.com\/wp-content\/uploads\/Weverton-durante-o-jogo-entre-Botafogo-x-Palmeiras-pelo-Brasileirao-2024-742x840.webp 742w, https:\/\/www.gaveanews.com\/wp-content\/uploads\/Weverton-durante-o-jogo-entre-Botafogo-x-Palmeiras-pelo-Brasileirao-2024-640x725.webp 640w, https:\/\/www.gaveanews.com\/wp-content\/uploads\/Weverton-durante-o-jogo-entre-Botafogo-x-Palmeiras-pelo-Brasileirao-2024-1280x1449.webp 1280w, https:\/\/www.gaveanews.com\/wp-content\/uploads\/Weverton-durante-o-jogo-entre-Botafogo-x-Palmeiras-pelo-Brasileirao-2024-681x771.webp 681w, https:\/\/www.gaveanews.com\/wp-content\/uploads\/Weverton-durante-o-jogo-entre-Botafogo-x-Palmeiras-pelo-Brasileirao-2024-100x113.webp 100w, https:\/\/www.gaveanews.com\/wp-content\/uploads\/Weverton-durante-o-jogo-entre-Botafogo-x-Palmeiras-pelo-Brasileirao-2024.webp 1325w\" sizes=\"auto, (max-width: 905px) 100vw, 905px\" \/><figcaption class=\"wp-element-caption\">Weverton durante o jogo entre Botafogo x Palmeiras pelo Brasileir\u00e3o 2024 (Foto: Cesar Greco\/Palmeiras)<\/figcaption><\/figure>\n<\/div>\n\n\n<p>O goleiro palmeirense j\u00e1 foi campe\u00e3o ol\u00edmpico com o Brasil, por\u00e9m Weverton perdeu espa\u00e7o ap\u00f3s a Copa do Mundo de 2022.<\/p>\n\n\n\n<p>Com isso, aos 36 anos, o goleiro mant\u00e9m o status de titular absoluto no Palmeiras, algo que acabou pesando para a decis\u00e3o de Dorival J\u00fanior.<\/p>\n\n\n\n<p>\u201cNingu\u00e9m me cobra mais do que eu mesmo. Eu sou um cara que eu abro m\u00e3o de muita coisa pra viver o que eu vivo. Eu abro m\u00e3o das minhas f\u00e9rias. Para mim, f\u00e9rias, \u00e0s vezes, \u00e9 10 dias, 12 dias. \u00c0s vezes, vai chegando as f\u00e9rias, eu discuto com a minha esposa: \u2018Mas a gente precisa ir para um lugar que tenha campo para eu treinar\u2019.\u201d, contou Weverton, ao Zona Mista do Hern\u00e1n, no UOL Esporte.<\/p>\n\n\n\n<p>E apesar da baita experi\u00eancia de Weverton, a escolha de Dorival J\u00fanior n\u00e3o foi bem vista pelos torcedores brasileiros.<\/p>\n\n\n\n<p>Levando em conta os momentos dos goleiros John, L\u00e9o Jardim e Hugo Souza, a escolha de Dorival pelo substituto de Alisson motivou cr\u00edticas para o t\u00e9cnico da sele\u00e7\u00e3o.<\/p>\n\n\n\n<h2 class=\"wp-block-heading\" id=\"h-confira-os-protestos-envolvendo-a-presenca-de-weverton-na-selecao-brasileira\">Confira os protestos envolvendo a presen\u00e7a de Weverton na sele\u00e7\u00e3o brasileira:<\/h2>\n\n\n\n<blockquote class=\"bluesky-embed\" data-bluesky-uri=\"at:\/\/did:plc:emwhmp7do3xrxugipurnhly7\/app.bsky.feed.post\/3l5rpmrgnj72l\" data-bluesky-cid=\"bafyreicjlj3agfjuyb2ieodc2eq7hrmzlmgfxmlel3egzdxadmajxwufta\"><p lang=\"pt\">Os cara tem Hugo Souza, John e Leo Jardim pegando tudo e chama Weverton kkkkkkkkkkk<\/p>&mdash; fael (<a href=\"https:\/\/bsky.app\/profile\/did:plc:emwhmp7do3xrxugipurnhly7?ref_src=embed\">@fael699.bsky.social<\/a>) <a href=\"https:\/\/bsky.app\/profile\/did:plc:emwhmp7do3xrxugipurnhly7\/post\/3l5rpmrgnj72l?ref_src=embed\">October 5, 2024 at 1:36 PM<\/a><\/blockquote><script async src=\"https:\/\/embed.bsky.app\/static\/embed.js\" charset=\"utf-8\"><\/script>\n\n\n\n<blockquote class=\"bluesky-embed\" data-bluesky-uri=\"at:\/\/did:plc:unjrt53nejh6uwumh5adup5r\/app.bsky.feed.post\/3l5rplsfr7f26\" data-bluesky-cid=\"bafyreigzdipvlguejxjnq2obxemvrxt2n55nohyyd4xwfrpuqngtjd32lm\"><p lang=\"pt\">Weverton est\u00e1 num momento muito bom mas n\u00e3o \u00e9 mais pra ser convocado por causa da idade.<\/p>&mdash; Marcelo  (<a href=\"https:\/\/bsky.app\/profile\/did:plc:unjrt53nejh6uwumh5adup5r?ref_src=embed\">@marcelo1299.bsky.social<\/a>) <a href=\"https:\/\/bsky.app\/profile\/did:plc:unjrt53nejh6uwumh5adup5r\/post\/3l5rplsfr7f26?ref_src=embed\">October 5, 2024 at 1:36 PM<\/a><\/blockquote><script async src=\"https:\/\/embed.bsky.app\/static\/embed.js\" charset=\"utf-8\"><\/script>\n\n\n\n<blockquote class=\"bluesky-embed\" data-bluesky-uri=\"at:\/\/did:plc:lbrc63vbxkbrek2ylxvm7m3v\/app.bsky.feed.post\/3l5rpgfaxme2c\" data-bluesky-cid=\"bafyreic5ponjxebwx4hofgo7z3f4kwn5zldpdjh2jn5rzfjvci7c3jpuqu\"><p lang=\"pt\">A sele\u00e7\u00e3o brasileira \u00e9 uma grande panela\n\nL\u00e9o Jardim, John&#8230; goleiros num momento melhor que o weverton sequer sao cogitados e o cara vai porque ja foi antes. Explica muita coisa do momento merda dessa confedera\u00e7\u00e3o.<\/p>&mdash; Vida que segue (<a href=\"https:\/\/bsky.app\/profile\/did:plc:lbrc63vbxkbrek2ylxvm7m3v?ref_src=embed\">@marciosaales.bsky.social<\/a>) <a href=\"https:\/\/bsky.app\/profile\/did:plc:lbrc63vbxkbrek2ylxvm7m3v\/post\/3l5rpgfaxme2c?ref_src=embed\">October 5, 2024 at 1:33 PM<\/a><\/blockquote><script async src=\"https:\/\/embed.bsky.app\/static\/embed.js\" charset=\"utf-8\"><\/script>\n\n\n\n<blockquote class=\"bluesky-embed\" data-bluesky-uri=\"at:\/\/did:plc:d66oahjew7ysposhit4qusy4\/app.bsky.feed.post\/3l5rplui7zk2y\" data-bluesky-cid=\"bafyreibsazgdssrkgsr6aipv5qxoxywmu7d6vpwv2dllwvwlferjfsardu\"><p lang=\"pt\">Era pra levar o john ou o Hugo<\/p>&mdash; felipesccp2024.bsky.social (<a href=\"https:\/\/bsky.app\/profile\/did:plc:d66oahjew7ysposhit4qusy4?ref_src=embed\">@felipesccp2024.bsky.social<\/a>) <a href=\"https:\/\/bsky.app\/profile\/did:plc:d66oahjew7ysposhit4qusy4\/post\/3l5rplui7zk2y?ref_src=embed\">October 5, 2024 at 1:36 PM<\/a><\/blockquote><script async src=\"https:\/\/embed.bsky.app\/static\/embed.js\" charset=\"utf-8\"><\/script>\n\n\n\n<blockquote class=\"bluesky-embed\" data-bluesky-uri=\"at:\/\/did:plc:mrfrswtzxc27g2gmxjt7va35\/app.bsky.feed.post\/3l5rporyqgt2h\" data-bluesky-cid=\"bafyreihynh4dtgdj7ehzinw3r3bsgjbyrxwjibuo3nauasr63sy2chd6eq\"><p lang=\"pt\">O Dorival t\u00e1 mais que perdido.<\/p>&mdash; Riquedo023\u1d9c\u1d49\u1d9c\ud83e\udd8a(43\/45) (<a href=\"https:\/\/bsky.app\/profile\/did:plc:mrfrswtzxc27g2gmxjt7va35?ref_src=embed\">@riquedo023.bsky.social<\/a>) <a href=\"https:\/\/bsky.app\/profile\/did:plc:mrfrswtzxc27g2gmxjt7va35\/post\/3l5rporyqgt2h?ref_src=embed\">October 5, 2024 at 1:38 PM<\/a><\/blockquote><script async src=\"https:\/\/embed.bsky.app\/static\/embed.js\" charset=\"utf-8\"><\/script>\n\n\n\n<h2 class=\"wp-block-heading\" id=\"h-convocacao-do-brasil-para-os-jogos-contra-chile-e-peru\">Convoca\u00e7\u00e3o do Brasil para os jogos contra Chile e Peru<\/h2>\n\n\n\n<ul class=\"wp-block-list\">\n<li><strong>Goleiros: <\/strong>\n<ul class=\"wp-block-list\">\n<li><strong>Bento <\/strong>(Al-Nassr)<\/li>\n\n\n\n<li><strong>Ederson <\/strong>(Manchester City)<\/li>\n\n\n\n<li><strong>Weverton <\/strong>(Palmeiras)<\/li>\n<\/ul>\n<\/li>\n\n\n\n<li><strong>Laterais: <\/strong>\n<ul class=\"wp-block-list\">\n<li><strong>Danilo<\/strong> (Juventus)<\/li>\n\n\n\n<li><strong>Vanderson <\/strong>(Monaco)<\/li>\n\n\n\n<li><strong>Abner <\/strong>(Lyon)<\/li>\n\n\n\n<li><strong>Alex Teles<\/strong> (Botafogo)<\/li>\n<\/ul>\n<\/li>\n\n\n\n<li><strong>Zagueiros: <\/strong>\n<ul class=\"wp-block-list\">\n<li><strong>Beraldo <\/strong>(PSG)<\/li>\n\n\n\n<li><strong>\u00c9der Milit\u00e3o <\/strong>(Real Madrid)<\/li>\n\n\n\n<li><strong>Gabriel Magalh\u00e3es <\/strong>(Arsenal)<\/li>\n\n\n\n<li><strong>Marquinhos <\/strong>(PSG);<\/li>\n<\/ul>\n<\/li>\n\n\n\n<li><strong>Meio-campistas: <\/strong>\n<ul class=\"wp-block-list\">\n<li><strong>Andr\u00e9<\/strong> (Wolverhampton)<\/li>\n\n\n\n<li><strong>Bruno Guimar\u00e3es<\/strong> (Newcastle)<\/li>\n\n\n\n<li><strong>Gerson <\/strong>(Flamengo)<\/li>\n\n\n\n<li><strong>Lucas Paquet\u00e1<\/strong> (West Ham)<\/li>\n\n\n\n<li><strong>Rodrygo <\/strong>(Real Madrid);<\/li>\n<\/ul>\n<\/li>\n\n\n\n<li><strong>Atacantes: <\/strong>\n<ul class=\"wp-block-list\">\n<li><strong>Endrick (Real Madrid)<\/strong><\/li>\n\n\n\n<li><strong>Igor Jesus<\/strong> (Botafogo)<\/li>\n\n\n\n<li><strong>Gabriel Martinelli (<\/strong>Arsenal)<\/li>\n\n\n\n<li><strong>Luiz Henrique<\/strong> (Botafogo)<\/li>\n\n\n\n<li><strong>Raphinha<\/strong> (Barcelona)<\/li>\n\n\n\n<li><strong>Savinho <\/strong>(Manchester City)<\/li>\n\n\n\n<li><strong>Vinicius Junior<\/strong> (Real Madrid)<\/li>\n<\/ul>\n<\/li>\n<\/ul>\n\n\n\n<h2 class=\"wp-block-heading\">Pr\u00f3ximos jogos da sele\u00e7\u00e3o brasileira<\/h2>\n\n\n\n<ul class=\"wp-block-list\">\n<li>Chile&nbsp;(fora de casa) &#8211; 10\/10, 21h (hor\u00e1rio de Bras\u00edlia) &#8211;&nbsp;eliminat\u00f3rias da Copa 2026<\/li>\n\n\n\n<li>Peru&nbsp;(em casa) &#8211; 15\/10, 21h45 (hor\u00e1rio de Bras\u00edlia) &#8211;&nbsp;eliminat\u00f3rias da Copa 2026<\/li>\n\n\n\n<li>Venezuela&nbsp;(fora de casa) &#8211; hor\u00e1rio a definir &#8211;&nbsp;eliminat\u00f3rias da Copa 2026<\/li>\n<\/ul>\n","protected":false},"excerpt":{"rendered":"<p>O atual t\u00e9cnico da sele\u00e7\u00e3o brasileira Dorival J\u00fanior, j\u00e1 teria perdido dois grandes atletas que est\u00e3o sempre entre os convocados, sendo eles: Bremer, da Juventus, e Guilherme Arana, do Atl\u00e9tico Mineiro. E agora o goleiro Alisson sofreu uma les\u00e3o em uma partida entre Crystal Palace e Liverpool e ser\u00e1 baixa nos jogos contra Chile e [&hellip;]<\/p>\n","protected":false},"author":22,"featured_media":126556,"comment_status":"open","ping_status":"closed","sticky":false,"template":"","format":"standard","meta":{"footnotes":""},"categories":[478,150],"tags":[],"class_list":["post-171845","post","type-post","status-publish","format-standard","has-post-thumbnail","hentry","category-brasil","category-palmeiras"],"yoast_head":"<!-- This site is optimized with the Yoast SEO Premium plugin v24.2 (Yoast SEO v26.9) - https:\/\/yoast.com\/product\/yoast-seo-premium-wordpress\/ -->\n<title>Atitude de Dorival Jr deixa a torcida revoltada<\/title>\n<meta name=\"robots\" content=\"index, follow, max-snippet:-1, max-image-preview:large, max-video-preview:-1\" \/>\n<link rel=\"canonical\" href=\"https:\/\/www.gaveanews.com\/index.php\/2024\/10\/06\/atitude-de-dorival-jr-deixa-a-torcida-revoltada\/\" \/>\n<meta property=\"og:locale\" content=\"pt_BR\" \/>\n<meta property=\"og:type\" content=\"article\" \/>\n<meta property=\"og:title\" content=\"Atitude de Dorival Jr deixa a torcida revoltada\" \/>\n<meta property=\"og:description\" content=\"O atual t\u00e9cnico da sele\u00e7\u00e3o brasileira Dorival J\u00fanior, j\u00e1 teria perdido dois grandes atletas que est\u00e3o sempre entre os convocados, sendo eles: Bremer, da Juventus, e Guilherme Arana, do Atl\u00e9tico Mineiro. E agora o goleiro Alisson sofreu uma les\u00e3o em uma partida entre Crystal Palace e Liverpool e ser\u00e1 baixa nos jogos contra Chile e [&hellip;]\" \/>\n<meta property=\"og:url\" content=\"https:\/\/www.gaveanews.com\/index.php\/2024\/10\/06\/atitude-de-dorival-jr-deixa-a-torcida-revoltada\/\" \/>\n<meta property=\"og:site_name\" content=\"G\u00e1vea News\" \/>\n<meta property=\"article:publisher\" content=\"https:\/\/facebook.com\/gaveaNews\/\" \/>\n<meta property=\"article:published_time\" content=\"2024-10-06T13:30:00+00:00\" \/>\n<meta property=\"og:image\" content=\"https:\/\/www.gaveanews.com\/wp-content\/uploads\/dorival-junior-selecao-e1704998153515.webp\" \/>\n\t<meta property=\"og:image:width\" content=\"732\" \/>\n\t<meta property=\"og:image:height\" content=\"412\" \/>\n\t<meta property=\"og:image:type\" content=\"image\/webp\" \/>\n<meta name=\"author\" content=\"Emilly Lima\" \/>\n<meta name=\"twitter:card\" content=\"summary_large_image\" \/>\n<meta name=\"twitter:label1\" content=\"Escrito por\" \/>\n\t<meta name=\"twitter:data1\" content=\"Emilly Lima\" \/>\n\t<meta name=\"twitter:label2\" content=\"Est. tempo de leitura\" \/>\n\t<meta name=\"twitter:data2\" content=\"3 minutos\" \/>\n<script type=\"application\/ld+json\" class=\"yoast-schema-graph\">{\"@context\":\"https:\/\/schema.org\",\"@graph\":[{\"@type\":\"NewsArticle\",\"@id\":\"https:\/\/www.gaveanews.com\/index.php\/2024\/10\/06\/atitude-de-dorival-jr-deixa-a-torcida-revoltada\/#article\",\"isPartOf\":{\"@id\":\"https:\/\/www.gaveanews.com\/index.php\/2024\/10\/06\/atitude-de-dorival-jr-deixa-a-torcida-revoltada\/\"},\"author\":{\"name\":\"Emilly Lima\",\"@id\":\"https:\/\/www.gaveanews.com\/#\/schema\/person\/8597dbe3f4d8513dd20048ce95a1895b\"},\"headline\":\"Atitude de Dorival Jr deixa a torcida revoltada\",\"datePublished\":\"2024-10-06T13:30:00+00:00\",\"mainEntityOfPage\":{\"@id\":\"https:\/\/www.gaveanews.com\/index.php\/2024\/10\/06\/atitude-de-dorival-jr-deixa-a-torcida-revoltada\/\"},\"wordCount\":612,\"commentCount\":0,\"image\":{\"@id\":\"https:\/\/www.gaveanews.com\/index.php\/2024\/10\/06\/atitude-de-dorival-jr-deixa-a-torcida-revoltada\/#primaryimage\"},\"thumbnailUrl\":\"https:\/\/www.gaveanews.com\/wp-content\/uploads\/dorival-junior-selecao-e1704998153515.webp\",\"articleSection\":[\"Brasil\",\"Palmeiras\"],\"inLanguage\":\"pt-BR\",\"potentialAction\":[{\"@type\":\"CommentAction\",\"name\":\"Comment\",\"target\":[\"https:\/\/www.gaveanews.com\/index.php\/2024\/10\/06\/atitude-de-dorival-jr-deixa-a-torcida-revoltada\/#respond\"]}],\"copyrightYear\":\"2024\",\"copyrightHolder\":{\"@id\":\"https:\/\/www.gaveanews.com\/#organization\"}},{\"@type\":\"WebPage\",\"@id\":\"https:\/\/www.gaveanews.com\/index.php\/2024\/10\/06\/atitude-de-dorival-jr-deixa-a-torcida-revoltada\/\",\"url\":\"https:\/\/www.gaveanews.com\/index.php\/2024\/10\/06\/atitude-de-dorival-jr-deixa-a-torcida-revoltada\/\",\"name\":\"Atitude de Dorival Jr deixa a torcida revoltada\",\"isPartOf\":{\"@id\":\"https:\/\/www.gaveanews.com\/#website\"},\"primaryImageOfPage\":{\"@id\":\"https:\/\/www.gaveanews.com\/index.php\/2024\/10\/06\/atitude-de-dorival-jr-deixa-a-torcida-revoltada\/#primaryimage\"},\"image\":{\"@id\":\"https:\/\/www.gaveanews.com\/index.php\/2024\/10\/06\/atitude-de-dorival-jr-deixa-a-torcida-revoltada\/#primaryimage\"},\"thumbnailUrl\":\"https:\/\/www.gaveanews.com\/wp-content\/uploads\/dorival-junior-selecao-e1704998153515.webp\",\"datePublished\":\"2024-10-06T13:30:00+00:00\",\"author\":{\"@id\":\"https:\/\/www.gaveanews.com\/#\/schema\/person\/8597dbe3f4d8513dd20048ce95a1895b\"},\"breadcrumb\":{\"@id\":\"https:\/\/www.gaveanews.com\/index.php\/2024\/10\/06\/atitude-de-dorival-jr-deixa-a-torcida-revoltada\/#breadcrumb\"},\"inLanguage\":\"pt-BR\",\"potentialAction\":[{\"@type\":\"ReadAction\",\"target\":[\"https:\/\/www.gaveanews.com\/index.php\/2024\/10\/06\/atitude-de-dorival-jr-deixa-a-torcida-revoltada\/\"]}]},{\"@type\":\"ImageObject\",\"inLanguage\":\"pt-BR\",\"@id\":\"https:\/\/www.gaveanews.com\/index.php\/2024\/10\/06\/atitude-de-dorival-jr-deixa-a-torcida-revoltada\/#primaryimage\",\"url\":\"https:\/\/www.gaveanews.com\/wp-content\/uploads\/dorival-junior-selecao-e1704998153515.webp\",\"contentUrl\":\"https:\/\/www.gaveanews.com\/wp-content\/uploads\/dorival-junior-selecao-e1704998153515.webp\",\"width\":732,\"height\":412,\"caption\":\"Dorival J\u00fanior, t\u00e9cnico da Sele\u00e7\u00e3o Brasileira (Foto: Reprodu\u00e7\u00e3o)\"},{\"@type\":\"BreadcrumbList\",\"@id\":\"https:\/\/www.gaveanews.com\/index.php\/2024\/10\/06\/atitude-de-dorival-jr-deixa-a-torcida-revoltada\/#breadcrumb\",\"itemListElement\":[{\"@type\":\"ListItem\",\"position\":1,\"name\":\"Home\",\"item\":\"https:\/\/www.gaveanews.com\/\"},{\"@type\":\"ListItem\",\"position\":2,\"name\":\"Atitude de Dorival Jr deixa a torcida revoltada\"}]},{\"@type\":\"WebSite\",\"@id\":\"https:\/\/www.gaveanews.com\/#website\",\"url\":\"https:\/\/www.gaveanews.com\/\",\"name\":\"G\u00e1vea News\",\"description\":\"Veja todas as not\u00edcias sobre o Flamengo: Contrata\u00e7\u00f5es, categorias de base, resultados das partidas, tabela de classifica\u00e7\u00e3o, pr\u00f3ximos jogos!\",\"potentialAction\":[{\"@type\":\"SearchAction\",\"target\":{\"@type\":\"EntryPoint\",\"urlTemplate\":\"https:\/\/www.gaveanews.com\/?s={search_term_string}\"},\"query-input\":{\"@type\":\"PropertyValueSpecification\",\"valueRequired\":true,\"valueName\":\"search_term_string\"}}],\"inLanguage\":\"pt-BR\"},{\"@type\":\"Person\",\"@id\":\"https:\/\/www.gaveanews.com\/#\/schema\/person\/8597dbe3f4d8513dd20048ce95a1895b\",\"name\":\"Emilly Lima\",\"image\":{\"@type\":\"ImageObject\",\"inLanguage\":\"pt-BR\",\"@id\":\"https:\/\/www.gaveanews.com\/#\/schema\/person\/image\/\",\"url\":\"https:\/\/secure.gravatar.com\/avatar\/ddb4d0548bae01de3cb52e0fe30386754e9c41797565aa0a5bf4440ab4f7c0be?s=96&d=mm&r=g\",\"contentUrl\":\"https:\/\/secure.gravatar.com\/avatar\/ddb4d0548bae01de3cb52e0fe30386754e9c41797565aa0a5bf4440ab4f7c0be?s=96&d=mm&r=g\",\"caption\":\"Emilly Lima\"}}]}<\/script>\n<!-- \/ Yoast SEO Premium plugin. -->","yoast_head_json":{"title":"Atitude de Dorival Jr deixa a torcida revoltada","robots":{"index":"index","follow":"follow","max-snippet":"max-snippet:-1","max-image-preview":"max-image-preview:large","max-video-preview":"max-video-preview:-1"},"canonical":"https:\/\/www.gaveanews.com\/index.php\/2024\/10\/06\/atitude-de-dorival-jr-deixa-a-torcida-revoltada\/","og_locale":"pt_BR","og_type":"article","og_title":"Atitude de Dorival Jr deixa a torcida revoltada","og_description":"O atual t\u00e9cnico da sele\u00e7\u00e3o brasileira Dorival J\u00fanior, j\u00e1 teria perdido dois grandes atletas que est\u00e3o sempre entre os convocados, sendo eles: Bremer, da Juventus, e Guilherme Arana, do Atl\u00e9tico Mineiro. E agora o goleiro Alisson sofreu uma les\u00e3o em uma partida entre Crystal Palace e Liverpool e ser\u00e1 baixa nos jogos contra Chile e [&hellip;]","og_url":"https:\/\/www.gaveanews.com\/index.php\/2024\/10\/06\/atitude-de-dorival-jr-deixa-a-torcida-revoltada\/","og_site_name":"G\u00e1vea News","article_publisher":"https:\/\/facebook.com\/gaveaNews\/","article_published_time":"2024-10-06T13:30:00+00:00","og_image":[{"width":732,"height":412,"url":"https:\/\/www.gaveanews.com\/wp-content\/uploads\/dorival-junior-selecao-e1704998153515.webp","type":"image\/webp"}],"author":"Emilly Lima","twitter_card":"summary_large_image","twitter_misc":{"Escrito por":"Emilly Lima","Est. tempo de leitura":"3 minutos"},"schema":{"@context":"https:\/\/schema.org","@graph":[{"@type":"NewsArticle","@id":"https:\/\/www.gaveanews.com\/index.php\/2024\/10\/06\/atitude-de-dorival-jr-deixa-a-torcida-revoltada\/#article","isPartOf":{"@id":"https:\/\/www.gaveanews.com\/index.php\/2024\/10\/06\/atitude-de-dorival-jr-deixa-a-torcida-revoltada\/"},"author":{"name":"Emilly Lima","@id":"https:\/\/www.gaveanews.com\/#\/schema\/person\/8597dbe3f4d8513dd20048ce95a1895b"},"headline":"Atitude de Dorival Jr deixa a torcida revoltada","datePublished":"2024-10-06T13:30:00+00:00","mainEntityOfPage":{"@id":"https:\/\/www.gaveanews.com\/index.php\/2024\/10\/06\/atitude-de-dorival-jr-deixa-a-torcida-revoltada\/"},"wordCount":612,"commentCount":0,"image":{"@id":"https:\/\/www.gaveanews.com\/index.php\/2024\/10\/06\/atitude-de-dorival-jr-deixa-a-torcida-revoltada\/#primaryimage"},"thumbnailUrl":"https:\/\/www.gaveanews.com\/wp-content\/uploads\/dorival-junior-selecao-e1704998153515.webp","articleSection":["Brasil","Palmeiras"],"inLanguage":"pt-BR","potentialAction":[{"@type":"CommentAction","name":"Comment","target":["https:\/\/www.gaveanews.com\/index.php\/2024\/10\/06\/atitude-de-dorival-jr-deixa-a-torcida-revoltada\/#respond"]}],"copyrightYear":"2024","copyrightHolder":{"@id":"https:\/\/www.gaveanews.com\/#organization"}},{"@type":"WebPage","@id":"https:\/\/www.gaveanews.com\/index.php\/2024\/10\/06\/atitude-de-dorival-jr-deixa-a-torcida-revoltada\/","url":"https:\/\/www.gaveanews.com\/index.php\/2024\/10\/06\/atitude-de-dorival-jr-deixa-a-torcida-revoltada\/","name":"Atitude de Dorival Jr deixa a torcida revoltada","isPartOf":{"@id":"https:\/\/www.gaveanews.com\/#website"},"primaryImageOfPage":{"@id":"https:\/\/www.gaveanews.com\/index.php\/2024\/10\/06\/atitude-de-dorival-jr-deixa-a-torcida-revoltada\/#primaryimage"},"image":{"@id":"https:\/\/www.gaveanews.com\/index.php\/2024\/10\/06\/atitude-de-dorival-jr-deixa-a-torcida-revoltada\/#primaryimage"},"thumbnailUrl":"https:\/\/www.gaveanews.com\/wp-content\/uploads\/dorival-junior-selecao-e1704998153515.webp","datePublished":"2024-10-06T13:30:00+00:00","author":{"@id":"https:\/\/www.gaveanews.com\/#\/schema\/person\/8597dbe3f4d8513dd20048ce95a1895b"},"breadcrumb":{"@id":"https:\/\/www.gaveanews.com\/index.php\/2024\/10\/06\/atitude-de-dorival-jr-deixa-a-torcida-revoltada\/#breadcrumb"},"inLanguage":"pt-BR","potentialAction":[{"@type":"ReadAction","target":["https:\/\/www.gaveanews.com\/index.php\/2024\/10\/06\/atitude-de-dorival-jr-deixa-a-torcida-revoltada\/"]}]},{"@type":"ImageObject","inLanguage":"pt-BR","@id":"https:\/\/www.gaveanews.com\/index.php\/2024\/10\/06\/atitude-de-dorival-jr-deixa-a-torcida-revoltada\/#primaryimage","url":"https:\/\/www.gaveanews.com\/wp-content\/uploads\/dorival-junior-selecao-e1704998153515.webp","contentUrl":"https:\/\/www.gaveanews.com\/wp-content\/uploads\/dorival-junior-selecao-e1704998153515.webp","width":732,"height":412,"caption":"Dorival J\u00fanior, t\u00e9cnico da Sele\u00e7\u00e3o Brasileira (Foto: Reprodu\u00e7\u00e3o)"},{"@type":"BreadcrumbList","@id":"https:\/\/www.gaveanews.com\/index.php\/2024\/10\/06\/atitude-de-dorival-jr-deixa-a-torcida-revoltada\/#breadcrumb","itemListElement":[{"@type":"ListItem","position":1,"name":"Home","item":"https:\/\/www.gaveanews.com\/"},{"@type":"ListItem","position":2,"name":"Atitude de Dorival Jr deixa a torcida revoltada"}]},{"@type":"WebSite","@id":"https:\/\/www.gaveanews.com\/#website","url":"https:\/\/www.gaveanews.com\/","name":"G\u00e1vea News","description":"Veja todas as not\u00edcias sobre o Flamengo: Contrata\u00e7\u00f5es, categorias de base, resultados das partidas, tabela de classifica\u00e7\u00e3o, pr\u00f3ximos jogos!","potentialAction":[{"@type":"SearchAction","target":{"@type":"EntryPoint","urlTemplate":"https:\/\/www.gaveanews.com\/?s={search_term_string}"},"query-input":{"@type":"PropertyValueSpecification","valueRequired":true,"valueName":"search_term_string"}}],"inLanguage":"pt-BR"},{"@type":"Person","@id":"https:\/\/www.gaveanews.com\/#\/schema\/person\/8597dbe3f4d8513dd20048ce95a1895b","name":"Emilly Lima","image":{"@type":"ImageObject","inLanguage":"pt-BR","@id":"https:\/\/www.gaveanews.com\/#\/schema\/person\/image\/","url":"https:\/\/secure.gravatar.com\/avatar\/ddb4d0548bae01de3cb52e0fe30386754e9c41797565aa0a5bf4440ab4f7c0be?s=96&d=mm&r=g","contentUrl":"https:\/\/secure.gravatar.com\/avatar\/ddb4d0548bae01de3cb52e0fe30386754e9c41797565aa0a5bf4440ab4f7c0be?s=96&d=mm&r=g","caption":"Emilly Lima"}}]}},"_links":{"self":[{"href":"https:\/\/www.gaveanews.com\/index.php\/wp-json\/wp\/v2\/posts\/171845","targetHints":{"allow":["GET"]}}],"collection":[{"href":"https:\/\/www.gaveanews.com\/index.php\/wp-json\/wp\/v2\/posts"}],"about":[{"href":"https:\/\/www.gaveanews.com\/index.php\/wp-json\/wp\/v2\/types\/post"}],"author":[{"embeddable":true,"href":"https:\/\/www.gaveanews.com\/index.php\/wp-json\/wp\/v2\/users\/22"}],"replies":[{"embeddable":true,"href":"https:\/\/www.gaveanews.com\/index.php\/wp-json\/wp\/v2\/comments?post=171845"}],"version-history":[{"count":2,"href":"https:\/\/www.gaveanews.com\/index.php\/wp-json\/wp\/v2\/posts\/171845\/revisions"}],"predecessor-version":[{"id":172014,"href":"https:\/\/www.gaveanews.com\/index.php\/wp-json\/wp\/v2\/posts\/171845\/revisions\/172014"}],"wp:featuredmedia":[{"embeddable":true,"href":"https:\/\/www.gaveanews.com\/index.php\/wp-json\/wp\/v2\/media\/126556"}],"wp:attachment":[{"href":"https:\/\/www.gaveanews.com\/index.php\/wp-json\/wp\/v2\/media?parent=171845"}],"wp:term":[{"taxonomy":"category","embeddable":true,"href":"https:\/\/www.gaveanews.com\/index.php\/wp-json\/wp\/v2\/categories?post=171845"},{"taxonomy":"post_tag","embeddable":true,"href":"https:\/\/www.gaveanews.com\/index.php\/wp-json\/wp\/v2\/tags?post=171845"}],"curies":[{"name":"wp","href":"https:\/\/api.w.org\/{rel}","templated":true}]}}