{"id":17194,"date":"2019-04-06T17:42:22","date_gmt":"2019-04-06T20:42:22","guid":{"rendered":"https:\/\/www.gaveanews.com\/?p=17194"},"modified":"2019-04-06T18:17:22","modified_gmt":"2019-04-06T21:17:22","slug":"saiu-confira-a-escalacao-do-flamengo-para-a-partida-contra-o-fluminense-3","status":"publish","type":"post","link":"https:\/\/www.gaveanews.com\/index.php\/2019\/04\/06\/saiu-confira-a-escalacao-do-flamengo-para-a-partida-contra-o-fluminense-3\/","title":{"rendered":"Saiu! Confira a escala\u00e7\u00e3o do Flamengo para a partida contra o Fluminense"},"content":{"rendered":"\n<p>Na noite da \u00faltima quarta-feira (03 de abril), o Flamengo enfrentou o Pe\u00f1arol em partida v\u00e1lida pela terceira rodada da fase de grupos da Copa Conmebol Libertadores da Am\u00e9rica. O rubro-negro por sua vez, acabou perdendo a partida para o time uruguaio pelo placar de 1&#215;0. <\/p>\n\n\n\n<p>J\u00e1 na noite deste s\u00e1bado (06 de abril), o time da G\u00e1vea ir\u00e1 virar a chave para o Campeonato Carioca. O advers\u00e1rio de logo mais, ser\u00e1 o Fluminense. A partida come\u00e7ar\u00e1 \u00e0s 19 horas, de acordo com o hor\u00e1rio de Bras\u00edlia.<\/p>\n\n\n\n<p>Confira abaixo o resumo, preparado pelo&nbsp;<strong><a href=\"https:\/\/www.gaveanews.com\/\">GaveaNews.com<\/a><\/strong>, com as principais informa\u00e7\u00f5es da partida:<\/p>\n\n\n\n<h3 class=\"wp-block-heading\"><strong>\u2013 Chegada do Flamengo no Maracan\u00e3:<\/strong><\/h3>\n\n\n\n<p>A assessoria do Flamengo, atrav\u00e9s do perfil oficial do Flamengo no Twitter, registrou e compartilhou o momento em que a delega\u00e7\u00e3o do Mais Querido do Brasil chegou no Maracan\u00e3. <strong>Assista o v\u00eddeo abaixo:<\/strong><\/p>\n\n\n\n<figure class=\"wp-block-embed-youtube wp-block-embed is-type-video is-provider-youtube wp-embed-aspect-4-3 wp-has-aspect-ratio\"><div class=\"wp-block-embed__wrapper\">\n<iframe loading=\"lazy\" title=\"Chegada do Flamengo no Maracan\u00e3\" width=\"640\" height=\"360\" src=\"https:\/\/www.youtube.com\/embed\/96LNOh7jsgc?feature=oembed\" frameborder=\"0\" allow=\"accelerometer; autoplay; clipboard-write; encrypted-media; gyroscope; picture-in-picture; web-share\" referrerpolicy=\"strict-origin-when-cross-origin\" allowfullscreen><\/iframe>\n<\/div><\/figure>\n\n\n\n<h3 class=\"wp-block-heading\"><strong>&#8211; Perdeu t\u00e1 fora&#8230;.<\/strong><\/h3>\n\n\n\n<p>O cl\u00e1ssico duelo \u00e9 eliminat\u00f3rio, por\u00e9m, o Fla possui a vantagem do empate. Quem se classificar, ir\u00e1 enfrentar o Vasco ou o Bangu no pr\u00f3ximo final de semana. <\/p>\n\n\n\n<h3 class=\"wp-block-heading\"><strong>&#8211; Desfalques:<\/strong><\/h3>\n\n\n\n<p>Abel Braga n\u00e3o ter\u00e1 nenhum desfalque da equipe considerada titular. O treinador n\u00e3o poder\u00e1 contar com apenas dois jogadores, sendo eles: o volante Piris da Motta e o atacante Orlando Berr\u00edo. O paraguaio est\u00e1 no departamento m\u00e9dico se recuperando de uma luxa\u00e7\u00e3o no ombro. Enquanto isso, Berr\u00edo j\u00e1 est\u00e1 realizando algumas atividades no gramado, por\u00e9m ainda n\u00e3o est\u00e1 100%.<\/p>\n\n\n\n<p>Em compensa\u00e7\u00e3o, Bruno Henrique cumpriu suspens\u00e3o autom\u00e1tica na final da Ta\u00e7a Rio, contra o Vasco, e est\u00e1 de volta.<\/p>\n\n\n\n<p>Os desfalques tamb\u00e9m ir\u00e3o afetar o Fluminense. Ao todo, sete jogadores est\u00e3o indispon\u00edveis. Airton, Pedro, Dieg\u00e3o e De Amores, L\u00e9o Santos e Mascarenhas est\u00e3o lesionados. Por fim, Ganso est\u00e1 suspenso.<br><\/p>\n\n\n\n<h3 class=\"wp-block-heading\"><strong>\u2013 Uniforme do Flamengo:<\/strong><\/h3>\n\n\n\n<p>O Flamengo ir\u00e1 atuar com o tradicional uniforme vermelho e preto. J\u00e1 em rela\u00e7\u00e3o aos goleiros, eles ir\u00e3o utilizar o uniforme amarelo. <strong>Veja fotos abaixo:<\/strong><\/p>\n\n\n\n<figure class=\"wp-block-image\"><img decoding=\"async\" src=\"https:\/\/pbs.twimg.com\/media\/D3fkmmyW0AEsX_M.webp\" alt=\"\"\/><figcaption>Uniforme do zagueiro L\u00e9o Duarte antes do cl\u00e1ssico contra o Fluminense (Foto: Reprodu\u00e7\u00e3o)<\/figcaption><\/figure>\n\n\n\n<figure class=\"wp-block-image\"><img decoding=\"async\" src=\"https:\/\/pbs.twimg.com\/media\/D3fkmH3XoAAAvVf.webp\" alt=\"\"\/><figcaption>Uniforme do goleiro Diego Alves antes do cl\u00e1ssico contra o Fluminense (Foto: Reprodu\u00e7\u00e3o) <\/figcaption><\/figure>\n\n\n\n<h3 class=\"wp-block-heading\"><strong>\u2013 Escala\u00e7\u00e3o do Flamengo:<\/strong><\/h3>\n\n\n\n<p>O Flamengo entrar\u00e1 em campo com a seguinte escala\u00e7\u00e3o: Diego Alves, Par\u00e1, L\u00e9o Duarte, Rodrigo Caio e Ren\u00ea; Cuellar e W. Ar\u00e3o; Everton Ribeiro, Diego Ribas, Bruno Henrique e Fernando Uribe.<\/p>\n\n\n\n\n\n<h3 class=\"wp-block-heading\"><strong>\u2013 Banco de reservas do Flamengo:<\/strong><\/h3>\n\n\n\n<p>Banco de reservas: C\u00e9sar, Gabriel Batista, Rodinei, Trauco, Rhodolfo, Hugo Moura, Ronaldo, De Arrascaeta, Vitinho, Bill, Gabigol.<\/p>\n\n\n\n<h3 class=\"wp-block-heading\"><strong>\u2013 Capit\u00e3o do time:<\/strong><\/h3>\n\n\n\n<p>O capit\u00e3o do Flamengo ser\u00e1 o meia Diego Ribas.<\/p>\n\n\n\n<h3 class=\"wp-block-heading\"><strong>\u2013 \u00daltima parcial de ingressos vendidos:<\/strong><\/h3>\n\n\n\n<p>De acordo com a \u00faltima parcial divulgada pelo Flamengo, trinta e quatro mil ingressos foram comercializados de maneira antecipada.<\/p>\n\n\n\n<h3 class=\"wp-block-heading\"><strong>\u2013 Transmiss\u00e3o na Televis\u00e3o:<\/strong><\/h3>\n\n\n\n<p>O cl\u00e1ssico n\u00e3o ser\u00e1 transmitido na TV aberta.  Apenas o canal por assinatura, Premiere ir\u00e1 televisionar o cl\u00e1ssico.<\/p>\n\n\n\n<h3 class=\"wp-block-heading\"><strong>\u2013 Arbitragem:<\/strong><\/h3>\n\n\n\n<p>Bruno Arleu de Ara\u00fajo ser\u00e1 o \u00e1rbitro do duelo de logo mais. J\u00e1 em rela\u00e7\u00e3o a dupla de assistentes, Rodrigo Figueiredo Henrique Corr\u00eaa e Daniel do Esp\u00edrito Santo ir\u00e3o ficar nas linhas laterais do gramado e ser\u00e3o os respons\u00e1veis por assinalar os impedimentos e as demais irregularidades. O trio de arbitragem \u00e9 credenciado pela federa\u00e7\u00e3o argentina.<\/p>\n\n\n\n<h3 class=\"wp-block-heading\"><strong>\u2013 Opini\u00e3o da Na\u00e7\u00e3o!<\/strong><\/h3>\n\n\n\n<p>Qual \u00e9 o seu palpite para o duelo de logo mais? Deixe o seu palpite nos coment\u00e1rios!<br><\/p>\n\n\n\n<p><br><\/p>\n","protected":false},"excerpt":{"rendered":"<p>Na noite da \u00faltima quarta-feira (03 de abril), o Flamengo enfrentou o Pe\u00f1arol em partida v\u00e1lida pela terceira rodada da fase de grupos da Copa Conmebol Libertadores da Am\u00e9rica. O rubro-negro por sua vez, acabou perdendo a partida para o time uruguaio pelo placar de 1&#215;0. J\u00e1 na noite deste s\u00e1bado (06 de abril), o [&hellip;]<\/p>\n","protected":false},"author":1,"featured_media":16625,"comment_status":"open","ping_status":"open","sticky":false,"template":"","format":"standard","meta":{"footnotes":""},"categories":[1],"tags":[],"class_list":["post-17194","post","type-post","status-publish","format-standard","has-post-thumbnail","hentry","category-flamengo"],"yoast_head":"<!-- This site is optimized with the Yoast SEO Premium plugin v24.2 (Yoast SEO v26.9) - https:\/\/yoast.com\/product\/yoast-seo-premium-wordpress\/ -->\n<title>Saiu! Confira a escala\u00e7\u00e3o do Flamengo para a partida contra o Fluminense<\/title>\n<meta name=\"robots\" content=\"index, follow, max-snippet:-1, max-image-preview:large, max-video-preview:-1\" \/>\n<link rel=\"canonical\" href=\"https:\/\/www.gaveanews.com\/index.php\/2019\/04\/06\/saiu-confira-a-escalacao-do-flamengo-para-a-partida-contra-o-fluminense-3\/\" \/>\n<meta property=\"og:locale\" content=\"pt_BR\" \/>\n<meta property=\"og:type\" content=\"article\" \/>\n<meta property=\"og:title\" content=\"Saiu! Confira a escala\u00e7\u00e3o do Flamengo para a partida contra o Fluminense\" \/>\n<meta property=\"og:description\" content=\"Na noite da \u00faltima quarta-feira (03 de abril), o Flamengo enfrentou o Pe\u00f1arol em partida v\u00e1lida pela terceira rodada da fase de grupos da Copa Conmebol Libertadores da Am\u00e9rica. O rubro-negro por sua vez, acabou perdendo a partida para o time uruguaio pelo placar de 1&#215;0. J\u00e1 na noite deste s\u00e1bado (06 de abril), o [&hellip;]\" \/>\n<meta property=\"og:url\" content=\"https:\/\/www.gaveanews.com\/index.php\/2019\/04\/06\/saiu-confira-a-escalacao-do-flamengo-para-a-partida-contra-o-fluminense-3\/\" \/>\n<meta property=\"og:site_name\" content=\"G\u00e1vea News\" \/>\n<meta property=\"article:publisher\" content=\"https:\/\/facebook.com\/gaveaNews\/\" \/>\n<meta property=\"article:published_time\" content=\"2019-04-06T20:42:22+00:00\" \/>\n<meta property=\"article:modified_time\" content=\"2019-04-06T21:17:22+00:00\" \/>\n<meta property=\"og:image\" content=\"https:\/\/www.gaveanews.com\/wp-content\/uploads\/2019\/03\/Rene-em-acao-pelo-Flamengo-no-estadio-do-Maracana.webp\" \/>\n\t<meta property=\"og:image:width\" content=\"1\" \/>\n\t<meta property=\"og:image:height\" content=\"1\" \/>\n\t<meta property=\"og:image:type\" content=\"image\/jpeg\" \/>\n<meta name=\"author\" content=\"Equipe G\u00e1vea News\" \/>\n<meta name=\"twitter:card\" content=\"summary_large_image\" \/>\n<meta name=\"twitter:label1\" content=\"Escrito por\" \/>\n\t<meta name=\"twitter:data1\" content=\"Equipe G\u00e1vea News\" \/>\n\t<meta name=\"twitter:label2\" content=\"Est. tempo de leitura\" \/>\n\t<meta name=\"twitter:data2\" content=\"3 minutos\" \/>\n<script type=\"application\/ld+json\" class=\"yoast-schema-graph\">{\"@context\":\"https:\/\/schema.org\",\"@graph\":[{\"@type\":\"NewsArticle\",\"@id\":\"https:\/\/www.gaveanews.com\/index.php\/2019\/04\/06\/saiu-confira-a-escalacao-do-flamengo-para-a-partida-contra-o-fluminense-3\/#article\",\"isPartOf\":{\"@id\":\"https:\/\/www.gaveanews.com\/index.php\/2019\/04\/06\/saiu-confira-a-escalacao-do-flamengo-para-a-partida-contra-o-fluminense-3\/\"},\"author\":{\"name\":\"Equipe G\u00e1vea News\",\"@id\":\"https:\/\/www.gaveanews.com\/#\/schema\/person\/2ec14f73fb96be2caf28f91afb14749d\"},\"headline\":\"Saiu! Confira a escala\u00e7\u00e3o do Flamengo para a partida contra o Fluminense\",\"datePublished\":\"2019-04-06T20:42:22+00:00\",\"dateModified\":\"2019-04-06T21:17:22+00:00\",\"mainEntityOfPage\":{\"@id\":\"https:\/\/www.gaveanews.com\/index.php\/2019\/04\/06\/saiu-confira-a-escalacao-do-flamengo-para-a-partida-contra-o-fluminense-3\/\"},\"wordCount\":610,\"commentCount\":0,\"image\":{\"@id\":\"https:\/\/www.gaveanews.com\/index.php\/2019\/04\/06\/saiu-confira-a-escalacao-do-flamengo-para-a-partida-contra-o-fluminense-3\/#primaryimage\"},\"thumbnailUrl\":\"https:\/\/www.gaveanews.com\/wp-content\/uploads\/2019\/03\/Rene-em-acao-pelo-Flamengo-no-estadio-do-Maracana.webp\",\"articleSection\":[\"Flamengo\"],\"inLanguage\":\"pt-BR\",\"potentialAction\":[{\"@type\":\"CommentAction\",\"name\":\"Comment\",\"target\":[\"https:\/\/www.gaveanews.com\/index.php\/2019\/04\/06\/saiu-confira-a-escalacao-do-flamengo-para-a-partida-contra-o-fluminense-3\/#respond\"]}],\"copyrightYear\":\"2019\",\"copyrightHolder\":{\"@id\":\"https:\/\/www.gaveanews.com\/#organization\"}},{\"@type\":\"WebPage\",\"@id\":\"https:\/\/www.gaveanews.com\/index.php\/2019\/04\/06\/saiu-confira-a-escalacao-do-flamengo-para-a-partida-contra-o-fluminense-3\/\",\"url\":\"https:\/\/www.gaveanews.com\/index.php\/2019\/04\/06\/saiu-confira-a-escalacao-do-flamengo-para-a-partida-contra-o-fluminense-3\/\",\"name\":\"Saiu! Confira a escala\u00e7\u00e3o do Flamengo para a partida contra o Fluminense\",\"isPartOf\":{\"@id\":\"https:\/\/www.gaveanews.com\/#website\"},\"primaryImageOfPage\":{\"@id\":\"https:\/\/www.gaveanews.com\/index.php\/2019\/04\/06\/saiu-confira-a-escalacao-do-flamengo-para-a-partida-contra-o-fluminense-3\/#primaryimage\"},\"image\":{\"@id\":\"https:\/\/www.gaveanews.com\/index.php\/2019\/04\/06\/saiu-confira-a-escalacao-do-flamengo-para-a-partida-contra-o-fluminense-3\/#primaryimage\"},\"thumbnailUrl\":\"https:\/\/www.gaveanews.com\/wp-content\/uploads\/2019\/03\/Rene-em-acao-pelo-Flamengo-no-estadio-do-Maracana.webp\",\"datePublished\":\"2019-04-06T20:42:22+00:00\",\"dateModified\":\"2019-04-06T21:17:22+00:00\",\"author\":{\"@id\":\"https:\/\/www.gaveanews.com\/#\/schema\/person\/2ec14f73fb96be2caf28f91afb14749d\"},\"breadcrumb\":{\"@id\":\"https:\/\/www.gaveanews.com\/index.php\/2019\/04\/06\/saiu-confira-a-escalacao-do-flamengo-para-a-partida-contra-o-fluminense-3\/#breadcrumb\"},\"inLanguage\":\"pt-BR\",\"potentialAction\":[{\"@type\":\"ReadAction\",\"target\":[\"https:\/\/www.gaveanews.com\/index.php\/2019\/04\/06\/saiu-confira-a-escalacao-do-flamengo-para-a-partida-contra-o-fluminense-3\/\"]}]},{\"@type\":\"ImageObject\",\"inLanguage\":\"pt-BR\",\"@id\":\"https:\/\/www.gaveanews.com\/index.php\/2019\/04\/06\/saiu-confira-a-escalacao-do-flamengo-para-a-partida-contra-o-fluminense-3\/#primaryimage\",\"url\":\"https:\/\/www.gaveanews.com\/wp-content\/uploads\/2019\/03\/Rene-em-acao-pelo-Flamengo-no-estadio-do-Maracana.webp\",\"contentUrl\":\"https:\/\/www.gaveanews.com\/wp-content\/uploads\/2019\/03\/Rene-em-acao-pelo-Flamengo-no-estadio-do-Maracana.webp\",\"caption\":\"Ren\u00ea em a\u00e7\u00e3o pelo Flamengo, no est\u00e1dio do Maracan\u00e3 (Foto: Alexandre Vidal\/Flamengo)\"},{\"@type\":\"BreadcrumbList\",\"@id\":\"https:\/\/www.gaveanews.com\/index.php\/2019\/04\/06\/saiu-confira-a-escalacao-do-flamengo-para-a-partida-contra-o-fluminense-3\/#breadcrumb\",\"itemListElement\":[{\"@type\":\"ListItem\",\"position\":1,\"name\":\"Home\",\"item\":\"https:\/\/www.gaveanews.com\/\"},{\"@type\":\"ListItem\",\"position\":2,\"name\":\"Saiu! Confira a escala\u00e7\u00e3o do Flamengo para a partida contra o Fluminense\"}]},{\"@type\":\"WebSite\",\"@id\":\"https:\/\/www.gaveanews.com\/#website\",\"url\":\"https:\/\/www.gaveanews.com\/\",\"name\":\"G\u00e1vea News\",\"description\":\"Veja todas as not\u00edcias sobre o Flamengo: Contrata\u00e7\u00f5es, categorias de base, resultados das partidas, tabela de classifica\u00e7\u00e3o, pr\u00f3ximos jogos!\",\"potentialAction\":[{\"@type\":\"SearchAction\",\"target\":{\"@type\":\"EntryPoint\",\"urlTemplate\":\"https:\/\/www.gaveanews.com\/?s={search_term_string}\"},\"query-input\":{\"@type\":\"PropertyValueSpecification\",\"valueRequired\":true,\"valueName\":\"search_term_string\"}}],\"inLanguage\":\"pt-BR\"},{\"@type\":\"Person\",\"@id\":\"https:\/\/www.gaveanews.com\/#\/schema\/person\/2ec14f73fb96be2caf28f91afb14749d\",\"name\":\"Equipe G\u00e1vea News\",\"image\":{\"@type\":\"ImageObject\",\"inLanguage\":\"pt-BR\",\"@id\":\"https:\/\/www.gaveanews.com\/#\/schema\/person\/image\/\",\"url\":\"https:\/\/secure.gravatar.com\/avatar\/1e1956f1facbffd3f8fa53a326721950116b3b9dc9bd44939c01180fd4a745a9?s=96&d=mm&r=g\",\"contentUrl\":\"https:\/\/secure.gravatar.com\/avatar\/1e1956f1facbffd3f8fa53a326721950116b3b9dc9bd44939c01180fd4a745a9?s=96&d=mm&r=g\",\"caption\":\"Equipe G\u00e1vea News\"}}]}<\/script>\n<!-- \/ Yoast SEO Premium plugin. -->","yoast_head_json":{"title":"Saiu! Confira a escala\u00e7\u00e3o do Flamengo para a partida contra o Fluminense","robots":{"index":"index","follow":"follow","max-snippet":"max-snippet:-1","max-image-preview":"max-image-preview:large","max-video-preview":"max-video-preview:-1"},"canonical":"https:\/\/www.gaveanews.com\/index.php\/2019\/04\/06\/saiu-confira-a-escalacao-do-flamengo-para-a-partida-contra-o-fluminense-3\/","og_locale":"pt_BR","og_type":"article","og_title":"Saiu! Confira a escala\u00e7\u00e3o do Flamengo para a partida contra o Fluminense","og_description":"Na noite da \u00faltima quarta-feira (03 de abril), o Flamengo enfrentou o Pe\u00f1arol em partida v\u00e1lida pela terceira rodada da fase de grupos da Copa Conmebol Libertadores da Am\u00e9rica. O rubro-negro por sua vez, acabou perdendo a partida para o time uruguaio pelo placar de 1&#215;0. J\u00e1 na noite deste s\u00e1bado (06 de abril), o [&hellip;]","og_url":"https:\/\/www.gaveanews.com\/index.php\/2019\/04\/06\/saiu-confira-a-escalacao-do-flamengo-para-a-partida-contra-o-fluminense-3\/","og_site_name":"G\u00e1vea News","article_publisher":"https:\/\/facebook.com\/gaveaNews\/","article_published_time":"2019-04-06T20:42:22+00:00","article_modified_time":"2019-04-06T21:17:22+00:00","og_image":[{"url":"https:\/\/www.gaveanews.com\/wp-content\/uploads\/2019\/03\/Rene-em-acao-pelo-Flamengo-no-estadio-do-Maracana.webp","width":1,"height":1,"type":"image\/jpeg"}],"author":"Equipe G\u00e1vea News","twitter_card":"summary_large_image","twitter_misc":{"Escrito por":"Equipe G\u00e1vea News","Est. tempo de leitura":"3 minutos"},"schema":{"@context":"https:\/\/schema.org","@graph":[{"@type":"NewsArticle","@id":"https:\/\/www.gaveanews.com\/index.php\/2019\/04\/06\/saiu-confira-a-escalacao-do-flamengo-para-a-partida-contra-o-fluminense-3\/#article","isPartOf":{"@id":"https:\/\/www.gaveanews.com\/index.php\/2019\/04\/06\/saiu-confira-a-escalacao-do-flamengo-para-a-partida-contra-o-fluminense-3\/"},"author":{"name":"Equipe G\u00e1vea News","@id":"https:\/\/www.gaveanews.com\/#\/schema\/person\/2ec14f73fb96be2caf28f91afb14749d"},"headline":"Saiu! Confira a escala\u00e7\u00e3o do Flamengo para a partida contra o Fluminense","datePublished":"2019-04-06T20:42:22+00:00","dateModified":"2019-04-06T21:17:22+00:00","mainEntityOfPage":{"@id":"https:\/\/www.gaveanews.com\/index.php\/2019\/04\/06\/saiu-confira-a-escalacao-do-flamengo-para-a-partida-contra-o-fluminense-3\/"},"wordCount":610,"commentCount":0,"image":{"@id":"https:\/\/www.gaveanews.com\/index.php\/2019\/04\/06\/saiu-confira-a-escalacao-do-flamengo-para-a-partida-contra-o-fluminense-3\/#primaryimage"},"thumbnailUrl":"https:\/\/www.gaveanews.com\/wp-content\/uploads\/2019\/03\/Rene-em-acao-pelo-Flamengo-no-estadio-do-Maracana.webp","articleSection":["Flamengo"],"inLanguage":"pt-BR","potentialAction":[{"@type":"CommentAction","name":"Comment","target":["https:\/\/www.gaveanews.com\/index.php\/2019\/04\/06\/saiu-confira-a-escalacao-do-flamengo-para-a-partida-contra-o-fluminense-3\/#respond"]}],"copyrightYear":"2019","copyrightHolder":{"@id":"https:\/\/www.gaveanews.com\/#organization"}},{"@type":"WebPage","@id":"https:\/\/www.gaveanews.com\/index.php\/2019\/04\/06\/saiu-confira-a-escalacao-do-flamengo-para-a-partida-contra-o-fluminense-3\/","url":"https:\/\/www.gaveanews.com\/index.php\/2019\/04\/06\/saiu-confira-a-escalacao-do-flamengo-para-a-partida-contra-o-fluminense-3\/","name":"Saiu! Confira a escala\u00e7\u00e3o do Flamengo para a partida contra o Fluminense","isPartOf":{"@id":"https:\/\/www.gaveanews.com\/#website"},"primaryImageOfPage":{"@id":"https:\/\/www.gaveanews.com\/index.php\/2019\/04\/06\/saiu-confira-a-escalacao-do-flamengo-para-a-partida-contra-o-fluminense-3\/#primaryimage"},"image":{"@id":"https:\/\/www.gaveanews.com\/index.php\/2019\/04\/06\/saiu-confira-a-escalacao-do-flamengo-para-a-partida-contra-o-fluminense-3\/#primaryimage"},"thumbnailUrl":"https:\/\/www.gaveanews.com\/wp-content\/uploads\/2019\/03\/Rene-em-acao-pelo-Flamengo-no-estadio-do-Maracana.webp","datePublished":"2019-04-06T20:42:22+00:00","dateModified":"2019-04-06T21:17:22+00:00","author":{"@id":"https:\/\/www.gaveanews.com\/#\/schema\/person\/2ec14f73fb96be2caf28f91afb14749d"},"breadcrumb":{"@id":"https:\/\/www.gaveanews.com\/index.php\/2019\/04\/06\/saiu-confira-a-escalacao-do-flamengo-para-a-partida-contra-o-fluminense-3\/#breadcrumb"},"inLanguage":"pt-BR","potentialAction":[{"@type":"ReadAction","target":["https:\/\/www.gaveanews.com\/index.php\/2019\/04\/06\/saiu-confira-a-escalacao-do-flamengo-para-a-partida-contra-o-fluminense-3\/"]}]},{"@type":"ImageObject","inLanguage":"pt-BR","@id":"https:\/\/www.gaveanews.com\/index.php\/2019\/04\/06\/saiu-confira-a-escalacao-do-flamengo-para-a-partida-contra-o-fluminense-3\/#primaryimage","url":"https:\/\/www.gaveanews.com\/wp-content\/uploads\/2019\/03\/Rene-em-acao-pelo-Flamengo-no-estadio-do-Maracana.webp","contentUrl":"https:\/\/www.gaveanews.com\/wp-content\/uploads\/2019\/03\/Rene-em-acao-pelo-Flamengo-no-estadio-do-Maracana.webp","caption":"Ren\u00ea em a\u00e7\u00e3o pelo Flamengo, no est\u00e1dio do Maracan\u00e3 (Foto: Alexandre Vidal\/Flamengo)"},{"@type":"BreadcrumbList","@id":"https:\/\/www.gaveanews.com\/index.php\/2019\/04\/06\/saiu-confira-a-escalacao-do-flamengo-para-a-partida-contra-o-fluminense-3\/#breadcrumb","itemListElement":[{"@type":"ListItem","position":1,"name":"Home","item":"https:\/\/www.gaveanews.com\/"},{"@type":"ListItem","position":2,"name":"Saiu! Confira a escala\u00e7\u00e3o do Flamengo para a partida contra o Fluminense"}]},{"@type":"WebSite","@id":"https:\/\/www.gaveanews.com\/#website","url":"https:\/\/www.gaveanews.com\/","name":"G\u00e1vea News","description":"Veja todas as not\u00edcias sobre o Flamengo: Contrata\u00e7\u00f5es, categorias de base, resultados das partidas, tabela de classifica\u00e7\u00e3o, pr\u00f3ximos jogos!","potentialAction":[{"@type":"SearchAction","target":{"@type":"EntryPoint","urlTemplate":"https:\/\/www.gaveanews.com\/?s={search_term_string}"},"query-input":{"@type":"PropertyValueSpecification","valueRequired":true,"valueName":"search_term_string"}}],"inLanguage":"pt-BR"},{"@type":"Person","@id":"https:\/\/www.gaveanews.com\/#\/schema\/person\/2ec14f73fb96be2caf28f91afb14749d","name":"Equipe G\u00e1vea News","image":{"@type":"ImageObject","inLanguage":"pt-BR","@id":"https:\/\/www.gaveanews.com\/#\/schema\/person\/image\/","url":"https:\/\/secure.gravatar.com\/avatar\/1e1956f1facbffd3f8fa53a326721950116b3b9dc9bd44939c01180fd4a745a9?s=96&d=mm&r=g","contentUrl":"https:\/\/secure.gravatar.com\/avatar\/1e1956f1facbffd3f8fa53a326721950116b3b9dc9bd44939c01180fd4a745a9?s=96&d=mm&r=g","caption":"Equipe G\u00e1vea News"}}]}},"_links":{"self":[{"href":"https:\/\/www.gaveanews.com\/index.php\/wp-json\/wp\/v2\/posts\/17194","targetHints":{"allow":["GET"]}}],"collection":[{"href":"https:\/\/www.gaveanews.com\/index.php\/wp-json\/wp\/v2\/posts"}],"about":[{"href":"https:\/\/www.gaveanews.com\/index.php\/wp-json\/wp\/v2\/types\/post"}],"author":[{"embeddable":true,"href":"https:\/\/www.gaveanews.com\/index.php\/wp-json\/wp\/v2\/users\/1"}],"replies":[{"embeddable":true,"href":"https:\/\/www.gaveanews.com\/index.php\/wp-json\/wp\/v2\/comments?post=17194"}],"version-history":[{"count":0,"href":"https:\/\/www.gaveanews.com\/index.php\/wp-json\/wp\/v2\/posts\/17194\/revisions"}],"wp:featuredmedia":[{"embeddable":true,"href":"https:\/\/www.gaveanews.com\/index.php\/wp-json\/wp\/v2\/media\/16625"}],"wp:attachment":[{"href":"https:\/\/www.gaveanews.com\/index.php\/wp-json\/wp\/v2\/media?parent=17194"}],"wp:term":[{"taxonomy":"category","embeddable":true,"href":"https:\/\/www.gaveanews.com\/index.php\/wp-json\/wp\/v2\/categories?post=17194"},{"taxonomy":"post_tag","embeddable":true,"href":"https:\/\/www.gaveanews.com\/index.php\/wp-json\/wp\/v2\/tags?post=17194"}],"curies":[{"name":"wp","href":"https:\/\/api.w.org\/{rel}","templated":true}]}}