{"id":172308,"date":"2024-10-07T17:00:00","date_gmt":"2024-10-07T20:00:00","guid":{"rendered":"https:\/\/www.gaveanews.com\/?p=172308"},"modified":"2024-10-07T15:29:43","modified_gmt":"2024-10-07T18:29:43","slug":"video-a-declaracao-de-landim-sobre-sua-relacao-com-textor","status":"publish","type":"post","link":"https:\/\/www.gaveanews.com\/index.php\/2024\/10\/07\/video-a-declaracao-de-landim-sobre-sua-relacao-com-textor\/","title":{"rendered":"V\u00eddeo: a declara\u00e7\u00e3o de Landim sobre sua rela\u00e7\u00e3o com Textor"},"content":{"rendered":"\n<p>Rodolfo Landim, presidente do Flamengo, e John Textor, dono da SAF do Botafogo, compartilham uma rela\u00e7\u00e3o que mistura amizade e rivalidade no futebol brasileiro. Os dois dirigentes t\u00eam se encontrado em v\u00e1rias ocasi\u00f5es, discutindo n\u00e3o apenas quest\u00f5es ligadas aos seus respectivos clubes, mas tamb\u00e9m o futuro do futebol no Brasil. No entanto, as trocas de opini\u00f5es nem sempre s\u00e3o pac\u00edficas, e algumas diverg\u00eancias t\u00eam vindo \u00e0 tona recentemente.<\/p>\n\n\n\n<ul class=\"wp-block-list\">\n<li><strong><a href=\"https:\/\/www.gaveanews.com\/index.php\/2024\/10\/07\/quando-e-o-proximo-jogo-do-flamengo-5\/?utm_source=terra_capa_parceiros&amp;utm_medium=referral\">Quando \u00e9 o pr\u00f3ximo jogo do Flamengo?<\/a><\/strong><\/li>\n\n\n\n<li><strong><a href=\"https:\/\/www.gaveanews.com\/index.php\/2024\/10\/07\/atitude-de-gerson-rouba-a-cena-declaracao-de-alcaraz-e-gabigol-manda-recado-para-filipe-luis-as-ultimas-noticias-do-flamengo\/?utm_source=terra_capa_parceiros&amp;utm_medium=referral\">Atitude de Gerson rouba a cena, declara\u00e7\u00e3o de Alcaraz e Gabigol manda recado para Filipe Luis: as \u00faltimas not\u00edcias do Flamengo<\/a><\/strong><\/li>\n<\/ul>\n\n\n\n<p>Landim j\u00e1 reconheceu publicamente o talento de Textor como investidor no futebol. Em entrevista, o presidente rubro-negro afirmou que v\u00ea com bons olhos a presen\u00e7a de investidores estrangeiros no futebol brasileiro e acredita que isso ajuda a elevar o valor do neg\u00f3cio como um todo. No entanto, ele tamb\u00e9m aproveitou para fazer cr\u00edticas ao modelo de investimentos adotado pelo Botafogo sob o comando de Textor, questionando se o clube estaria gastando mais do que arrecada.<\/p>\n\n\n\n<p>Para Landim, \u00e9 necess\u00e1rio debater de forma mais ampla o Fair Play Financeiro no futebol brasileiro, citando diretamente os refor\u00e7os do Botafogo como exemplo. Segundo ele, \u00e9 importante que todos os clubes sigam regras claras para evitar desequil\u00edbrios financeiros que possam prejudicar o futebol a longo prazo. &#8216;Ele (John Textor) fez a aquisi\u00e7\u00e3o l\u00e1 dos 90% da SAF do Botafogo. Veio ao Brasil, procurou e esteve l\u00e1 na G\u00e1vea. A gente teve uma conversa longa na G\u00e1vea&#8217;, relembrou o presidente do Flamengo em um podcast recente, demonstrando que os dois t\u00eam um relacionamento cordial, apesar das cr\u00edticas.<\/p>\n\n\n\n<p>Textor, por sua vez, n\u00e3o deixou as declara\u00e7\u00f5es de Landim sem resposta. O americano rebateu as cr\u00edticas, afirmando que o Botafogo segue as regras do Fair Play Financeiro e que ele \u00e9 um grande defensor da aplica\u00e7\u00e3o dessa norma no futebol brasileiro. Para Textor, o Botafogo est\u00e1 sendo gerido de forma sustent\u00e1vel, e ele se colocou como exemplo para outros clubes seguirem o mesmo caminho, buscando um equil\u00edbrio entre investimentos e receitas.<\/p>\n\n\n\n<p>Landim, no entanto, mant\u00e9m sua posi\u00e7\u00e3o cr\u00edtica, mesmo que o respeito e a admira\u00e7\u00e3o pelo empres\u00e1rio americano sejam evidentes. O presidente do Flamengo lembrou de encontros informais que os dois tiveram nos Estados Unidos, quando o Flamengo fez a pr\u00e9-temporada na Fl\u00f3rida. Segundo ele, Textor chegou a assistir a um jogo do Flamengo contra o Orlando City a seu convite: &#8216;Ele tamb\u00e9m estava l\u00e1 numa ilha dele que ele tem l\u00e1. Uma praia. Ele pegou a aeronave dele e foi l\u00e1 assistir o jogo do Flamengo contra o Orlando City ao meu convite e tal&#8217;, comentou Landim.<\/p>\n\n\n\n<h2 class=\"wp-block-heading\" id=\"h-veja-o-video-sobre-a-relacao-de-landim-com-textor\">Veja o v\u00eddeo sobre a rela\u00e7\u00e3o de Landim com Textor<\/h2>\n\n\n\n<blockquote class=\"instagram-media\" data-instgrm-permalink=\"https:\/\/www.instagram.com\/reel\/C-5j0vaOp8n\/?utm_source=ig_embed&amp;utm_campaign=loading\" data-instgrm-version=\"14\" style=\" background:#FFF; border:0; border-radius:3px; box-shadow:0 0 1px 0 rgba(0,0,0,0.5),0 1px 10px 0 rgba(0,0,0,0.15); margin: 1px; max-width:540px; min-width:326px; padding:0; width:99.375%; width:-webkit-calc(100% - 2px); width:calc(100% - 2px);\"><div style=\"padding:16px;\"> <a href=\"https:\/\/www.instagram.com\/reel\/C-5j0vaOp8n\/?utm_source=ig_embed&amp;utm_campaign=loading\" style=\" background:#FFFFFF; line-height:0; padding:0 0; text-align:center; text-decoration:none; width:100%;\" target=\"_blank\" rel=\"noopener\"> <div style=\" display: flex; flex-direction: row; align-items: center;\"> <div style=\"background-color: #F4F4F4; border-radius: 50%; flex-grow: 0; height: 40px; margin-right: 14px; width: 40px;\"><\/div> <div style=\"display: flex; flex-direction: column; flex-grow: 1; justify-content: center;\"> <div style=\" background-color: #F4F4F4; border-radius: 4px; flex-grow: 0; height: 14px; margin-bottom: 6px; width: 100px;\"><\/div> <div style=\" background-color: #F4F4F4; border-radius: 4px; flex-grow: 0; height: 14px; width: 60px;\"><\/div><\/div><\/div><div style=\"padding: 19% 0;\"><\/div> <div style=\"display:block; height:50px; margin:0 auto 12px; width:50px;\"><svg width=\"50px\" height=\"50px\" viewBox=\"0 0 60 60\" version=\"1.1\" xmlns=\"https:\/\/www.w3.org\/2000\/svg\" xmlns:xlink=\"https:\/\/www.w3.org\/1999\/xlink\"><g stroke=\"none\" stroke-width=\"1\" fill=\"none\" fill-rule=\"evenodd\"><g transform=\"translate(-511.000000, -20.000000)\" fill=\"#000000\"><g><path d=\"M556.869,30.41 C554.814,30.41 553.148,32.076 553.148,34.131 C553.148,36.186 554.814,37.852 556.869,37.852 C558.924,37.852 560.59,36.186 560.59,34.131 C560.59,32.076 558.924,30.41 556.869,30.41 M541,60.657 C535.114,60.657 530.342,55.887 530.342,50 C530.342,44.114 535.114,39.342 541,39.342 C546.887,39.342 551.658,44.114 551.658,50 C551.658,55.887 546.887,60.657 541,60.657 M541,33.886 C532.1,33.886 524.886,41.1 524.886,50 C524.886,58.899 532.1,66.113 541,66.113 C549.9,66.113 557.115,58.899 557.115,50 C557.115,41.1 549.9,33.886 541,33.886 M565.378,62.101 C565.244,65.022 564.756,66.606 564.346,67.663 C563.803,69.06 563.154,70.057 562.106,71.106 C561.058,72.155 560.06,72.803 558.662,73.347 C557.607,73.757 556.021,74.244 553.102,74.378 C549.944,74.521 548.997,74.552 541,74.552 C533.003,74.552 532.056,74.521 528.898,74.378 C525.979,74.244 524.393,73.757 523.338,73.347 C521.94,72.803 520.942,72.155 519.894,71.106 C518.846,70.057 518.197,69.06 517.654,67.663 C517.244,66.606 516.755,65.022 516.623,62.101 C516.479,58.943 516.448,57.996 516.448,50 C516.448,42.003 516.479,41.056 516.623,37.899 C516.755,34.978 517.244,33.391 517.654,32.338 C518.197,30.938 518.846,29.942 519.894,28.894 C520.942,27.846 521.94,27.196 523.338,26.654 C524.393,26.244 525.979,25.756 528.898,25.623 C532.057,25.479 533.004,25.448 541,25.448 C548.997,25.448 549.943,25.479 553.102,25.623 C556.021,25.756 557.607,26.244 558.662,26.654 C560.06,27.196 561.058,27.846 562.106,28.894 C563.154,29.942 563.803,30.938 564.346,32.338 C564.756,33.391 565.244,34.978 565.378,37.899 C565.522,41.056 565.552,42.003 565.552,50 C565.552,57.996 565.522,58.943 565.378,62.101 M570.82,37.631 C570.674,34.438 570.167,32.258 569.425,30.349 C568.659,28.377 567.633,26.702 565.965,25.035 C564.297,23.368 562.623,22.342 560.652,21.575 C558.743,20.834 556.562,20.326 553.369,20.18 C550.169,20.033 549.148,20 541,20 C532.853,20 531.831,20.033 528.631,20.18 C525.438,20.326 523.257,20.834 521.349,21.575 C519.376,22.342 517.703,23.368 516.035,25.035 C514.368,26.702 513.342,28.377 512.574,30.349 C511.834,32.258 511.326,34.438 511.181,37.631 C511.035,40.831 511,41.851 511,50 C511,58.147 511.035,59.17 511.181,62.369 C511.326,65.562 511.834,67.743 512.574,69.651 C513.342,71.625 514.368,73.296 516.035,74.965 C517.703,76.634 519.376,77.658 521.349,78.425 C523.257,79.167 525.438,79.673 528.631,79.82 C531.831,79.965 532.853,80.001 541,80.001 C549.148,80.001 550.169,79.965 553.369,79.82 C556.562,79.673 558.743,79.167 560.652,78.425 C562.623,77.658 564.297,76.634 565.965,74.965 C567.633,73.296 568.659,71.625 569.425,69.651 C570.167,67.743 570.674,65.562 570.82,62.369 C570.966,59.17 571,58.147 571,50 C571,41.851 570.966,40.831 570.82,37.631\"><\/path><\/g><\/g><\/g><\/svg><\/div><div style=\"padding-top: 8px;\"> <div style=\" color:#3897f0; font-family:Arial,sans-serif; font-size:14px; font-style:normal; font-weight:550; line-height:18px;\">Ver essa foto no Instagram<\/div><\/div><div style=\"padding: 12.5% 0;\"><\/div> <div style=\"display: flex; flex-direction: row; margin-bottom: 14px; align-items: center;\"><div> <div style=\"background-color: #F4F4F4; border-radius: 50%; height: 12.5px; width: 12.5px; transform: translateX(0px) translateY(7px);\"><\/div> <div style=\"background-color: #F4F4F4; height: 12.5px; transform: rotate(-45deg) translateX(3px) translateY(1px); width: 12.5px; flex-grow: 0; margin-right: 14px; margin-left: 2px;\"><\/div> <div style=\"background-color: #F4F4F4; border-radius: 50%; height: 12.5px; width: 12.5px; transform: translateX(9px) translateY(-18px);\"><\/div><\/div><div style=\"margin-left: 8px;\"> <div style=\" background-color: #F4F4F4; border-radius: 50%; flex-grow: 0; height: 20px; width: 20px;\"><\/div> <div style=\" width: 0; height: 0; border-top: 2px solid transparent; border-left: 6px solid #f4f4f4; border-bottom: 2px solid transparent; transform: translateX(16px) translateY(-4px) rotate(30deg)\"><\/div><\/div><div style=\"margin-left: auto;\"> <div style=\" width: 0px; border-top: 8px solid #F4F4F4; border-right: 8px solid transparent; transform: translateY(16px);\"><\/div> <div style=\" background-color: #F4F4F4; flex-grow: 0; height: 12px; width: 16px; transform: translateY(-4px);\"><\/div> <div style=\" width: 0; height: 0; border-top: 8px solid #F4F4F4; border-left: 8px solid transparent; transform: translateY(-4px) translateX(8px);\"><\/div><\/div><\/div> <div style=\"display: flex; flex-direction: column; flex-grow: 1; justify-content: center; margin-bottom: 24px;\"> <div style=\" background-color: #F4F4F4; border-radius: 4px; flex-grow: 0; height: 14px; margin-bottom: 6px; width: 224px;\"><\/div> <div style=\" background-color: #F4F4F4; border-radius: 4px; flex-grow: 0; height: 14px; width: 144px;\"><\/div><\/div><\/a><p style=\" color:#c9c8cd; font-family:Arial,sans-serif; font-size:14px; line-height:17px; margin-bottom:0; margin-top:8px; overflow:hidden; padding:8px 0 7px; text-align:center; text-overflow:ellipsis; white-space:nowrap;\"><a href=\"https:\/\/www.instagram.com\/reel\/C-5j0vaOp8n\/?utm_source=ig_embed&amp;utm_campaign=loading\" style=\" color:#c9c8cd; font-family:Arial,sans-serif; font-size:14px; font-style:normal; font-weight:normal; line-height:17px; text-decoration:none;\" target=\"_blank\" rel=\"noopener\">Uma publica\u00e7\u00e3o compartilhada por MUNDO GV SUPERBET\ud83d\ude80\ud83c\udf0d (@canalmundogv)<\/a><\/p><\/div><\/blockquote>\n<script async src=\"\/\/www.instagram.com\/embed.js\"><\/script>\n\n\n\n<p>Apesar das diferen\u00e7as de vis\u00e3o, tanto Landim quanto Textor demonstram estar empenhados em contribuir para o crescimento do futebol brasileiro. Ambos acreditam que o Brasil tem potencial para evoluir em diversos aspectos, e que a troca de ideias entre dirigentes pode ser ben\u00e9fica para todos. Mesmo que a rivalidade entre Flamengo e Botafogo continue intensa dentro de campo, fora dele, a rela\u00e7\u00e3o entre os dois dirigentes parece estar pautada por respeito e di\u00e1logo.<\/p>\n","protected":false},"excerpt":{"rendered":"<p>Rodolfo Landim, presidente do Flamengo, e John Textor, dono da SAF do Botafogo, compartilham uma rela\u00e7\u00e3o que mistura amizade e rivalidade no futebol brasileiro. Os dois dirigentes t\u00eam se encontrado em v\u00e1rias ocasi\u00f5es, discutindo n\u00e3o apenas quest\u00f5es ligadas aos seus respectivos clubes, mas tamb\u00e9m o futuro do futebol no Brasil. No entanto, as trocas de [&hellip;]<\/p>\n","protected":false},"author":23,"featured_media":125467,"comment_status":"open","ping_status":"closed","sticky":false,"template":"","format":"standard","meta":{"footnotes":""},"categories":[138,1],"tags":[],"class_list":["post-172308","post","type-post","status-publish","format-standard","has-post-thumbnail","hentry","category-botafogo","category-flamengo"],"yoast_head":"<!-- This site is optimized with the Yoast SEO Premium plugin v24.2 (Yoast SEO v26.9) - https:\/\/yoast.com\/product\/yoast-seo-premium-wordpress\/ -->\n<title>V\u00eddeo: a declara\u00e7\u00e3o de Landim sobre sua rela\u00e7\u00e3o com Textor<\/title>\n<meta name=\"robots\" content=\"index, follow, max-snippet:-1, max-image-preview:large, max-video-preview:-1\" \/>\n<link rel=\"canonical\" href=\"https:\/\/www.gaveanews.com\/index.php\/2024\/10\/07\/video-a-declaracao-de-landim-sobre-sua-relacao-com-textor\/\" \/>\n<meta property=\"og:locale\" content=\"pt_BR\" \/>\n<meta property=\"og:type\" content=\"article\" \/>\n<meta property=\"og:title\" content=\"V\u00eddeo: a declara\u00e7\u00e3o de Landim sobre sua rela\u00e7\u00e3o com Textor\" \/>\n<meta property=\"og:description\" content=\"Rodolfo Landim, presidente do Flamengo, e John Textor, dono da SAF do Botafogo, compartilham uma rela\u00e7\u00e3o que mistura amizade e rivalidade no futebol brasileiro. Os dois dirigentes t\u00eam se encontrado em v\u00e1rias ocasi\u00f5es, discutindo n\u00e3o apenas quest\u00f5es ligadas aos seus respectivos clubes, mas tamb\u00e9m o futuro do futebol no Brasil. No entanto, as trocas de [&hellip;]\" \/>\n<meta property=\"og:url\" content=\"https:\/\/www.gaveanews.com\/index.php\/2024\/10\/07\/video-a-declaracao-de-landim-sobre-sua-relacao-com-textor\/\" \/>\n<meta property=\"og:site_name\" content=\"G\u00e1vea News\" \/>\n<meta property=\"article:publisher\" content=\"https:\/\/facebook.com\/gaveaNews\/\" \/>\n<meta property=\"article:published_time\" content=\"2024-10-07T20:00:00+00:00\" \/>\n<meta property=\"og:image\" content=\"https:\/\/www.gaveanews.com\/wp-content\/uploads\/John-Textor-e-Rodolfo-Landim.webp\" \/>\n\t<meta property=\"og:image:width\" content=\"640\" \/>\n\t<meta property=\"og:image:height\" content=\"400\" \/>\n\t<meta property=\"og:image:type\" content=\"image\/jpeg\" \/>\n<meta name=\"author\" content=\"Leandro Azevedo\" \/>\n<meta name=\"twitter:card\" content=\"summary_large_image\" \/>\n<meta name=\"twitter:label1\" content=\"Escrito por\" \/>\n\t<meta name=\"twitter:data1\" content=\"Leandro Azevedo\" \/>\n\t<meta name=\"twitter:label2\" content=\"Est. tempo de leitura\" \/>\n\t<meta name=\"twitter:data2\" content=\"4 minutos\" \/>\n<script type=\"application\/ld+json\" class=\"yoast-schema-graph\">{\"@context\":\"https:\/\/schema.org\",\"@graph\":[{\"@type\":\"NewsArticle\",\"@id\":\"https:\/\/www.gaveanews.com\/index.php\/2024\/10\/07\/video-a-declaracao-de-landim-sobre-sua-relacao-com-textor\/#article\",\"isPartOf\":{\"@id\":\"https:\/\/www.gaveanews.com\/index.php\/2024\/10\/07\/video-a-declaracao-de-landim-sobre-sua-relacao-com-textor\/\"},\"author\":{\"name\":\"Leandro Azevedo\",\"@id\":\"https:\/\/www.gaveanews.com\/#\/schema\/person\/2877169f354c4596cf5aab74ea7c56a8\"},\"headline\":\"V\u00eddeo: a declara\u00e7\u00e3o de Landim sobre sua rela\u00e7\u00e3o com Textor\",\"datePublished\":\"2024-10-07T20:00:00+00:00\",\"mainEntityOfPage\":{\"@id\":\"https:\/\/www.gaveanews.com\/index.php\/2024\/10\/07\/video-a-declaracao-de-landim-sobre-sua-relacao-com-textor\/\"},\"wordCount\":589,\"commentCount\":0,\"image\":{\"@id\":\"https:\/\/www.gaveanews.com\/index.php\/2024\/10\/07\/video-a-declaracao-de-landim-sobre-sua-relacao-com-textor\/#primaryimage\"},\"thumbnailUrl\":\"https:\/\/www.gaveanews.com\/wp-content\/uploads\/John-Textor-e-Rodolfo-Landim.webp\",\"articleSection\":[\"Botafogo\",\"Flamengo\"],\"inLanguage\":\"pt-BR\",\"potentialAction\":[{\"@type\":\"CommentAction\",\"name\":\"Comment\",\"target\":[\"https:\/\/www.gaveanews.com\/index.php\/2024\/10\/07\/video-a-declaracao-de-landim-sobre-sua-relacao-com-textor\/#respond\"]}],\"copyrightYear\":\"2024\",\"copyrightHolder\":{\"@id\":\"https:\/\/www.gaveanews.com\/#organization\"}},{\"@type\":\"WebPage\",\"@id\":\"https:\/\/www.gaveanews.com\/index.php\/2024\/10\/07\/video-a-declaracao-de-landim-sobre-sua-relacao-com-textor\/\",\"url\":\"https:\/\/www.gaveanews.com\/index.php\/2024\/10\/07\/video-a-declaracao-de-landim-sobre-sua-relacao-com-textor\/\",\"name\":\"V\u00eddeo: a declara\u00e7\u00e3o de Landim sobre sua rela\u00e7\u00e3o com Textor\",\"isPartOf\":{\"@id\":\"https:\/\/www.gaveanews.com\/#website\"},\"primaryImageOfPage\":{\"@id\":\"https:\/\/www.gaveanews.com\/index.php\/2024\/10\/07\/video-a-declaracao-de-landim-sobre-sua-relacao-com-textor\/#primaryimage\"},\"image\":{\"@id\":\"https:\/\/www.gaveanews.com\/index.php\/2024\/10\/07\/video-a-declaracao-de-landim-sobre-sua-relacao-com-textor\/#primaryimage\"},\"thumbnailUrl\":\"https:\/\/www.gaveanews.com\/wp-content\/uploads\/John-Textor-e-Rodolfo-Landim.webp\",\"datePublished\":\"2024-10-07T20:00:00+00:00\",\"author\":{\"@id\":\"https:\/\/www.gaveanews.com\/#\/schema\/person\/2877169f354c4596cf5aab74ea7c56a8\"},\"breadcrumb\":{\"@id\":\"https:\/\/www.gaveanews.com\/index.php\/2024\/10\/07\/video-a-declaracao-de-landim-sobre-sua-relacao-com-textor\/#breadcrumb\"},\"inLanguage\":\"pt-BR\",\"potentialAction\":[{\"@type\":\"ReadAction\",\"target\":[\"https:\/\/www.gaveanews.com\/index.php\/2024\/10\/07\/video-a-declaracao-de-landim-sobre-sua-relacao-com-textor\/\"]}]},{\"@type\":\"ImageObject\",\"inLanguage\":\"pt-BR\",\"@id\":\"https:\/\/www.gaveanews.com\/index.php\/2024\/10\/07\/video-a-declaracao-de-landim-sobre-sua-relacao-com-textor\/#primaryimage\",\"url\":\"https:\/\/www.gaveanews.com\/wp-content\/uploads\/John-Textor-e-Rodolfo-Landim.webp\",\"contentUrl\":\"https:\/\/www.gaveanews.com\/wp-content\/uploads\/John-Textor-e-Rodolfo-Landim.webp\",\"width\":640,\"height\":400,\"caption\":\"John Textor e Rodolfo Landim - Foto: Reprodu\u00e7\u00e3o \/ Botafogo Base\"},{\"@type\":\"BreadcrumbList\",\"@id\":\"https:\/\/www.gaveanews.com\/index.php\/2024\/10\/07\/video-a-declaracao-de-landim-sobre-sua-relacao-com-textor\/#breadcrumb\",\"itemListElement\":[{\"@type\":\"ListItem\",\"position\":1,\"name\":\"Home\",\"item\":\"https:\/\/www.gaveanews.com\/\"},{\"@type\":\"ListItem\",\"position\":2,\"name\":\"V\u00eddeo: a declara\u00e7\u00e3o de Landim sobre sua rela\u00e7\u00e3o com Textor\"}]},{\"@type\":\"WebSite\",\"@id\":\"https:\/\/www.gaveanews.com\/#website\",\"url\":\"https:\/\/www.gaveanews.com\/\",\"name\":\"G\u00e1vea News\",\"description\":\"Veja todas as not\u00edcias sobre o Flamengo: Contrata\u00e7\u00f5es, categorias de base, resultados das partidas, tabela de classifica\u00e7\u00e3o, pr\u00f3ximos jogos!\",\"potentialAction\":[{\"@type\":\"SearchAction\",\"target\":{\"@type\":\"EntryPoint\",\"urlTemplate\":\"https:\/\/www.gaveanews.com\/?s={search_term_string}\"},\"query-input\":{\"@type\":\"PropertyValueSpecification\",\"valueRequired\":true,\"valueName\":\"search_term_string\"}}],\"inLanguage\":\"pt-BR\"},{\"@type\":\"Person\",\"@id\":\"https:\/\/www.gaveanews.com\/#\/schema\/person\/2877169f354c4596cf5aab74ea7c56a8\",\"name\":\"Leandro Azevedo\",\"image\":{\"@type\":\"ImageObject\",\"inLanguage\":\"pt-BR\",\"@id\":\"https:\/\/www.gaveanews.com\/#\/schema\/person\/image\/\",\"url\":\"https:\/\/secure.gravatar.com\/avatar\/e2f72eb6d986a41d592a85e4e36a6c6170e9ea8a1f433dfc29d0011a8968f89c?s=96&d=mm&r=g\",\"contentUrl\":\"https:\/\/secure.gravatar.com\/avatar\/e2f72eb6d986a41d592a85e4e36a6c6170e9ea8a1f433dfc29d0011a8968f89c?s=96&d=mm&r=g\",\"caption\":\"Leandro Azevedo\"}}]}<\/script>\n<!-- \/ Yoast SEO Premium plugin. -->","yoast_head_json":{"title":"V\u00eddeo: a declara\u00e7\u00e3o de Landim sobre sua rela\u00e7\u00e3o com Textor","robots":{"index":"index","follow":"follow","max-snippet":"max-snippet:-1","max-image-preview":"max-image-preview:large","max-video-preview":"max-video-preview:-1"},"canonical":"https:\/\/www.gaveanews.com\/index.php\/2024\/10\/07\/video-a-declaracao-de-landim-sobre-sua-relacao-com-textor\/","og_locale":"pt_BR","og_type":"article","og_title":"V\u00eddeo: a declara\u00e7\u00e3o de Landim sobre sua rela\u00e7\u00e3o com Textor","og_description":"Rodolfo Landim, presidente do Flamengo, e John Textor, dono da SAF do Botafogo, compartilham uma rela\u00e7\u00e3o que mistura amizade e rivalidade no futebol brasileiro. Os dois dirigentes t\u00eam se encontrado em v\u00e1rias ocasi\u00f5es, discutindo n\u00e3o apenas quest\u00f5es ligadas aos seus respectivos clubes, mas tamb\u00e9m o futuro do futebol no Brasil. No entanto, as trocas de [&hellip;]","og_url":"https:\/\/www.gaveanews.com\/index.php\/2024\/10\/07\/video-a-declaracao-de-landim-sobre-sua-relacao-com-textor\/","og_site_name":"G\u00e1vea News","article_publisher":"https:\/\/facebook.com\/gaveaNews\/","article_published_time":"2024-10-07T20:00:00+00:00","og_image":[{"width":640,"height":400,"url":"https:\/\/www.gaveanews.com\/wp-content\/uploads\/John-Textor-e-Rodolfo-Landim.webp","type":"image\/jpeg"}],"author":"Leandro Azevedo","twitter_card":"summary_large_image","twitter_misc":{"Escrito por":"Leandro Azevedo","Est. tempo de leitura":"4 minutos"},"schema":{"@context":"https:\/\/schema.org","@graph":[{"@type":"NewsArticle","@id":"https:\/\/www.gaveanews.com\/index.php\/2024\/10\/07\/video-a-declaracao-de-landim-sobre-sua-relacao-com-textor\/#article","isPartOf":{"@id":"https:\/\/www.gaveanews.com\/index.php\/2024\/10\/07\/video-a-declaracao-de-landim-sobre-sua-relacao-com-textor\/"},"author":{"name":"Leandro Azevedo","@id":"https:\/\/www.gaveanews.com\/#\/schema\/person\/2877169f354c4596cf5aab74ea7c56a8"},"headline":"V\u00eddeo: a declara\u00e7\u00e3o de Landim sobre sua rela\u00e7\u00e3o com Textor","datePublished":"2024-10-07T20:00:00+00:00","mainEntityOfPage":{"@id":"https:\/\/www.gaveanews.com\/index.php\/2024\/10\/07\/video-a-declaracao-de-landim-sobre-sua-relacao-com-textor\/"},"wordCount":589,"commentCount":0,"image":{"@id":"https:\/\/www.gaveanews.com\/index.php\/2024\/10\/07\/video-a-declaracao-de-landim-sobre-sua-relacao-com-textor\/#primaryimage"},"thumbnailUrl":"https:\/\/www.gaveanews.com\/wp-content\/uploads\/John-Textor-e-Rodolfo-Landim.webp","articleSection":["Botafogo","Flamengo"],"inLanguage":"pt-BR","potentialAction":[{"@type":"CommentAction","name":"Comment","target":["https:\/\/www.gaveanews.com\/index.php\/2024\/10\/07\/video-a-declaracao-de-landim-sobre-sua-relacao-com-textor\/#respond"]}],"copyrightYear":"2024","copyrightHolder":{"@id":"https:\/\/www.gaveanews.com\/#organization"}},{"@type":"WebPage","@id":"https:\/\/www.gaveanews.com\/index.php\/2024\/10\/07\/video-a-declaracao-de-landim-sobre-sua-relacao-com-textor\/","url":"https:\/\/www.gaveanews.com\/index.php\/2024\/10\/07\/video-a-declaracao-de-landim-sobre-sua-relacao-com-textor\/","name":"V\u00eddeo: a declara\u00e7\u00e3o de Landim sobre sua rela\u00e7\u00e3o com Textor","isPartOf":{"@id":"https:\/\/www.gaveanews.com\/#website"},"primaryImageOfPage":{"@id":"https:\/\/www.gaveanews.com\/index.php\/2024\/10\/07\/video-a-declaracao-de-landim-sobre-sua-relacao-com-textor\/#primaryimage"},"image":{"@id":"https:\/\/www.gaveanews.com\/index.php\/2024\/10\/07\/video-a-declaracao-de-landim-sobre-sua-relacao-com-textor\/#primaryimage"},"thumbnailUrl":"https:\/\/www.gaveanews.com\/wp-content\/uploads\/John-Textor-e-Rodolfo-Landim.webp","datePublished":"2024-10-07T20:00:00+00:00","author":{"@id":"https:\/\/www.gaveanews.com\/#\/schema\/person\/2877169f354c4596cf5aab74ea7c56a8"},"breadcrumb":{"@id":"https:\/\/www.gaveanews.com\/index.php\/2024\/10\/07\/video-a-declaracao-de-landim-sobre-sua-relacao-com-textor\/#breadcrumb"},"inLanguage":"pt-BR","potentialAction":[{"@type":"ReadAction","target":["https:\/\/www.gaveanews.com\/index.php\/2024\/10\/07\/video-a-declaracao-de-landim-sobre-sua-relacao-com-textor\/"]}]},{"@type":"ImageObject","inLanguage":"pt-BR","@id":"https:\/\/www.gaveanews.com\/index.php\/2024\/10\/07\/video-a-declaracao-de-landim-sobre-sua-relacao-com-textor\/#primaryimage","url":"https:\/\/www.gaveanews.com\/wp-content\/uploads\/John-Textor-e-Rodolfo-Landim.webp","contentUrl":"https:\/\/www.gaveanews.com\/wp-content\/uploads\/John-Textor-e-Rodolfo-Landim.webp","width":640,"height":400,"caption":"John Textor e Rodolfo Landim - Foto: Reprodu\u00e7\u00e3o \/ Botafogo Base"},{"@type":"BreadcrumbList","@id":"https:\/\/www.gaveanews.com\/index.php\/2024\/10\/07\/video-a-declaracao-de-landim-sobre-sua-relacao-com-textor\/#breadcrumb","itemListElement":[{"@type":"ListItem","position":1,"name":"Home","item":"https:\/\/www.gaveanews.com\/"},{"@type":"ListItem","position":2,"name":"V\u00eddeo: a declara\u00e7\u00e3o de Landim sobre sua rela\u00e7\u00e3o com Textor"}]},{"@type":"WebSite","@id":"https:\/\/www.gaveanews.com\/#website","url":"https:\/\/www.gaveanews.com\/","name":"G\u00e1vea News","description":"Veja todas as not\u00edcias sobre o Flamengo: Contrata\u00e7\u00f5es, categorias de base, resultados das partidas, tabela de classifica\u00e7\u00e3o, pr\u00f3ximos jogos!","potentialAction":[{"@type":"SearchAction","target":{"@type":"EntryPoint","urlTemplate":"https:\/\/www.gaveanews.com\/?s={search_term_string}"},"query-input":{"@type":"PropertyValueSpecification","valueRequired":true,"valueName":"search_term_string"}}],"inLanguage":"pt-BR"},{"@type":"Person","@id":"https:\/\/www.gaveanews.com\/#\/schema\/person\/2877169f354c4596cf5aab74ea7c56a8","name":"Leandro Azevedo","image":{"@type":"ImageObject","inLanguage":"pt-BR","@id":"https:\/\/www.gaveanews.com\/#\/schema\/person\/image\/","url":"https:\/\/secure.gravatar.com\/avatar\/e2f72eb6d986a41d592a85e4e36a6c6170e9ea8a1f433dfc29d0011a8968f89c?s=96&d=mm&r=g","contentUrl":"https:\/\/secure.gravatar.com\/avatar\/e2f72eb6d986a41d592a85e4e36a6c6170e9ea8a1f433dfc29d0011a8968f89c?s=96&d=mm&r=g","caption":"Leandro Azevedo"}}]}},"_links":{"self":[{"href":"https:\/\/www.gaveanews.com\/index.php\/wp-json\/wp\/v2\/posts\/172308","targetHints":{"allow":["GET"]}}],"collection":[{"href":"https:\/\/www.gaveanews.com\/index.php\/wp-json\/wp\/v2\/posts"}],"about":[{"href":"https:\/\/www.gaveanews.com\/index.php\/wp-json\/wp\/v2\/types\/post"}],"author":[{"embeddable":true,"href":"https:\/\/www.gaveanews.com\/index.php\/wp-json\/wp\/v2\/users\/23"}],"replies":[{"embeddable":true,"href":"https:\/\/www.gaveanews.com\/index.php\/wp-json\/wp\/v2\/comments?post=172308"}],"version-history":[{"count":2,"href":"https:\/\/www.gaveanews.com\/index.php\/wp-json\/wp\/v2\/posts\/172308\/revisions"}],"predecessor-version":[{"id":172339,"href":"https:\/\/www.gaveanews.com\/index.php\/wp-json\/wp\/v2\/posts\/172308\/revisions\/172339"}],"wp:featuredmedia":[{"embeddable":true,"href":"https:\/\/www.gaveanews.com\/index.php\/wp-json\/wp\/v2\/media\/125467"}],"wp:attachment":[{"href":"https:\/\/www.gaveanews.com\/index.php\/wp-json\/wp\/v2\/media?parent=172308"}],"wp:term":[{"taxonomy":"category","embeddable":true,"href":"https:\/\/www.gaveanews.com\/index.php\/wp-json\/wp\/v2\/categories?post=172308"},{"taxonomy":"post_tag","embeddable":true,"href":"https:\/\/www.gaveanews.com\/index.php\/wp-json\/wp\/v2\/tags?post=172308"}],"curies":[{"name":"wp","href":"https:\/\/api.w.org\/{rel}","templated":true}]}}