{"id":172434,"date":"2024-10-08T08:20:00","date_gmt":"2024-10-08T11:20:00","guid":{"rendered":"https:\/\/www.gaveanews.com\/?p=172434"},"modified":"2024-10-08T01:25:19","modified_gmt":"2024-10-08T04:25:19","slug":"ex-donos-da-saf-do-vasco-tomam-atitude-importante-nos-bastidores","status":"publish","type":"post","link":"https:\/\/www.gaveanews.com\/index.php\/2024\/10\/08\/ex-donos-da-saf-do-vasco-tomam-atitude-importante-nos-bastidores\/","title":{"rendered":"Ex-donos da SAF do Vasco tomam atitude importante nos bastidores"},"content":{"rendered":"\n<p>A 777 Partners \u00e9 uma empresa de investimentos privados sediada em Miami, nos Estados Unidos e que atualmente est\u00e1 afastada do controle do futebol do Vasco, colocou mais um de seus clubes \u00e0 venda na Europa.<\/p>\n\n\n\n<ul class=\"wp-block-list\">\n<li><a href=\"https:\/\/www.gaveanews.com\/index.php\/2024\/10\/07\/veja-as-chances-do-vasco-de-disputar-a-libertadores-de-2025\/\">Veja as chances do Vasco de disputar a Libertadores de 2025<\/a><\/li>\n\n\n\n<li><a href=\"https:\/\/www.gaveanews.com\/index.php\/2024\/10\/07\/jogador-do-vasco-pede-desculpa-para-a-torcida\/\">Jogador do Vasco pede desculpa para a torcida<\/a><\/li>\n<\/ul>\n\n\n\n<h2 class=\"wp-block-heading\" id=\"h-nao-alcancou-o-sucesso-esperado-pela-empresa\">N\u00e3o alcan\u00e7ou o sucesso esperado pela empresa<\/h2>\n\n\n\n<p>O time mencionado \u00e9 o Genoa, da It\u00e1lia, que agora est\u00e1 em busca de um novo comprador interessado no clube. Com a informa\u00e7\u00e3o sendo confirmada pelo CEO do clube, Andres Blazquez.<\/p>\n\n\n\n<p>Para que voc\u00ea entenda, o Genoa foi adquirido pela 777 Partners no ano de 2021, por\u00e9m o clube infelizmente n\u00e3o alcan\u00e7ou o sucesso esperado pela empresa.<\/p>\n\n\n\n<h2 class=\"wp-block-heading\" id=\"h-ha-algumas-empresas-interessadas\">H\u00e1 algumas empresas interessadas<\/h2>\n\n\n\n<p>Contudo, de acordo com Blazquez, felizmente h\u00e1 algumas empresas que est\u00e3o interessadas em adquirir o tradicional clube italiano:<\/p>\n\n\n\n<p>\u201cH\u00e1 pelo menos tr\u00eas ou quatro grupos que demonstraram interesse, vendo o Genoa como uma boa oportunidade de investimento, tamb\u00e9m porque a situa\u00e7\u00e3o econ\u00f4mica \u00e9 melhor do que quando os 777 adquiriram o clube\u201d, afirmou.<\/p>\n\n\n\n<h2 class=\"wp-block-heading\" id=\"h-outro-clubes-da-777-partners-que-estao-a-venda\">Outro clubes da 777 Partners que est\u00e3o \u00e0 venda<\/h2>\n\n\n\n<p>O portal G\u00e1vea News veio te mostrar que o Genoa, da It\u00e1lia n\u00e3o \u00e9 o primeiro e nem o \u00faltimo clube que a 777 Partners est\u00e1 colocado \u00e0 venda, e com isso, vamos te mostrar quais s\u00e3o os outros:<\/p>\n\n\n\n<ul class=\"wp-block-list\">\n<li><strong>Red Star, da Fran\u00e7a<\/strong>\n<ul class=\"wp-block-list\">\n<li>\u00a0Que est\u00e1 perto de ser vendido para <strong>Steve Pagliuca<\/strong>;<\/li>\n\n\n\n<li>Steve atualmente \u00e9 o <strong>propriet\u00e1rio <\/strong>da <strong>Atalanta<\/strong>, tamb\u00e9m da It\u00e1lia;<\/li>\n\n\n\n<li>E tem uma porcentagem do <strong>Boston Celtics<\/strong>, de Massachusetts, que disputam o torneio da NBA.<\/li>\n<\/ul>\n<\/li>\n\n\n\n<li><strong>Standard Li\u00e8ge, da B\u00e9lgica<\/strong>\n<ul class=\"wp-block-list\">\n<li>Ainda n\u00e3o h\u00e1 informa\u00e7\u00f5es sobre o <strong>valor de venda<\/strong> do Standard Li\u00e8ge, da B\u00e9lgica, nem de <strong>interessados<\/strong>, mas vai aqui algumas informa\u00e7\u00f5es sobre a situa\u00e7\u00e3o do clube:\n<ul class=\"wp-block-list\">\n<li>A 777 Partners, empresa que det\u00e9m <strong>99%<\/strong> das a\u00e7\u00f5es do clube, est\u00e1 colocando o Standard Li\u00e8ge \u00e0 venda.<\/li>\n\n\n\n<li>A Justi\u00e7a condenou o Standard Li\u00e8ge a devolver 3 milh\u00f5es de euros (cerca de <strong>R$ 17,4 milh\u00f5es<\/strong>) ao ex-propriet\u00e1rio do clube, <strong>Bruno Venanzi<\/strong>.<\/li>\n\n\n\n<li>As <strong>d\u00edvidas<\/strong> do Standard Li\u00e8ge s\u00e3o avaliadas entre \u20ac 30 milh\u00f5es e \u20ac 60 milh\u00f5es (cerca de <strong>R$ 166 milh\u00f5es e R$ 333 milh\u00f5es<\/strong>)<\/li>\n\n\n\n<li>A <strong>Justi\u00e7a da B\u00e9lgica bloqueou bens<\/strong> da 777 Partners.<\/li>\n<\/ul>\n<\/li>\n<\/ul>\n<\/li>\n<\/ul>\n\n\n\n<h2 class=\"wp-block-heading\" id=\"h-como-esta-a-situacao-do-vasco-com-a-777\">Como est\u00e1 a situa\u00e7\u00e3o do Vasco com a 777<\/h2>\n\n\n\n<p>J\u00e1 no Vasco, a situa\u00e7\u00e3o n\u00e3o \u00e9 muito diferente do Genoa. Pois <strong>Pedrinho<\/strong>, presidente da Associa\u00e7\u00e3o, retomou o controle da <strong>SAF vasca\u00edna<\/strong> em maio.<\/p>\n\n\n\n<p>E segundo a decis\u00e3o, a empresa <strong>777 Partners<\/strong> n\u00e3o havia cumprido todas as partes do acordo de compra da <strong>SAF <\/strong>do clube carioca.<\/p>\n\n\n\n<p>Assim, a <strong>777 Partners<\/strong> tentou na Justi\u00e7a conseguir voltar para o controle da <strong>SAF <\/strong>do Vasco, mas sem sucesso.<\/p>\n\n\n\n<p>Desde ent\u00e3o, <strong>Pedrinho <\/strong>passou a conversar com a <strong>A-CAP<\/strong>, principal credora da <strong>777 <\/strong>e a que passou a controlar os ativos da empresa americana.<\/p>\n\n\n\n<p>Ao <strong>Vasco<\/strong>, a <strong>A-CAP<\/strong> j\u00e1 havia informado que n\u00e3o tinha interesse em manter o controle sobre os clubes de futebol que pertenciam a <strong>777 Partners<\/strong>.<\/p>\n\n\n\n<p>Onde por fim, a imprensa italiana, no entanto, chegou a noticiar que a empresa poderia ficar com o Genoa, o que, agora, n\u00e3o deve acontecer.<\/p>\n","protected":false},"excerpt":{"rendered":"<p>A 777 Partners \u00e9 uma empresa de investimentos privados sediada em Miami, nos Estados Unidos e que atualmente est\u00e1 afastada do controle do futebol do Vasco, colocou mais um de seus clubes \u00e0 venda na Europa. N\u00e3o alcan\u00e7ou o sucesso esperado pela empresa O time mencionado \u00e9 o Genoa, da It\u00e1lia, que agora est\u00e1 em [&hellip;]<\/p>\n","protected":false},"author":22,"featured_media":152090,"comment_status":"open","ping_status":"closed","sticky":false,"template":"","format":"standard","meta":{"footnotes":""},"categories":[152],"tags":[],"class_list":["post-172434","post","type-post","status-publish","format-standard","has-post-thumbnail","hentry","category-vasco"],"yoast_head":"<!-- This site is optimized with the Yoast SEO Premium plugin v24.2 (Yoast SEO v26.9) - https:\/\/yoast.com\/product\/yoast-seo-premium-wordpress\/ -->\n<title>Ex-donos da SAF do Vasco tomam atitude importante nos bastidores<\/title>\n<meta name=\"robots\" content=\"index, follow, max-snippet:-1, max-image-preview:large, max-video-preview:-1\" \/>\n<link rel=\"canonical\" href=\"https:\/\/www.gaveanews.com\/index.php\/2024\/10\/08\/ex-donos-da-saf-do-vasco-tomam-atitude-importante-nos-bastidores\/\" \/>\n<meta property=\"og:locale\" content=\"pt_BR\" \/>\n<meta property=\"og:type\" content=\"article\" \/>\n<meta property=\"og:title\" content=\"Ex-donos da SAF do Vasco tomam atitude importante nos bastidores\" \/>\n<meta property=\"og:description\" content=\"A 777 Partners \u00e9 uma empresa de investimentos privados sediada em Miami, nos Estados Unidos e que atualmente est\u00e1 afastada do controle do futebol do Vasco, colocou mais um de seus clubes \u00e0 venda na Europa. N\u00e3o alcan\u00e7ou o sucesso esperado pela empresa O time mencionado \u00e9 o Genoa, da It\u00e1lia, que agora est\u00e1 em [&hellip;]\" \/>\n<meta property=\"og:url\" content=\"https:\/\/www.gaveanews.com\/index.php\/2024\/10\/08\/ex-donos-da-saf-do-vasco-tomam-atitude-importante-nos-bastidores\/\" \/>\n<meta property=\"og:site_name\" content=\"G\u00e1vea News\" \/>\n<meta property=\"article:publisher\" content=\"https:\/\/facebook.com\/gaveaNews\/\" \/>\n<meta property=\"article:published_time\" content=\"2024-10-08T11:20:00+00:00\" \/>\n<meta property=\"og:image\" content=\"https:\/\/www.gaveanews.com\/wp-content\/uploads\/Bandeira-do-Vasco-da-Gama.webp\" \/>\n\t<meta property=\"og:image:width\" content=\"1159\" \/>\n\t<meta property=\"og:image:height\" content=\"772\" \/>\n\t<meta property=\"og:image:type\" content=\"image\/webp\" \/>\n<meta name=\"author\" content=\"Emilly Lima\" \/>\n<meta name=\"twitter:card\" content=\"summary_large_image\" \/>\n<meta name=\"twitter:label1\" content=\"Escrito por\" \/>\n\t<meta name=\"twitter:data1\" content=\"Emilly Lima\" \/>\n\t<meta name=\"twitter:label2\" content=\"Est. tempo de leitura\" \/>\n\t<meta name=\"twitter:data2\" content=\"4 minutos\" \/>\n<script type=\"application\/ld+json\" class=\"yoast-schema-graph\">{\"@context\":\"https:\/\/schema.org\",\"@graph\":[{\"@type\":\"NewsArticle\",\"@id\":\"https:\/\/www.gaveanews.com\/index.php\/2024\/10\/08\/ex-donos-da-saf-do-vasco-tomam-atitude-importante-nos-bastidores\/#article\",\"isPartOf\":{\"@id\":\"https:\/\/www.gaveanews.com\/index.php\/2024\/10\/08\/ex-donos-da-saf-do-vasco-tomam-atitude-importante-nos-bastidores\/\"},\"author\":{\"name\":\"Emilly Lima\",\"@id\":\"https:\/\/www.gaveanews.com\/#\/schema\/person\/8597dbe3f4d8513dd20048ce95a1895b\"},\"headline\":\"Ex-donos da SAF do Vasco tomam atitude importante nos bastidores\",\"datePublished\":\"2024-10-08T11:20:00+00:00\",\"mainEntityOfPage\":{\"@id\":\"https:\/\/www.gaveanews.com\/index.php\/2024\/10\/08\/ex-donos-da-saf-do-vasco-tomam-atitude-importante-nos-bastidores\/\"},\"wordCount\":550,\"commentCount\":0,\"image\":{\"@id\":\"https:\/\/www.gaveanews.com\/index.php\/2024\/10\/08\/ex-donos-da-saf-do-vasco-tomam-atitude-importante-nos-bastidores\/#primaryimage\"},\"thumbnailUrl\":\"https:\/\/www.gaveanews.com\/wp-content\/uploads\/Bandeira-do-Vasco-da-Gama.webp\",\"articleSection\":[\"Vasco\"],\"inLanguage\":\"pt-BR\",\"potentialAction\":[{\"@type\":\"CommentAction\",\"name\":\"Comment\",\"target\":[\"https:\/\/www.gaveanews.com\/index.php\/2024\/10\/08\/ex-donos-da-saf-do-vasco-tomam-atitude-importante-nos-bastidores\/#respond\"]}],\"copyrightYear\":\"2024\",\"copyrightHolder\":{\"@id\":\"https:\/\/www.gaveanews.com\/#organization\"}},{\"@type\":\"WebPage\",\"@id\":\"https:\/\/www.gaveanews.com\/index.php\/2024\/10\/08\/ex-donos-da-saf-do-vasco-tomam-atitude-importante-nos-bastidores\/\",\"url\":\"https:\/\/www.gaveanews.com\/index.php\/2024\/10\/08\/ex-donos-da-saf-do-vasco-tomam-atitude-importante-nos-bastidores\/\",\"name\":\"Ex-donos da SAF do Vasco tomam atitude importante nos bastidores\",\"isPartOf\":{\"@id\":\"https:\/\/www.gaveanews.com\/#website\"},\"primaryImageOfPage\":{\"@id\":\"https:\/\/www.gaveanews.com\/index.php\/2024\/10\/08\/ex-donos-da-saf-do-vasco-tomam-atitude-importante-nos-bastidores\/#primaryimage\"},\"image\":{\"@id\":\"https:\/\/www.gaveanews.com\/index.php\/2024\/10\/08\/ex-donos-da-saf-do-vasco-tomam-atitude-importante-nos-bastidores\/#primaryimage\"},\"thumbnailUrl\":\"https:\/\/www.gaveanews.com\/wp-content\/uploads\/Bandeira-do-Vasco-da-Gama.webp\",\"datePublished\":\"2024-10-08T11:20:00+00:00\",\"author\":{\"@id\":\"https:\/\/www.gaveanews.com\/#\/schema\/person\/8597dbe3f4d8513dd20048ce95a1895b\"},\"breadcrumb\":{\"@id\":\"https:\/\/www.gaveanews.com\/index.php\/2024\/10\/08\/ex-donos-da-saf-do-vasco-tomam-atitude-importante-nos-bastidores\/#breadcrumb\"},\"inLanguage\":\"pt-BR\",\"potentialAction\":[{\"@type\":\"ReadAction\",\"target\":[\"https:\/\/www.gaveanews.com\/index.php\/2024\/10\/08\/ex-donos-da-saf-do-vasco-tomam-atitude-importante-nos-bastidores\/\"]}]},{\"@type\":\"ImageObject\",\"inLanguage\":\"pt-BR\",\"@id\":\"https:\/\/www.gaveanews.com\/index.php\/2024\/10\/08\/ex-donos-da-saf-do-vasco-tomam-atitude-importante-nos-bastidores\/#primaryimage\",\"url\":\"https:\/\/www.gaveanews.com\/wp-content\/uploads\/Bandeira-do-Vasco-da-Gama.webp\",\"contentUrl\":\"https:\/\/www.gaveanews.com\/wp-content\/uploads\/Bandeira-do-Vasco-da-Gama.webp\",\"width\":1159,\"height\":772,\"caption\":\"Bandeira do Vasco da Gama (Foto: Reprodu\u00e7\u00e3o\/Vasco)\"},{\"@type\":\"BreadcrumbList\",\"@id\":\"https:\/\/www.gaveanews.com\/index.php\/2024\/10\/08\/ex-donos-da-saf-do-vasco-tomam-atitude-importante-nos-bastidores\/#breadcrumb\",\"itemListElement\":[{\"@type\":\"ListItem\",\"position\":1,\"name\":\"Home\",\"item\":\"https:\/\/www.gaveanews.com\/\"},{\"@type\":\"ListItem\",\"position\":2,\"name\":\"Ex-donos da SAF do Vasco tomam atitude importante nos bastidores\"}]},{\"@type\":\"WebSite\",\"@id\":\"https:\/\/www.gaveanews.com\/#website\",\"url\":\"https:\/\/www.gaveanews.com\/\",\"name\":\"G\u00e1vea News\",\"description\":\"Veja todas as not\u00edcias sobre o Flamengo: Contrata\u00e7\u00f5es, categorias de base, resultados das partidas, tabela de classifica\u00e7\u00e3o, pr\u00f3ximos jogos!\",\"potentialAction\":[{\"@type\":\"SearchAction\",\"target\":{\"@type\":\"EntryPoint\",\"urlTemplate\":\"https:\/\/www.gaveanews.com\/?s={search_term_string}\"},\"query-input\":{\"@type\":\"PropertyValueSpecification\",\"valueRequired\":true,\"valueName\":\"search_term_string\"}}],\"inLanguage\":\"pt-BR\"},{\"@type\":\"Person\",\"@id\":\"https:\/\/www.gaveanews.com\/#\/schema\/person\/8597dbe3f4d8513dd20048ce95a1895b\",\"name\":\"Emilly Lima\",\"image\":{\"@type\":\"ImageObject\",\"inLanguage\":\"pt-BR\",\"@id\":\"https:\/\/www.gaveanews.com\/#\/schema\/person\/image\/\",\"url\":\"https:\/\/secure.gravatar.com\/avatar\/ddb4d0548bae01de3cb52e0fe30386754e9c41797565aa0a5bf4440ab4f7c0be?s=96&d=mm&r=g\",\"contentUrl\":\"https:\/\/secure.gravatar.com\/avatar\/ddb4d0548bae01de3cb52e0fe30386754e9c41797565aa0a5bf4440ab4f7c0be?s=96&d=mm&r=g\",\"caption\":\"Emilly Lima\"}}]}<\/script>\n<!-- \/ Yoast SEO Premium plugin. -->","yoast_head_json":{"title":"Ex-donos da SAF do Vasco tomam atitude importante nos bastidores","robots":{"index":"index","follow":"follow","max-snippet":"max-snippet:-1","max-image-preview":"max-image-preview:large","max-video-preview":"max-video-preview:-1"},"canonical":"https:\/\/www.gaveanews.com\/index.php\/2024\/10\/08\/ex-donos-da-saf-do-vasco-tomam-atitude-importante-nos-bastidores\/","og_locale":"pt_BR","og_type":"article","og_title":"Ex-donos da SAF do Vasco tomam atitude importante nos bastidores","og_description":"A 777 Partners \u00e9 uma empresa de investimentos privados sediada em Miami, nos Estados Unidos e que atualmente est\u00e1 afastada do controle do futebol do Vasco, colocou mais um de seus clubes \u00e0 venda na Europa. N\u00e3o alcan\u00e7ou o sucesso esperado pela empresa O time mencionado \u00e9 o Genoa, da It\u00e1lia, que agora est\u00e1 em [&hellip;]","og_url":"https:\/\/www.gaveanews.com\/index.php\/2024\/10\/08\/ex-donos-da-saf-do-vasco-tomam-atitude-importante-nos-bastidores\/","og_site_name":"G\u00e1vea News","article_publisher":"https:\/\/facebook.com\/gaveaNews\/","article_published_time":"2024-10-08T11:20:00+00:00","og_image":[{"width":1159,"height":772,"url":"https:\/\/www.gaveanews.com\/wp-content\/uploads\/Bandeira-do-Vasco-da-Gama.webp","type":"image\/webp"}],"author":"Emilly Lima","twitter_card":"summary_large_image","twitter_misc":{"Escrito por":"Emilly Lima","Est. tempo de leitura":"4 minutos"},"schema":{"@context":"https:\/\/schema.org","@graph":[{"@type":"NewsArticle","@id":"https:\/\/www.gaveanews.com\/index.php\/2024\/10\/08\/ex-donos-da-saf-do-vasco-tomam-atitude-importante-nos-bastidores\/#article","isPartOf":{"@id":"https:\/\/www.gaveanews.com\/index.php\/2024\/10\/08\/ex-donos-da-saf-do-vasco-tomam-atitude-importante-nos-bastidores\/"},"author":{"name":"Emilly Lima","@id":"https:\/\/www.gaveanews.com\/#\/schema\/person\/8597dbe3f4d8513dd20048ce95a1895b"},"headline":"Ex-donos da SAF do Vasco tomam atitude importante nos bastidores","datePublished":"2024-10-08T11:20:00+00:00","mainEntityOfPage":{"@id":"https:\/\/www.gaveanews.com\/index.php\/2024\/10\/08\/ex-donos-da-saf-do-vasco-tomam-atitude-importante-nos-bastidores\/"},"wordCount":550,"commentCount":0,"image":{"@id":"https:\/\/www.gaveanews.com\/index.php\/2024\/10\/08\/ex-donos-da-saf-do-vasco-tomam-atitude-importante-nos-bastidores\/#primaryimage"},"thumbnailUrl":"https:\/\/www.gaveanews.com\/wp-content\/uploads\/Bandeira-do-Vasco-da-Gama.webp","articleSection":["Vasco"],"inLanguage":"pt-BR","potentialAction":[{"@type":"CommentAction","name":"Comment","target":["https:\/\/www.gaveanews.com\/index.php\/2024\/10\/08\/ex-donos-da-saf-do-vasco-tomam-atitude-importante-nos-bastidores\/#respond"]}],"copyrightYear":"2024","copyrightHolder":{"@id":"https:\/\/www.gaveanews.com\/#organization"}},{"@type":"WebPage","@id":"https:\/\/www.gaveanews.com\/index.php\/2024\/10\/08\/ex-donos-da-saf-do-vasco-tomam-atitude-importante-nos-bastidores\/","url":"https:\/\/www.gaveanews.com\/index.php\/2024\/10\/08\/ex-donos-da-saf-do-vasco-tomam-atitude-importante-nos-bastidores\/","name":"Ex-donos da SAF do Vasco tomam atitude importante nos bastidores","isPartOf":{"@id":"https:\/\/www.gaveanews.com\/#website"},"primaryImageOfPage":{"@id":"https:\/\/www.gaveanews.com\/index.php\/2024\/10\/08\/ex-donos-da-saf-do-vasco-tomam-atitude-importante-nos-bastidores\/#primaryimage"},"image":{"@id":"https:\/\/www.gaveanews.com\/index.php\/2024\/10\/08\/ex-donos-da-saf-do-vasco-tomam-atitude-importante-nos-bastidores\/#primaryimage"},"thumbnailUrl":"https:\/\/www.gaveanews.com\/wp-content\/uploads\/Bandeira-do-Vasco-da-Gama.webp","datePublished":"2024-10-08T11:20:00+00:00","author":{"@id":"https:\/\/www.gaveanews.com\/#\/schema\/person\/8597dbe3f4d8513dd20048ce95a1895b"},"breadcrumb":{"@id":"https:\/\/www.gaveanews.com\/index.php\/2024\/10\/08\/ex-donos-da-saf-do-vasco-tomam-atitude-importante-nos-bastidores\/#breadcrumb"},"inLanguage":"pt-BR","potentialAction":[{"@type":"ReadAction","target":["https:\/\/www.gaveanews.com\/index.php\/2024\/10\/08\/ex-donos-da-saf-do-vasco-tomam-atitude-importante-nos-bastidores\/"]}]},{"@type":"ImageObject","inLanguage":"pt-BR","@id":"https:\/\/www.gaveanews.com\/index.php\/2024\/10\/08\/ex-donos-da-saf-do-vasco-tomam-atitude-importante-nos-bastidores\/#primaryimage","url":"https:\/\/www.gaveanews.com\/wp-content\/uploads\/Bandeira-do-Vasco-da-Gama.webp","contentUrl":"https:\/\/www.gaveanews.com\/wp-content\/uploads\/Bandeira-do-Vasco-da-Gama.webp","width":1159,"height":772,"caption":"Bandeira do Vasco da Gama (Foto: Reprodu\u00e7\u00e3o\/Vasco)"},{"@type":"BreadcrumbList","@id":"https:\/\/www.gaveanews.com\/index.php\/2024\/10\/08\/ex-donos-da-saf-do-vasco-tomam-atitude-importante-nos-bastidores\/#breadcrumb","itemListElement":[{"@type":"ListItem","position":1,"name":"Home","item":"https:\/\/www.gaveanews.com\/"},{"@type":"ListItem","position":2,"name":"Ex-donos da SAF do Vasco tomam atitude importante nos bastidores"}]},{"@type":"WebSite","@id":"https:\/\/www.gaveanews.com\/#website","url":"https:\/\/www.gaveanews.com\/","name":"G\u00e1vea News","description":"Veja todas as not\u00edcias sobre o Flamengo: Contrata\u00e7\u00f5es, categorias de base, resultados das partidas, tabela de classifica\u00e7\u00e3o, pr\u00f3ximos jogos!","potentialAction":[{"@type":"SearchAction","target":{"@type":"EntryPoint","urlTemplate":"https:\/\/www.gaveanews.com\/?s={search_term_string}"},"query-input":{"@type":"PropertyValueSpecification","valueRequired":true,"valueName":"search_term_string"}}],"inLanguage":"pt-BR"},{"@type":"Person","@id":"https:\/\/www.gaveanews.com\/#\/schema\/person\/8597dbe3f4d8513dd20048ce95a1895b","name":"Emilly Lima","image":{"@type":"ImageObject","inLanguage":"pt-BR","@id":"https:\/\/www.gaveanews.com\/#\/schema\/person\/image\/","url":"https:\/\/secure.gravatar.com\/avatar\/ddb4d0548bae01de3cb52e0fe30386754e9c41797565aa0a5bf4440ab4f7c0be?s=96&d=mm&r=g","contentUrl":"https:\/\/secure.gravatar.com\/avatar\/ddb4d0548bae01de3cb52e0fe30386754e9c41797565aa0a5bf4440ab4f7c0be?s=96&d=mm&r=g","caption":"Emilly Lima"}}]}},"_links":{"self":[{"href":"https:\/\/www.gaveanews.com\/index.php\/wp-json\/wp\/v2\/posts\/172434","targetHints":{"allow":["GET"]}}],"collection":[{"href":"https:\/\/www.gaveanews.com\/index.php\/wp-json\/wp\/v2\/posts"}],"about":[{"href":"https:\/\/www.gaveanews.com\/index.php\/wp-json\/wp\/v2\/types\/post"}],"author":[{"embeddable":true,"href":"https:\/\/www.gaveanews.com\/index.php\/wp-json\/wp\/v2\/users\/22"}],"replies":[{"embeddable":true,"href":"https:\/\/www.gaveanews.com\/index.php\/wp-json\/wp\/v2\/comments?post=172434"}],"version-history":[{"count":1,"href":"https:\/\/www.gaveanews.com\/index.php\/wp-json\/wp\/v2\/posts\/172434\/revisions"}],"predecessor-version":[{"id":172456,"href":"https:\/\/www.gaveanews.com\/index.php\/wp-json\/wp\/v2\/posts\/172434\/revisions\/172456"}],"wp:featuredmedia":[{"embeddable":true,"href":"https:\/\/www.gaveanews.com\/index.php\/wp-json\/wp\/v2\/media\/152090"}],"wp:attachment":[{"href":"https:\/\/www.gaveanews.com\/index.php\/wp-json\/wp\/v2\/media?parent=172434"}],"wp:term":[{"taxonomy":"category","embeddable":true,"href":"https:\/\/www.gaveanews.com\/index.php\/wp-json\/wp\/v2\/categories?post=172434"},{"taxonomy":"post_tag","embeddable":true,"href":"https:\/\/www.gaveanews.com\/index.php\/wp-json\/wp\/v2\/tags?post=172434"}],"curies":[{"name":"wp","href":"https:\/\/api.w.org\/{rel}","templated":true}]}}