{"id":172503,"date":"2024-10-08T12:15:00","date_gmt":"2024-10-08T15:15:00","guid":{"rendered":"https:\/\/www.gaveanews.com\/?p=172503"},"modified":"2024-10-08T11:29:28","modified_gmt":"2024-10-08T14:29:28","slug":"ele-e-o-unico-brasileiro-autorizado-a-visitar-schumacher","status":"publish","type":"post","link":"https:\/\/www.gaveanews.com\/index.php\/2024\/10\/08\/ele-e-o-unico-brasileiro-autorizado-a-visitar-schumacher\/","title":{"rendered":"Ele \u00e9 o \u00fanico brasileiro autorizado a visitar Schumacher"},"content":{"rendered":"\n<h2 class=\"wp-block-heading\" id=\"h-michael-schumacher-familia-mantem-sigilo-sobre-estado-de-saude-do-ex-piloto-11-anos-apos-o-acidente\">Michael Schumacher: fam\u00edlia mant\u00e9m sigilo sobre estado de sa\u00fade do ex-piloto 11 anos ap\u00f3s o acidente<\/h2>\n\n\n\n<p>Desde o acidente de esqui ocorrido em 29 de dezembro de 2013, Michael Schumacher, heptacampe\u00e3o de F\u00f3rmula 1, n\u00e3o apareceu mais em p\u00fablico. Na \u00e9poca, o ex-piloto alem\u00e3o tinha 44 anos, e a fam\u00edlia optou por manter seu estado de sa\u00fade em sigilo desde ent\u00e3o. Felipe Massa, ex-companheiro de equipe, \u00e9 o \u00fanico brasileiro autorizado a visit\u00e1-lo, fazendo parte de um pequeno grupo de pessoas que t\u00eam acesso ao heptacampe\u00e3o.<\/p>\n\n\n\n<ul class=\"wp-block-list\">\n<li><a href=\"https:\/\/www.gaveanews.com\/index.php\/2024\/09\/05\/estratosferico-veja-o-valor-do-novo-carro-de-fernando-alonso\/\">Estratosf\u00e9rico! Veja o valor do novo carro de Fernando Alonso<\/a><\/li>\n\n\n\n<li><a href=\"https:\/\/www.gaveanews.com\/index.php\/2024\/10\/04\/fornecedora-de-motores-deixa-a-formula-1\/\">Fornecedora de motores deixa a F\u00f3rmula 1<\/a><\/li>\n<\/ul>\n\n\n\n<p>O acesso a Schumacher \u00e9 extremamente restrito, limitado a um pequeno c\u00edrculo de pessoas pr\u00f3ximas. Entre os visitantes autorizados est\u00e3o, al\u00e9m de Massa, Luca Badoer, piloto de testes da Ferrari durante a passagem de Schumacher pela escuderia italiana, e Jean Todt, ex-chefe da Ferrari e amigo de longa data do piloto. Essas informa\u00e7\u00f5es foram divulgadas pelo portal espanhol GP Blog, que tamb\u00e9m refor\u00e7ou que o estado de sa\u00fade do ex-piloto continua sendo uma quest\u00e3o familiar.<\/p>\n\n\n\n<p>Em 2023, Jean Todt comentou sobre a situa\u00e7\u00e3o de Schumacher em uma entrevista ao jornal franc\u00eas L\u2019Equipe. Na ocasi\u00e3o, Todt ressaltou que o alem\u00e3o n\u00e3o \u00e9 mais o mesmo ap\u00f3s o acidente, mas que continua cercado pelo apoio constante da esposa e dos filhos.<\/p>\n\n\n\n<p>\u201cMichael est\u00e1 aqui, ent\u00e3o n\u00e3o sinto falta dele. Mas ele n\u00e3o \u00e9 mais o mesmo Michael. Ele est\u00e1 diferente e \u00e9 maravilhosamente guiado por sua esposa e filhos que cuidam dele\u201d, disse Todt, ressaltando o papel da fam\u00edlia no cuidado com o ex-piloto.<\/p>\n\n\n\n<p>Al\u00e9m de Todt, Felipe Massa tamb\u00e9m j\u00e1 expressou em entrevistas seu respeito \u00e0 privacidade mantida pela fam\u00edlia Schumacher e a gratid\u00e3o por poder visit\u00e1-lo. Massa, que sempre demonstrou uma forte amizade com o ex-piloto, \u00e9 uma das poucas personalidades do automobilismo que t\u00eam a permiss\u00e3o para ver Schumacher.<\/p>\n\n\n\n<p>Recentemente, uma poss\u00edvel apari\u00e7\u00e3o p\u00fablica de Schumacher chamou aten\u00e7\u00e3o. De acordo com o jornal alem\u00e3o Bild, o ex-piloto teria comparecido ao casamento de sua filha, Gina-Maria Schumacher, uma atleta de hipismo, que aconteceu em Port d\u2019Andratx, na Espanha. O evento, realizado em setembro de 2024, marcaria a primeira vez que Schumacher foi visto publicamente desde o acidente, mas a fam\u00edlia n\u00e3o confirmou oficialmente a presen\u00e7a.<\/p>\n","protected":false},"excerpt":{"rendered":"<p>Michael Schumacher: fam\u00edlia mant\u00e9m sigilo sobre estado de sa\u00fade do ex-piloto 11 anos ap\u00f3s o acidente Desde o acidente de esqui ocorrido em 29 de dezembro de 2013, Michael Schumacher, heptacampe\u00e3o de F\u00f3rmula 1, n\u00e3o apareceu mais em p\u00fablico. Na \u00e9poca, o ex-piloto alem\u00e3o tinha 44 anos, e a fam\u00edlia optou por manter seu estado [&hellip;]<\/p>\n","protected":false},"author":20,"featured_media":121650,"comment_status":"open","ping_status":"closed","sticky":false,"template":"","format":"standard","meta":{"footnotes":""},"categories":[451],"tags":[],"class_list":["post-172503","post","type-post","status-publish","format-standard","has-post-thumbnail","hentry","category-f1"],"yoast_head":"<!-- This site is optimized with the Yoast SEO Premium plugin v24.2 (Yoast SEO v26.9) - https:\/\/yoast.com\/product\/yoast-seo-premium-wordpress\/ -->\n<title>Ele \u00e9 o \u00fanico brasileiro autorizado a visitar Schumacher<\/title>\n<meta name=\"robots\" content=\"index, follow, max-snippet:-1, max-image-preview:large, max-video-preview:-1\" \/>\n<link rel=\"canonical\" href=\"https:\/\/www.gaveanews.com\/index.php\/2024\/10\/08\/ele-e-o-unico-brasileiro-autorizado-a-visitar-schumacher\/\" \/>\n<meta property=\"og:locale\" content=\"pt_BR\" \/>\n<meta property=\"og:type\" content=\"article\" \/>\n<meta property=\"og:title\" content=\"Ele \u00e9 o \u00fanico brasileiro autorizado a visitar Schumacher\" \/>\n<meta property=\"og:description\" content=\"Michael Schumacher: fam\u00edlia mant\u00e9m sigilo sobre estado de sa\u00fade do ex-piloto 11 anos ap\u00f3s o acidente Desde o acidente de esqui ocorrido em 29 de dezembro de 2013, Michael Schumacher, heptacampe\u00e3o de F\u00f3rmula 1, n\u00e3o apareceu mais em p\u00fablico. Na \u00e9poca, o ex-piloto alem\u00e3o tinha 44 anos, e a fam\u00edlia optou por manter seu estado [&hellip;]\" \/>\n<meta property=\"og:url\" content=\"https:\/\/www.gaveanews.com\/index.php\/2024\/10\/08\/ele-e-o-unico-brasileiro-autorizado-a-visitar-schumacher\/\" \/>\n<meta property=\"og:site_name\" content=\"G\u00e1vea News\" \/>\n<meta property=\"article:publisher\" content=\"https:\/\/facebook.com\/gaveaNews\/\" \/>\n<meta property=\"article:published_time\" content=\"2024-10-08T15:15:00+00:00\" \/>\n<meta property=\"og:image\" content=\"https:\/\/www.gaveanews.com\/wp-content\/uploads\/f1.webp\" \/>\n\t<meta property=\"og:image:width\" content=\"1280\" \/>\n\t<meta property=\"og:image:height\" content=\"720\" \/>\n\t<meta property=\"og:image:type\" content=\"image\/webp\" \/>\n<meta name=\"author\" content=\"Lucas Barros\" \/>\n<meta name=\"twitter:card\" content=\"summary_large_image\" \/>\n<meta name=\"twitter:label1\" content=\"Escrito por\" \/>\n\t<meta name=\"twitter:data1\" content=\"Lucas Barros\" \/>\n\t<meta name=\"twitter:label2\" content=\"Est. tempo de leitura\" \/>\n\t<meta name=\"twitter:data2\" content=\"3 minutos\" \/>\n<script type=\"application\/ld+json\" class=\"yoast-schema-graph\">{\"@context\":\"https:\/\/schema.org\",\"@graph\":[{\"@type\":\"NewsArticle\",\"@id\":\"https:\/\/www.gaveanews.com\/index.php\/2024\/10\/08\/ele-e-o-unico-brasileiro-autorizado-a-visitar-schumacher\/#article\",\"isPartOf\":{\"@id\":\"https:\/\/www.gaveanews.com\/index.php\/2024\/10\/08\/ele-e-o-unico-brasileiro-autorizado-a-visitar-schumacher\/\"},\"author\":{\"name\":\"Lucas Barros\",\"@id\":\"https:\/\/www.gaveanews.com\/#\/schema\/person\/2abf0cfa878f5f899daa5f781e82264c\"},\"headline\":\"Ele \u00e9 o \u00fanico brasileiro autorizado a visitar Schumacher\",\"datePublished\":\"2024-10-08T15:15:00+00:00\",\"mainEntityOfPage\":{\"@id\":\"https:\/\/www.gaveanews.com\/index.php\/2024\/10\/08\/ele-e-o-unico-brasileiro-autorizado-a-visitar-schumacher\/\"},\"wordCount\":424,\"commentCount\":0,\"image\":{\"@id\":\"https:\/\/www.gaveanews.com\/index.php\/2024\/10\/08\/ele-e-o-unico-brasileiro-autorizado-a-visitar-schumacher\/#primaryimage\"},\"thumbnailUrl\":\"https:\/\/www.gaveanews.com\/wp-content\/uploads\/f1.webp\",\"articleSection\":[\"F1\"],\"inLanguage\":\"pt-BR\",\"potentialAction\":[{\"@type\":\"CommentAction\",\"name\":\"Comment\",\"target\":[\"https:\/\/www.gaveanews.com\/index.php\/2024\/10\/08\/ele-e-o-unico-brasileiro-autorizado-a-visitar-schumacher\/#respond\"]}],\"copyrightYear\":\"2024\",\"copyrightHolder\":{\"@id\":\"https:\/\/www.gaveanews.com\/#organization\"}},{\"@type\":\"WebPage\",\"@id\":\"https:\/\/www.gaveanews.com\/index.php\/2024\/10\/08\/ele-e-o-unico-brasileiro-autorizado-a-visitar-schumacher\/\",\"url\":\"https:\/\/www.gaveanews.com\/index.php\/2024\/10\/08\/ele-e-o-unico-brasileiro-autorizado-a-visitar-schumacher\/\",\"name\":\"Ele \u00e9 o \u00fanico brasileiro autorizado a visitar Schumacher\",\"isPartOf\":{\"@id\":\"https:\/\/www.gaveanews.com\/#website\"},\"primaryImageOfPage\":{\"@id\":\"https:\/\/www.gaveanews.com\/index.php\/2024\/10\/08\/ele-e-o-unico-brasileiro-autorizado-a-visitar-schumacher\/#primaryimage\"},\"image\":{\"@id\":\"https:\/\/www.gaveanews.com\/index.php\/2024\/10\/08\/ele-e-o-unico-brasileiro-autorizado-a-visitar-schumacher\/#primaryimage\"},\"thumbnailUrl\":\"https:\/\/www.gaveanews.com\/wp-content\/uploads\/f1.webp\",\"datePublished\":\"2024-10-08T15:15:00+00:00\",\"author\":{\"@id\":\"https:\/\/www.gaveanews.com\/#\/schema\/person\/2abf0cfa878f5f899daa5f781e82264c\"},\"breadcrumb\":{\"@id\":\"https:\/\/www.gaveanews.com\/index.php\/2024\/10\/08\/ele-e-o-unico-brasileiro-autorizado-a-visitar-schumacher\/#breadcrumb\"},\"inLanguage\":\"pt-BR\",\"potentialAction\":[{\"@type\":\"ReadAction\",\"target\":[\"https:\/\/www.gaveanews.com\/index.php\/2024\/10\/08\/ele-e-o-unico-brasileiro-autorizado-a-visitar-schumacher\/\"]}]},{\"@type\":\"ImageObject\",\"inLanguage\":\"pt-BR\",\"@id\":\"https:\/\/www.gaveanews.com\/index.php\/2024\/10\/08\/ele-e-o-unico-brasileiro-autorizado-a-visitar-schumacher\/#primaryimage\",\"url\":\"https:\/\/www.gaveanews.com\/wp-content\/uploads\/f1.webp\",\"contentUrl\":\"https:\/\/www.gaveanews.com\/wp-content\/uploads\/f1.webp\",\"width\":1280,\"height\":720,\"caption\":\"Logo da Formula 1 (Foto: Reprodu\u00e7\u00e3o)\"},{\"@type\":\"BreadcrumbList\",\"@id\":\"https:\/\/www.gaveanews.com\/index.php\/2024\/10\/08\/ele-e-o-unico-brasileiro-autorizado-a-visitar-schumacher\/#breadcrumb\",\"itemListElement\":[{\"@type\":\"ListItem\",\"position\":1,\"name\":\"Home\",\"item\":\"https:\/\/www.gaveanews.com\/\"},{\"@type\":\"ListItem\",\"position\":2,\"name\":\"Ele \u00e9 o \u00fanico brasileiro autorizado a visitar Schumacher\"}]},{\"@type\":\"WebSite\",\"@id\":\"https:\/\/www.gaveanews.com\/#website\",\"url\":\"https:\/\/www.gaveanews.com\/\",\"name\":\"G\u00e1vea News\",\"description\":\"Veja todas as not\u00edcias sobre o Flamengo: Contrata\u00e7\u00f5es, categorias de base, resultados das partidas, tabela de classifica\u00e7\u00e3o, pr\u00f3ximos jogos!\",\"potentialAction\":[{\"@type\":\"SearchAction\",\"target\":{\"@type\":\"EntryPoint\",\"urlTemplate\":\"https:\/\/www.gaveanews.com\/?s={search_term_string}\"},\"query-input\":{\"@type\":\"PropertyValueSpecification\",\"valueRequired\":true,\"valueName\":\"search_term_string\"}}],\"inLanguage\":\"pt-BR\"},{\"@type\":\"Person\",\"@id\":\"https:\/\/www.gaveanews.com\/#\/schema\/person\/2abf0cfa878f5f899daa5f781e82264c\",\"name\":\"Lucas Barros\",\"image\":{\"@type\":\"ImageObject\",\"inLanguage\":\"pt-BR\",\"@id\":\"https:\/\/www.gaveanews.com\/#\/schema\/person\/image\/\",\"url\":\"https:\/\/secure.gravatar.com\/avatar\/67a6069eba66bf6fd7c80b70e1331baa3dbc3d6df5012d5c22eff29c7d59e0b0?s=96&d=mm&r=g\",\"contentUrl\":\"https:\/\/secure.gravatar.com\/avatar\/67a6069eba66bf6fd7c80b70e1331baa3dbc3d6df5012d5c22eff29c7d59e0b0?s=96&d=mm&r=g\",\"caption\":\"Lucas Barros\"}}]}<\/script>\n<!-- \/ Yoast SEO Premium plugin. -->","yoast_head_json":{"title":"Ele \u00e9 o \u00fanico brasileiro autorizado a visitar Schumacher","robots":{"index":"index","follow":"follow","max-snippet":"max-snippet:-1","max-image-preview":"max-image-preview:large","max-video-preview":"max-video-preview:-1"},"canonical":"https:\/\/www.gaveanews.com\/index.php\/2024\/10\/08\/ele-e-o-unico-brasileiro-autorizado-a-visitar-schumacher\/","og_locale":"pt_BR","og_type":"article","og_title":"Ele \u00e9 o \u00fanico brasileiro autorizado a visitar Schumacher","og_description":"Michael Schumacher: fam\u00edlia mant\u00e9m sigilo sobre estado de sa\u00fade do ex-piloto 11 anos ap\u00f3s o acidente Desde o acidente de esqui ocorrido em 29 de dezembro de 2013, Michael Schumacher, heptacampe\u00e3o de F\u00f3rmula 1, n\u00e3o apareceu mais em p\u00fablico. Na \u00e9poca, o ex-piloto alem\u00e3o tinha 44 anos, e a fam\u00edlia optou por manter seu estado [&hellip;]","og_url":"https:\/\/www.gaveanews.com\/index.php\/2024\/10\/08\/ele-e-o-unico-brasileiro-autorizado-a-visitar-schumacher\/","og_site_name":"G\u00e1vea News","article_publisher":"https:\/\/facebook.com\/gaveaNews\/","article_published_time":"2024-10-08T15:15:00+00:00","og_image":[{"width":1280,"height":720,"url":"https:\/\/www.gaveanews.com\/wp-content\/uploads\/f1.webp","type":"image\/webp"}],"author":"Lucas Barros","twitter_card":"summary_large_image","twitter_misc":{"Escrito por":"Lucas Barros","Est. tempo de leitura":"3 minutos"},"schema":{"@context":"https:\/\/schema.org","@graph":[{"@type":"NewsArticle","@id":"https:\/\/www.gaveanews.com\/index.php\/2024\/10\/08\/ele-e-o-unico-brasileiro-autorizado-a-visitar-schumacher\/#article","isPartOf":{"@id":"https:\/\/www.gaveanews.com\/index.php\/2024\/10\/08\/ele-e-o-unico-brasileiro-autorizado-a-visitar-schumacher\/"},"author":{"name":"Lucas Barros","@id":"https:\/\/www.gaveanews.com\/#\/schema\/person\/2abf0cfa878f5f899daa5f781e82264c"},"headline":"Ele \u00e9 o \u00fanico brasileiro autorizado a visitar Schumacher","datePublished":"2024-10-08T15:15:00+00:00","mainEntityOfPage":{"@id":"https:\/\/www.gaveanews.com\/index.php\/2024\/10\/08\/ele-e-o-unico-brasileiro-autorizado-a-visitar-schumacher\/"},"wordCount":424,"commentCount":0,"image":{"@id":"https:\/\/www.gaveanews.com\/index.php\/2024\/10\/08\/ele-e-o-unico-brasileiro-autorizado-a-visitar-schumacher\/#primaryimage"},"thumbnailUrl":"https:\/\/www.gaveanews.com\/wp-content\/uploads\/f1.webp","articleSection":["F1"],"inLanguage":"pt-BR","potentialAction":[{"@type":"CommentAction","name":"Comment","target":["https:\/\/www.gaveanews.com\/index.php\/2024\/10\/08\/ele-e-o-unico-brasileiro-autorizado-a-visitar-schumacher\/#respond"]}],"copyrightYear":"2024","copyrightHolder":{"@id":"https:\/\/www.gaveanews.com\/#organization"}},{"@type":"WebPage","@id":"https:\/\/www.gaveanews.com\/index.php\/2024\/10\/08\/ele-e-o-unico-brasileiro-autorizado-a-visitar-schumacher\/","url":"https:\/\/www.gaveanews.com\/index.php\/2024\/10\/08\/ele-e-o-unico-brasileiro-autorizado-a-visitar-schumacher\/","name":"Ele \u00e9 o \u00fanico brasileiro autorizado a visitar Schumacher","isPartOf":{"@id":"https:\/\/www.gaveanews.com\/#website"},"primaryImageOfPage":{"@id":"https:\/\/www.gaveanews.com\/index.php\/2024\/10\/08\/ele-e-o-unico-brasileiro-autorizado-a-visitar-schumacher\/#primaryimage"},"image":{"@id":"https:\/\/www.gaveanews.com\/index.php\/2024\/10\/08\/ele-e-o-unico-brasileiro-autorizado-a-visitar-schumacher\/#primaryimage"},"thumbnailUrl":"https:\/\/www.gaveanews.com\/wp-content\/uploads\/f1.webp","datePublished":"2024-10-08T15:15:00+00:00","author":{"@id":"https:\/\/www.gaveanews.com\/#\/schema\/person\/2abf0cfa878f5f899daa5f781e82264c"},"breadcrumb":{"@id":"https:\/\/www.gaveanews.com\/index.php\/2024\/10\/08\/ele-e-o-unico-brasileiro-autorizado-a-visitar-schumacher\/#breadcrumb"},"inLanguage":"pt-BR","potentialAction":[{"@type":"ReadAction","target":["https:\/\/www.gaveanews.com\/index.php\/2024\/10\/08\/ele-e-o-unico-brasileiro-autorizado-a-visitar-schumacher\/"]}]},{"@type":"ImageObject","inLanguage":"pt-BR","@id":"https:\/\/www.gaveanews.com\/index.php\/2024\/10\/08\/ele-e-o-unico-brasileiro-autorizado-a-visitar-schumacher\/#primaryimage","url":"https:\/\/www.gaveanews.com\/wp-content\/uploads\/f1.webp","contentUrl":"https:\/\/www.gaveanews.com\/wp-content\/uploads\/f1.webp","width":1280,"height":720,"caption":"Logo da Formula 1 (Foto: Reprodu\u00e7\u00e3o)"},{"@type":"BreadcrumbList","@id":"https:\/\/www.gaveanews.com\/index.php\/2024\/10\/08\/ele-e-o-unico-brasileiro-autorizado-a-visitar-schumacher\/#breadcrumb","itemListElement":[{"@type":"ListItem","position":1,"name":"Home","item":"https:\/\/www.gaveanews.com\/"},{"@type":"ListItem","position":2,"name":"Ele \u00e9 o \u00fanico brasileiro autorizado a visitar Schumacher"}]},{"@type":"WebSite","@id":"https:\/\/www.gaveanews.com\/#website","url":"https:\/\/www.gaveanews.com\/","name":"G\u00e1vea News","description":"Veja todas as not\u00edcias sobre o Flamengo: Contrata\u00e7\u00f5es, categorias de base, resultados das partidas, tabela de classifica\u00e7\u00e3o, pr\u00f3ximos jogos!","potentialAction":[{"@type":"SearchAction","target":{"@type":"EntryPoint","urlTemplate":"https:\/\/www.gaveanews.com\/?s={search_term_string}"},"query-input":{"@type":"PropertyValueSpecification","valueRequired":true,"valueName":"search_term_string"}}],"inLanguage":"pt-BR"},{"@type":"Person","@id":"https:\/\/www.gaveanews.com\/#\/schema\/person\/2abf0cfa878f5f899daa5f781e82264c","name":"Lucas Barros","image":{"@type":"ImageObject","inLanguage":"pt-BR","@id":"https:\/\/www.gaveanews.com\/#\/schema\/person\/image\/","url":"https:\/\/secure.gravatar.com\/avatar\/67a6069eba66bf6fd7c80b70e1331baa3dbc3d6df5012d5c22eff29c7d59e0b0?s=96&d=mm&r=g","contentUrl":"https:\/\/secure.gravatar.com\/avatar\/67a6069eba66bf6fd7c80b70e1331baa3dbc3d6df5012d5c22eff29c7d59e0b0?s=96&d=mm&r=g","caption":"Lucas Barros"}}]}},"_links":{"self":[{"href":"https:\/\/www.gaveanews.com\/index.php\/wp-json\/wp\/v2\/posts\/172503","targetHints":{"allow":["GET"]}}],"collection":[{"href":"https:\/\/www.gaveanews.com\/index.php\/wp-json\/wp\/v2\/posts"}],"about":[{"href":"https:\/\/www.gaveanews.com\/index.php\/wp-json\/wp\/v2\/types\/post"}],"author":[{"embeddable":true,"href":"https:\/\/www.gaveanews.com\/index.php\/wp-json\/wp\/v2\/users\/20"}],"replies":[{"embeddable":true,"href":"https:\/\/www.gaveanews.com\/index.php\/wp-json\/wp\/v2\/comments?post=172503"}],"version-history":[{"count":1,"href":"https:\/\/www.gaveanews.com\/index.php\/wp-json\/wp\/v2\/posts\/172503\/revisions"}],"predecessor-version":[{"id":172504,"href":"https:\/\/www.gaveanews.com\/index.php\/wp-json\/wp\/v2\/posts\/172503\/revisions\/172504"}],"wp:featuredmedia":[{"embeddable":true,"href":"https:\/\/www.gaveanews.com\/index.php\/wp-json\/wp\/v2\/media\/121650"}],"wp:attachment":[{"href":"https:\/\/www.gaveanews.com\/index.php\/wp-json\/wp\/v2\/media?parent=172503"}],"wp:term":[{"taxonomy":"category","embeddable":true,"href":"https:\/\/www.gaveanews.com\/index.php\/wp-json\/wp\/v2\/categories?post=172503"},{"taxonomy":"post_tag","embeddable":true,"href":"https:\/\/www.gaveanews.com\/index.php\/wp-json\/wp\/v2\/tags?post=172503"}],"curies":[{"name":"wp","href":"https:\/\/api.w.org\/{rel}","templated":true}]}}